{"id":116569,"date":"2021-06-16T20:52:30","date_gmt":"2021-06-17T03:52:30","guid":{"rendered":"https:\/\/www.sonoraenequipo.com.mx\/?p=116569"},"modified":"2021-06-16T20:52:30","modified_gmt":"2021-06-17T03:52:30","slug":"posible-cepa-nueva-de-sars-cov2-dispara-contagios-de-covid-19-en-huasabas-y-granados-salud","status":"publish","type":"post","link":"https:\/\/www.sonoraenequipo.com.mx\/posible-cepa-nueva-de-sars-cov2-dispara-contagios-de-covid-19-en-huasabas-y-granados-salud\/","title":{"rendered":"Posible cepa nueva de Sars-Cov2 dispara contagios de COVID-19 en Hu\u00e1sabas y Granados: Salud"},"content":{"rendered":"<p>&nbsp;<\/p>\n<p>&nbsp;<\/p>\n<p>&nbsp;<\/p>\n<p>\u25baVan 22 personas positivas a Coronavirus<\/p>\n<p>\u25baSe contabilizan al menos 34 posibles casos<\/p>\n<p>\u25baSe trabaja en coordinaci\u00f3n con autoridades municipales para contener el brote<\/p>\n<p>\u25baSe estudian contactos en Ures y Agua Prieta<\/p>\n<p>&nbsp;<\/p>\n<p>HERMOSILLO, SONORA,MX.\u2500\u2500<\/p>\n<p>La Secretar\u00eda de Salud en Sonora investiga la posible presencia de una nueva cepa de COVID-19 en la entidad, luego de un brote de casos de la enfermedad en el municipio de Granados, Hu\u00e1sabas y comunidades de la regi\u00f3n, donde se contabilizan al momento 34 casos probables, inform\u00f3 Enrique Clausen Iberri.<\/p>\n<p>&nbsp;<\/p>\n<p>El secretario de Salud explic\u00f3 que de los 34 casos 22 ya se confirmaron positivos, en la citada zona, se cataloga como evento explosivo con riesgo de variante del Sars-CoV-2, por lo que se realizar\u00e1 el estudio gen\u00e9tico para confirmar si existe la presencia de una nueva cepa en la entidad.<\/p>\n<p>&nbsp;<\/p>\n<p>\u201cEl caso primario de Coronavirus es en una mujer de la localidad (Granados) que viaj\u00f3 a Agua Prieta en los d\u00edas previos al 22 de mayo y cuando tuvo una prueba antig\u00e9nica positiva. Posteriormente, algunos de sus contactos intradomiciliarios y cercanos presentaron s\u00edntomas respiratorios y fueron confirmados como casos de COVID-19\u201d, declar\u00f3.<\/p>\n<p>&nbsp;<\/p>\n<p>Clausen Iberri subray\u00f3 que derivado de la notificaci\u00f3n de casos, una brigada de epidemiolog\u00eda de la Jurisdicci\u00f3n Sanitaria No. 1 se traslad\u00f3 a Granados, con el objetivo de realizar una b\u00fasqueda intencionada de casos, establecer medidas de contenci\u00f3n, toma de muestras y promoci\u00f3n a la salud.<\/p>\n<p>&nbsp;<\/p>\n<p>El director General de Promoci\u00f3n a la Salud y Prevenci\u00f3n de Enfermedades de la Secretar\u00eda de Salud en Sonora, Gerardo \u00c1lvarez Hern\u00e1ndez, relat\u00f3 que se tomaron pruebas a pacientes sintom\u00e1ticos y de anticuerpos a aquellos que habr\u00edan presentado s\u00edntomas hasta 10 d\u00edas atr\u00e1s para establecer si padecieron COVID-19.<\/p>\n<p>&nbsp;<\/p>\n<p>\u201cDados los factores de riesgo se\u00f1alados, es muy probable que surjan m\u00e1s casos en Granados, Hu\u00e1sabas y la regi\u00f3n en los d\u00edas pr\u00f3ximos, con riesgo de presentar casos graves y defunciones\u201d, agreg\u00f3.<\/p>\n<p>&nbsp;<\/p>\n<p>Indic\u00f3 que adem\u00e1s de Granados y Hu\u00e1sabas, en Ures y Agua Prieta tambi\u00e9n se est\u00e1 realiza b\u00fasqueda de casos de COVID-19 luego de que personas positivas al virus visitaron estos municipios.<\/p>\n<p>&nbsp;<\/p>\n<p>Se llama a la poblaci\u00f3n de los municipios de esta regi\u00f3n a bajar su movilidad, no visitar otras localidades y al primer s\u00edntoma de la enfermedad acudan por atenci\u00f3n m\u00e9dica para descartar que padezcan la enfermedad, dijo.<\/p>\n<p>&nbsp;<\/p>\n<p>Por \u00faltimo, mencion\u00f3 que un funeral realizado el pasado 6 de junio en Granados es identificado como evento asociado al brote ya que coincidieron en \u00e9l varios de los casos confirmados.<\/p>\n<p>Fecha de Publicaci\u00f3n\u00a0 mi\u00e9rcoles\u00a0 \/ 16\u00a0 \/ junio \/ 2021<\/p>\n","protected":false},"excerpt":{"rendered":"<p>&nbsp; &nbsp; &nbsp; \u25baVan 22 personas positivas a Coronavirus \u25baSe contabilizan al menos 34 posibles&#8230;<\/p>\n","protected":false},"author":1,"featured_media":116570,"comment_status":"open","ping_status":"open","sticky":false,"template":"","format":"standard","meta":{"_monsterinsights_skip_tracking":false,"_monsterinsights_sitenote_active":false,"_monsterinsights_sitenote_note":"","_monsterinsights_sitenote_category":0,"footnotes":""},"categories":[22],"tags":[4249,15],"class_list":["post"],"yoast_head":" \n<title>Sonora en Equipo. Posible cepa nueva de Sars-Cov2 dispara contagios de COVID-19 en Hu\u00e1sabas y Granados: Salud Sonora<\/title>\n<meta name=\"description\" content=\"&nbsp; &nbsp; &nbsp; \u25baVan 22 personas positivas a Coronavirus \u25baSe contabilizan al menos 34 posibles casos \u25baSe trabaja en coordinaci\u00f3n con autoridades En Sonora en Equipo publicamos toda la informaci\u00f3n de Sonora, M\u00e9xico y el Mundo de manera oportuna y busca que la libertad de expresi\u00f3n sea real. Visita nuestro medio informativo publicado desde Hermosillo, Sonora. %\" \/>\n<meta name=\"robots\" content=\"index, follow, max-snippet:-1, max-image-preview:large, max-video-preview:-1\" \/>\n<link rel=\"canonical\" href=\"https:\/\/www.sonoraenequipo.com.mx\/posible-cepa-nueva-de-sars-cov2-dispara-contagios-de-covid-19-en-huasabas-y-granados-salud\/\" \/>\n<meta property=\"og:locale\" content=\"es_ES\" \/>\n<meta property=\"og:type\" content=\"article\" \/>\n<meta property=\"og:title\" content=\"Sonora en Equipo. Posible cepa nueva de Sars-Cov2 dispara contagios de COVID-19 en Hu\u00e1sabas y Granados: Salud Sonora\" \/>\n<meta property=\"og:description\" content=\"&nbsp; &nbsp; &nbsp; \u25baVan 22 personas positivas a Coronavirus \u25baSe contabilizan al menos 34 posibles casos \u25baSe trabaja en coordinaci\u00f3n con autoridades En Sonora en Equipo publicamos toda la informaci\u00f3n de Sonora, M\u00e9xico y el Mundo de manera oportuna y busca que la libertad de expresi\u00f3n sea real. Visita nuestro medio informativo publicado desde Hermosillo, Sonora. %\" \/>\n<meta property=\"og:url\" content=\"https:\/\/www.sonoraenequipo.com.mx\/posible-cepa-nueva-de-sars-cov2-dispara-contagios-de-covid-19-en-huasabas-y-granados-salud\/\" \/>\n<meta property=\"og:site_name\" content=\"Sonora en Equipo.\" \/>\n<meta property=\"article:publisher\" content=\"https:\/\/www.facebook.com\/SonoraEE\/\" \/>\n<meta property=\"article:author\" content=\"https:\/\/www.facebook.com\/SonoraEE\" \/>\n<meta property=\"article:published_time\" content=\"2021-06-17T03:52:30+00:00\" \/>\n<meta property=\"og:image\" content=\"https:\/\/www.sonoraenequipo.com.mx\/storage\/2021\/06\/covid-nueva-cepa.jpg\" \/>\n\t<meta property=\"og:image:width\" content=\"700\" \/>\n\t<meta property=\"og:image:height\" content=\"400\" \/>\n\t<meta property=\"og:image:type\" content=\"image\/jpeg\" \/>\n<meta name=\"author\" content=\"enequipo\" \/>\n<meta name=\"twitter:card\" content=\"summary_large_image\" \/>\n<meta name=\"twitter:creator\" content=\"@sonoraenequipo\" \/>\n<meta name=\"twitter:site\" content=\"@sonoraenequipo\" \/>\n<meta name=\"twitter:label1\" content=\"Escrito por\" \/>\n\t<meta name=\"twitter:data1\" content=\"enequipo\" \/>\n\t<meta name=\"twitter:label2\" content=\"Tiempo de lectura\" \/>\n\t<meta name=\"twitter:data2\" content=\"2 minutos\" \/>\n<script type=\"application\/ld+json\" class=\"yoast-schema-graph\">{\"@context\":\"https:\/\/schema.org\",\"@graph\":[{\"@type\":\"Article\",\"@id\":\"https:\/\/www.sonoraenequipo.com.mx\/posible-cepa-nueva-de-sars-cov2-dispara-contagios-de-covid-19-en-huasabas-y-granados-salud\/#article\",\"isPartOf\":{\"@id\":\"https:\/\/www.sonoraenequipo.com.mx\/posible-cepa-nueva-de-sars-cov2-dispara-contagios-de-covid-19-en-huasabas-y-granados-salud\/\"},\"author\":{\"name\":\"enequipo\",\"@id\":\"https:\/\/www.sonoraenequipo.com.mx\/#\/schema\/person\/50102df0fb23a8fa9e8effad8fa81386\"},\"headline\":\"Posible cepa nueva de Sars-Cov2 dispara contagios de COVID-19 en Hu\u00e1sabas y Granados: Salud\",\"datePublished\":\"2021-06-17T03:52:30+00:00\",\"mainEntityOfPage\":{\"@id\":\"https:\/\/www.sonoraenequipo.com.mx\/posible-cepa-nueva-de-sars-cov2-dispara-contagios-de-covid-19-en-huasabas-y-granados-salud\/\"},\"wordCount\":477,\"commentCount\":0,\"publisher\":{\"@id\":\"https:\/\/www.sonoraenequipo.com.mx\/#organization\"},\"image\":{\"@id\":\"https:\/\/www.sonoraenequipo.com.mx\/posible-cepa-nueva-de-sars-cov2-dispara-contagios-de-covid-19-en-huasabas-y-granados-salud\/#primaryimage\"},\"thumbnailUrl\":\"https:\/\/www.sonoraenequipo.com.mx\/storage\/2021\/06\/covid-nueva-cepa.jpg\",\"keywords\":[\"covid\",\"Sonora\"],\"articleSection\":[\"Sonora\"],\"inLanguage\":\"es\",\"potentialAction\":[{\"@type\":\"CommentAction\",\"name\":\"Comment\",\"target\":[\"https:\/\/www.sonoraenequipo.com.mx\/posible-cepa-nueva-de-sars-cov2-dispara-contagios-de-covid-19-en-huasabas-y-granados-salud\/#respond\"]}]},{\"@type\":\"WebPage\",\"@id\":\"https:\/\/www.sonoraenequipo.com.mx\/posible-cepa-nueva-de-sars-cov2-dispara-contagios-de-covid-19-en-huasabas-y-granados-salud\/\",\"url\":\"https:\/\/www.sonoraenequipo.com.mx\/posible-cepa-nueva-de-sars-cov2-dispara-contagios-de-covid-19-en-huasabas-y-granados-salud\/\",\"name\":\"Sonora en Equipo. Posible cepa nueva de Sars-Cov2 dispara contagios de COVID-19 en Hu\u00e1sabas y Granados: Salud Sonora\",\"isPartOf\":{\"@id\":\"https:\/\/www.sonoraenequipo.com.mx\/#website\"},\"primaryImageOfPage\":{\"@id\":\"https:\/\/www.sonoraenequipo.com.mx\/posible-cepa-nueva-de-sars-cov2-dispara-contagios-de-covid-19-en-huasabas-y-granados-salud\/#primaryimage\"},\"image\":{\"@id\":\"https:\/\/www.sonoraenequipo.com.mx\/posible-cepa-nueva-de-sars-cov2-dispara-contagios-de-covid-19-en-huasabas-y-granados-salud\/#primaryimage\"},\"thumbnailUrl\":\"https:\/\/www.sonoraenequipo.com.mx\/storage\/2021\/06\/covid-nueva-cepa.jpg\",\"datePublished\":\"2021-06-17T03:52:30+00:00\",\"description\":\"&nbsp; &nbsp; &nbsp; \u25baVan 22 personas positivas a Coronavirus \u25baSe contabilizan al menos 34 posibles casos \u25baSe trabaja en coordinaci\u00f3n con autoridades En Sonora en Equipo publicamos toda la informaci\u00f3n de Sonora, M\u00e9xico y el Mundo de manera oportuna y busca que la libertad de expresi\u00f3n sea real. Visita nuestro medio informativo publicado desde Hermosillo, Sonora. %\",\"breadcrumb\":{\"@id\":\"https:\/\/www.sonoraenequipo.com.mx\/posible-cepa-nueva-de-sars-cov2-dispara-contagios-de-covid-19-en-huasabas-y-granados-salud\/#breadcrumb\"},\"inLanguage\":\"es\",\"potentialAction\":[{\"@type\":\"ReadAction\",\"target\":[\"https:\/\/www.sonoraenequipo.com.mx\/posible-cepa-nueva-de-sars-cov2-dispara-contagios-de-covid-19-en-huasabas-y-granados-salud\/\"]}]},{\"@type\":\"ImageObject\",\"inLanguage\":\"es\",\"@id\":\"https:\/\/www.sonoraenequipo.com.mx\/posible-cepa-nueva-de-sars-cov2-dispara-contagios-de-covid-19-en-huasabas-y-granados-salud\/#primaryimage\",\"url\":\"https:\/\/www.sonoraenequipo.com.mx\/storage\/2021\/06\/covid-nueva-cepa.jpg\",\"contentUrl\":\"https:\/\/www.sonoraenequipo.com.mx\/storage\/2021\/06\/covid-nueva-cepa.jpg\",\"width\":700,\"height\":400},{\"@type\":\"BreadcrumbList\",\"@id\":\"https:\/\/www.sonoraenequipo.com.mx\/posible-cepa-nueva-de-sars-cov2-dispara-contagios-de-covid-19-en-huasabas-y-granados-salud\/#breadcrumb\",\"itemListElement\":[{\"@type\":\"ListItem\",\"position\":1,\"name\":\"Portada\",\"item\":\"https:\/\/www.sonoraenequipo.com.mx\/\"},{\"@type\":\"ListItem\",\"position\":2,\"name\":\"Posible cepa nueva de Sars-Cov2 dispara contagios de COVID-19 en Hu\u00e1sabas y Granados: Salud\"}]},{\"@type\":\"WebSite\",\"@id\":\"https:\/\/www.sonoraenequipo.com.mx\/#website\",\"url\":\"https:\/\/www.sonoraenequipo.com.mx\/\",\"name\":\"Sonora en Equipo.\",\"description\":\"Diario en l\u00ednea con Noticias desde Hermosillo, Sonora\",\"publisher\":{\"@id\":\"https:\/\/www.sonoraenequipo.com.mx\/#organization\"},\"potentialAction\":[{\"@type\":\"SearchAction\",\"target\":{\"@type\":\"EntryPoint\",\"urlTemplate\":\"https:\/\/www.sonoraenequipo.com.mx\/?s={search_term_string}\"},\"query-input\":{\"@type\":\"PropertyValueSpecification\",\"valueRequired\":true,\"valueName\":\"search_term_string\"}}],\"inLanguage\":\"es\"},{\"@type\":\"Organization\",\"@id\":\"https:\/\/www.sonoraenequipo.com.mx\/#organization\",\"name\":\"Sonoraenequipo.com.mx\",\"url\":\"https:\/\/www.sonoraenequipo.com.mx\/\",\"logo\":{\"@type\":\"ImageObject\",\"inLanguage\":\"es\",\"@id\":\"https:\/\/www.sonoraenequipo.com.mx\/#\/schema\/logo\/image\/\",\"url\":\"https:\/\/www.sonoraenequipo.com.mx\/storage\/2019\/01\/sonoraenequipo_opt.png\",\"contentUrl\":\"https:\/\/www.sonoraenequipo.com.mx\/storage\/2019\/01\/sonoraenequipo_opt.png\",\"width\":375,\"height\":125,\"caption\":\"Sonoraenequipo.com.mx\"},\"image\":{\"@id\":\"https:\/\/www.sonoraenequipo.com.mx\/#\/schema\/logo\/image\/\"},\"sameAs\":[\"https:\/\/www.facebook.com\/SonoraEE\/\",\"https:\/\/x.com\/sonoraenequipo\",\"https:\/\/www.youtube.com\/channel\/UC338nW-lPEYmJQs4ZABQ1SQ\"]},{\"@type\":\"Person\",\"@id\":\"https:\/\/www.sonoraenequipo.com.mx\/#\/schema\/person\/50102df0fb23a8fa9e8effad8fa81386\",\"name\":\"enequipo\",\"image\":{\"@type\":\"ImageObject\",\"inLanguage\":\"es\",\"@id\":\"https:\/\/www.sonoraenequipo.com.mx\/#\/schema\/person\/image\/\",\"url\":\"https:\/\/secure.gravatar.com\/avatar\/049821681b589dabc0bc20695993ccebb09f5b5d4d790cd9251b97faac7c652b?s=96&d=blank&r=g\",\"contentUrl\":\"https:\/\/secure.gravatar.com\/avatar\/049821681b589dabc0bc20695993ccebb09f5b5d4d790cd9251b97faac7c652b?s=96&d=blank&r=g\",\"caption\":\"enequipo\"},\"sameAs\":[\"https:\/\/www.facebook.com\/SonoraEE\"]}]}<\/script>\n ","yoast_head_json":{"title":"Sonora en Equipo. Posible cepa nueva de Sars-Cov2 dispara contagios de COVID-19 en Hu\u00e1sabas y Granados: Salud Sonora","description":"&nbsp; &nbsp; &nbsp; \u25baVan 22 personas positivas a Coronavirus \u25baSe contabilizan al menos 34 posibles casos \u25baSe trabaja en coordinaci\u00f3n con autoridades En Sonora en Equipo publicamos toda la informaci\u00f3n de Sonora, M\u00e9xico y el Mundo de manera oportuna y busca que la libertad de expresi\u00f3n sea real. Visita nuestro medio informativo publicado desde Hermosillo, Sonora. %","robots":{"index":"index","follow":"follow","max-snippet":"max-snippet:-1","max-image-preview":"max-image-preview:large","max-video-preview":"max-video-preview:-1"},"canonical":"https:\/\/www.sonoraenequipo.com.mx\/posible-cepa-nueva-de-sars-cov2-dispara-contagios-de-covid-19-en-huasabas-y-granados-salud\/","og_locale":"es_ES","og_type":"article","og_title":"Sonora en Equipo. Posible cepa nueva de Sars-Cov2 dispara contagios de COVID-19 en Hu\u00e1sabas y Granados: Salud Sonora","og_description":"&nbsp; &nbsp; &nbsp; \u25baVan 22 personas positivas a Coronavirus \u25baSe contabilizan al menos 34 posibles casos \u25baSe trabaja en coordinaci\u00f3n con autoridades En Sonora en Equipo publicamos toda la informaci\u00f3n de Sonora, M\u00e9xico y el Mundo de manera oportuna y busca que la libertad de expresi\u00f3n sea real. Visita nuestro medio informativo publicado desde Hermosillo, Sonora. %","og_url":"https:\/\/www.sonoraenequipo.com.mx\/posible-cepa-nueva-de-sars-cov2-dispara-contagios-de-covid-19-en-huasabas-y-granados-salud\/","og_site_name":"Sonora en Equipo.","article_publisher":"https:\/\/www.facebook.com\/SonoraEE\/","article_author":"https:\/\/www.facebook.com\/SonoraEE","article_published_time":"2021-06-17T03:52:30+00:00","og_image":[{"width":700,"height":400,"url":"https:\/\/www.sonoraenequipo.com.mx\/storage\/2021\/06\/covid-nueva-cepa.jpg","type":"image\/jpeg"}],"author":"enequipo","twitter_card":"summary_large_image","twitter_creator":"@sonoraenequipo","twitter_site":"@sonoraenequipo","twitter_misc":{"Escrito por":"enequipo","Tiempo de lectura":"2 minutos"},"schema":{"@context":"https:\/\/schema.org","@graph":[{"@type":"Article","@id":"https:\/\/www.sonoraenequipo.com.mx\/posible-cepa-nueva-de-sars-cov2-dispara-contagios-de-covid-19-en-huasabas-y-granados-salud\/#article","isPartOf":{"@id":"https:\/\/www.sonoraenequipo.com.mx\/posible-cepa-nueva-de-sars-cov2-dispara-contagios-de-covid-19-en-huasabas-y-granados-salud\/"},"author":{"name":"enequipo","@id":"https:\/\/www.sonoraenequipo.com.mx\/#\/schema\/person\/50102df0fb23a8fa9e8effad8fa81386"},"headline":"Posible cepa nueva de Sars-Cov2 dispara contagios de COVID-19 en Hu\u00e1sabas y Granados: Salud","datePublished":"2021-06-17T03:52:30+00:00","mainEntityOfPage":{"@id":"https:\/\/www.sonoraenequipo.com.mx\/posible-cepa-nueva-de-sars-cov2-dispara-contagios-de-covid-19-en-huasabas-y-granados-salud\/"},"wordCount":477,"commentCount":0,"publisher":{"@id":"https:\/\/www.sonoraenequipo.com.mx\/#organization"},"image":{"@id":"https:\/\/www.sonoraenequipo.com.mx\/posible-cepa-nueva-de-sars-cov2-dispara-contagios-de-covid-19-en-huasabas-y-granados-salud\/#primaryimage"},"thumbnailUrl":"https:\/\/www.sonoraenequipo.com.mx\/storage\/2021\/06\/covid-nueva-cepa.jpg","keywords":["covid","Sonora"],"articleSection":["Sonora"],"inLanguage":"es","potentialAction":[{"@type":"CommentAction","name":"Comment","target":["https:\/\/www.sonoraenequipo.com.mx\/posible-cepa-nueva-de-sars-cov2-dispara-contagios-de-covid-19-en-huasabas-y-granados-salud\/#respond"]}]},{"@type":"WebPage","@id":"https:\/\/www.sonoraenequipo.com.mx\/posible-cepa-nueva-de-sars-cov2-dispara-contagios-de-covid-19-en-huasabas-y-granados-salud\/","url":"https:\/\/www.sonoraenequipo.com.mx\/posible-cepa-nueva-de-sars-cov2-dispara-contagios-de-covid-19-en-huasabas-y-granados-salud\/","name":"Sonora en Equipo. Posible cepa nueva de Sars-Cov2 dispara contagios de COVID-19 en Hu\u00e1sabas y Granados: Salud Sonora","isPartOf":{"@id":"https:\/\/www.sonoraenequipo.com.mx\/#website"},"primaryImageOfPage":{"@id":"https:\/\/www.sonoraenequipo.com.mx\/posible-cepa-nueva-de-sars-cov2-dispara-contagios-de-covid-19-en-huasabas-y-granados-salud\/#primaryimage"},"image":{"@id":"https:\/\/www.sonoraenequipo.com.mx\/posible-cepa-nueva-de-sars-cov2-dispara-contagios-de-covid-19-en-huasabas-y-granados-salud\/#primaryimage"},"thumbnailUrl":"https:\/\/www.sonoraenequipo.com.mx\/storage\/2021\/06\/covid-nueva-cepa.jpg","datePublished":"2021-06-17T03:52:30+00:00","description":"&nbsp; &nbsp; &nbsp; \u25baVan 22 personas positivas a Coronavirus \u25baSe contabilizan al menos 34 posibles casos \u25baSe trabaja en coordinaci\u00f3n con autoridades En Sonora en Equipo publicamos toda la informaci\u00f3n de Sonora, M\u00e9xico y el Mundo de manera oportuna y busca que la libertad de expresi\u00f3n sea real. Visita nuestro medio informativo publicado desde Hermosillo, Sonora. %","breadcrumb":{"@id":"https:\/\/www.sonoraenequipo.com.mx\/posible-cepa-nueva-de-sars-cov2-dispara-contagios-de-covid-19-en-huasabas-y-granados-salud\/#breadcrumb"},"inLanguage":"es","potentialAction":[{"@type":"ReadAction","target":["https:\/\/www.sonoraenequipo.com.mx\/posible-cepa-nueva-de-sars-cov2-dispara-contagios-de-covid-19-en-huasabas-y-granados-salud\/"]}]},{"@type":"ImageObject","inLanguage":"es","@id":"https:\/\/www.sonoraenequipo.com.mx\/posible-cepa-nueva-de-sars-cov2-dispara-contagios-de-covid-19-en-huasabas-y-granados-salud\/#primaryimage","url":"https:\/\/www.sonoraenequipo.com.mx\/storage\/2021\/06\/covid-nueva-cepa.jpg","contentUrl":"https:\/\/www.sonoraenequipo.com.mx\/storage\/2021\/06\/covid-nueva-cepa.jpg","width":700,"height":400},{"@type":"BreadcrumbList","@id":"https:\/\/www.sonoraenequipo.com.mx\/posible-cepa-nueva-de-sars-cov2-dispara-contagios-de-covid-19-en-huasabas-y-granados-salud\/#breadcrumb","itemListElement":[{"@type":"ListItem","position":1,"name":"Portada","item":"https:\/\/www.sonoraenequipo.com.mx\/"},{"@type":"ListItem","position":2,"name":"Posible cepa nueva de Sars-Cov2 dispara contagios de COVID-19 en Hu\u00e1sabas y Granados: Salud"}]},{"@type":"WebSite","@id":"https:\/\/www.sonoraenequipo.com.mx\/#website","url":"https:\/\/www.sonoraenequipo.com.mx\/","name":"Sonora en Equipo.","description":"Diario en l\u00ednea con Noticias desde Hermosillo, Sonora","publisher":{"@id":"https:\/\/www.sonoraenequipo.com.mx\/#organization"},"potentialAction":[{"@type":"SearchAction","target":{"@type":"EntryPoint","urlTemplate":"https:\/\/www.sonoraenequipo.com.mx\/?s={search_term_string}"},"query-input":{"@type":"PropertyValueSpecification","valueRequired":true,"valueName":"search_term_string"}}],"inLanguage":"es"},{"@type":"Organization","@id":"https:\/\/www.sonoraenequipo.com.mx\/#organization","name":"Sonoraenequipo.com.mx","url":"https:\/\/www.sonoraenequipo.com.mx\/","logo":{"@type":"ImageObject","inLanguage":"es","@id":"https:\/\/www.sonoraenequipo.com.mx\/#\/schema\/logo\/image\/","url":"https:\/\/www.sonoraenequipo.com.mx\/storage\/2019\/01\/sonoraenequipo_opt.png","contentUrl":"https:\/\/www.sonoraenequipo.com.mx\/storage\/2019\/01\/sonoraenequipo_opt.png","width":375,"height":125,"caption":"Sonoraenequipo.com.mx"},"image":{"@id":"https:\/\/www.sonoraenequipo.com.mx\/#\/schema\/logo\/image\/"},"sameAs":["https:\/\/www.facebook.com\/SonoraEE\/","https:\/\/x.com\/sonoraenequipo","https:\/\/www.youtube.com\/channel\/UC338nW-lPEYmJQs4ZABQ1SQ"]},{"@type":"Person","@id":"https:\/\/www.sonoraenequipo.com.mx\/#\/schema\/person\/50102df0fb23a8fa9e8effad8fa81386","name":"enequipo","image":{"@type":"ImageObject","inLanguage":"es","@id":"https:\/\/www.sonoraenequipo.com.mx\/#\/schema\/person\/image\/","url":"https:\/\/secure.gravatar.com\/avatar\/049821681b589dabc0bc20695993ccebb09f5b5d4d790cd9251b97faac7c652b?s=96&d=blank&r=g","contentUrl":"https:\/\/secure.gravatar.com\/avatar\/049821681b589dabc0bc20695993ccebb09f5b5d4d790cd9251b97faac7c652b?s=96&d=blank&r=g","caption":"enequipo"},"sameAs":["https:\/\/www.facebook.com\/SonoraEE"]}]}},"jetpack_featured_media_url":"https:\/\/www.sonoraenequipo.com.mx\/storage\/2021\/06\/covid-nueva-cepa.jpg","_links":{"self":[{"href":"https:\/\/www.sonoraenequipo.com.mx\/api\/wp\/v2\/posts\/116569","targetHints":{"allow":["GET"]}}],"collection":[{"href":"https:\/\/www.sonoraenequipo.com.mx\/api\/wp\/v2\/posts"}],"about":[{"href":"https:\/\/www.sonoraenequipo.com.mx\/api\/wp\/v2\/types\/post"}],"author":[{"embeddable":true,"href":"https:\/\/www.sonoraenequipo.com.mx\/api\/wp\/v2\/users\/1"}],"replies":[{"embeddable":true,"href":"https:\/\/www.sonoraenequipo.com.mx\/api\/wp\/v2\/comments?post=116569"}],"version-history":[{"count":1,"href":"https:\/\/www.sonoraenequipo.com.mx\/api\/wp\/v2\/posts\/116569\/revisions"}],"predecessor-version":[{"id":116571,"href":"https:\/\/www.sonoraenequipo.com.mx\/api\/wp\/v2\/posts\/116569\/revisions\/116571"}],"wp:featuredmedia":[{"embeddable":true,"href":"https:\/\/www.sonoraenequipo.com.mx\/api\/wp\/v2\/media\/116570"}],"wp:attachment":[{"href":"https:\/\/www.sonoraenequipo.com.mx\/api\/wp\/v2\/media?parent=116569"}],"wp:term":[{"taxonomy":"category","embeddable":true,"href":"https:\/\/www.sonoraenequipo.com.mx\/api\/wp\/v2\/categories?post=116569"},{"taxonomy":"post_tag","embeddable":true,"href":"https:\/\/www.sonoraenequipo.com.mx\/api\/wp\/v2\/tags?post=116569"}],"curies":[{"name":"wp","href":"https:\/\/api.w.org\/{rel}","templated":true}]}}