{"id":116572,"date":"2021-06-16T21:21:27","date_gmt":"2021-06-17T04:21:27","guid":{"rendered":"https:\/\/www.sonoraenequipo.com.mx\/?p=116572"},"modified":"2021-06-16T21:21:27","modified_gmt":"2021-06-17T04:21:27","slug":"celebra-alcalde-de-hermosillo-toma-de-protesta-de-primera-rectora-de-la-unison","status":"publish","type":"post","link":"https:\/\/www.sonoraenequipo.com.mx\/celebra-alcalde-de-hermosillo-toma-de-protesta-de-primera-rectora-de-la-unison\/","title":{"rendered":"Celebra Alcalde de Hermosillo toma de protesta de primera Rectora de la UNISON"},"content":{"rendered":"<p>HERMOSILLO, SONORA,MX.\u2500\u2500 El Alcalde de Hermosillo Ferm\u00edn Gonz\u00e1lez Gaxiola asisti\u00f3 a la ceremonia solemne de toma de protesta de Mar\u00eda Rita Plancarte Mart\u00ednez, primera mujer en ocupar el cargo de Rectora de la Universidad de Sonora.<\/p>\n<p>&nbsp;<\/p>\n<p>&nbsp;<\/p>\n<p>El Presidente Municipal, como docente de la instituci\u00f3n educativa de nivel superior, ofreci\u00f3 una felicitaci\u00f3n especial a la Rectora, a quien dese\u00f3 todo el \u00e9xito en los retos y oportunidades que se presenten durante su gesti\u00f3n.<\/p>\n<p>&nbsp;<\/p>\n<p>&nbsp;<\/p>\n<p>Plancarte Mart\u00ednez dijo sentirse muy honrada por el nombramiento y que su compromiso ser\u00e1 trabajar con la comunidad para asegurar que la universidad de los sonorenses siga siendo su mayor orgullo, en virtud de los altos niveles de calidad en docencia, en licenciatura y posgrado, en investigaci\u00f3n cient\u00edfica, social y human\u00edstica, as\u00ed como en la difusi\u00f3n de la ciencia, el arte y la cultura.<\/p>\n<p>&nbsp;<\/p>\n<p>&nbsp;<\/p>\n<p>El Rector saliente, Enrique Fernando Vel\u00e1zquez Contreras, manifest\u00f3 que hace 4 a\u00f1os recibi\u00f3 el mayor honor que un universitario puede tener en Sonora, ser Rector del Alma Mater, y destac\u00f3 que entre todos hicieron crecer a la instituci\u00f3n.<\/p>\n<p>&nbsp;<\/p>\n<p>&nbsp;<\/p>\n<p>Asistieron tambi\u00e9n Jos\u00e9 V\u00edctor Guerrero Gonz\u00e1lez, Secretario de Educaci\u00f3n y Cultura, con la representaci\u00f3n de la gobernadora Claudia Pavlovich Arellano; Francisco Abraham Paz Moreno, Presidente de la Junta Universitaria; integrantes de la junta y exrectores, as\u00ed como autoridades estatales, federales y representantes de c\u00e1maras empresariales.<\/p>\n<p>Fecha de Publicaci\u00f3n\u00a0 mi\u00e9rcoles\u00a0 \/ 16\u00a0 \/ junio \/ 2021<\/p>\n","protected":false},"excerpt":{"rendered":"<p>HERMOSILLO, SONORA,MX.\u2500\u2500 El Alcalde de Hermosillo Ferm\u00edn Gonz\u00e1lez Gaxiola asisti\u00f3 a la ceremonia solemne de&#8230;<\/p>\n","protected":false},"author":1,"featured_media":116573,"comment_status":"open","ping_status":"open","sticky":false,"template":"","format":"standard","meta":{"_monsterinsights_skip_tracking":false,"_monsterinsights_sitenote_active":false,"_monsterinsights_sitenote_note":"","_monsterinsights_sitenote_category":0,"footnotes":""},"categories":[4],"tags":[5820,5821],"class_list":["post"],"yoast_head":" \n<title>Sonora en Equipo. Celebra Alcalde de Hermosillo toma de protesta de primera Rectora de la UNISON Municipios<\/title>\n<meta name=\"description\" content=\"HERMOSILLO, SONORA,MX.\u2500\u2500 El Alcalde de Hermosillo Ferm\u00edn Gonz\u00e1lez Gaxiola asisti\u00f3 a la ceremonia solemne de toma de protesta de Mar\u00eda Rita Plancarte En Sonora en Equipo publicamos toda la informaci\u00f3n de Sonora, M\u00e9xico y el Mundo de manera oportuna y busca que la libertad de expresi\u00f3n sea real. Visita nuestro medio informativo publicado desde Hermosillo, Sonora. %\" \/>\n<meta name=\"robots\" content=\"index, follow, max-snippet:-1, max-image-preview:large, max-video-preview:-1\" \/>\n<link rel=\"canonical\" href=\"https:\/\/www.sonoraenequipo.com.mx\/celebra-alcalde-de-hermosillo-toma-de-protesta-de-primera-rectora-de-la-unison\/\" \/>\n<meta property=\"og:locale\" content=\"es_ES\" \/>\n<meta property=\"og:type\" content=\"article\" \/>\n<meta property=\"og:title\" content=\"Sonora en Equipo. Celebra Alcalde de Hermosillo toma de protesta de primera Rectora de la UNISON Municipios\" \/>\n<meta property=\"og:description\" content=\"HERMOSILLO, SONORA,MX.\u2500\u2500 El Alcalde de Hermosillo Ferm\u00edn Gonz\u00e1lez Gaxiola asisti\u00f3 a la ceremonia solemne de toma de protesta de Mar\u00eda Rita Plancarte En Sonora en Equipo publicamos toda la informaci\u00f3n de Sonora, M\u00e9xico y el Mundo de manera oportuna y busca que la libertad de expresi\u00f3n sea real. Visita nuestro medio informativo publicado desde Hermosillo, Sonora. %\" \/>\n<meta property=\"og:url\" content=\"https:\/\/www.sonoraenequipo.com.mx\/celebra-alcalde-de-hermosillo-toma-de-protesta-de-primera-rectora-de-la-unison\/\" \/>\n<meta property=\"og:site_name\" content=\"Sonora en Equipo.\" \/>\n<meta property=\"article:publisher\" content=\"https:\/\/www.facebook.com\/SonoraEE\/\" \/>\n<meta property=\"article:author\" content=\"https:\/\/www.facebook.com\/SonoraEE\" \/>\n<meta property=\"article:published_time\" content=\"2021-06-17T04:21:27+00:00\" \/>\n<meta property=\"og:image\" content=\"https:\/\/www.sonoraenequipo.com.mx\/storage\/2021\/06\/fgg-rectora.jpg\" \/>\n\t<meta property=\"og:image:width\" content=\"700\" \/>\n\t<meta property=\"og:image:height\" content=\"400\" \/>\n\t<meta property=\"og:image:type\" content=\"image\/jpeg\" \/>\n<meta name=\"author\" content=\"enequipo\" \/>\n<meta name=\"twitter:card\" content=\"summary_large_image\" \/>\n<meta name=\"twitter:creator\" content=\"@sonoraenequipo\" \/>\n<meta name=\"twitter:site\" content=\"@sonoraenequipo\" \/>\n<meta name=\"twitter:label1\" content=\"Escrito por\" \/>\n\t<meta name=\"twitter:data1\" content=\"enequipo\" \/>\n\t<meta name=\"twitter:label2\" content=\"Tiempo de lectura\" \/>\n\t<meta name=\"twitter:data2\" content=\"2 minutos\" \/>\n<script type=\"application\/ld+json\" class=\"yoast-schema-graph\">{\"@context\":\"https:\/\/schema.org\",\"@graph\":[{\"@type\":\"Article\",\"@id\":\"https:\/\/www.sonoraenequipo.com.mx\/celebra-alcalde-de-hermosillo-toma-de-protesta-de-primera-rectora-de-la-unison\/#article\",\"isPartOf\":{\"@id\":\"https:\/\/www.sonoraenequipo.com.mx\/celebra-alcalde-de-hermosillo-toma-de-protesta-de-primera-rectora-de-la-unison\/\"},\"author\":{\"name\":\"enequipo\",\"@id\":\"https:\/\/www.sonoraenequipo.com.mx\/#\/schema\/person\/50102df0fb23a8fa9e8effad8fa81386\"},\"headline\":\"Celebra Alcalde de Hermosillo toma de protesta de primera Rectora de la UNISON\",\"datePublished\":\"2021-06-17T04:21:27+00:00\",\"mainEntityOfPage\":{\"@id\":\"https:\/\/www.sonoraenequipo.com.mx\/celebra-alcalde-de-hermosillo-toma-de-protesta-de-primera-rectora-de-la-unison\/\"},\"wordCount\":268,\"commentCount\":0,\"publisher\":{\"@id\":\"https:\/\/www.sonoraenequipo.com.mx\/#organization\"},\"image\":{\"@id\":\"https:\/\/www.sonoraenequipo.com.mx\/celebra-alcalde-de-hermosillo-toma-de-protesta-de-primera-rectora-de-la-unison\/#primaryimage\"},\"thumbnailUrl\":\"https:\/\/www.sonoraenequipo.com.mx\/storage\/2021\/06\/fgg-rectora.jpg\",\"keywords\":[\"FERMIN\",\"RECTORA\"],\"articleSection\":[\"Municipios\"],\"inLanguage\":\"es\",\"potentialAction\":[{\"@type\":\"CommentAction\",\"name\":\"Comment\",\"target\":[\"https:\/\/www.sonoraenequipo.com.mx\/celebra-alcalde-de-hermosillo-toma-de-protesta-de-primera-rectora-de-la-unison\/#respond\"]}]},{\"@type\":\"WebPage\",\"@id\":\"https:\/\/www.sonoraenequipo.com.mx\/celebra-alcalde-de-hermosillo-toma-de-protesta-de-primera-rectora-de-la-unison\/\",\"url\":\"https:\/\/www.sonoraenequipo.com.mx\/celebra-alcalde-de-hermosillo-toma-de-protesta-de-primera-rectora-de-la-unison\/\",\"name\":\"Sonora en Equipo. Celebra Alcalde de Hermosillo toma de protesta de primera Rectora de la UNISON Municipios\",\"isPartOf\":{\"@id\":\"https:\/\/www.sonoraenequipo.com.mx\/#website\"},\"primaryImageOfPage\":{\"@id\":\"https:\/\/www.sonoraenequipo.com.mx\/celebra-alcalde-de-hermosillo-toma-de-protesta-de-primera-rectora-de-la-unison\/#primaryimage\"},\"image\":{\"@id\":\"https:\/\/www.sonoraenequipo.com.mx\/celebra-alcalde-de-hermosillo-toma-de-protesta-de-primera-rectora-de-la-unison\/#primaryimage\"},\"thumbnailUrl\":\"https:\/\/www.sonoraenequipo.com.mx\/storage\/2021\/06\/fgg-rectora.jpg\",\"datePublished\":\"2021-06-17T04:21:27+00:00\",\"description\":\"HERMOSILLO, SONORA,MX.\u2500\u2500 El Alcalde de Hermosillo Ferm\u00edn Gonz\u00e1lez Gaxiola asisti\u00f3 a la ceremonia solemne de toma de protesta de Mar\u00eda Rita Plancarte En Sonora en Equipo publicamos toda la informaci\u00f3n de Sonora, M\u00e9xico y el Mundo de manera oportuna y busca que la libertad de expresi\u00f3n sea real. Visita nuestro medio informativo publicado desde Hermosillo, Sonora. %\",\"breadcrumb\":{\"@id\":\"https:\/\/www.sonoraenequipo.com.mx\/celebra-alcalde-de-hermosillo-toma-de-protesta-de-primera-rectora-de-la-unison\/#breadcrumb\"},\"inLanguage\":\"es\",\"potentialAction\":[{\"@type\":\"ReadAction\",\"target\":[\"https:\/\/www.sonoraenequipo.com.mx\/celebra-alcalde-de-hermosillo-toma-de-protesta-de-primera-rectora-de-la-unison\/\"]}]},{\"@type\":\"ImageObject\",\"inLanguage\":\"es\",\"@id\":\"https:\/\/www.sonoraenequipo.com.mx\/celebra-alcalde-de-hermosillo-toma-de-protesta-de-primera-rectora-de-la-unison\/#primaryimage\",\"url\":\"https:\/\/www.sonoraenequipo.com.mx\/storage\/2021\/06\/fgg-rectora.jpg\",\"contentUrl\":\"https:\/\/www.sonoraenequipo.com.mx\/storage\/2021\/06\/fgg-rectora.jpg\",\"width\":700,\"height\":400},{\"@type\":\"BreadcrumbList\",\"@id\":\"https:\/\/www.sonoraenequipo.com.mx\/celebra-alcalde-de-hermosillo-toma-de-protesta-de-primera-rectora-de-la-unison\/#breadcrumb\",\"itemListElement\":[{\"@type\":\"ListItem\",\"position\":1,\"name\":\"Portada\",\"item\":\"https:\/\/www.sonoraenequipo.com.mx\/\"},{\"@type\":\"ListItem\",\"position\":2,\"name\":\"Celebra Alcalde de Hermosillo toma de protesta de primera Rectora de la UNISON\"}]},{\"@type\":\"WebSite\",\"@id\":\"https:\/\/www.sonoraenequipo.com.mx\/#website\",\"url\":\"https:\/\/www.sonoraenequipo.com.mx\/\",\"name\":\"Sonora en Equipo.\",\"description\":\"Diario en l\u00ednea con Noticias desde Hermosillo, Sonora\",\"publisher\":{\"@id\":\"https:\/\/www.sonoraenequipo.com.mx\/#organization\"},\"potentialAction\":[{\"@type\":\"SearchAction\",\"target\":{\"@type\":\"EntryPoint\",\"urlTemplate\":\"https:\/\/www.sonoraenequipo.com.mx\/?s={search_term_string}\"},\"query-input\":{\"@type\":\"PropertyValueSpecification\",\"valueRequired\":true,\"valueName\":\"search_term_string\"}}],\"inLanguage\":\"es\"},{\"@type\":\"Organization\",\"@id\":\"https:\/\/www.sonoraenequipo.com.mx\/#organization\",\"name\":\"Sonoraenequipo.com.mx\",\"url\":\"https:\/\/www.sonoraenequipo.com.mx\/\",\"logo\":{\"@type\":\"ImageObject\",\"inLanguage\":\"es\",\"@id\":\"https:\/\/www.sonoraenequipo.com.mx\/#\/schema\/logo\/image\/\",\"url\":\"https:\/\/www.sonoraenequipo.com.mx\/storage\/2019\/01\/sonoraenequipo_opt.png\",\"contentUrl\":\"https:\/\/www.sonoraenequipo.com.mx\/storage\/2019\/01\/sonoraenequipo_opt.png\",\"width\":375,\"height\":125,\"caption\":\"Sonoraenequipo.com.mx\"},\"image\":{\"@id\":\"https:\/\/www.sonoraenequipo.com.mx\/#\/schema\/logo\/image\/\"},\"sameAs\":[\"https:\/\/www.facebook.com\/SonoraEE\/\",\"https:\/\/x.com\/sonoraenequipo\",\"https:\/\/www.youtube.com\/channel\/UC338nW-lPEYmJQs4ZABQ1SQ\"]},{\"@type\":\"Person\",\"@id\":\"https:\/\/www.sonoraenequipo.com.mx\/#\/schema\/person\/50102df0fb23a8fa9e8effad8fa81386\",\"name\":\"enequipo\",\"image\":{\"@type\":\"ImageObject\",\"inLanguage\":\"es\",\"@id\":\"https:\/\/www.sonoraenequipo.com.mx\/#\/schema\/person\/image\/\",\"url\":\"https:\/\/secure.gravatar.com\/avatar\/049821681b589dabc0bc20695993ccebb09f5b5d4d790cd9251b97faac7c652b?s=96&d=blank&r=g\",\"contentUrl\":\"https:\/\/secure.gravatar.com\/avatar\/049821681b589dabc0bc20695993ccebb09f5b5d4d790cd9251b97faac7c652b?s=96&d=blank&r=g\",\"caption\":\"enequipo\"},\"sameAs\":[\"https:\/\/www.facebook.com\/SonoraEE\"]}]}<\/script>\n ","yoast_head_json":{"title":"Sonora en Equipo. Celebra Alcalde de Hermosillo toma de protesta de primera Rectora de la UNISON Municipios","description":"HERMOSILLO, SONORA,MX.\u2500\u2500 El Alcalde de Hermosillo Ferm\u00edn Gonz\u00e1lez Gaxiola asisti\u00f3 a la ceremonia solemne de toma de protesta de Mar\u00eda Rita Plancarte En Sonora en Equipo publicamos toda la informaci\u00f3n de Sonora, M\u00e9xico y el Mundo de manera oportuna y busca que la libertad de expresi\u00f3n sea real. Visita nuestro medio informativo publicado desde Hermosillo, Sonora. %","robots":{"index":"index","follow":"follow","max-snippet":"max-snippet:-1","max-image-preview":"max-image-preview:large","max-video-preview":"max-video-preview:-1"},"canonical":"https:\/\/www.sonoraenequipo.com.mx\/celebra-alcalde-de-hermosillo-toma-de-protesta-de-primera-rectora-de-la-unison\/","og_locale":"es_ES","og_type":"article","og_title":"Sonora en Equipo. Celebra Alcalde de Hermosillo toma de protesta de primera Rectora de la UNISON Municipios","og_description":"HERMOSILLO, SONORA,MX.\u2500\u2500 El Alcalde de Hermosillo Ferm\u00edn Gonz\u00e1lez Gaxiola asisti\u00f3 a la ceremonia solemne de toma de protesta de Mar\u00eda Rita Plancarte En Sonora en Equipo publicamos toda la informaci\u00f3n de Sonora, M\u00e9xico y el Mundo de manera oportuna y busca que la libertad de expresi\u00f3n sea real. Visita nuestro medio informativo publicado desde Hermosillo, Sonora. %","og_url":"https:\/\/www.sonoraenequipo.com.mx\/celebra-alcalde-de-hermosillo-toma-de-protesta-de-primera-rectora-de-la-unison\/","og_site_name":"Sonora en Equipo.","article_publisher":"https:\/\/www.facebook.com\/SonoraEE\/","article_author":"https:\/\/www.facebook.com\/SonoraEE","article_published_time":"2021-06-17T04:21:27+00:00","og_image":[{"width":700,"height":400,"url":"https:\/\/www.sonoraenequipo.com.mx\/storage\/2021\/06\/fgg-rectora.jpg","type":"image\/jpeg"}],"author":"enequipo","twitter_card":"summary_large_image","twitter_creator":"@sonoraenequipo","twitter_site":"@sonoraenequipo","twitter_misc":{"Escrito por":"enequipo","Tiempo de lectura":"2 minutos"},"schema":{"@context":"https:\/\/schema.org","@graph":[{"@type":"Article","@id":"https:\/\/www.sonoraenequipo.com.mx\/celebra-alcalde-de-hermosillo-toma-de-protesta-de-primera-rectora-de-la-unison\/#article","isPartOf":{"@id":"https:\/\/www.sonoraenequipo.com.mx\/celebra-alcalde-de-hermosillo-toma-de-protesta-de-primera-rectora-de-la-unison\/"},"author":{"name":"enequipo","@id":"https:\/\/www.sonoraenequipo.com.mx\/#\/schema\/person\/50102df0fb23a8fa9e8effad8fa81386"},"headline":"Celebra Alcalde de Hermosillo toma de protesta de primera Rectora de la UNISON","datePublished":"2021-06-17T04:21:27+00:00","mainEntityOfPage":{"@id":"https:\/\/www.sonoraenequipo.com.mx\/celebra-alcalde-de-hermosillo-toma-de-protesta-de-primera-rectora-de-la-unison\/"},"wordCount":268,"commentCount":0,"publisher":{"@id":"https:\/\/www.sonoraenequipo.com.mx\/#organization"},"image":{"@id":"https:\/\/www.sonoraenequipo.com.mx\/celebra-alcalde-de-hermosillo-toma-de-protesta-de-primera-rectora-de-la-unison\/#primaryimage"},"thumbnailUrl":"https:\/\/www.sonoraenequipo.com.mx\/storage\/2021\/06\/fgg-rectora.jpg","keywords":["FERMIN","RECTORA"],"articleSection":["Municipios"],"inLanguage":"es","potentialAction":[{"@type":"CommentAction","name":"Comment","target":["https:\/\/www.sonoraenequipo.com.mx\/celebra-alcalde-de-hermosillo-toma-de-protesta-de-primera-rectora-de-la-unison\/#respond"]}]},{"@type":"WebPage","@id":"https:\/\/www.sonoraenequipo.com.mx\/celebra-alcalde-de-hermosillo-toma-de-protesta-de-primera-rectora-de-la-unison\/","url":"https:\/\/www.sonoraenequipo.com.mx\/celebra-alcalde-de-hermosillo-toma-de-protesta-de-primera-rectora-de-la-unison\/","name":"Sonora en Equipo. Celebra Alcalde de Hermosillo toma de protesta de primera Rectora de la UNISON Municipios","isPartOf":{"@id":"https:\/\/www.sonoraenequipo.com.mx\/#website"},"primaryImageOfPage":{"@id":"https:\/\/www.sonoraenequipo.com.mx\/celebra-alcalde-de-hermosillo-toma-de-protesta-de-primera-rectora-de-la-unison\/#primaryimage"},"image":{"@id":"https:\/\/www.sonoraenequipo.com.mx\/celebra-alcalde-de-hermosillo-toma-de-protesta-de-primera-rectora-de-la-unison\/#primaryimage"},"thumbnailUrl":"https:\/\/www.sonoraenequipo.com.mx\/storage\/2021\/06\/fgg-rectora.jpg","datePublished":"2021-06-17T04:21:27+00:00","description":"HERMOSILLO, SONORA,MX.\u2500\u2500 El Alcalde de Hermosillo Ferm\u00edn Gonz\u00e1lez Gaxiola asisti\u00f3 a la ceremonia solemne de toma de protesta de Mar\u00eda Rita Plancarte En Sonora en Equipo publicamos toda la informaci\u00f3n de Sonora, M\u00e9xico y el Mundo de manera oportuna y busca que la libertad de expresi\u00f3n sea real. Visita nuestro medio informativo publicado desde Hermosillo, Sonora. %","breadcrumb":{"@id":"https:\/\/www.sonoraenequipo.com.mx\/celebra-alcalde-de-hermosillo-toma-de-protesta-de-primera-rectora-de-la-unison\/#breadcrumb"},"inLanguage":"es","potentialAction":[{"@type":"ReadAction","target":["https:\/\/www.sonoraenequipo.com.mx\/celebra-alcalde-de-hermosillo-toma-de-protesta-de-primera-rectora-de-la-unison\/"]}]},{"@type":"ImageObject","inLanguage":"es","@id":"https:\/\/www.sonoraenequipo.com.mx\/celebra-alcalde-de-hermosillo-toma-de-protesta-de-primera-rectora-de-la-unison\/#primaryimage","url":"https:\/\/www.sonoraenequipo.com.mx\/storage\/2021\/06\/fgg-rectora.jpg","contentUrl":"https:\/\/www.sonoraenequipo.com.mx\/storage\/2021\/06\/fgg-rectora.jpg","width":700,"height":400},{"@type":"BreadcrumbList","@id":"https:\/\/www.sonoraenequipo.com.mx\/celebra-alcalde-de-hermosillo-toma-de-protesta-de-primera-rectora-de-la-unison\/#breadcrumb","itemListElement":[{"@type":"ListItem","position":1,"name":"Portada","item":"https:\/\/www.sonoraenequipo.com.mx\/"},{"@type":"ListItem","position":2,"name":"Celebra Alcalde de Hermosillo toma de protesta de primera Rectora de la UNISON"}]},{"@type":"WebSite","@id":"https:\/\/www.sonoraenequipo.com.mx\/#website","url":"https:\/\/www.sonoraenequipo.com.mx\/","name":"Sonora en Equipo.","description":"Diario en l\u00ednea con Noticias desde Hermosillo, Sonora","publisher":{"@id":"https:\/\/www.sonoraenequipo.com.mx\/#organization"},"potentialAction":[{"@type":"SearchAction","target":{"@type":"EntryPoint","urlTemplate":"https:\/\/www.sonoraenequipo.com.mx\/?s={search_term_string}"},"query-input":{"@type":"PropertyValueSpecification","valueRequired":true,"valueName":"search_term_string"}}],"inLanguage":"es"},{"@type":"Organization","@id":"https:\/\/www.sonoraenequipo.com.mx\/#organization","name":"Sonoraenequipo.com.mx","url":"https:\/\/www.sonoraenequipo.com.mx\/","logo":{"@type":"ImageObject","inLanguage":"es","@id":"https:\/\/www.sonoraenequipo.com.mx\/#\/schema\/logo\/image\/","url":"https:\/\/www.sonoraenequipo.com.mx\/storage\/2019\/01\/sonoraenequipo_opt.png","contentUrl":"https:\/\/www.sonoraenequipo.com.mx\/storage\/2019\/01\/sonoraenequipo_opt.png","width":375,"height":125,"caption":"Sonoraenequipo.com.mx"},"image":{"@id":"https:\/\/www.sonoraenequipo.com.mx\/#\/schema\/logo\/image\/"},"sameAs":["https:\/\/www.facebook.com\/SonoraEE\/","https:\/\/x.com\/sonoraenequipo","https:\/\/www.youtube.com\/channel\/UC338nW-lPEYmJQs4ZABQ1SQ"]},{"@type":"Person","@id":"https:\/\/www.sonoraenequipo.com.mx\/#\/schema\/person\/50102df0fb23a8fa9e8effad8fa81386","name":"enequipo","image":{"@type":"ImageObject","inLanguage":"es","@id":"https:\/\/www.sonoraenequipo.com.mx\/#\/schema\/person\/image\/","url":"https:\/\/secure.gravatar.com\/avatar\/049821681b589dabc0bc20695993ccebb09f5b5d4d790cd9251b97faac7c652b?s=96&d=blank&r=g","contentUrl":"https:\/\/secure.gravatar.com\/avatar\/049821681b589dabc0bc20695993ccebb09f5b5d4d790cd9251b97faac7c652b?s=96&d=blank&r=g","caption":"enequipo"},"sameAs":["https:\/\/www.facebook.com\/SonoraEE"]}]}},"jetpack_featured_media_url":"https:\/\/www.sonoraenequipo.com.mx\/storage\/2021\/06\/fgg-rectora.jpg","_links":{"self":[{"href":"https:\/\/www.sonoraenequipo.com.mx\/api\/wp\/v2\/posts\/116572","targetHints":{"allow":["GET"]}}],"collection":[{"href":"https:\/\/www.sonoraenequipo.com.mx\/api\/wp\/v2\/posts"}],"about":[{"href":"https:\/\/www.sonoraenequipo.com.mx\/api\/wp\/v2\/types\/post"}],"author":[{"embeddable":true,"href":"https:\/\/www.sonoraenequipo.com.mx\/api\/wp\/v2\/users\/1"}],"replies":[{"embeddable":true,"href":"https:\/\/www.sonoraenequipo.com.mx\/api\/wp\/v2\/comments?post=116572"}],"version-history":[{"count":1,"href":"https:\/\/www.sonoraenequipo.com.mx\/api\/wp\/v2\/posts\/116572\/revisions"}],"predecessor-version":[{"id":116574,"href":"https:\/\/www.sonoraenequipo.com.mx\/api\/wp\/v2\/posts\/116572\/revisions\/116574"}],"wp:featuredmedia":[{"embeddable":true,"href":"https:\/\/www.sonoraenequipo.com.mx\/api\/wp\/v2\/media\/116573"}],"wp:attachment":[{"href":"https:\/\/www.sonoraenequipo.com.mx\/api\/wp\/v2\/media?parent=116572"}],"wp:term":[{"taxonomy":"category","embeddable":true,"href":"https:\/\/www.sonoraenequipo.com.mx\/api\/wp\/v2\/categories?post=116572"},{"taxonomy":"post_tag","embeddable":true,"href":"https:\/\/www.sonoraenequipo.com.mx\/api\/wp\/v2\/tags?post=116572"}],"curies":[{"name":"wp","href":"https:\/\/api.w.org\/{rel}","templated":true}]}}