{"id":116585,"date":"2021-06-17T09:05:06","date_gmt":"2021-06-17T16:05:06","guid":{"rendered":"https:\/\/www.sonoraenequipo.com.mx\/?p=116585"},"modified":"2021-06-17T15:39:16","modified_gmt":"2021-06-17T22:39:16","slug":"los-que-impusieron-pluris-en-morena-calcularon-mal-y-quedaron-fuera-miguel-barbosa","status":"publish","type":"post","link":"https:\/\/www.sonoraenequipo.com.mx\/los-que-impusieron-pluris-en-morena-calcularon-mal-y-quedaron-fuera-miguel-barbosa\/","title":{"rendered":"Los que impusieron pluris en Morena calcularon mal y quedaron fuera: Miguel Barbosa"},"content":{"rendered":"<p>PUEBLA, PUEBLA. MX. \u2014 El partido Morena, dijo el ejecutivo estatal, gan\u00f3 muchos distritos y no pueden tener todos los representantes con m\u00e1s de 8 puntos obtenidos.<\/p>\n<p>&nbsp;<\/p>\n<p> <\/p>\n<p>Tras quedar fuera de las diputaciones locales, los aspirantes de Morena, Edgar Garmendia y Tonantzin Fern\u00e1ndez, Miguel Barbosa Huerta, gobernador de Puebla, inform\u00f3 que fue un mal c\u00e1lculo de los que las asignaron para beneficiarse.<\/p>\n<p>&nbsp;<\/p>\n<p>Y es que, desde la perspectiva del mandatario local, no se sujet\u00f3 a procedimientos legales, sino fue una designaci\u00f3n que no se someti\u00f3 correctamente ni a las personas del partido ni a los procedimientos:<em> \u201ctiene que ver con la sobrerrepresentaci\u00f3n\u201d.<\/em><\/p>\n<p>&nbsp;<\/p>\n<p>El partido Morena, dijo el ejecutivo estatal, gan\u00f3 muchos distritos y no pueden tener todos los representantes con m\u00e1s de 8 puntos obtenidos: <em>\u201cfueron 32 ganadas y no puede tener m\u00e1s 8 por ciento, que es 16, por eso, si se ganaron 14, dos quedan fuera, por eso llegan el primer registro y el segundo de la lista\u201d.<\/em><\/p>\n<p>&nbsp;<\/p>\n<p>Adem\u00e1s, el gobernador asever\u00f3 que:<em> \u00aben la pol\u00edtica no se termina hasta que se termina y no pueden tener m\u00e1s de 16 diputados. Hay gente de mucha tradici\u00f3n que est\u00e1 a punto de tener un cargo y se pierde ese cargo\u201d.<\/em><\/p>\n<p>&nbsp;<\/p>\n<p>Para finalizar, Miguel Barbosa dijo que <em>\u00abhay que ser humilde en las acciones de vida p\u00fablica y no actuar con soberbia y engreimiento, del plato a la boca se cae la sopa\u201d.<\/em><\/p>\n<p>&nbsp;<\/p>\n<p>(Publicada el 17\/06\/2021 \/ Samuel Vera Cort\u00e9s)<\/p>\n","protected":false},"excerpt":{"rendered":"<p>PUEBLA, PUEBLA. MX. \u2014 El partido Morena, dijo el ejecutivo estatal, gan\u00f3 muchos distritos y&#8230;<\/p>\n","protected":false},"author":1,"featured_media":116587,"comment_status":"open","ping_status":"open","sticky":false,"template":"","format":"standard","meta":{"_monsterinsights_skip_tracking":false,"_monsterinsights_sitenote_active":false,"_monsterinsights_sitenote_note":"","_monsterinsights_sitenote_category":0,"footnotes":""},"categories":[5],"tags":[],"class_list":["post"],"yoast_head":" \n<title>Sonora en Equipo. Los que impusieron pluris en Morena calcularon mal y quedaron fuera: Miguel Barbosa Rep\u00fablica<\/title>\n<meta name=\"description\" content=\"PUEBLA, PUEBLA. MX. \u2014 El partido Morena, dijo el ejecutivo estatal, gan\u00f3 muchos distritos y no pueden tener todos los representantes con m\u00e1s de 8 puntos En Sonora en Equipo publicamos toda la informaci\u00f3n de Sonora, M\u00e9xico y el Mundo de manera oportuna y busca que la libertad de expresi\u00f3n sea real. Visita nuestro medio informativo publicado desde Hermosillo, Sonora. %\" \/>\n<meta name=\"robots\" content=\"index, follow, max-snippet:-1, max-image-preview:large, max-video-preview:-1\" \/>\n<link rel=\"canonical\" href=\"https:\/\/www.sonoraenequipo.com.mx\/los-que-impusieron-pluris-en-morena-calcularon-mal-y-quedaron-fuera-miguel-barbosa\/\" \/>\n<meta property=\"og:locale\" content=\"es_ES\" \/>\n<meta property=\"og:type\" content=\"article\" \/>\n<meta property=\"og:title\" content=\"Sonora en Equipo. Los que impusieron pluris en Morena calcularon mal y quedaron fuera: Miguel Barbosa Rep\u00fablica\" \/>\n<meta property=\"og:description\" content=\"PUEBLA, PUEBLA. MX. \u2014 El partido Morena, dijo el ejecutivo estatal, gan\u00f3 muchos distritos y no pueden tener todos los representantes con m\u00e1s de 8 puntos En Sonora en Equipo publicamos toda la informaci\u00f3n de Sonora, M\u00e9xico y el Mundo de manera oportuna y busca que la libertad de expresi\u00f3n sea real. Visita nuestro medio informativo publicado desde Hermosillo, Sonora. %\" \/>\n<meta property=\"og:url\" content=\"https:\/\/www.sonoraenequipo.com.mx\/los-que-impusieron-pluris-en-morena-calcularon-mal-y-quedaron-fuera-miguel-barbosa\/\" \/>\n<meta property=\"og:site_name\" content=\"Sonora en Equipo.\" \/>\n<meta property=\"article:publisher\" content=\"https:\/\/www.facebook.com\/SonoraEE\/\" \/>\n<meta property=\"article:author\" content=\"https:\/\/www.facebook.com\/SonoraEE\" \/>\n<meta property=\"article:published_time\" content=\"2021-06-17T16:05:06+00:00\" \/>\n<meta property=\"article:modified_time\" content=\"2021-06-17T22:39:16+00:00\" \/>\n<meta property=\"og:image\" content=\"https:\/\/www.sonoraenequipo.com.mx\/storage\/2021\/06\/miguel-barbosa_opt.jpg\" \/>\n\t<meta property=\"og:image:width\" content=\"700\" \/>\n\t<meta property=\"og:image:height\" content=\"400\" \/>\n\t<meta property=\"og:image:type\" content=\"image\/jpeg\" \/>\n<meta name=\"author\" content=\"enequipo\" \/>\n<meta name=\"twitter:card\" content=\"summary_large_image\" \/>\n<meta name=\"twitter:creator\" content=\"@sonoraenequipo\" \/>\n<meta name=\"twitter:site\" content=\"@sonoraenequipo\" \/>\n<meta name=\"twitter:label1\" content=\"Escrito por\" \/>\n\t<meta name=\"twitter:data1\" content=\"enequipo\" \/>\n\t<meta name=\"twitter:label2\" content=\"Tiempo de lectura\" \/>\n\t<meta name=\"twitter:data2\" content=\"2 minutos\" \/>\n<script type=\"application\/ld+json\" class=\"yoast-schema-graph\">{\"@context\":\"https:\/\/schema.org\",\"@graph\":[{\"@type\":\"Article\",\"@id\":\"https:\/\/www.sonoraenequipo.com.mx\/los-que-impusieron-pluris-en-morena-calcularon-mal-y-quedaron-fuera-miguel-barbosa\/#article\",\"isPartOf\":{\"@id\":\"https:\/\/www.sonoraenequipo.com.mx\/los-que-impusieron-pluris-en-morena-calcularon-mal-y-quedaron-fuera-miguel-barbosa\/\"},\"author\":{\"name\":\"enequipo\",\"@id\":\"https:\/\/www.sonoraenequipo.com.mx\/#\/schema\/person\/50102df0fb23a8fa9e8effad8fa81386\"},\"headline\":\"Los que impusieron pluris en Morena calcularon mal y quedaron fuera: Miguel Barbosa\",\"datePublished\":\"2021-06-17T16:05:06+00:00\",\"dateModified\":\"2021-06-17T22:39:16+00:00\",\"mainEntityOfPage\":{\"@id\":\"https:\/\/www.sonoraenequipo.com.mx\/los-que-impusieron-pluris-en-morena-calcularon-mal-y-quedaron-fuera-miguel-barbosa\/\"},\"wordCount\":262,\"commentCount\":0,\"publisher\":{\"@id\":\"https:\/\/www.sonoraenequipo.com.mx\/#organization\"},\"image\":{\"@id\":\"https:\/\/www.sonoraenequipo.com.mx\/los-que-impusieron-pluris-en-morena-calcularon-mal-y-quedaron-fuera-miguel-barbosa\/#primaryimage\"},\"thumbnailUrl\":\"https:\/\/www.sonoraenequipo.com.mx\/storage\/2021\/06\/miguel-barbosa_opt.jpg\",\"articleSection\":[\"Rep\u00fablica\"],\"inLanguage\":\"es\",\"potentialAction\":[{\"@type\":\"CommentAction\",\"name\":\"Comment\",\"target\":[\"https:\/\/www.sonoraenequipo.com.mx\/los-que-impusieron-pluris-en-morena-calcularon-mal-y-quedaron-fuera-miguel-barbosa\/#respond\"]}]},{\"@type\":\"WebPage\",\"@id\":\"https:\/\/www.sonoraenequipo.com.mx\/los-que-impusieron-pluris-en-morena-calcularon-mal-y-quedaron-fuera-miguel-barbosa\/\",\"url\":\"https:\/\/www.sonoraenequipo.com.mx\/los-que-impusieron-pluris-en-morena-calcularon-mal-y-quedaron-fuera-miguel-barbosa\/\",\"name\":\"Sonora en Equipo. Los que impusieron pluris en Morena calcularon mal y quedaron fuera: Miguel Barbosa Rep\u00fablica\",\"isPartOf\":{\"@id\":\"https:\/\/www.sonoraenequipo.com.mx\/#website\"},\"primaryImageOfPage\":{\"@id\":\"https:\/\/www.sonoraenequipo.com.mx\/los-que-impusieron-pluris-en-morena-calcularon-mal-y-quedaron-fuera-miguel-barbosa\/#primaryimage\"},\"image\":{\"@id\":\"https:\/\/www.sonoraenequipo.com.mx\/los-que-impusieron-pluris-en-morena-calcularon-mal-y-quedaron-fuera-miguel-barbosa\/#primaryimage\"},\"thumbnailUrl\":\"https:\/\/www.sonoraenequipo.com.mx\/storage\/2021\/06\/miguel-barbosa_opt.jpg\",\"datePublished\":\"2021-06-17T16:05:06+00:00\",\"dateModified\":\"2021-06-17T22:39:16+00:00\",\"description\":\"PUEBLA, PUEBLA. MX. \u2014 El partido Morena, dijo el ejecutivo estatal, gan\u00f3 muchos distritos y no pueden tener todos los representantes con m\u00e1s de 8 puntos En Sonora en Equipo publicamos toda la informaci\u00f3n de Sonora, M\u00e9xico y el Mundo de manera oportuna y busca que la libertad de expresi\u00f3n sea real. Visita nuestro medio informativo publicado desde Hermosillo, Sonora. %\",\"breadcrumb\":{\"@id\":\"https:\/\/www.sonoraenequipo.com.mx\/los-que-impusieron-pluris-en-morena-calcularon-mal-y-quedaron-fuera-miguel-barbosa\/#breadcrumb\"},\"inLanguage\":\"es\",\"potentialAction\":[{\"@type\":\"ReadAction\",\"target\":[\"https:\/\/www.sonoraenequipo.com.mx\/los-que-impusieron-pluris-en-morena-calcularon-mal-y-quedaron-fuera-miguel-barbosa\/\"]}]},{\"@type\":\"ImageObject\",\"inLanguage\":\"es\",\"@id\":\"https:\/\/www.sonoraenequipo.com.mx\/los-que-impusieron-pluris-en-morena-calcularon-mal-y-quedaron-fuera-miguel-barbosa\/#primaryimage\",\"url\":\"https:\/\/www.sonoraenequipo.com.mx\/storage\/2021\/06\/miguel-barbosa_opt.jpg\",\"contentUrl\":\"https:\/\/www.sonoraenequipo.com.mx\/storage\/2021\/06\/miguel-barbosa_opt.jpg\",\"width\":700,\"height\":400},{\"@type\":\"BreadcrumbList\",\"@id\":\"https:\/\/www.sonoraenequipo.com.mx\/los-que-impusieron-pluris-en-morena-calcularon-mal-y-quedaron-fuera-miguel-barbosa\/#breadcrumb\",\"itemListElement\":[{\"@type\":\"ListItem\",\"position\":1,\"name\":\"Portada\",\"item\":\"https:\/\/www.sonoraenequipo.com.mx\/\"},{\"@type\":\"ListItem\",\"position\":2,\"name\":\"Los que impusieron pluris en Morena calcularon mal y quedaron fuera: Miguel Barbosa\"}]},{\"@type\":\"WebSite\",\"@id\":\"https:\/\/www.sonoraenequipo.com.mx\/#website\",\"url\":\"https:\/\/www.sonoraenequipo.com.mx\/\",\"name\":\"Sonora en Equipo.\",\"description\":\"Diario en l\u00ednea con Noticias desde Hermosillo, Sonora\",\"publisher\":{\"@id\":\"https:\/\/www.sonoraenequipo.com.mx\/#organization\"},\"potentialAction\":[{\"@type\":\"SearchAction\",\"target\":{\"@type\":\"EntryPoint\",\"urlTemplate\":\"https:\/\/www.sonoraenequipo.com.mx\/?s={search_term_string}\"},\"query-input\":{\"@type\":\"PropertyValueSpecification\",\"valueRequired\":true,\"valueName\":\"search_term_string\"}}],\"inLanguage\":\"es\"},{\"@type\":\"Organization\",\"@id\":\"https:\/\/www.sonoraenequipo.com.mx\/#organization\",\"name\":\"Sonoraenequipo.com.mx\",\"url\":\"https:\/\/www.sonoraenequipo.com.mx\/\",\"logo\":{\"@type\":\"ImageObject\",\"inLanguage\":\"es\",\"@id\":\"https:\/\/www.sonoraenequipo.com.mx\/#\/schema\/logo\/image\/\",\"url\":\"https:\/\/www.sonoraenequipo.com.mx\/storage\/2019\/01\/sonoraenequipo_opt.png\",\"contentUrl\":\"https:\/\/www.sonoraenequipo.com.mx\/storage\/2019\/01\/sonoraenequipo_opt.png\",\"width\":375,\"height\":125,\"caption\":\"Sonoraenequipo.com.mx\"},\"image\":{\"@id\":\"https:\/\/www.sonoraenequipo.com.mx\/#\/schema\/logo\/image\/\"},\"sameAs\":[\"https:\/\/www.facebook.com\/SonoraEE\/\",\"https:\/\/x.com\/sonoraenequipo\",\"https:\/\/www.youtube.com\/channel\/UC338nW-lPEYmJQs4ZABQ1SQ\"]},{\"@type\":\"Person\",\"@id\":\"https:\/\/www.sonoraenequipo.com.mx\/#\/schema\/person\/50102df0fb23a8fa9e8effad8fa81386\",\"name\":\"enequipo\",\"image\":{\"@type\":\"ImageObject\",\"inLanguage\":\"es\",\"@id\":\"https:\/\/www.sonoraenequipo.com.mx\/#\/schema\/person\/image\/\",\"url\":\"https:\/\/secure.gravatar.com\/avatar\/049821681b589dabc0bc20695993ccebb09f5b5d4d790cd9251b97faac7c652b?s=96&d=blank&r=g\",\"contentUrl\":\"https:\/\/secure.gravatar.com\/avatar\/049821681b589dabc0bc20695993ccebb09f5b5d4d790cd9251b97faac7c652b?s=96&d=blank&r=g\",\"caption\":\"enequipo\"},\"sameAs\":[\"https:\/\/www.facebook.com\/SonoraEE\"]}]}<\/script>\n ","yoast_head_json":{"title":"Sonora en Equipo. Los que impusieron pluris en Morena calcularon mal y quedaron fuera: Miguel Barbosa Rep\u00fablica","description":"PUEBLA, PUEBLA. MX. \u2014 El partido Morena, dijo el ejecutivo estatal, gan\u00f3 muchos distritos y no pueden tener todos los representantes con m\u00e1s de 8 puntos En Sonora en Equipo publicamos toda la informaci\u00f3n de Sonora, M\u00e9xico y el Mundo de manera oportuna y busca que la libertad de expresi\u00f3n sea real. Visita nuestro medio informativo publicado desde Hermosillo, Sonora. %","robots":{"index":"index","follow":"follow","max-snippet":"max-snippet:-1","max-image-preview":"max-image-preview:large","max-video-preview":"max-video-preview:-1"},"canonical":"https:\/\/www.sonoraenequipo.com.mx\/los-que-impusieron-pluris-en-morena-calcularon-mal-y-quedaron-fuera-miguel-barbosa\/","og_locale":"es_ES","og_type":"article","og_title":"Sonora en Equipo. Los que impusieron pluris en Morena calcularon mal y quedaron fuera: Miguel Barbosa Rep\u00fablica","og_description":"PUEBLA, PUEBLA. MX. \u2014 El partido Morena, dijo el ejecutivo estatal, gan\u00f3 muchos distritos y no pueden tener todos los representantes con m\u00e1s de 8 puntos En Sonora en Equipo publicamos toda la informaci\u00f3n de Sonora, M\u00e9xico y el Mundo de manera oportuna y busca que la libertad de expresi\u00f3n sea real. Visita nuestro medio informativo publicado desde Hermosillo, Sonora. %","og_url":"https:\/\/www.sonoraenequipo.com.mx\/los-que-impusieron-pluris-en-morena-calcularon-mal-y-quedaron-fuera-miguel-barbosa\/","og_site_name":"Sonora en Equipo.","article_publisher":"https:\/\/www.facebook.com\/SonoraEE\/","article_author":"https:\/\/www.facebook.com\/SonoraEE","article_published_time":"2021-06-17T16:05:06+00:00","article_modified_time":"2021-06-17T22:39:16+00:00","og_image":[{"width":700,"height":400,"url":"https:\/\/www.sonoraenequipo.com.mx\/storage\/2021\/06\/miguel-barbosa_opt.jpg","type":"image\/jpeg"}],"author":"enequipo","twitter_card":"summary_large_image","twitter_creator":"@sonoraenequipo","twitter_site":"@sonoraenequipo","twitter_misc":{"Escrito por":"enequipo","Tiempo de lectura":"2 minutos"},"schema":{"@context":"https:\/\/schema.org","@graph":[{"@type":"Article","@id":"https:\/\/www.sonoraenequipo.com.mx\/los-que-impusieron-pluris-en-morena-calcularon-mal-y-quedaron-fuera-miguel-barbosa\/#article","isPartOf":{"@id":"https:\/\/www.sonoraenequipo.com.mx\/los-que-impusieron-pluris-en-morena-calcularon-mal-y-quedaron-fuera-miguel-barbosa\/"},"author":{"name":"enequipo","@id":"https:\/\/www.sonoraenequipo.com.mx\/#\/schema\/person\/50102df0fb23a8fa9e8effad8fa81386"},"headline":"Los que impusieron pluris en Morena calcularon mal y quedaron fuera: Miguel Barbosa","datePublished":"2021-06-17T16:05:06+00:00","dateModified":"2021-06-17T22:39:16+00:00","mainEntityOfPage":{"@id":"https:\/\/www.sonoraenequipo.com.mx\/los-que-impusieron-pluris-en-morena-calcularon-mal-y-quedaron-fuera-miguel-barbosa\/"},"wordCount":262,"commentCount":0,"publisher":{"@id":"https:\/\/www.sonoraenequipo.com.mx\/#organization"},"image":{"@id":"https:\/\/www.sonoraenequipo.com.mx\/los-que-impusieron-pluris-en-morena-calcularon-mal-y-quedaron-fuera-miguel-barbosa\/#primaryimage"},"thumbnailUrl":"https:\/\/www.sonoraenequipo.com.mx\/storage\/2021\/06\/miguel-barbosa_opt.jpg","articleSection":["Rep\u00fablica"],"inLanguage":"es","potentialAction":[{"@type":"CommentAction","name":"Comment","target":["https:\/\/www.sonoraenequipo.com.mx\/los-que-impusieron-pluris-en-morena-calcularon-mal-y-quedaron-fuera-miguel-barbosa\/#respond"]}]},{"@type":"WebPage","@id":"https:\/\/www.sonoraenequipo.com.mx\/los-que-impusieron-pluris-en-morena-calcularon-mal-y-quedaron-fuera-miguel-barbosa\/","url":"https:\/\/www.sonoraenequipo.com.mx\/los-que-impusieron-pluris-en-morena-calcularon-mal-y-quedaron-fuera-miguel-barbosa\/","name":"Sonora en Equipo. Los que impusieron pluris en Morena calcularon mal y quedaron fuera: Miguel Barbosa Rep\u00fablica","isPartOf":{"@id":"https:\/\/www.sonoraenequipo.com.mx\/#website"},"primaryImageOfPage":{"@id":"https:\/\/www.sonoraenequipo.com.mx\/los-que-impusieron-pluris-en-morena-calcularon-mal-y-quedaron-fuera-miguel-barbosa\/#primaryimage"},"image":{"@id":"https:\/\/www.sonoraenequipo.com.mx\/los-que-impusieron-pluris-en-morena-calcularon-mal-y-quedaron-fuera-miguel-barbosa\/#primaryimage"},"thumbnailUrl":"https:\/\/www.sonoraenequipo.com.mx\/storage\/2021\/06\/miguel-barbosa_opt.jpg","datePublished":"2021-06-17T16:05:06+00:00","dateModified":"2021-06-17T22:39:16+00:00","description":"PUEBLA, PUEBLA. MX. \u2014 El partido Morena, dijo el ejecutivo estatal, gan\u00f3 muchos distritos y no pueden tener todos los representantes con m\u00e1s de 8 puntos En Sonora en Equipo publicamos toda la informaci\u00f3n de Sonora, M\u00e9xico y el Mundo de manera oportuna y busca que la libertad de expresi\u00f3n sea real. Visita nuestro medio informativo publicado desde Hermosillo, Sonora. %","breadcrumb":{"@id":"https:\/\/www.sonoraenequipo.com.mx\/los-que-impusieron-pluris-en-morena-calcularon-mal-y-quedaron-fuera-miguel-barbosa\/#breadcrumb"},"inLanguage":"es","potentialAction":[{"@type":"ReadAction","target":["https:\/\/www.sonoraenequipo.com.mx\/los-que-impusieron-pluris-en-morena-calcularon-mal-y-quedaron-fuera-miguel-barbosa\/"]}]},{"@type":"ImageObject","inLanguage":"es","@id":"https:\/\/www.sonoraenequipo.com.mx\/los-que-impusieron-pluris-en-morena-calcularon-mal-y-quedaron-fuera-miguel-barbosa\/#primaryimage","url":"https:\/\/www.sonoraenequipo.com.mx\/storage\/2021\/06\/miguel-barbosa_opt.jpg","contentUrl":"https:\/\/www.sonoraenequipo.com.mx\/storage\/2021\/06\/miguel-barbosa_opt.jpg","width":700,"height":400},{"@type":"BreadcrumbList","@id":"https:\/\/www.sonoraenequipo.com.mx\/los-que-impusieron-pluris-en-morena-calcularon-mal-y-quedaron-fuera-miguel-barbosa\/#breadcrumb","itemListElement":[{"@type":"ListItem","position":1,"name":"Portada","item":"https:\/\/www.sonoraenequipo.com.mx\/"},{"@type":"ListItem","position":2,"name":"Los que impusieron pluris en Morena calcularon mal y quedaron fuera: Miguel Barbosa"}]},{"@type":"WebSite","@id":"https:\/\/www.sonoraenequipo.com.mx\/#website","url":"https:\/\/www.sonoraenequipo.com.mx\/","name":"Sonora en Equipo.","description":"Diario en l\u00ednea con Noticias desde Hermosillo, Sonora","publisher":{"@id":"https:\/\/www.sonoraenequipo.com.mx\/#organization"},"potentialAction":[{"@type":"SearchAction","target":{"@type":"EntryPoint","urlTemplate":"https:\/\/www.sonoraenequipo.com.mx\/?s={search_term_string}"},"query-input":{"@type":"PropertyValueSpecification","valueRequired":true,"valueName":"search_term_string"}}],"inLanguage":"es"},{"@type":"Organization","@id":"https:\/\/www.sonoraenequipo.com.mx\/#organization","name":"Sonoraenequipo.com.mx","url":"https:\/\/www.sonoraenequipo.com.mx\/","logo":{"@type":"ImageObject","inLanguage":"es","@id":"https:\/\/www.sonoraenequipo.com.mx\/#\/schema\/logo\/image\/","url":"https:\/\/www.sonoraenequipo.com.mx\/storage\/2019\/01\/sonoraenequipo_opt.png","contentUrl":"https:\/\/www.sonoraenequipo.com.mx\/storage\/2019\/01\/sonoraenequipo_opt.png","width":375,"height":125,"caption":"Sonoraenequipo.com.mx"},"image":{"@id":"https:\/\/www.sonoraenequipo.com.mx\/#\/schema\/logo\/image\/"},"sameAs":["https:\/\/www.facebook.com\/SonoraEE\/","https:\/\/x.com\/sonoraenequipo","https:\/\/www.youtube.com\/channel\/UC338nW-lPEYmJQs4ZABQ1SQ"]},{"@type":"Person","@id":"https:\/\/www.sonoraenequipo.com.mx\/#\/schema\/person\/50102df0fb23a8fa9e8effad8fa81386","name":"enequipo","image":{"@type":"ImageObject","inLanguage":"es","@id":"https:\/\/www.sonoraenequipo.com.mx\/#\/schema\/person\/image\/","url":"https:\/\/secure.gravatar.com\/avatar\/049821681b589dabc0bc20695993ccebb09f5b5d4d790cd9251b97faac7c652b?s=96&d=blank&r=g","contentUrl":"https:\/\/secure.gravatar.com\/avatar\/049821681b589dabc0bc20695993ccebb09f5b5d4d790cd9251b97faac7c652b?s=96&d=blank&r=g","caption":"enequipo"},"sameAs":["https:\/\/www.facebook.com\/SonoraEE"]}]}},"jetpack_featured_media_url":"https:\/\/www.sonoraenequipo.com.mx\/storage\/2021\/06\/miguel-barbosa_opt.jpg","_links":{"self":[{"href":"https:\/\/www.sonoraenequipo.com.mx\/api\/wp\/v2\/posts\/116585","targetHints":{"allow":["GET"]}}],"collection":[{"href":"https:\/\/www.sonoraenequipo.com.mx\/api\/wp\/v2\/posts"}],"about":[{"href":"https:\/\/www.sonoraenequipo.com.mx\/api\/wp\/v2\/types\/post"}],"author":[{"embeddable":true,"href":"https:\/\/www.sonoraenequipo.com.mx\/api\/wp\/v2\/users\/1"}],"replies":[{"embeddable":true,"href":"https:\/\/www.sonoraenequipo.com.mx\/api\/wp\/v2\/comments?post=116585"}],"version-history":[{"count":1,"href":"https:\/\/www.sonoraenequipo.com.mx\/api\/wp\/v2\/posts\/116585\/revisions"}],"predecessor-version":[{"id":116591,"href":"https:\/\/www.sonoraenequipo.com.mx\/api\/wp\/v2\/posts\/116585\/revisions\/116591"}],"wp:featuredmedia":[{"embeddable":true,"href":"https:\/\/www.sonoraenequipo.com.mx\/api\/wp\/v2\/media\/116587"}],"wp:attachment":[{"href":"https:\/\/www.sonoraenequipo.com.mx\/api\/wp\/v2\/media?parent=116585"}],"wp:term":[{"taxonomy":"category","embeddable":true,"href":"https:\/\/www.sonoraenequipo.com.mx\/api\/wp\/v2\/categories?post=116585"},{"taxonomy":"post_tag","embeddable":true,"href":"https:\/\/www.sonoraenequipo.com.mx\/api\/wp\/v2\/tags?post=116585"}],"curies":[{"name":"wp","href":"https:\/\/api.w.org\/{rel}","templated":true}]}}