{"id":116595,"date":"2021-06-17T08:00:58","date_gmt":"2021-06-17T15:00:58","guid":{"rendered":"https:\/\/www.sonoraenequipo.com.mx\/?p=116595"},"modified":"2021-06-17T10:43:01","modified_gmt":"2021-06-17T17:43:01","slug":"hay-bastante-avance-en-investigacion-del-caso-ayotzinapa-dice-amlo","status":"publish","type":"post","link":"https:\/\/www.sonoraenequipo.com.mx\/hay-bastante-avance-en-investigacion-del-caso-ayotzinapa-dice-amlo\/","title":{"rendered":"Hay bastante avance en investigaci\u00f3n del caso Ayotzinapa, dice AMLO"},"content":{"rendered":"<p>CIUDAD DE M\u00c9XICO. MX. \u2014 El presidente Andr\u00e9s Manuel L\u00f3pez Obrador asegur\u00f3 que ya se tienen los conocimientos b\u00e1sicos de lo que sucedi\u00f3 con los 43 normalistas de Ayotzinapa, desaparecidos desde septiembre de 2014, y asegur\u00f3 que \u201cnada va a impedir que haya justicia\u201d para las familias.<\/p>\n<p>&nbsp;<\/p>\n<p> <\/p>\n<p>&nbsp;<\/p>\n<p>En su conferencia ma\u00f1anera, el mandatario apunt\u00f3 que su administraci\u00f3n ha solicitado el apoyo de expertos internacionales, junto con un equipo interinstitucional, incluso, est\u00e1 considerado como un asunto de Estado y ya se tienen resultados.<\/p>\n<p>&nbsp;<\/p>\n<p><em>\u201cEs el compromiso que tenemos, entonces nada lo va a impedir porque ya est\u00e1 la investigaci\u00f3n, est\u00e1 avanzando bastante, ya se tienen los conocimientos b\u00e1sicos de lo que sucedi\u00f3, todav\u00eda no podemos dar por concluida la investigaci\u00f3n, no queremos actuar de manera irresponsable\u201d,<\/em> detall\u00f3.<\/p>\n<p>&nbsp;<\/p>\n<p>L\u00f3pez Obrador resalt\u00f3 que se poseen pruebas cient\u00edficas que comprueban la identificaci\u00f3n de tres de los j\u00f3venes, <em>\u201cpero la investigaci\u00f3n contin\u00faa y vamos a conocer todo lo que sucedi\u00f3 y se va a hacer justicia, (\u2026) nada lo va a impedir\u201d<\/em>, dijo.<\/p>\n<p>&nbsp;<\/p>\n<p><em>\u201cVamos avanzando en la investigaci\u00f3n en el caso de Ayotzinapa, acabamos de tener una reuni\u00f3n con madres padres de los j\u00f3venes, todos los que est\u00e1n participando. Es una investigaci\u00f3n que estamos haciendo de manera conjunta, tanto la Fiscal\u00eda como el Poder Ejecutivo y el Poder Judicial\u201d,<\/em> coment\u00f3.<\/p>\n<p>&nbsp;<\/p>\n<p>Se\u00f1al\u00f3 que se trata de \u201c<em>un asunto muy serio que amerita ser tratado con profesionalismo\u201d,<\/em> contrario a las acciones que se implementaron en la pasada administraci\u00f3n con la llamada verdad hist\u00f3rica que \u201c<em>ya sabemos no corresponde a lo que sucedi\u00f3\u201d.<\/em><\/p>\n<p>&nbsp;<\/p>\n<p>El jefe del Ejecutivo federal dio a conocer que, con el prop\u00f3sito de continuar con las investigaciones, el subsecretario de Derechos Humanos, Poblaci\u00f3n y Migraci\u00f3n; Alejandro Encinas, sali\u00f3 del pa\u00eds, aunque no dio a conocer el motivo.<\/p>\n<p>&nbsp;<\/p>\n<p>Del mismo modo, el Presidente record\u00f3 que esta semana se dio a conocer que en la Universidad de Innsbruk fueron identificados los restos de Jhosivani Guerrero de la Cruz, uno de los normalistas desaparecidos. En este sentido, dijo que poco a poco se han obtenido resultados aunque se quisiera avanzar m\u00e1s r\u00e1pido.<\/p>\n<p>&nbsp;<\/p>\n<p><em>\u201cEl que una autoridad detenga una investigaci\u00f3n como el caso Ayotzinapa, eso no es posible. El caso de los j\u00f3venes que desaparecen en Iguala es un asunto de Estado, no s\u00f3lo es una cuesti\u00f3n del gobierno, y no vamos a detenernos ante nada para dar tranquilidad a los padres, madres, familiares, amigos, y a todo el pueblo de Guerrero<\/em>\u201d, declar\u00f3.\u200b<\/p>\n<p>&nbsp;<\/p>\n<p>&nbsp;<\/p>\n<p>(Publicada el 17\/06\/2021 \/Pedro Dom\u00ednguez)<\/p>\n","protected":false},"excerpt":{"rendered":"<p>CIUDAD DE M\u00c9XICO. MX. \u2014 El presidente Andr\u00e9s Manuel L\u00f3pez Obrador asegur\u00f3 que ya se&#8230;<\/p>\n","protected":false},"author":1,"featured_media":116590,"comment_status":"open","ping_status":"open","sticky":false,"template":"","format":"standard","meta":{"_monsterinsights_skip_tracking":false,"_monsterinsights_sitenote_active":false,"_monsterinsights_sitenote_note":"","_monsterinsights_sitenote_category":0,"footnotes":""},"categories":[5],"tags":[],"class_list":["post"],"yoast_head":" \n<title>Sonora en Equipo. Hay bastante avance en investigaci\u00f3n del caso Ayotzinapa, dice AMLO Rep\u00fablica<\/title>\n<meta name=\"description\" content=\"CIUDAD DE M\u00c9XICO. MX. \u2014 El presidente Andr\u00e9s Manuel L\u00f3pez Obrador asegur\u00f3 que ya se tienen los conocimientos b\u00e1sicos de lo que sucedi\u00f3 con los 43 En Sonora en Equipo publicamos toda la informaci\u00f3n de Sonora, M\u00e9xico y el Mundo de manera oportuna y busca que la libertad de expresi\u00f3n sea real. Visita nuestro medio informativo publicado desde Hermosillo, Sonora. %\" \/>\n<meta name=\"robots\" content=\"index, follow, max-snippet:-1, max-image-preview:large, max-video-preview:-1\" \/>\n<link rel=\"canonical\" href=\"https:\/\/www.sonoraenequipo.com.mx\/hay-bastante-avance-en-investigacion-del-caso-ayotzinapa-dice-amlo\/\" \/>\n<meta property=\"og:locale\" content=\"es_ES\" \/>\n<meta property=\"og:type\" content=\"article\" \/>\n<meta property=\"og:title\" content=\"Sonora en Equipo. Hay bastante avance en investigaci\u00f3n del caso Ayotzinapa, dice AMLO Rep\u00fablica\" \/>\n<meta property=\"og:description\" content=\"CIUDAD DE M\u00c9XICO. MX. \u2014 El presidente Andr\u00e9s Manuel L\u00f3pez Obrador asegur\u00f3 que ya se tienen los conocimientos b\u00e1sicos de lo que sucedi\u00f3 con los 43 En Sonora en Equipo publicamos toda la informaci\u00f3n de Sonora, M\u00e9xico y el Mundo de manera oportuna y busca que la libertad de expresi\u00f3n sea real. Visita nuestro medio informativo publicado desde Hermosillo, Sonora. %\" \/>\n<meta property=\"og:url\" content=\"https:\/\/www.sonoraenequipo.com.mx\/hay-bastante-avance-en-investigacion-del-caso-ayotzinapa-dice-amlo\/\" \/>\n<meta property=\"og:site_name\" content=\"Sonora en Equipo.\" \/>\n<meta property=\"article:publisher\" content=\"https:\/\/www.facebook.com\/SonoraEE\/\" \/>\n<meta property=\"article:author\" content=\"https:\/\/www.facebook.com\/SonoraEE\" \/>\n<meta property=\"article:published_time\" content=\"2021-06-17T15:00:58+00:00\" \/>\n<meta property=\"article:modified_time\" content=\"2021-06-17T17:43:01+00:00\" \/>\n<meta property=\"og:image\" content=\"https:\/\/www.sonoraenequipo.com.mx\/storage\/2021\/06\/ayotzinapa17_opt.jpg\" \/>\n\t<meta property=\"og:image:width\" content=\"700\" \/>\n\t<meta property=\"og:image:height\" content=\"400\" \/>\n\t<meta property=\"og:image:type\" content=\"image\/jpeg\" \/>\n<meta name=\"author\" content=\"enequipo\" \/>\n<meta name=\"twitter:card\" content=\"summary_large_image\" \/>\n<meta name=\"twitter:creator\" content=\"@sonoraenequipo\" \/>\n<meta name=\"twitter:site\" content=\"@sonoraenequipo\" \/>\n<meta name=\"twitter:label1\" content=\"Escrito por\" \/>\n\t<meta name=\"twitter:data1\" content=\"enequipo\" \/>\n\t<meta name=\"twitter:label2\" content=\"Tiempo de lectura\" \/>\n\t<meta name=\"twitter:data2\" content=\"2 minutos\" \/>\n<script type=\"application\/ld+json\" class=\"yoast-schema-graph\">{\"@context\":\"https:\/\/schema.org\",\"@graph\":[{\"@type\":\"Article\",\"@id\":\"https:\/\/www.sonoraenequipo.com.mx\/hay-bastante-avance-en-investigacion-del-caso-ayotzinapa-dice-amlo\/#article\",\"isPartOf\":{\"@id\":\"https:\/\/www.sonoraenequipo.com.mx\/hay-bastante-avance-en-investigacion-del-caso-ayotzinapa-dice-amlo\/\"},\"author\":{\"name\":\"enequipo\",\"@id\":\"https:\/\/www.sonoraenequipo.com.mx\/#\/schema\/person\/50102df0fb23a8fa9e8effad8fa81386\"},\"headline\":\"Hay bastante avance en investigaci\u00f3n del caso Ayotzinapa, dice AMLO\",\"datePublished\":\"2021-06-17T15:00:58+00:00\",\"dateModified\":\"2021-06-17T17:43:01+00:00\",\"mainEntityOfPage\":{\"@id\":\"https:\/\/www.sonoraenequipo.com.mx\/hay-bastante-avance-en-investigacion-del-caso-ayotzinapa-dice-amlo\/\"},\"wordCount\":462,\"commentCount\":0,\"publisher\":{\"@id\":\"https:\/\/www.sonoraenequipo.com.mx\/#organization\"},\"image\":{\"@id\":\"https:\/\/www.sonoraenequipo.com.mx\/hay-bastante-avance-en-investigacion-del-caso-ayotzinapa-dice-amlo\/#primaryimage\"},\"thumbnailUrl\":\"https:\/\/www.sonoraenequipo.com.mx\/storage\/2021\/06\/ayotzinapa17_opt.jpg\",\"articleSection\":[\"Rep\u00fablica\"],\"inLanguage\":\"es\",\"potentialAction\":[{\"@type\":\"CommentAction\",\"name\":\"Comment\",\"target\":[\"https:\/\/www.sonoraenequipo.com.mx\/hay-bastante-avance-en-investigacion-del-caso-ayotzinapa-dice-amlo\/#respond\"]}]},{\"@type\":\"WebPage\",\"@id\":\"https:\/\/www.sonoraenequipo.com.mx\/hay-bastante-avance-en-investigacion-del-caso-ayotzinapa-dice-amlo\/\",\"url\":\"https:\/\/www.sonoraenequipo.com.mx\/hay-bastante-avance-en-investigacion-del-caso-ayotzinapa-dice-amlo\/\",\"name\":\"Sonora en Equipo. Hay bastante avance en investigaci\u00f3n del caso Ayotzinapa, dice AMLO Rep\u00fablica\",\"isPartOf\":{\"@id\":\"https:\/\/www.sonoraenequipo.com.mx\/#website\"},\"primaryImageOfPage\":{\"@id\":\"https:\/\/www.sonoraenequipo.com.mx\/hay-bastante-avance-en-investigacion-del-caso-ayotzinapa-dice-amlo\/#primaryimage\"},\"image\":{\"@id\":\"https:\/\/www.sonoraenequipo.com.mx\/hay-bastante-avance-en-investigacion-del-caso-ayotzinapa-dice-amlo\/#primaryimage\"},\"thumbnailUrl\":\"https:\/\/www.sonoraenequipo.com.mx\/storage\/2021\/06\/ayotzinapa17_opt.jpg\",\"datePublished\":\"2021-06-17T15:00:58+00:00\",\"dateModified\":\"2021-06-17T17:43:01+00:00\",\"description\":\"CIUDAD DE M\u00c9XICO. MX. \u2014 El presidente Andr\u00e9s Manuel L\u00f3pez Obrador asegur\u00f3 que ya se tienen los conocimientos b\u00e1sicos de lo que sucedi\u00f3 con los 43 En Sonora en Equipo publicamos toda la informaci\u00f3n de Sonora, M\u00e9xico y el Mundo de manera oportuna y busca que la libertad de expresi\u00f3n sea real. Visita nuestro medio informativo publicado desde Hermosillo, Sonora. %\",\"breadcrumb\":{\"@id\":\"https:\/\/www.sonoraenequipo.com.mx\/hay-bastante-avance-en-investigacion-del-caso-ayotzinapa-dice-amlo\/#breadcrumb\"},\"inLanguage\":\"es\",\"potentialAction\":[{\"@type\":\"ReadAction\",\"target\":[\"https:\/\/www.sonoraenequipo.com.mx\/hay-bastante-avance-en-investigacion-del-caso-ayotzinapa-dice-amlo\/\"]}]},{\"@type\":\"ImageObject\",\"inLanguage\":\"es\",\"@id\":\"https:\/\/www.sonoraenequipo.com.mx\/hay-bastante-avance-en-investigacion-del-caso-ayotzinapa-dice-amlo\/#primaryimage\",\"url\":\"https:\/\/www.sonoraenequipo.com.mx\/storage\/2021\/06\/ayotzinapa17_opt.jpg\",\"contentUrl\":\"https:\/\/www.sonoraenequipo.com.mx\/storage\/2021\/06\/ayotzinapa17_opt.jpg\",\"width\":700,\"height\":400},{\"@type\":\"BreadcrumbList\",\"@id\":\"https:\/\/www.sonoraenequipo.com.mx\/hay-bastante-avance-en-investigacion-del-caso-ayotzinapa-dice-amlo\/#breadcrumb\",\"itemListElement\":[{\"@type\":\"ListItem\",\"position\":1,\"name\":\"Portada\",\"item\":\"https:\/\/www.sonoraenequipo.com.mx\/\"},{\"@type\":\"ListItem\",\"position\":2,\"name\":\"Hay bastante avance en investigaci\u00f3n del caso Ayotzinapa, dice AMLO\"}]},{\"@type\":\"WebSite\",\"@id\":\"https:\/\/www.sonoraenequipo.com.mx\/#website\",\"url\":\"https:\/\/www.sonoraenequipo.com.mx\/\",\"name\":\"Sonora en Equipo.\",\"description\":\"Diario en l\u00ednea con Noticias desde Hermosillo, Sonora\",\"publisher\":{\"@id\":\"https:\/\/www.sonoraenequipo.com.mx\/#organization\"},\"potentialAction\":[{\"@type\":\"SearchAction\",\"target\":{\"@type\":\"EntryPoint\",\"urlTemplate\":\"https:\/\/www.sonoraenequipo.com.mx\/?s={search_term_string}\"},\"query-input\":{\"@type\":\"PropertyValueSpecification\",\"valueRequired\":true,\"valueName\":\"search_term_string\"}}],\"inLanguage\":\"es\"},{\"@type\":\"Organization\",\"@id\":\"https:\/\/www.sonoraenequipo.com.mx\/#organization\",\"name\":\"Sonoraenequipo.com.mx\",\"url\":\"https:\/\/www.sonoraenequipo.com.mx\/\",\"logo\":{\"@type\":\"ImageObject\",\"inLanguage\":\"es\",\"@id\":\"https:\/\/www.sonoraenequipo.com.mx\/#\/schema\/logo\/image\/\",\"url\":\"https:\/\/www.sonoraenequipo.com.mx\/storage\/2019\/01\/sonoraenequipo_opt.png\",\"contentUrl\":\"https:\/\/www.sonoraenequipo.com.mx\/storage\/2019\/01\/sonoraenequipo_opt.png\",\"width\":375,\"height\":125,\"caption\":\"Sonoraenequipo.com.mx\"},\"image\":{\"@id\":\"https:\/\/www.sonoraenequipo.com.mx\/#\/schema\/logo\/image\/\"},\"sameAs\":[\"https:\/\/www.facebook.com\/SonoraEE\/\",\"https:\/\/x.com\/sonoraenequipo\",\"https:\/\/www.youtube.com\/channel\/UC338nW-lPEYmJQs4ZABQ1SQ\"]},{\"@type\":\"Person\",\"@id\":\"https:\/\/www.sonoraenequipo.com.mx\/#\/schema\/person\/50102df0fb23a8fa9e8effad8fa81386\",\"name\":\"enequipo\",\"image\":{\"@type\":\"ImageObject\",\"inLanguage\":\"es\",\"@id\":\"https:\/\/www.sonoraenequipo.com.mx\/#\/schema\/person\/image\/\",\"url\":\"https:\/\/secure.gravatar.com\/avatar\/049821681b589dabc0bc20695993ccebb09f5b5d4d790cd9251b97faac7c652b?s=96&d=blank&r=g\",\"contentUrl\":\"https:\/\/secure.gravatar.com\/avatar\/049821681b589dabc0bc20695993ccebb09f5b5d4d790cd9251b97faac7c652b?s=96&d=blank&r=g\",\"caption\":\"enequipo\"},\"sameAs\":[\"https:\/\/www.facebook.com\/SonoraEE\"]}]}<\/script>\n ","yoast_head_json":{"title":"Sonora en Equipo. Hay bastante avance en investigaci\u00f3n del caso Ayotzinapa, dice AMLO Rep\u00fablica","description":"CIUDAD DE M\u00c9XICO. MX. \u2014 El presidente Andr\u00e9s Manuel L\u00f3pez Obrador asegur\u00f3 que ya se tienen los conocimientos b\u00e1sicos de lo que sucedi\u00f3 con los 43 En Sonora en Equipo publicamos toda la informaci\u00f3n de Sonora, M\u00e9xico y el Mundo de manera oportuna y busca que la libertad de expresi\u00f3n sea real. Visita nuestro medio informativo publicado desde Hermosillo, Sonora. %","robots":{"index":"index","follow":"follow","max-snippet":"max-snippet:-1","max-image-preview":"max-image-preview:large","max-video-preview":"max-video-preview:-1"},"canonical":"https:\/\/www.sonoraenequipo.com.mx\/hay-bastante-avance-en-investigacion-del-caso-ayotzinapa-dice-amlo\/","og_locale":"es_ES","og_type":"article","og_title":"Sonora en Equipo. Hay bastante avance en investigaci\u00f3n del caso Ayotzinapa, dice AMLO Rep\u00fablica","og_description":"CIUDAD DE M\u00c9XICO. MX. \u2014 El presidente Andr\u00e9s Manuel L\u00f3pez Obrador asegur\u00f3 que ya se tienen los conocimientos b\u00e1sicos de lo que sucedi\u00f3 con los 43 En Sonora en Equipo publicamos toda la informaci\u00f3n de Sonora, M\u00e9xico y el Mundo de manera oportuna y busca que la libertad de expresi\u00f3n sea real. Visita nuestro medio informativo publicado desde Hermosillo, Sonora. %","og_url":"https:\/\/www.sonoraenequipo.com.mx\/hay-bastante-avance-en-investigacion-del-caso-ayotzinapa-dice-amlo\/","og_site_name":"Sonora en Equipo.","article_publisher":"https:\/\/www.facebook.com\/SonoraEE\/","article_author":"https:\/\/www.facebook.com\/SonoraEE","article_published_time":"2021-06-17T15:00:58+00:00","article_modified_time":"2021-06-17T17:43:01+00:00","og_image":[{"width":700,"height":400,"url":"https:\/\/www.sonoraenequipo.com.mx\/storage\/2021\/06\/ayotzinapa17_opt.jpg","type":"image\/jpeg"}],"author":"enequipo","twitter_card":"summary_large_image","twitter_creator":"@sonoraenequipo","twitter_site":"@sonoraenequipo","twitter_misc":{"Escrito por":"enequipo","Tiempo de lectura":"2 minutos"},"schema":{"@context":"https:\/\/schema.org","@graph":[{"@type":"Article","@id":"https:\/\/www.sonoraenequipo.com.mx\/hay-bastante-avance-en-investigacion-del-caso-ayotzinapa-dice-amlo\/#article","isPartOf":{"@id":"https:\/\/www.sonoraenequipo.com.mx\/hay-bastante-avance-en-investigacion-del-caso-ayotzinapa-dice-amlo\/"},"author":{"name":"enequipo","@id":"https:\/\/www.sonoraenequipo.com.mx\/#\/schema\/person\/50102df0fb23a8fa9e8effad8fa81386"},"headline":"Hay bastante avance en investigaci\u00f3n del caso Ayotzinapa, dice AMLO","datePublished":"2021-06-17T15:00:58+00:00","dateModified":"2021-06-17T17:43:01+00:00","mainEntityOfPage":{"@id":"https:\/\/www.sonoraenequipo.com.mx\/hay-bastante-avance-en-investigacion-del-caso-ayotzinapa-dice-amlo\/"},"wordCount":462,"commentCount":0,"publisher":{"@id":"https:\/\/www.sonoraenequipo.com.mx\/#organization"},"image":{"@id":"https:\/\/www.sonoraenequipo.com.mx\/hay-bastante-avance-en-investigacion-del-caso-ayotzinapa-dice-amlo\/#primaryimage"},"thumbnailUrl":"https:\/\/www.sonoraenequipo.com.mx\/storage\/2021\/06\/ayotzinapa17_opt.jpg","articleSection":["Rep\u00fablica"],"inLanguage":"es","potentialAction":[{"@type":"CommentAction","name":"Comment","target":["https:\/\/www.sonoraenequipo.com.mx\/hay-bastante-avance-en-investigacion-del-caso-ayotzinapa-dice-amlo\/#respond"]}]},{"@type":"WebPage","@id":"https:\/\/www.sonoraenequipo.com.mx\/hay-bastante-avance-en-investigacion-del-caso-ayotzinapa-dice-amlo\/","url":"https:\/\/www.sonoraenequipo.com.mx\/hay-bastante-avance-en-investigacion-del-caso-ayotzinapa-dice-amlo\/","name":"Sonora en Equipo. Hay bastante avance en investigaci\u00f3n del caso Ayotzinapa, dice AMLO Rep\u00fablica","isPartOf":{"@id":"https:\/\/www.sonoraenequipo.com.mx\/#website"},"primaryImageOfPage":{"@id":"https:\/\/www.sonoraenequipo.com.mx\/hay-bastante-avance-en-investigacion-del-caso-ayotzinapa-dice-amlo\/#primaryimage"},"image":{"@id":"https:\/\/www.sonoraenequipo.com.mx\/hay-bastante-avance-en-investigacion-del-caso-ayotzinapa-dice-amlo\/#primaryimage"},"thumbnailUrl":"https:\/\/www.sonoraenequipo.com.mx\/storage\/2021\/06\/ayotzinapa17_opt.jpg","datePublished":"2021-06-17T15:00:58+00:00","dateModified":"2021-06-17T17:43:01+00:00","description":"CIUDAD DE M\u00c9XICO. MX. \u2014 El presidente Andr\u00e9s Manuel L\u00f3pez Obrador asegur\u00f3 que ya se tienen los conocimientos b\u00e1sicos de lo que sucedi\u00f3 con los 43 En Sonora en Equipo publicamos toda la informaci\u00f3n de Sonora, M\u00e9xico y el Mundo de manera oportuna y busca que la libertad de expresi\u00f3n sea real. Visita nuestro medio informativo publicado desde Hermosillo, Sonora. %","breadcrumb":{"@id":"https:\/\/www.sonoraenequipo.com.mx\/hay-bastante-avance-en-investigacion-del-caso-ayotzinapa-dice-amlo\/#breadcrumb"},"inLanguage":"es","potentialAction":[{"@type":"ReadAction","target":["https:\/\/www.sonoraenequipo.com.mx\/hay-bastante-avance-en-investigacion-del-caso-ayotzinapa-dice-amlo\/"]}]},{"@type":"ImageObject","inLanguage":"es","@id":"https:\/\/www.sonoraenequipo.com.mx\/hay-bastante-avance-en-investigacion-del-caso-ayotzinapa-dice-amlo\/#primaryimage","url":"https:\/\/www.sonoraenequipo.com.mx\/storage\/2021\/06\/ayotzinapa17_opt.jpg","contentUrl":"https:\/\/www.sonoraenequipo.com.mx\/storage\/2021\/06\/ayotzinapa17_opt.jpg","width":700,"height":400},{"@type":"BreadcrumbList","@id":"https:\/\/www.sonoraenequipo.com.mx\/hay-bastante-avance-en-investigacion-del-caso-ayotzinapa-dice-amlo\/#breadcrumb","itemListElement":[{"@type":"ListItem","position":1,"name":"Portada","item":"https:\/\/www.sonoraenequipo.com.mx\/"},{"@type":"ListItem","position":2,"name":"Hay bastante avance en investigaci\u00f3n del caso Ayotzinapa, dice AMLO"}]},{"@type":"WebSite","@id":"https:\/\/www.sonoraenequipo.com.mx\/#website","url":"https:\/\/www.sonoraenequipo.com.mx\/","name":"Sonora en Equipo.","description":"Diario en l\u00ednea con Noticias desde Hermosillo, Sonora","publisher":{"@id":"https:\/\/www.sonoraenequipo.com.mx\/#organization"},"potentialAction":[{"@type":"SearchAction","target":{"@type":"EntryPoint","urlTemplate":"https:\/\/www.sonoraenequipo.com.mx\/?s={search_term_string}"},"query-input":{"@type":"PropertyValueSpecification","valueRequired":true,"valueName":"search_term_string"}}],"inLanguage":"es"},{"@type":"Organization","@id":"https:\/\/www.sonoraenequipo.com.mx\/#organization","name":"Sonoraenequipo.com.mx","url":"https:\/\/www.sonoraenequipo.com.mx\/","logo":{"@type":"ImageObject","inLanguage":"es","@id":"https:\/\/www.sonoraenequipo.com.mx\/#\/schema\/logo\/image\/","url":"https:\/\/www.sonoraenequipo.com.mx\/storage\/2019\/01\/sonoraenequipo_opt.png","contentUrl":"https:\/\/www.sonoraenequipo.com.mx\/storage\/2019\/01\/sonoraenequipo_opt.png","width":375,"height":125,"caption":"Sonoraenequipo.com.mx"},"image":{"@id":"https:\/\/www.sonoraenequipo.com.mx\/#\/schema\/logo\/image\/"},"sameAs":["https:\/\/www.facebook.com\/SonoraEE\/","https:\/\/x.com\/sonoraenequipo","https:\/\/www.youtube.com\/channel\/UC338nW-lPEYmJQs4ZABQ1SQ"]},{"@type":"Person","@id":"https:\/\/www.sonoraenequipo.com.mx\/#\/schema\/person\/50102df0fb23a8fa9e8effad8fa81386","name":"enequipo","image":{"@type":"ImageObject","inLanguage":"es","@id":"https:\/\/www.sonoraenequipo.com.mx\/#\/schema\/person\/image\/","url":"https:\/\/secure.gravatar.com\/avatar\/049821681b589dabc0bc20695993ccebb09f5b5d4d790cd9251b97faac7c652b?s=96&d=blank&r=g","contentUrl":"https:\/\/secure.gravatar.com\/avatar\/049821681b589dabc0bc20695993ccebb09f5b5d4d790cd9251b97faac7c652b?s=96&d=blank&r=g","caption":"enequipo"},"sameAs":["https:\/\/www.facebook.com\/SonoraEE"]}]}},"jetpack_featured_media_url":"https:\/\/www.sonoraenequipo.com.mx\/storage\/2021\/06\/ayotzinapa17_opt.jpg","_links":{"self":[{"href":"https:\/\/www.sonoraenequipo.com.mx\/api\/wp\/v2\/posts\/116595","targetHints":{"allow":["GET"]}}],"collection":[{"href":"https:\/\/www.sonoraenequipo.com.mx\/api\/wp\/v2\/posts"}],"about":[{"href":"https:\/\/www.sonoraenequipo.com.mx\/api\/wp\/v2\/types\/post"}],"author":[{"embeddable":true,"href":"https:\/\/www.sonoraenequipo.com.mx\/api\/wp\/v2\/users\/1"}],"replies":[{"embeddable":true,"href":"https:\/\/www.sonoraenequipo.com.mx\/api\/wp\/v2\/comments?post=116595"}],"version-history":[{"count":1,"href":"https:\/\/www.sonoraenequipo.com.mx\/api\/wp\/v2\/posts\/116595\/revisions"}],"predecessor-version":[{"id":116596,"href":"https:\/\/www.sonoraenequipo.com.mx\/api\/wp\/v2\/posts\/116595\/revisions\/116596"}],"wp:featuredmedia":[{"embeddable":true,"href":"https:\/\/www.sonoraenequipo.com.mx\/api\/wp\/v2\/media\/116590"}],"wp:attachment":[{"href":"https:\/\/www.sonoraenequipo.com.mx\/api\/wp\/v2\/media?parent=116595"}],"wp:term":[{"taxonomy":"category","embeddable":true,"href":"https:\/\/www.sonoraenequipo.com.mx\/api\/wp\/v2\/categories?post=116595"},{"taxonomy":"post_tag","embeddable":true,"href":"https:\/\/www.sonoraenequipo.com.mx\/api\/wp\/v2\/tags?post=116595"}],"curies":[{"name":"wp","href":"https:\/\/api.w.org\/{rel}","templated":true}]}}