{"id":116597,"date":"2021-06-17T06:00:17","date_gmt":"2021-06-17T13:00:17","guid":{"rendered":"https:\/\/www.sonoraenequipo.com.mx\/?p=116597"},"modified":"2021-06-17T10:51:53","modified_gmt":"2021-06-17T17:51:53","slug":"250-mil-alumnos-regresan-a-clases-presenciales-en-edomex","status":"publish","type":"post","link":"https:\/\/www.sonoraenequipo.com.mx\/250-mil-alumnos-regresan-a-clases-presenciales-en-edomex\/","title":{"rendered":"250 mil alumnos regresan a clases presenciales en Edomex"},"content":{"rendered":"<p>ESTADO DE M\u00c9XICO. MX. \u2014 En los primeros dos d\u00edas de clases presenciales se contabilizaron 6 mil escuelas abiertas de las 25 mil del sistema b\u00e1sico.<\/p>\n<p>&nbsp;<\/p>\n<p> <\/p>\n<p>Pese a que las escuelas del sistema educativo mexiquense reabrieron el lunes pasado, solo 250 mil alumnos volvieron a las aulas, de los 4.5 millones.<\/p>\n<p>&nbsp;<\/p>\n<p>De acuerdo con datos de la Secretar\u00eda de Educaci\u00f3n estatal, en los primeros dos d\u00edas de clases presenciales se contabilizaron 6 mil escuelas abiertas de las 25 mil del sistema b\u00e1sico.<\/p>\n<p>&nbsp;<\/p>\n<p>Asimismo, 80 mil docentes comenzaron con el sistema presenciales, de 200 mil que conforman la plantilla de maestros, tambi\u00e9n del sistema b\u00e1sico.<\/p>\n<p>De acuerdo con una encuesta realizada semanas antes del sem\u00e1foro verde en la entidad, por la Uni\u00f3n Nacional de Padres de Familia, m\u00e1s del 60 por ciento de las familias consultadas respondieron que prefer\u00edan no enviar a sus hijos a las aulas.<\/p>\n<p>&nbsp;<\/p>\n<p>Un porcentaje similar respondi\u00f3 que solo enviar\u00e1n a sus hijos a la escuela hasta que se haya culminado con el proceso de vacunaci\u00f3n en la entidad, o hasta el siguiente ciclo escolar.<\/p>\n<p>&nbsp;<\/p>\n<p>(Publicada el 17\/06\/2021 \/Con informaci\u00f3n de El Sol de Toluca)<\/p>\n","protected":false},"excerpt":{"rendered":"<p>ESTADO DE M\u00c9XICO. MX. \u2014 En los primeros dos d\u00edas de clases presenciales se contabilizaron&#8230;<\/p>\n","protected":false},"author":1,"featured_media":116586,"comment_status":"open","ping_status":"open","sticky":false,"template":"","format":"standard","meta":{"_monsterinsights_skip_tracking":false,"_monsterinsights_sitenote_active":false,"_monsterinsights_sitenote_note":"","_monsterinsights_sitenote_category":0,"footnotes":""},"categories":[5],"tags":[],"class_list":["post"],"yoast_head":" \n<title>Sonora en Equipo. 250 mil alumnos regresan a clases presenciales en Edomex Rep\u00fablica<\/title>\n<meta name=\"description\" content=\"ESTADO DE M\u00c9XICO. MX. \u2014 En los primeros dos d\u00edas de clases presenciales se contabilizaron 6 mil escuelas abiertas de las 25 mil del sistema b\u00e1sico. &nbsp; En Sonora en Equipo publicamos toda la informaci\u00f3n de Sonora, M\u00e9xico y el Mundo de manera oportuna y busca que la libertad de expresi\u00f3n sea real. Visita nuestro medio informativo publicado desde Hermosillo, Sonora. %\" \/>\n<meta name=\"robots\" content=\"index, follow, max-snippet:-1, max-image-preview:large, max-video-preview:-1\" \/>\n<link rel=\"canonical\" href=\"https:\/\/www.sonoraenequipo.com.mx\/250-mil-alumnos-regresan-a-clases-presenciales-en-edomex\/\" \/>\n<meta property=\"og:locale\" content=\"es_ES\" \/>\n<meta property=\"og:type\" content=\"article\" \/>\n<meta property=\"og:title\" content=\"Sonora en Equipo. 250 mil alumnos regresan a clases presenciales en Edomex Rep\u00fablica\" \/>\n<meta property=\"og:description\" content=\"ESTADO DE M\u00c9XICO. MX. \u2014 En los primeros dos d\u00edas de clases presenciales se contabilizaron 6 mil escuelas abiertas de las 25 mil del sistema b\u00e1sico. &nbsp; En Sonora en Equipo publicamos toda la informaci\u00f3n de Sonora, M\u00e9xico y el Mundo de manera oportuna y busca que la libertad de expresi\u00f3n sea real. Visita nuestro medio informativo publicado desde Hermosillo, Sonora. %\" \/>\n<meta property=\"og:url\" content=\"https:\/\/www.sonoraenequipo.com.mx\/250-mil-alumnos-regresan-a-clases-presenciales-en-edomex\/\" \/>\n<meta property=\"og:site_name\" content=\"Sonora en Equipo.\" \/>\n<meta property=\"article:publisher\" content=\"https:\/\/www.facebook.com\/SonoraEE\/\" \/>\n<meta property=\"article:author\" content=\"https:\/\/www.facebook.com\/SonoraEE\" \/>\n<meta property=\"article:published_time\" content=\"2021-06-17T13:00:17+00:00\" \/>\n<meta property=\"article:modified_time\" content=\"2021-06-17T17:51:53+00:00\" \/>\n<meta property=\"og:image\" content=\"https:\/\/www.sonoraenequipo.com.mx\/storage\/2021\/06\/clases-presenciales-en-edomex_opt.jpg\" \/>\n\t<meta property=\"og:image:width\" content=\"700\" \/>\n\t<meta property=\"og:image:height\" content=\"400\" \/>\n\t<meta property=\"og:image:type\" content=\"image\/jpeg\" \/>\n<meta name=\"author\" content=\"enequipo\" \/>\n<meta name=\"twitter:card\" content=\"summary_large_image\" \/>\n<meta name=\"twitter:creator\" content=\"@sonoraenequipo\" \/>\n<meta name=\"twitter:site\" content=\"@sonoraenequipo\" \/>\n<meta name=\"twitter:label1\" content=\"Escrito por\" \/>\n\t<meta name=\"twitter:data1\" content=\"enequipo\" \/>\n\t<meta name=\"twitter:label2\" content=\"Tiempo de lectura\" \/>\n\t<meta name=\"twitter:data2\" content=\"1 minuto\" \/>\n<script type=\"application\/ld+json\" class=\"yoast-schema-graph\">{\"@context\":\"https:\/\/schema.org\",\"@graph\":[{\"@type\":\"Article\",\"@id\":\"https:\/\/www.sonoraenequipo.com.mx\/250-mil-alumnos-regresan-a-clases-presenciales-en-edomex\/#article\",\"isPartOf\":{\"@id\":\"https:\/\/www.sonoraenequipo.com.mx\/250-mil-alumnos-regresan-a-clases-presenciales-en-edomex\/\"},\"author\":{\"name\":\"enequipo\",\"@id\":\"https:\/\/www.sonoraenequipo.com.mx\/#\/schema\/person\/50102df0fb23a8fa9e8effad8fa81386\"},\"headline\":\"250 mil alumnos regresan a clases presenciales en Edomex\",\"datePublished\":\"2021-06-17T13:00:17+00:00\",\"dateModified\":\"2021-06-17T17:51:53+00:00\",\"mainEntityOfPage\":{\"@id\":\"https:\/\/www.sonoraenequipo.com.mx\/250-mil-alumnos-regresan-a-clases-presenciales-en-edomex\/\"},\"wordCount\":206,\"commentCount\":0,\"publisher\":{\"@id\":\"https:\/\/www.sonoraenequipo.com.mx\/#organization\"},\"image\":{\"@id\":\"https:\/\/www.sonoraenequipo.com.mx\/250-mil-alumnos-regresan-a-clases-presenciales-en-edomex\/#primaryimage\"},\"thumbnailUrl\":\"https:\/\/www.sonoraenequipo.com.mx\/storage\/2021\/06\/clases-presenciales-en-edomex_opt.jpg\",\"articleSection\":[\"Rep\u00fablica\"],\"inLanguage\":\"es\",\"potentialAction\":[{\"@type\":\"CommentAction\",\"name\":\"Comment\",\"target\":[\"https:\/\/www.sonoraenequipo.com.mx\/250-mil-alumnos-regresan-a-clases-presenciales-en-edomex\/#respond\"]}]},{\"@type\":\"WebPage\",\"@id\":\"https:\/\/www.sonoraenequipo.com.mx\/250-mil-alumnos-regresan-a-clases-presenciales-en-edomex\/\",\"url\":\"https:\/\/www.sonoraenequipo.com.mx\/250-mil-alumnos-regresan-a-clases-presenciales-en-edomex\/\",\"name\":\"Sonora en Equipo. 250 mil alumnos regresan a clases presenciales en Edomex Rep\u00fablica\",\"isPartOf\":{\"@id\":\"https:\/\/www.sonoraenequipo.com.mx\/#website\"},\"primaryImageOfPage\":{\"@id\":\"https:\/\/www.sonoraenequipo.com.mx\/250-mil-alumnos-regresan-a-clases-presenciales-en-edomex\/#primaryimage\"},\"image\":{\"@id\":\"https:\/\/www.sonoraenequipo.com.mx\/250-mil-alumnos-regresan-a-clases-presenciales-en-edomex\/#primaryimage\"},\"thumbnailUrl\":\"https:\/\/www.sonoraenequipo.com.mx\/storage\/2021\/06\/clases-presenciales-en-edomex_opt.jpg\",\"datePublished\":\"2021-06-17T13:00:17+00:00\",\"dateModified\":\"2021-06-17T17:51:53+00:00\",\"description\":\"ESTADO DE M\u00c9XICO. MX. \u2014 En los primeros dos d\u00edas de clases presenciales se contabilizaron 6 mil escuelas abiertas de las 25 mil del sistema b\u00e1sico. &nbsp; En Sonora en Equipo publicamos toda la informaci\u00f3n de Sonora, M\u00e9xico y el Mundo de manera oportuna y busca que la libertad de expresi\u00f3n sea real. Visita nuestro medio informativo publicado desde Hermosillo, Sonora. %\",\"breadcrumb\":{\"@id\":\"https:\/\/www.sonoraenequipo.com.mx\/250-mil-alumnos-regresan-a-clases-presenciales-en-edomex\/#breadcrumb\"},\"inLanguage\":\"es\",\"potentialAction\":[{\"@type\":\"ReadAction\",\"target\":[\"https:\/\/www.sonoraenequipo.com.mx\/250-mil-alumnos-regresan-a-clases-presenciales-en-edomex\/\"]}]},{\"@type\":\"ImageObject\",\"inLanguage\":\"es\",\"@id\":\"https:\/\/www.sonoraenequipo.com.mx\/250-mil-alumnos-regresan-a-clases-presenciales-en-edomex\/#primaryimage\",\"url\":\"https:\/\/www.sonoraenequipo.com.mx\/storage\/2021\/06\/clases-presenciales-en-edomex_opt.jpg\",\"contentUrl\":\"https:\/\/www.sonoraenequipo.com.mx\/storage\/2021\/06\/clases-presenciales-en-edomex_opt.jpg\",\"width\":700,\"height\":400},{\"@type\":\"BreadcrumbList\",\"@id\":\"https:\/\/www.sonoraenequipo.com.mx\/250-mil-alumnos-regresan-a-clases-presenciales-en-edomex\/#breadcrumb\",\"itemListElement\":[{\"@type\":\"ListItem\",\"position\":1,\"name\":\"Portada\",\"item\":\"https:\/\/www.sonoraenequipo.com.mx\/\"},{\"@type\":\"ListItem\",\"position\":2,\"name\":\"250 mil alumnos regresan a clases presenciales en Edomex\"}]},{\"@type\":\"WebSite\",\"@id\":\"https:\/\/www.sonoraenequipo.com.mx\/#website\",\"url\":\"https:\/\/www.sonoraenequipo.com.mx\/\",\"name\":\"Sonora en Equipo.\",\"description\":\"Diario en l\u00ednea con Noticias desde Hermosillo, Sonora\",\"publisher\":{\"@id\":\"https:\/\/www.sonoraenequipo.com.mx\/#organization\"},\"potentialAction\":[{\"@type\":\"SearchAction\",\"target\":{\"@type\":\"EntryPoint\",\"urlTemplate\":\"https:\/\/www.sonoraenequipo.com.mx\/?s={search_term_string}\"},\"query-input\":{\"@type\":\"PropertyValueSpecification\",\"valueRequired\":true,\"valueName\":\"search_term_string\"}}],\"inLanguage\":\"es\"},{\"@type\":\"Organization\",\"@id\":\"https:\/\/www.sonoraenequipo.com.mx\/#organization\",\"name\":\"Sonoraenequipo.com.mx\",\"url\":\"https:\/\/www.sonoraenequipo.com.mx\/\",\"logo\":{\"@type\":\"ImageObject\",\"inLanguage\":\"es\",\"@id\":\"https:\/\/www.sonoraenequipo.com.mx\/#\/schema\/logo\/image\/\",\"url\":\"https:\/\/www.sonoraenequipo.com.mx\/storage\/2019\/01\/sonoraenequipo_opt.png\",\"contentUrl\":\"https:\/\/www.sonoraenequipo.com.mx\/storage\/2019\/01\/sonoraenequipo_opt.png\",\"width\":375,\"height\":125,\"caption\":\"Sonoraenequipo.com.mx\"},\"image\":{\"@id\":\"https:\/\/www.sonoraenequipo.com.mx\/#\/schema\/logo\/image\/\"},\"sameAs\":[\"https:\/\/www.facebook.com\/SonoraEE\/\",\"https:\/\/x.com\/sonoraenequipo\",\"https:\/\/www.youtube.com\/channel\/UC338nW-lPEYmJQs4ZABQ1SQ\"]},{\"@type\":\"Person\",\"@id\":\"https:\/\/www.sonoraenequipo.com.mx\/#\/schema\/person\/50102df0fb23a8fa9e8effad8fa81386\",\"name\":\"enequipo\",\"image\":{\"@type\":\"ImageObject\",\"inLanguage\":\"es\",\"@id\":\"https:\/\/www.sonoraenequipo.com.mx\/#\/schema\/person\/image\/\",\"url\":\"https:\/\/secure.gravatar.com\/avatar\/049821681b589dabc0bc20695993ccebb09f5b5d4d790cd9251b97faac7c652b?s=96&d=blank&r=g\",\"contentUrl\":\"https:\/\/secure.gravatar.com\/avatar\/049821681b589dabc0bc20695993ccebb09f5b5d4d790cd9251b97faac7c652b?s=96&d=blank&r=g\",\"caption\":\"enequipo\"},\"sameAs\":[\"https:\/\/www.facebook.com\/SonoraEE\"]}]}<\/script>\n ","yoast_head_json":{"title":"Sonora en Equipo. 250 mil alumnos regresan a clases presenciales en Edomex Rep\u00fablica","description":"ESTADO DE M\u00c9XICO. MX. \u2014 En los primeros dos d\u00edas de clases presenciales se contabilizaron 6 mil escuelas abiertas de las 25 mil del sistema b\u00e1sico. &nbsp; En Sonora en Equipo publicamos toda la informaci\u00f3n de Sonora, M\u00e9xico y el Mundo de manera oportuna y busca que la libertad de expresi\u00f3n sea real. Visita nuestro medio informativo publicado desde Hermosillo, Sonora. %","robots":{"index":"index","follow":"follow","max-snippet":"max-snippet:-1","max-image-preview":"max-image-preview:large","max-video-preview":"max-video-preview:-1"},"canonical":"https:\/\/www.sonoraenequipo.com.mx\/250-mil-alumnos-regresan-a-clases-presenciales-en-edomex\/","og_locale":"es_ES","og_type":"article","og_title":"Sonora en Equipo. 250 mil alumnos regresan a clases presenciales en Edomex Rep\u00fablica","og_description":"ESTADO DE M\u00c9XICO. MX. \u2014 En los primeros dos d\u00edas de clases presenciales se contabilizaron 6 mil escuelas abiertas de las 25 mil del sistema b\u00e1sico. &nbsp; En Sonora en Equipo publicamos toda la informaci\u00f3n de Sonora, M\u00e9xico y el Mundo de manera oportuna y busca que la libertad de expresi\u00f3n sea real. Visita nuestro medio informativo publicado desde Hermosillo, Sonora. %","og_url":"https:\/\/www.sonoraenequipo.com.mx\/250-mil-alumnos-regresan-a-clases-presenciales-en-edomex\/","og_site_name":"Sonora en Equipo.","article_publisher":"https:\/\/www.facebook.com\/SonoraEE\/","article_author":"https:\/\/www.facebook.com\/SonoraEE","article_published_time":"2021-06-17T13:00:17+00:00","article_modified_time":"2021-06-17T17:51:53+00:00","og_image":[{"width":700,"height":400,"url":"https:\/\/www.sonoraenequipo.com.mx\/storage\/2021\/06\/clases-presenciales-en-edomex_opt.jpg","type":"image\/jpeg"}],"author":"enequipo","twitter_card":"summary_large_image","twitter_creator":"@sonoraenequipo","twitter_site":"@sonoraenequipo","twitter_misc":{"Escrito por":"enequipo","Tiempo de lectura":"1 minuto"},"schema":{"@context":"https:\/\/schema.org","@graph":[{"@type":"Article","@id":"https:\/\/www.sonoraenequipo.com.mx\/250-mil-alumnos-regresan-a-clases-presenciales-en-edomex\/#article","isPartOf":{"@id":"https:\/\/www.sonoraenequipo.com.mx\/250-mil-alumnos-regresan-a-clases-presenciales-en-edomex\/"},"author":{"name":"enequipo","@id":"https:\/\/www.sonoraenequipo.com.mx\/#\/schema\/person\/50102df0fb23a8fa9e8effad8fa81386"},"headline":"250 mil alumnos regresan a clases presenciales en Edomex","datePublished":"2021-06-17T13:00:17+00:00","dateModified":"2021-06-17T17:51:53+00:00","mainEntityOfPage":{"@id":"https:\/\/www.sonoraenequipo.com.mx\/250-mil-alumnos-regresan-a-clases-presenciales-en-edomex\/"},"wordCount":206,"commentCount":0,"publisher":{"@id":"https:\/\/www.sonoraenequipo.com.mx\/#organization"},"image":{"@id":"https:\/\/www.sonoraenequipo.com.mx\/250-mil-alumnos-regresan-a-clases-presenciales-en-edomex\/#primaryimage"},"thumbnailUrl":"https:\/\/www.sonoraenequipo.com.mx\/storage\/2021\/06\/clases-presenciales-en-edomex_opt.jpg","articleSection":["Rep\u00fablica"],"inLanguage":"es","potentialAction":[{"@type":"CommentAction","name":"Comment","target":["https:\/\/www.sonoraenequipo.com.mx\/250-mil-alumnos-regresan-a-clases-presenciales-en-edomex\/#respond"]}]},{"@type":"WebPage","@id":"https:\/\/www.sonoraenequipo.com.mx\/250-mil-alumnos-regresan-a-clases-presenciales-en-edomex\/","url":"https:\/\/www.sonoraenequipo.com.mx\/250-mil-alumnos-regresan-a-clases-presenciales-en-edomex\/","name":"Sonora en Equipo. 250 mil alumnos regresan a clases presenciales en Edomex Rep\u00fablica","isPartOf":{"@id":"https:\/\/www.sonoraenequipo.com.mx\/#website"},"primaryImageOfPage":{"@id":"https:\/\/www.sonoraenequipo.com.mx\/250-mil-alumnos-regresan-a-clases-presenciales-en-edomex\/#primaryimage"},"image":{"@id":"https:\/\/www.sonoraenequipo.com.mx\/250-mil-alumnos-regresan-a-clases-presenciales-en-edomex\/#primaryimage"},"thumbnailUrl":"https:\/\/www.sonoraenequipo.com.mx\/storage\/2021\/06\/clases-presenciales-en-edomex_opt.jpg","datePublished":"2021-06-17T13:00:17+00:00","dateModified":"2021-06-17T17:51:53+00:00","description":"ESTADO DE M\u00c9XICO. MX. \u2014 En los primeros dos d\u00edas de clases presenciales se contabilizaron 6 mil escuelas abiertas de las 25 mil del sistema b\u00e1sico. &nbsp; En Sonora en Equipo publicamos toda la informaci\u00f3n de Sonora, M\u00e9xico y el Mundo de manera oportuna y busca que la libertad de expresi\u00f3n sea real. Visita nuestro medio informativo publicado desde Hermosillo, Sonora. %","breadcrumb":{"@id":"https:\/\/www.sonoraenequipo.com.mx\/250-mil-alumnos-regresan-a-clases-presenciales-en-edomex\/#breadcrumb"},"inLanguage":"es","potentialAction":[{"@type":"ReadAction","target":["https:\/\/www.sonoraenequipo.com.mx\/250-mil-alumnos-regresan-a-clases-presenciales-en-edomex\/"]}]},{"@type":"ImageObject","inLanguage":"es","@id":"https:\/\/www.sonoraenequipo.com.mx\/250-mil-alumnos-regresan-a-clases-presenciales-en-edomex\/#primaryimage","url":"https:\/\/www.sonoraenequipo.com.mx\/storage\/2021\/06\/clases-presenciales-en-edomex_opt.jpg","contentUrl":"https:\/\/www.sonoraenequipo.com.mx\/storage\/2021\/06\/clases-presenciales-en-edomex_opt.jpg","width":700,"height":400},{"@type":"BreadcrumbList","@id":"https:\/\/www.sonoraenequipo.com.mx\/250-mil-alumnos-regresan-a-clases-presenciales-en-edomex\/#breadcrumb","itemListElement":[{"@type":"ListItem","position":1,"name":"Portada","item":"https:\/\/www.sonoraenequipo.com.mx\/"},{"@type":"ListItem","position":2,"name":"250 mil alumnos regresan a clases presenciales en Edomex"}]},{"@type":"WebSite","@id":"https:\/\/www.sonoraenequipo.com.mx\/#website","url":"https:\/\/www.sonoraenequipo.com.mx\/","name":"Sonora en Equipo.","description":"Diario en l\u00ednea con Noticias desde Hermosillo, Sonora","publisher":{"@id":"https:\/\/www.sonoraenequipo.com.mx\/#organization"},"potentialAction":[{"@type":"SearchAction","target":{"@type":"EntryPoint","urlTemplate":"https:\/\/www.sonoraenequipo.com.mx\/?s={search_term_string}"},"query-input":{"@type":"PropertyValueSpecification","valueRequired":true,"valueName":"search_term_string"}}],"inLanguage":"es"},{"@type":"Organization","@id":"https:\/\/www.sonoraenequipo.com.mx\/#organization","name":"Sonoraenequipo.com.mx","url":"https:\/\/www.sonoraenequipo.com.mx\/","logo":{"@type":"ImageObject","inLanguage":"es","@id":"https:\/\/www.sonoraenequipo.com.mx\/#\/schema\/logo\/image\/","url":"https:\/\/www.sonoraenequipo.com.mx\/storage\/2019\/01\/sonoraenequipo_opt.png","contentUrl":"https:\/\/www.sonoraenequipo.com.mx\/storage\/2019\/01\/sonoraenequipo_opt.png","width":375,"height":125,"caption":"Sonoraenequipo.com.mx"},"image":{"@id":"https:\/\/www.sonoraenequipo.com.mx\/#\/schema\/logo\/image\/"},"sameAs":["https:\/\/www.facebook.com\/SonoraEE\/","https:\/\/x.com\/sonoraenequipo","https:\/\/www.youtube.com\/channel\/UC338nW-lPEYmJQs4ZABQ1SQ"]},{"@type":"Person","@id":"https:\/\/www.sonoraenequipo.com.mx\/#\/schema\/person\/50102df0fb23a8fa9e8effad8fa81386","name":"enequipo","image":{"@type":"ImageObject","inLanguage":"es","@id":"https:\/\/www.sonoraenequipo.com.mx\/#\/schema\/person\/image\/","url":"https:\/\/secure.gravatar.com\/avatar\/049821681b589dabc0bc20695993ccebb09f5b5d4d790cd9251b97faac7c652b?s=96&d=blank&r=g","contentUrl":"https:\/\/secure.gravatar.com\/avatar\/049821681b589dabc0bc20695993ccebb09f5b5d4d790cd9251b97faac7c652b?s=96&d=blank&r=g","caption":"enequipo"},"sameAs":["https:\/\/www.facebook.com\/SonoraEE"]}]}},"jetpack_featured_media_url":"https:\/\/www.sonoraenequipo.com.mx\/storage\/2021\/06\/clases-presenciales-en-edomex_opt.jpg","_links":{"self":[{"href":"https:\/\/www.sonoraenequipo.com.mx\/api\/wp\/v2\/posts\/116597","targetHints":{"allow":["GET"]}}],"collection":[{"href":"https:\/\/www.sonoraenequipo.com.mx\/api\/wp\/v2\/posts"}],"about":[{"href":"https:\/\/www.sonoraenequipo.com.mx\/api\/wp\/v2\/types\/post"}],"author":[{"embeddable":true,"href":"https:\/\/www.sonoraenequipo.com.mx\/api\/wp\/v2\/users\/1"}],"replies":[{"embeddable":true,"href":"https:\/\/www.sonoraenequipo.com.mx\/api\/wp\/v2\/comments?post=116597"}],"version-history":[{"count":1,"href":"https:\/\/www.sonoraenequipo.com.mx\/api\/wp\/v2\/posts\/116597\/revisions"}],"predecessor-version":[{"id":116598,"href":"https:\/\/www.sonoraenequipo.com.mx\/api\/wp\/v2\/posts\/116597\/revisions\/116598"}],"wp:featuredmedia":[{"embeddable":true,"href":"https:\/\/www.sonoraenequipo.com.mx\/api\/wp\/v2\/media\/116586"}],"wp:attachment":[{"href":"https:\/\/www.sonoraenequipo.com.mx\/api\/wp\/v2\/media?parent=116597"}],"wp:term":[{"taxonomy":"category","embeddable":true,"href":"https:\/\/www.sonoraenequipo.com.mx\/api\/wp\/v2\/categories?post=116597"},{"taxonomy":"post_tag","embeddable":true,"href":"https:\/\/www.sonoraenequipo.com.mx\/api\/wp\/v2\/tags?post=116597"}],"curies":[{"name":"wp","href":"https:\/\/api.w.org\/{rel}","templated":true}]}}