{"id":116602,"date":"2021-06-17T10:30:23","date_gmt":"2021-06-17T17:30:23","guid":{"rendered":"https:\/\/www.sonoraenequipo.com.mx\/?p=116602"},"modified":"2021-06-17T12:32:25","modified_gmt":"2021-06-17T19:32:25","slug":"inicia-gobierno-de-mexico-proceso-de-vacunacion-en-6-municipios-de-baja-california","status":"publish","type":"post","link":"https:\/\/www.sonoraenequipo.com.mx\/inicia-gobierno-de-mexico-proceso-de-vacunacion-en-6-municipios-de-baja-california\/","title":{"rendered":"Inicia Gobierno de M\u00e9xico proceso de vacunaci\u00f3n en 6 municipios de Baja California"},"content":{"rendered":"<p>TIJUANA, BAJA CALIFORNIA. MX. \u2014 El Gobierno de M\u00e9xico inici\u00f3 este jueves el proceso de vacunaci\u00f3n en seis municipios de Baja California, que lo convertir\u00eda en el primer estado de la Rep\u00fablica Mexicana en inmunizar a los mayores de 18 a\u00f1os.<\/p>\n<p>&nbsp;<\/p>\n<p> <\/p>\n<p>&nbsp;<\/p>\n<p>Esta ma\u00f1ana en Palacio Nacional, el presidente Andr\u00e9s Manuel L\u00f3pez Obrador afirm\u00f3 que esta vacunaci\u00f3n se realizar\u00e1 con las dosis donadas por el gobierno de los Estados Unidos<\/p>\n<p>&nbsp;<\/p>\n<p><em>\u201cEsperamos terminar en 10 d\u00edas, va a ser el primer estado en el que vamos a concluir al 100 por ciento con la vacunaci\u00f3n, utilizando las vacunas que nos donaron del gobierno de EE.UU., un mill\u00f3n 350 mil de Johnson &amp; Johnson\u201d,<\/em> dijo.<\/p>\n<p>&nbsp;<\/p>\n<p>&nbsp;<\/p>\n<p>Los municipios de Baja California que ser\u00e1n inmunizados son San Quint\u00edn, Ensenada, Rosarito, Tijuana, Tecate y Mexicali.<\/p>\n<p>&nbsp;<\/p>\n<p>&nbsp;<\/p>\n<p>La informaci\u00f3n se dar\u00e1 a conocer en punto de las 08:00 h tiempo del Centro de M\u00e9xico.<\/p>\n<p>&nbsp;<\/p>\n<p>El martes llegaron a M\u00e9xico 1.35 millones de vacunas de Johnson &amp; Johnson donadas por Estados Unidos, un cargamento prometido por la vicepresidenta estadounidense, Kamala Harris.<\/p>\n<p>&nbsp;<\/p>\n<p>El Gobierno mexicano utilizar\u00e1 estas vacunas para inmunizar a la poblaci\u00f3n menor de 40 a\u00f1os de los 39 municipios mexicanos de la frontera norte, incluidas importantes ciudades como Tijuana, Ciudad Ju\u00e1rez, Mexicali o Reynosa.<\/p>\n<p>&nbsp;<\/p>\n<p>(Publicada el 17\/06\/2021)<\/p>\n","protected":false},"excerpt":{"rendered":"<p>TIJUANA, BAJA CALIFORNIA. MX. \u2014 El Gobierno de M\u00e9xico inici\u00f3 este jueves el proceso de&#8230;<\/p>\n","protected":false},"author":1,"featured_media":116603,"comment_status":"open","ping_status":"open","sticky":false,"template":"","format":"standard","meta":{"_monsterinsights_skip_tracking":false,"_monsterinsights_sitenote_active":false,"_monsterinsights_sitenote_note":"","_monsterinsights_sitenote_category":0,"footnotes":""},"categories":[5],"tags":[],"class_list":["post"],"yoast_head":" \n<title>Sonora en Equipo. Inicia Gobierno de M\u00e9xico proceso de vacunaci\u00f3n en 6 municipios de Baja California Rep\u00fablica<\/title>\n<meta name=\"description\" content=\"TIJUANA, BAJA CALIFORNIA. MX. \u2014 El Gobierno de M\u00e9xico inici\u00f3 este jueves el proceso de vacunaci\u00f3n en seis municipios de Baja California, que lo En Sonora en Equipo publicamos toda la informaci\u00f3n de Sonora, M\u00e9xico y el Mundo de manera oportuna y busca que la libertad de expresi\u00f3n sea real. Visita nuestro medio informativo publicado desde Hermosillo, Sonora. %\" \/>\n<meta name=\"robots\" content=\"index, follow, max-snippet:-1, max-image-preview:large, max-video-preview:-1\" \/>\n<link rel=\"canonical\" href=\"https:\/\/www.sonoraenequipo.com.mx\/inicia-gobierno-de-mexico-proceso-de-vacunacion-en-6-municipios-de-baja-california\/\" \/>\n<meta property=\"og:locale\" content=\"es_ES\" \/>\n<meta property=\"og:type\" content=\"article\" \/>\n<meta property=\"og:title\" content=\"Sonora en Equipo. Inicia Gobierno de M\u00e9xico proceso de vacunaci\u00f3n en 6 municipios de Baja California Rep\u00fablica\" \/>\n<meta property=\"og:description\" content=\"TIJUANA, BAJA CALIFORNIA. MX. \u2014 El Gobierno de M\u00e9xico inici\u00f3 este jueves el proceso de vacunaci\u00f3n en seis municipios de Baja California, que lo En Sonora en Equipo publicamos toda la informaci\u00f3n de Sonora, M\u00e9xico y el Mundo de manera oportuna y busca que la libertad de expresi\u00f3n sea real. Visita nuestro medio informativo publicado desde Hermosillo, Sonora. %\" \/>\n<meta property=\"og:url\" content=\"https:\/\/www.sonoraenequipo.com.mx\/inicia-gobierno-de-mexico-proceso-de-vacunacion-en-6-municipios-de-baja-california\/\" \/>\n<meta property=\"og:site_name\" content=\"Sonora en Equipo.\" \/>\n<meta property=\"article:publisher\" content=\"https:\/\/www.facebook.com\/SonoraEE\/\" \/>\n<meta property=\"article:author\" content=\"https:\/\/www.facebook.com\/SonoraEE\" \/>\n<meta property=\"article:published_time\" content=\"2021-06-17T17:30:23+00:00\" \/>\n<meta property=\"article:modified_time\" content=\"2021-06-17T19:32:25+00:00\" \/>\n<meta property=\"og:image\" content=\"https:\/\/www.sonoraenequipo.com.mx\/storage\/2021\/06\/vacunacion-municipios_opt.jpg\" \/>\n\t<meta property=\"og:image:width\" content=\"700\" \/>\n\t<meta property=\"og:image:height\" content=\"400\" \/>\n\t<meta property=\"og:image:type\" content=\"image\/jpeg\" \/>\n<meta name=\"author\" content=\"enequipo\" \/>\n<meta name=\"twitter:card\" content=\"summary_large_image\" \/>\n<meta name=\"twitter:creator\" content=\"@sonoraenequipo\" \/>\n<meta name=\"twitter:site\" content=\"@sonoraenequipo\" \/>\n<meta name=\"twitter:label1\" content=\"Escrito por\" \/>\n\t<meta name=\"twitter:data1\" content=\"enequipo\" \/>\n\t<meta name=\"twitter:label2\" content=\"Tiempo de lectura\" \/>\n\t<meta name=\"twitter:data2\" content=\"1 minuto\" \/>\n<script type=\"application\/ld+json\" class=\"yoast-schema-graph\">{\"@context\":\"https:\/\/schema.org\",\"@graph\":[{\"@type\":\"Article\",\"@id\":\"https:\/\/www.sonoraenequipo.com.mx\/inicia-gobierno-de-mexico-proceso-de-vacunacion-en-6-municipios-de-baja-california\/#article\",\"isPartOf\":{\"@id\":\"https:\/\/www.sonoraenequipo.com.mx\/inicia-gobierno-de-mexico-proceso-de-vacunacion-en-6-municipios-de-baja-california\/\"},\"author\":{\"name\":\"enequipo\",\"@id\":\"https:\/\/www.sonoraenequipo.com.mx\/#\/schema\/person\/50102df0fb23a8fa9e8effad8fa81386\"},\"headline\":\"Inicia Gobierno de M\u00e9xico proceso de vacunaci\u00f3n en 6 municipios de Baja California\",\"datePublished\":\"2021-06-17T17:30:23+00:00\",\"dateModified\":\"2021-06-17T19:32:25+00:00\",\"mainEntityOfPage\":{\"@id\":\"https:\/\/www.sonoraenequipo.com.mx\/inicia-gobierno-de-mexico-proceso-de-vacunacion-en-6-municipios-de-baja-california\/\"},\"wordCount\":244,\"commentCount\":0,\"publisher\":{\"@id\":\"https:\/\/www.sonoraenequipo.com.mx\/#organization\"},\"image\":{\"@id\":\"https:\/\/www.sonoraenequipo.com.mx\/inicia-gobierno-de-mexico-proceso-de-vacunacion-en-6-municipios-de-baja-california\/#primaryimage\"},\"thumbnailUrl\":\"https:\/\/www.sonoraenequipo.com.mx\/storage\/2021\/06\/vacunacion-municipios_opt.jpg\",\"articleSection\":[\"Rep\u00fablica\"],\"inLanguage\":\"es\",\"potentialAction\":[{\"@type\":\"CommentAction\",\"name\":\"Comment\",\"target\":[\"https:\/\/www.sonoraenequipo.com.mx\/inicia-gobierno-de-mexico-proceso-de-vacunacion-en-6-municipios-de-baja-california\/#respond\"]}]},{\"@type\":\"WebPage\",\"@id\":\"https:\/\/www.sonoraenequipo.com.mx\/inicia-gobierno-de-mexico-proceso-de-vacunacion-en-6-municipios-de-baja-california\/\",\"url\":\"https:\/\/www.sonoraenequipo.com.mx\/inicia-gobierno-de-mexico-proceso-de-vacunacion-en-6-municipios-de-baja-california\/\",\"name\":\"Sonora en Equipo. Inicia Gobierno de M\u00e9xico proceso de vacunaci\u00f3n en 6 municipios de Baja California Rep\u00fablica\",\"isPartOf\":{\"@id\":\"https:\/\/www.sonoraenequipo.com.mx\/#website\"},\"primaryImageOfPage\":{\"@id\":\"https:\/\/www.sonoraenequipo.com.mx\/inicia-gobierno-de-mexico-proceso-de-vacunacion-en-6-municipios-de-baja-california\/#primaryimage\"},\"image\":{\"@id\":\"https:\/\/www.sonoraenequipo.com.mx\/inicia-gobierno-de-mexico-proceso-de-vacunacion-en-6-municipios-de-baja-california\/#primaryimage\"},\"thumbnailUrl\":\"https:\/\/www.sonoraenequipo.com.mx\/storage\/2021\/06\/vacunacion-municipios_opt.jpg\",\"datePublished\":\"2021-06-17T17:30:23+00:00\",\"dateModified\":\"2021-06-17T19:32:25+00:00\",\"description\":\"TIJUANA, BAJA CALIFORNIA. MX. \u2014 El Gobierno de M\u00e9xico inici\u00f3 este jueves el proceso de vacunaci\u00f3n en seis municipios de Baja California, que lo En Sonora en Equipo publicamos toda la informaci\u00f3n de Sonora, M\u00e9xico y el Mundo de manera oportuna y busca que la libertad de expresi\u00f3n sea real. Visita nuestro medio informativo publicado desde Hermosillo, Sonora. %\",\"breadcrumb\":{\"@id\":\"https:\/\/www.sonoraenequipo.com.mx\/inicia-gobierno-de-mexico-proceso-de-vacunacion-en-6-municipios-de-baja-california\/#breadcrumb\"},\"inLanguage\":\"es\",\"potentialAction\":[{\"@type\":\"ReadAction\",\"target\":[\"https:\/\/www.sonoraenequipo.com.mx\/inicia-gobierno-de-mexico-proceso-de-vacunacion-en-6-municipios-de-baja-california\/\"]}]},{\"@type\":\"ImageObject\",\"inLanguage\":\"es\",\"@id\":\"https:\/\/www.sonoraenequipo.com.mx\/inicia-gobierno-de-mexico-proceso-de-vacunacion-en-6-municipios-de-baja-california\/#primaryimage\",\"url\":\"https:\/\/www.sonoraenequipo.com.mx\/storage\/2021\/06\/vacunacion-municipios_opt.jpg\",\"contentUrl\":\"https:\/\/www.sonoraenequipo.com.mx\/storage\/2021\/06\/vacunacion-municipios_opt.jpg\",\"width\":700,\"height\":400},{\"@type\":\"BreadcrumbList\",\"@id\":\"https:\/\/www.sonoraenequipo.com.mx\/inicia-gobierno-de-mexico-proceso-de-vacunacion-en-6-municipios-de-baja-california\/#breadcrumb\",\"itemListElement\":[{\"@type\":\"ListItem\",\"position\":1,\"name\":\"Portada\",\"item\":\"https:\/\/www.sonoraenequipo.com.mx\/\"},{\"@type\":\"ListItem\",\"position\":2,\"name\":\"Inicia Gobierno de M\u00e9xico proceso de vacunaci\u00f3n en 6 municipios de Baja California\"}]},{\"@type\":\"WebSite\",\"@id\":\"https:\/\/www.sonoraenequipo.com.mx\/#website\",\"url\":\"https:\/\/www.sonoraenequipo.com.mx\/\",\"name\":\"Sonora en Equipo.\",\"description\":\"Diario en l\u00ednea con Noticias desde Hermosillo, Sonora\",\"publisher\":{\"@id\":\"https:\/\/www.sonoraenequipo.com.mx\/#organization\"},\"potentialAction\":[{\"@type\":\"SearchAction\",\"target\":{\"@type\":\"EntryPoint\",\"urlTemplate\":\"https:\/\/www.sonoraenequipo.com.mx\/?s={search_term_string}\"},\"query-input\":{\"@type\":\"PropertyValueSpecification\",\"valueRequired\":true,\"valueName\":\"search_term_string\"}}],\"inLanguage\":\"es\"},{\"@type\":\"Organization\",\"@id\":\"https:\/\/www.sonoraenequipo.com.mx\/#organization\",\"name\":\"Sonoraenequipo.com.mx\",\"url\":\"https:\/\/www.sonoraenequipo.com.mx\/\",\"logo\":{\"@type\":\"ImageObject\",\"inLanguage\":\"es\",\"@id\":\"https:\/\/www.sonoraenequipo.com.mx\/#\/schema\/logo\/image\/\",\"url\":\"https:\/\/www.sonoraenequipo.com.mx\/storage\/2019\/01\/sonoraenequipo_opt.png\",\"contentUrl\":\"https:\/\/www.sonoraenequipo.com.mx\/storage\/2019\/01\/sonoraenequipo_opt.png\",\"width\":375,\"height\":125,\"caption\":\"Sonoraenequipo.com.mx\"},\"image\":{\"@id\":\"https:\/\/www.sonoraenequipo.com.mx\/#\/schema\/logo\/image\/\"},\"sameAs\":[\"https:\/\/www.facebook.com\/SonoraEE\/\",\"https:\/\/x.com\/sonoraenequipo\",\"https:\/\/www.youtube.com\/channel\/UC338nW-lPEYmJQs4ZABQ1SQ\"]},{\"@type\":\"Person\",\"@id\":\"https:\/\/www.sonoraenequipo.com.mx\/#\/schema\/person\/50102df0fb23a8fa9e8effad8fa81386\",\"name\":\"enequipo\",\"image\":{\"@type\":\"ImageObject\",\"inLanguage\":\"es\",\"@id\":\"https:\/\/www.sonoraenequipo.com.mx\/#\/schema\/person\/image\/\",\"url\":\"https:\/\/secure.gravatar.com\/avatar\/049821681b589dabc0bc20695993ccebb09f5b5d4d790cd9251b97faac7c652b?s=96&d=blank&r=g\",\"contentUrl\":\"https:\/\/secure.gravatar.com\/avatar\/049821681b589dabc0bc20695993ccebb09f5b5d4d790cd9251b97faac7c652b?s=96&d=blank&r=g\",\"caption\":\"enequipo\"},\"sameAs\":[\"https:\/\/www.facebook.com\/SonoraEE\"]}]}<\/script>\n ","yoast_head_json":{"title":"Sonora en Equipo. Inicia Gobierno de M\u00e9xico proceso de vacunaci\u00f3n en 6 municipios de Baja California Rep\u00fablica","description":"TIJUANA, BAJA CALIFORNIA. MX. \u2014 El Gobierno de M\u00e9xico inici\u00f3 este jueves el proceso de vacunaci\u00f3n en seis municipios de Baja California, que lo En Sonora en Equipo publicamos toda la informaci\u00f3n de Sonora, M\u00e9xico y el Mundo de manera oportuna y busca que la libertad de expresi\u00f3n sea real. Visita nuestro medio informativo publicado desde Hermosillo, Sonora. %","robots":{"index":"index","follow":"follow","max-snippet":"max-snippet:-1","max-image-preview":"max-image-preview:large","max-video-preview":"max-video-preview:-1"},"canonical":"https:\/\/www.sonoraenequipo.com.mx\/inicia-gobierno-de-mexico-proceso-de-vacunacion-en-6-municipios-de-baja-california\/","og_locale":"es_ES","og_type":"article","og_title":"Sonora en Equipo. Inicia Gobierno de M\u00e9xico proceso de vacunaci\u00f3n en 6 municipios de Baja California Rep\u00fablica","og_description":"TIJUANA, BAJA CALIFORNIA. MX. \u2014 El Gobierno de M\u00e9xico inici\u00f3 este jueves el proceso de vacunaci\u00f3n en seis municipios de Baja California, que lo En Sonora en Equipo publicamos toda la informaci\u00f3n de Sonora, M\u00e9xico y el Mundo de manera oportuna y busca que la libertad de expresi\u00f3n sea real. Visita nuestro medio informativo publicado desde Hermosillo, Sonora. %","og_url":"https:\/\/www.sonoraenequipo.com.mx\/inicia-gobierno-de-mexico-proceso-de-vacunacion-en-6-municipios-de-baja-california\/","og_site_name":"Sonora en Equipo.","article_publisher":"https:\/\/www.facebook.com\/SonoraEE\/","article_author":"https:\/\/www.facebook.com\/SonoraEE","article_published_time":"2021-06-17T17:30:23+00:00","article_modified_time":"2021-06-17T19:32:25+00:00","og_image":[{"width":700,"height":400,"url":"https:\/\/www.sonoraenequipo.com.mx\/storage\/2021\/06\/vacunacion-municipios_opt.jpg","type":"image\/jpeg"}],"author":"enequipo","twitter_card":"summary_large_image","twitter_creator":"@sonoraenequipo","twitter_site":"@sonoraenequipo","twitter_misc":{"Escrito por":"enequipo","Tiempo de lectura":"1 minuto"},"schema":{"@context":"https:\/\/schema.org","@graph":[{"@type":"Article","@id":"https:\/\/www.sonoraenequipo.com.mx\/inicia-gobierno-de-mexico-proceso-de-vacunacion-en-6-municipios-de-baja-california\/#article","isPartOf":{"@id":"https:\/\/www.sonoraenequipo.com.mx\/inicia-gobierno-de-mexico-proceso-de-vacunacion-en-6-municipios-de-baja-california\/"},"author":{"name":"enequipo","@id":"https:\/\/www.sonoraenequipo.com.mx\/#\/schema\/person\/50102df0fb23a8fa9e8effad8fa81386"},"headline":"Inicia Gobierno de M\u00e9xico proceso de vacunaci\u00f3n en 6 municipios de Baja California","datePublished":"2021-06-17T17:30:23+00:00","dateModified":"2021-06-17T19:32:25+00:00","mainEntityOfPage":{"@id":"https:\/\/www.sonoraenequipo.com.mx\/inicia-gobierno-de-mexico-proceso-de-vacunacion-en-6-municipios-de-baja-california\/"},"wordCount":244,"commentCount":0,"publisher":{"@id":"https:\/\/www.sonoraenequipo.com.mx\/#organization"},"image":{"@id":"https:\/\/www.sonoraenequipo.com.mx\/inicia-gobierno-de-mexico-proceso-de-vacunacion-en-6-municipios-de-baja-california\/#primaryimage"},"thumbnailUrl":"https:\/\/www.sonoraenequipo.com.mx\/storage\/2021\/06\/vacunacion-municipios_opt.jpg","articleSection":["Rep\u00fablica"],"inLanguage":"es","potentialAction":[{"@type":"CommentAction","name":"Comment","target":["https:\/\/www.sonoraenequipo.com.mx\/inicia-gobierno-de-mexico-proceso-de-vacunacion-en-6-municipios-de-baja-california\/#respond"]}]},{"@type":"WebPage","@id":"https:\/\/www.sonoraenequipo.com.mx\/inicia-gobierno-de-mexico-proceso-de-vacunacion-en-6-municipios-de-baja-california\/","url":"https:\/\/www.sonoraenequipo.com.mx\/inicia-gobierno-de-mexico-proceso-de-vacunacion-en-6-municipios-de-baja-california\/","name":"Sonora en Equipo. Inicia Gobierno de M\u00e9xico proceso de vacunaci\u00f3n en 6 municipios de Baja California Rep\u00fablica","isPartOf":{"@id":"https:\/\/www.sonoraenequipo.com.mx\/#website"},"primaryImageOfPage":{"@id":"https:\/\/www.sonoraenequipo.com.mx\/inicia-gobierno-de-mexico-proceso-de-vacunacion-en-6-municipios-de-baja-california\/#primaryimage"},"image":{"@id":"https:\/\/www.sonoraenequipo.com.mx\/inicia-gobierno-de-mexico-proceso-de-vacunacion-en-6-municipios-de-baja-california\/#primaryimage"},"thumbnailUrl":"https:\/\/www.sonoraenequipo.com.mx\/storage\/2021\/06\/vacunacion-municipios_opt.jpg","datePublished":"2021-06-17T17:30:23+00:00","dateModified":"2021-06-17T19:32:25+00:00","description":"TIJUANA, BAJA CALIFORNIA. MX. \u2014 El Gobierno de M\u00e9xico inici\u00f3 este jueves el proceso de vacunaci\u00f3n en seis municipios de Baja California, que lo En Sonora en Equipo publicamos toda la informaci\u00f3n de Sonora, M\u00e9xico y el Mundo de manera oportuna y busca que la libertad de expresi\u00f3n sea real. Visita nuestro medio informativo publicado desde Hermosillo, Sonora. %","breadcrumb":{"@id":"https:\/\/www.sonoraenequipo.com.mx\/inicia-gobierno-de-mexico-proceso-de-vacunacion-en-6-municipios-de-baja-california\/#breadcrumb"},"inLanguage":"es","potentialAction":[{"@type":"ReadAction","target":["https:\/\/www.sonoraenequipo.com.mx\/inicia-gobierno-de-mexico-proceso-de-vacunacion-en-6-municipios-de-baja-california\/"]}]},{"@type":"ImageObject","inLanguage":"es","@id":"https:\/\/www.sonoraenequipo.com.mx\/inicia-gobierno-de-mexico-proceso-de-vacunacion-en-6-municipios-de-baja-california\/#primaryimage","url":"https:\/\/www.sonoraenequipo.com.mx\/storage\/2021\/06\/vacunacion-municipios_opt.jpg","contentUrl":"https:\/\/www.sonoraenequipo.com.mx\/storage\/2021\/06\/vacunacion-municipios_opt.jpg","width":700,"height":400},{"@type":"BreadcrumbList","@id":"https:\/\/www.sonoraenequipo.com.mx\/inicia-gobierno-de-mexico-proceso-de-vacunacion-en-6-municipios-de-baja-california\/#breadcrumb","itemListElement":[{"@type":"ListItem","position":1,"name":"Portada","item":"https:\/\/www.sonoraenequipo.com.mx\/"},{"@type":"ListItem","position":2,"name":"Inicia Gobierno de M\u00e9xico proceso de vacunaci\u00f3n en 6 municipios de Baja California"}]},{"@type":"WebSite","@id":"https:\/\/www.sonoraenequipo.com.mx\/#website","url":"https:\/\/www.sonoraenequipo.com.mx\/","name":"Sonora en Equipo.","description":"Diario en l\u00ednea con Noticias desde Hermosillo, Sonora","publisher":{"@id":"https:\/\/www.sonoraenequipo.com.mx\/#organization"},"potentialAction":[{"@type":"SearchAction","target":{"@type":"EntryPoint","urlTemplate":"https:\/\/www.sonoraenequipo.com.mx\/?s={search_term_string}"},"query-input":{"@type":"PropertyValueSpecification","valueRequired":true,"valueName":"search_term_string"}}],"inLanguage":"es"},{"@type":"Organization","@id":"https:\/\/www.sonoraenequipo.com.mx\/#organization","name":"Sonoraenequipo.com.mx","url":"https:\/\/www.sonoraenequipo.com.mx\/","logo":{"@type":"ImageObject","inLanguage":"es","@id":"https:\/\/www.sonoraenequipo.com.mx\/#\/schema\/logo\/image\/","url":"https:\/\/www.sonoraenequipo.com.mx\/storage\/2019\/01\/sonoraenequipo_opt.png","contentUrl":"https:\/\/www.sonoraenequipo.com.mx\/storage\/2019\/01\/sonoraenequipo_opt.png","width":375,"height":125,"caption":"Sonoraenequipo.com.mx"},"image":{"@id":"https:\/\/www.sonoraenequipo.com.mx\/#\/schema\/logo\/image\/"},"sameAs":["https:\/\/www.facebook.com\/SonoraEE\/","https:\/\/x.com\/sonoraenequipo","https:\/\/www.youtube.com\/channel\/UC338nW-lPEYmJQs4ZABQ1SQ"]},{"@type":"Person","@id":"https:\/\/www.sonoraenequipo.com.mx\/#\/schema\/person\/50102df0fb23a8fa9e8effad8fa81386","name":"enequipo","image":{"@type":"ImageObject","inLanguage":"es","@id":"https:\/\/www.sonoraenequipo.com.mx\/#\/schema\/person\/image\/","url":"https:\/\/secure.gravatar.com\/avatar\/049821681b589dabc0bc20695993ccebb09f5b5d4d790cd9251b97faac7c652b?s=96&d=blank&r=g","contentUrl":"https:\/\/secure.gravatar.com\/avatar\/049821681b589dabc0bc20695993ccebb09f5b5d4d790cd9251b97faac7c652b?s=96&d=blank&r=g","caption":"enequipo"},"sameAs":["https:\/\/www.facebook.com\/SonoraEE"]}]}},"jetpack_featured_media_url":"https:\/\/www.sonoraenequipo.com.mx\/storage\/2021\/06\/vacunacion-municipios_opt.jpg","_links":{"self":[{"href":"https:\/\/www.sonoraenequipo.com.mx\/api\/wp\/v2\/posts\/116602","targetHints":{"allow":["GET"]}}],"collection":[{"href":"https:\/\/www.sonoraenequipo.com.mx\/api\/wp\/v2\/posts"}],"about":[{"href":"https:\/\/www.sonoraenequipo.com.mx\/api\/wp\/v2\/types\/post"}],"author":[{"embeddable":true,"href":"https:\/\/www.sonoraenequipo.com.mx\/api\/wp\/v2\/users\/1"}],"replies":[{"embeddable":true,"href":"https:\/\/www.sonoraenequipo.com.mx\/api\/wp\/v2\/comments?post=116602"}],"version-history":[{"count":1,"href":"https:\/\/www.sonoraenequipo.com.mx\/api\/wp\/v2\/posts\/116602\/revisions"}],"predecessor-version":[{"id":116604,"href":"https:\/\/www.sonoraenequipo.com.mx\/api\/wp\/v2\/posts\/116602\/revisions\/116604"}],"wp:featuredmedia":[{"embeddable":true,"href":"https:\/\/www.sonoraenequipo.com.mx\/api\/wp\/v2\/media\/116603"}],"wp:attachment":[{"href":"https:\/\/www.sonoraenequipo.com.mx\/api\/wp\/v2\/media?parent=116602"}],"wp:term":[{"taxonomy":"category","embeddable":true,"href":"https:\/\/www.sonoraenequipo.com.mx\/api\/wp\/v2\/categories?post=116602"},{"taxonomy":"post_tag","embeddable":true,"href":"https:\/\/www.sonoraenequipo.com.mx\/api\/wp\/v2\/tags?post=116602"}],"curies":[{"name":"wp","href":"https:\/\/api.w.org\/{rel}","templated":true}]}}