{"id":116609,"date":"2021-06-17T13:36:44","date_gmt":"2021-06-17T20:36:44","guid":{"rendered":"https:\/\/www.sonoraenequipo.com.mx\/?p=116609"},"modified":"2021-06-17T15:37:35","modified_gmt":"2021-06-17T22:37:35","slug":"demanda-ong-hcv-que-autoridades-del-agua-informen-sobre-sequia-en-hermosillo","status":"publish","type":"post","link":"https:\/\/www.sonoraenequipo.com.mx\/demanda-ong-hcv-que-autoridades-del-agua-informen-sobre-sequia-en-hermosillo\/","title":{"rendered":"Demanda ONG \u00a0HCV que autoridades del agua informen sobre sequ\u00eda en Hermosillo"},"content":{"rendered":"<p>&nbsp;<\/p>\n<p>&nbsp;<\/p>\n<p>HERMOSILLO, SONORA,MX.\u2500\u2500\u00a0 En d\u00edas recientes, autoridades de los tres \u00e1mbitos de gobierno han expuesto p\u00fablicamente algunas de las consecuencias que se derivan de la severa sequ\u00eda que enfrentamos en el Noroeste de M\u00e9xico. Particularmente se llam\u00f3 la atenci\u00f3n sobre el descenso importante en el nivel de los embalses y de los acu\u00edferos de los que depende el abasto de agua para la ciudad de Hermosillo.<\/p>\n<p>&nbsp;<\/p>\n<p>En este escenario, los miembros de la Mesa Tem\u00e1tica de Agua de Hermosillo \u00bfC\u00f3mo Vamos? expresamos nuestra profunda preocupaci\u00f3n por esta situaci\u00f3n que sin duda compromete el desarrollo de las actividades sociales y econ\u00f3micas de la ciudad.<\/p>\n<p>&nbsp;<\/p>\n<p>Es importante destacar que, a\u00fan en medio de esta crisis, prevalece la falta de informaci\u00f3n sobre la magnitud, alcances y consecuencias (presentes y futuras) de la presencia de este fen\u00f3meno.<\/p>\n<p>&nbsp;<\/p>\n<p>Por tal raz\u00f3n y con el \u00e1nimo de apoyar la gesti\u00f3n responsable, eficiente y sustentable del recurso, exhortamos a las dependencias encargadas de la administraci\u00f3n del agua de los tres niveles de gobierno, como son la Comisi\u00f3n Nacional del Agua (CONAGUA), la Comisi\u00f3n Estatal del Agua (CEA) y el Organismo Operador Agua de Hermosillo (AGUAH), responder las siguientes preguntas:<\/p>\n<p>&nbsp;<\/p>\n<ol>\n<li>\u00bfCu\u00e1l es la situaci\u00f3n de las fuentes de suministro de agua para la ciudad de Hermosillo?<\/li>\n<\/ol>\n<p>&nbsp;<\/p>\n<ol>\n<li>\u00bfSe observa o espera una variaci\u00f3n importante en ellas en los pr\u00f3ximos d\u00edas o semanas? \u00bfen cu\u00e1les y de qu\u00e9 grado? \u00bfcu\u00e1l es el volumen de reservas de estas fuentes de suministro?<\/li>\n<\/ol>\n<p>&nbsp;<\/p>\n<p>iii.\u00a0\u00a0\u00a0\u00a0\u00a0\u00a0\u00a0\u00a0\u00a0\u00a0 \u00bfExiste alguna o algunas que, de no iniciarse pronto la temporada de lluvias, pudiera verse afectada en su producci\u00f3n, comprometiendo el abasto continuo y suficiente de agua para la ciudad de Hermosillo?<\/p>\n<p>&nbsp;<\/p>\n<ol>\n<li>\u00bfQu\u00e9 medidas y acciones est\u00e1n tomando cada una de las dependencias de los tres niveles de gobierno para la atenci\u00f3n a esta situaci\u00f3n?<\/li>\n<\/ol>\n<p>&nbsp;<\/p>\n<ol>\n<li>\u00bfQu\u00e9 estrategias y acciones se tienen contempladas para afrontar una posible crisis en el abasto?<\/li>\n<\/ol>\n<p>&nbsp;<\/p>\n<ol>\n<li>\u00bfExisten recursos econ\u00f3micos destinados a enfrentar el problema de sequ\u00eda y, en su caso, a qu\u00e9 orden del gobierno compete su ejercicio, a qu\u00e9 monto ascienden dichos recursos y c\u00f3mo ser\u00edan aplicados?<\/li>\n<\/ol>\n<p>&nbsp;<\/p>\n<p>vii.\u00a0\u00a0\u00a0\u00a0\u00a0\u00a0\u00a0\u00a0\u00a0 \u00bfC\u00f3mo podemos los usuarios del servicio, ciudadanos y organismos de la sociedad civil coadyuvar para enfrentar esta grave situaci\u00f3n y como se estar\u00e1 informando sobre la evoluci\u00f3n de la problem\u00e1tica?<\/p>\n<p>&nbsp;<\/p>\n<p>&nbsp;<\/p>\n<p>&nbsp;<\/p>\n<p>Las personas que suscribimos la presente coincidimos que Hermosillo, por su entorno de aridez, enfrenta de manera recurrente un escenario adverso para el suministro de agua. Consideramos que es importante operar con apertura informativa y de manera conjunta con la ciudadan\u00eda para proponer e impulsar acciones que nos permitan afrontar y superar esta dif\u00edcil situaci\u00f3n.<\/p>\n<p>&nbsp;<\/p>\n<p>Reiteramos nuestra disposici\u00f3n y respaldo hacia todas aquellas acciones que contribuyan a una gesti\u00f3n integral del agua con visi\u00f3n de futuro.<\/p>\n<p>&nbsp;<\/p>\n<p>Agradeciendo la atenci\u00f3n a la presente,<\/p>\n<p>&nbsp;<\/p>\n<p>&nbsp;<\/p>\n<p>Integrantes de la Mesa Tem\u00e1tica sobre Agua:<\/p>\n<p>&nbsp;<\/p>\n<p>Nicol\u00e1s Pineda Pablos (Coordinador de la Mesa Tem\u00e1tica)<\/p>\n<p>Doctor en Pol\u00edticas P\u00fablicas, Investigador de El Colegio de Sonora.<\/p>\n<p>&nbsp;<\/p>\n<p>Agust\u00edn Robles Morua<\/p>\n<p>Doctor en Ingenier\u00eda Ambiental, Investigador del Instituto Tecnol\u00f3gico de Sonora.<\/p>\n<p>&nbsp;<\/p>\n<p>Carlos Jorge Tirado Villapudua<\/p>\n<p>Ingeniero Civil, especialista en gesti\u00f3n del agua.<\/p>\n<p>&nbsp;<\/p>\n<p>Filiberto Cota Gracia<\/p>\n<p>Ingeniero Civil, consultor en hidr\u00e1ulica urbana.<\/p>\n<p>&nbsp;<\/p>\n<p>H\u00e9ctor Seldner Liz\u00e1rraga<\/p>\n<p>Ingeniero, empresario y participante del Consejo Consultivo y Junta de Gobierno de Agua de Hermosillo.<\/p>\n<p>&nbsp;<\/p>\n<p>Jes\u00fas Alberto Larios Gaxiola<\/p>\n<p>Ingeniero civil, especialista en aguas subterr\u00e1neas.<\/p>\n<p>&nbsp;<\/p>\n<p>Jos\u00e9 Luis Jardines Moreno<\/p>\n<p>Ingeniero Civil especialista en planeaci\u00f3n y gesti\u00f3n hidr\u00e1ulica.<\/p>\n<p>&nbsp;<\/p>\n<p>Juan Jaime S\u00e1nchez Meza<\/p>\n<p>Abogado, especialista en gesti\u00f3n del agua y consultor.<\/p>\n<p>&nbsp;<\/p>\n<p>Karina L\u00f3pez Ivich<\/p>\n<p>Maestra en ingenier\u00eda ambiental y en econom\u00eda en pol\u00edticas p\u00fablicas y Vocal Ciudadano de la Junta de Gobierno de Agua de Hermosillo.<\/p>\n<p>&nbsp;<\/p>\n<p>Leticia Valenzuela<\/p>\n<p>Ingeniero Qu\u00edmico, Maestra en Ciencias especializada en aguas residuales y gesti\u00f3n ambiental.<\/p>\n<p>&nbsp;<\/p>\n<p>Luis Alan Navarro Navarro<\/p>\n<p>Profesor Investigador de El Colegio de Sonora en temas de agua y \u00e1reas verdes urbanas y Vocal Ciudadano Suplente de la Junta de Gobierno de Agua de Hermosillo.<\/p>\n<p>&nbsp;<\/p>\n<p>Ram\u00f3n Garc\u00eda Santacruz<\/p>\n<p>Empresario<\/p>\n<p>&nbsp;<\/p>\n<p>Amelia Iruretagoyena Quiroz<\/p>\n<p>Coordinadora de Facilitadores de Hermosillo \u00bfC\u00f3mo Vamos? y facilitadora de la Mesa sobre Agua<\/p>\n<p>&nbsp;<\/p>\n<p>Roc\u00edo Rodr\u00edguez Gonz\u00e1lez<\/p>\n<p>Directora de Vinculaci\u00f3n de Hermosillo \u00bfC\u00f3mo Vamos?<\/p>\n<p>&nbsp;<\/p>\n<p>Ernesto Urbina Miranda<\/p>\n<p>Director General de Hermosillo \u00bfC\u00f3mo Vamos?<\/p>\n<p>&nbsp;<\/p>\n<p>Para m\u00e1s informaci\u00f3n, visitar www.hermosillocomovamos.org o las redes sociales de la organizaci\u00f3n Facebook: HermosilloComoVamos y Twitter: @HmoComoVamos<\/p>\n<p>Fecha de Publicaci\u00f3n\u00a0 jueves\u00a0 \/ 17\u00a0 \/ junio \/ 2021<\/p>\n<p>&nbsp;<\/p>\n","protected":false},"excerpt":{"rendered":"<p>&nbsp; &nbsp; HERMOSILLO, SONORA,MX.\u2500\u2500\u00a0 En d\u00edas recientes, autoridades de los tres \u00e1mbitos de gobierno han&#8230;<\/p>\n","protected":false},"author":1,"featured_media":104338,"comment_status":"open","ping_status":"open","sticky":false,"template":"","format":"standard","meta":{"_monsterinsights_skip_tracking":false,"_monsterinsights_sitenote_active":false,"_monsterinsights_sitenote_note":"","_monsterinsights_sitenote_category":0,"footnotes":""},"categories":[4],"tags":[181,35],"class_list":["post"],"yoast_head":" \n<title>Sonora en Equipo. Demanda ONG \u00a0HCV que autoridades del agua informen sobre sequ\u00eda en Hermosillo Municipios<\/title>\n<meta name=\"description\" content=\"&nbsp; &nbsp; HERMOSILLO, SONORA,MX.\u2500\u2500\u00a0 En d\u00edas recientes, autoridades de los tres \u00e1mbitos de gobierno han expuesto p\u00fablicamente algunas de las En Sonora en Equipo publicamos toda la informaci\u00f3n de Sonora, M\u00e9xico y el Mundo de manera oportuna y busca que la libertad de expresi\u00f3n sea real. Visita nuestro medio informativo publicado desde Hermosillo, Sonora. %\" \/>\n<meta name=\"robots\" content=\"index, follow, max-snippet:-1, max-image-preview:large, max-video-preview:-1\" \/>\n<link rel=\"canonical\" href=\"https:\/\/www.sonoraenequipo.com.mx\/demanda-ong-hcv-que-autoridades-del-agua-informen-sobre-sequia-en-hermosillo\/\" \/>\n<meta property=\"og:locale\" content=\"es_ES\" \/>\n<meta property=\"og:type\" content=\"article\" \/>\n<meta property=\"og:title\" content=\"Sonora en Equipo. Demanda ONG \u00a0HCV que autoridades del agua informen sobre sequ\u00eda en Hermosillo Municipios\" \/>\n<meta property=\"og:description\" content=\"&nbsp; &nbsp; HERMOSILLO, SONORA,MX.\u2500\u2500\u00a0 En d\u00edas recientes, autoridades de los tres \u00e1mbitos de gobierno han expuesto p\u00fablicamente algunas de las En Sonora en Equipo publicamos toda la informaci\u00f3n de Sonora, M\u00e9xico y el Mundo de manera oportuna y busca que la libertad de expresi\u00f3n sea real. Visita nuestro medio informativo publicado desde Hermosillo, Sonora. %\" \/>\n<meta property=\"og:url\" content=\"https:\/\/www.sonoraenequipo.com.mx\/demanda-ong-hcv-que-autoridades-del-agua-informen-sobre-sequia-en-hermosillo\/\" \/>\n<meta property=\"og:site_name\" content=\"Sonora en Equipo.\" \/>\n<meta property=\"article:publisher\" content=\"https:\/\/www.facebook.com\/SonoraEE\/\" \/>\n<meta property=\"article:author\" content=\"https:\/\/www.facebook.com\/SonoraEE\" \/>\n<meta property=\"article:published_time\" content=\"2021-06-17T20:36:44+00:00\" \/>\n<meta property=\"article:modified_time\" content=\"2021-06-17T22:37:35+00:00\" \/>\n<meta property=\"og:image\" content=\"https:\/\/www.sonoraenequipo.com.mx\/storage\/2021\/01\/LLAVE-SIN-AGUA.jpg\" \/>\n\t<meta property=\"og:image:width\" content=\"500\" \/>\n\t<meta property=\"og:image:height\" content=\"311\" \/>\n\t<meta property=\"og:image:type\" content=\"image\/jpeg\" \/>\n<meta name=\"author\" content=\"enequipo\" \/>\n<meta name=\"twitter:card\" content=\"summary_large_image\" \/>\n<meta name=\"twitter:creator\" content=\"@sonoraenequipo\" \/>\n<meta name=\"twitter:site\" content=\"@sonoraenequipo\" \/>\n<meta name=\"twitter:label1\" content=\"Escrito por\" \/>\n\t<meta name=\"twitter:data1\" content=\"enequipo\" \/>\n\t<meta name=\"twitter:label2\" content=\"Tiempo de lectura\" \/>\n\t<meta name=\"twitter:data2\" content=\"4 minutos\" \/>\n<script type=\"application\/ld+json\" class=\"yoast-schema-graph\">{\"@context\":\"https:\/\/schema.org\",\"@graph\":[{\"@type\":\"Article\",\"@id\":\"https:\/\/www.sonoraenequipo.com.mx\/demanda-ong-hcv-que-autoridades-del-agua-informen-sobre-sequia-en-hermosillo\/#article\",\"isPartOf\":{\"@id\":\"https:\/\/www.sonoraenequipo.com.mx\/demanda-ong-hcv-que-autoridades-del-agua-informen-sobre-sequia-en-hermosillo\/\"},\"author\":{\"name\":\"enequipo\",\"@id\":\"https:\/\/www.sonoraenequipo.com.mx\/#\/schema\/person\/50102df0fb23a8fa9e8effad8fa81386\"},\"headline\":\"Demanda ONG \u00a0HCV que autoridades del agua informen sobre sequ\u00eda en Hermosillo\",\"datePublished\":\"2021-06-17T20:36:44+00:00\",\"dateModified\":\"2021-06-17T22:37:35+00:00\",\"mainEntityOfPage\":{\"@id\":\"https:\/\/www.sonoraenequipo.com.mx\/demanda-ong-hcv-que-autoridades-del-agua-informen-sobre-sequia-en-hermosillo\/\"},\"wordCount\":834,\"commentCount\":0,\"publisher\":{\"@id\":\"https:\/\/www.sonoraenequipo.com.mx\/#organization\"},\"image\":{\"@id\":\"https:\/\/www.sonoraenequipo.com.mx\/demanda-ong-hcv-que-autoridades-del-agua-informen-sobre-sequia-en-hermosillo\/#primaryimage\"},\"thumbnailUrl\":\"https:\/\/www.sonoraenequipo.com.mx\/storage\/2021\/01\/LLAVE-SIN-AGUA.jpg\",\"keywords\":[\"Agua\",\"hermosillo\"],\"articleSection\":[\"Municipios\"],\"inLanguage\":\"es\",\"potentialAction\":[{\"@type\":\"CommentAction\",\"name\":\"Comment\",\"target\":[\"https:\/\/www.sonoraenequipo.com.mx\/demanda-ong-hcv-que-autoridades-del-agua-informen-sobre-sequia-en-hermosillo\/#respond\"]}]},{\"@type\":\"WebPage\",\"@id\":\"https:\/\/www.sonoraenequipo.com.mx\/demanda-ong-hcv-que-autoridades-del-agua-informen-sobre-sequia-en-hermosillo\/\",\"url\":\"https:\/\/www.sonoraenequipo.com.mx\/demanda-ong-hcv-que-autoridades-del-agua-informen-sobre-sequia-en-hermosillo\/\",\"name\":\"Sonora en Equipo. Demanda ONG \u00a0HCV que autoridades del agua informen sobre sequ\u00eda en Hermosillo Municipios\",\"isPartOf\":{\"@id\":\"https:\/\/www.sonoraenequipo.com.mx\/#website\"},\"primaryImageOfPage\":{\"@id\":\"https:\/\/www.sonoraenequipo.com.mx\/demanda-ong-hcv-que-autoridades-del-agua-informen-sobre-sequia-en-hermosillo\/#primaryimage\"},\"image\":{\"@id\":\"https:\/\/www.sonoraenequipo.com.mx\/demanda-ong-hcv-que-autoridades-del-agua-informen-sobre-sequia-en-hermosillo\/#primaryimage\"},\"thumbnailUrl\":\"https:\/\/www.sonoraenequipo.com.mx\/storage\/2021\/01\/LLAVE-SIN-AGUA.jpg\",\"datePublished\":\"2021-06-17T20:36:44+00:00\",\"dateModified\":\"2021-06-17T22:37:35+00:00\",\"description\":\"&nbsp; &nbsp; HERMOSILLO, SONORA,MX.\u2500\u2500\u00a0 En d\u00edas recientes, autoridades de los tres \u00e1mbitos de gobierno han expuesto p\u00fablicamente algunas de las En Sonora en Equipo publicamos toda la informaci\u00f3n de Sonora, M\u00e9xico y el Mundo de manera oportuna y busca que la libertad de expresi\u00f3n sea real. Visita nuestro medio informativo publicado desde Hermosillo, Sonora. %\",\"breadcrumb\":{\"@id\":\"https:\/\/www.sonoraenequipo.com.mx\/demanda-ong-hcv-que-autoridades-del-agua-informen-sobre-sequia-en-hermosillo\/#breadcrumb\"},\"inLanguage\":\"es\",\"potentialAction\":[{\"@type\":\"ReadAction\",\"target\":[\"https:\/\/www.sonoraenequipo.com.mx\/demanda-ong-hcv-que-autoridades-del-agua-informen-sobre-sequia-en-hermosillo\/\"]}]},{\"@type\":\"ImageObject\",\"inLanguage\":\"es\",\"@id\":\"https:\/\/www.sonoraenequipo.com.mx\/demanda-ong-hcv-que-autoridades-del-agua-informen-sobre-sequia-en-hermosillo\/#primaryimage\",\"url\":\"https:\/\/www.sonoraenequipo.com.mx\/storage\/2021\/01\/LLAVE-SIN-AGUA.jpg\",\"contentUrl\":\"https:\/\/www.sonoraenequipo.com.mx\/storage\/2021\/01\/LLAVE-SIN-AGUA.jpg\",\"width\":500,\"height\":311},{\"@type\":\"BreadcrumbList\",\"@id\":\"https:\/\/www.sonoraenequipo.com.mx\/demanda-ong-hcv-que-autoridades-del-agua-informen-sobre-sequia-en-hermosillo\/#breadcrumb\",\"itemListElement\":[{\"@type\":\"ListItem\",\"position\":1,\"name\":\"Portada\",\"item\":\"https:\/\/www.sonoraenequipo.com.mx\/\"},{\"@type\":\"ListItem\",\"position\":2,\"name\":\"Demanda ONG \u00a0HCV que autoridades del agua informen sobre sequ\u00eda en Hermosillo\"}]},{\"@type\":\"WebSite\",\"@id\":\"https:\/\/www.sonoraenequipo.com.mx\/#website\",\"url\":\"https:\/\/www.sonoraenequipo.com.mx\/\",\"name\":\"Sonora en Equipo.\",\"description\":\"Diario en l\u00ednea con Noticias desde Hermosillo, Sonora\",\"publisher\":{\"@id\":\"https:\/\/www.sonoraenequipo.com.mx\/#organization\"},\"potentialAction\":[{\"@type\":\"SearchAction\",\"target\":{\"@type\":\"EntryPoint\",\"urlTemplate\":\"https:\/\/www.sonoraenequipo.com.mx\/?s={search_term_string}\"},\"query-input\":{\"@type\":\"PropertyValueSpecification\",\"valueRequired\":true,\"valueName\":\"search_term_string\"}}],\"inLanguage\":\"es\"},{\"@type\":\"Organization\",\"@id\":\"https:\/\/www.sonoraenequipo.com.mx\/#organization\",\"name\":\"Sonoraenequipo.com.mx\",\"url\":\"https:\/\/www.sonoraenequipo.com.mx\/\",\"logo\":{\"@type\":\"ImageObject\",\"inLanguage\":\"es\",\"@id\":\"https:\/\/www.sonoraenequipo.com.mx\/#\/schema\/logo\/image\/\",\"url\":\"https:\/\/www.sonoraenequipo.com.mx\/storage\/2019\/01\/sonoraenequipo_opt.png\",\"contentUrl\":\"https:\/\/www.sonoraenequipo.com.mx\/storage\/2019\/01\/sonoraenequipo_opt.png\",\"width\":375,\"height\":125,\"caption\":\"Sonoraenequipo.com.mx\"},\"image\":{\"@id\":\"https:\/\/www.sonoraenequipo.com.mx\/#\/schema\/logo\/image\/\"},\"sameAs\":[\"https:\/\/www.facebook.com\/SonoraEE\/\",\"https:\/\/x.com\/sonoraenequipo\",\"https:\/\/www.youtube.com\/channel\/UC338nW-lPEYmJQs4ZABQ1SQ\"]},{\"@type\":\"Person\",\"@id\":\"https:\/\/www.sonoraenequipo.com.mx\/#\/schema\/person\/50102df0fb23a8fa9e8effad8fa81386\",\"name\":\"enequipo\",\"image\":{\"@type\":\"ImageObject\",\"inLanguage\":\"es\",\"@id\":\"https:\/\/www.sonoraenequipo.com.mx\/#\/schema\/person\/image\/\",\"url\":\"https:\/\/secure.gravatar.com\/avatar\/049821681b589dabc0bc20695993ccebb09f5b5d4d790cd9251b97faac7c652b?s=96&d=blank&r=g\",\"contentUrl\":\"https:\/\/secure.gravatar.com\/avatar\/049821681b589dabc0bc20695993ccebb09f5b5d4d790cd9251b97faac7c652b?s=96&d=blank&r=g\",\"caption\":\"enequipo\"},\"sameAs\":[\"https:\/\/www.facebook.com\/SonoraEE\"]}]}<\/script>\n ","yoast_head_json":{"title":"Sonora en Equipo. Demanda ONG \u00a0HCV que autoridades del agua informen sobre sequ\u00eda en Hermosillo Municipios","description":"&nbsp; &nbsp; HERMOSILLO, SONORA,MX.\u2500\u2500\u00a0 En d\u00edas recientes, autoridades de los tres \u00e1mbitos de gobierno han expuesto p\u00fablicamente algunas de las En Sonora en Equipo publicamos toda la informaci\u00f3n de Sonora, M\u00e9xico y el Mundo de manera oportuna y busca que la libertad de expresi\u00f3n sea real. Visita nuestro medio informativo publicado desde Hermosillo, Sonora. %","robots":{"index":"index","follow":"follow","max-snippet":"max-snippet:-1","max-image-preview":"max-image-preview:large","max-video-preview":"max-video-preview:-1"},"canonical":"https:\/\/www.sonoraenequipo.com.mx\/demanda-ong-hcv-que-autoridades-del-agua-informen-sobre-sequia-en-hermosillo\/","og_locale":"es_ES","og_type":"article","og_title":"Sonora en Equipo. Demanda ONG \u00a0HCV que autoridades del agua informen sobre sequ\u00eda en Hermosillo Municipios","og_description":"&nbsp; &nbsp; HERMOSILLO, SONORA,MX.\u2500\u2500\u00a0 En d\u00edas recientes, autoridades de los tres \u00e1mbitos de gobierno han expuesto p\u00fablicamente algunas de las En Sonora en Equipo publicamos toda la informaci\u00f3n de Sonora, M\u00e9xico y el Mundo de manera oportuna y busca que la libertad de expresi\u00f3n sea real. Visita nuestro medio informativo publicado desde Hermosillo, Sonora. %","og_url":"https:\/\/www.sonoraenequipo.com.mx\/demanda-ong-hcv-que-autoridades-del-agua-informen-sobre-sequia-en-hermosillo\/","og_site_name":"Sonora en Equipo.","article_publisher":"https:\/\/www.facebook.com\/SonoraEE\/","article_author":"https:\/\/www.facebook.com\/SonoraEE","article_published_time":"2021-06-17T20:36:44+00:00","article_modified_time":"2021-06-17T22:37:35+00:00","og_image":[{"width":500,"height":311,"url":"https:\/\/www.sonoraenequipo.com.mx\/storage\/2021\/01\/LLAVE-SIN-AGUA.jpg","type":"image\/jpeg"}],"author":"enequipo","twitter_card":"summary_large_image","twitter_creator":"@sonoraenequipo","twitter_site":"@sonoraenequipo","twitter_misc":{"Escrito por":"enequipo","Tiempo de lectura":"4 minutos"},"schema":{"@context":"https:\/\/schema.org","@graph":[{"@type":"Article","@id":"https:\/\/www.sonoraenequipo.com.mx\/demanda-ong-hcv-que-autoridades-del-agua-informen-sobre-sequia-en-hermosillo\/#article","isPartOf":{"@id":"https:\/\/www.sonoraenequipo.com.mx\/demanda-ong-hcv-que-autoridades-del-agua-informen-sobre-sequia-en-hermosillo\/"},"author":{"name":"enequipo","@id":"https:\/\/www.sonoraenequipo.com.mx\/#\/schema\/person\/50102df0fb23a8fa9e8effad8fa81386"},"headline":"Demanda ONG \u00a0HCV que autoridades del agua informen sobre sequ\u00eda en Hermosillo","datePublished":"2021-06-17T20:36:44+00:00","dateModified":"2021-06-17T22:37:35+00:00","mainEntityOfPage":{"@id":"https:\/\/www.sonoraenequipo.com.mx\/demanda-ong-hcv-que-autoridades-del-agua-informen-sobre-sequia-en-hermosillo\/"},"wordCount":834,"commentCount":0,"publisher":{"@id":"https:\/\/www.sonoraenequipo.com.mx\/#organization"},"image":{"@id":"https:\/\/www.sonoraenequipo.com.mx\/demanda-ong-hcv-que-autoridades-del-agua-informen-sobre-sequia-en-hermosillo\/#primaryimage"},"thumbnailUrl":"https:\/\/www.sonoraenequipo.com.mx\/storage\/2021\/01\/LLAVE-SIN-AGUA.jpg","keywords":["Agua","hermosillo"],"articleSection":["Municipios"],"inLanguage":"es","potentialAction":[{"@type":"CommentAction","name":"Comment","target":["https:\/\/www.sonoraenequipo.com.mx\/demanda-ong-hcv-que-autoridades-del-agua-informen-sobre-sequia-en-hermosillo\/#respond"]}]},{"@type":"WebPage","@id":"https:\/\/www.sonoraenequipo.com.mx\/demanda-ong-hcv-que-autoridades-del-agua-informen-sobre-sequia-en-hermosillo\/","url":"https:\/\/www.sonoraenequipo.com.mx\/demanda-ong-hcv-que-autoridades-del-agua-informen-sobre-sequia-en-hermosillo\/","name":"Sonora en Equipo. Demanda ONG \u00a0HCV que autoridades del agua informen sobre sequ\u00eda en Hermosillo Municipios","isPartOf":{"@id":"https:\/\/www.sonoraenequipo.com.mx\/#website"},"primaryImageOfPage":{"@id":"https:\/\/www.sonoraenequipo.com.mx\/demanda-ong-hcv-que-autoridades-del-agua-informen-sobre-sequia-en-hermosillo\/#primaryimage"},"image":{"@id":"https:\/\/www.sonoraenequipo.com.mx\/demanda-ong-hcv-que-autoridades-del-agua-informen-sobre-sequia-en-hermosillo\/#primaryimage"},"thumbnailUrl":"https:\/\/www.sonoraenequipo.com.mx\/storage\/2021\/01\/LLAVE-SIN-AGUA.jpg","datePublished":"2021-06-17T20:36:44+00:00","dateModified":"2021-06-17T22:37:35+00:00","description":"&nbsp; &nbsp; HERMOSILLO, SONORA,MX.\u2500\u2500\u00a0 En d\u00edas recientes, autoridades de los tres \u00e1mbitos de gobierno han expuesto p\u00fablicamente algunas de las En Sonora en Equipo publicamos toda la informaci\u00f3n de Sonora, M\u00e9xico y el Mundo de manera oportuna y busca que la libertad de expresi\u00f3n sea real. Visita nuestro medio informativo publicado desde Hermosillo, Sonora. %","breadcrumb":{"@id":"https:\/\/www.sonoraenequipo.com.mx\/demanda-ong-hcv-que-autoridades-del-agua-informen-sobre-sequia-en-hermosillo\/#breadcrumb"},"inLanguage":"es","potentialAction":[{"@type":"ReadAction","target":["https:\/\/www.sonoraenequipo.com.mx\/demanda-ong-hcv-que-autoridades-del-agua-informen-sobre-sequia-en-hermosillo\/"]}]},{"@type":"ImageObject","inLanguage":"es","@id":"https:\/\/www.sonoraenequipo.com.mx\/demanda-ong-hcv-que-autoridades-del-agua-informen-sobre-sequia-en-hermosillo\/#primaryimage","url":"https:\/\/www.sonoraenequipo.com.mx\/storage\/2021\/01\/LLAVE-SIN-AGUA.jpg","contentUrl":"https:\/\/www.sonoraenequipo.com.mx\/storage\/2021\/01\/LLAVE-SIN-AGUA.jpg","width":500,"height":311},{"@type":"BreadcrumbList","@id":"https:\/\/www.sonoraenequipo.com.mx\/demanda-ong-hcv-que-autoridades-del-agua-informen-sobre-sequia-en-hermosillo\/#breadcrumb","itemListElement":[{"@type":"ListItem","position":1,"name":"Portada","item":"https:\/\/www.sonoraenequipo.com.mx\/"},{"@type":"ListItem","position":2,"name":"Demanda ONG \u00a0HCV que autoridades del agua informen sobre sequ\u00eda en Hermosillo"}]},{"@type":"WebSite","@id":"https:\/\/www.sonoraenequipo.com.mx\/#website","url":"https:\/\/www.sonoraenequipo.com.mx\/","name":"Sonora en Equipo.","description":"Diario en l\u00ednea con Noticias desde Hermosillo, Sonora","publisher":{"@id":"https:\/\/www.sonoraenequipo.com.mx\/#organization"},"potentialAction":[{"@type":"SearchAction","target":{"@type":"EntryPoint","urlTemplate":"https:\/\/www.sonoraenequipo.com.mx\/?s={search_term_string}"},"query-input":{"@type":"PropertyValueSpecification","valueRequired":true,"valueName":"search_term_string"}}],"inLanguage":"es"},{"@type":"Organization","@id":"https:\/\/www.sonoraenequipo.com.mx\/#organization","name":"Sonoraenequipo.com.mx","url":"https:\/\/www.sonoraenequipo.com.mx\/","logo":{"@type":"ImageObject","inLanguage":"es","@id":"https:\/\/www.sonoraenequipo.com.mx\/#\/schema\/logo\/image\/","url":"https:\/\/www.sonoraenequipo.com.mx\/storage\/2019\/01\/sonoraenequipo_opt.png","contentUrl":"https:\/\/www.sonoraenequipo.com.mx\/storage\/2019\/01\/sonoraenequipo_opt.png","width":375,"height":125,"caption":"Sonoraenequipo.com.mx"},"image":{"@id":"https:\/\/www.sonoraenequipo.com.mx\/#\/schema\/logo\/image\/"},"sameAs":["https:\/\/www.facebook.com\/SonoraEE\/","https:\/\/x.com\/sonoraenequipo","https:\/\/www.youtube.com\/channel\/UC338nW-lPEYmJQs4ZABQ1SQ"]},{"@type":"Person","@id":"https:\/\/www.sonoraenequipo.com.mx\/#\/schema\/person\/50102df0fb23a8fa9e8effad8fa81386","name":"enequipo","image":{"@type":"ImageObject","inLanguage":"es","@id":"https:\/\/www.sonoraenequipo.com.mx\/#\/schema\/person\/image\/","url":"https:\/\/secure.gravatar.com\/avatar\/049821681b589dabc0bc20695993ccebb09f5b5d4d790cd9251b97faac7c652b?s=96&d=blank&r=g","contentUrl":"https:\/\/secure.gravatar.com\/avatar\/049821681b589dabc0bc20695993ccebb09f5b5d4d790cd9251b97faac7c652b?s=96&d=blank&r=g","caption":"enequipo"},"sameAs":["https:\/\/www.facebook.com\/SonoraEE"]}]}},"jetpack_featured_media_url":"https:\/\/www.sonoraenequipo.com.mx\/storage\/2021\/01\/LLAVE-SIN-AGUA.jpg","_links":{"self":[{"href":"https:\/\/www.sonoraenequipo.com.mx\/api\/wp\/v2\/posts\/116609","targetHints":{"allow":["GET"]}}],"collection":[{"href":"https:\/\/www.sonoraenequipo.com.mx\/api\/wp\/v2\/posts"}],"about":[{"href":"https:\/\/www.sonoraenequipo.com.mx\/api\/wp\/v2\/types\/post"}],"author":[{"embeddable":true,"href":"https:\/\/www.sonoraenequipo.com.mx\/api\/wp\/v2\/users\/1"}],"replies":[{"embeddable":true,"href":"https:\/\/www.sonoraenequipo.com.mx\/api\/wp\/v2\/comments?post=116609"}],"version-history":[{"count":1,"href":"https:\/\/www.sonoraenequipo.com.mx\/api\/wp\/v2\/posts\/116609\/revisions"}],"predecessor-version":[{"id":116610,"href":"https:\/\/www.sonoraenequipo.com.mx\/api\/wp\/v2\/posts\/116609\/revisions\/116610"}],"wp:featuredmedia":[{"embeddable":true,"href":"https:\/\/www.sonoraenequipo.com.mx\/api\/wp\/v2\/media\/104338"}],"wp:attachment":[{"href":"https:\/\/www.sonoraenequipo.com.mx\/api\/wp\/v2\/media?parent=116609"}],"wp:term":[{"taxonomy":"category","embeddable":true,"href":"https:\/\/www.sonoraenequipo.com.mx\/api\/wp\/v2\/categories?post=116609"},{"taxonomy":"post_tag","embeddable":true,"href":"https:\/\/www.sonoraenequipo.com.mx\/api\/wp\/v2\/tags?post=116609"}],"curies":[{"name":"wp","href":"https:\/\/api.w.org\/{rel}","templated":true}]}}