{"id":116618,"date":"2021-06-17T11:05:18","date_gmt":"2021-06-17T18:05:18","guid":{"rendered":"https:\/\/www.sonoraenequipo.com.mx\/?p=116618"},"modified":"2021-06-17T17:38:14","modified_gmt":"2021-06-18T00:38:14","slug":"aumentan-llamados-a-investigar-pandemia-2","status":"publish","type":"post","link":"https:\/\/www.sonoraenequipo.com.mx\/aumentan-llamados-a-investigar-pandemia-2\/","title":{"rendered":"Aumentan llamados a investigar pandemia"},"content":{"rendered":"<p>ESTADOS UNIDOS. \u2014 Con m\u00e1s de 600.000 personas muertas en Estados Unidos por COVID-19 y persistentes interrogantes sobre el origen del virus que gener\u00f3 una pandemia y la respuesta del gobierno, existen presiones en el Capitolio y otros \u00e1mbitos para crear una comisi\u00f3n investigadora similar a la que examin\u00f3 los ataques del 11 de septiembre del 2001.<\/p>\n<p>&nbsp;<\/p>\n<p> <\/p>\n<p>&nbsp;<\/p>\n<p>Memorial en honor a fallecidos por el COVID-19 en la entrada del Cementerio de Greenwood, Nueva York, Estados Unidos.<\/p>\n<p>&nbsp;<\/p>\n<p>&nbsp;<\/p>\n<p>No estaba claro si se va a crear tal comisi\u00f3n, aunque un equipo de expertos de salud p\u00fablica con auspicio privado ya est\u00e1 sentando las bases para una investigaci\u00f3n.<\/p>\n<p>&nbsp;<\/p>\n<p>Dado que la mayor parte del desastre ocurri\u00f3 durante la presidencia de Donald Trump, muchos temen que la pol\u00edtica va a interferir en cualquier pesquisa, como sucedi\u00f3 cuando los republicanos rechazaron la formaci\u00f3n de una comisi\u00f3n para investigar el ataque al Capitolio el 6 de enero por partidarios de Trump. Otros temen que el deseo de muchos de dejar atr\u00e1s la pandemia va a obstaculizar cualquier investigaci\u00f3n.<\/p>\n<p>&nbsp;<\/p>\n<p><em>\u201cPienso que tenemos que llegar al meollo, examinar los detalles para ver qu\u00e9 pas\u00f3\u201d<\/em>, dijo Sabila Khan, de Nueva Jersey, cuyo padre, Shafqat Rasul Khan, muri\u00f3 de COVID-19.<em> \u201cSi vuelve a suceder, nuestros seres queridos habr\u00e1n muerto en vano\u201d.<\/em><\/p>\n<p>&nbsp;<\/p>\n<p>El senador dem\u00f3crata Bob Menendez y la senadora republicana Susan Collins han propuesto crear una comisi\u00f3n investigadora.<\/p>\n<p>&nbsp;<\/p>\n<p>Su tarea incluir\u00eda examinar los or\u00edgenes del virus, los indicios preliminares y otras comunicaciones con gobiernos extranjeros, la coordinaci\u00f3n entre las agencias federales, estatales y locales, la disponibilidad de suministros m\u00e9dicos, pruebas y vigilancia de salud p\u00fablica, el desarrollo y distribuci\u00f3n de vacunas, el efecto disparejo sobre las minor\u00edas y las pol\u00edticas de ayuda del gobierno.<\/p>\n<p>&nbsp;<\/p>\n<p><em>\u201cEl saldo de muertes de la pandemia de COVID-19 es m\u00e1s de 200 veces el de los ataques del 11 de septiembre, pero el Congreso no ha creado a\u00fan una comisi\u00f3n especial similar para investigar las debilidades de nuestro sistema de salud p\u00fablica y emitir directrices sobre c\u00f3mo podemos proteger mejor al pueblo estadounidense de pandemias futuras\u201d,<\/em> escribieron Menendez y Collins esta semana en el peri\u00f3dico The New York Times.<\/p>\n<p>&nbsp;<\/p>\n<p>&nbsp;<\/p>\n<p>(Publicada el 17\/06\/2021 \/ Associated Press)<\/p>\n","protected":false},"excerpt":{"rendered":"<p>ESTADOS UNIDOS. \u2014 Con m\u00e1s de 600.000 personas muertas en Estados Unidos por COVID-19 y&#8230;<\/p>\n","protected":false},"author":1,"featured_media":116629,"comment_status":"open","ping_status":"open","sticky":false,"template":"","format":"standard","meta":{"_monsterinsights_skip_tracking":false,"_monsterinsights_sitenote_active":false,"_monsterinsights_sitenote_note":"","_monsterinsights_sitenote_category":0,"footnotes":""},"categories":[3],"tags":[],"class_list":["post"],"yoast_head":" \n<title>Sonora en Equipo. Aumentan llamados a investigar pandemia MUNDO<\/title>\n<meta name=\"description\" content=\"ESTADOS UNIDOS. \u2014 Con m\u00e1s de 600.000 personas muertas en Estados Unidos por COVID-19 y persistentes interrogantes sobre el origen del virus que gener\u00f3 una En Sonora en Equipo publicamos toda la informaci\u00f3n de Sonora, M\u00e9xico y el Mundo de manera oportuna y busca que la libertad de expresi\u00f3n sea real. Visita nuestro medio informativo publicado desde Hermosillo, Sonora. %\" \/>\n<meta name=\"robots\" content=\"index, follow, max-snippet:-1, max-image-preview:large, max-video-preview:-1\" \/>\n<link rel=\"canonical\" href=\"https:\/\/www.sonoraenequipo.com.mx\/aumentan-llamados-a-investigar-pandemia-2\/\" \/>\n<meta property=\"og:locale\" content=\"es_ES\" \/>\n<meta property=\"og:type\" content=\"article\" \/>\n<meta property=\"og:title\" content=\"Sonora en Equipo. Aumentan llamados a investigar pandemia MUNDO\" \/>\n<meta property=\"og:description\" content=\"ESTADOS UNIDOS. \u2014 Con m\u00e1s de 600.000 personas muertas en Estados Unidos por COVID-19 y persistentes interrogantes sobre el origen del virus que gener\u00f3 una En Sonora en Equipo publicamos toda la informaci\u00f3n de Sonora, M\u00e9xico y el Mundo de manera oportuna y busca que la libertad de expresi\u00f3n sea real. Visita nuestro medio informativo publicado desde Hermosillo, Sonora. %\" \/>\n<meta property=\"og:url\" content=\"https:\/\/www.sonoraenequipo.com.mx\/aumentan-llamados-a-investigar-pandemia-2\/\" \/>\n<meta property=\"og:site_name\" content=\"Sonora en Equipo.\" \/>\n<meta property=\"article:publisher\" content=\"https:\/\/www.facebook.com\/SonoraEE\/\" \/>\n<meta property=\"article:author\" content=\"https:\/\/www.facebook.com\/SonoraEE\" \/>\n<meta property=\"article:published_time\" content=\"2021-06-17T18:05:18+00:00\" \/>\n<meta property=\"article:modified_time\" content=\"2021-06-18T00:38:14+00:00\" \/>\n<meta property=\"og:image\" content=\"https:\/\/www.sonoraenequipo.com.mx\/storage\/2021\/06\/saldo-muertes_opt-1.jpg\" \/>\n\t<meta property=\"og:image:width\" content=\"700\" \/>\n\t<meta property=\"og:image:height\" content=\"400\" \/>\n\t<meta property=\"og:image:type\" content=\"image\/jpeg\" \/>\n<meta name=\"author\" content=\"enequipo\" \/>\n<meta name=\"twitter:card\" content=\"summary_large_image\" \/>\n<meta name=\"twitter:creator\" content=\"@sonoraenequipo\" \/>\n<meta name=\"twitter:site\" content=\"@sonoraenequipo\" \/>\n<meta name=\"twitter:label1\" content=\"Escrito por\" \/>\n\t<meta name=\"twitter:data1\" content=\"enequipo\" \/>\n\t<meta name=\"twitter:label2\" content=\"Tiempo de lectura\" \/>\n\t<meta name=\"twitter:data2\" content=\"2 minutos\" \/>\n<script type=\"application\/ld+json\" class=\"yoast-schema-graph\">{\"@context\":\"https:\/\/schema.org\",\"@graph\":[{\"@type\":\"Article\",\"@id\":\"https:\/\/www.sonoraenequipo.com.mx\/aumentan-llamados-a-investigar-pandemia-2\/#article\",\"isPartOf\":{\"@id\":\"https:\/\/www.sonoraenequipo.com.mx\/aumentan-llamados-a-investigar-pandemia-2\/\"},\"author\":{\"name\":\"enequipo\",\"@id\":\"https:\/\/www.sonoraenequipo.com.mx\/#\/schema\/person\/50102df0fb23a8fa9e8effad8fa81386\"},\"headline\":\"Aumentan llamados a investigar pandemia\",\"datePublished\":\"2021-06-17T18:05:18+00:00\",\"dateModified\":\"2021-06-18T00:38:14+00:00\",\"mainEntityOfPage\":{\"@id\":\"https:\/\/www.sonoraenequipo.com.mx\/aumentan-llamados-a-investigar-pandemia-2\/\"},\"wordCount\":394,\"commentCount\":0,\"publisher\":{\"@id\":\"https:\/\/www.sonoraenequipo.com.mx\/#organization\"},\"image\":{\"@id\":\"https:\/\/www.sonoraenequipo.com.mx\/aumentan-llamados-a-investigar-pandemia-2\/#primaryimage\"},\"thumbnailUrl\":\"https:\/\/www.sonoraenequipo.com.mx\/storage\/2021\/06\/saldo-muertes_opt-1.jpg\",\"articleSection\":[\"MUNDO\"],\"inLanguage\":\"es\",\"potentialAction\":[{\"@type\":\"CommentAction\",\"name\":\"Comment\",\"target\":[\"https:\/\/www.sonoraenequipo.com.mx\/aumentan-llamados-a-investigar-pandemia-2\/#respond\"]}]},{\"@type\":\"WebPage\",\"@id\":\"https:\/\/www.sonoraenequipo.com.mx\/aumentan-llamados-a-investigar-pandemia-2\/\",\"url\":\"https:\/\/www.sonoraenequipo.com.mx\/aumentan-llamados-a-investigar-pandemia-2\/\",\"name\":\"Sonora en Equipo. Aumentan llamados a investigar pandemia MUNDO\",\"isPartOf\":{\"@id\":\"https:\/\/www.sonoraenequipo.com.mx\/#website\"},\"primaryImageOfPage\":{\"@id\":\"https:\/\/www.sonoraenequipo.com.mx\/aumentan-llamados-a-investigar-pandemia-2\/#primaryimage\"},\"image\":{\"@id\":\"https:\/\/www.sonoraenequipo.com.mx\/aumentan-llamados-a-investigar-pandemia-2\/#primaryimage\"},\"thumbnailUrl\":\"https:\/\/www.sonoraenequipo.com.mx\/storage\/2021\/06\/saldo-muertes_opt-1.jpg\",\"datePublished\":\"2021-06-17T18:05:18+00:00\",\"dateModified\":\"2021-06-18T00:38:14+00:00\",\"description\":\"ESTADOS UNIDOS. \u2014 Con m\u00e1s de 600.000 personas muertas en Estados Unidos por COVID-19 y persistentes interrogantes sobre el origen del virus que gener\u00f3 una En Sonora en Equipo publicamos toda la informaci\u00f3n de Sonora, M\u00e9xico y el Mundo de manera oportuna y busca que la libertad de expresi\u00f3n sea real. Visita nuestro medio informativo publicado desde Hermosillo, Sonora. %\",\"breadcrumb\":{\"@id\":\"https:\/\/www.sonoraenequipo.com.mx\/aumentan-llamados-a-investigar-pandemia-2\/#breadcrumb\"},\"inLanguage\":\"es\",\"potentialAction\":[{\"@type\":\"ReadAction\",\"target\":[\"https:\/\/www.sonoraenequipo.com.mx\/aumentan-llamados-a-investigar-pandemia-2\/\"]}]},{\"@type\":\"ImageObject\",\"inLanguage\":\"es\",\"@id\":\"https:\/\/www.sonoraenequipo.com.mx\/aumentan-llamados-a-investigar-pandemia-2\/#primaryimage\",\"url\":\"https:\/\/www.sonoraenequipo.com.mx\/storage\/2021\/06\/saldo-muertes_opt-1.jpg\",\"contentUrl\":\"https:\/\/www.sonoraenequipo.com.mx\/storage\/2021\/06\/saldo-muertes_opt-1.jpg\",\"width\":700,\"height\":400},{\"@type\":\"BreadcrumbList\",\"@id\":\"https:\/\/www.sonoraenequipo.com.mx\/aumentan-llamados-a-investigar-pandemia-2\/#breadcrumb\",\"itemListElement\":[{\"@type\":\"ListItem\",\"position\":1,\"name\":\"Portada\",\"item\":\"https:\/\/www.sonoraenequipo.com.mx\/\"},{\"@type\":\"ListItem\",\"position\":2,\"name\":\"Aumentan llamados a investigar pandemia\"}]},{\"@type\":\"WebSite\",\"@id\":\"https:\/\/www.sonoraenequipo.com.mx\/#website\",\"url\":\"https:\/\/www.sonoraenequipo.com.mx\/\",\"name\":\"Sonora en Equipo.\",\"description\":\"Diario en l\u00ednea con Noticias desde Hermosillo, Sonora\",\"publisher\":{\"@id\":\"https:\/\/www.sonoraenequipo.com.mx\/#organization\"},\"potentialAction\":[{\"@type\":\"SearchAction\",\"target\":{\"@type\":\"EntryPoint\",\"urlTemplate\":\"https:\/\/www.sonoraenequipo.com.mx\/?s={search_term_string}\"},\"query-input\":{\"@type\":\"PropertyValueSpecification\",\"valueRequired\":true,\"valueName\":\"search_term_string\"}}],\"inLanguage\":\"es\"},{\"@type\":\"Organization\",\"@id\":\"https:\/\/www.sonoraenequipo.com.mx\/#organization\",\"name\":\"Sonoraenequipo.com.mx\",\"url\":\"https:\/\/www.sonoraenequipo.com.mx\/\",\"logo\":{\"@type\":\"ImageObject\",\"inLanguage\":\"es\",\"@id\":\"https:\/\/www.sonoraenequipo.com.mx\/#\/schema\/logo\/image\/\",\"url\":\"https:\/\/www.sonoraenequipo.com.mx\/storage\/2019\/01\/sonoraenequipo_opt.png\",\"contentUrl\":\"https:\/\/www.sonoraenequipo.com.mx\/storage\/2019\/01\/sonoraenequipo_opt.png\",\"width\":375,\"height\":125,\"caption\":\"Sonoraenequipo.com.mx\"},\"image\":{\"@id\":\"https:\/\/www.sonoraenequipo.com.mx\/#\/schema\/logo\/image\/\"},\"sameAs\":[\"https:\/\/www.facebook.com\/SonoraEE\/\",\"https:\/\/x.com\/sonoraenequipo\",\"https:\/\/www.youtube.com\/channel\/UC338nW-lPEYmJQs4ZABQ1SQ\"]},{\"@type\":\"Person\",\"@id\":\"https:\/\/www.sonoraenequipo.com.mx\/#\/schema\/person\/50102df0fb23a8fa9e8effad8fa81386\",\"name\":\"enequipo\",\"image\":{\"@type\":\"ImageObject\",\"inLanguage\":\"es\",\"@id\":\"https:\/\/www.sonoraenequipo.com.mx\/#\/schema\/person\/image\/\",\"url\":\"https:\/\/secure.gravatar.com\/avatar\/049821681b589dabc0bc20695993ccebb09f5b5d4d790cd9251b97faac7c652b?s=96&d=blank&r=g\",\"contentUrl\":\"https:\/\/secure.gravatar.com\/avatar\/049821681b589dabc0bc20695993ccebb09f5b5d4d790cd9251b97faac7c652b?s=96&d=blank&r=g\",\"caption\":\"enequipo\"},\"sameAs\":[\"https:\/\/www.facebook.com\/SonoraEE\"]}]}<\/script>\n ","yoast_head_json":{"title":"Sonora en Equipo. Aumentan llamados a investigar pandemia MUNDO","description":"ESTADOS UNIDOS. \u2014 Con m\u00e1s de 600.000 personas muertas en Estados Unidos por COVID-19 y persistentes interrogantes sobre el origen del virus que gener\u00f3 una En Sonora en Equipo publicamos toda la informaci\u00f3n de Sonora, M\u00e9xico y el Mundo de manera oportuna y busca que la libertad de expresi\u00f3n sea real. Visita nuestro medio informativo publicado desde Hermosillo, Sonora. %","robots":{"index":"index","follow":"follow","max-snippet":"max-snippet:-1","max-image-preview":"max-image-preview:large","max-video-preview":"max-video-preview:-1"},"canonical":"https:\/\/www.sonoraenequipo.com.mx\/aumentan-llamados-a-investigar-pandemia-2\/","og_locale":"es_ES","og_type":"article","og_title":"Sonora en Equipo. Aumentan llamados a investigar pandemia MUNDO","og_description":"ESTADOS UNIDOS. \u2014 Con m\u00e1s de 600.000 personas muertas en Estados Unidos por COVID-19 y persistentes interrogantes sobre el origen del virus que gener\u00f3 una En Sonora en Equipo publicamos toda la informaci\u00f3n de Sonora, M\u00e9xico y el Mundo de manera oportuna y busca que la libertad de expresi\u00f3n sea real. Visita nuestro medio informativo publicado desde Hermosillo, Sonora. %","og_url":"https:\/\/www.sonoraenequipo.com.mx\/aumentan-llamados-a-investigar-pandemia-2\/","og_site_name":"Sonora en Equipo.","article_publisher":"https:\/\/www.facebook.com\/SonoraEE\/","article_author":"https:\/\/www.facebook.com\/SonoraEE","article_published_time":"2021-06-17T18:05:18+00:00","article_modified_time":"2021-06-18T00:38:14+00:00","og_image":[{"width":700,"height":400,"url":"https:\/\/www.sonoraenequipo.com.mx\/storage\/2021\/06\/saldo-muertes_opt-1.jpg","type":"image\/jpeg"}],"author":"enequipo","twitter_card":"summary_large_image","twitter_creator":"@sonoraenequipo","twitter_site":"@sonoraenequipo","twitter_misc":{"Escrito por":"enequipo","Tiempo de lectura":"2 minutos"},"schema":{"@context":"https:\/\/schema.org","@graph":[{"@type":"Article","@id":"https:\/\/www.sonoraenequipo.com.mx\/aumentan-llamados-a-investigar-pandemia-2\/#article","isPartOf":{"@id":"https:\/\/www.sonoraenequipo.com.mx\/aumentan-llamados-a-investigar-pandemia-2\/"},"author":{"name":"enequipo","@id":"https:\/\/www.sonoraenequipo.com.mx\/#\/schema\/person\/50102df0fb23a8fa9e8effad8fa81386"},"headline":"Aumentan llamados a investigar pandemia","datePublished":"2021-06-17T18:05:18+00:00","dateModified":"2021-06-18T00:38:14+00:00","mainEntityOfPage":{"@id":"https:\/\/www.sonoraenequipo.com.mx\/aumentan-llamados-a-investigar-pandemia-2\/"},"wordCount":394,"commentCount":0,"publisher":{"@id":"https:\/\/www.sonoraenequipo.com.mx\/#organization"},"image":{"@id":"https:\/\/www.sonoraenequipo.com.mx\/aumentan-llamados-a-investigar-pandemia-2\/#primaryimage"},"thumbnailUrl":"https:\/\/www.sonoraenequipo.com.mx\/storage\/2021\/06\/saldo-muertes_opt-1.jpg","articleSection":["MUNDO"],"inLanguage":"es","potentialAction":[{"@type":"CommentAction","name":"Comment","target":["https:\/\/www.sonoraenequipo.com.mx\/aumentan-llamados-a-investigar-pandemia-2\/#respond"]}]},{"@type":"WebPage","@id":"https:\/\/www.sonoraenequipo.com.mx\/aumentan-llamados-a-investigar-pandemia-2\/","url":"https:\/\/www.sonoraenequipo.com.mx\/aumentan-llamados-a-investigar-pandemia-2\/","name":"Sonora en Equipo. Aumentan llamados a investigar pandemia MUNDO","isPartOf":{"@id":"https:\/\/www.sonoraenequipo.com.mx\/#website"},"primaryImageOfPage":{"@id":"https:\/\/www.sonoraenequipo.com.mx\/aumentan-llamados-a-investigar-pandemia-2\/#primaryimage"},"image":{"@id":"https:\/\/www.sonoraenequipo.com.mx\/aumentan-llamados-a-investigar-pandemia-2\/#primaryimage"},"thumbnailUrl":"https:\/\/www.sonoraenequipo.com.mx\/storage\/2021\/06\/saldo-muertes_opt-1.jpg","datePublished":"2021-06-17T18:05:18+00:00","dateModified":"2021-06-18T00:38:14+00:00","description":"ESTADOS UNIDOS. \u2014 Con m\u00e1s de 600.000 personas muertas en Estados Unidos por COVID-19 y persistentes interrogantes sobre el origen del virus que gener\u00f3 una En Sonora en Equipo publicamos toda la informaci\u00f3n de Sonora, M\u00e9xico y el Mundo de manera oportuna y busca que la libertad de expresi\u00f3n sea real. Visita nuestro medio informativo publicado desde Hermosillo, Sonora. %","breadcrumb":{"@id":"https:\/\/www.sonoraenequipo.com.mx\/aumentan-llamados-a-investigar-pandemia-2\/#breadcrumb"},"inLanguage":"es","potentialAction":[{"@type":"ReadAction","target":["https:\/\/www.sonoraenequipo.com.mx\/aumentan-llamados-a-investigar-pandemia-2\/"]}]},{"@type":"ImageObject","inLanguage":"es","@id":"https:\/\/www.sonoraenequipo.com.mx\/aumentan-llamados-a-investigar-pandemia-2\/#primaryimage","url":"https:\/\/www.sonoraenequipo.com.mx\/storage\/2021\/06\/saldo-muertes_opt-1.jpg","contentUrl":"https:\/\/www.sonoraenequipo.com.mx\/storage\/2021\/06\/saldo-muertes_opt-1.jpg","width":700,"height":400},{"@type":"BreadcrumbList","@id":"https:\/\/www.sonoraenequipo.com.mx\/aumentan-llamados-a-investigar-pandemia-2\/#breadcrumb","itemListElement":[{"@type":"ListItem","position":1,"name":"Portada","item":"https:\/\/www.sonoraenequipo.com.mx\/"},{"@type":"ListItem","position":2,"name":"Aumentan llamados a investigar pandemia"}]},{"@type":"WebSite","@id":"https:\/\/www.sonoraenequipo.com.mx\/#website","url":"https:\/\/www.sonoraenequipo.com.mx\/","name":"Sonora en Equipo.","description":"Diario en l\u00ednea con Noticias desde Hermosillo, Sonora","publisher":{"@id":"https:\/\/www.sonoraenequipo.com.mx\/#organization"},"potentialAction":[{"@type":"SearchAction","target":{"@type":"EntryPoint","urlTemplate":"https:\/\/www.sonoraenequipo.com.mx\/?s={search_term_string}"},"query-input":{"@type":"PropertyValueSpecification","valueRequired":true,"valueName":"search_term_string"}}],"inLanguage":"es"},{"@type":"Organization","@id":"https:\/\/www.sonoraenequipo.com.mx\/#organization","name":"Sonoraenequipo.com.mx","url":"https:\/\/www.sonoraenequipo.com.mx\/","logo":{"@type":"ImageObject","inLanguage":"es","@id":"https:\/\/www.sonoraenequipo.com.mx\/#\/schema\/logo\/image\/","url":"https:\/\/www.sonoraenequipo.com.mx\/storage\/2019\/01\/sonoraenequipo_opt.png","contentUrl":"https:\/\/www.sonoraenequipo.com.mx\/storage\/2019\/01\/sonoraenequipo_opt.png","width":375,"height":125,"caption":"Sonoraenequipo.com.mx"},"image":{"@id":"https:\/\/www.sonoraenequipo.com.mx\/#\/schema\/logo\/image\/"},"sameAs":["https:\/\/www.facebook.com\/SonoraEE\/","https:\/\/x.com\/sonoraenequipo","https:\/\/www.youtube.com\/channel\/UC338nW-lPEYmJQs4ZABQ1SQ"]},{"@type":"Person","@id":"https:\/\/www.sonoraenequipo.com.mx\/#\/schema\/person\/50102df0fb23a8fa9e8effad8fa81386","name":"enequipo","image":{"@type":"ImageObject","inLanguage":"es","@id":"https:\/\/www.sonoraenequipo.com.mx\/#\/schema\/person\/image\/","url":"https:\/\/secure.gravatar.com\/avatar\/049821681b589dabc0bc20695993ccebb09f5b5d4d790cd9251b97faac7c652b?s=96&d=blank&r=g","contentUrl":"https:\/\/secure.gravatar.com\/avatar\/049821681b589dabc0bc20695993ccebb09f5b5d4d790cd9251b97faac7c652b?s=96&d=blank&r=g","caption":"enequipo"},"sameAs":["https:\/\/www.facebook.com\/SonoraEE"]}]}},"jetpack_featured_media_url":"https:\/\/www.sonoraenequipo.com.mx\/storage\/2021\/06\/saldo-muertes_opt-1.jpg","_links":{"self":[{"href":"https:\/\/www.sonoraenequipo.com.mx\/api\/wp\/v2\/posts\/116618","targetHints":{"allow":["GET"]}}],"collection":[{"href":"https:\/\/www.sonoraenequipo.com.mx\/api\/wp\/v2\/posts"}],"about":[{"href":"https:\/\/www.sonoraenequipo.com.mx\/api\/wp\/v2\/types\/post"}],"author":[{"embeddable":true,"href":"https:\/\/www.sonoraenequipo.com.mx\/api\/wp\/v2\/users\/1"}],"replies":[{"embeddable":true,"href":"https:\/\/www.sonoraenequipo.com.mx\/api\/wp\/v2\/comments?post=116618"}],"version-history":[{"count":1,"href":"https:\/\/www.sonoraenequipo.com.mx\/api\/wp\/v2\/posts\/116618\/revisions"}],"predecessor-version":[{"id":116630,"href":"https:\/\/www.sonoraenequipo.com.mx\/api\/wp\/v2\/posts\/116618\/revisions\/116630"}],"wp:featuredmedia":[{"embeddable":true,"href":"https:\/\/www.sonoraenequipo.com.mx\/api\/wp\/v2\/media\/116629"}],"wp:attachment":[{"href":"https:\/\/www.sonoraenequipo.com.mx\/api\/wp\/v2\/media?parent=116618"}],"wp:term":[{"taxonomy":"category","embeddable":true,"href":"https:\/\/www.sonoraenequipo.com.mx\/api\/wp\/v2\/categories?post=116618"},{"taxonomy":"post_tag","embeddable":true,"href":"https:\/\/www.sonoraenequipo.com.mx\/api\/wp\/v2\/tags?post=116618"}],"curies":[{"name":"wp","href":"https:\/\/api.w.org\/{rel}","templated":true}]}}