{"id":116680,"date":"2021-06-18T15:12:28","date_gmt":"2021-06-18T22:12:28","guid":{"rendered":"https:\/\/www.sonoraenequipo.com.mx\/?p=116680"},"modified":"2021-06-18T13:24:27","modified_gmt":"2021-06-18T20:24:27","slug":"trabajadoras-domesticas-participan-en-una-manifestacion-para-mejorar-los-derechos-laborales-oit","status":"publish","type":"post","link":"https:\/\/www.sonoraenequipo.com.mx\/trabajadoras-domesticas-participan-en-una-manifestacion-para-mejorar-los-derechos-laborales-oit\/","title":{"rendered":"Trabajadoras dom\u00e9sticas participan en una manifestaci\u00f3n para mejorar los derechos laborales. OIT"},"content":{"rendered":"<p>GINEBRA, SUIZA. \u2014 El estudio de Organizaci\u00f3n Internacional del Trabajo (OIT), destaca que, en el momento m\u00e1s agudo de la pandemia, la situaci\u00f3n de p\u00e9rdida de empleo por parte de este tipo de trabajadores en el continente americano fue la peor registrada entre regiones con una franja que oscil\u00f3 entre el 25 y el 50%, seguida por la mayor parte de los pa\u00edses de Europa, junto a Canad\u00e1 y Sud\u00e1frica, con una horquilla que oscil\u00f3 entre un 5 y un 20%.<\/p>\n<p>&nbsp;<\/p>\n<p> <\/p>\n<p>&nbsp;<\/p>\n<p>En comparaci\u00f3n, cabe destacar que durante el mismo periodo la p\u00e9rdida de empleo entre otros asalariados fue inferior al 15% en la mayor\u00eda de los pa\u00edses.<\/p>\n<p>&nbsp;<\/p>\n<p>&nbsp;<\/p>\n<p>Seg\u00fan la OIT, en el mundo hay al menos 75,6 millones de trabajadores dom\u00e9sticos de 15 a\u00f1os o m\u00e1s, lo que representa alrededor de una de cada 25 personas empleadas. Poco m\u00e1s de las tres cuartas partes son mujeres.<\/p>\n<p>&nbsp;<\/p>\n<p>&nbsp;<\/p>\n<p>El mayor n\u00famero de trabajadoras dom\u00e9sticas se encuentra en Am\u00e9rica Latina (91%) y el Caribe (89%).<\/p>\n<p>&nbsp;<\/p>\n<p>&nbsp;<\/p>\n<p>De acuerdo con los hallazgos del estudio, la pandemia de COVID-19 ha empeorado unas condiciones de trabajo que ya eran muy complicadas para los trabajadoras y trabajadores dom\u00e9sticos, que constituyen el 4,5% de los asalariados de todo el planeta.<\/p>\n<p>&nbsp;<\/p>\n<p>&nbsp;<\/p>\n<p><em>\u201cLa crisis ha puesto de relieve la necesidad acuciante de formalizar el trabajo dom\u00e9stico a fin de que quienes se dedican a ello accedan al trabajo decente; se ha de comenzar por ampliar y aplicar la legislaci\u00f3n laboral y de seguridad social de todas las personas que desempe\u00f1an trabajo dom\u00e9stico\u201d<\/em>, se\u00f1al\u00f3 el director general de la OIT, Guy Ryder.<\/p>\n<p>&nbsp;<\/p>\n<h3>La Convenci\u00f3n avanza, pero no se aplica lo suficiente<\/h3>\n<p>&nbsp;<\/p>\n<p>La adopci\u00f3n del emblem\u00e1tico Convenio hace diez a\u00f1os fue aclamada como un important\u00edsimo avance y provoc\u00f3 que el n\u00famero de trabajadoras y trabajadores dom\u00e9sticos completamente excluidos del \u00e1mbito de las leyes y reglamentos laborales, se redujera en m\u00e1s de 16 puntos porcentuales.<\/p>\n<p>&nbsp;<\/p>\n<p>Pese a esos avances, el 36% de estos trabajadores carece de cobertura laboral, lo que indica la necesidad urgente de subsanar los vac\u00edos legales, en particular en Asia y el Pac\u00edfico y en los Estados \u00c1rabes, donde esas lagunas son mayores.<\/p>\n<p>&nbsp;<\/p>\n<p>El trabajo dom\u00e9stico sigue siendo un sector con rostro femenino. Emplea a 57,7 millones de mujeres, es decir al 76,2% de las personas con este tipo de ocupaci\u00f3n.<\/p>\n<p>&nbsp;<\/p>\n<p>Aunque en el continente americano, Europa y Asia Central las mujeres representan la mayor parte de esta poblaci\u00f3n activa, la situaci\u00f3n se invierte en los Estados \u00c1rabes y en \u00c1frica del Norte donde los hombres representan un porcentaje mayor (63,4%), y poco menos de la mitad del total de trabajadoras y trabajadores dom\u00e9sticos de Asia Meridional (42,6%).<\/p>\n<p>&nbsp;<\/p>\n<p>La amplia mayor\u00eda de las trabajadoras y los trabajadores dom\u00e9sticos se desempe\u00f1an en dos regiones: aproximadamente la mitad (38,3 millones) en regiones de Asia y el Pac\u00edfico, en gran medida en China; mientras que una cuarta parte (17,6 millones) est\u00e1 en las Am\u00e9ricas.<\/p>\n<p>&nbsp;<\/p>\n<p>&nbsp;<\/p>\n<p>(Publicada el 18\/06\/2021)<\/p>\n","protected":false},"excerpt":{"rendered":"<p>GINEBRA, SUIZA. \u2014 El estudio de Organizaci\u00f3n Internacional del Trabajo (OIT), destaca que, en el&#8230;<\/p>\n","protected":false},"author":1,"featured_media":116636,"comment_status":"open","ping_status":"open","sticky":false,"template":"","format":"standard","meta":{"_monsterinsights_skip_tracking":false,"_monsterinsights_sitenote_active":false,"_monsterinsights_sitenote_note":"","_monsterinsights_sitenote_category":0,"footnotes":""},"categories":[3],"tags":[],"class_list":["post"],"yoast_head":" \n<title>Sonora en Equipo. Trabajadoras dom\u00e9sticas participan en una manifestaci\u00f3n para mejorar los derechos laborales. OIT MUNDO<\/title>\n<meta name=\"description\" content=\"GINEBRA, SUIZA. \u2014 El estudio de Organizaci\u00f3n Internacional del Trabajo (OIT), destaca que, en el momento m\u00e1s agudo de la pandemia, la situaci\u00f3n de p\u00e9rdida En Sonora en Equipo publicamos toda la informaci\u00f3n de Sonora, M\u00e9xico y el Mundo de manera oportuna y busca que la libertad de expresi\u00f3n sea real. Visita nuestro medio informativo publicado desde Hermosillo, Sonora. %\" \/>\n<meta name=\"robots\" content=\"index, follow, max-snippet:-1, max-image-preview:large, max-video-preview:-1\" \/>\n<link rel=\"canonical\" href=\"https:\/\/www.sonoraenequipo.com.mx\/trabajadoras-domesticas-participan-en-una-manifestacion-para-mejorar-los-derechos-laborales-oit\/\" \/>\n<meta property=\"og:locale\" content=\"es_ES\" \/>\n<meta property=\"og:type\" content=\"article\" \/>\n<meta property=\"og:title\" content=\"Sonora en Equipo. Trabajadoras dom\u00e9sticas participan en una manifestaci\u00f3n para mejorar los derechos laborales. OIT MUNDO\" \/>\n<meta property=\"og:description\" content=\"GINEBRA, SUIZA. \u2014 El estudio de Organizaci\u00f3n Internacional del Trabajo (OIT), destaca que, en el momento m\u00e1s agudo de la pandemia, la situaci\u00f3n de p\u00e9rdida En Sonora en Equipo publicamos toda la informaci\u00f3n de Sonora, M\u00e9xico y el Mundo de manera oportuna y busca que la libertad de expresi\u00f3n sea real. Visita nuestro medio informativo publicado desde Hermosillo, Sonora. %\" \/>\n<meta property=\"og:url\" content=\"https:\/\/www.sonoraenequipo.com.mx\/trabajadoras-domesticas-participan-en-una-manifestacion-para-mejorar-los-derechos-laborales-oit\/\" \/>\n<meta property=\"og:site_name\" content=\"Sonora en Equipo.\" \/>\n<meta property=\"article:publisher\" content=\"https:\/\/www.facebook.com\/SonoraEE\/\" \/>\n<meta property=\"article:author\" content=\"https:\/\/www.facebook.com\/SonoraEE\" \/>\n<meta property=\"article:published_time\" content=\"2021-06-18T22:12:28+00:00\" \/>\n<meta property=\"og:image\" content=\"https:\/\/www.sonoraenequipo.com.mx\/storage\/2021\/06\/trabajadoras-domesticas-OIT-2_opt.jpg\" \/>\n\t<meta property=\"og:image:width\" content=\"700\" \/>\n\t<meta property=\"og:image:height\" content=\"400\" \/>\n\t<meta property=\"og:image:type\" content=\"image\/jpeg\" \/>\n<meta name=\"author\" content=\"enequipo\" \/>\n<meta name=\"twitter:card\" content=\"summary_large_image\" \/>\n<meta name=\"twitter:creator\" content=\"@sonoraenequipo\" \/>\n<meta name=\"twitter:site\" content=\"@sonoraenequipo\" \/>\n<meta name=\"twitter:label1\" content=\"Escrito por\" \/>\n\t<meta name=\"twitter:data1\" content=\"enequipo\" \/>\n\t<meta name=\"twitter:label2\" content=\"Tiempo de lectura\" \/>\n\t<meta name=\"twitter:data2\" content=\"3 minutos\" \/>\n<script type=\"application\/ld+json\" class=\"yoast-schema-graph\">{\"@context\":\"https:\/\/schema.org\",\"@graph\":[{\"@type\":\"Article\",\"@id\":\"https:\/\/www.sonoraenequipo.com.mx\/trabajadoras-domesticas-participan-en-una-manifestacion-para-mejorar-los-derechos-laborales-oit\/#article\",\"isPartOf\":{\"@id\":\"https:\/\/www.sonoraenequipo.com.mx\/trabajadoras-domesticas-participan-en-una-manifestacion-para-mejorar-los-derechos-laborales-oit\/\"},\"author\":{\"name\":\"enequipo\",\"@id\":\"https:\/\/www.sonoraenequipo.com.mx\/#\/schema\/person\/50102df0fb23a8fa9e8effad8fa81386\"},\"headline\":\"Trabajadoras dom\u00e9sticas participan en una manifestaci\u00f3n para mejorar los derechos laborales. OIT\",\"datePublished\":\"2021-06-18T22:12:28+00:00\",\"mainEntityOfPage\":{\"@id\":\"https:\/\/www.sonoraenequipo.com.mx\/trabajadoras-domesticas-participan-en-una-manifestacion-para-mejorar-los-derechos-laborales-oit\/\"},\"wordCount\":538,\"commentCount\":0,\"publisher\":{\"@id\":\"https:\/\/www.sonoraenequipo.com.mx\/#organization\"},\"image\":{\"@id\":\"https:\/\/www.sonoraenequipo.com.mx\/trabajadoras-domesticas-participan-en-una-manifestacion-para-mejorar-los-derechos-laborales-oit\/#primaryimage\"},\"thumbnailUrl\":\"https:\/\/www.sonoraenequipo.com.mx\/storage\/2021\/06\/trabajadoras-domesticas-OIT-2_opt.jpg\",\"articleSection\":[\"MUNDO\"],\"inLanguage\":\"es\",\"potentialAction\":[{\"@type\":\"CommentAction\",\"name\":\"Comment\",\"target\":[\"https:\/\/www.sonoraenequipo.com.mx\/trabajadoras-domesticas-participan-en-una-manifestacion-para-mejorar-los-derechos-laborales-oit\/#respond\"]}]},{\"@type\":\"WebPage\",\"@id\":\"https:\/\/www.sonoraenequipo.com.mx\/trabajadoras-domesticas-participan-en-una-manifestacion-para-mejorar-los-derechos-laborales-oit\/\",\"url\":\"https:\/\/www.sonoraenequipo.com.mx\/trabajadoras-domesticas-participan-en-una-manifestacion-para-mejorar-los-derechos-laborales-oit\/\",\"name\":\"Sonora en Equipo. Trabajadoras dom\u00e9sticas participan en una manifestaci\u00f3n para mejorar los derechos laborales. OIT MUNDO\",\"isPartOf\":{\"@id\":\"https:\/\/www.sonoraenequipo.com.mx\/#website\"},\"primaryImageOfPage\":{\"@id\":\"https:\/\/www.sonoraenequipo.com.mx\/trabajadoras-domesticas-participan-en-una-manifestacion-para-mejorar-los-derechos-laborales-oit\/#primaryimage\"},\"image\":{\"@id\":\"https:\/\/www.sonoraenequipo.com.mx\/trabajadoras-domesticas-participan-en-una-manifestacion-para-mejorar-los-derechos-laborales-oit\/#primaryimage\"},\"thumbnailUrl\":\"https:\/\/www.sonoraenequipo.com.mx\/storage\/2021\/06\/trabajadoras-domesticas-OIT-2_opt.jpg\",\"datePublished\":\"2021-06-18T22:12:28+00:00\",\"description\":\"GINEBRA, SUIZA. \u2014 El estudio de Organizaci\u00f3n Internacional del Trabajo (OIT), destaca que, en el momento m\u00e1s agudo de la pandemia, la situaci\u00f3n de p\u00e9rdida En Sonora en Equipo publicamos toda la informaci\u00f3n de Sonora, M\u00e9xico y el Mundo de manera oportuna y busca que la libertad de expresi\u00f3n sea real. Visita nuestro medio informativo publicado desde Hermosillo, Sonora. %\",\"breadcrumb\":{\"@id\":\"https:\/\/www.sonoraenequipo.com.mx\/trabajadoras-domesticas-participan-en-una-manifestacion-para-mejorar-los-derechos-laborales-oit\/#breadcrumb\"},\"inLanguage\":\"es\",\"potentialAction\":[{\"@type\":\"ReadAction\",\"target\":[\"https:\/\/www.sonoraenequipo.com.mx\/trabajadoras-domesticas-participan-en-una-manifestacion-para-mejorar-los-derechos-laborales-oit\/\"]}]},{\"@type\":\"ImageObject\",\"inLanguage\":\"es\",\"@id\":\"https:\/\/www.sonoraenequipo.com.mx\/trabajadoras-domesticas-participan-en-una-manifestacion-para-mejorar-los-derechos-laborales-oit\/#primaryimage\",\"url\":\"https:\/\/www.sonoraenequipo.com.mx\/storage\/2021\/06\/trabajadoras-domesticas-OIT-2_opt.jpg\",\"contentUrl\":\"https:\/\/www.sonoraenequipo.com.mx\/storage\/2021\/06\/trabajadoras-domesticas-OIT-2_opt.jpg\",\"width\":700,\"height\":400},{\"@type\":\"BreadcrumbList\",\"@id\":\"https:\/\/www.sonoraenequipo.com.mx\/trabajadoras-domesticas-participan-en-una-manifestacion-para-mejorar-los-derechos-laborales-oit\/#breadcrumb\",\"itemListElement\":[{\"@type\":\"ListItem\",\"position\":1,\"name\":\"Portada\",\"item\":\"https:\/\/www.sonoraenequipo.com.mx\/\"},{\"@type\":\"ListItem\",\"position\":2,\"name\":\"Trabajadoras dom\u00e9sticas participan en una manifestaci\u00f3n para mejorar los derechos laborales. OIT\"}]},{\"@type\":\"WebSite\",\"@id\":\"https:\/\/www.sonoraenequipo.com.mx\/#website\",\"url\":\"https:\/\/www.sonoraenequipo.com.mx\/\",\"name\":\"Sonora en Equipo.\",\"description\":\"Diario en l\u00ednea con Noticias desde Hermosillo, Sonora\",\"publisher\":{\"@id\":\"https:\/\/www.sonoraenequipo.com.mx\/#organization\"},\"potentialAction\":[{\"@type\":\"SearchAction\",\"target\":{\"@type\":\"EntryPoint\",\"urlTemplate\":\"https:\/\/www.sonoraenequipo.com.mx\/?s={search_term_string}\"},\"query-input\":{\"@type\":\"PropertyValueSpecification\",\"valueRequired\":true,\"valueName\":\"search_term_string\"}}],\"inLanguage\":\"es\"},{\"@type\":\"Organization\",\"@id\":\"https:\/\/www.sonoraenequipo.com.mx\/#organization\",\"name\":\"Sonoraenequipo.com.mx\",\"url\":\"https:\/\/www.sonoraenequipo.com.mx\/\",\"logo\":{\"@type\":\"ImageObject\",\"inLanguage\":\"es\",\"@id\":\"https:\/\/www.sonoraenequipo.com.mx\/#\/schema\/logo\/image\/\",\"url\":\"https:\/\/www.sonoraenequipo.com.mx\/storage\/2019\/01\/sonoraenequipo_opt.png\",\"contentUrl\":\"https:\/\/www.sonoraenequipo.com.mx\/storage\/2019\/01\/sonoraenequipo_opt.png\",\"width\":375,\"height\":125,\"caption\":\"Sonoraenequipo.com.mx\"},\"image\":{\"@id\":\"https:\/\/www.sonoraenequipo.com.mx\/#\/schema\/logo\/image\/\"},\"sameAs\":[\"https:\/\/www.facebook.com\/SonoraEE\/\",\"https:\/\/x.com\/sonoraenequipo\",\"https:\/\/www.youtube.com\/channel\/UC338nW-lPEYmJQs4ZABQ1SQ\"]},{\"@type\":\"Person\",\"@id\":\"https:\/\/www.sonoraenequipo.com.mx\/#\/schema\/person\/50102df0fb23a8fa9e8effad8fa81386\",\"name\":\"enequipo\",\"image\":{\"@type\":\"ImageObject\",\"inLanguage\":\"es\",\"@id\":\"https:\/\/www.sonoraenequipo.com.mx\/#\/schema\/person\/image\/\",\"url\":\"https:\/\/secure.gravatar.com\/avatar\/049821681b589dabc0bc20695993ccebb09f5b5d4d790cd9251b97faac7c652b?s=96&d=blank&r=g\",\"contentUrl\":\"https:\/\/secure.gravatar.com\/avatar\/049821681b589dabc0bc20695993ccebb09f5b5d4d790cd9251b97faac7c652b?s=96&d=blank&r=g\",\"caption\":\"enequipo\"},\"sameAs\":[\"https:\/\/www.facebook.com\/SonoraEE\"]}]}<\/script>\n ","yoast_head_json":{"title":"Sonora en Equipo. Trabajadoras dom\u00e9sticas participan en una manifestaci\u00f3n para mejorar los derechos laborales. OIT MUNDO","description":"GINEBRA, SUIZA. \u2014 El estudio de Organizaci\u00f3n Internacional del Trabajo (OIT), destaca que, en el momento m\u00e1s agudo de la pandemia, la situaci\u00f3n de p\u00e9rdida En Sonora en Equipo publicamos toda la informaci\u00f3n de Sonora, M\u00e9xico y el Mundo de manera oportuna y busca que la libertad de expresi\u00f3n sea real. Visita nuestro medio informativo publicado desde Hermosillo, Sonora. %","robots":{"index":"index","follow":"follow","max-snippet":"max-snippet:-1","max-image-preview":"max-image-preview:large","max-video-preview":"max-video-preview:-1"},"canonical":"https:\/\/www.sonoraenequipo.com.mx\/trabajadoras-domesticas-participan-en-una-manifestacion-para-mejorar-los-derechos-laborales-oit\/","og_locale":"es_ES","og_type":"article","og_title":"Sonora en Equipo. Trabajadoras dom\u00e9sticas participan en una manifestaci\u00f3n para mejorar los derechos laborales. OIT MUNDO","og_description":"GINEBRA, SUIZA. \u2014 El estudio de Organizaci\u00f3n Internacional del Trabajo (OIT), destaca que, en el momento m\u00e1s agudo de la pandemia, la situaci\u00f3n de p\u00e9rdida En Sonora en Equipo publicamos toda la informaci\u00f3n de Sonora, M\u00e9xico y el Mundo de manera oportuna y busca que la libertad de expresi\u00f3n sea real. Visita nuestro medio informativo publicado desde Hermosillo, Sonora. %","og_url":"https:\/\/www.sonoraenequipo.com.mx\/trabajadoras-domesticas-participan-en-una-manifestacion-para-mejorar-los-derechos-laborales-oit\/","og_site_name":"Sonora en Equipo.","article_publisher":"https:\/\/www.facebook.com\/SonoraEE\/","article_author":"https:\/\/www.facebook.com\/SonoraEE","article_published_time":"2021-06-18T22:12:28+00:00","og_image":[{"width":700,"height":400,"url":"https:\/\/www.sonoraenequipo.com.mx\/storage\/2021\/06\/trabajadoras-domesticas-OIT-2_opt.jpg","type":"image\/jpeg"}],"author":"enequipo","twitter_card":"summary_large_image","twitter_creator":"@sonoraenequipo","twitter_site":"@sonoraenequipo","twitter_misc":{"Escrito por":"enequipo","Tiempo de lectura":"3 minutos"},"schema":{"@context":"https:\/\/schema.org","@graph":[{"@type":"Article","@id":"https:\/\/www.sonoraenequipo.com.mx\/trabajadoras-domesticas-participan-en-una-manifestacion-para-mejorar-los-derechos-laborales-oit\/#article","isPartOf":{"@id":"https:\/\/www.sonoraenequipo.com.mx\/trabajadoras-domesticas-participan-en-una-manifestacion-para-mejorar-los-derechos-laborales-oit\/"},"author":{"name":"enequipo","@id":"https:\/\/www.sonoraenequipo.com.mx\/#\/schema\/person\/50102df0fb23a8fa9e8effad8fa81386"},"headline":"Trabajadoras dom\u00e9sticas participan en una manifestaci\u00f3n para mejorar los derechos laborales. OIT","datePublished":"2021-06-18T22:12:28+00:00","mainEntityOfPage":{"@id":"https:\/\/www.sonoraenequipo.com.mx\/trabajadoras-domesticas-participan-en-una-manifestacion-para-mejorar-los-derechos-laborales-oit\/"},"wordCount":538,"commentCount":0,"publisher":{"@id":"https:\/\/www.sonoraenequipo.com.mx\/#organization"},"image":{"@id":"https:\/\/www.sonoraenequipo.com.mx\/trabajadoras-domesticas-participan-en-una-manifestacion-para-mejorar-los-derechos-laborales-oit\/#primaryimage"},"thumbnailUrl":"https:\/\/www.sonoraenequipo.com.mx\/storage\/2021\/06\/trabajadoras-domesticas-OIT-2_opt.jpg","articleSection":["MUNDO"],"inLanguage":"es","potentialAction":[{"@type":"CommentAction","name":"Comment","target":["https:\/\/www.sonoraenequipo.com.mx\/trabajadoras-domesticas-participan-en-una-manifestacion-para-mejorar-los-derechos-laborales-oit\/#respond"]}]},{"@type":"WebPage","@id":"https:\/\/www.sonoraenequipo.com.mx\/trabajadoras-domesticas-participan-en-una-manifestacion-para-mejorar-los-derechos-laborales-oit\/","url":"https:\/\/www.sonoraenequipo.com.mx\/trabajadoras-domesticas-participan-en-una-manifestacion-para-mejorar-los-derechos-laborales-oit\/","name":"Sonora en Equipo. Trabajadoras dom\u00e9sticas participan en una manifestaci\u00f3n para mejorar los derechos laborales. OIT MUNDO","isPartOf":{"@id":"https:\/\/www.sonoraenequipo.com.mx\/#website"},"primaryImageOfPage":{"@id":"https:\/\/www.sonoraenequipo.com.mx\/trabajadoras-domesticas-participan-en-una-manifestacion-para-mejorar-los-derechos-laborales-oit\/#primaryimage"},"image":{"@id":"https:\/\/www.sonoraenequipo.com.mx\/trabajadoras-domesticas-participan-en-una-manifestacion-para-mejorar-los-derechos-laborales-oit\/#primaryimage"},"thumbnailUrl":"https:\/\/www.sonoraenequipo.com.mx\/storage\/2021\/06\/trabajadoras-domesticas-OIT-2_opt.jpg","datePublished":"2021-06-18T22:12:28+00:00","description":"GINEBRA, SUIZA. \u2014 El estudio de Organizaci\u00f3n Internacional del Trabajo (OIT), destaca que, en el momento m\u00e1s agudo de la pandemia, la situaci\u00f3n de p\u00e9rdida En Sonora en Equipo publicamos toda la informaci\u00f3n de Sonora, M\u00e9xico y el Mundo de manera oportuna y busca que la libertad de expresi\u00f3n sea real. Visita nuestro medio informativo publicado desde Hermosillo, Sonora. %","breadcrumb":{"@id":"https:\/\/www.sonoraenequipo.com.mx\/trabajadoras-domesticas-participan-en-una-manifestacion-para-mejorar-los-derechos-laborales-oit\/#breadcrumb"},"inLanguage":"es","potentialAction":[{"@type":"ReadAction","target":["https:\/\/www.sonoraenequipo.com.mx\/trabajadoras-domesticas-participan-en-una-manifestacion-para-mejorar-los-derechos-laborales-oit\/"]}]},{"@type":"ImageObject","inLanguage":"es","@id":"https:\/\/www.sonoraenequipo.com.mx\/trabajadoras-domesticas-participan-en-una-manifestacion-para-mejorar-los-derechos-laborales-oit\/#primaryimage","url":"https:\/\/www.sonoraenequipo.com.mx\/storage\/2021\/06\/trabajadoras-domesticas-OIT-2_opt.jpg","contentUrl":"https:\/\/www.sonoraenequipo.com.mx\/storage\/2021\/06\/trabajadoras-domesticas-OIT-2_opt.jpg","width":700,"height":400},{"@type":"BreadcrumbList","@id":"https:\/\/www.sonoraenequipo.com.mx\/trabajadoras-domesticas-participan-en-una-manifestacion-para-mejorar-los-derechos-laborales-oit\/#breadcrumb","itemListElement":[{"@type":"ListItem","position":1,"name":"Portada","item":"https:\/\/www.sonoraenequipo.com.mx\/"},{"@type":"ListItem","position":2,"name":"Trabajadoras dom\u00e9sticas participan en una manifestaci\u00f3n para mejorar los derechos laborales. OIT"}]},{"@type":"WebSite","@id":"https:\/\/www.sonoraenequipo.com.mx\/#website","url":"https:\/\/www.sonoraenequipo.com.mx\/","name":"Sonora en Equipo.","description":"Diario en l\u00ednea con Noticias desde Hermosillo, Sonora","publisher":{"@id":"https:\/\/www.sonoraenequipo.com.mx\/#organization"},"potentialAction":[{"@type":"SearchAction","target":{"@type":"EntryPoint","urlTemplate":"https:\/\/www.sonoraenequipo.com.mx\/?s={search_term_string}"},"query-input":{"@type":"PropertyValueSpecification","valueRequired":true,"valueName":"search_term_string"}}],"inLanguage":"es"},{"@type":"Organization","@id":"https:\/\/www.sonoraenequipo.com.mx\/#organization","name":"Sonoraenequipo.com.mx","url":"https:\/\/www.sonoraenequipo.com.mx\/","logo":{"@type":"ImageObject","inLanguage":"es","@id":"https:\/\/www.sonoraenequipo.com.mx\/#\/schema\/logo\/image\/","url":"https:\/\/www.sonoraenequipo.com.mx\/storage\/2019\/01\/sonoraenequipo_opt.png","contentUrl":"https:\/\/www.sonoraenequipo.com.mx\/storage\/2019\/01\/sonoraenequipo_opt.png","width":375,"height":125,"caption":"Sonoraenequipo.com.mx"},"image":{"@id":"https:\/\/www.sonoraenequipo.com.mx\/#\/schema\/logo\/image\/"},"sameAs":["https:\/\/www.facebook.com\/SonoraEE\/","https:\/\/x.com\/sonoraenequipo","https:\/\/www.youtube.com\/channel\/UC338nW-lPEYmJQs4ZABQ1SQ"]},{"@type":"Person","@id":"https:\/\/www.sonoraenequipo.com.mx\/#\/schema\/person\/50102df0fb23a8fa9e8effad8fa81386","name":"enequipo","image":{"@type":"ImageObject","inLanguage":"es","@id":"https:\/\/www.sonoraenequipo.com.mx\/#\/schema\/person\/image\/","url":"https:\/\/secure.gravatar.com\/avatar\/049821681b589dabc0bc20695993ccebb09f5b5d4d790cd9251b97faac7c652b?s=96&d=blank&r=g","contentUrl":"https:\/\/secure.gravatar.com\/avatar\/049821681b589dabc0bc20695993ccebb09f5b5d4d790cd9251b97faac7c652b?s=96&d=blank&r=g","caption":"enequipo"},"sameAs":["https:\/\/www.facebook.com\/SonoraEE"]}]}},"jetpack_featured_media_url":"https:\/\/www.sonoraenequipo.com.mx\/storage\/2021\/06\/trabajadoras-domesticas-OIT-2_opt.jpg","_links":{"self":[{"href":"https:\/\/www.sonoraenequipo.com.mx\/api\/wp\/v2\/posts\/116680","targetHints":{"allow":["GET"]}}],"collection":[{"href":"https:\/\/www.sonoraenequipo.com.mx\/api\/wp\/v2\/posts"}],"about":[{"href":"https:\/\/www.sonoraenequipo.com.mx\/api\/wp\/v2\/types\/post"}],"author":[{"embeddable":true,"href":"https:\/\/www.sonoraenequipo.com.mx\/api\/wp\/v2\/users\/1"}],"replies":[{"embeddable":true,"href":"https:\/\/www.sonoraenequipo.com.mx\/api\/wp\/v2\/comments?post=116680"}],"version-history":[{"count":1,"href":"https:\/\/www.sonoraenequipo.com.mx\/api\/wp\/v2\/posts\/116680\/revisions"}],"predecessor-version":[{"id":116682,"href":"https:\/\/www.sonoraenequipo.com.mx\/api\/wp\/v2\/posts\/116680\/revisions\/116682"}],"wp:featuredmedia":[{"embeddable":true,"href":"https:\/\/www.sonoraenequipo.com.mx\/api\/wp\/v2\/media\/116636"}],"wp:attachment":[{"href":"https:\/\/www.sonoraenequipo.com.mx\/api\/wp\/v2\/media?parent=116680"}],"wp:term":[{"taxonomy":"category","embeddable":true,"href":"https:\/\/www.sonoraenequipo.com.mx\/api\/wp\/v2\/categories?post=116680"},{"taxonomy":"post_tag","embeddable":true,"href":"https:\/\/www.sonoraenequipo.com.mx\/api\/wp\/v2\/tags?post=116680"}],"curies":[{"name":"wp","href":"https:\/\/api.w.org\/{rel}","templated":true}]}}