{"id":116695,"date":"2021-06-18T16:22:19","date_gmt":"2021-06-18T23:22:19","guid":{"rendered":"https:\/\/www.sonoraenequipo.com.mx\/?p=116695"},"modified":"2021-06-18T18:36:03","modified_gmt":"2021-06-19T01:36:03","slug":"alfonso-durazo-prepara-los-proyectos-que-realizara-durante-su-administracion","status":"publish","type":"post","link":"https:\/\/www.sonoraenequipo.com.mx\/alfonso-durazo-prepara-los-proyectos-que-realizara-durante-su-administracion\/","title":{"rendered":"Alfonso Durazo prepara los proyectos que realizar\u00e1 durante su administraci\u00f3n"},"content":{"rendered":"<p>HERMOSILLO, SONORA. MX.\u2014\u00a0 El gobernador electo de Sonora, Alfonso Durazo Monta\u00f1o, inform\u00f3 sobre una serie de proyectos y propuestas que se est\u00e1n desarrollando para el beneficio del estado, entre ellos, aprovechar el potencial de la energ\u00eda solar para atenuar los costos de la tarifa dom\u00e9stica de los sonorenses.<\/p>\n<p>&nbsp;<\/p>\n<p> <\/p>\n<p>&nbsp;<\/p>\n<p>Durante una conferencia de prensa, Alfonso Durazo habl\u00f3 sobre lograr la consolidaci\u00f3n de diferentes proyectos y estrategias para el crecimiento econ\u00f3mico, tur\u00edstico y para garantizar la seguridad en la ciudadan\u00eda sonorense, entre estos se encuentran el Plan de Justicia Yaqui, as\u00ed como en impulsar un relanzamiento en Cananea.<\/p>\n<p>&nbsp;<\/p>\n<p><em>\u201cEn ese caso, quedamos en la designaci\u00f3n de un comisionado especial, un comisionado presidencial, para atender toda la problem\u00e1tica en Cananea, que desde hace algunos a\u00f1os tiene una serie de problemas que han limitado la posibilidad de desplegar a plenitud todo el potencial que tiene, en todo sentido, pero particularmente en el \u00e1mbito econ\u00f3mico, no obstante la explotaci\u00f3n minera que ah\u00ed se da\u201d,<\/em> coment\u00f3.<\/p>\n<p>&nbsp;<\/p>\n<p>Por ello, el comisionado presidencial tendr\u00e1 responsabilidad de establecer v\u00ednculos entre la comunidad y el empresariado con la Federaci\u00f3n, por lo que se espera que la pr\u00f3xima semana se designe el nombre de la persona que ocupar\u00e1 el cargo.<\/p>\n<p>&nbsp;<\/p>\n<p>Mientras tanto, adelant\u00f3 que se habl\u00f3 sobre la posibilidad de crear en Sonora una empresa capaz de generar energ\u00eda solar, incluso con financiamiento federal, con el fin de que la producci\u00f3n de energ\u00eda sea vendida a la CFE y que se rebajen las tarifas de consumo en los hogares sonorenses.<\/p>\n<p>&nbsp;<\/p>\n<p><em>\u201cQue las ganancias de esta empresa se apliquen a atenuar los costos de la electricidad en los picos de verano y en los picos de invierno para las familias de menores recursos, entonces me parece una propuesta extraordinaria\u201d,<\/em> agreg\u00f3.<\/p>\n<p>&nbsp;<\/p>\n<p>Entre otros proyectos, dio a conocer que se trabajar\u00e1 con el IMSS para incrementar el promedio de camas disponibles por habitantes en diferentes municipios del estado; tambi\u00e9n se habl\u00f3 del potencial del aeropuerto de Obreg\u00f3n y se plante\u00f3 la conveniencia de concesionar el gobierno estatal para que fuera el responsable de la promoci\u00f3n del centro de carga internacional en potencia.<\/p>\n<p>&nbsp;<\/p>\n<p>En el \u00e1mbito de la seguridad, dijo que se est\u00e1n implementando una serie de posibles acciones, principalmente la posibilidad de instalar bases militares permanentes en municipios como Caborca, Puerto Pe\u00f1asco, as\u00ed como un cuartel de la GN en Bacadehuachi para impedir la incursi\u00f3n de grupos criminales por las serran\u00edas del estado.<\/p>\n<p>&nbsp;<\/p>\n<p>Asimismo, asegur\u00f3 que se tienen otras varias propuestas m\u00e1s encaminadas a generar beneficios econ\u00f3micos y sociales, principalmente a trav\u00e9s de la intervenci\u00f3n directa de diferentes municipios de la sierra y la costa del estado para estimular el desarrollo en Sonora.<\/p>\n<p>&nbsp;<\/p>\n<p>Por otra parte, la pr\u00f3xima semana se instalar\u00e1 el equipo de transici\u00f3n con el gobierno actual y el entrante para comenzar las gestiones necesarias y echar a andar los proyectos que el gobernador electo de Sonora tiene planificado concretar durante su mandato.<\/p>\n<p>&nbsp;<\/p>\n<p>&nbsp;<\/p>\n<p>(Publicada el 18\/06\/2021\/ Con informaci\u00f3n de Gustavo Moreno)<\/p>\n","protected":false},"excerpt":{"rendered":"<p>HERMOSILLO, SONORA. MX.\u2014\u00a0 El gobernador electo de Sonora, Alfonso Durazo Monta\u00f1o, inform\u00f3 sobre una serie&#8230;<\/p>\n","protected":false},"author":1,"featured_media":116704,"comment_status":"open","ping_status":"open","sticky":false,"template":"","format":"standard","meta":{"_monsterinsights_skip_tracking":false,"_monsterinsights_sitenote_active":false,"_monsterinsights_sitenote_note":"","_monsterinsights_sitenote_category":0,"footnotes":""},"categories":[22],"tags":[],"class_list":["post"],"yoast_head":" \n<title>Sonora en Equipo. Alfonso Durazo prepara los proyectos que realizar\u00e1 durante su administraci\u00f3n Sonora<\/title>\n<meta name=\"description\" content=\"HERMOSILLO, SONORA. MX.\u2014\u00a0 El gobernador electo de Sonora, Alfonso Durazo Monta\u00f1o, inform\u00f3 sobre una serie de proyectos y propuestas que se est\u00e1n En Sonora en Equipo publicamos toda la informaci\u00f3n de Sonora, M\u00e9xico y el Mundo de manera oportuna y busca que la libertad de expresi\u00f3n sea real. Visita nuestro medio informativo publicado desde Hermosillo, Sonora. %\" \/>\n<meta name=\"robots\" content=\"index, follow, max-snippet:-1, max-image-preview:large, max-video-preview:-1\" \/>\n<link rel=\"canonical\" href=\"https:\/\/www.sonoraenequipo.com.mx\/alfonso-durazo-prepara-los-proyectos-que-realizara-durante-su-administracion\/\" \/>\n<meta property=\"og:locale\" content=\"es_ES\" \/>\n<meta property=\"og:type\" content=\"article\" \/>\n<meta property=\"og:title\" content=\"Sonora en Equipo. Alfonso Durazo prepara los proyectos que realizar\u00e1 durante su administraci\u00f3n Sonora\" \/>\n<meta property=\"og:description\" content=\"HERMOSILLO, SONORA. MX.\u2014\u00a0 El gobernador electo de Sonora, Alfonso Durazo Monta\u00f1o, inform\u00f3 sobre una serie de proyectos y propuestas que se est\u00e1n En Sonora en Equipo publicamos toda la informaci\u00f3n de Sonora, M\u00e9xico y el Mundo de manera oportuna y busca que la libertad de expresi\u00f3n sea real. Visita nuestro medio informativo publicado desde Hermosillo, Sonora. %\" \/>\n<meta property=\"og:url\" content=\"https:\/\/www.sonoraenequipo.com.mx\/alfonso-durazo-prepara-los-proyectos-que-realizara-durante-su-administracion\/\" \/>\n<meta property=\"og:site_name\" content=\"Sonora en Equipo.\" \/>\n<meta property=\"article:publisher\" content=\"https:\/\/www.facebook.com\/SonoraEE\/\" \/>\n<meta property=\"article:author\" content=\"https:\/\/www.facebook.com\/SonoraEE\" \/>\n<meta property=\"article:published_time\" content=\"2021-06-18T23:22:19+00:00\" \/>\n<meta property=\"article:modified_time\" content=\"2021-06-19T01:36:03+00:00\" \/>\n<meta property=\"og:image\" content=\"https:\/\/www.sonoraenequipo.com.mx\/storage\/2021\/06\/Durazo-Gobernador_opt.jpg\" \/>\n\t<meta property=\"og:image:width\" content=\"700\" \/>\n\t<meta property=\"og:image:height\" content=\"400\" \/>\n\t<meta property=\"og:image:type\" content=\"image\/jpeg\" \/>\n<meta name=\"author\" content=\"enequipo\" \/>\n<meta name=\"twitter:card\" content=\"summary_large_image\" \/>\n<meta name=\"twitter:creator\" content=\"@sonoraenequipo\" \/>\n<meta name=\"twitter:site\" content=\"@sonoraenequipo\" \/>\n<meta name=\"twitter:label1\" content=\"Escrito por\" \/>\n\t<meta name=\"twitter:data1\" content=\"enequipo\" \/>\n\t<meta name=\"twitter:label2\" content=\"Tiempo de lectura\" \/>\n\t<meta name=\"twitter:data2\" content=\"3 minutos\" \/>\n<script type=\"application\/ld+json\" class=\"yoast-schema-graph\">{\"@context\":\"https:\/\/schema.org\",\"@graph\":[{\"@type\":\"Article\",\"@id\":\"https:\/\/www.sonoraenequipo.com.mx\/alfonso-durazo-prepara-los-proyectos-que-realizara-durante-su-administracion\/#article\",\"isPartOf\":{\"@id\":\"https:\/\/www.sonoraenequipo.com.mx\/alfonso-durazo-prepara-los-proyectos-que-realizara-durante-su-administracion\/\"},\"author\":{\"name\":\"enequipo\",\"@id\":\"https:\/\/www.sonoraenequipo.com.mx\/#\/schema\/person\/50102df0fb23a8fa9e8effad8fa81386\"},\"headline\":\"Alfonso Durazo prepara los proyectos que realizar\u00e1 durante su administraci\u00f3n\",\"datePublished\":\"2021-06-18T23:22:19+00:00\",\"dateModified\":\"2021-06-19T01:36:03+00:00\",\"mainEntityOfPage\":{\"@id\":\"https:\/\/www.sonoraenequipo.com.mx\/alfonso-durazo-prepara-los-proyectos-que-realizara-durante-su-administracion\/\"},\"wordCount\":544,\"commentCount\":0,\"publisher\":{\"@id\":\"https:\/\/www.sonoraenequipo.com.mx\/#organization\"},\"image\":{\"@id\":\"https:\/\/www.sonoraenequipo.com.mx\/alfonso-durazo-prepara-los-proyectos-que-realizara-durante-su-administracion\/#primaryimage\"},\"thumbnailUrl\":\"https:\/\/www.sonoraenequipo.com.mx\/storage\/2021\/06\/Durazo-Gobernador_opt.jpg\",\"articleSection\":[\"Sonora\"],\"inLanguage\":\"es\",\"potentialAction\":[{\"@type\":\"CommentAction\",\"name\":\"Comment\",\"target\":[\"https:\/\/www.sonoraenequipo.com.mx\/alfonso-durazo-prepara-los-proyectos-que-realizara-durante-su-administracion\/#respond\"]}]},{\"@type\":\"WebPage\",\"@id\":\"https:\/\/www.sonoraenequipo.com.mx\/alfonso-durazo-prepara-los-proyectos-que-realizara-durante-su-administracion\/\",\"url\":\"https:\/\/www.sonoraenequipo.com.mx\/alfonso-durazo-prepara-los-proyectos-que-realizara-durante-su-administracion\/\",\"name\":\"Sonora en Equipo. Alfonso Durazo prepara los proyectos que realizar\u00e1 durante su administraci\u00f3n Sonora\",\"isPartOf\":{\"@id\":\"https:\/\/www.sonoraenequipo.com.mx\/#website\"},\"primaryImageOfPage\":{\"@id\":\"https:\/\/www.sonoraenequipo.com.mx\/alfonso-durazo-prepara-los-proyectos-que-realizara-durante-su-administracion\/#primaryimage\"},\"image\":{\"@id\":\"https:\/\/www.sonoraenequipo.com.mx\/alfonso-durazo-prepara-los-proyectos-que-realizara-durante-su-administracion\/#primaryimage\"},\"thumbnailUrl\":\"https:\/\/www.sonoraenequipo.com.mx\/storage\/2021\/06\/Durazo-Gobernador_opt.jpg\",\"datePublished\":\"2021-06-18T23:22:19+00:00\",\"dateModified\":\"2021-06-19T01:36:03+00:00\",\"description\":\"HERMOSILLO, SONORA. MX.\u2014\u00a0 El gobernador electo de Sonora, Alfonso Durazo Monta\u00f1o, inform\u00f3 sobre una serie de proyectos y propuestas que se est\u00e1n En Sonora en Equipo publicamos toda la informaci\u00f3n de Sonora, M\u00e9xico y el Mundo de manera oportuna y busca que la libertad de expresi\u00f3n sea real. Visita nuestro medio informativo publicado desde Hermosillo, Sonora. %\",\"breadcrumb\":{\"@id\":\"https:\/\/www.sonoraenequipo.com.mx\/alfonso-durazo-prepara-los-proyectos-que-realizara-durante-su-administracion\/#breadcrumb\"},\"inLanguage\":\"es\",\"potentialAction\":[{\"@type\":\"ReadAction\",\"target\":[\"https:\/\/www.sonoraenequipo.com.mx\/alfonso-durazo-prepara-los-proyectos-que-realizara-durante-su-administracion\/\"]}]},{\"@type\":\"ImageObject\",\"inLanguage\":\"es\",\"@id\":\"https:\/\/www.sonoraenequipo.com.mx\/alfonso-durazo-prepara-los-proyectos-que-realizara-durante-su-administracion\/#primaryimage\",\"url\":\"https:\/\/www.sonoraenequipo.com.mx\/storage\/2021\/06\/Durazo-Gobernador_opt.jpg\",\"contentUrl\":\"https:\/\/www.sonoraenequipo.com.mx\/storage\/2021\/06\/Durazo-Gobernador_opt.jpg\",\"width\":700,\"height\":400},{\"@type\":\"BreadcrumbList\",\"@id\":\"https:\/\/www.sonoraenequipo.com.mx\/alfonso-durazo-prepara-los-proyectos-que-realizara-durante-su-administracion\/#breadcrumb\",\"itemListElement\":[{\"@type\":\"ListItem\",\"position\":1,\"name\":\"Portada\",\"item\":\"https:\/\/www.sonoraenequipo.com.mx\/\"},{\"@type\":\"ListItem\",\"position\":2,\"name\":\"Alfonso Durazo prepara los proyectos que realizar\u00e1 durante su administraci\u00f3n\"}]},{\"@type\":\"WebSite\",\"@id\":\"https:\/\/www.sonoraenequipo.com.mx\/#website\",\"url\":\"https:\/\/www.sonoraenequipo.com.mx\/\",\"name\":\"Sonora en Equipo.\",\"description\":\"Diario en l\u00ednea con Noticias desde Hermosillo, Sonora\",\"publisher\":{\"@id\":\"https:\/\/www.sonoraenequipo.com.mx\/#organization\"},\"potentialAction\":[{\"@type\":\"SearchAction\",\"target\":{\"@type\":\"EntryPoint\",\"urlTemplate\":\"https:\/\/www.sonoraenequipo.com.mx\/?s={search_term_string}\"},\"query-input\":{\"@type\":\"PropertyValueSpecification\",\"valueRequired\":true,\"valueName\":\"search_term_string\"}}],\"inLanguage\":\"es\"},{\"@type\":\"Organization\",\"@id\":\"https:\/\/www.sonoraenequipo.com.mx\/#organization\",\"name\":\"Sonoraenequipo.com.mx\",\"url\":\"https:\/\/www.sonoraenequipo.com.mx\/\",\"logo\":{\"@type\":\"ImageObject\",\"inLanguage\":\"es\",\"@id\":\"https:\/\/www.sonoraenequipo.com.mx\/#\/schema\/logo\/image\/\",\"url\":\"https:\/\/www.sonoraenequipo.com.mx\/storage\/2019\/01\/sonoraenequipo_opt.png\",\"contentUrl\":\"https:\/\/www.sonoraenequipo.com.mx\/storage\/2019\/01\/sonoraenequipo_opt.png\",\"width\":375,\"height\":125,\"caption\":\"Sonoraenequipo.com.mx\"},\"image\":{\"@id\":\"https:\/\/www.sonoraenequipo.com.mx\/#\/schema\/logo\/image\/\"},\"sameAs\":[\"https:\/\/www.facebook.com\/SonoraEE\/\",\"https:\/\/x.com\/sonoraenequipo\",\"https:\/\/www.youtube.com\/channel\/UC338nW-lPEYmJQs4ZABQ1SQ\"]},{\"@type\":\"Person\",\"@id\":\"https:\/\/www.sonoraenequipo.com.mx\/#\/schema\/person\/50102df0fb23a8fa9e8effad8fa81386\",\"name\":\"enequipo\",\"image\":{\"@type\":\"ImageObject\",\"inLanguage\":\"es\",\"@id\":\"https:\/\/www.sonoraenequipo.com.mx\/#\/schema\/person\/image\/\",\"url\":\"https:\/\/secure.gravatar.com\/avatar\/049821681b589dabc0bc20695993ccebb09f5b5d4d790cd9251b97faac7c652b?s=96&d=blank&r=g\",\"contentUrl\":\"https:\/\/secure.gravatar.com\/avatar\/049821681b589dabc0bc20695993ccebb09f5b5d4d790cd9251b97faac7c652b?s=96&d=blank&r=g\",\"caption\":\"enequipo\"},\"sameAs\":[\"https:\/\/www.facebook.com\/SonoraEE\"]}]}<\/script>\n ","yoast_head_json":{"title":"Sonora en Equipo. Alfonso Durazo prepara los proyectos que realizar\u00e1 durante su administraci\u00f3n Sonora","description":"HERMOSILLO, SONORA. MX.\u2014\u00a0 El gobernador electo de Sonora, Alfonso Durazo Monta\u00f1o, inform\u00f3 sobre una serie de proyectos y propuestas que se est\u00e1n En Sonora en Equipo publicamos toda la informaci\u00f3n de Sonora, M\u00e9xico y el Mundo de manera oportuna y busca que la libertad de expresi\u00f3n sea real. Visita nuestro medio informativo publicado desde Hermosillo, Sonora. %","robots":{"index":"index","follow":"follow","max-snippet":"max-snippet:-1","max-image-preview":"max-image-preview:large","max-video-preview":"max-video-preview:-1"},"canonical":"https:\/\/www.sonoraenequipo.com.mx\/alfonso-durazo-prepara-los-proyectos-que-realizara-durante-su-administracion\/","og_locale":"es_ES","og_type":"article","og_title":"Sonora en Equipo. Alfonso Durazo prepara los proyectos que realizar\u00e1 durante su administraci\u00f3n Sonora","og_description":"HERMOSILLO, SONORA. MX.\u2014\u00a0 El gobernador electo de Sonora, Alfonso Durazo Monta\u00f1o, inform\u00f3 sobre una serie de proyectos y propuestas que se est\u00e1n En Sonora en Equipo publicamos toda la informaci\u00f3n de Sonora, M\u00e9xico y el Mundo de manera oportuna y busca que la libertad de expresi\u00f3n sea real. Visita nuestro medio informativo publicado desde Hermosillo, Sonora. %","og_url":"https:\/\/www.sonoraenequipo.com.mx\/alfonso-durazo-prepara-los-proyectos-que-realizara-durante-su-administracion\/","og_site_name":"Sonora en Equipo.","article_publisher":"https:\/\/www.facebook.com\/SonoraEE\/","article_author":"https:\/\/www.facebook.com\/SonoraEE","article_published_time":"2021-06-18T23:22:19+00:00","article_modified_time":"2021-06-19T01:36:03+00:00","og_image":[{"width":700,"height":400,"url":"https:\/\/www.sonoraenequipo.com.mx\/storage\/2021\/06\/Durazo-Gobernador_opt.jpg","type":"image\/jpeg"}],"author":"enequipo","twitter_card":"summary_large_image","twitter_creator":"@sonoraenequipo","twitter_site":"@sonoraenequipo","twitter_misc":{"Escrito por":"enequipo","Tiempo de lectura":"3 minutos"},"schema":{"@context":"https:\/\/schema.org","@graph":[{"@type":"Article","@id":"https:\/\/www.sonoraenequipo.com.mx\/alfonso-durazo-prepara-los-proyectos-que-realizara-durante-su-administracion\/#article","isPartOf":{"@id":"https:\/\/www.sonoraenequipo.com.mx\/alfonso-durazo-prepara-los-proyectos-que-realizara-durante-su-administracion\/"},"author":{"name":"enequipo","@id":"https:\/\/www.sonoraenequipo.com.mx\/#\/schema\/person\/50102df0fb23a8fa9e8effad8fa81386"},"headline":"Alfonso Durazo prepara los proyectos que realizar\u00e1 durante su administraci\u00f3n","datePublished":"2021-06-18T23:22:19+00:00","dateModified":"2021-06-19T01:36:03+00:00","mainEntityOfPage":{"@id":"https:\/\/www.sonoraenequipo.com.mx\/alfonso-durazo-prepara-los-proyectos-que-realizara-durante-su-administracion\/"},"wordCount":544,"commentCount":0,"publisher":{"@id":"https:\/\/www.sonoraenequipo.com.mx\/#organization"},"image":{"@id":"https:\/\/www.sonoraenequipo.com.mx\/alfonso-durazo-prepara-los-proyectos-que-realizara-durante-su-administracion\/#primaryimage"},"thumbnailUrl":"https:\/\/www.sonoraenequipo.com.mx\/storage\/2021\/06\/Durazo-Gobernador_opt.jpg","articleSection":["Sonora"],"inLanguage":"es","potentialAction":[{"@type":"CommentAction","name":"Comment","target":["https:\/\/www.sonoraenequipo.com.mx\/alfonso-durazo-prepara-los-proyectos-que-realizara-durante-su-administracion\/#respond"]}]},{"@type":"WebPage","@id":"https:\/\/www.sonoraenequipo.com.mx\/alfonso-durazo-prepara-los-proyectos-que-realizara-durante-su-administracion\/","url":"https:\/\/www.sonoraenequipo.com.mx\/alfonso-durazo-prepara-los-proyectos-que-realizara-durante-su-administracion\/","name":"Sonora en Equipo. Alfonso Durazo prepara los proyectos que realizar\u00e1 durante su administraci\u00f3n Sonora","isPartOf":{"@id":"https:\/\/www.sonoraenequipo.com.mx\/#website"},"primaryImageOfPage":{"@id":"https:\/\/www.sonoraenequipo.com.mx\/alfonso-durazo-prepara-los-proyectos-que-realizara-durante-su-administracion\/#primaryimage"},"image":{"@id":"https:\/\/www.sonoraenequipo.com.mx\/alfonso-durazo-prepara-los-proyectos-que-realizara-durante-su-administracion\/#primaryimage"},"thumbnailUrl":"https:\/\/www.sonoraenequipo.com.mx\/storage\/2021\/06\/Durazo-Gobernador_opt.jpg","datePublished":"2021-06-18T23:22:19+00:00","dateModified":"2021-06-19T01:36:03+00:00","description":"HERMOSILLO, SONORA. MX.\u2014\u00a0 El gobernador electo de Sonora, Alfonso Durazo Monta\u00f1o, inform\u00f3 sobre una serie de proyectos y propuestas que se est\u00e1n En Sonora en Equipo publicamos toda la informaci\u00f3n de Sonora, M\u00e9xico y el Mundo de manera oportuna y busca que la libertad de expresi\u00f3n sea real. Visita nuestro medio informativo publicado desde Hermosillo, Sonora. %","breadcrumb":{"@id":"https:\/\/www.sonoraenequipo.com.mx\/alfonso-durazo-prepara-los-proyectos-que-realizara-durante-su-administracion\/#breadcrumb"},"inLanguage":"es","potentialAction":[{"@type":"ReadAction","target":["https:\/\/www.sonoraenequipo.com.mx\/alfonso-durazo-prepara-los-proyectos-que-realizara-durante-su-administracion\/"]}]},{"@type":"ImageObject","inLanguage":"es","@id":"https:\/\/www.sonoraenequipo.com.mx\/alfonso-durazo-prepara-los-proyectos-que-realizara-durante-su-administracion\/#primaryimage","url":"https:\/\/www.sonoraenequipo.com.mx\/storage\/2021\/06\/Durazo-Gobernador_opt.jpg","contentUrl":"https:\/\/www.sonoraenequipo.com.mx\/storage\/2021\/06\/Durazo-Gobernador_opt.jpg","width":700,"height":400},{"@type":"BreadcrumbList","@id":"https:\/\/www.sonoraenequipo.com.mx\/alfonso-durazo-prepara-los-proyectos-que-realizara-durante-su-administracion\/#breadcrumb","itemListElement":[{"@type":"ListItem","position":1,"name":"Portada","item":"https:\/\/www.sonoraenequipo.com.mx\/"},{"@type":"ListItem","position":2,"name":"Alfonso Durazo prepara los proyectos que realizar\u00e1 durante su administraci\u00f3n"}]},{"@type":"WebSite","@id":"https:\/\/www.sonoraenequipo.com.mx\/#website","url":"https:\/\/www.sonoraenequipo.com.mx\/","name":"Sonora en Equipo.","description":"Diario en l\u00ednea con Noticias desde Hermosillo, Sonora","publisher":{"@id":"https:\/\/www.sonoraenequipo.com.mx\/#organization"},"potentialAction":[{"@type":"SearchAction","target":{"@type":"EntryPoint","urlTemplate":"https:\/\/www.sonoraenequipo.com.mx\/?s={search_term_string}"},"query-input":{"@type":"PropertyValueSpecification","valueRequired":true,"valueName":"search_term_string"}}],"inLanguage":"es"},{"@type":"Organization","@id":"https:\/\/www.sonoraenequipo.com.mx\/#organization","name":"Sonoraenequipo.com.mx","url":"https:\/\/www.sonoraenequipo.com.mx\/","logo":{"@type":"ImageObject","inLanguage":"es","@id":"https:\/\/www.sonoraenequipo.com.mx\/#\/schema\/logo\/image\/","url":"https:\/\/www.sonoraenequipo.com.mx\/storage\/2019\/01\/sonoraenequipo_opt.png","contentUrl":"https:\/\/www.sonoraenequipo.com.mx\/storage\/2019\/01\/sonoraenequipo_opt.png","width":375,"height":125,"caption":"Sonoraenequipo.com.mx"},"image":{"@id":"https:\/\/www.sonoraenequipo.com.mx\/#\/schema\/logo\/image\/"},"sameAs":["https:\/\/www.facebook.com\/SonoraEE\/","https:\/\/x.com\/sonoraenequipo","https:\/\/www.youtube.com\/channel\/UC338nW-lPEYmJQs4ZABQ1SQ"]},{"@type":"Person","@id":"https:\/\/www.sonoraenequipo.com.mx\/#\/schema\/person\/50102df0fb23a8fa9e8effad8fa81386","name":"enequipo","image":{"@type":"ImageObject","inLanguage":"es","@id":"https:\/\/www.sonoraenequipo.com.mx\/#\/schema\/person\/image\/","url":"https:\/\/secure.gravatar.com\/avatar\/049821681b589dabc0bc20695993ccebb09f5b5d4d790cd9251b97faac7c652b?s=96&d=blank&r=g","contentUrl":"https:\/\/secure.gravatar.com\/avatar\/049821681b589dabc0bc20695993ccebb09f5b5d4d790cd9251b97faac7c652b?s=96&d=blank&r=g","caption":"enequipo"},"sameAs":["https:\/\/www.facebook.com\/SonoraEE"]}]}},"jetpack_featured_media_url":"https:\/\/www.sonoraenequipo.com.mx\/storage\/2021\/06\/Durazo-Gobernador_opt.jpg","_links":{"self":[{"href":"https:\/\/www.sonoraenequipo.com.mx\/api\/wp\/v2\/posts\/116695","targetHints":{"allow":["GET"]}}],"collection":[{"href":"https:\/\/www.sonoraenequipo.com.mx\/api\/wp\/v2\/posts"}],"about":[{"href":"https:\/\/www.sonoraenequipo.com.mx\/api\/wp\/v2\/types\/post"}],"author":[{"embeddable":true,"href":"https:\/\/www.sonoraenequipo.com.mx\/api\/wp\/v2\/users\/1"}],"replies":[{"embeddable":true,"href":"https:\/\/www.sonoraenequipo.com.mx\/api\/wp\/v2\/comments?post=116695"}],"version-history":[{"count":1,"href":"https:\/\/www.sonoraenequipo.com.mx\/api\/wp\/v2\/posts\/116695\/revisions"}],"predecessor-version":[{"id":116707,"href":"https:\/\/www.sonoraenequipo.com.mx\/api\/wp\/v2\/posts\/116695\/revisions\/116707"}],"wp:featuredmedia":[{"embeddable":true,"href":"https:\/\/www.sonoraenequipo.com.mx\/api\/wp\/v2\/media\/116704"}],"wp:attachment":[{"href":"https:\/\/www.sonoraenequipo.com.mx\/api\/wp\/v2\/media?parent=116695"}],"wp:term":[{"taxonomy":"category","embeddable":true,"href":"https:\/\/www.sonoraenequipo.com.mx\/api\/wp\/v2\/categories?post=116695"},{"taxonomy":"post_tag","embeddable":true,"href":"https:\/\/www.sonoraenequipo.com.mx\/api\/wp\/v2\/tags?post=116695"}],"curies":[{"name":"wp","href":"https:\/\/api.w.org\/{rel}","templated":true}]}}