{"id":116714,"date":"2021-06-18T13:45:33","date_gmt":"2021-06-18T20:45:33","guid":{"rendered":"https:\/\/www.sonoraenequipo.com.mx\/?p=116714"},"modified":"2021-06-18T19:19:47","modified_gmt":"2021-06-19T02:19:47","slug":"se-registran-dos-nuevos-casos-positivos-de-covid-19-en-escuelas-particulares-de-la-cdmx-aefcm","status":"publish","type":"post","link":"https:\/\/www.sonoraenequipo.com.mx\/se-registran-dos-nuevos-casos-positivos-de-covid-19-en-escuelas-particulares-de-la-cdmx-aefcm\/","title":{"rendered":"Se registran dos nuevos casos positivos de COVID-19 en escuelas particulares de la CDMX: AEFCM"},"content":{"rendered":"<p>CIUDAD DE M\u00c9XICO. MX. \u2014 La Autoridad Educativa Federal en la Ciudad de M\u00e9xico (AEFCM) confirm\u00f3 dos nuevos casos positivos de COVID-19 en un plantel de educaci\u00f3n preescolar y otro en secundaria del sector privado de la capital del pa\u00eds.<\/p>\n<p>&nbsp;<\/p>\n<p> <\/p>\n<p>&nbsp;<\/p>\n<p>El primer caso registrado es de una alumna de primero de secundaria de una escuela ubicada en la alcald\u00eda Gustavo A. Madero. La madre de la menor notific\u00f3 a las autoridades del plantel que su hija acudi\u00f3 a un laboratorio m\u00e9dico para realizarse la prueba, resultando positiva a SARS-Cov-2.<\/p>\n<p>&nbsp;<\/p>\n<p>El segundo caso corresponde al de un estudiante de tercero de preescolar de una escuela en la alcald\u00eda Magdalena Contreras, que inici\u00f3 con sintomatolog\u00eda gripal, por lo que la madre del menor lo llev\u00f3 a realizarse la prueba, saliendo positiva.<\/p>\n<p>&nbsp;<\/p>\n<p>En total, se tiene el registro de ocho resultados positivos reportados: tres en escuelas p\u00fablicas y cinco en privadas de Educaci\u00f3n B\u00e1sica en las alcald\u00edas de Tl\u00e1huac, Gustavo A. Madero, Coyoac\u00e1n, \u00c1lvaro Obreg\u00f3n, Magdalena Contreras e Iztacalco.<\/p>\n<p>&nbsp;<\/p>\n<p>En todos los casos se siguieron las Orientaciones sobre el regreso a la escuela durante el ciclo escolar 2020-2021 y la AEFCM notific\u00f3 oportunamente a las autoridades sanitarias locales para tomar las previsiones epidemiol\u00f3gicas necesarias, con la finalidad de salvaguardar la integridad de las comunidades escolares.<\/p>\n<p>&nbsp;<\/p>\n<p>Asimismo, se informa que las escuelas, en consenso con las madres, padres de familia y tutores decidieron, como medida preventiva, de manera voluntaria y en libertad, seguir con las clases a distancia, en tanto se realizan las acciones de control epidemiol\u00f3gico a quienes tuvieron contacto con los menores.<\/p>\n<p>&nbsp;<\/p>\n<p>La AEFCM refrenda su compromiso de implementar las acciones recomendadas por la Secretar\u00eda de Salud y monitorear, de manera permanente, las escuelas p\u00fablicas y privadas de Educaci\u00f3n B\u00e1sica que voluntariamente decidieron abrir en la Ciudad de M\u00e9xico.<\/p>\n<p>&nbsp;<\/p>\n<p>&nbsp;<\/p>\n<p>(Publicada el 18\/06\/2021)<\/p>\n","protected":false},"excerpt":{"rendered":"<p>CIUDAD DE M\u00c9XICO. MX. \u2014 La Autoridad Educativa Federal en la Ciudad de M\u00e9xico (AEFCM)&#8230;<\/p>\n","protected":false},"author":1,"featured_media":116723,"comment_status":"open","ping_status":"open","sticky":false,"template":"","format":"standard","meta":{"_monsterinsights_skip_tracking":false,"_monsterinsights_sitenote_active":false,"_monsterinsights_sitenote_note":"","_monsterinsights_sitenote_category":0,"footnotes":""},"categories":[5],"tags":[],"class_list":["post"],"yoast_head":" \n<title>Sonora en Equipo. Se registran dos nuevos casos positivos de COVID-19 en escuelas particulares de la CDMX: AEFCM Rep\u00fablica<\/title>\n<meta name=\"description\" content=\"CIUDAD DE M\u00c9XICO. MX. \u2014 La Autoridad Educativa Federal en la Ciudad de M\u00e9xico (AEFCM) confirm\u00f3 dos nuevos casos positivos de COVID-19 en un plantel de En Sonora en Equipo publicamos toda la informaci\u00f3n de Sonora, M\u00e9xico y el Mundo de manera oportuna y busca que la libertad de expresi\u00f3n sea real. Visita nuestro medio informativo publicado desde Hermosillo, Sonora. %\" \/>\n<meta name=\"robots\" content=\"index, follow, max-snippet:-1, max-image-preview:large, max-video-preview:-1\" \/>\n<link rel=\"canonical\" href=\"https:\/\/www.sonoraenequipo.com.mx\/se-registran-dos-nuevos-casos-positivos-de-covid-19-en-escuelas-particulares-de-la-cdmx-aefcm\/\" \/>\n<meta property=\"og:locale\" content=\"es_ES\" \/>\n<meta property=\"og:type\" content=\"article\" \/>\n<meta property=\"og:title\" content=\"Sonora en Equipo. Se registran dos nuevos casos positivos de COVID-19 en escuelas particulares de la CDMX: AEFCM Rep\u00fablica\" \/>\n<meta property=\"og:description\" content=\"CIUDAD DE M\u00c9XICO. MX. \u2014 La Autoridad Educativa Federal en la Ciudad de M\u00e9xico (AEFCM) confirm\u00f3 dos nuevos casos positivos de COVID-19 en un plantel de En Sonora en Equipo publicamos toda la informaci\u00f3n de Sonora, M\u00e9xico y el Mundo de manera oportuna y busca que la libertad de expresi\u00f3n sea real. Visita nuestro medio informativo publicado desde Hermosillo, Sonora. %\" \/>\n<meta property=\"og:url\" content=\"https:\/\/www.sonoraenequipo.com.mx\/se-registran-dos-nuevos-casos-positivos-de-covid-19-en-escuelas-particulares-de-la-cdmx-aefcm\/\" \/>\n<meta property=\"og:site_name\" content=\"Sonora en Equipo.\" \/>\n<meta property=\"article:publisher\" content=\"https:\/\/www.facebook.com\/SonoraEE\/\" \/>\n<meta property=\"article:author\" content=\"https:\/\/www.facebook.com\/SonoraEE\" \/>\n<meta property=\"article:published_time\" content=\"2021-06-18T20:45:33+00:00\" \/>\n<meta property=\"article:modified_time\" content=\"2021-06-19T02:19:47+00:00\" \/>\n<meta property=\"og:image\" content=\"https:\/\/www.sonoraenequipo.com.mx\/storage\/2021\/06\/estudiantes_de_secundaria_opt.jpg\" \/>\n\t<meta property=\"og:image:width\" content=\"700\" \/>\n\t<meta property=\"og:image:height\" content=\"400\" \/>\n\t<meta property=\"og:image:type\" content=\"image\/jpeg\" \/>\n<meta name=\"author\" content=\"enequipo\" \/>\n<meta name=\"twitter:card\" content=\"summary_large_image\" \/>\n<meta name=\"twitter:creator\" content=\"@sonoraenequipo\" \/>\n<meta name=\"twitter:site\" content=\"@sonoraenequipo\" \/>\n<meta name=\"twitter:label1\" content=\"Escrito por\" \/>\n\t<meta name=\"twitter:data1\" content=\"enequipo\" \/>\n\t<meta name=\"twitter:label2\" content=\"Tiempo de lectura\" \/>\n\t<meta name=\"twitter:data2\" content=\"2 minutos\" \/>\n<script type=\"application\/ld+json\" class=\"yoast-schema-graph\">{\"@context\":\"https:\/\/schema.org\",\"@graph\":[{\"@type\":\"Article\",\"@id\":\"https:\/\/www.sonoraenequipo.com.mx\/se-registran-dos-nuevos-casos-positivos-de-covid-19-en-escuelas-particulares-de-la-cdmx-aefcm\/#article\",\"isPartOf\":{\"@id\":\"https:\/\/www.sonoraenequipo.com.mx\/se-registran-dos-nuevos-casos-positivos-de-covid-19-en-escuelas-particulares-de-la-cdmx-aefcm\/\"},\"author\":{\"name\":\"enequipo\",\"@id\":\"https:\/\/www.sonoraenequipo.com.mx\/#\/schema\/person\/50102df0fb23a8fa9e8effad8fa81386\"},\"headline\":\"Se registran dos nuevos casos positivos de COVID-19 en escuelas particulares de la CDMX: AEFCM\",\"datePublished\":\"2021-06-18T20:45:33+00:00\",\"dateModified\":\"2021-06-19T02:19:47+00:00\",\"mainEntityOfPage\":{\"@id\":\"https:\/\/www.sonoraenequipo.com.mx\/se-registran-dos-nuevos-casos-positivos-de-covid-19-en-escuelas-particulares-de-la-cdmx-aefcm\/\"},\"wordCount\":344,\"commentCount\":0,\"publisher\":{\"@id\":\"https:\/\/www.sonoraenequipo.com.mx\/#organization\"},\"image\":{\"@id\":\"https:\/\/www.sonoraenequipo.com.mx\/se-registran-dos-nuevos-casos-positivos-de-covid-19-en-escuelas-particulares-de-la-cdmx-aefcm\/#primaryimage\"},\"thumbnailUrl\":\"https:\/\/www.sonoraenequipo.com.mx\/storage\/2021\/06\/estudiantes_de_secundaria_opt.jpg\",\"articleSection\":[\"Rep\u00fablica\"],\"inLanguage\":\"es\",\"potentialAction\":[{\"@type\":\"CommentAction\",\"name\":\"Comment\",\"target\":[\"https:\/\/www.sonoraenequipo.com.mx\/se-registran-dos-nuevos-casos-positivos-de-covid-19-en-escuelas-particulares-de-la-cdmx-aefcm\/#respond\"]}]},{\"@type\":\"WebPage\",\"@id\":\"https:\/\/www.sonoraenequipo.com.mx\/se-registran-dos-nuevos-casos-positivos-de-covid-19-en-escuelas-particulares-de-la-cdmx-aefcm\/\",\"url\":\"https:\/\/www.sonoraenequipo.com.mx\/se-registran-dos-nuevos-casos-positivos-de-covid-19-en-escuelas-particulares-de-la-cdmx-aefcm\/\",\"name\":\"Sonora en Equipo. Se registran dos nuevos casos positivos de COVID-19 en escuelas particulares de la CDMX: AEFCM Rep\u00fablica\",\"isPartOf\":{\"@id\":\"https:\/\/www.sonoraenequipo.com.mx\/#website\"},\"primaryImageOfPage\":{\"@id\":\"https:\/\/www.sonoraenequipo.com.mx\/se-registran-dos-nuevos-casos-positivos-de-covid-19-en-escuelas-particulares-de-la-cdmx-aefcm\/#primaryimage\"},\"image\":{\"@id\":\"https:\/\/www.sonoraenequipo.com.mx\/se-registran-dos-nuevos-casos-positivos-de-covid-19-en-escuelas-particulares-de-la-cdmx-aefcm\/#primaryimage\"},\"thumbnailUrl\":\"https:\/\/www.sonoraenequipo.com.mx\/storage\/2021\/06\/estudiantes_de_secundaria_opt.jpg\",\"datePublished\":\"2021-06-18T20:45:33+00:00\",\"dateModified\":\"2021-06-19T02:19:47+00:00\",\"description\":\"CIUDAD DE M\u00c9XICO. MX. \u2014 La Autoridad Educativa Federal en la Ciudad de M\u00e9xico (AEFCM) confirm\u00f3 dos nuevos casos positivos de COVID-19 en un plantel de En Sonora en Equipo publicamos toda la informaci\u00f3n de Sonora, M\u00e9xico y el Mundo de manera oportuna y busca que la libertad de expresi\u00f3n sea real. Visita nuestro medio informativo publicado desde Hermosillo, Sonora. %\",\"breadcrumb\":{\"@id\":\"https:\/\/www.sonoraenequipo.com.mx\/se-registran-dos-nuevos-casos-positivos-de-covid-19-en-escuelas-particulares-de-la-cdmx-aefcm\/#breadcrumb\"},\"inLanguage\":\"es\",\"potentialAction\":[{\"@type\":\"ReadAction\",\"target\":[\"https:\/\/www.sonoraenequipo.com.mx\/se-registran-dos-nuevos-casos-positivos-de-covid-19-en-escuelas-particulares-de-la-cdmx-aefcm\/\"]}]},{\"@type\":\"ImageObject\",\"inLanguage\":\"es\",\"@id\":\"https:\/\/www.sonoraenequipo.com.mx\/se-registran-dos-nuevos-casos-positivos-de-covid-19-en-escuelas-particulares-de-la-cdmx-aefcm\/#primaryimage\",\"url\":\"https:\/\/www.sonoraenequipo.com.mx\/storage\/2021\/06\/estudiantes_de_secundaria_opt.jpg\",\"contentUrl\":\"https:\/\/www.sonoraenequipo.com.mx\/storage\/2021\/06\/estudiantes_de_secundaria_opt.jpg\",\"width\":700,\"height\":400},{\"@type\":\"BreadcrumbList\",\"@id\":\"https:\/\/www.sonoraenequipo.com.mx\/se-registran-dos-nuevos-casos-positivos-de-covid-19-en-escuelas-particulares-de-la-cdmx-aefcm\/#breadcrumb\",\"itemListElement\":[{\"@type\":\"ListItem\",\"position\":1,\"name\":\"Portada\",\"item\":\"https:\/\/www.sonoraenequipo.com.mx\/\"},{\"@type\":\"ListItem\",\"position\":2,\"name\":\"Se registran dos nuevos casos positivos de COVID-19 en escuelas particulares de la CDMX: AEFCM\"}]},{\"@type\":\"WebSite\",\"@id\":\"https:\/\/www.sonoraenequipo.com.mx\/#website\",\"url\":\"https:\/\/www.sonoraenequipo.com.mx\/\",\"name\":\"Sonora en Equipo.\",\"description\":\"Diario en l\u00ednea con Noticias desde Hermosillo, Sonora\",\"publisher\":{\"@id\":\"https:\/\/www.sonoraenequipo.com.mx\/#organization\"},\"potentialAction\":[{\"@type\":\"SearchAction\",\"target\":{\"@type\":\"EntryPoint\",\"urlTemplate\":\"https:\/\/www.sonoraenequipo.com.mx\/?s={search_term_string}\"},\"query-input\":{\"@type\":\"PropertyValueSpecification\",\"valueRequired\":true,\"valueName\":\"search_term_string\"}}],\"inLanguage\":\"es\"},{\"@type\":\"Organization\",\"@id\":\"https:\/\/www.sonoraenequipo.com.mx\/#organization\",\"name\":\"Sonoraenequipo.com.mx\",\"url\":\"https:\/\/www.sonoraenequipo.com.mx\/\",\"logo\":{\"@type\":\"ImageObject\",\"inLanguage\":\"es\",\"@id\":\"https:\/\/www.sonoraenequipo.com.mx\/#\/schema\/logo\/image\/\",\"url\":\"https:\/\/www.sonoraenequipo.com.mx\/storage\/2019\/01\/sonoraenequipo_opt.png\",\"contentUrl\":\"https:\/\/www.sonoraenequipo.com.mx\/storage\/2019\/01\/sonoraenequipo_opt.png\",\"width\":375,\"height\":125,\"caption\":\"Sonoraenequipo.com.mx\"},\"image\":{\"@id\":\"https:\/\/www.sonoraenequipo.com.mx\/#\/schema\/logo\/image\/\"},\"sameAs\":[\"https:\/\/www.facebook.com\/SonoraEE\/\",\"https:\/\/x.com\/sonoraenequipo\",\"https:\/\/www.youtube.com\/channel\/UC338nW-lPEYmJQs4ZABQ1SQ\"]},{\"@type\":\"Person\",\"@id\":\"https:\/\/www.sonoraenequipo.com.mx\/#\/schema\/person\/50102df0fb23a8fa9e8effad8fa81386\",\"name\":\"enequipo\",\"image\":{\"@type\":\"ImageObject\",\"inLanguage\":\"es\",\"@id\":\"https:\/\/www.sonoraenequipo.com.mx\/#\/schema\/person\/image\/\",\"url\":\"https:\/\/secure.gravatar.com\/avatar\/049821681b589dabc0bc20695993ccebb09f5b5d4d790cd9251b97faac7c652b?s=96&d=blank&r=g\",\"contentUrl\":\"https:\/\/secure.gravatar.com\/avatar\/049821681b589dabc0bc20695993ccebb09f5b5d4d790cd9251b97faac7c652b?s=96&d=blank&r=g\",\"caption\":\"enequipo\"},\"sameAs\":[\"https:\/\/www.facebook.com\/SonoraEE\"]}]}<\/script>\n ","yoast_head_json":{"title":"Sonora en Equipo. Se registran dos nuevos casos positivos de COVID-19 en escuelas particulares de la CDMX: AEFCM Rep\u00fablica","description":"CIUDAD DE M\u00c9XICO. MX. \u2014 La Autoridad Educativa Federal en la Ciudad de M\u00e9xico (AEFCM) confirm\u00f3 dos nuevos casos positivos de COVID-19 en un plantel de En Sonora en Equipo publicamos toda la informaci\u00f3n de Sonora, M\u00e9xico y el Mundo de manera oportuna y busca que la libertad de expresi\u00f3n sea real. Visita nuestro medio informativo publicado desde Hermosillo, Sonora. %","robots":{"index":"index","follow":"follow","max-snippet":"max-snippet:-1","max-image-preview":"max-image-preview:large","max-video-preview":"max-video-preview:-1"},"canonical":"https:\/\/www.sonoraenequipo.com.mx\/se-registran-dos-nuevos-casos-positivos-de-covid-19-en-escuelas-particulares-de-la-cdmx-aefcm\/","og_locale":"es_ES","og_type":"article","og_title":"Sonora en Equipo. Se registran dos nuevos casos positivos de COVID-19 en escuelas particulares de la CDMX: AEFCM Rep\u00fablica","og_description":"CIUDAD DE M\u00c9XICO. MX. \u2014 La Autoridad Educativa Federal en la Ciudad de M\u00e9xico (AEFCM) confirm\u00f3 dos nuevos casos positivos de COVID-19 en un plantel de En Sonora en Equipo publicamos toda la informaci\u00f3n de Sonora, M\u00e9xico y el Mundo de manera oportuna y busca que la libertad de expresi\u00f3n sea real. Visita nuestro medio informativo publicado desde Hermosillo, Sonora. %","og_url":"https:\/\/www.sonoraenequipo.com.mx\/se-registran-dos-nuevos-casos-positivos-de-covid-19-en-escuelas-particulares-de-la-cdmx-aefcm\/","og_site_name":"Sonora en Equipo.","article_publisher":"https:\/\/www.facebook.com\/SonoraEE\/","article_author":"https:\/\/www.facebook.com\/SonoraEE","article_published_time":"2021-06-18T20:45:33+00:00","article_modified_time":"2021-06-19T02:19:47+00:00","og_image":[{"width":700,"height":400,"url":"https:\/\/www.sonoraenequipo.com.mx\/storage\/2021\/06\/estudiantes_de_secundaria_opt.jpg","type":"image\/jpeg"}],"author":"enequipo","twitter_card":"summary_large_image","twitter_creator":"@sonoraenequipo","twitter_site":"@sonoraenequipo","twitter_misc":{"Escrito por":"enequipo","Tiempo de lectura":"2 minutos"},"schema":{"@context":"https:\/\/schema.org","@graph":[{"@type":"Article","@id":"https:\/\/www.sonoraenequipo.com.mx\/se-registran-dos-nuevos-casos-positivos-de-covid-19-en-escuelas-particulares-de-la-cdmx-aefcm\/#article","isPartOf":{"@id":"https:\/\/www.sonoraenequipo.com.mx\/se-registran-dos-nuevos-casos-positivos-de-covid-19-en-escuelas-particulares-de-la-cdmx-aefcm\/"},"author":{"name":"enequipo","@id":"https:\/\/www.sonoraenequipo.com.mx\/#\/schema\/person\/50102df0fb23a8fa9e8effad8fa81386"},"headline":"Se registran dos nuevos casos positivos de COVID-19 en escuelas particulares de la CDMX: AEFCM","datePublished":"2021-06-18T20:45:33+00:00","dateModified":"2021-06-19T02:19:47+00:00","mainEntityOfPage":{"@id":"https:\/\/www.sonoraenequipo.com.mx\/se-registran-dos-nuevos-casos-positivos-de-covid-19-en-escuelas-particulares-de-la-cdmx-aefcm\/"},"wordCount":344,"commentCount":0,"publisher":{"@id":"https:\/\/www.sonoraenequipo.com.mx\/#organization"},"image":{"@id":"https:\/\/www.sonoraenequipo.com.mx\/se-registran-dos-nuevos-casos-positivos-de-covid-19-en-escuelas-particulares-de-la-cdmx-aefcm\/#primaryimage"},"thumbnailUrl":"https:\/\/www.sonoraenequipo.com.mx\/storage\/2021\/06\/estudiantes_de_secundaria_opt.jpg","articleSection":["Rep\u00fablica"],"inLanguage":"es","potentialAction":[{"@type":"CommentAction","name":"Comment","target":["https:\/\/www.sonoraenequipo.com.mx\/se-registran-dos-nuevos-casos-positivos-de-covid-19-en-escuelas-particulares-de-la-cdmx-aefcm\/#respond"]}]},{"@type":"WebPage","@id":"https:\/\/www.sonoraenequipo.com.mx\/se-registran-dos-nuevos-casos-positivos-de-covid-19-en-escuelas-particulares-de-la-cdmx-aefcm\/","url":"https:\/\/www.sonoraenequipo.com.mx\/se-registran-dos-nuevos-casos-positivos-de-covid-19-en-escuelas-particulares-de-la-cdmx-aefcm\/","name":"Sonora en Equipo. Se registran dos nuevos casos positivos de COVID-19 en escuelas particulares de la CDMX: AEFCM Rep\u00fablica","isPartOf":{"@id":"https:\/\/www.sonoraenequipo.com.mx\/#website"},"primaryImageOfPage":{"@id":"https:\/\/www.sonoraenequipo.com.mx\/se-registran-dos-nuevos-casos-positivos-de-covid-19-en-escuelas-particulares-de-la-cdmx-aefcm\/#primaryimage"},"image":{"@id":"https:\/\/www.sonoraenequipo.com.mx\/se-registran-dos-nuevos-casos-positivos-de-covid-19-en-escuelas-particulares-de-la-cdmx-aefcm\/#primaryimage"},"thumbnailUrl":"https:\/\/www.sonoraenequipo.com.mx\/storage\/2021\/06\/estudiantes_de_secundaria_opt.jpg","datePublished":"2021-06-18T20:45:33+00:00","dateModified":"2021-06-19T02:19:47+00:00","description":"CIUDAD DE M\u00c9XICO. MX. \u2014 La Autoridad Educativa Federal en la Ciudad de M\u00e9xico (AEFCM) confirm\u00f3 dos nuevos casos positivos de COVID-19 en un plantel de En Sonora en Equipo publicamos toda la informaci\u00f3n de Sonora, M\u00e9xico y el Mundo de manera oportuna y busca que la libertad de expresi\u00f3n sea real. Visita nuestro medio informativo publicado desde Hermosillo, Sonora. %","breadcrumb":{"@id":"https:\/\/www.sonoraenequipo.com.mx\/se-registran-dos-nuevos-casos-positivos-de-covid-19-en-escuelas-particulares-de-la-cdmx-aefcm\/#breadcrumb"},"inLanguage":"es","potentialAction":[{"@type":"ReadAction","target":["https:\/\/www.sonoraenequipo.com.mx\/se-registran-dos-nuevos-casos-positivos-de-covid-19-en-escuelas-particulares-de-la-cdmx-aefcm\/"]}]},{"@type":"ImageObject","inLanguage":"es","@id":"https:\/\/www.sonoraenequipo.com.mx\/se-registran-dos-nuevos-casos-positivos-de-covid-19-en-escuelas-particulares-de-la-cdmx-aefcm\/#primaryimage","url":"https:\/\/www.sonoraenequipo.com.mx\/storage\/2021\/06\/estudiantes_de_secundaria_opt.jpg","contentUrl":"https:\/\/www.sonoraenequipo.com.mx\/storage\/2021\/06\/estudiantes_de_secundaria_opt.jpg","width":700,"height":400},{"@type":"BreadcrumbList","@id":"https:\/\/www.sonoraenequipo.com.mx\/se-registran-dos-nuevos-casos-positivos-de-covid-19-en-escuelas-particulares-de-la-cdmx-aefcm\/#breadcrumb","itemListElement":[{"@type":"ListItem","position":1,"name":"Portada","item":"https:\/\/www.sonoraenequipo.com.mx\/"},{"@type":"ListItem","position":2,"name":"Se registran dos nuevos casos positivos de COVID-19 en escuelas particulares de la CDMX: AEFCM"}]},{"@type":"WebSite","@id":"https:\/\/www.sonoraenequipo.com.mx\/#website","url":"https:\/\/www.sonoraenequipo.com.mx\/","name":"Sonora en Equipo.","description":"Diario en l\u00ednea con Noticias desde Hermosillo, Sonora","publisher":{"@id":"https:\/\/www.sonoraenequipo.com.mx\/#organization"},"potentialAction":[{"@type":"SearchAction","target":{"@type":"EntryPoint","urlTemplate":"https:\/\/www.sonoraenequipo.com.mx\/?s={search_term_string}"},"query-input":{"@type":"PropertyValueSpecification","valueRequired":true,"valueName":"search_term_string"}}],"inLanguage":"es"},{"@type":"Organization","@id":"https:\/\/www.sonoraenequipo.com.mx\/#organization","name":"Sonoraenequipo.com.mx","url":"https:\/\/www.sonoraenequipo.com.mx\/","logo":{"@type":"ImageObject","inLanguage":"es","@id":"https:\/\/www.sonoraenequipo.com.mx\/#\/schema\/logo\/image\/","url":"https:\/\/www.sonoraenequipo.com.mx\/storage\/2019\/01\/sonoraenequipo_opt.png","contentUrl":"https:\/\/www.sonoraenequipo.com.mx\/storage\/2019\/01\/sonoraenequipo_opt.png","width":375,"height":125,"caption":"Sonoraenequipo.com.mx"},"image":{"@id":"https:\/\/www.sonoraenequipo.com.mx\/#\/schema\/logo\/image\/"},"sameAs":["https:\/\/www.facebook.com\/SonoraEE\/","https:\/\/x.com\/sonoraenequipo","https:\/\/www.youtube.com\/channel\/UC338nW-lPEYmJQs4ZABQ1SQ"]},{"@type":"Person","@id":"https:\/\/www.sonoraenequipo.com.mx\/#\/schema\/person\/50102df0fb23a8fa9e8effad8fa81386","name":"enequipo","image":{"@type":"ImageObject","inLanguage":"es","@id":"https:\/\/www.sonoraenequipo.com.mx\/#\/schema\/person\/image\/","url":"https:\/\/secure.gravatar.com\/avatar\/049821681b589dabc0bc20695993ccebb09f5b5d4d790cd9251b97faac7c652b?s=96&d=blank&r=g","contentUrl":"https:\/\/secure.gravatar.com\/avatar\/049821681b589dabc0bc20695993ccebb09f5b5d4d790cd9251b97faac7c652b?s=96&d=blank&r=g","caption":"enequipo"},"sameAs":["https:\/\/www.facebook.com\/SonoraEE"]}]}},"jetpack_featured_media_url":"https:\/\/www.sonoraenequipo.com.mx\/storage\/2021\/06\/estudiantes_de_secundaria_opt.jpg","_links":{"self":[{"href":"https:\/\/www.sonoraenequipo.com.mx\/api\/wp\/v2\/posts\/116714","targetHints":{"allow":["GET"]}}],"collection":[{"href":"https:\/\/www.sonoraenequipo.com.mx\/api\/wp\/v2\/posts"}],"about":[{"href":"https:\/\/www.sonoraenequipo.com.mx\/api\/wp\/v2\/types\/post"}],"author":[{"embeddable":true,"href":"https:\/\/www.sonoraenequipo.com.mx\/api\/wp\/v2\/users\/1"}],"replies":[{"embeddable":true,"href":"https:\/\/www.sonoraenequipo.com.mx\/api\/wp\/v2\/comments?post=116714"}],"version-history":[{"count":1,"href":"https:\/\/www.sonoraenequipo.com.mx\/api\/wp\/v2\/posts\/116714\/revisions"}],"predecessor-version":[{"id":116729,"href":"https:\/\/www.sonoraenequipo.com.mx\/api\/wp\/v2\/posts\/116714\/revisions\/116729"}],"wp:featuredmedia":[{"embeddable":true,"href":"https:\/\/www.sonoraenequipo.com.mx\/api\/wp\/v2\/media\/116723"}],"wp:attachment":[{"href":"https:\/\/www.sonoraenequipo.com.mx\/api\/wp\/v2\/media?parent=116714"}],"wp:term":[{"taxonomy":"category","embeddable":true,"href":"https:\/\/www.sonoraenequipo.com.mx\/api\/wp\/v2\/categories?post=116714"},{"taxonomy":"post_tag","embeddable":true,"href":"https:\/\/www.sonoraenequipo.com.mx\/api\/wp\/v2\/tags?post=116714"}],"curies":[{"name":"wp","href":"https:\/\/api.w.org\/{rel}","templated":true}]}}