{"id":116731,"date":"2021-06-18T12:14:03","date_gmt":"2021-06-18T19:14:03","guid":{"rendered":"https:\/\/www.sonoraenequipo.com.mx\/?p=116731"},"modified":"2021-06-18T19:36:15","modified_gmt":"2021-06-19T02:36:15","slug":"historico-el-duque-de-baviera-se-declara-gay-a-sus-87-anos","status":"publish","type":"post","link":"https:\/\/www.sonoraenequipo.com.mx\/historico-el-duque-de-baviera-se-declara-gay-a-sus-87-anos\/","title":{"rendered":"\u00a1Hist\u00f3rico! El duque de Baviera se declara gay a sus 87 a\u00f1os"},"content":{"rendered":"<p>BAVIERA.ALEMANIA. \u2014 Francisco Buenaventura Adalberto Mar\u00eda, duque de Baviera y jefe de la casa real de Wittelsbach, Alemania, hizo historia tras declararse abiertamente gay a los 87 a\u00f1os y posar en una fotograf\u00eda junto a su pareja, Thomas Greinwald.<\/p>\n<p>&nbsp;<\/p>\n<p> <\/p>\n<p>&nbsp;<\/p>\n<p>Si bien la relaci\u00f3n entre el duque de Baviera y Thomas jam\u00e1s se ocult\u00f3, es la primera vez en la historia que un representante de una casa real se declara p\u00fablicamente homosexual y se retrata junto a su novio.<\/p>\n<p>&nbsp;<\/p>\n<p>La salida del closet del duque de Baviera fue a trav\u00e9s de una fotograf\u00eda formal posando en un sal\u00f3n del palacio de Nymphenburg, la antigua residencia de recreo de la familia real b\u00e1vara en M\u00fanich. El retrato forma parte de la exposici\u00f3n Extra\u00f1a belleza, del museo Kunsthalle de M\u00fanich, y fue tomado por el fot\u00f3grafo holand\u00e9s Erwin Olaf, autor de algunas de las fotos oficiales de la reina M\u00e1xima.<\/p>\n<p>&nbsp;<\/p>\n<p>Esto ha servido para hacer oficial la relaci\u00f3n del duque de Baviera con un hombre con el que, por otro lado, ya llevaba a\u00f1os dej\u00e1ndose ver en varias citas de la conservadora sociedad muniquesa. Adem\u00e1s, tiene mayor relevancia al elegirse el mes del Orgullo LGBT+ para la revelaci\u00f3n.<\/p>\n<p>&nbsp;<\/p>\n<p>La fotograf\u00eda de la pareja, junto con otra del duque de Baviera con su perrito, se compartieron en Instagram.<\/p>\n<h3>\n\u00bfQui\u00e9n es Francisco de Baviera?<\/h3>\n<p>Nacido en 1933, Francisco Buenaventura Adalberto Mar\u00eda es el nieto del \u00faltimo rey de Baviera, Luis III, y desde la muerte de su padre en 1966 es el jefe de la Casa de Wittelsbach, la dinast\u00eda alemana que rein\u00f3 y gobern\u00f3 Baviera hasta la deposici\u00f3n de dicho monarca en 1918.<\/p>\n<p>&nbsp;<\/p>\n<p>Dado que Francisco de Baviera nunca se cas\u00f3 con una mujer ni tuvo hijos para disimular su orientaci\u00f3n sexual, a su muerte ser\u00e1 su hermano, Maximiliano Emanuel de Baviera, quien heredar\u00e1 sus derechos y t\u00edtulo.<\/p>\n<p>&nbsp;<\/p>\n<p>(Publicada el 18\/06\/2021)<\/p>\n","protected":false},"excerpt":{"rendered":"<p>BAVIERA.ALEMANIA. \u2014 Francisco Buenaventura Adalberto Mar\u00eda, duque de Baviera y jefe de la casa real&#8230;<\/p>\n","protected":false},"author":1,"featured_media":116727,"comment_status":"open","ping_status":"open","sticky":false,"template":"","format":"standard","meta":{"_monsterinsights_skip_tracking":false,"_monsterinsights_sitenote_active":false,"_monsterinsights_sitenote_note":"","_monsterinsights_sitenote_category":0,"footnotes":""},"categories":[3],"tags":[],"class_list":["post"],"yoast_head":" \n<title>Sonora en Equipo. \u00a1Hist\u00f3rico! El duque de Baviera se declara gay a sus 87 a\u00f1os MUNDO<\/title>\n<meta name=\"description\" content=\"BAVIERA.ALEMANIA. \u2014 Francisco Buenaventura Adalberto Mar\u00eda, duque de Baviera y jefe de la casa real de Wittelsbach, Alemania, hizo historia tras En Sonora en Equipo publicamos toda la informaci\u00f3n de Sonora, M\u00e9xico y el Mundo de manera oportuna y busca que la libertad de expresi\u00f3n sea real. Visita nuestro medio informativo publicado desde Hermosillo, Sonora. %\" \/>\n<meta name=\"robots\" content=\"index, follow, max-snippet:-1, max-image-preview:large, max-video-preview:-1\" \/>\n<link rel=\"canonical\" href=\"https:\/\/www.sonoraenequipo.com.mx\/historico-el-duque-de-baviera-se-declara-gay-a-sus-87-anos\/\" \/>\n<meta property=\"og:locale\" content=\"es_ES\" \/>\n<meta property=\"og:type\" content=\"article\" \/>\n<meta property=\"og:title\" content=\"Sonora en Equipo. \u00a1Hist\u00f3rico! El duque de Baviera se declara gay a sus 87 a\u00f1os MUNDO\" \/>\n<meta property=\"og:description\" content=\"BAVIERA.ALEMANIA. \u2014 Francisco Buenaventura Adalberto Mar\u00eda, duque de Baviera y jefe de la casa real de Wittelsbach, Alemania, hizo historia tras En Sonora en Equipo publicamos toda la informaci\u00f3n de Sonora, M\u00e9xico y el Mundo de manera oportuna y busca que la libertad de expresi\u00f3n sea real. Visita nuestro medio informativo publicado desde Hermosillo, Sonora. %\" \/>\n<meta property=\"og:url\" content=\"https:\/\/www.sonoraenequipo.com.mx\/historico-el-duque-de-baviera-se-declara-gay-a-sus-87-anos\/\" \/>\n<meta property=\"og:site_name\" content=\"Sonora en Equipo.\" \/>\n<meta property=\"article:publisher\" content=\"https:\/\/www.facebook.com\/SonoraEE\/\" \/>\n<meta property=\"article:author\" content=\"https:\/\/www.facebook.com\/SonoraEE\" \/>\n<meta property=\"article:published_time\" content=\"2021-06-18T19:14:03+00:00\" \/>\n<meta property=\"article:modified_time\" content=\"2021-06-19T02:36:15+00:00\" \/>\n<meta property=\"og:image\" content=\"https:\/\/www.sonoraenequipo.com.mx\/storage\/2021\/06\/duque-de-Baviera-se-declara-gay_opt.jpg\" \/>\n\t<meta property=\"og:image:width\" content=\"700\" \/>\n\t<meta property=\"og:image:height\" content=\"400\" \/>\n\t<meta property=\"og:image:type\" content=\"image\/jpeg\" \/>\n<meta name=\"author\" content=\"enequipo\" \/>\n<meta name=\"twitter:card\" content=\"summary_large_image\" \/>\n<meta name=\"twitter:creator\" content=\"@sonoraenequipo\" \/>\n<meta name=\"twitter:site\" content=\"@sonoraenequipo\" \/>\n<meta name=\"twitter:label1\" content=\"Escrito por\" \/>\n\t<meta name=\"twitter:data1\" content=\"enequipo\" \/>\n\t<meta name=\"twitter:label2\" content=\"Tiempo de lectura\" \/>\n\t<meta name=\"twitter:data2\" content=\"2 minutos\" \/>\n<script type=\"application\/ld+json\" class=\"yoast-schema-graph\">{\"@context\":\"https:\/\/schema.org\",\"@graph\":[{\"@type\":\"Article\",\"@id\":\"https:\/\/www.sonoraenequipo.com.mx\/historico-el-duque-de-baviera-se-declara-gay-a-sus-87-anos\/#article\",\"isPartOf\":{\"@id\":\"https:\/\/www.sonoraenequipo.com.mx\/historico-el-duque-de-baviera-se-declara-gay-a-sus-87-anos\/\"},\"author\":{\"name\":\"enequipo\",\"@id\":\"https:\/\/www.sonoraenequipo.com.mx\/#\/schema\/person\/50102df0fb23a8fa9e8effad8fa81386\"},\"headline\":\"\u00a1Hist\u00f3rico! El duque de Baviera se declara gay a sus 87 a\u00f1os\",\"datePublished\":\"2021-06-18T19:14:03+00:00\",\"dateModified\":\"2021-06-19T02:36:15+00:00\",\"mainEntityOfPage\":{\"@id\":\"https:\/\/www.sonoraenequipo.com.mx\/historico-el-duque-de-baviera-se-declara-gay-a-sus-87-anos\/\"},\"wordCount\":351,\"commentCount\":0,\"publisher\":{\"@id\":\"https:\/\/www.sonoraenequipo.com.mx\/#organization\"},\"image\":{\"@id\":\"https:\/\/www.sonoraenequipo.com.mx\/historico-el-duque-de-baviera-se-declara-gay-a-sus-87-anos\/#primaryimage\"},\"thumbnailUrl\":\"https:\/\/www.sonoraenequipo.com.mx\/storage\/2021\/06\/duque-de-Baviera-se-declara-gay_opt.jpg\",\"articleSection\":[\"MUNDO\"],\"inLanguage\":\"es\",\"potentialAction\":[{\"@type\":\"CommentAction\",\"name\":\"Comment\",\"target\":[\"https:\/\/www.sonoraenequipo.com.mx\/historico-el-duque-de-baviera-se-declara-gay-a-sus-87-anos\/#respond\"]}]},{\"@type\":\"WebPage\",\"@id\":\"https:\/\/www.sonoraenequipo.com.mx\/historico-el-duque-de-baviera-se-declara-gay-a-sus-87-anos\/\",\"url\":\"https:\/\/www.sonoraenequipo.com.mx\/historico-el-duque-de-baviera-se-declara-gay-a-sus-87-anos\/\",\"name\":\"Sonora en Equipo. \u00a1Hist\u00f3rico! El duque de Baviera se declara gay a sus 87 a\u00f1os MUNDO\",\"isPartOf\":{\"@id\":\"https:\/\/www.sonoraenequipo.com.mx\/#website\"},\"primaryImageOfPage\":{\"@id\":\"https:\/\/www.sonoraenequipo.com.mx\/historico-el-duque-de-baviera-se-declara-gay-a-sus-87-anos\/#primaryimage\"},\"image\":{\"@id\":\"https:\/\/www.sonoraenequipo.com.mx\/historico-el-duque-de-baviera-se-declara-gay-a-sus-87-anos\/#primaryimage\"},\"thumbnailUrl\":\"https:\/\/www.sonoraenequipo.com.mx\/storage\/2021\/06\/duque-de-Baviera-se-declara-gay_opt.jpg\",\"datePublished\":\"2021-06-18T19:14:03+00:00\",\"dateModified\":\"2021-06-19T02:36:15+00:00\",\"description\":\"BAVIERA.ALEMANIA. \u2014 Francisco Buenaventura Adalberto Mar\u00eda, duque de Baviera y jefe de la casa real de Wittelsbach, Alemania, hizo historia tras En Sonora en Equipo publicamos toda la informaci\u00f3n de Sonora, M\u00e9xico y el Mundo de manera oportuna y busca que la libertad de expresi\u00f3n sea real. Visita nuestro medio informativo publicado desde Hermosillo, Sonora. %\",\"breadcrumb\":{\"@id\":\"https:\/\/www.sonoraenequipo.com.mx\/historico-el-duque-de-baviera-se-declara-gay-a-sus-87-anos\/#breadcrumb\"},\"inLanguage\":\"es\",\"potentialAction\":[{\"@type\":\"ReadAction\",\"target\":[\"https:\/\/www.sonoraenequipo.com.mx\/historico-el-duque-de-baviera-se-declara-gay-a-sus-87-anos\/\"]}]},{\"@type\":\"ImageObject\",\"inLanguage\":\"es\",\"@id\":\"https:\/\/www.sonoraenequipo.com.mx\/historico-el-duque-de-baviera-se-declara-gay-a-sus-87-anos\/#primaryimage\",\"url\":\"https:\/\/www.sonoraenequipo.com.mx\/storage\/2021\/06\/duque-de-Baviera-se-declara-gay_opt.jpg\",\"contentUrl\":\"https:\/\/www.sonoraenequipo.com.mx\/storage\/2021\/06\/duque-de-Baviera-se-declara-gay_opt.jpg\",\"width\":700,\"height\":400},{\"@type\":\"BreadcrumbList\",\"@id\":\"https:\/\/www.sonoraenequipo.com.mx\/historico-el-duque-de-baviera-se-declara-gay-a-sus-87-anos\/#breadcrumb\",\"itemListElement\":[{\"@type\":\"ListItem\",\"position\":1,\"name\":\"Portada\",\"item\":\"https:\/\/www.sonoraenequipo.com.mx\/\"},{\"@type\":\"ListItem\",\"position\":2,\"name\":\"\u00a1Hist\u00f3rico! El duque de Baviera se declara gay a sus 87 a\u00f1os\"}]},{\"@type\":\"WebSite\",\"@id\":\"https:\/\/www.sonoraenequipo.com.mx\/#website\",\"url\":\"https:\/\/www.sonoraenequipo.com.mx\/\",\"name\":\"Sonora en Equipo.\",\"description\":\"Diario en l\u00ednea con Noticias desde Hermosillo, Sonora\",\"publisher\":{\"@id\":\"https:\/\/www.sonoraenequipo.com.mx\/#organization\"},\"potentialAction\":[{\"@type\":\"SearchAction\",\"target\":{\"@type\":\"EntryPoint\",\"urlTemplate\":\"https:\/\/www.sonoraenequipo.com.mx\/?s={search_term_string}\"},\"query-input\":{\"@type\":\"PropertyValueSpecification\",\"valueRequired\":true,\"valueName\":\"search_term_string\"}}],\"inLanguage\":\"es\"},{\"@type\":\"Organization\",\"@id\":\"https:\/\/www.sonoraenequipo.com.mx\/#organization\",\"name\":\"Sonoraenequipo.com.mx\",\"url\":\"https:\/\/www.sonoraenequipo.com.mx\/\",\"logo\":{\"@type\":\"ImageObject\",\"inLanguage\":\"es\",\"@id\":\"https:\/\/www.sonoraenequipo.com.mx\/#\/schema\/logo\/image\/\",\"url\":\"https:\/\/www.sonoraenequipo.com.mx\/storage\/2019\/01\/sonoraenequipo_opt.png\",\"contentUrl\":\"https:\/\/www.sonoraenequipo.com.mx\/storage\/2019\/01\/sonoraenequipo_opt.png\",\"width\":375,\"height\":125,\"caption\":\"Sonoraenequipo.com.mx\"},\"image\":{\"@id\":\"https:\/\/www.sonoraenequipo.com.mx\/#\/schema\/logo\/image\/\"},\"sameAs\":[\"https:\/\/www.facebook.com\/SonoraEE\/\",\"https:\/\/x.com\/sonoraenequipo\",\"https:\/\/www.youtube.com\/channel\/UC338nW-lPEYmJQs4ZABQ1SQ\"]},{\"@type\":\"Person\",\"@id\":\"https:\/\/www.sonoraenequipo.com.mx\/#\/schema\/person\/50102df0fb23a8fa9e8effad8fa81386\",\"name\":\"enequipo\",\"image\":{\"@type\":\"ImageObject\",\"inLanguage\":\"es\",\"@id\":\"https:\/\/www.sonoraenequipo.com.mx\/#\/schema\/person\/image\/\",\"url\":\"https:\/\/secure.gravatar.com\/avatar\/049821681b589dabc0bc20695993ccebb09f5b5d4d790cd9251b97faac7c652b?s=96&d=blank&r=g\",\"contentUrl\":\"https:\/\/secure.gravatar.com\/avatar\/049821681b589dabc0bc20695993ccebb09f5b5d4d790cd9251b97faac7c652b?s=96&d=blank&r=g\",\"caption\":\"enequipo\"},\"sameAs\":[\"https:\/\/www.facebook.com\/SonoraEE\"]}]}<\/script>\n ","yoast_head_json":{"title":"Sonora en Equipo. \u00a1Hist\u00f3rico! El duque de Baviera se declara gay a sus 87 a\u00f1os MUNDO","description":"BAVIERA.ALEMANIA. \u2014 Francisco Buenaventura Adalberto Mar\u00eda, duque de Baviera y jefe de la casa real de Wittelsbach, Alemania, hizo historia tras En Sonora en Equipo publicamos toda la informaci\u00f3n de Sonora, M\u00e9xico y el Mundo de manera oportuna y busca que la libertad de expresi\u00f3n sea real. Visita nuestro medio informativo publicado desde Hermosillo, Sonora. %","robots":{"index":"index","follow":"follow","max-snippet":"max-snippet:-1","max-image-preview":"max-image-preview:large","max-video-preview":"max-video-preview:-1"},"canonical":"https:\/\/www.sonoraenequipo.com.mx\/historico-el-duque-de-baviera-se-declara-gay-a-sus-87-anos\/","og_locale":"es_ES","og_type":"article","og_title":"Sonora en Equipo. \u00a1Hist\u00f3rico! El duque de Baviera se declara gay a sus 87 a\u00f1os MUNDO","og_description":"BAVIERA.ALEMANIA. \u2014 Francisco Buenaventura Adalberto Mar\u00eda, duque de Baviera y jefe de la casa real de Wittelsbach, Alemania, hizo historia tras En Sonora en Equipo publicamos toda la informaci\u00f3n de Sonora, M\u00e9xico y el Mundo de manera oportuna y busca que la libertad de expresi\u00f3n sea real. Visita nuestro medio informativo publicado desde Hermosillo, Sonora. %","og_url":"https:\/\/www.sonoraenequipo.com.mx\/historico-el-duque-de-baviera-se-declara-gay-a-sus-87-anos\/","og_site_name":"Sonora en Equipo.","article_publisher":"https:\/\/www.facebook.com\/SonoraEE\/","article_author":"https:\/\/www.facebook.com\/SonoraEE","article_published_time":"2021-06-18T19:14:03+00:00","article_modified_time":"2021-06-19T02:36:15+00:00","og_image":[{"width":700,"height":400,"url":"https:\/\/www.sonoraenequipo.com.mx\/storage\/2021\/06\/duque-de-Baviera-se-declara-gay_opt.jpg","type":"image\/jpeg"}],"author":"enequipo","twitter_card":"summary_large_image","twitter_creator":"@sonoraenequipo","twitter_site":"@sonoraenequipo","twitter_misc":{"Escrito por":"enequipo","Tiempo de lectura":"2 minutos"},"schema":{"@context":"https:\/\/schema.org","@graph":[{"@type":"Article","@id":"https:\/\/www.sonoraenequipo.com.mx\/historico-el-duque-de-baviera-se-declara-gay-a-sus-87-anos\/#article","isPartOf":{"@id":"https:\/\/www.sonoraenequipo.com.mx\/historico-el-duque-de-baviera-se-declara-gay-a-sus-87-anos\/"},"author":{"name":"enequipo","@id":"https:\/\/www.sonoraenequipo.com.mx\/#\/schema\/person\/50102df0fb23a8fa9e8effad8fa81386"},"headline":"\u00a1Hist\u00f3rico! El duque de Baviera se declara gay a sus 87 a\u00f1os","datePublished":"2021-06-18T19:14:03+00:00","dateModified":"2021-06-19T02:36:15+00:00","mainEntityOfPage":{"@id":"https:\/\/www.sonoraenequipo.com.mx\/historico-el-duque-de-baviera-se-declara-gay-a-sus-87-anos\/"},"wordCount":351,"commentCount":0,"publisher":{"@id":"https:\/\/www.sonoraenequipo.com.mx\/#organization"},"image":{"@id":"https:\/\/www.sonoraenequipo.com.mx\/historico-el-duque-de-baviera-se-declara-gay-a-sus-87-anos\/#primaryimage"},"thumbnailUrl":"https:\/\/www.sonoraenequipo.com.mx\/storage\/2021\/06\/duque-de-Baviera-se-declara-gay_opt.jpg","articleSection":["MUNDO"],"inLanguage":"es","potentialAction":[{"@type":"CommentAction","name":"Comment","target":["https:\/\/www.sonoraenequipo.com.mx\/historico-el-duque-de-baviera-se-declara-gay-a-sus-87-anos\/#respond"]}]},{"@type":"WebPage","@id":"https:\/\/www.sonoraenequipo.com.mx\/historico-el-duque-de-baviera-se-declara-gay-a-sus-87-anos\/","url":"https:\/\/www.sonoraenequipo.com.mx\/historico-el-duque-de-baviera-se-declara-gay-a-sus-87-anos\/","name":"Sonora en Equipo. \u00a1Hist\u00f3rico! El duque de Baviera se declara gay a sus 87 a\u00f1os MUNDO","isPartOf":{"@id":"https:\/\/www.sonoraenequipo.com.mx\/#website"},"primaryImageOfPage":{"@id":"https:\/\/www.sonoraenequipo.com.mx\/historico-el-duque-de-baviera-se-declara-gay-a-sus-87-anos\/#primaryimage"},"image":{"@id":"https:\/\/www.sonoraenequipo.com.mx\/historico-el-duque-de-baviera-se-declara-gay-a-sus-87-anos\/#primaryimage"},"thumbnailUrl":"https:\/\/www.sonoraenequipo.com.mx\/storage\/2021\/06\/duque-de-Baviera-se-declara-gay_opt.jpg","datePublished":"2021-06-18T19:14:03+00:00","dateModified":"2021-06-19T02:36:15+00:00","description":"BAVIERA.ALEMANIA. \u2014 Francisco Buenaventura Adalberto Mar\u00eda, duque de Baviera y jefe de la casa real de Wittelsbach, Alemania, hizo historia tras En Sonora en Equipo publicamos toda la informaci\u00f3n de Sonora, M\u00e9xico y el Mundo de manera oportuna y busca que la libertad de expresi\u00f3n sea real. Visita nuestro medio informativo publicado desde Hermosillo, Sonora. %","breadcrumb":{"@id":"https:\/\/www.sonoraenequipo.com.mx\/historico-el-duque-de-baviera-se-declara-gay-a-sus-87-anos\/#breadcrumb"},"inLanguage":"es","potentialAction":[{"@type":"ReadAction","target":["https:\/\/www.sonoraenequipo.com.mx\/historico-el-duque-de-baviera-se-declara-gay-a-sus-87-anos\/"]}]},{"@type":"ImageObject","inLanguage":"es","@id":"https:\/\/www.sonoraenequipo.com.mx\/historico-el-duque-de-baviera-se-declara-gay-a-sus-87-anos\/#primaryimage","url":"https:\/\/www.sonoraenequipo.com.mx\/storage\/2021\/06\/duque-de-Baviera-se-declara-gay_opt.jpg","contentUrl":"https:\/\/www.sonoraenequipo.com.mx\/storage\/2021\/06\/duque-de-Baviera-se-declara-gay_opt.jpg","width":700,"height":400},{"@type":"BreadcrumbList","@id":"https:\/\/www.sonoraenequipo.com.mx\/historico-el-duque-de-baviera-se-declara-gay-a-sus-87-anos\/#breadcrumb","itemListElement":[{"@type":"ListItem","position":1,"name":"Portada","item":"https:\/\/www.sonoraenequipo.com.mx\/"},{"@type":"ListItem","position":2,"name":"\u00a1Hist\u00f3rico! El duque de Baviera se declara gay a sus 87 a\u00f1os"}]},{"@type":"WebSite","@id":"https:\/\/www.sonoraenequipo.com.mx\/#website","url":"https:\/\/www.sonoraenequipo.com.mx\/","name":"Sonora en Equipo.","description":"Diario en l\u00ednea con Noticias desde Hermosillo, Sonora","publisher":{"@id":"https:\/\/www.sonoraenequipo.com.mx\/#organization"},"potentialAction":[{"@type":"SearchAction","target":{"@type":"EntryPoint","urlTemplate":"https:\/\/www.sonoraenequipo.com.mx\/?s={search_term_string}"},"query-input":{"@type":"PropertyValueSpecification","valueRequired":true,"valueName":"search_term_string"}}],"inLanguage":"es"},{"@type":"Organization","@id":"https:\/\/www.sonoraenequipo.com.mx\/#organization","name":"Sonoraenequipo.com.mx","url":"https:\/\/www.sonoraenequipo.com.mx\/","logo":{"@type":"ImageObject","inLanguage":"es","@id":"https:\/\/www.sonoraenequipo.com.mx\/#\/schema\/logo\/image\/","url":"https:\/\/www.sonoraenequipo.com.mx\/storage\/2019\/01\/sonoraenequipo_opt.png","contentUrl":"https:\/\/www.sonoraenequipo.com.mx\/storage\/2019\/01\/sonoraenequipo_opt.png","width":375,"height":125,"caption":"Sonoraenequipo.com.mx"},"image":{"@id":"https:\/\/www.sonoraenequipo.com.mx\/#\/schema\/logo\/image\/"},"sameAs":["https:\/\/www.facebook.com\/SonoraEE\/","https:\/\/x.com\/sonoraenequipo","https:\/\/www.youtube.com\/channel\/UC338nW-lPEYmJQs4ZABQ1SQ"]},{"@type":"Person","@id":"https:\/\/www.sonoraenequipo.com.mx\/#\/schema\/person\/50102df0fb23a8fa9e8effad8fa81386","name":"enequipo","image":{"@type":"ImageObject","inLanguage":"es","@id":"https:\/\/www.sonoraenequipo.com.mx\/#\/schema\/person\/image\/","url":"https:\/\/secure.gravatar.com\/avatar\/049821681b589dabc0bc20695993ccebb09f5b5d4d790cd9251b97faac7c652b?s=96&d=blank&r=g","contentUrl":"https:\/\/secure.gravatar.com\/avatar\/049821681b589dabc0bc20695993ccebb09f5b5d4d790cd9251b97faac7c652b?s=96&d=blank&r=g","caption":"enequipo"},"sameAs":["https:\/\/www.facebook.com\/SonoraEE"]}]}},"jetpack_featured_media_url":"https:\/\/www.sonoraenequipo.com.mx\/storage\/2021\/06\/duque-de-Baviera-se-declara-gay_opt.jpg","_links":{"self":[{"href":"https:\/\/www.sonoraenequipo.com.mx\/api\/wp\/v2\/posts\/116731","targetHints":{"allow":["GET"]}}],"collection":[{"href":"https:\/\/www.sonoraenequipo.com.mx\/api\/wp\/v2\/posts"}],"about":[{"href":"https:\/\/www.sonoraenequipo.com.mx\/api\/wp\/v2\/types\/post"}],"author":[{"embeddable":true,"href":"https:\/\/www.sonoraenequipo.com.mx\/api\/wp\/v2\/users\/1"}],"replies":[{"embeddable":true,"href":"https:\/\/www.sonoraenequipo.com.mx\/api\/wp\/v2\/comments?post=116731"}],"version-history":[{"count":1,"href":"https:\/\/www.sonoraenequipo.com.mx\/api\/wp\/v2\/posts\/116731\/revisions"}],"predecessor-version":[{"id":116732,"href":"https:\/\/www.sonoraenequipo.com.mx\/api\/wp\/v2\/posts\/116731\/revisions\/116732"}],"wp:featuredmedia":[{"embeddable":true,"href":"https:\/\/www.sonoraenequipo.com.mx\/api\/wp\/v2\/media\/116727"}],"wp:attachment":[{"href":"https:\/\/www.sonoraenequipo.com.mx\/api\/wp\/v2\/media?parent=116731"}],"wp:term":[{"taxonomy":"category","embeddable":true,"href":"https:\/\/www.sonoraenequipo.com.mx\/api\/wp\/v2\/categories?post=116731"},{"taxonomy":"post_tag","embeddable":true,"href":"https:\/\/www.sonoraenequipo.com.mx\/api\/wp\/v2\/tags?post=116731"}],"curies":[{"name":"wp","href":"https:\/\/api.w.org\/{rel}","templated":true}]}}