{"id":116733,"date":"2021-06-18T17:50:20","date_gmt":"2021-06-19T00:50:20","guid":{"rendered":"https:\/\/www.sonoraenequipo.com.mx\/?p=116733"},"modified":"2021-06-18T22:54:35","modified_gmt":"2021-06-19T05:54:35","slug":"realiza-inea-jornada-nacional-de-aplicacion-de-examenes-correspondiente-al-mes-de-junio","status":"publish","type":"post","link":"https:\/\/www.sonoraenequipo.com.mx\/realiza-inea-jornada-nacional-de-aplicacion-de-examenes-correspondiente-al-mes-de-junio\/","title":{"rendered":"Realiza INEA Jornada Nacional de Aplicaci\u00f3n de Ex\u00e1menes correspondiente al mes de junio"},"content":{"rendered":"<p>CIUDAD DE M\u00c9XICO.- La Secretar\u00eda de Educaci\u00f3n P\u00fablica (SEP) informa que el Instituto Nacional para la Educaci\u00f3n de los Adulto(INEA), realizar\u00e1 la Jornada Nacional de Aplicaci\u00f3n de Ex\u00e1menes correspondiente al mes de junio, del viernes 18 al domingo 27, dirigida a personas de 15 a\u00f1os y m\u00e1s que requieren acreditar los niveles de alfabetizaci\u00f3n, primaria y secundaria.<\/p>\n<p>&nbsp;<\/p>\n<p> <\/p>\n<p>&nbsp;<\/p>\n<p>&nbsp;<\/p>\n<p>La estrategia tambi\u00e9n considera a ni\u00f1as, ni\u00f1os y adolescentes, que se encuentren en un rango de edad de entre 10 y 14 a\u00f1os, que requieran certificar los estudios de primaria; asimismo, podr\u00e1n participar quienes ya est\u00e1n en atenci\u00f3n en el INEA y requieran concluir alg\u00fan nivel educativo, as\u00ed\u00ec como quienes ingresen como nuevas incorporaciones.<\/p>\n<p>&nbsp;<\/p>\n<p>&nbsp;<\/p>\n<p>Las personas que acrediten la primaria o la secundaria, recibir\u00e1n el certificado correspondiente con validez oficial, por lo que los interesados podr\u00e1n presentar tres tipos de ex\u00e1menes en papel o en l\u00ednea:<\/p>\n<p>&nbsp;<\/p>\n<p>Examen Final: Para quienes ya estudian en el INEA en los niveles de alfabetizaci\u00f3n, primaria o secundaria con los m\u00f3dulos b\u00e1sicos y diversificados; quienes cursan primaria o secundaria y deben de 1 a 3 m\u00f3dulos para concluir nivel educativo; para educandos que concluyeron su proceso de alfabetizaci\u00f3n, pero no han presentado su examen final. Cada persona puede presentar hasta dos ex\u00e1menes por d\u00eda.<\/p>\n<p>&nbsp;<\/p>\n<p>Examen de Reconocimiento de Saberes: Est\u00e1 dise\u00f1ado para personas con experiencia laboral y antecedentes escolares, sean o no educandos del INEA, quienes realizan un solo examen a trav\u00e9s del cual, si lo acreditan, pueden recibir el certificado de primaria o secundaria correspondiente. Es necesario presentar constancias de capacitaci\u00f3n expedidas en su centro de trabajo.<\/p>\n<p>&nbsp;<\/p>\n<p>Examen Diagn\u00f3stico: Est\u00e1dirigido a nuevos educandos y a quienes desean reincorporarse; tambi\u00e9n est\u00e1 pensado en educandos activos que deben 5 o m\u00e1s m\u00f3dulos educativos para concluir primaria o secundaria, y para personas con boleta de primero y segundo grado de secundaria del sistema escolarizado.<\/p>\n<p>La Jornada Nacional de Aplicaci\u00f3n de Ex\u00e1menes correspondiente al mes de junio, se aplicar\u00e1 en las Plazas Comunitarias de los Institutos Estatales de Educaci\u00f3n para Adultos (IEEA) y las Unidades de Operaci\u00f3n, as\u00ed\u00ec como en otras sedes disponibles, con base en las condiciones sanitarias locales.<\/p>\n<p>&nbsp;<\/p>\n<p>Para ello se implementar\u00e1n los protocolos sanitarios establecidos por las autoridades de salud, como toma de temperatura a cada participan la obligatoriedad de utilizar cubrebocas en todo momento; uso de gel antibacterial y el respeto a la sana distancia, entre otros.<\/p>\n<p>Por lo anterior, se convoca a los interesados a consultar las fechas y horarios correspondientes, en los sitios web de cada estado, en el tel\u00e9fono 800 00 60 300, y los tel\u00e9fonos Lada gratuitos de cada instituto.<\/p>\n<p>Cabe recordar que, durante la jornada del mes de mayo, 35 mil 888 personas lograron concluir alg\u00fan nivel educativo de primaria o secundaria; adem\u00e1s se incorporaron a los servicios del INEA 23 mil 337 personas y 10 mil 934 m\u00e1s se reincorporaron.<\/p>\n<p>Es por ello que el INEA tambi\u00e9n convoca a quienes ya terminaron sus estudios y que a\u00fan no recogen su certificado, para que lo soliciten en el Instituto de Educaci\u00f3n para Adultos de su entidad o se comuniquen al n\u00famero 800 gratuito de su estado que encontrar\u00e1n en la siguiente liga: <a href=\"https:\/\/n9.cl\/gabej\"><strong>https:\/\/n9.cl\/gabej<\/strong><\/a><\/p>\n<p>Finalmente, el INEA puntualiz\u00f3 que todos los servicios son gratuitos, quienes est\u00e9n interesados en iniciar, continuar o concluir estudios de educaci\u00f3n b\u00e1sica, pueden consultar la p\u00e1gina web del Instituto en <a href=\"https:\/\/n9.cl\/gabej\"><strong>www.gob.mx\/inea<\/strong><\/a><\/p>\n<p>&nbsp;<\/p>\n<p>&nbsp;<\/p>\n<p>(Publicada el 18\/06\/2021)<\/p>\n","protected":false},"excerpt":{"rendered":"<p>CIUDAD DE M\u00c9XICO.- La Secretar\u00eda de Educaci\u00f3n P\u00fablica (SEP) informa que el Instituto Nacional para&#8230;<\/p>\n","protected":false},"author":1,"featured_media":116718,"comment_status":"open","ping_status":"open","sticky":false,"template":"","format":"standard","meta":{"_monsterinsights_skip_tracking":false,"_monsterinsights_sitenote_active":false,"_monsterinsights_sitenote_note":"","_monsterinsights_sitenote_category":0,"footnotes":""},"categories":[5],"tags":[],"class_list":["post"],"yoast_head":" \n<title>Sonora en Equipo. Realiza INEA Jornada Nacional de Aplicaci\u00f3n de Ex\u00e1menes correspondiente al mes de junio Rep\u00fablica<\/title>\n<meta name=\"description\" content=\"CIUDAD DE M\u00c9XICO.- La Secretar\u00eda de Educaci\u00f3n P\u00fablica (SEP) informa que el Instituto Nacional para la Educaci\u00f3n de los Adulto(INEA), realizar\u00e1 la Jornada En Sonora en Equipo publicamos toda la informaci\u00f3n de Sonora, M\u00e9xico y el Mundo de manera oportuna y busca que la libertad de expresi\u00f3n sea real. Visita nuestro medio informativo publicado desde Hermosillo, Sonora. %\" \/>\n<meta name=\"robots\" content=\"index, follow, max-snippet:-1, max-image-preview:large, max-video-preview:-1\" \/>\n<link rel=\"canonical\" href=\"https:\/\/www.sonoraenequipo.com.mx\/realiza-inea-jornada-nacional-de-aplicacion-de-examenes-correspondiente-al-mes-de-junio\/\" \/>\n<meta property=\"og:locale\" content=\"es_ES\" \/>\n<meta property=\"og:type\" content=\"article\" \/>\n<meta property=\"og:title\" content=\"Sonora en Equipo. Realiza INEA Jornada Nacional de Aplicaci\u00f3n de Ex\u00e1menes correspondiente al mes de junio Rep\u00fablica\" \/>\n<meta property=\"og:description\" content=\"CIUDAD DE M\u00c9XICO.- La Secretar\u00eda de Educaci\u00f3n P\u00fablica (SEP) informa que el Instituto Nacional para la Educaci\u00f3n de los Adulto(INEA), realizar\u00e1 la Jornada En Sonora en Equipo publicamos toda la informaci\u00f3n de Sonora, M\u00e9xico y el Mundo de manera oportuna y busca que la libertad de expresi\u00f3n sea real. Visita nuestro medio informativo publicado desde Hermosillo, Sonora. %\" \/>\n<meta property=\"og:url\" content=\"https:\/\/www.sonoraenequipo.com.mx\/realiza-inea-jornada-nacional-de-aplicacion-de-examenes-correspondiente-al-mes-de-junio\/\" \/>\n<meta property=\"og:site_name\" content=\"Sonora en Equipo.\" \/>\n<meta property=\"article:publisher\" content=\"https:\/\/www.facebook.com\/SonoraEE\/\" \/>\n<meta property=\"article:author\" content=\"https:\/\/www.facebook.com\/SonoraEE\" \/>\n<meta property=\"article:published_time\" content=\"2021-06-19T00:50:20+00:00\" \/>\n<meta property=\"article:modified_time\" content=\"2021-06-19T05:54:35+00:00\" \/>\n<meta property=\"og:image\" content=\"https:\/\/www.sonoraenequipo.com.mx\/storage\/2021\/06\/leer-y-escribir_opt.jpg\" \/>\n\t<meta property=\"og:image:width\" content=\"700\" \/>\n\t<meta property=\"og:image:height\" content=\"400\" \/>\n\t<meta property=\"og:image:type\" content=\"image\/jpeg\" \/>\n<meta name=\"author\" content=\"enequipo\" \/>\n<meta name=\"twitter:card\" content=\"summary_large_image\" \/>\n<meta name=\"twitter:creator\" content=\"@sonoraenequipo\" \/>\n<meta name=\"twitter:site\" content=\"@sonoraenequipo\" \/>\n<meta name=\"twitter:label1\" content=\"Escrito por\" \/>\n\t<meta name=\"twitter:data1\" content=\"enequipo\" \/>\n\t<meta name=\"twitter:label2\" content=\"Tiempo de lectura\" \/>\n\t<meta name=\"twitter:data2\" content=\"3 minutos\" \/>\n<script type=\"application\/ld+json\" class=\"yoast-schema-graph\">{\"@context\":\"https:\/\/schema.org\",\"@graph\":[{\"@type\":\"Article\",\"@id\":\"https:\/\/www.sonoraenequipo.com.mx\/realiza-inea-jornada-nacional-de-aplicacion-de-examenes-correspondiente-al-mes-de-junio\/#article\",\"isPartOf\":{\"@id\":\"https:\/\/www.sonoraenequipo.com.mx\/realiza-inea-jornada-nacional-de-aplicacion-de-examenes-correspondiente-al-mes-de-junio\/\"},\"author\":{\"name\":\"enequipo\",\"@id\":\"https:\/\/www.sonoraenequipo.com.mx\/#\/schema\/person\/50102df0fb23a8fa9e8effad8fa81386\"},\"headline\":\"Realiza INEA Jornada Nacional de Aplicaci\u00f3n de Ex\u00e1menes correspondiente al mes de junio\",\"datePublished\":\"2021-06-19T00:50:20+00:00\",\"dateModified\":\"2021-06-19T05:54:35+00:00\",\"mainEntityOfPage\":{\"@id\":\"https:\/\/www.sonoraenequipo.com.mx\/realiza-inea-jornada-nacional-de-aplicacion-de-examenes-correspondiente-al-mes-de-junio\/\"},\"wordCount\":625,\"commentCount\":0,\"publisher\":{\"@id\":\"https:\/\/www.sonoraenequipo.com.mx\/#organization\"},\"image\":{\"@id\":\"https:\/\/www.sonoraenequipo.com.mx\/realiza-inea-jornada-nacional-de-aplicacion-de-examenes-correspondiente-al-mes-de-junio\/#primaryimage\"},\"thumbnailUrl\":\"https:\/\/www.sonoraenequipo.com.mx\/storage\/2021\/06\/leer-y-escribir_opt.jpg\",\"articleSection\":[\"Rep\u00fablica\"],\"inLanguage\":\"es\",\"potentialAction\":[{\"@type\":\"CommentAction\",\"name\":\"Comment\",\"target\":[\"https:\/\/www.sonoraenequipo.com.mx\/realiza-inea-jornada-nacional-de-aplicacion-de-examenes-correspondiente-al-mes-de-junio\/#respond\"]}]},{\"@type\":\"WebPage\",\"@id\":\"https:\/\/www.sonoraenequipo.com.mx\/realiza-inea-jornada-nacional-de-aplicacion-de-examenes-correspondiente-al-mes-de-junio\/\",\"url\":\"https:\/\/www.sonoraenequipo.com.mx\/realiza-inea-jornada-nacional-de-aplicacion-de-examenes-correspondiente-al-mes-de-junio\/\",\"name\":\"Sonora en Equipo. Realiza INEA Jornada Nacional de Aplicaci\u00f3n de Ex\u00e1menes correspondiente al mes de junio Rep\u00fablica\",\"isPartOf\":{\"@id\":\"https:\/\/www.sonoraenequipo.com.mx\/#website\"},\"primaryImageOfPage\":{\"@id\":\"https:\/\/www.sonoraenequipo.com.mx\/realiza-inea-jornada-nacional-de-aplicacion-de-examenes-correspondiente-al-mes-de-junio\/#primaryimage\"},\"image\":{\"@id\":\"https:\/\/www.sonoraenequipo.com.mx\/realiza-inea-jornada-nacional-de-aplicacion-de-examenes-correspondiente-al-mes-de-junio\/#primaryimage\"},\"thumbnailUrl\":\"https:\/\/www.sonoraenequipo.com.mx\/storage\/2021\/06\/leer-y-escribir_opt.jpg\",\"datePublished\":\"2021-06-19T00:50:20+00:00\",\"dateModified\":\"2021-06-19T05:54:35+00:00\",\"description\":\"CIUDAD DE M\u00c9XICO.- La Secretar\u00eda de Educaci\u00f3n P\u00fablica (SEP) informa que el Instituto Nacional para la Educaci\u00f3n de los Adulto(INEA), realizar\u00e1 la Jornada En Sonora en Equipo publicamos toda la informaci\u00f3n de Sonora, M\u00e9xico y el Mundo de manera oportuna y busca que la libertad de expresi\u00f3n sea real. Visita nuestro medio informativo publicado desde Hermosillo, Sonora. %\",\"breadcrumb\":{\"@id\":\"https:\/\/www.sonoraenequipo.com.mx\/realiza-inea-jornada-nacional-de-aplicacion-de-examenes-correspondiente-al-mes-de-junio\/#breadcrumb\"},\"inLanguage\":\"es\",\"potentialAction\":[{\"@type\":\"ReadAction\",\"target\":[\"https:\/\/www.sonoraenequipo.com.mx\/realiza-inea-jornada-nacional-de-aplicacion-de-examenes-correspondiente-al-mes-de-junio\/\"]}]},{\"@type\":\"ImageObject\",\"inLanguage\":\"es\",\"@id\":\"https:\/\/www.sonoraenequipo.com.mx\/realiza-inea-jornada-nacional-de-aplicacion-de-examenes-correspondiente-al-mes-de-junio\/#primaryimage\",\"url\":\"https:\/\/www.sonoraenequipo.com.mx\/storage\/2021\/06\/leer-y-escribir_opt.jpg\",\"contentUrl\":\"https:\/\/www.sonoraenequipo.com.mx\/storage\/2021\/06\/leer-y-escribir_opt.jpg\",\"width\":700,\"height\":400},{\"@type\":\"BreadcrumbList\",\"@id\":\"https:\/\/www.sonoraenequipo.com.mx\/realiza-inea-jornada-nacional-de-aplicacion-de-examenes-correspondiente-al-mes-de-junio\/#breadcrumb\",\"itemListElement\":[{\"@type\":\"ListItem\",\"position\":1,\"name\":\"Portada\",\"item\":\"https:\/\/www.sonoraenequipo.com.mx\/\"},{\"@type\":\"ListItem\",\"position\":2,\"name\":\"Realiza INEA Jornada Nacional de Aplicaci\u00f3n de Ex\u00e1menes correspondiente al mes de junio\"}]},{\"@type\":\"WebSite\",\"@id\":\"https:\/\/www.sonoraenequipo.com.mx\/#website\",\"url\":\"https:\/\/www.sonoraenequipo.com.mx\/\",\"name\":\"Sonora en Equipo.\",\"description\":\"Diario en l\u00ednea con Noticias desde Hermosillo, Sonora\",\"publisher\":{\"@id\":\"https:\/\/www.sonoraenequipo.com.mx\/#organization\"},\"potentialAction\":[{\"@type\":\"SearchAction\",\"target\":{\"@type\":\"EntryPoint\",\"urlTemplate\":\"https:\/\/www.sonoraenequipo.com.mx\/?s={search_term_string}\"},\"query-input\":{\"@type\":\"PropertyValueSpecification\",\"valueRequired\":true,\"valueName\":\"search_term_string\"}}],\"inLanguage\":\"es\"},{\"@type\":\"Organization\",\"@id\":\"https:\/\/www.sonoraenequipo.com.mx\/#organization\",\"name\":\"Sonoraenequipo.com.mx\",\"url\":\"https:\/\/www.sonoraenequipo.com.mx\/\",\"logo\":{\"@type\":\"ImageObject\",\"inLanguage\":\"es\",\"@id\":\"https:\/\/www.sonoraenequipo.com.mx\/#\/schema\/logo\/image\/\",\"url\":\"https:\/\/www.sonoraenequipo.com.mx\/storage\/2019\/01\/sonoraenequipo_opt.png\",\"contentUrl\":\"https:\/\/www.sonoraenequipo.com.mx\/storage\/2019\/01\/sonoraenequipo_opt.png\",\"width\":375,\"height\":125,\"caption\":\"Sonoraenequipo.com.mx\"},\"image\":{\"@id\":\"https:\/\/www.sonoraenequipo.com.mx\/#\/schema\/logo\/image\/\"},\"sameAs\":[\"https:\/\/www.facebook.com\/SonoraEE\/\",\"https:\/\/x.com\/sonoraenequipo\",\"https:\/\/www.youtube.com\/channel\/UC338nW-lPEYmJQs4ZABQ1SQ\"]},{\"@type\":\"Person\",\"@id\":\"https:\/\/www.sonoraenequipo.com.mx\/#\/schema\/person\/50102df0fb23a8fa9e8effad8fa81386\",\"name\":\"enequipo\",\"image\":{\"@type\":\"ImageObject\",\"inLanguage\":\"es\",\"@id\":\"https:\/\/www.sonoraenequipo.com.mx\/#\/schema\/person\/image\/\",\"url\":\"https:\/\/secure.gravatar.com\/avatar\/049821681b589dabc0bc20695993ccebb09f5b5d4d790cd9251b97faac7c652b?s=96&d=blank&r=g\",\"contentUrl\":\"https:\/\/secure.gravatar.com\/avatar\/049821681b589dabc0bc20695993ccebb09f5b5d4d790cd9251b97faac7c652b?s=96&d=blank&r=g\",\"caption\":\"enequipo\"},\"sameAs\":[\"https:\/\/www.facebook.com\/SonoraEE\"]}]}<\/script>\n ","yoast_head_json":{"title":"Sonora en Equipo. Realiza INEA Jornada Nacional de Aplicaci\u00f3n de Ex\u00e1menes correspondiente al mes de junio Rep\u00fablica","description":"CIUDAD DE M\u00c9XICO.- La Secretar\u00eda de Educaci\u00f3n P\u00fablica (SEP) informa que el Instituto Nacional para la Educaci\u00f3n de los Adulto(INEA), realizar\u00e1 la Jornada En Sonora en Equipo publicamos toda la informaci\u00f3n de Sonora, M\u00e9xico y el Mundo de manera oportuna y busca que la libertad de expresi\u00f3n sea real. Visita nuestro medio informativo publicado desde Hermosillo, Sonora. %","robots":{"index":"index","follow":"follow","max-snippet":"max-snippet:-1","max-image-preview":"max-image-preview:large","max-video-preview":"max-video-preview:-1"},"canonical":"https:\/\/www.sonoraenequipo.com.mx\/realiza-inea-jornada-nacional-de-aplicacion-de-examenes-correspondiente-al-mes-de-junio\/","og_locale":"es_ES","og_type":"article","og_title":"Sonora en Equipo. Realiza INEA Jornada Nacional de Aplicaci\u00f3n de Ex\u00e1menes correspondiente al mes de junio Rep\u00fablica","og_description":"CIUDAD DE M\u00c9XICO.- La Secretar\u00eda de Educaci\u00f3n P\u00fablica (SEP) informa que el Instituto Nacional para la Educaci\u00f3n de los Adulto(INEA), realizar\u00e1 la Jornada En Sonora en Equipo publicamos toda la informaci\u00f3n de Sonora, M\u00e9xico y el Mundo de manera oportuna y busca que la libertad de expresi\u00f3n sea real. Visita nuestro medio informativo publicado desde Hermosillo, Sonora. %","og_url":"https:\/\/www.sonoraenequipo.com.mx\/realiza-inea-jornada-nacional-de-aplicacion-de-examenes-correspondiente-al-mes-de-junio\/","og_site_name":"Sonora en Equipo.","article_publisher":"https:\/\/www.facebook.com\/SonoraEE\/","article_author":"https:\/\/www.facebook.com\/SonoraEE","article_published_time":"2021-06-19T00:50:20+00:00","article_modified_time":"2021-06-19T05:54:35+00:00","og_image":[{"width":700,"height":400,"url":"https:\/\/www.sonoraenequipo.com.mx\/storage\/2021\/06\/leer-y-escribir_opt.jpg","type":"image\/jpeg"}],"author":"enequipo","twitter_card":"summary_large_image","twitter_creator":"@sonoraenequipo","twitter_site":"@sonoraenequipo","twitter_misc":{"Escrito por":"enequipo","Tiempo de lectura":"3 minutos"},"schema":{"@context":"https:\/\/schema.org","@graph":[{"@type":"Article","@id":"https:\/\/www.sonoraenequipo.com.mx\/realiza-inea-jornada-nacional-de-aplicacion-de-examenes-correspondiente-al-mes-de-junio\/#article","isPartOf":{"@id":"https:\/\/www.sonoraenequipo.com.mx\/realiza-inea-jornada-nacional-de-aplicacion-de-examenes-correspondiente-al-mes-de-junio\/"},"author":{"name":"enequipo","@id":"https:\/\/www.sonoraenequipo.com.mx\/#\/schema\/person\/50102df0fb23a8fa9e8effad8fa81386"},"headline":"Realiza INEA Jornada Nacional de Aplicaci\u00f3n de Ex\u00e1menes correspondiente al mes de junio","datePublished":"2021-06-19T00:50:20+00:00","dateModified":"2021-06-19T05:54:35+00:00","mainEntityOfPage":{"@id":"https:\/\/www.sonoraenequipo.com.mx\/realiza-inea-jornada-nacional-de-aplicacion-de-examenes-correspondiente-al-mes-de-junio\/"},"wordCount":625,"commentCount":0,"publisher":{"@id":"https:\/\/www.sonoraenequipo.com.mx\/#organization"},"image":{"@id":"https:\/\/www.sonoraenequipo.com.mx\/realiza-inea-jornada-nacional-de-aplicacion-de-examenes-correspondiente-al-mes-de-junio\/#primaryimage"},"thumbnailUrl":"https:\/\/www.sonoraenequipo.com.mx\/storage\/2021\/06\/leer-y-escribir_opt.jpg","articleSection":["Rep\u00fablica"],"inLanguage":"es","potentialAction":[{"@type":"CommentAction","name":"Comment","target":["https:\/\/www.sonoraenequipo.com.mx\/realiza-inea-jornada-nacional-de-aplicacion-de-examenes-correspondiente-al-mes-de-junio\/#respond"]}]},{"@type":"WebPage","@id":"https:\/\/www.sonoraenequipo.com.mx\/realiza-inea-jornada-nacional-de-aplicacion-de-examenes-correspondiente-al-mes-de-junio\/","url":"https:\/\/www.sonoraenequipo.com.mx\/realiza-inea-jornada-nacional-de-aplicacion-de-examenes-correspondiente-al-mes-de-junio\/","name":"Sonora en Equipo. Realiza INEA Jornada Nacional de Aplicaci\u00f3n de Ex\u00e1menes correspondiente al mes de junio Rep\u00fablica","isPartOf":{"@id":"https:\/\/www.sonoraenequipo.com.mx\/#website"},"primaryImageOfPage":{"@id":"https:\/\/www.sonoraenequipo.com.mx\/realiza-inea-jornada-nacional-de-aplicacion-de-examenes-correspondiente-al-mes-de-junio\/#primaryimage"},"image":{"@id":"https:\/\/www.sonoraenequipo.com.mx\/realiza-inea-jornada-nacional-de-aplicacion-de-examenes-correspondiente-al-mes-de-junio\/#primaryimage"},"thumbnailUrl":"https:\/\/www.sonoraenequipo.com.mx\/storage\/2021\/06\/leer-y-escribir_opt.jpg","datePublished":"2021-06-19T00:50:20+00:00","dateModified":"2021-06-19T05:54:35+00:00","description":"CIUDAD DE M\u00c9XICO.- La Secretar\u00eda de Educaci\u00f3n P\u00fablica (SEP) informa que el Instituto Nacional para la Educaci\u00f3n de los Adulto(INEA), realizar\u00e1 la Jornada En Sonora en Equipo publicamos toda la informaci\u00f3n de Sonora, M\u00e9xico y el Mundo de manera oportuna y busca que la libertad de expresi\u00f3n sea real. Visita nuestro medio informativo publicado desde Hermosillo, Sonora. %","breadcrumb":{"@id":"https:\/\/www.sonoraenequipo.com.mx\/realiza-inea-jornada-nacional-de-aplicacion-de-examenes-correspondiente-al-mes-de-junio\/#breadcrumb"},"inLanguage":"es","potentialAction":[{"@type":"ReadAction","target":["https:\/\/www.sonoraenequipo.com.mx\/realiza-inea-jornada-nacional-de-aplicacion-de-examenes-correspondiente-al-mes-de-junio\/"]}]},{"@type":"ImageObject","inLanguage":"es","@id":"https:\/\/www.sonoraenequipo.com.mx\/realiza-inea-jornada-nacional-de-aplicacion-de-examenes-correspondiente-al-mes-de-junio\/#primaryimage","url":"https:\/\/www.sonoraenequipo.com.mx\/storage\/2021\/06\/leer-y-escribir_opt.jpg","contentUrl":"https:\/\/www.sonoraenequipo.com.mx\/storage\/2021\/06\/leer-y-escribir_opt.jpg","width":700,"height":400},{"@type":"BreadcrumbList","@id":"https:\/\/www.sonoraenequipo.com.mx\/realiza-inea-jornada-nacional-de-aplicacion-de-examenes-correspondiente-al-mes-de-junio\/#breadcrumb","itemListElement":[{"@type":"ListItem","position":1,"name":"Portada","item":"https:\/\/www.sonoraenequipo.com.mx\/"},{"@type":"ListItem","position":2,"name":"Realiza INEA Jornada Nacional de Aplicaci\u00f3n de Ex\u00e1menes correspondiente al mes de junio"}]},{"@type":"WebSite","@id":"https:\/\/www.sonoraenequipo.com.mx\/#website","url":"https:\/\/www.sonoraenequipo.com.mx\/","name":"Sonora en Equipo.","description":"Diario en l\u00ednea con Noticias desde Hermosillo, Sonora","publisher":{"@id":"https:\/\/www.sonoraenequipo.com.mx\/#organization"},"potentialAction":[{"@type":"SearchAction","target":{"@type":"EntryPoint","urlTemplate":"https:\/\/www.sonoraenequipo.com.mx\/?s={search_term_string}"},"query-input":{"@type":"PropertyValueSpecification","valueRequired":true,"valueName":"search_term_string"}}],"inLanguage":"es"},{"@type":"Organization","@id":"https:\/\/www.sonoraenequipo.com.mx\/#organization","name":"Sonoraenequipo.com.mx","url":"https:\/\/www.sonoraenequipo.com.mx\/","logo":{"@type":"ImageObject","inLanguage":"es","@id":"https:\/\/www.sonoraenequipo.com.mx\/#\/schema\/logo\/image\/","url":"https:\/\/www.sonoraenequipo.com.mx\/storage\/2019\/01\/sonoraenequipo_opt.png","contentUrl":"https:\/\/www.sonoraenequipo.com.mx\/storage\/2019\/01\/sonoraenequipo_opt.png","width":375,"height":125,"caption":"Sonoraenequipo.com.mx"},"image":{"@id":"https:\/\/www.sonoraenequipo.com.mx\/#\/schema\/logo\/image\/"},"sameAs":["https:\/\/www.facebook.com\/SonoraEE\/","https:\/\/x.com\/sonoraenequipo","https:\/\/www.youtube.com\/channel\/UC338nW-lPEYmJQs4ZABQ1SQ"]},{"@type":"Person","@id":"https:\/\/www.sonoraenequipo.com.mx\/#\/schema\/person\/50102df0fb23a8fa9e8effad8fa81386","name":"enequipo","image":{"@type":"ImageObject","inLanguage":"es","@id":"https:\/\/www.sonoraenequipo.com.mx\/#\/schema\/person\/image\/","url":"https:\/\/secure.gravatar.com\/avatar\/049821681b589dabc0bc20695993ccebb09f5b5d4d790cd9251b97faac7c652b?s=96&d=blank&r=g","contentUrl":"https:\/\/secure.gravatar.com\/avatar\/049821681b589dabc0bc20695993ccebb09f5b5d4d790cd9251b97faac7c652b?s=96&d=blank&r=g","caption":"enequipo"},"sameAs":["https:\/\/www.facebook.com\/SonoraEE"]}]}},"jetpack_featured_media_url":"https:\/\/www.sonoraenequipo.com.mx\/storage\/2021\/06\/leer-y-escribir_opt.jpg","_links":{"self":[{"href":"https:\/\/www.sonoraenequipo.com.mx\/api\/wp\/v2\/posts\/116733","targetHints":{"allow":["GET"]}}],"collection":[{"href":"https:\/\/www.sonoraenequipo.com.mx\/api\/wp\/v2\/posts"}],"about":[{"href":"https:\/\/www.sonoraenequipo.com.mx\/api\/wp\/v2\/types\/post"}],"author":[{"embeddable":true,"href":"https:\/\/www.sonoraenequipo.com.mx\/api\/wp\/v2\/users\/1"}],"replies":[{"embeddable":true,"href":"https:\/\/www.sonoraenequipo.com.mx\/api\/wp\/v2\/comments?post=116733"}],"version-history":[{"count":1,"href":"https:\/\/www.sonoraenequipo.com.mx\/api\/wp\/v2\/posts\/116733\/revisions"}],"predecessor-version":[{"id":116734,"href":"https:\/\/www.sonoraenequipo.com.mx\/api\/wp\/v2\/posts\/116733\/revisions\/116734"}],"wp:featuredmedia":[{"embeddable":true,"href":"https:\/\/www.sonoraenequipo.com.mx\/api\/wp\/v2\/media\/116718"}],"wp:attachment":[{"href":"https:\/\/www.sonoraenequipo.com.mx\/api\/wp\/v2\/media?parent=116733"}],"wp:term":[{"taxonomy":"category","embeddable":true,"href":"https:\/\/www.sonoraenequipo.com.mx\/api\/wp\/v2\/categories?post=116733"},{"taxonomy":"post_tag","embeddable":true,"href":"https:\/\/www.sonoraenequipo.com.mx\/api\/wp\/v2\/tags?post=116733"}],"curies":[{"name":"wp","href":"https:\/\/api.w.org\/{rel}","templated":true}]}}