{"id":116848,"date":"2021-06-21T20:25:50","date_gmt":"2021-06-22T03:25:50","guid":{"rendered":"https:\/\/www.sonoraenequipo.com.mx\/?p=116848"},"modified":"2021-06-21T17:54:40","modified_gmt":"2021-06-22T00:54:40","slug":"actividad-geologica-en-la-tierra-tendria-un-pulso-cada-27-millones-de-anos","status":"publish","type":"post","link":"https:\/\/www.sonoraenequipo.com.mx\/actividad-geologica-en-la-tierra-tendria-un-pulso-cada-27-millones-de-anos\/","title":{"rendered":"Actividad geol\u00f3gica en la Tierra tendr\u00eda un \u201cpulso\u201d cada 27 millones de a\u00f1os"},"content":{"rendered":"<p>MADRID, ESPA\u00d1A. \u2014 La actividad geol\u00f3gica en la Tierra parece seguir un ciclo de 27.5 millones de a\u00f1os, lo que le da al planeta un \u201cpulso\u201d, seg\u00fan un nuevo estudio publicado en la revista Geoscience Frontiers.<\/p>\n<p>&nbsp;<\/p>\n<p>&nbsp;<\/p>\n<p> <\/p>\n<p>&nbsp;<\/p>\n<p><em>\u201cMuchos ge\u00f3logos creen que los eventos geol\u00f3gicos son aleatorios a lo largo del tiempo. Pero nuestro estudio proporciona evidencia estad\u00edstica para un ciclo com\u00fan, lo que sugiere que estos eventos geol\u00f3gicos est\u00e1n correlacionados y no son aleatorios\u201d<\/em>, dijo Michael Rampino, ge\u00f3logo y profesor del Departamento de Biolog\u00eda de la Universidad de Nueva York, as\u00ed como el autor principal del estudio.<\/p>\n<p>&nbsp;<\/p>\n<p>&nbsp;<\/p>\n<p>Durante las \u00faltimas cinco d\u00e9cadas, los investigadores han propuesto ciclos de eventos geol\u00f3gicos importantes, incluida la actividad volc\u00e1nica y las extinciones masivas en tierra y mar, que van desde aproximadamente 26 a 36 millones de a\u00f1os. Pero el trabajo inicial sobre estas correlaciones en el registro geol\u00f3gico se vio obstaculizado por las limitaciones en la dataci\u00f3n por edad de los eventos geol\u00f3gicos, lo que impidi\u00f3 a los cient\u00edficos realizar investigaciones cuantitativas.<\/p>\n<p>&nbsp;<\/p>\n<p>&nbsp;<\/p>\n<p>Sin embargo, ha habido mejoras significativas en las t\u00e9cnicas de dataci\u00f3n radioisot\u00f3pica y cambios en la escala de tiempo geol\u00f3gica, lo que ha llevado a nuevos datos sobre la sincronizaci\u00f3n de eventos pasados. Utilizando los \u00faltimos datos de dataci\u00f3n por edades disponibles, Rampino y sus colegas recopilaron registros actualizados de los principales eventos geol\u00f3gicos durante los \u00faltimos 260 millones de a\u00f1os y realizaron nuevos an\u00e1lisis.<\/p>\n<p>&nbsp;<\/p>\n<p>&nbsp;<\/p>\n<p>El equipo analiz\u00f3 las edades de 89 eventos geol\u00f3gicos importantes bien fechados de los \u00faltimos 260 millones de a\u00f1os. Estos eventos incluyen extinciones marinas y terrestres, grandes derrames volc\u00e1nicos de lava llamados erupciones de inundaci\u00f3n de basalto, eventos en los que los oc\u00e9anos se agotaron de ox\u00edgeno, fluctuaciones del nivel del mar y cambios o reorganizaci\u00f3n en las placas tect\u00f3nicas de la Tierra.<\/p>\n<p>&nbsp;<\/p>\n<p>Descubrieron que estos eventos geol\u00f3gicos globales generalmente se agrupan en 10 puntos de tiempo diferentes durante los 260 millones de a\u00f1os, agrupados en picos o pulsos de aproximadamente 27.5 millones de a\u00f1os de diferencia. El c\u00famulo m\u00e1s reciente de eventos geol\u00f3gicos ocurri\u00f3 hace aproximadamente siete millones de a\u00f1os, lo que sugiere que el pr\u00f3ximo pulso de actividad geol\u00f3gica importante queda a m\u00e1s de 20 millones de a\u00f1os en el futuro.<\/p>\n<p>&nbsp;<\/p>\n<p>&nbsp;<\/p>\n<p>Los investigadores postulan que estos pulsos pueden ser una funci\u00f3n de ciclos de actividad en el interior de la Tierra, procesos geof\u00edsicos relacionados con la din\u00e1mica de la tect\u00f3nica de placas y el clima. Sin embargo, ciclos similares en la \u00f3rbita de la Tierra en el espacio tambi\u00e9n podr\u00edan estar marcando el ritmo de estos eventos.<\/p>\n<p>&nbsp;<\/p>\n<p>&nbsp;<\/p>\n<p><em>\u201cCualquiera que sea el origen de estos episodios c\u00edclicos, nuestros hallazgos apoyan el caso de un registro geol\u00f3gico en gran medida peri\u00f3dico, coordinado e intermitentemente catastr\u00f3fico, que se aparta de las opiniones de muchos ge\u00f3logos\u201d,<\/em> explic\u00f3 Rampino.<\/p>\n<p><a class=\"twitter-timeline\" data-width=\"640\" data-height=\"960\" data-dnt=\"true\" href=\"https:\/\/twitter.com\/geocastaway?ref_src=twsrc%5Etfw\">Tweets by geocastaway<\/a><script async src=\"https:\/\/platform.twitter.com\/widgets.js\" charset=\"utf-8\"><\/script><\/p>\n<p>&nbsp;<\/p>\n<p>(Publicada el 21\/06\/2021\/Agencias Europa Press)<\/p>\n","protected":false},"excerpt":{"rendered":"<p>MADRID, ESPA\u00d1A. \u2014 La actividad geol\u00f3gica en la Tierra parece seguir un ciclo de 27.5&#8230;<\/p>\n","protected":false},"author":1,"featured_media":116857,"comment_status":"open","ping_status":"open","sticky":false,"template":"","format":"standard","meta":{"_monsterinsights_skip_tracking":false,"_monsterinsights_sitenote_active":false,"_monsterinsights_sitenote_note":"","_monsterinsights_sitenote_category":0,"footnotes":""},"categories":[2216],"tags":[],"class_list":["post"],"yoast_head":" \n<title>Sonora en Equipo. Actividad geol\u00f3gica en la Tierra tendr\u00eda un \u201cpulso\u201d cada 27 millones de a\u00f1os Ciencia y Tecnolog\u00eda<\/title>\n<meta name=\"description\" content=\"MADRID, ESPA\u00d1A. \u2014 La actividad geol\u00f3gica en la Tierra parece seguir un ciclo de 27.5 millones de a\u00f1os, lo que le da al planeta un \u201cpulso\u201d, seg\u00fan un nuevo En Sonora en Equipo publicamos toda la informaci\u00f3n de Sonora, M\u00e9xico y el Mundo de manera oportuna y busca que la libertad de expresi\u00f3n sea real. Visita nuestro medio informativo publicado desde Hermosillo, Sonora. %\" \/>\n<meta name=\"robots\" content=\"index, follow, max-snippet:-1, max-image-preview:large, max-video-preview:-1\" \/>\n<link rel=\"canonical\" href=\"https:\/\/www.sonoraenequipo.com.mx\/actividad-geologica-en-la-tierra-tendria-un-pulso-cada-27-millones-de-anos\/\" \/>\n<meta property=\"og:locale\" content=\"es_ES\" \/>\n<meta property=\"og:type\" content=\"article\" \/>\n<meta property=\"og:title\" content=\"Sonora en Equipo. Actividad geol\u00f3gica en la Tierra tendr\u00eda un \u201cpulso\u201d cada 27 millones de a\u00f1os Ciencia y Tecnolog\u00eda\" \/>\n<meta property=\"og:description\" content=\"MADRID, ESPA\u00d1A. \u2014 La actividad geol\u00f3gica en la Tierra parece seguir un ciclo de 27.5 millones de a\u00f1os, lo que le da al planeta un \u201cpulso\u201d, seg\u00fan un nuevo En Sonora en Equipo publicamos toda la informaci\u00f3n de Sonora, M\u00e9xico y el Mundo de manera oportuna y busca que la libertad de expresi\u00f3n sea real. Visita nuestro medio informativo publicado desde Hermosillo, Sonora. %\" \/>\n<meta property=\"og:url\" content=\"https:\/\/www.sonoraenequipo.com.mx\/actividad-geologica-en-la-tierra-tendria-un-pulso-cada-27-millones-de-anos\/\" \/>\n<meta property=\"og:site_name\" content=\"Sonora en Equipo.\" \/>\n<meta property=\"article:publisher\" content=\"https:\/\/www.facebook.com\/SonoraEE\/\" \/>\n<meta property=\"article:author\" content=\"https:\/\/www.facebook.com\/SonoraEE\" \/>\n<meta property=\"article:published_time\" content=\"2021-06-22T03:25:50+00:00\" \/>\n<meta property=\"og:image\" content=\"https:\/\/www.sonoraenequipo.com.mx\/storage\/2021\/06\/2500millones-de-anos_opt.jpg\" \/>\n\t<meta property=\"og:image:width\" content=\"700\" \/>\n\t<meta property=\"og:image:height\" content=\"400\" \/>\n\t<meta property=\"og:image:type\" content=\"image\/jpeg\" \/>\n<meta name=\"author\" content=\"enequipo\" \/>\n<meta name=\"twitter:card\" content=\"summary_large_image\" \/>\n<meta name=\"twitter:creator\" content=\"@sonoraenequipo\" \/>\n<meta name=\"twitter:site\" content=\"@sonoraenequipo\" \/>\n<meta name=\"twitter:label1\" content=\"Escrito por\" \/>\n\t<meta name=\"twitter:data1\" content=\"enequipo\" \/>\n\t<meta name=\"twitter:label2\" content=\"Tiempo de lectura\" \/>\n\t<meta name=\"twitter:data2\" content=\"3 minutos\" \/>\n<script type=\"application\/ld+json\" class=\"yoast-schema-graph\">{\"@context\":\"https:\/\/schema.org\",\"@graph\":[{\"@type\":\"Article\",\"@id\":\"https:\/\/www.sonoraenequipo.com.mx\/actividad-geologica-en-la-tierra-tendria-un-pulso-cada-27-millones-de-anos\/#article\",\"isPartOf\":{\"@id\":\"https:\/\/www.sonoraenequipo.com.mx\/actividad-geologica-en-la-tierra-tendria-un-pulso-cada-27-millones-de-anos\/\"},\"author\":{\"name\":\"enequipo\",\"@id\":\"https:\/\/www.sonoraenequipo.com.mx\/#\/schema\/person\/50102df0fb23a8fa9e8effad8fa81386\"},\"headline\":\"Actividad geol\u00f3gica en la Tierra tendr\u00eda un \u201cpulso\u201d cada 27 millones de a\u00f1os\",\"datePublished\":\"2021-06-22T03:25:50+00:00\",\"mainEntityOfPage\":{\"@id\":\"https:\/\/www.sonoraenequipo.com.mx\/actividad-geologica-en-la-tierra-tendria-un-pulso-cada-27-millones-de-anos\/\"},\"wordCount\":545,\"commentCount\":0,\"publisher\":{\"@id\":\"https:\/\/www.sonoraenequipo.com.mx\/#organization\"},\"image\":{\"@id\":\"https:\/\/www.sonoraenequipo.com.mx\/actividad-geologica-en-la-tierra-tendria-un-pulso-cada-27-millones-de-anos\/#primaryimage\"},\"thumbnailUrl\":\"https:\/\/www.sonoraenequipo.com.mx\/storage\/2021\/06\/2500millones-de-anos_opt.jpg\",\"articleSection\":[\"Ciencia y Tecnolog\u00eda\"],\"inLanguage\":\"es\",\"potentialAction\":[{\"@type\":\"CommentAction\",\"name\":\"Comment\",\"target\":[\"https:\/\/www.sonoraenequipo.com.mx\/actividad-geologica-en-la-tierra-tendria-un-pulso-cada-27-millones-de-anos\/#respond\"]}]},{\"@type\":\"WebPage\",\"@id\":\"https:\/\/www.sonoraenequipo.com.mx\/actividad-geologica-en-la-tierra-tendria-un-pulso-cada-27-millones-de-anos\/\",\"url\":\"https:\/\/www.sonoraenequipo.com.mx\/actividad-geologica-en-la-tierra-tendria-un-pulso-cada-27-millones-de-anos\/\",\"name\":\"Sonora en Equipo. Actividad geol\u00f3gica en la Tierra tendr\u00eda un \u201cpulso\u201d cada 27 millones de a\u00f1os Ciencia y Tecnolog\u00eda\",\"isPartOf\":{\"@id\":\"https:\/\/www.sonoraenequipo.com.mx\/#website\"},\"primaryImageOfPage\":{\"@id\":\"https:\/\/www.sonoraenequipo.com.mx\/actividad-geologica-en-la-tierra-tendria-un-pulso-cada-27-millones-de-anos\/#primaryimage\"},\"image\":{\"@id\":\"https:\/\/www.sonoraenequipo.com.mx\/actividad-geologica-en-la-tierra-tendria-un-pulso-cada-27-millones-de-anos\/#primaryimage\"},\"thumbnailUrl\":\"https:\/\/www.sonoraenequipo.com.mx\/storage\/2021\/06\/2500millones-de-anos_opt.jpg\",\"datePublished\":\"2021-06-22T03:25:50+00:00\",\"description\":\"MADRID, ESPA\u00d1A. \u2014 La actividad geol\u00f3gica en la Tierra parece seguir un ciclo de 27.5 millones de a\u00f1os, lo que le da al planeta un \u201cpulso\u201d, seg\u00fan un nuevo En Sonora en Equipo publicamos toda la informaci\u00f3n de Sonora, M\u00e9xico y el Mundo de manera oportuna y busca que la libertad de expresi\u00f3n sea real. Visita nuestro medio informativo publicado desde Hermosillo, Sonora. %\",\"breadcrumb\":{\"@id\":\"https:\/\/www.sonoraenequipo.com.mx\/actividad-geologica-en-la-tierra-tendria-un-pulso-cada-27-millones-de-anos\/#breadcrumb\"},\"inLanguage\":\"es\",\"potentialAction\":[{\"@type\":\"ReadAction\",\"target\":[\"https:\/\/www.sonoraenequipo.com.mx\/actividad-geologica-en-la-tierra-tendria-un-pulso-cada-27-millones-de-anos\/\"]}]},{\"@type\":\"ImageObject\",\"inLanguage\":\"es\",\"@id\":\"https:\/\/www.sonoraenequipo.com.mx\/actividad-geologica-en-la-tierra-tendria-un-pulso-cada-27-millones-de-anos\/#primaryimage\",\"url\":\"https:\/\/www.sonoraenequipo.com.mx\/storage\/2021\/06\/2500millones-de-anos_opt.jpg\",\"contentUrl\":\"https:\/\/www.sonoraenequipo.com.mx\/storage\/2021\/06\/2500millones-de-anos_opt.jpg\",\"width\":700,\"height\":400},{\"@type\":\"BreadcrumbList\",\"@id\":\"https:\/\/www.sonoraenequipo.com.mx\/actividad-geologica-en-la-tierra-tendria-un-pulso-cada-27-millones-de-anos\/#breadcrumb\",\"itemListElement\":[{\"@type\":\"ListItem\",\"position\":1,\"name\":\"Portada\",\"item\":\"https:\/\/www.sonoraenequipo.com.mx\/\"},{\"@type\":\"ListItem\",\"position\":2,\"name\":\"Actividad geol\u00f3gica en la Tierra tendr\u00eda un \u201cpulso\u201d cada 27 millones de a\u00f1os\"}]},{\"@type\":\"WebSite\",\"@id\":\"https:\/\/www.sonoraenequipo.com.mx\/#website\",\"url\":\"https:\/\/www.sonoraenequipo.com.mx\/\",\"name\":\"Sonora en Equipo.\",\"description\":\"Diario en l\u00ednea con Noticias desde Hermosillo, Sonora\",\"publisher\":{\"@id\":\"https:\/\/www.sonoraenequipo.com.mx\/#organization\"},\"potentialAction\":[{\"@type\":\"SearchAction\",\"target\":{\"@type\":\"EntryPoint\",\"urlTemplate\":\"https:\/\/www.sonoraenequipo.com.mx\/?s={search_term_string}\"},\"query-input\":{\"@type\":\"PropertyValueSpecification\",\"valueRequired\":true,\"valueName\":\"search_term_string\"}}],\"inLanguage\":\"es\"},{\"@type\":\"Organization\",\"@id\":\"https:\/\/www.sonoraenequipo.com.mx\/#organization\",\"name\":\"Sonoraenequipo.com.mx\",\"url\":\"https:\/\/www.sonoraenequipo.com.mx\/\",\"logo\":{\"@type\":\"ImageObject\",\"inLanguage\":\"es\",\"@id\":\"https:\/\/www.sonoraenequipo.com.mx\/#\/schema\/logo\/image\/\",\"url\":\"https:\/\/www.sonoraenequipo.com.mx\/storage\/2019\/01\/sonoraenequipo_opt.png\",\"contentUrl\":\"https:\/\/www.sonoraenequipo.com.mx\/storage\/2019\/01\/sonoraenequipo_opt.png\",\"width\":375,\"height\":125,\"caption\":\"Sonoraenequipo.com.mx\"},\"image\":{\"@id\":\"https:\/\/www.sonoraenequipo.com.mx\/#\/schema\/logo\/image\/\"},\"sameAs\":[\"https:\/\/www.facebook.com\/SonoraEE\/\",\"https:\/\/x.com\/sonoraenequipo\",\"https:\/\/www.youtube.com\/channel\/UC338nW-lPEYmJQs4ZABQ1SQ\"]},{\"@type\":\"Person\",\"@id\":\"https:\/\/www.sonoraenequipo.com.mx\/#\/schema\/person\/50102df0fb23a8fa9e8effad8fa81386\",\"name\":\"enequipo\",\"image\":{\"@type\":\"ImageObject\",\"inLanguage\":\"es\",\"@id\":\"https:\/\/www.sonoraenequipo.com.mx\/#\/schema\/person\/image\/\",\"url\":\"https:\/\/secure.gravatar.com\/avatar\/049821681b589dabc0bc20695993ccebb09f5b5d4d790cd9251b97faac7c652b?s=96&d=blank&r=g\",\"contentUrl\":\"https:\/\/secure.gravatar.com\/avatar\/049821681b589dabc0bc20695993ccebb09f5b5d4d790cd9251b97faac7c652b?s=96&d=blank&r=g\",\"caption\":\"enequipo\"},\"sameAs\":[\"https:\/\/www.facebook.com\/SonoraEE\"]}]}<\/script>\n ","yoast_head_json":{"title":"Sonora en Equipo. Actividad geol\u00f3gica en la Tierra tendr\u00eda un \u201cpulso\u201d cada 27 millones de a\u00f1os Ciencia y Tecnolog\u00eda","description":"MADRID, ESPA\u00d1A. \u2014 La actividad geol\u00f3gica en la Tierra parece seguir un ciclo de 27.5 millones de a\u00f1os, lo que le da al planeta un \u201cpulso\u201d, seg\u00fan un nuevo En Sonora en Equipo publicamos toda la informaci\u00f3n de Sonora, M\u00e9xico y el Mundo de manera oportuna y busca que la libertad de expresi\u00f3n sea real. Visita nuestro medio informativo publicado desde Hermosillo, Sonora. %","robots":{"index":"index","follow":"follow","max-snippet":"max-snippet:-1","max-image-preview":"max-image-preview:large","max-video-preview":"max-video-preview:-1"},"canonical":"https:\/\/www.sonoraenequipo.com.mx\/actividad-geologica-en-la-tierra-tendria-un-pulso-cada-27-millones-de-anos\/","og_locale":"es_ES","og_type":"article","og_title":"Sonora en Equipo. Actividad geol\u00f3gica en la Tierra tendr\u00eda un \u201cpulso\u201d cada 27 millones de a\u00f1os Ciencia y Tecnolog\u00eda","og_description":"MADRID, ESPA\u00d1A. \u2014 La actividad geol\u00f3gica en la Tierra parece seguir un ciclo de 27.5 millones de a\u00f1os, lo que le da al planeta un \u201cpulso\u201d, seg\u00fan un nuevo En Sonora en Equipo publicamos toda la informaci\u00f3n de Sonora, M\u00e9xico y el Mundo de manera oportuna y busca que la libertad de expresi\u00f3n sea real. Visita nuestro medio informativo publicado desde Hermosillo, Sonora. %","og_url":"https:\/\/www.sonoraenequipo.com.mx\/actividad-geologica-en-la-tierra-tendria-un-pulso-cada-27-millones-de-anos\/","og_site_name":"Sonora en Equipo.","article_publisher":"https:\/\/www.facebook.com\/SonoraEE\/","article_author":"https:\/\/www.facebook.com\/SonoraEE","article_published_time":"2021-06-22T03:25:50+00:00","og_image":[{"width":700,"height":400,"url":"https:\/\/www.sonoraenequipo.com.mx\/storage\/2021\/06\/2500millones-de-anos_opt.jpg","type":"image\/jpeg"}],"author":"enequipo","twitter_card":"summary_large_image","twitter_creator":"@sonoraenequipo","twitter_site":"@sonoraenequipo","twitter_misc":{"Escrito por":"enequipo","Tiempo de lectura":"3 minutos"},"schema":{"@context":"https:\/\/schema.org","@graph":[{"@type":"Article","@id":"https:\/\/www.sonoraenequipo.com.mx\/actividad-geologica-en-la-tierra-tendria-un-pulso-cada-27-millones-de-anos\/#article","isPartOf":{"@id":"https:\/\/www.sonoraenequipo.com.mx\/actividad-geologica-en-la-tierra-tendria-un-pulso-cada-27-millones-de-anos\/"},"author":{"name":"enequipo","@id":"https:\/\/www.sonoraenequipo.com.mx\/#\/schema\/person\/50102df0fb23a8fa9e8effad8fa81386"},"headline":"Actividad geol\u00f3gica en la Tierra tendr\u00eda un \u201cpulso\u201d cada 27 millones de a\u00f1os","datePublished":"2021-06-22T03:25:50+00:00","mainEntityOfPage":{"@id":"https:\/\/www.sonoraenequipo.com.mx\/actividad-geologica-en-la-tierra-tendria-un-pulso-cada-27-millones-de-anos\/"},"wordCount":545,"commentCount":0,"publisher":{"@id":"https:\/\/www.sonoraenequipo.com.mx\/#organization"},"image":{"@id":"https:\/\/www.sonoraenequipo.com.mx\/actividad-geologica-en-la-tierra-tendria-un-pulso-cada-27-millones-de-anos\/#primaryimage"},"thumbnailUrl":"https:\/\/www.sonoraenequipo.com.mx\/storage\/2021\/06\/2500millones-de-anos_opt.jpg","articleSection":["Ciencia y Tecnolog\u00eda"],"inLanguage":"es","potentialAction":[{"@type":"CommentAction","name":"Comment","target":["https:\/\/www.sonoraenequipo.com.mx\/actividad-geologica-en-la-tierra-tendria-un-pulso-cada-27-millones-de-anos\/#respond"]}]},{"@type":"WebPage","@id":"https:\/\/www.sonoraenequipo.com.mx\/actividad-geologica-en-la-tierra-tendria-un-pulso-cada-27-millones-de-anos\/","url":"https:\/\/www.sonoraenequipo.com.mx\/actividad-geologica-en-la-tierra-tendria-un-pulso-cada-27-millones-de-anos\/","name":"Sonora en Equipo. Actividad geol\u00f3gica en la Tierra tendr\u00eda un \u201cpulso\u201d cada 27 millones de a\u00f1os Ciencia y Tecnolog\u00eda","isPartOf":{"@id":"https:\/\/www.sonoraenequipo.com.mx\/#website"},"primaryImageOfPage":{"@id":"https:\/\/www.sonoraenequipo.com.mx\/actividad-geologica-en-la-tierra-tendria-un-pulso-cada-27-millones-de-anos\/#primaryimage"},"image":{"@id":"https:\/\/www.sonoraenequipo.com.mx\/actividad-geologica-en-la-tierra-tendria-un-pulso-cada-27-millones-de-anos\/#primaryimage"},"thumbnailUrl":"https:\/\/www.sonoraenequipo.com.mx\/storage\/2021\/06\/2500millones-de-anos_opt.jpg","datePublished":"2021-06-22T03:25:50+00:00","description":"MADRID, ESPA\u00d1A. \u2014 La actividad geol\u00f3gica en la Tierra parece seguir un ciclo de 27.5 millones de a\u00f1os, lo que le da al planeta un \u201cpulso\u201d, seg\u00fan un nuevo En Sonora en Equipo publicamos toda la informaci\u00f3n de Sonora, M\u00e9xico y el Mundo de manera oportuna y busca que la libertad de expresi\u00f3n sea real. Visita nuestro medio informativo publicado desde Hermosillo, Sonora. %","breadcrumb":{"@id":"https:\/\/www.sonoraenequipo.com.mx\/actividad-geologica-en-la-tierra-tendria-un-pulso-cada-27-millones-de-anos\/#breadcrumb"},"inLanguage":"es","potentialAction":[{"@type":"ReadAction","target":["https:\/\/www.sonoraenequipo.com.mx\/actividad-geologica-en-la-tierra-tendria-un-pulso-cada-27-millones-de-anos\/"]}]},{"@type":"ImageObject","inLanguage":"es","@id":"https:\/\/www.sonoraenequipo.com.mx\/actividad-geologica-en-la-tierra-tendria-un-pulso-cada-27-millones-de-anos\/#primaryimage","url":"https:\/\/www.sonoraenequipo.com.mx\/storage\/2021\/06\/2500millones-de-anos_opt.jpg","contentUrl":"https:\/\/www.sonoraenequipo.com.mx\/storage\/2021\/06\/2500millones-de-anos_opt.jpg","width":700,"height":400},{"@type":"BreadcrumbList","@id":"https:\/\/www.sonoraenequipo.com.mx\/actividad-geologica-en-la-tierra-tendria-un-pulso-cada-27-millones-de-anos\/#breadcrumb","itemListElement":[{"@type":"ListItem","position":1,"name":"Portada","item":"https:\/\/www.sonoraenequipo.com.mx\/"},{"@type":"ListItem","position":2,"name":"Actividad geol\u00f3gica en la Tierra tendr\u00eda un \u201cpulso\u201d cada 27 millones de a\u00f1os"}]},{"@type":"WebSite","@id":"https:\/\/www.sonoraenequipo.com.mx\/#website","url":"https:\/\/www.sonoraenequipo.com.mx\/","name":"Sonora en Equipo.","description":"Diario en l\u00ednea con Noticias desde Hermosillo, Sonora","publisher":{"@id":"https:\/\/www.sonoraenequipo.com.mx\/#organization"},"potentialAction":[{"@type":"SearchAction","target":{"@type":"EntryPoint","urlTemplate":"https:\/\/www.sonoraenequipo.com.mx\/?s={search_term_string}"},"query-input":{"@type":"PropertyValueSpecification","valueRequired":true,"valueName":"search_term_string"}}],"inLanguage":"es"},{"@type":"Organization","@id":"https:\/\/www.sonoraenequipo.com.mx\/#organization","name":"Sonoraenequipo.com.mx","url":"https:\/\/www.sonoraenequipo.com.mx\/","logo":{"@type":"ImageObject","inLanguage":"es","@id":"https:\/\/www.sonoraenequipo.com.mx\/#\/schema\/logo\/image\/","url":"https:\/\/www.sonoraenequipo.com.mx\/storage\/2019\/01\/sonoraenequipo_opt.png","contentUrl":"https:\/\/www.sonoraenequipo.com.mx\/storage\/2019\/01\/sonoraenequipo_opt.png","width":375,"height":125,"caption":"Sonoraenequipo.com.mx"},"image":{"@id":"https:\/\/www.sonoraenequipo.com.mx\/#\/schema\/logo\/image\/"},"sameAs":["https:\/\/www.facebook.com\/SonoraEE\/","https:\/\/x.com\/sonoraenequipo","https:\/\/www.youtube.com\/channel\/UC338nW-lPEYmJQs4ZABQ1SQ"]},{"@type":"Person","@id":"https:\/\/www.sonoraenequipo.com.mx\/#\/schema\/person\/50102df0fb23a8fa9e8effad8fa81386","name":"enequipo","image":{"@type":"ImageObject","inLanguage":"es","@id":"https:\/\/www.sonoraenequipo.com.mx\/#\/schema\/person\/image\/","url":"https:\/\/secure.gravatar.com\/avatar\/049821681b589dabc0bc20695993ccebb09f5b5d4d790cd9251b97faac7c652b?s=96&d=blank&r=g","contentUrl":"https:\/\/secure.gravatar.com\/avatar\/049821681b589dabc0bc20695993ccebb09f5b5d4d790cd9251b97faac7c652b?s=96&d=blank&r=g","caption":"enequipo"},"sameAs":["https:\/\/www.facebook.com\/SonoraEE"]}]}},"jetpack_featured_media_url":"https:\/\/www.sonoraenequipo.com.mx\/storage\/2021\/06\/2500millones-de-anos_opt.jpg","_links":{"self":[{"href":"https:\/\/www.sonoraenequipo.com.mx\/api\/wp\/v2\/posts\/116848","targetHints":{"allow":["GET"]}}],"collection":[{"href":"https:\/\/www.sonoraenequipo.com.mx\/api\/wp\/v2\/posts"}],"about":[{"href":"https:\/\/www.sonoraenequipo.com.mx\/api\/wp\/v2\/types\/post"}],"author":[{"embeddable":true,"href":"https:\/\/www.sonoraenequipo.com.mx\/api\/wp\/v2\/users\/1"}],"replies":[{"embeddable":true,"href":"https:\/\/www.sonoraenequipo.com.mx\/api\/wp\/v2\/comments?post=116848"}],"version-history":[{"count":1,"href":"https:\/\/www.sonoraenequipo.com.mx\/api\/wp\/v2\/posts\/116848\/revisions"}],"predecessor-version":[{"id":116858,"href":"https:\/\/www.sonoraenequipo.com.mx\/api\/wp\/v2\/posts\/116848\/revisions\/116858"}],"wp:featuredmedia":[{"embeddable":true,"href":"https:\/\/www.sonoraenequipo.com.mx\/api\/wp\/v2\/media\/116857"}],"wp:attachment":[{"href":"https:\/\/www.sonoraenequipo.com.mx\/api\/wp\/v2\/media?parent=116848"}],"wp:term":[{"taxonomy":"category","embeddable":true,"href":"https:\/\/www.sonoraenequipo.com.mx\/api\/wp\/v2\/categories?post=116848"},{"taxonomy":"post_tag","embeddable":true,"href":"https:\/\/www.sonoraenequipo.com.mx\/api\/wp\/v2\/tags?post=116848"}],"curies":[{"name":"wp","href":"https:\/\/api.w.org\/{rel}","templated":true}]}}