{"id":116896,"date":"2021-06-22T16:02:22","date_gmt":"2021-06-22T23:02:22","guid":{"rendered":"https:\/\/www.sonoraenequipo.com.mx\/?p=116896"},"modified":"2021-06-23T08:27:24","modified_gmt":"2021-06-23T15:27:24","slug":"invita-gobernadora-a-aplicarse-esquema-completo-de-vacuna-covid-19-conforme-al-calendario","status":"publish","type":"post","link":"https:\/\/www.sonoraenequipo.com.mx\/invita-gobernadora-a-aplicarse-esquema-completo-de-vacuna-covid-19-conforme-al-calendario\/","title":{"rendered":"Invita Gobernadora a aplicarse esquema completo de vacuna COVID-19 conforme al calendario"},"content":{"rendered":"<p>HERMOSILLO, SONORA,MX.\u2500\u2500 . Un llamado a acudir a aplicarse el esquema completo de vacunaci\u00f3n contra COVID-19 hizo la gobernadora Claudia Pavlovich Arellano, con el fin de reforzar en la entidad la lucha contra la pandemia.<\/p>\n<p>&nbsp;<\/p>\n<p>La gobernadora Pavlovich indic\u00f3 que en coordinaci\u00f3n con las autoridades federales se realiza un gran esfuerzo para aplicar el biol\u00f3gico contra el COVID-19, por lo que pidi\u00f3 a la poblaci\u00f3n estar muy atenta a la calendarizaci\u00f3n y la disponibilidad del biol\u00f3gico para que acudan a vacunarse.<\/p>\n<p>&nbsp;<\/p>\n<p>\u201cQuiero ser muy clara, muy concreta, diciendo las cosas como son, porque despu\u00e9s no vamos a saber qu\u00e9 hacer si no tenemos el esquema de vacunaci\u00f3n completo\u201d, subray\u00f3.<\/p>\n<p>&nbsp;<\/p>\n<p>Al reiterar el llamado a vacunarse contra COVID-19, conforme lo se\u00f1alen las autoridades encargadas de este proceso, la gobernadora Pavlovich pidi\u00f3 a las familias estar pendientes de quien ya est\u00e1 en condiciones de recibir el biol\u00f3gico para que les insistan y los lleven a vacunar.<\/p>\n<p>&nbsp;<\/p>\n<p>Adem\u00e1s, hizo el llamado a continuar con los protocolos sanitarios, como el lavado de manos, uso de cubrebocas, as\u00ed como la utilizaci\u00f3n de gel antibacterial, entre otros, para disminuir el riesgo de contagios de coronavirus.<\/p>\n<p>Fecha de Publicaci\u00f3n\u00a0 martes \/ 22\u00a0 \/ junio \/ 2021<\/p>\n","protected":false},"excerpt":{"rendered":"<p>HERMOSILLO, SONORA,MX.\u2500\u2500 . Un llamado a acudir a aplicarse el esquema completo de vacunaci\u00f3n contra&#8230;<\/p>\n","protected":false},"author":1,"featured_media":116898,"comment_status":"open","ping_status":"open","sticky":false,"template":"","format":"standard","meta":{"_monsterinsights_skip_tracking":false,"_monsterinsights_sitenote_active":false,"_monsterinsights_sitenote_note":"","_monsterinsights_sitenote_category":0,"footnotes":""},"categories":[22],"tags":[4249,15],"class_list":["post"],"yoast_head":" \n<title>Sonora en Equipo. Invita Gobernadora a aplicarse esquema completo de vacuna COVID-19 conforme al calendario Sonora<\/title>\n<meta name=\"description\" content=\"HERMOSILLO, SONORA,MX.\u2500\u2500 . Un llamado a acudir a aplicarse el esquema completo de vacunaci\u00f3n contra COVID-19 hizo la gobernadora Claudia Pavlovich En Sonora en Equipo publicamos toda la informaci\u00f3n de Sonora, M\u00e9xico y el Mundo de manera oportuna y busca que la libertad de expresi\u00f3n sea real. Visita nuestro medio informativo publicado desde Hermosillo, Sonora. %\" \/>\n<meta name=\"robots\" content=\"index, follow, max-snippet:-1, max-image-preview:large, max-video-preview:-1\" \/>\n<link rel=\"canonical\" href=\"https:\/\/www.sonoraenequipo.com.mx\/invita-gobernadora-a-aplicarse-esquema-completo-de-vacuna-covid-19-conforme-al-calendario\/\" \/>\n<meta property=\"og:locale\" content=\"es_ES\" \/>\n<meta property=\"og:type\" content=\"article\" \/>\n<meta property=\"og:title\" content=\"Sonora en Equipo. Invita Gobernadora a aplicarse esquema completo de vacuna COVID-19 conforme al calendario Sonora\" \/>\n<meta property=\"og:description\" content=\"HERMOSILLO, SONORA,MX.\u2500\u2500 . Un llamado a acudir a aplicarse el esquema completo de vacunaci\u00f3n contra COVID-19 hizo la gobernadora Claudia Pavlovich En Sonora en Equipo publicamos toda la informaci\u00f3n de Sonora, M\u00e9xico y el Mundo de manera oportuna y busca que la libertad de expresi\u00f3n sea real. Visita nuestro medio informativo publicado desde Hermosillo, Sonora. %\" \/>\n<meta property=\"og:url\" content=\"https:\/\/www.sonoraenequipo.com.mx\/invita-gobernadora-a-aplicarse-esquema-completo-de-vacuna-covid-19-conforme-al-calendario\/\" \/>\n<meta property=\"og:site_name\" content=\"Sonora en Equipo.\" \/>\n<meta property=\"article:publisher\" content=\"https:\/\/www.facebook.com\/SonoraEE\/\" \/>\n<meta property=\"article:author\" content=\"https:\/\/www.facebook.com\/SonoraEE\" \/>\n<meta property=\"article:published_time\" content=\"2021-06-22T23:02:22+00:00\" \/>\n<meta property=\"article:modified_time\" content=\"2021-06-23T15:27:24+00:00\" \/>\n<meta property=\"og:image\" content=\"https:\/\/www.sonoraenequipo.com.mx\/storage\/2021\/06\/cpa-carita.jpg\" \/>\n\t<meta property=\"og:image:width\" content=\"700\" \/>\n\t<meta property=\"og:image:height\" content=\"400\" \/>\n\t<meta property=\"og:image:type\" content=\"image\/jpeg\" \/>\n<meta name=\"author\" content=\"enequipo\" \/>\n<meta name=\"twitter:card\" content=\"summary_large_image\" \/>\n<meta name=\"twitter:creator\" content=\"@sonoraenequipo\" \/>\n<meta name=\"twitter:site\" content=\"@sonoraenequipo\" \/>\n<meta name=\"twitter:label1\" content=\"Escrito por\" \/>\n\t<meta name=\"twitter:data1\" content=\"enequipo\" \/>\n\t<meta name=\"twitter:label2\" content=\"Tiempo de lectura\" \/>\n\t<meta name=\"twitter:data2\" content=\"1 minuto\" \/>\n<script type=\"application\/ld+json\" class=\"yoast-schema-graph\">{\"@context\":\"https:\/\/schema.org\",\"@graph\":[{\"@type\":\"Article\",\"@id\":\"https:\/\/www.sonoraenequipo.com.mx\/invita-gobernadora-a-aplicarse-esquema-completo-de-vacuna-covid-19-conforme-al-calendario\/#article\",\"isPartOf\":{\"@id\":\"https:\/\/www.sonoraenequipo.com.mx\/invita-gobernadora-a-aplicarse-esquema-completo-de-vacuna-covid-19-conforme-al-calendario\/\"},\"author\":{\"name\":\"enequipo\",\"@id\":\"https:\/\/www.sonoraenequipo.com.mx\/#\/schema\/person\/50102df0fb23a8fa9e8effad8fa81386\"},\"headline\":\"Invita Gobernadora a aplicarse esquema completo de vacuna COVID-19 conforme al calendario\",\"datePublished\":\"2021-06-22T23:02:22+00:00\",\"dateModified\":\"2021-06-23T15:27:24+00:00\",\"mainEntityOfPage\":{\"@id\":\"https:\/\/www.sonoraenequipo.com.mx\/invita-gobernadora-a-aplicarse-esquema-completo-de-vacuna-covid-19-conforme-al-calendario\/\"},\"wordCount\":223,\"commentCount\":0,\"publisher\":{\"@id\":\"https:\/\/www.sonoraenequipo.com.mx\/#organization\"},\"image\":{\"@id\":\"https:\/\/www.sonoraenequipo.com.mx\/invita-gobernadora-a-aplicarse-esquema-completo-de-vacuna-covid-19-conforme-al-calendario\/#primaryimage\"},\"thumbnailUrl\":\"https:\/\/www.sonoraenequipo.com.mx\/storage\/2021\/06\/cpa-carita.jpg\",\"keywords\":[\"covid\",\"Sonora\"],\"articleSection\":[\"Sonora\"],\"inLanguage\":\"es\",\"potentialAction\":[{\"@type\":\"CommentAction\",\"name\":\"Comment\",\"target\":[\"https:\/\/www.sonoraenequipo.com.mx\/invita-gobernadora-a-aplicarse-esquema-completo-de-vacuna-covid-19-conforme-al-calendario\/#respond\"]}]},{\"@type\":\"WebPage\",\"@id\":\"https:\/\/www.sonoraenequipo.com.mx\/invita-gobernadora-a-aplicarse-esquema-completo-de-vacuna-covid-19-conforme-al-calendario\/\",\"url\":\"https:\/\/www.sonoraenequipo.com.mx\/invita-gobernadora-a-aplicarse-esquema-completo-de-vacuna-covid-19-conforme-al-calendario\/\",\"name\":\"Sonora en Equipo. Invita Gobernadora a aplicarse esquema completo de vacuna COVID-19 conforme al calendario Sonora\",\"isPartOf\":{\"@id\":\"https:\/\/www.sonoraenequipo.com.mx\/#website\"},\"primaryImageOfPage\":{\"@id\":\"https:\/\/www.sonoraenequipo.com.mx\/invita-gobernadora-a-aplicarse-esquema-completo-de-vacuna-covid-19-conforme-al-calendario\/#primaryimage\"},\"image\":{\"@id\":\"https:\/\/www.sonoraenequipo.com.mx\/invita-gobernadora-a-aplicarse-esquema-completo-de-vacuna-covid-19-conforme-al-calendario\/#primaryimage\"},\"thumbnailUrl\":\"https:\/\/www.sonoraenequipo.com.mx\/storage\/2021\/06\/cpa-carita.jpg\",\"datePublished\":\"2021-06-22T23:02:22+00:00\",\"dateModified\":\"2021-06-23T15:27:24+00:00\",\"description\":\"HERMOSILLO, SONORA,MX.\u2500\u2500 . Un llamado a acudir a aplicarse el esquema completo de vacunaci\u00f3n contra COVID-19 hizo la gobernadora Claudia Pavlovich En Sonora en Equipo publicamos toda la informaci\u00f3n de Sonora, M\u00e9xico y el Mundo de manera oportuna y busca que la libertad de expresi\u00f3n sea real. Visita nuestro medio informativo publicado desde Hermosillo, Sonora. %\",\"breadcrumb\":{\"@id\":\"https:\/\/www.sonoraenequipo.com.mx\/invita-gobernadora-a-aplicarse-esquema-completo-de-vacuna-covid-19-conforme-al-calendario\/#breadcrumb\"},\"inLanguage\":\"es\",\"potentialAction\":[{\"@type\":\"ReadAction\",\"target\":[\"https:\/\/www.sonoraenequipo.com.mx\/invita-gobernadora-a-aplicarse-esquema-completo-de-vacuna-covid-19-conforme-al-calendario\/\"]}]},{\"@type\":\"ImageObject\",\"inLanguage\":\"es\",\"@id\":\"https:\/\/www.sonoraenequipo.com.mx\/invita-gobernadora-a-aplicarse-esquema-completo-de-vacuna-covid-19-conforme-al-calendario\/#primaryimage\",\"url\":\"https:\/\/www.sonoraenequipo.com.mx\/storage\/2021\/06\/cpa-carita.jpg\",\"contentUrl\":\"https:\/\/www.sonoraenequipo.com.mx\/storage\/2021\/06\/cpa-carita.jpg\",\"width\":700,\"height\":400},{\"@type\":\"BreadcrumbList\",\"@id\":\"https:\/\/www.sonoraenequipo.com.mx\/invita-gobernadora-a-aplicarse-esquema-completo-de-vacuna-covid-19-conforme-al-calendario\/#breadcrumb\",\"itemListElement\":[{\"@type\":\"ListItem\",\"position\":1,\"name\":\"Portada\",\"item\":\"https:\/\/www.sonoraenequipo.com.mx\/\"},{\"@type\":\"ListItem\",\"position\":2,\"name\":\"Invita Gobernadora a aplicarse esquema completo de vacuna COVID-19 conforme al calendario\"}]},{\"@type\":\"WebSite\",\"@id\":\"https:\/\/www.sonoraenequipo.com.mx\/#website\",\"url\":\"https:\/\/www.sonoraenequipo.com.mx\/\",\"name\":\"Sonora en Equipo.\",\"description\":\"Diario en l\u00ednea con Noticias desde Hermosillo, Sonora\",\"publisher\":{\"@id\":\"https:\/\/www.sonoraenequipo.com.mx\/#organization\"},\"potentialAction\":[{\"@type\":\"SearchAction\",\"target\":{\"@type\":\"EntryPoint\",\"urlTemplate\":\"https:\/\/www.sonoraenequipo.com.mx\/?s={search_term_string}\"},\"query-input\":{\"@type\":\"PropertyValueSpecification\",\"valueRequired\":true,\"valueName\":\"search_term_string\"}}],\"inLanguage\":\"es\"},{\"@type\":\"Organization\",\"@id\":\"https:\/\/www.sonoraenequipo.com.mx\/#organization\",\"name\":\"Sonoraenequipo.com.mx\",\"url\":\"https:\/\/www.sonoraenequipo.com.mx\/\",\"logo\":{\"@type\":\"ImageObject\",\"inLanguage\":\"es\",\"@id\":\"https:\/\/www.sonoraenequipo.com.mx\/#\/schema\/logo\/image\/\",\"url\":\"https:\/\/www.sonoraenequipo.com.mx\/storage\/2019\/01\/sonoraenequipo_opt.png\",\"contentUrl\":\"https:\/\/www.sonoraenequipo.com.mx\/storage\/2019\/01\/sonoraenequipo_opt.png\",\"width\":375,\"height\":125,\"caption\":\"Sonoraenequipo.com.mx\"},\"image\":{\"@id\":\"https:\/\/www.sonoraenequipo.com.mx\/#\/schema\/logo\/image\/\"},\"sameAs\":[\"https:\/\/www.facebook.com\/SonoraEE\/\",\"https:\/\/x.com\/sonoraenequipo\",\"https:\/\/www.youtube.com\/channel\/UC338nW-lPEYmJQs4ZABQ1SQ\"]},{\"@type\":\"Person\",\"@id\":\"https:\/\/www.sonoraenequipo.com.mx\/#\/schema\/person\/50102df0fb23a8fa9e8effad8fa81386\",\"name\":\"enequipo\",\"image\":{\"@type\":\"ImageObject\",\"inLanguage\":\"es\",\"@id\":\"https:\/\/www.sonoraenequipo.com.mx\/#\/schema\/person\/image\/\",\"url\":\"https:\/\/secure.gravatar.com\/avatar\/049821681b589dabc0bc20695993ccebb09f5b5d4d790cd9251b97faac7c652b?s=96&d=blank&r=g\",\"contentUrl\":\"https:\/\/secure.gravatar.com\/avatar\/049821681b589dabc0bc20695993ccebb09f5b5d4d790cd9251b97faac7c652b?s=96&d=blank&r=g\",\"caption\":\"enequipo\"},\"sameAs\":[\"https:\/\/www.facebook.com\/SonoraEE\"]}]}<\/script>\n ","yoast_head_json":{"title":"Sonora en Equipo. Invita Gobernadora a aplicarse esquema completo de vacuna COVID-19 conforme al calendario Sonora","description":"HERMOSILLO, SONORA,MX.\u2500\u2500 . Un llamado a acudir a aplicarse el esquema completo de vacunaci\u00f3n contra COVID-19 hizo la gobernadora Claudia Pavlovich En Sonora en Equipo publicamos toda la informaci\u00f3n de Sonora, M\u00e9xico y el Mundo de manera oportuna y busca que la libertad de expresi\u00f3n sea real. Visita nuestro medio informativo publicado desde Hermosillo, Sonora. %","robots":{"index":"index","follow":"follow","max-snippet":"max-snippet:-1","max-image-preview":"max-image-preview:large","max-video-preview":"max-video-preview:-1"},"canonical":"https:\/\/www.sonoraenequipo.com.mx\/invita-gobernadora-a-aplicarse-esquema-completo-de-vacuna-covid-19-conforme-al-calendario\/","og_locale":"es_ES","og_type":"article","og_title":"Sonora en Equipo. Invita Gobernadora a aplicarse esquema completo de vacuna COVID-19 conforme al calendario Sonora","og_description":"HERMOSILLO, SONORA,MX.\u2500\u2500 . Un llamado a acudir a aplicarse el esquema completo de vacunaci\u00f3n contra COVID-19 hizo la gobernadora Claudia Pavlovich En Sonora en Equipo publicamos toda la informaci\u00f3n de Sonora, M\u00e9xico y el Mundo de manera oportuna y busca que la libertad de expresi\u00f3n sea real. Visita nuestro medio informativo publicado desde Hermosillo, Sonora. %","og_url":"https:\/\/www.sonoraenequipo.com.mx\/invita-gobernadora-a-aplicarse-esquema-completo-de-vacuna-covid-19-conforme-al-calendario\/","og_site_name":"Sonora en Equipo.","article_publisher":"https:\/\/www.facebook.com\/SonoraEE\/","article_author":"https:\/\/www.facebook.com\/SonoraEE","article_published_time":"2021-06-22T23:02:22+00:00","article_modified_time":"2021-06-23T15:27:24+00:00","og_image":[{"width":700,"height":400,"url":"https:\/\/www.sonoraenequipo.com.mx\/storage\/2021\/06\/cpa-carita.jpg","type":"image\/jpeg"}],"author":"enequipo","twitter_card":"summary_large_image","twitter_creator":"@sonoraenequipo","twitter_site":"@sonoraenequipo","twitter_misc":{"Escrito por":"enequipo","Tiempo de lectura":"1 minuto"},"schema":{"@context":"https:\/\/schema.org","@graph":[{"@type":"Article","@id":"https:\/\/www.sonoraenequipo.com.mx\/invita-gobernadora-a-aplicarse-esquema-completo-de-vacuna-covid-19-conforme-al-calendario\/#article","isPartOf":{"@id":"https:\/\/www.sonoraenequipo.com.mx\/invita-gobernadora-a-aplicarse-esquema-completo-de-vacuna-covid-19-conforme-al-calendario\/"},"author":{"name":"enequipo","@id":"https:\/\/www.sonoraenequipo.com.mx\/#\/schema\/person\/50102df0fb23a8fa9e8effad8fa81386"},"headline":"Invita Gobernadora a aplicarse esquema completo de vacuna COVID-19 conforme al calendario","datePublished":"2021-06-22T23:02:22+00:00","dateModified":"2021-06-23T15:27:24+00:00","mainEntityOfPage":{"@id":"https:\/\/www.sonoraenequipo.com.mx\/invita-gobernadora-a-aplicarse-esquema-completo-de-vacuna-covid-19-conforme-al-calendario\/"},"wordCount":223,"commentCount":0,"publisher":{"@id":"https:\/\/www.sonoraenequipo.com.mx\/#organization"},"image":{"@id":"https:\/\/www.sonoraenequipo.com.mx\/invita-gobernadora-a-aplicarse-esquema-completo-de-vacuna-covid-19-conforme-al-calendario\/#primaryimage"},"thumbnailUrl":"https:\/\/www.sonoraenequipo.com.mx\/storage\/2021\/06\/cpa-carita.jpg","keywords":["covid","Sonora"],"articleSection":["Sonora"],"inLanguage":"es","potentialAction":[{"@type":"CommentAction","name":"Comment","target":["https:\/\/www.sonoraenequipo.com.mx\/invita-gobernadora-a-aplicarse-esquema-completo-de-vacuna-covid-19-conforme-al-calendario\/#respond"]}]},{"@type":"WebPage","@id":"https:\/\/www.sonoraenequipo.com.mx\/invita-gobernadora-a-aplicarse-esquema-completo-de-vacuna-covid-19-conforme-al-calendario\/","url":"https:\/\/www.sonoraenequipo.com.mx\/invita-gobernadora-a-aplicarse-esquema-completo-de-vacuna-covid-19-conforme-al-calendario\/","name":"Sonora en Equipo. Invita Gobernadora a aplicarse esquema completo de vacuna COVID-19 conforme al calendario Sonora","isPartOf":{"@id":"https:\/\/www.sonoraenequipo.com.mx\/#website"},"primaryImageOfPage":{"@id":"https:\/\/www.sonoraenequipo.com.mx\/invita-gobernadora-a-aplicarse-esquema-completo-de-vacuna-covid-19-conforme-al-calendario\/#primaryimage"},"image":{"@id":"https:\/\/www.sonoraenequipo.com.mx\/invita-gobernadora-a-aplicarse-esquema-completo-de-vacuna-covid-19-conforme-al-calendario\/#primaryimage"},"thumbnailUrl":"https:\/\/www.sonoraenequipo.com.mx\/storage\/2021\/06\/cpa-carita.jpg","datePublished":"2021-06-22T23:02:22+00:00","dateModified":"2021-06-23T15:27:24+00:00","description":"HERMOSILLO, SONORA,MX.\u2500\u2500 . Un llamado a acudir a aplicarse el esquema completo de vacunaci\u00f3n contra COVID-19 hizo la gobernadora Claudia Pavlovich En Sonora en Equipo publicamos toda la informaci\u00f3n de Sonora, M\u00e9xico y el Mundo de manera oportuna y busca que la libertad de expresi\u00f3n sea real. Visita nuestro medio informativo publicado desde Hermosillo, Sonora. %","breadcrumb":{"@id":"https:\/\/www.sonoraenequipo.com.mx\/invita-gobernadora-a-aplicarse-esquema-completo-de-vacuna-covid-19-conforme-al-calendario\/#breadcrumb"},"inLanguage":"es","potentialAction":[{"@type":"ReadAction","target":["https:\/\/www.sonoraenequipo.com.mx\/invita-gobernadora-a-aplicarse-esquema-completo-de-vacuna-covid-19-conforme-al-calendario\/"]}]},{"@type":"ImageObject","inLanguage":"es","@id":"https:\/\/www.sonoraenequipo.com.mx\/invita-gobernadora-a-aplicarse-esquema-completo-de-vacuna-covid-19-conforme-al-calendario\/#primaryimage","url":"https:\/\/www.sonoraenequipo.com.mx\/storage\/2021\/06\/cpa-carita.jpg","contentUrl":"https:\/\/www.sonoraenequipo.com.mx\/storage\/2021\/06\/cpa-carita.jpg","width":700,"height":400},{"@type":"BreadcrumbList","@id":"https:\/\/www.sonoraenequipo.com.mx\/invita-gobernadora-a-aplicarse-esquema-completo-de-vacuna-covid-19-conforme-al-calendario\/#breadcrumb","itemListElement":[{"@type":"ListItem","position":1,"name":"Portada","item":"https:\/\/www.sonoraenequipo.com.mx\/"},{"@type":"ListItem","position":2,"name":"Invita Gobernadora a aplicarse esquema completo de vacuna COVID-19 conforme al calendario"}]},{"@type":"WebSite","@id":"https:\/\/www.sonoraenequipo.com.mx\/#website","url":"https:\/\/www.sonoraenequipo.com.mx\/","name":"Sonora en Equipo.","description":"Diario en l\u00ednea con Noticias desde Hermosillo, Sonora","publisher":{"@id":"https:\/\/www.sonoraenequipo.com.mx\/#organization"},"potentialAction":[{"@type":"SearchAction","target":{"@type":"EntryPoint","urlTemplate":"https:\/\/www.sonoraenequipo.com.mx\/?s={search_term_string}"},"query-input":{"@type":"PropertyValueSpecification","valueRequired":true,"valueName":"search_term_string"}}],"inLanguage":"es"},{"@type":"Organization","@id":"https:\/\/www.sonoraenequipo.com.mx\/#organization","name":"Sonoraenequipo.com.mx","url":"https:\/\/www.sonoraenequipo.com.mx\/","logo":{"@type":"ImageObject","inLanguage":"es","@id":"https:\/\/www.sonoraenequipo.com.mx\/#\/schema\/logo\/image\/","url":"https:\/\/www.sonoraenequipo.com.mx\/storage\/2019\/01\/sonoraenequipo_opt.png","contentUrl":"https:\/\/www.sonoraenequipo.com.mx\/storage\/2019\/01\/sonoraenequipo_opt.png","width":375,"height":125,"caption":"Sonoraenequipo.com.mx"},"image":{"@id":"https:\/\/www.sonoraenequipo.com.mx\/#\/schema\/logo\/image\/"},"sameAs":["https:\/\/www.facebook.com\/SonoraEE\/","https:\/\/x.com\/sonoraenequipo","https:\/\/www.youtube.com\/channel\/UC338nW-lPEYmJQs4ZABQ1SQ"]},{"@type":"Person","@id":"https:\/\/www.sonoraenequipo.com.mx\/#\/schema\/person\/50102df0fb23a8fa9e8effad8fa81386","name":"enequipo","image":{"@type":"ImageObject","inLanguage":"es","@id":"https:\/\/www.sonoraenequipo.com.mx\/#\/schema\/person\/image\/","url":"https:\/\/secure.gravatar.com\/avatar\/049821681b589dabc0bc20695993ccebb09f5b5d4d790cd9251b97faac7c652b?s=96&d=blank&r=g","contentUrl":"https:\/\/secure.gravatar.com\/avatar\/049821681b589dabc0bc20695993ccebb09f5b5d4d790cd9251b97faac7c652b?s=96&d=blank&r=g","caption":"enequipo"},"sameAs":["https:\/\/www.facebook.com\/SonoraEE"]}]}},"jetpack_featured_media_url":"https:\/\/www.sonoraenequipo.com.mx\/storage\/2021\/06\/cpa-carita.jpg","_links":{"self":[{"href":"https:\/\/www.sonoraenequipo.com.mx\/api\/wp\/v2\/posts\/116896","targetHints":{"allow":["GET"]}}],"collection":[{"href":"https:\/\/www.sonoraenequipo.com.mx\/api\/wp\/v2\/posts"}],"about":[{"href":"https:\/\/www.sonoraenequipo.com.mx\/api\/wp\/v2\/types\/post"}],"author":[{"embeddable":true,"href":"https:\/\/www.sonoraenequipo.com.mx\/api\/wp\/v2\/users\/1"}],"replies":[{"embeddable":true,"href":"https:\/\/www.sonoraenequipo.com.mx\/api\/wp\/v2\/comments?post=116896"}],"version-history":[{"count":1,"href":"https:\/\/www.sonoraenequipo.com.mx\/api\/wp\/v2\/posts\/116896\/revisions"}],"predecessor-version":[{"id":116899,"href":"https:\/\/www.sonoraenequipo.com.mx\/api\/wp\/v2\/posts\/116896\/revisions\/116899"}],"wp:featuredmedia":[{"embeddable":true,"href":"https:\/\/www.sonoraenequipo.com.mx\/api\/wp\/v2\/media\/116898"}],"wp:attachment":[{"href":"https:\/\/www.sonoraenequipo.com.mx\/api\/wp\/v2\/media?parent=116896"}],"wp:term":[{"taxonomy":"category","embeddable":true,"href":"https:\/\/www.sonoraenequipo.com.mx\/api\/wp\/v2\/categories?post=116896"},{"taxonomy":"post_tag","embeddable":true,"href":"https:\/\/www.sonoraenequipo.com.mx\/api\/wp\/v2\/tags?post=116896"}],"curies":[{"name":"wp","href":"https:\/\/api.w.org\/{rel}","templated":true}]}}