{"id":116901,"date":"2021-06-22T22:30:09","date_gmt":"2021-06-23T05:30:09","guid":{"rendered":"https:\/\/www.sonoraenequipo.com.mx\/?p=116901"},"modified":"2021-06-23T12:17:52","modified_gmt":"2021-06-23T19:17:52","slug":"amlo-se-reune-con-carlos-slim-y-sheinbaum-para-hablar-sobre-colapso-del-metro","status":"publish","type":"post","link":"https:\/\/www.sonoraenequipo.com.mx\/amlo-se-reune-con-carlos-slim-y-sheinbaum-para-hablar-sobre-colapso-del-metro\/","title":{"rendered":"AMLO se re\u00fane con Carlos Slim y Sheinbaum para hablar sobre colapso del metro"},"content":{"rendered":"<p>CIUDAD DE M\u00c9XICO. MX. \u2014\u00a0 Carlos Slim se reuni\u00f3 este martes (22.06.2021) con el presidente Andr\u00e9s Manuel L\u00f3pez Obrador y la jefa del Gobierno de la capital, Claudia Sheinbaum, para tratar el colapso de la l\u00ednea 12, que dej\u00f3 26 muertos y en cuya construcci\u00f3n particip\u00f3 su empresa Grupo Carso.<\/p>\n<p>&nbsp;<\/p>\n<p> <\/p>\n<p>&nbsp;<\/p>\n<p>La reuni\u00f3n tuvo lugar a puerta cerrada en el Palacio Nacional, residencia del presidente ubicada en el c\u00e9ntrico Z\u00f3calo capitalino, y hasta el momento ninguna de las personas presentes dio declaraciones sobre los temas tratados en el encuentro, que dur\u00f3 apenas una hora.<\/p>\n<p>&nbsp;<\/p>\n<p><em>\u00abNo quisiera adelantar m\u00e1s en este tema. En su momento se dar\u00e1 la informaci\u00f3n que se tenga que dar, es importante que as\u00ed sea. No hay absolutamente nada que esconder pero es importante que se conozca hasta ah\u00ed\u00bb<\/em>, dijo Sheinbaum en conferencia de prensa al ser preguntada por su encuentro con el empresario y el mandatario.<\/p>\n<p>&nbsp;<\/p>\n<p>La funcionaria insisti\u00f3 en que hay una mesa t\u00e9cnica que se est\u00e1 llevando a cabo que <em>\u00abes independiente y eso es muy importante\u00bb<\/em> del trabajo de la Fiscal\u00eda General de Justicia de la Ciudad de M\u00e9xico.<\/p>\n<p>&nbsp;<\/p>\n<p>Por otra parte, dijo que es responsabilidad del Gobierno capitalino rehabilitar y reforzar la l\u00ednea 12 para que vuelva a operar lo m\u00e1s pronto posible para que quienes lo utilizaban a diario puedan volver a tener acceso.<\/p>\n<p>&nbsp;<\/p>\n<p><em>\u00abEs importante reactivar, pero lo m\u00e1s importante es que se d\u00e9 de manera segura, es importante que el presidente est\u00e1 atento a ello. (&#8230;) Vamos a seguir informando a la ciudadan\u00eda conforme vayamos avanzando. Tengan la certeza de que va a haber absoluta transparencia en todo\u00bb,<\/em> a\u00f1adi\u00f3.<\/p>\n<p>&nbsp;<\/p>\n<p>La reuni\u00f3n tuvo lugar despu\u00e9s de que la semana pasada se presentara el peritaje independiente sobre el accidente del metro del pasado 3 de mayo en el que, al colapsar la estructura sobre la que corr\u00edan los vagones, fallecieron 26 personas.<\/p>\n<p>&nbsp;<\/p>\n<p>El mi\u00e9rcoles pasado, la empresa noruega DNV present\u00f3 el primero de sus tres informes sobre las causas del accidente en el que apunt\u00f3 a \u00abfallas estructurales\u00bb relacionadas con la construcci\u00f3n.<\/p>\n<p><a class=\"twitter-timeline\" data-width=\"640\" data-height=\"960\" data-dnt=\"true\" href=\"https:\/\/twitter.com\/FerBetancourt9?ref_src=twsrc%5Etfw\">Tweets by FerBetancourt9<\/a><script async src=\"https:\/\/platform.twitter.com\/widgets.js\" charset=\"utf-8\"><\/script><\/p>\n<p>Especificaron que hab\u00eda una soldadura deficiente o no terminada y que se hab\u00edan mezclado diferentes tipos de hormig\u00f3n, adem\u00e1s de faltas de tornillos.<\/p>\n<p>&nbsp;<\/p>\n<p>Adem\u00e1s, el Colegio de Ingenieros de M\u00e9xico public\u00f3 este jueves otro an\u00e1lisis seg\u00fan el cual un tercio del tramo elevado de la l\u00ednea 12 tiene fallas como grietas o separaci\u00f3n insuficiente entre vigas, que deben ser atendidas.<\/p>\n<p>&nbsp;<\/p>\n<p>Dicho organismo recomend\u00f3 al Gobierno capitalino no reabrir ninguno de los tramos de la l\u00ednea 12, ni el elevado ni el subterr\u00e1neo, hasta que no se hayan presentado todos los informes de vulnerabilidades.<\/p>\n<p>&nbsp;<\/p>\n<p>Ambos peritajes implican a Carlos Slim, puesto que la empresa Carso fue la que construy\u00f3 esa parte de la l\u00ednea.<\/p>\n<p>&nbsp;<\/p>\n<p><em>\u00abLo primero que hay que hacer es reunirnos con las empresas y ver exactamente qu\u00e9 pas\u00f3\u00bb,<\/em> dijo Sheinbaum entonces, quien especific\u00f3 que se reunir\u00eda con las firmas mexicanas Carso e ICA, y que tambi\u00e9n invitar\u00e1 a la reuni\u00f3n a la empresa francesa Alstom, fabricante de los trenes.<\/p>\n<blockquote class=\"twitter-tweet\" data-width=\"550\" data-dnt=\"true\">\n<p lang=\"es\" dir=\"ltr\">Se re\u00fane AMLO con el empresario Carlos Slim y la jefa de Gobierno de la CDMX. <\/p>\n<p>Se acabaron los acuerdos en lo oscurito, dec\u00edan\u2026 <br \/> <a href=\"https:\/\/t.co\/ev8U9BKvsA\">pic.twitter.com\/ev8U9BKvsA<\/a><\/p>\n<p>&mdash; Fer Betancourt (@FerBetancourt9) <a href=\"https:\/\/twitter.com\/FerBetancourt9\/status\/1407384025883234306?ref_src=twsrc%5Etfw\">June 22, 2021<\/a><\/p><\/blockquote>\n<p><script async src=\"https:\/\/platform.twitter.com\/widgets.js\" charset=\"utf-8\"><\/script><\/p>\n<p>La tragedia del pasado 3 de mayo ha puesto en el punto de mira a la\u00a0 Jefa de Gobierno de la Ciudad de M\u00e9xico, Claudia Sheinbaum y al exalcalde y actual canciller, Marcelo Ebrard, ambos del partido de L\u00f3pez Obrador y supuestos aspirantes a sucederlo en 2024.<\/p>\n<p>&nbsp;<\/p>\n<p>(Publicada el 22\/06\/2021)<\/p>\n<p>&nbsp;<\/p>\n","protected":false},"excerpt":{"rendered":"<p>CIUDAD DE M\u00c9XICO. MX. \u2014\u00a0 Carlos Slim se reuni\u00f3 este martes (22.06.2021) con el presidente&#8230;<\/p>\n","protected":false},"author":1,"featured_media":116909,"comment_status":"open","ping_status":"open","sticky":false,"template":"","format":"standard","meta":{"_monsterinsights_skip_tracking":false,"_monsterinsights_sitenote_active":false,"_monsterinsights_sitenote_note":"","_monsterinsights_sitenote_category":0,"footnotes":""},"categories":[5],"tags":[],"class_list":["post"],"yoast_head":" \n<title>Sonora en Equipo. AMLO se re\u00fane con Carlos Slim y Sheinbaum para hablar sobre colapso del metro Rep\u00fablica<\/title>\n<meta name=\"description\" content=\"CIUDAD DE M\u00c9XICO. MX. \u2014\u00a0 Carlos Slim se reuni\u00f3 este martes (22.06.2021) con el presidente Andr\u00e9s Manuel L\u00f3pez Obrador y la jefa del Gobierno de la En Sonora en Equipo publicamos toda la informaci\u00f3n de Sonora, M\u00e9xico y el Mundo de manera oportuna y busca que la libertad de expresi\u00f3n sea real. Visita nuestro medio informativo publicado desde Hermosillo, Sonora. %\" \/>\n<meta name=\"robots\" content=\"index, follow, max-snippet:-1, max-image-preview:large, max-video-preview:-1\" \/>\n<link rel=\"canonical\" href=\"https:\/\/www.sonoraenequipo.com.mx\/amlo-se-reune-con-carlos-slim-y-sheinbaum-para-hablar-sobre-colapso-del-metro\/\" \/>\n<meta property=\"og:locale\" content=\"es_ES\" \/>\n<meta property=\"og:type\" content=\"article\" \/>\n<meta property=\"og:title\" content=\"Sonora en Equipo. AMLO se re\u00fane con Carlos Slim y Sheinbaum para hablar sobre colapso del metro Rep\u00fablica\" \/>\n<meta property=\"og:description\" content=\"CIUDAD DE M\u00c9XICO. MX. \u2014\u00a0 Carlos Slim se reuni\u00f3 este martes (22.06.2021) con el presidente Andr\u00e9s Manuel L\u00f3pez Obrador y la jefa del Gobierno de la En Sonora en Equipo publicamos toda la informaci\u00f3n de Sonora, M\u00e9xico y el Mundo de manera oportuna y busca que la libertad de expresi\u00f3n sea real. Visita nuestro medio informativo publicado desde Hermosillo, Sonora. %\" \/>\n<meta property=\"og:url\" content=\"https:\/\/www.sonoraenequipo.com.mx\/amlo-se-reune-con-carlos-slim-y-sheinbaum-para-hablar-sobre-colapso-del-metro\/\" \/>\n<meta property=\"og:site_name\" content=\"Sonora en Equipo.\" \/>\n<meta property=\"article:publisher\" content=\"https:\/\/www.facebook.com\/SonoraEE\/\" \/>\n<meta property=\"article:author\" content=\"https:\/\/www.facebook.com\/SonoraEE\" \/>\n<meta property=\"article:published_time\" content=\"2021-06-23T05:30:09+00:00\" \/>\n<meta property=\"article:modified_time\" content=\"2021-06-23T19:17:52+00:00\" \/>\n<meta property=\"og:image\" content=\"https:\/\/www.sonoraenequipo.com.mx\/storage\/2021\/06\/slim-amlo-sheinbaum_opt.jpg\" \/>\n\t<meta property=\"og:image:width\" content=\"700\" \/>\n\t<meta property=\"og:image:height\" content=\"400\" \/>\n\t<meta property=\"og:image:type\" content=\"image\/jpeg\" \/>\n<meta name=\"author\" content=\"enequipo\" \/>\n<meta name=\"twitter:card\" content=\"summary_large_image\" \/>\n<meta name=\"twitter:creator\" content=\"@sonoraenequipo\" \/>\n<meta name=\"twitter:site\" content=\"@sonoraenequipo\" \/>\n<meta name=\"twitter:label1\" content=\"Escrito por\" \/>\n\t<meta name=\"twitter:data1\" content=\"enequipo\" \/>\n\t<meta name=\"twitter:label2\" content=\"Tiempo de lectura\" \/>\n\t<meta name=\"twitter:data2\" content=\"3 minutos\" \/>\n<script type=\"application\/ld+json\" class=\"yoast-schema-graph\">{\"@context\":\"https:\/\/schema.org\",\"@graph\":[{\"@type\":\"Article\",\"@id\":\"https:\/\/www.sonoraenequipo.com.mx\/amlo-se-reune-con-carlos-slim-y-sheinbaum-para-hablar-sobre-colapso-del-metro\/#article\",\"isPartOf\":{\"@id\":\"https:\/\/www.sonoraenequipo.com.mx\/amlo-se-reune-con-carlos-slim-y-sheinbaum-para-hablar-sobre-colapso-del-metro\/\"},\"author\":{\"name\":\"enequipo\",\"@id\":\"https:\/\/www.sonoraenequipo.com.mx\/#\/schema\/person\/50102df0fb23a8fa9e8effad8fa81386\"},\"headline\":\"AMLO se re\u00fane con Carlos Slim y Sheinbaum para hablar sobre colapso del metro\",\"datePublished\":\"2021-06-23T05:30:09+00:00\",\"dateModified\":\"2021-06-23T19:17:52+00:00\",\"mainEntityOfPage\":{\"@id\":\"https:\/\/www.sonoraenequipo.com.mx\/amlo-se-reune-con-carlos-slim-y-sheinbaum-para-hablar-sobre-colapso-del-metro\/\"},\"wordCount\":616,\"commentCount\":0,\"publisher\":{\"@id\":\"https:\/\/www.sonoraenequipo.com.mx\/#organization\"},\"image\":{\"@id\":\"https:\/\/www.sonoraenequipo.com.mx\/amlo-se-reune-con-carlos-slim-y-sheinbaum-para-hablar-sobre-colapso-del-metro\/#primaryimage\"},\"thumbnailUrl\":\"https:\/\/www.sonoraenequipo.com.mx\/storage\/2021\/06\/slim-amlo-sheinbaum_opt.jpg\",\"articleSection\":[\"Rep\u00fablica\"],\"inLanguage\":\"es\",\"potentialAction\":[{\"@type\":\"CommentAction\",\"name\":\"Comment\",\"target\":[\"https:\/\/www.sonoraenequipo.com.mx\/amlo-se-reune-con-carlos-slim-y-sheinbaum-para-hablar-sobre-colapso-del-metro\/#respond\"]}]},{\"@type\":\"WebPage\",\"@id\":\"https:\/\/www.sonoraenequipo.com.mx\/amlo-se-reune-con-carlos-slim-y-sheinbaum-para-hablar-sobre-colapso-del-metro\/\",\"url\":\"https:\/\/www.sonoraenequipo.com.mx\/amlo-se-reune-con-carlos-slim-y-sheinbaum-para-hablar-sobre-colapso-del-metro\/\",\"name\":\"Sonora en Equipo. AMLO se re\u00fane con Carlos Slim y Sheinbaum para hablar sobre colapso del metro Rep\u00fablica\",\"isPartOf\":{\"@id\":\"https:\/\/www.sonoraenequipo.com.mx\/#website\"},\"primaryImageOfPage\":{\"@id\":\"https:\/\/www.sonoraenequipo.com.mx\/amlo-se-reune-con-carlos-slim-y-sheinbaum-para-hablar-sobre-colapso-del-metro\/#primaryimage\"},\"image\":{\"@id\":\"https:\/\/www.sonoraenequipo.com.mx\/amlo-se-reune-con-carlos-slim-y-sheinbaum-para-hablar-sobre-colapso-del-metro\/#primaryimage\"},\"thumbnailUrl\":\"https:\/\/www.sonoraenequipo.com.mx\/storage\/2021\/06\/slim-amlo-sheinbaum_opt.jpg\",\"datePublished\":\"2021-06-23T05:30:09+00:00\",\"dateModified\":\"2021-06-23T19:17:52+00:00\",\"description\":\"CIUDAD DE M\u00c9XICO. MX. \u2014\u00a0 Carlos Slim se reuni\u00f3 este martes (22.06.2021) con el presidente Andr\u00e9s Manuel L\u00f3pez Obrador y la jefa del Gobierno de la En Sonora en Equipo publicamos toda la informaci\u00f3n de Sonora, M\u00e9xico y el Mundo de manera oportuna y busca que la libertad de expresi\u00f3n sea real. Visita nuestro medio informativo publicado desde Hermosillo, Sonora. %\",\"breadcrumb\":{\"@id\":\"https:\/\/www.sonoraenequipo.com.mx\/amlo-se-reune-con-carlos-slim-y-sheinbaum-para-hablar-sobre-colapso-del-metro\/#breadcrumb\"},\"inLanguage\":\"es\",\"potentialAction\":[{\"@type\":\"ReadAction\",\"target\":[\"https:\/\/www.sonoraenequipo.com.mx\/amlo-se-reune-con-carlos-slim-y-sheinbaum-para-hablar-sobre-colapso-del-metro\/\"]}]},{\"@type\":\"ImageObject\",\"inLanguage\":\"es\",\"@id\":\"https:\/\/www.sonoraenequipo.com.mx\/amlo-se-reune-con-carlos-slim-y-sheinbaum-para-hablar-sobre-colapso-del-metro\/#primaryimage\",\"url\":\"https:\/\/www.sonoraenequipo.com.mx\/storage\/2021\/06\/slim-amlo-sheinbaum_opt.jpg\",\"contentUrl\":\"https:\/\/www.sonoraenequipo.com.mx\/storage\/2021\/06\/slim-amlo-sheinbaum_opt.jpg\",\"width\":700,\"height\":400},{\"@type\":\"BreadcrumbList\",\"@id\":\"https:\/\/www.sonoraenequipo.com.mx\/amlo-se-reune-con-carlos-slim-y-sheinbaum-para-hablar-sobre-colapso-del-metro\/#breadcrumb\",\"itemListElement\":[{\"@type\":\"ListItem\",\"position\":1,\"name\":\"Portada\",\"item\":\"https:\/\/www.sonoraenequipo.com.mx\/\"},{\"@type\":\"ListItem\",\"position\":2,\"name\":\"AMLO se re\u00fane con Carlos Slim y Sheinbaum para hablar sobre colapso del metro\"}]},{\"@type\":\"WebSite\",\"@id\":\"https:\/\/www.sonoraenequipo.com.mx\/#website\",\"url\":\"https:\/\/www.sonoraenequipo.com.mx\/\",\"name\":\"Sonora en Equipo.\",\"description\":\"Diario en l\u00ednea con Noticias desde Hermosillo, Sonora\",\"publisher\":{\"@id\":\"https:\/\/www.sonoraenequipo.com.mx\/#organization\"},\"potentialAction\":[{\"@type\":\"SearchAction\",\"target\":{\"@type\":\"EntryPoint\",\"urlTemplate\":\"https:\/\/www.sonoraenequipo.com.mx\/?s={search_term_string}\"},\"query-input\":{\"@type\":\"PropertyValueSpecification\",\"valueRequired\":true,\"valueName\":\"search_term_string\"}}],\"inLanguage\":\"es\"},{\"@type\":\"Organization\",\"@id\":\"https:\/\/www.sonoraenequipo.com.mx\/#organization\",\"name\":\"Sonoraenequipo.com.mx\",\"url\":\"https:\/\/www.sonoraenequipo.com.mx\/\",\"logo\":{\"@type\":\"ImageObject\",\"inLanguage\":\"es\",\"@id\":\"https:\/\/www.sonoraenequipo.com.mx\/#\/schema\/logo\/image\/\",\"url\":\"https:\/\/www.sonoraenequipo.com.mx\/storage\/2019\/01\/sonoraenequipo_opt.png\",\"contentUrl\":\"https:\/\/www.sonoraenequipo.com.mx\/storage\/2019\/01\/sonoraenequipo_opt.png\",\"width\":375,\"height\":125,\"caption\":\"Sonoraenequipo.com.mx\"},\"image\":{\"@id\":\"https:\/\/www.sonoraenequipo.com.mx\/#\/schema\/logo\/image\/\"},\"sameAs\":[\"https:\/\/www.facebook.com\/SonoraEE\/\",\"https:\/\/x.com\/sonoraenequipo\",\"https:\/\/www.youtube.com\/channel\/UC338nW-lPEYmJQs4ZABQ1SQ\"]},{\"@type\":\"Person\",\"@id\":\"https:\/\/www.sonoraenequipo.com.mx\/#\/schema\/person\/50102df0fb23a8fa9e8effad8fa81386\",\"name\":\"enequipo\",\"image\":{\"@type\":\"ImageObject\",\"inLanguage\":\"es\",\"@id\":\"https:\/\/www.sonoraenequipo.com.mx\/#\/schema\/person\/image\/\",\"url\":\"https:\/\/secure.gravatar.com\/avatar\/049821681b589dabc0bc20695993ccebb09f5b5d4d790cd9251b97faac7c652b?s=96&d=blank&r=g\",\"contentUrl\":\"https:\/\/secure.gravatar.com\/avatar\/049821681b589dabc0bc20695993ccebb09f5b5d4d790cd9251b97faac7c652b?s=96&d=blank&r=g\",\"caption\":\"enequipo\"},\"sameAs\":[\"https:\/\/www.facebook.com\/SonoraEE\"]}]}<\/script>\n ","yoast_head_json":{"title":"Sonora en Equipo. AMLO se re\u00fane con Carlos Slim y Sheinbaum para hablar sobre colapso del metro Rep\u00fablica","description":"CIUDAD DE M\u00c9XICO. MX. \u2014\u00a0 Carlos Slim se reuni\u00f3 este martes (22.06.2021) con el presidente Andr\u00e9s Manuel L\u00f3pez Obrador y la jefa del Gobierno de la En Sonora en Equipo publicamos toda la informaci\u00f3n de Sonora, M\u00e9xico y el Mundo de manera oportuna y busca que la libertad de expresi\u00f3n sea real. Visita nuestro medio informativo publicado desde Hermosillo, Sonora. %","robots":{"index":"index","follow":"follow","max-snippet":"max-snippet:-1","max-image-preview":"max-image-preview:large","max-video-preview":"max-video-preview:-1"},"canonical":"https:\/\/www.sonoraenequipo.com.mx\/amlo-se-reune-con-carlos-slim-y-sheinbaum-para-hablar-sobre-colapso-del-metro\/","og_locale":"es_ES","og_type":"article","og_title":"Sonora en Equipo. AMLO se re\u00fane con Carlos Slim y Sheinbaum para hablar sobre colapso del metro Rep\u00fablica","og_description":"CIUDAD DE M\u00c9XICO. MX. \u2014\u00a0 Carlos Slim se reuni\u00f3 este martes (22.06.2021) con el presidente Andr\u00e9s Manuel L\u00f3pez Obrador y la jefa del Gobierno de la En Sonora en Equipo publicamos toda la informaci\u00f3n de Sonora, M\u00e9xico y el Mundo de manera oportuna y busca que la libertad de expresi\u00f3n sea real. Visita nuestro medio informativo publicado desde Hermosillo, Sonora. %","og_url":"https:\/\/www.sonoraenequipo.com.mx\/amlo-se-reune-con-carlos-slim-y-sheinbaum-para-hablar-sobre-colapso-del-metro\/","og_site_name":"Sonora en Equipo.","article_publisher":"https:\/\/www.facebook.com\/SonoraEE\/","article_author":"https:\/\/www.facebook.com\/SonoraEE","article_published_time":"2021-06-23T05:30:09+00:00","article_modified_time":"2021-06-23T19:17:52+00:00","og_image":[{"width":700,"height":400,"url":"https:\/\/www.sonoraenequipo.com.mx\/storage\/2021\/06\/slim-amlo-sheinbaum_opt.jpg","type":"image\/jpeg"}],"author":"enequipo","twitter_card":"summary_large_image","twitter_creator":"@sonoraenequipo","twitter_site":"@sonoraenequipo","twitter_misc":{"Escrito por":"enequipo","Tiempo de lectura":"3 minutos"},"schema":{"@context":"https:\/\/schema.org","@graph":[{"@type":"Article","@id":"https:\/\/www.sonoraenequipo.com.mx\/amlo-se-reune-con-carlos-slim-y-sheinbaum-para-hablar-sobre-colapso-del-metro\/#article","isPartOf":{"@id":"https:\/\/www.sonoraenequipo.com.mx\/amlo-se-reune-con-carlos-slim-y-sheinbaum-para-hablar-sobre-colapso-del-metro\/"},"author":{"name":"enequipo","@id":"https:\/\/www.sonoraenequipo.com.mx\/#\/schema\/person\/50102df0fb23a8fa9e8effad8fa81386"},"headline":"AMLO se re\u00fane con Carlos Slim y Sheinbaum para hablar sobre colapso del metro","datePublished":"2021-06-23T05:30:09+00:00","dateModified":"2021-06-23T19:17:52+00:00","mainEntityOfPage":{"@id":"https:\/\/www.sonoraenequipo.com.mx\/amlo-se-reune-con-carlos-slim-y-sheinbaum-para-hablar-sobre-colapso-del-metro\/"},"wordCount":616,"commentCount":0,"publisher":{"@id":"https:\/\/www.sonoraenequipo.com.mx\/#organization"},"image":{"@id":"https:\/\/www.sonoraenequipo.com.mx\/amlo-se-reune-con-carlos-slim-y-sheinbaum-para-hablar-sobre-colapso-del-metro\/#primaryimage"},"thumbnailUrl":"https:\/\/www.sonoraenequipo.com.mx\/storage\/2021\/06\/slim-amlo-sheinbaum_opt.jpg","articleSection":["Rep\u00fablica"],"inLanguage":"es","potentialAction":[{"@type":"CommentAction","name":"Comment","target":["https:\/\/www.sonoraenequipo.com.mx\/amlo-se-reune-con-carlos-slim-y-sheinbaum-para-hablar-sobre-colapso-del-metro\/#respond"]}]},{"@type":"WebPage","@id":"https:\/\/www.sonoraenequipo.com.mx\/amlo-se-reune-con-carlos-slim-y-sheinbaum-para-hablar-sobre-colapso-del-metro\/","url":"https:\/\/www.sonoraenequipo.com.mx\/amlo-se-reune-con-carlos-slim-y-sheinbaum-para-hablar-sobre-colapso-del-metro\/","name":"Sonora en Equipo. AMLO se re\u00fane con Carlos Slim y Sheinbaum para hablar sobre colapso del metro Rep\u00fablica","isPartOf":{"@id":"https:\/\/www.sonoraenequipo.com.mx\/#website"},"primaryImageOfPage":{"@id":"https:\/\/www.sonoraenequipo.com.mx\/amlo-se-reune-con-carlos-slim-y-sheinbaum-para-hablar-sobre-colapso-del-metro\/#primaryimage"},"image":{"@id":"https:\/\/www.sonoraenequipo.com.mx\/amlo-se-reune-con-carlos-slim-y-sheinbaum-para-hablar-sobre-colapso-del-metro\/#primaryimage"},"thumbnailUrl":"https:\/\/www.sonoraenequipo.com.mx\/storage\/2021\/06\/slim-amlo-sheinbaum_opt.jpg","datePublished":"2021-06-23T05:30:09+00:00","dateModified":"2021-06-23T19:17:52+00:00","description":"CIUDAD DE M\u00c9XICO. MX. \u2014\u00a0 Carlos Slim se reuni\u00f3 este martes (22.06.2021) con el presidente Andr\u00e9s Manuel L\u00f3pez Obrador y la jefa del Gobierno de la En Sonora en Equipo publicamos toda la informaci\u00f3n de Sonora, M\u00e9xico y el Mundo de manera oportuna y busca que la libertad de expresi\u00f3n sea real. Visita nuestro medio informativo publicado desde Hermosillo, Sonora. %","breadcrumb":{"@id":"https:\/\/www.sonoraenequipo.com.mx\/amlo-se-reune-con-carlos-slim-y-sheinbaum-para-hablar-sobre-colapso-del-metro\/#breadcrumb"},"inLanguage":"es","potentialAction":[{"@type":"ReadAction","target":["https:\/\/www.sonoraenequipo.com.mx\/amlo-se-reune-con-carlos-slim-y-sheinbaum-para-hablar-sobre-colapso-del-metro\/"]}]},{"@type":"ImageObject","inLanguage":"es","@id":"https:\/\/www.sonoraenequipo.com.mx\/amlo-se-reune-con-carlos-slim-y-sheinbaum-para-hablar-sobre-colapso-del-metro\/#primaryimage","url":"https:\/\/www.sonoraenequipo.com.mx\/storage\/2021\/06\/slim-amlo-sheinbaum_opt.jpg","contentUrl":"https:\/\/www.sonoraenequipo.com.mx\/storage\/2021\/06\/slim-amlo-sheinbaum_opt.jpg","width":700,"height":400},{"@type":"BreadcrumbList","@id":"https:\/\/www.sonoraenequipo.com.mx\/amlo-se-reune-con-carlos-slim-y-sheinbaum-para-hablar-sobre-colapso-del-metro\/#breadcrumb","itemListElement":[{"@type":"ListItem","position":1,"name":"Portada","item":"https:\/\/www.sonoraenequipo.com.mx\/"},{"@type":"ListItem","position":2,"name":"AMLO se re\u00fane con Carlos Slim y Sheinbaum para hablar sobre colapso del metro"}]},{"@type":"WebSite","@id":"https:\/\/www.sonoraenequipo.com.mx\/#website","url":"https:\/\/www.sonoraenequipo.com.mx\/","name":"Sonora en Equipo.","description":"Diario en l\u00ednea con Noticias desde Hermosillo, Sonora","publisher":{"@id":"https:\/\/www.sonoraenequipo.com.mx\/#organization"},"potentialAction":[{"@type":"SearchAction","target":{"@type":"EntryPoint","urlTemplate":"https:\/\/www.sonoraenequipo.com.mx\/?s={search_term_string}"},"query-input":{"@type":"PropertyValueSpecification","valueRequired":true,"valueName":"search_term_string"}}],"inLanguage":"es"},{"@type":"Organization","@id":"https:\/\/www.sonoraenequipo.com.mx\/#organization","name":"Sonoraenequipo.com.mx","url":"https:\/\/www.sonoraenequipo.com.mx\/","logo":{"@type":"ImageObject","inLanguage":"es","@id":"https:\/\/www.sonoraenequipo.com.mx\/#\/schema\/logo\/image\/","url":"https:\/\/www.sonoraenequipo.com.mx\/storage\/2019\/01\/sonoraenequipo_opt.png","contentUrl":"https:\/\/www.sonoraenequipo.com.mx\/storage\/2019\/01\/sonoraenequipo_opt.png","width":375,"height":125,"caption":"Sonoraenequipo.com.mx"},"image":{"@id":"https:\/\/www.sonoraenequipo.com.mx\/#\/schema\/logo\/image\/"},"sameAs":["https:\/\/www.facebook.com\/SonoraEE\/","https:\/\/x.com\/sonoraenequipo","https:\/\/www.youtube.com\/channel\/UC338nW-lPEYmJQs4ZABQ1SQ"]},{"@type":"Person","@id":"https:\/\/www.sonoraenequipo.com.mx\/#\/schema\/person\/50102df0fb23a8fa9e8effad8fa81386","name":"enequipo","image":{"@type":"ImageObject","inLanguage":"es","@id":"https:\/\/www.sonoraenequipo.com.mx\/#\/schema\/person\/image\/","url":"https:\/\/secure.gravatar.com\/avatar\/049821681b589dabc0bc20695993ccebb09f5b5d4d790cd9251b97faac7c652b?s=96&d=blank&r=g","contentUrl":"https:\/\/secure.gravatar.com\/avatar\/049821681b589dabc0bc20695993ccebb09f5b5d4d790cd9251b97faac7c652b?s=96&d=blank&r=g","caption":"enequipo"},"sameAs":["https:\/\/www.facebook.com\/SonoraEE"]}]}},"jetpack_featured_media_url":"https:\/\/www.sonoraenequipo.com.mx\/storage\/2021\/06\/slim-amlo-sheinbaum_opt.jpg","_links":{"self":[{"href":"https:\/\/www.sonoraenequipo.com.mx\/api\/wp\/v2\/posts\/116901","targetHints":{"allow":["GET"]}}],"collection":[{"href":"https:\/\/www.sonoraenequipo.com.mx\/api\/wp\/v2\/posts"}],"about":[{"href":"https:\/\/www.sonoraenequipo.com.mx\/api\/wp\/v2\/types\/post"}],"author":[{"embeddable":true,"href":"https:\/\/www.sonoraenequipo.com.mx\/api\/wp\/v2\/users\/1"}],"replies":[{"embeddable":true,"href":"https:\/\/www.sonoraenequipo.com.mx\/api\/wp\/v2\/comments?post=116901"}],"version-history":[{"count":3,"href":"https:\/\/www.sonoraenequipo.com.mx\/api\/wp\/v2\/posts\/116901\/revisions"}],"predecessor-version":[{"id":116933,"href":"https:\/\/www.sonoraenequipo.com.mx\/api\/wp\/v2\/posts\/116901\/revisions\/116933"}],"wp:featuredmedia":[{"embeddable":true,"href":"https:\/\/www.sonoraenequipo.com.mx\/api\/wp\/v2\/media\/116909"}],"wp:attachment":[{"href":"https:\/\/www.sonoraenequipo.com.mx\/api\/wp\/v2\/media?parent=116901"}],"wp:term":[{"taxonomy":"category","embeddable":true,"href":"https:\/\/www.sonoraenequipo.com.mx\/api\/wp\/v2\/categories?post=116901"},{"taxonomy":"post_tag","embeddable":true,"href":"https:\/\/www.sonoraenequipo.com.mx\/api\/wp\/v2\/tags?post=116901"}],"curies":[{"name":"wp","href":"https:\/\/api.w.org\/{rel}","templated":true}]}}