{"id":116902,"date":"2021-06-22T18:36:10","date_gmt":"2021-06-23T01:36:10","guid":{"rendered":"https:\/\/www.sonoraenequipo.com.mx\/?p=116902"},"modified":"2021-06-23T08:21:09","modified_gmt":"2021-06-23T15:21:09","slug":"inah-sonora-ofrecera-conferencia-sobre-la-grafica-rupestre-de-la-colorada","status":"publish","type":"post","link":"https:\/\/www.sonoraenequipo.com.mx\/inah-sonora-ofrecera-conferencia-sobre-la-grafica-rupestre-de-la-colorada\/","title":{"rendered":"INAH Sonora ofrecer\u00e1 conferencia sobre la gr\u00e1fica rupestre de La Colorada"},"content":{"rendered":"<p>&nbsp;<\/p>\n<p>ERMOSILLO, SONORA,MX.\u2500\u2500En este mes de junio siguiendo con la programaci\u00f3n del quinto ciclo de conferencias virtuales CAF\u00c9INAH, coordinado por el Instituto Nacional de Antropolog\u00eda e Historia en Sonora, a trav\u00e9s de su \u00e1rea de investigaci\u00f3n, se impartir\u00e1 la conferencia de mayo: \u201cLas pinturas del Divisadero. Gr\u00e1fica rupestre de La Colorada, Sonora\u201d, por el arque\u00f3logo C\u00e9sar Quijada L\u00f3pez, el pr\u00f3ximo viernes 25 de junio, a las 18 horas de Sonora, v\u00eda zoom y Facebook Live.<\/p>\n<p>El objetivo de este programa permanente de conferencias, es impulsar la divulgaci\u00f3n de las investigaciones antropol\u00f3gicas, arqueol\u00f3gicas e hist\u00f3ricas, que realizan los diversos especialistas del INAH en Sonora; continuando con la comunicaci\u00f3n y vinculaci\u00f3n con la sociedad para el conocimiento de su patrimonio cultural, bajo las nuevas modalidades virtuales que marca la contingencia de salud actual.<\/p>\n<p>La conferencia abordar\u00e1 datos y elementos de un sitio arqueol\u00f3gico que contiene pinturas rupestres, llamado \u201cEl Divisadero\u201d, en el municipio de La Colorada, dentro de la cuenca del r\u00edo Sonora, una de las regiones en que se ha dividido a Sonora, desde la perspectiva de investigaci\u00f3n, como una propuesta de regionalizaci\u00f3n de las manifestaciones gr\u00e1fico rupestres.<\/p>\n<p>El Arqlgo. C\u00e9sar Quijada menciona que \u201ceste tipo de manifestaciones culturales, se han interpretado por parte de varios especialistas, como el producto de iniciados, sacerdotes o chamanes, d\u00e1ndole un matiz m\u00e1gico religioso; en lo personal pensamos que la gr\u00e1fica rupestre no es solamente lo anteriormente expuesto, sino que tambi\u00e9n son expresiones de los antiguos habitantes de este territorio, que hoy conocemos como Sonora, donde dejaron plasmado en abrigos rocosos y cuevas, lo que ellos vieron, conocieron y sintieron, que les era importante\u201d.<\/p>\n<p>Agreg\u00f3 que la investigaci\u00f3n en el sitio, inici\u00f3 gracias al presb\u00edtero Armando Armenta, que inform\u00f3 de la existencia de este lugar con pinturas rupestres al oeste de la poblaci\u00f3n de La Colorada, por lo que se procedi\u00f3 a realizar inspecci\u00f3n y registro oficial correspondiente por los investigadores del INAH.<\/p>\n<p>El expositor es egresado de la Licenciatura de Arqueolog\u00eda de la Escuela Nacional de Antropolog\u00eda e Historia (ENAH), Maestro en Historia de M\u00e9xico por la Facultad de Filosof\u00eda y Letras de la Universidad Nacional Aut\u00f3noma de M\u00e9xico. Investigador del Instituto Nacional de Antropolog\u00eda e Historia desde julio de 1978. Ha participado en diversos proyectos de investigaci\u00f3n y conservaci\u00f3n del patrimonio arqueol\u00f3gico en el Estado de M\u00e9xico, Guerrero, Quer\u00e9taro y Sonora, donde actualmente coordina el Registro del Cat\u00e1logo de Sitios Arqueol\u00f3gicos del Estado de Sonora, desde 2002.<\/p>\n<p>&nbsp;<\/p>\n<p>&nbsp;<\/p>\n<p>&nbsp;<\/p>\n<p>Ha sido profesor en las especialidades de Arqueolog\u00eda y Antropolog\u00eda F\u00edsica de la ENAH, en el Colegio de Historia de la Facultad de Filosof\u00eda y Letras de la UNAM y de la Licenciatura de Historia de la Universidad de Sonora.\u00a0 Ha sido director del Centro Regional Sonora del INAH de 1989 a 1993. Presidente de la Sociedad Sonorense de Historia de 2001 al 2003, actualmente es miembro de la Sociedad Mexicana de Antropolog\u00eda A.C., de la Sociedad Sonorense de Historia A.C., de la American Rock Art Research Association y del Colegio Mexicano de Antrop\u00f3logos A.C.<\/p>\n<p>&nbsp;<\/p>\n<p>Fecha de Publicaci\u00f3n\u00a0 martes \/ 22\u00a0 \/ junio \/ 2021<\/p>\n<p>&nbsp;<\/p>\n","protected":false},"excerpt":{"rendered":"<p>&nbsp; ERMOSILLO, SONORA,MX.\u2500\u2500En este mes de junio siguiendo con la programaci\u00f3n del quinto ciclo de&#8230;<\/p>\n","protected":false},"author":1,"featured_media":116903,"comment_status":"open","ping_status":"open","sticky":false,"template":"","format":"standard","meta":{"_monsterinsights_skip_tracking":false,"_monsterinsights_sitenote_active":false,"_monsterinsights_sitenote_note":"","_monsterinsights_sitenote_category":0,"footnotes":""},"categories":[2216],"tags":[5835,5834,15],"class_list":["post"],"yoast_head":" \n<title>Sonora en Equipo. INAH Sonora ofrecer\u00e1 conferencia sobre la gr\u00e1fica rupestre de La Colorada Ciencia y Tecnolog\u00eda<\/title>\n<meta name=\"description\" content=\"&nbsp; ERMOSILLO, SONORA,MX.\u2500\u2500En este mes de junio siguiendo con la programaci\u00f3n del quinto ciclo de conferencias virtuales CAF\u00c9INAH, coordinado por el En Sonora en Equipo publicamos toda la informaci\u00f3n de Sonora, M\u00e9xico y el Mundo de manera oportuna y busca que la libertad de expresi\u00f3n sea real. Visita nuestro medio informativo publicado desde Hermosillo, Sonora. %\" \/>\n<meta name=\"robots\" content=\"index, follow, max-snippet:-1, max-image-preview:large, max-video-preview:-1\" \/>\n<link rel=\"canonical\" href=\"https:\/\/www.sonoraenequipo.com.mx\/inah-sonora-ofrecera-conferencia-sobre-la-grafica-rupestre-de-la-colorada\/\" \/>\n<meta property=\"og:locale\" content=\"es_ES\" \/>\n<meta property=\"og:type\" content=\"article\" \/>\n<meta property=\"og:title\" content=\"Sonora en Equipo. INAH Sonora ofrecer\u00e1 conferencia sobre la gr\u00e1fica rupestre de La Colorada Ciencia y Tecnolog\u00eda\" \/>\n<meta property=\"og:description\" content=\"&nbsp; ERMOSILLO, SONORA,MX.\u2500\u2500En este mes de junio siguiendo con la programaci\u00f3n del quinto ciclo de conferencias virtuales CAF\u00c9INAH, coordinado por el En Sonora en Equipo publicamos toda la informaci\u00f3n de Sonora, M\u00e9xico y el Mundo de manera oportuna y busca que la libertad de expresi\u00f3n sea real. Visita nuestro medio informativo publicado desde Hermosillo, Sonora. %\" \/>\n<meta property=\"og:url\" content=\"https:\/\/www.sonoraenequipo.com.mx\/inah-sonora-ofrecera-conferencia-sobre-la-grafica-rupestre-de-la-colorada\/\" \/>\n<meta property=\"og:site_name\" content=\"Sonora en Equipo.\" \/>\n<meta property=\"article:publisher\" content=\"https:\/\/www.facebook.com\/SonoraEE\/\" \/>\n<meta property=\"article:author\" content=\"https:\/\/www.facebook.com\/SonoraEE\" \/>\n<meta property=\"article:published_time\" content=\"2021-06-23T01:36:10+00:00\" \/>\n<meta property=\"article:modified_time\" content=\"2021-06-23T15:21:09+00:00\" \/>\n<meta property=\"og:image\" content=\"https:\/\/www.sonoraenequipo.com.mx\/storage\/2021\/06\/pictogramas-la-colorada.jpg\" \/>\n\t<meta property=\"og:image:width\" content=\"700\" \/>\n\t<meta property=\"og:image:height\" content=\"400\" \/>\n\t<meta property=\"og:image:type\" content=\"image\/jpeg\" \/>\n<meta name=\"author\" content=\"enequipo\" \/>\n<meta name=\"twitter:card\" content=\"summary_large_image\" \/>\n<meta name=\"twitter:creator\" content=\"@sonoraenequipo\" \/>\n<meta name=\"twitter:site\" content=\"@sonoraenequipo\" \/>\n<meta name=\"twitter:label1\" content=\"Escrito por\" \/>\n\t<meta name=\"twitter:data1\" content=\"enequipo\" \/>\n\t<meta name=\"twitter:label2\" content=\"Tiempo de lectura\" \/>\n\t<meta name=\"twitter:data2\" content=\"3 minutos\" \/>\n<script type=\"application\/ld+json\" class=\"yoast-schema-graph\">{\"@context\":\"https:\/\/schema.org\",\"@graph\":[{\"@type\":\"Article\",\"@id\":\"https:\/\/www.sonoraenequipo.com.mx\/inah-sonora-ofrecera-conferencia-sobre-la-grafica-rupestre-de-la-colorada\/#article\",\"isPartOf\":{\"@id\":\"https:\/\/www.sonoraenequipo.com.mx\/inah-sonora-ofrecera-conferencia-sobre-la-grafica-rupestre-de-la-colorada\/\"},\"author\":{\"name\":\"enequipo\",\"@id\":\"https:\/\/www.sonoraenequipo.com.mx\/#\/schema\/person\/50102df0fb23a8fa9e8effad8fa81386\"},\"headline\":\"INAH Sonora ofrecer\u00e1 conferencia sobre la gr\u00e1fica rupestre de La Colorada\",\"datePublished\":\"2021-06-23T01:36:10+00:00\",\"dateModified\":\"2021-06-23T15:21:09+00:00\",\"mainEntityOfPage\":{\"@id\":\"https:\/\/www.sonoraenequipo.com.mx\/inah-sonora-ofrecera-conferencia-sobre-la-grafica-rupestre-de-la-colorada\/\"},\"wordCount\":570,\"commentCount\":0,\"publisher\":{\"@id\":\"https:\/\/www.sonoraenequipo.com.mx\/#organization\"},\"image\":{\"@id\":\"https:\/\/www.sonoraenequipo.com.mx\/inah-sonora-ofrecera-conferencia-sobre-la-grafica-rupestre-de-la-colorada\/#primaryimage\"},\"thumbnailUrl\":\"https:\/\/www.sonoraenequipo.com.mx\/storage\/2021\/06\/pictogramas-la-colorada.jpg\",\"keywords\":[\"la colorada\",\"pictogramas\",\"Sonora\"],\"articleSection\":[\"Ciencia y Tecnolog\u00eda\"],\"inLanguage\":\"es\",\"potentialAction\":[{\"@type\":\"CommentAction\",\"name\":\"Comment\",\"target\":[\"https:\/\/www.sonoraenequipo.com.mx\/inah-sonora-ofrecera-conferencia-sobre-la-grafica-rupestre-de-la-colorada\/#respond\"]}]},{\"@type\":\"WebPage\",\"@id\":\"https:\/\/www.sonoraenequipo.com.mx\/inah-sonora-ofrecera-conferencia-sobre-la-grafica-rupestre-de-la-colorada\/\",\"url\":\"https:\/\/www.sonoraenequipo.com.mx\/inah-sonora-ofrecera-conferencia-sobre-la-grafica-rupestre-de-la-colorada\/\",\"name\":\"Sonora en Equipo. INAH Sonora ofrecer\u00e1 conferencia sobre la gr\u00e1fica rupestre de La Colorada Ciencia y Tecnolog\u00eda\",\"isPartOf\":{\"@id\":\"https:\/\/www.sonoraenequipo.com.mx\/#website\"},\"primaryImageOfPage\":{\"@id\":\"https:\/\/www.sonoraenequipo.com.mx\/inah-sonora-ofrecera-conferencia-sobre-la-grafica-rupestre-de-la-colorada\/#primaryimage\"},\"image\":{\"@id\":\"https:\/\/www.sonoraenequipo.com.mx\/inah-sonora-ofrecera-conferencia-sobre-la-grafica-rupestre-de-la-colorada\/#primaryimage\"},\"thumbnailUrl\":\"https:\/\/www.sonoraenequipo.com.mx\/storage\/2021\/06\/pictogramas-la-colorada.jpg\",\"datePublished\":\"2021-06-23T01:36:10+00:00\",\"dateModified\":\"2021-06-23T15:21:09+00:00\",\"description\":\"&nbsp; ERMOSILLO, SONORA,MX.\u2500\u2500En este mes de junio siguiendo con la programaci\u00f3n del quinto ciclo de conferencias virtuales CAF\u00c9INAH, coordinado por el En Sonora en Equipo publicamos toda la informaci\u00f3n de Sonora, M\u00e9xico y el Mundo de manera oportuna y busca que la libertad de expresi\u00f3n sea real. Visita nuestro medio informativo publicado desde Hermosillo, Sonora. %\",\"breadcrumb\":{\"@id\":\"https:\/\/www.sonoraenequipo.com.mx\/inah-sonora-ofrecera-conferencia-sobre-la-grafica-rupestre-de-la-colorada\/#breadcrumb\"},\"inLanguage\":\"es\",\"potentialAction\":[{\"@type\":\"ReadAction\",\"target\":[\"https:\/\/www.sonoraenequipo.com.mx\/inah-sonora-ofrecera-conferencia-sobre-la-grafica-rupestre-de-la-colorada\/\"]}]},{\"@type\":\"ImageObject\",\"inLanguage\":\"es\",\"@id\":\"https:\/\/www.sonoraenequipo.com.mx\/inah-sonora-ofrecera-conferencia-sobre-la-grafica-rupestre-de-la-colorada\/#primaryimage\",\"url\":\"https:\/\/www.sonoraenequipo.com.mx\/storage\/2021\/06\/pictogramas-la-colorada.jpg\",\"contentUrl\":\"https:\/\/www.sonoraenequipo.com.mx\/storage\/2021\/06\/pictogramas-la-colorada.jpg\",\"width\":700,\"height\":400},{\"@type\":\"BreadcrumbList\",\"@id\":\"https:\/\/www.sonoraenequipo.com.mx\/inah-sonora-ofrecera-conferencia-sobre-la-grafica-rupestre-de-la-colorada\/#breadcrumb\",\"itemListElement\":[{\"@type\":\"ListItem\",\"position\":1,\"name\":\"Portada\",\"item\":\"https:\/\/www.sonoraenequipo.com.mx\/\"},{\"@type\":\"ListItem\",\"position\":2,\"name\":\"INAH Sonora ofrecer\u00e1 conferencia sobre la gr\u00e1fica rupestre de La Colorada\"}]},{\"@type\":\"WebSite\",\"@id\":\"https:\/\/www.sonoraenequipo.com.mx\/#website\",\"url\":\"https:\/\/www.sonoraenequipo.com.mx\/\",\"name\":\"Sonora en Equipo.\",\"description\":\"Diario en l\u00ednea con Noticias desde Hermosillo, Sonora\",\"publisher\":{\"@id\":\"https:\/\/www.sonoraenequipo.com.mx\/#organization\"},\"potentialAction\":[{\"@type\":\"SearchAction\",\"target\":{\"@type\":\"EntryPoint\",\"urlTemplate\":\"https:\/\/www.sonoraenequipo.com.mx\/?s={search_term_string}\"},\"query-input\":{\"@type\":\"PropertyValueSpecification\",\"valueRequired\":true,\"valueName\":\"search_term_string\"}}],\"inLanguage\":\"es\"},{\"@type\":\"Organization\",\"@id\":\"https:\/\/www.sonoraenequipo.com.mx\/#organization\",\"name\":\"Sonoraenequipo.com.mx\",\"url\":\"https:\/\/www.sonoraenequipo.com.mx\/\",\"logo\":{\"@type\":\"ImageObject\",\"inLanguage\":\"es\",\"@id\":\"https:\/\/www.sonoraenequipo.com.mx\/#\/schema\/logo\/image\/\",\"url\":\"https:\/\/www.sonoraenequipo.com.mx\/storage\/2019\/01\/sonoraenequipo_opt.png\",\"contentUrl\":\"https:\/\/www.sonoraenequipo.com.mx\/storage\/2019\/01\/sonoraenequipo_opt.png\",\"width\":375,\"height\":125,\"caption\":\"Sonoraenequipo.com.mx\"},\"image\":{\"@id\":\"https:\/\/www.sonoraenequipo.com.mx\/#\/schema\/logo\/image\/\"},\"sameAs\":[\"https:\/\/www.facebook.com\/SonoraEE\/\",\"https:\/\/x.com\/sonoraenequipo\",\"https:\/\/www.youtube.com\/channel\/UC338nW-lPEYmJQs4ZABQ1SQ\"]},{\"@type\":\"Person\",\"@id\":\"https:\/\/www.sonoraenequipo.com.mx\/#\/schema\/person\/50102df0fb23a8fa9e8effad8fa81386\",\"name\":\"enequipo\",\"image\":{\"@type\":\"ImageObject\",\"inLanguage\":\"es\",\"@id\":\"https:\/\/www.sonoraenequipo.com.mx\/#\/schema\/person\/image\/\",\"url\":\"https:\/\/secure.gravatar.com\/avatar\/049821681b589dabc0bc20695993ccebb09f5b5d4d790cd9251b97faac7c652b?s=96&d=blank&r=g\",\"contentUrl\":\"https:\/\/secure.gravatar.com\/avatar\/049821681b589dabc0bc20695993ccebb09f5b5d4d790cd9251b97faac7c652b?s=96&d=blank&r=g\",\"caption\":\"enequipo\"},\"sameAs\":[\"https:\/\/www.facebook.com\/SonoraEE\"]}]}<\/script>\n ","yoast_head_json":{"title":"Sonora en Equipo. INAH Sonora ofrecer\u00e1 conferencia sobre la gr\u00e1fica rupestre de La Colorada Ciencia y Tecnolog\u00eda","description":"&nbsp; ERMOSILLO, SONORA,MX.\u2500\u2500En este mes de junio siguiendo con la programaci\u00f3n del quinto ciclo de conferencias virtuales CAF\u00c9INAH, coordinado por el En Sonora en Equipo publicamos toda la informaci\u00f3n de Sonora, M\u00e9xico y el Mundo de manera oportuna y busca que la libertad de expresi\u00f3n sea real. Visita nuestro medio informativo publicado desde Hermosillo, Sonora. %","robots":{"index":"index","follow":"follow","max-snippet":"max-snippet:-1","max-image-preview":"max-image-preview:large","max-video-preview":"max-video-preview:-1"},"canonical":"https:\/\/www.sonoraenequipo.com.mx\/inah-sonora-ofrecera-conferencia-sobre-la-grafica-rupestre-de-la-colorada\/","og_locale":"es_ES","og_type":"article","og_title":"Sonora en Equipo. INAH Sonora ofrecer\u00e1 conferencia sobre la gr\u00e1fica rupestre de La Colorada Ciencia y Tecnolog\u00eda","og_description":"&nbsp; ERMOSILLO, SONORA,MX.\u2500\u2500En este mes de junio siguiendo con la programaci\u00f3n del quinto ciclo de conferencias virtuales CAF\u00c9INAH, coordinado por el En Sonora en Equipo publicamos toda la informaci\u00f3n de Sonora, M\u00e9xico y el Mundo de manera oportuna y busca que la libertad de expresi\u00f3n sea real. Visita nuestro medio informativo publicado desde Hermosillo, Sonora. %","og_url":"https:\/\/www.sonoraenequipo.com.mx\/inah-sonora-ofrecera-conferencia-sobre-la-grafica-rupestre-de-la-colorada\/","og_site_name":"Sonora en Equipo.","article_publisher":"https:\/\/www.facebook.com\/SonoraEE\/","article_author":"https:\/\/www.facebook.com\/SonoraEE","article_published_time":"2021-06-23T01:36:10+00:00","article_modified_time":"2021-06-23T15:21:09+00:00","og_image":[{"width":700,"height":400,"url":"https:\/\/www.sonoraenequipo.com.mx\/storage\/2021\/06\/pictogramas-la-colorada.jpg","type":"image\/jpeg"}],"author":"enequipo","twitter_card":"summary_large_image","twitter_creator":"@sonoraenequipo","twitter_site":"@sonoraenequipo","twitter_misc":{"Escrito por":"enequipo","Tiempo de lectura":"3 minutos"},"schema":{"@context":"https:\/\/schema.org","@graph":[{"@type":"Article","@id":"https:\/\/www.sonoraenequipo.com.mx\/inah-sonora-ofrecera-conferencia-sobre-la-grafica-rupestre-de-la-colorada\/#article","isPartOf":{"@id":"https:\/\/www.sonoraenequipo.com.mx\/inah-sonora-ofrecera-conferencia-sobre-la-grafica-rupestre-de-la-colorada\/"},"author":{"name":"enequipo","@id":"https:\/\/www.sonoraenequipo.com.mx\/#\/schema\/person\/50102df0fb23a8fa9e8effad8fa81386"},"headline":"INAH Sonora ofrecer\u00e1 conferencia sobre la gr\u00e1fica rupestre de La Colorada","datePublished":"2021-06-23T01:36:10+00:00","dateModified":"2021-06-23T15:21:09+00:00","mainEntityOfPage":{"@id":"https:\/\/www.sonoraenequipo.com.mx\/inah-sonora-ofrecera-conferencia-sobre-la-grafica-rupestre-de-la-colorada\/"},"wordCount":570,"commentCount":0,"publisher":{"@id":"https:\/\/www.sonoraenequipo.com.mx\/#organization"},"image":{"@id":"https:\/\/www.sonoraenequipo.com.mx\/inah-sonora-ofrecera-conferencia-sobre-la-grafica-rupestre-de-la-colorada\/#primaryimage"},"thumbnailUrl":"https:\/\/www.sonoraenequipo.com.mx\/storage\/2021\/06\/pictogramas-la-colorada.jpg","keywords":["la colorada","pictogramas","Sonora"],"articleSection":["Ciencia y Tecnolog\u00eda"],"inLanguage":"es","potentialAction":[{"@type":"CommentAction","name":"Comment","target":["https:\/\/www.sonoraenequipo.com.mx\/inah-sonora-ofrecera-conferencia-sobre-la-grafica-rupestre-de-la-colorada\/#respond"]}]},{"@type":"WebPage","@id":"https:\/\/www.sonoraenequipo.com.mx\/inah-sonora-ofrecera-conferencia-sobre-la-grafica-rupestre-de-la-colorada\/","url":"https:\/\/www.sonoraenequipo.com.mx\/inah-sonora-ofrecera-conferencia-sobre-la-grafica-rupestre-de-la-colorada\/","name":"Sonora en Equipo. INAH Sonora ofrecer\u00e1 conferencia sobre la gr\u00e1fica rupestre de La Colorada Ciencia y Tecnolog\u00eda","isPartOf":{"@id":"https:\/\/www.sonoraenequipo.com.mx\/#website"},"primaryImageOfPage":{"@id":"https:\/\/www.sonoraenequipo.com.mx\/inah-sonora-ofrecera-conferencia-sobre-la-grafica-rupestre-de-la-colorada\/#primaryimage"},"image":{"@id":"https:\/\/www.sonoraenequipo.com.mx\/inah-sonora-ofrecera-conferencia-sobre-la-grafica-rupestre-de-la-colorada\/#primaryimage"},"thumbnailUrl":"https:\/\/www.sonoraenequipo.com.mx\/storage\/2021\/06\/pictogramas-la-colorada.jpg","datePublished":"2021-06-23T01:36:10+00:00","dateModified":"2021-06-23T15:21:09+00:00","description":"&nbsp; ERMOSILLO, SONORA,MX.\u2500\u2500En este mes de junio siguiendo con la programaci\u00f3n del quinto ciclo de conferencias virtuales CAF\u00c9INAH, coordinado por el En Sonora en Equipo publicamos toda la informaci\u00f3n de Sonora, M\u00e9xico y el Mundo de manera oportuna y busca que la libertad de expresi\u00f3n sea real. Visita nuestro medio informativo publicado desde Hermosillo, Sonora. %","breadcrumb":{"@id":"https:\/\/www.sonoraenequipo.com.mx\/inah-sonora-ofrecera-conferencia-sobre-la-grafica-rupestre-de-la-colorada\/#breadcrumb"},"inLanguage":"es","potentialAction":[{"@type":"ReadAction","target":["https:\/\/www.sonoraenequipo.com.mx\/inah-sonora-ofrecera-conferencia-sobre-la-grafica-rupestre-de-la-colorada\/"]}]},{"@type":"ImageObject","inLanguage":"es","@id":"https:\/\/www.sonoraenequipo.com.mx\/inah-sonora-ofrecera-conferencia-sobre-la-grafica-rupestre-de-la-colorada\/#primaryimage","url":"https:\/\/www.sonoraenequipo.com.mx\/storage\/2021\/06\/pictogramas-la-colorada.jpg","contentUrl":"https:\/\/www.sonoraenequipo.com.mx\/storage\/2021\/06\/pictogramas-la-colorada.jpg","width":700,"height":400},{"@type":"BreadcrumbList","@id":"https:\/\/www.sonoraenequipo.com.mx\/inah-sonora-ofrecera-conferencia-sobre-la-grafica-rupestre-de-la-colorada\/#breadcrumb","itemListElement":[{"@type":"ListItem","position":1,"name":"Portada","item":"https:\/\/www.sonoraenequipo.com.mx\/"},{"@type":"ListItem","position":2,"name":"INAH Sonora ofrecer\u00e1 conferencia sobre la gr\u00e1fica rupestre de La Colorada"}]},{"@type":"WebSite","@id":"https:\/\/www.sonoraenequipo.com.mx\/#website","url":"https:\/\/www.sonoraenequipo.com.mx\/","name":"Sonora en Equipo.","description":"Diario en l\u00ednea con Noticias desde Hermosillo, Sonora","publisher":{"@id":"https:\/\/www.sonoraenequipo.com.mx\/#organization"},"potentialAction":[{"@type":"SearchAction","target":{"@type":"EntryPoint","urlTemplate":"https:\/\/www.sonoraenequipo.com.mx\/?s={search_term_string}"},"query-input":{"@type":"PropertyValueSpecification","valueRequired":true,"valueName":"search_term_string"}}],"inLanguage":"es"},{"@type":"Organization","@id":"https:\/\/www.sonoraenequipo.com.mx\/#organization","name":"Sonoraenequipo.com.mx","url":"https:\/\/www.sonoraenequipo.com.mx\/","logo":{"@type":"ImageObject","inLanguage":"es","@id":"https:\/\/www.sonoraenequipo.com.mx\/#\/schema\/logo\/image\/","url":"https:\/\/www.sonoraenequipo.com.mx\/storage\/2019\/01\/sonoraenequipo_opt.png","contentUrl":"https:\/\/www.sonoraenequipo.com.mx\/storage\/2019\/01\/sonoraenequipo_opt.png","width":375,"height":125,"caption":"Sonoraenequipo.com.mx"},"image":{"@id":"https:\/\/www.sonoraenequipo.com.mx\/#\/schema\/logo\/image\/"},"sameAs":["https:\/\/www.facebook.com\/SonoraEE\/","https:\/\/x.com\/sonoraenequipo","https:\/\/www.youtube.com\/channel\/UC338nW-lPEYmJQs4ZABQ1SQ"]},{"@type":"Person","@id":"https:\/\/www.sonoraenequipo.com.mx\/#\/schema\/person\/50102df0fb23a8fa9e8effad8fa81386","name":"enequipo","image":{"@type":"ImageObject","inLanguage":"es","@id":"https:\/\/www.sonoraenequipo.com.mx\/#\/schema\/person\/image\/","url":"https:\/\/secure.gravatar.com\/avatar\/049821681b589dabc0bc20695993ccebb09f5b5d4d790cd9251b97faac7c652b?s=96&d=blank&r=g","contentUrl":"https:\/\/secure.gravatar.com\/avatar\/049821681b589dabc0bc20695993ccebb09f5b5d4d790cd9251b97faac7c652b?s=96&d=blank&r=g","caption":"enequipo"},"sameAs":["https:\/\/www.facebook.com\/SonoraEE"]}]}},"jetpack_featured_media_url":"https:\/\/www.sonoraenequipo.com.mx\/storage\/2021\/06\/pictogramas-la-colorada.jpg","_links":{"self":[{"href":"https:\/\/www.sonoraenequipo.com.mx\/api\/wp\/v2\/posts\/116902","targetHints":{"allow":["GET"]}}],"collection":[{"href":"https:\/\/www.sonoraenequipo.com.mx\/api\/wp\/v2\/posts"}],"about":[{"href":"https:\/\/www.sonoraenequipo.com.mx\/api\/wp\/v2\/types\/post"}],"author":[{"embeddable":true,"href":"https:\/\/www.sonoraenequipo.com.mx\/api\/wp\/v2\/users\/1"}],"replies":[{"embeddable":true,"href":"https:\/\/www.sonoraenequipo.com.mx\/api\/wp\/v2\/comments?post=116902"}],"version-history":[{"count":1,"href":"https:\/\/www.sonoraenequipo.com.mx\/api\/wp\/v2\/posts\/116902\/revisions"}],"predecessor-version":[{"id":116904,"href":"https:\/\/www.sonoraenequipo.com.mx\/api\/wp\/v2\/posts\/116902\/revisions\/116904"}],"wp:featuredmedia":[{"embeddable":true,"href":"https:\/\/www.sonoraenequipo.com.mx\/api\/wp\/v2\/media\/116903"}],"wp:attachment":[{"href":"https:\/\/www.sonoraenequipo.com.mx\/api\/wp\/v2\/media?parent=116902"}],"wp:term":[{"taxonomy":"category","embeddable":true,"href":"https:\/\/www.sonoraenequipo.com.mx\/api\/wp\/v2\/categories?post=116902"},{"taxonomy":"post_tag","embeddable":true,"href":"https:\/\/www.sonoraenequipo.com.mx\/api\/wp\/v2\/tags?post=116902"}],"curies":[{"name":"wp","href":"https:\/\/api.w.org\/{rel}","templated":true}]}}