{"id":116905,"date":"2021-06-22T19:48:44","date_gmt":"2021-06-23T02:48:44","guid":{"rendered":"https:\/\/www.sonoraenequipo.com.mx\/?p=116905"},"modified":"2021-06-23T08:20:02","modified_gmt":"2021-06-23T15:20:02","slug":"fortalece-gobierno-del-estado-a-mipymes-durante-la-pandemia-por-covid-19","status":"publish","type":"post","link":"https:\/\/www.sonoraenequipo.com.mx\/fortalece-gobierno-del-estado-a-mipymes-durante-la-pandemia-por-covid-19\/","title":{"rendered":"Fortalece Gobierno del Estado a MiPymes durante la pandemia por Covid-19"},"content":{"rendered":"<p>Fortalece Gobierno del Estado a MiPymes durante la pandemia por Covid-19<\/p>\n<p>&nbsp;<\/p>\n<p>HERMOSILLO, SONORA,MX.\u2500\u2500\u00a0 Durante la pandemia por COVID-19, la Secretar\u00eda de Econom\u00eda ha implementado una serie de estrategias para contribuir a la consolidaci\u00f3n de las MiPymes sonorenses, a trav\u00e9s de diferentes capacitaciones, resalt\u00f3 Luis N\u00fa\u00f1ez Noriega.<\/p>\n<p>&nbsp;<\/p>\n<p>El vocero del Plan de Reactivaci\u00f3n Econ\u00f3mica en la entidad y coordinador de Fomento al Turismo, mencion\u00f3 que con el impulso de la gobernadora Claudia Pavlovich Arellano y del secretario de Econom\u00eda, Jorge Vidal Ahumada, se imparti\u00f3 la semana pasada la capacitaci\u00f3n para microempresarios \u201cGu\u00eda ABC para Emprender tu Negocio\u201d, adem\u00e1s de m\u00faltiples capacitaciones en la implementaci\u00f3n de protocolos de bioseguridad al interior de los centros de trabajo y negocios, comercializaci\u00f3n en l\u00ednea y cobros digitales, comercializaci\u00f3n en pa\u00edses asi\u00e1ticos, entre otros.<\/p>\n<p>&nbsp;<\/p>\n<p>\u201cGran parte de las estrategias implementadas en el actual gobierno van dirigidas de manera importante en la reactivaci\u00f3n de las MiPymes sonorenses, a su capacitaci\u00f3n y su incorporaci\u00f3n a la cadena de proveedur\u00eda de las grandes empresas que se instalan en Sonora\u201d, indic\u00f3.<\/p>\n<p>&nbsp;<\/p>\n<p>N\u00fa\u00f1ez Noriega a\u00f1adi\u00f3 que parte fundamental de la reactivaci\u00f3n econ\u00f3mica han sido las MiPyMes sonorenses, las cuales generan 75 por ciento de los empleos en la entidad y aportan m\u00e1s de 50 por ciento del PIB estatal.<\/p>\n<p>&nbsp;<\/p>\n<p>\u201cTanto en Sonora como en M\u00e9xico, la econom\u00eda necesita que esas micro, peque\u00f1as y medianas empresas logren desarrollarse e integrarse a las grandes cadenas de valor y se logren establecer como red de proveedores locales para las empresas m\u00e1s grandes y que los gobiernos privilegien la proveedur\u00eda de las Mipymes locales, para asegurar su sobrevivencia en los primeros a\u00f1os y consolidar su desarrollo y potenciar su crecimiento\u201d, se\u00f1al\u00f3.<\/p>\n<p>&nbsp;<\/p>\n<p>Agreg\u00f3 que solamente 12.6 por ciento de estas empresas han reconocido dar capacitaci\u00f3n a sus empleados, principalmente en \u00e1reas de comercio, servicios e industria maquiladora y el motivo por el que la mayor\u00eda no se involucra con grandes empresas es por la falta de informaci\u00f3n.<\/p>\n<p>&nbsp;<\/p>\n<p>\u201cAprovecho para invitarte al nuevo ciclo de capacitaciones que realizar\u00e1 esta Secretar\u00eda, a trav\u00e9s del \u00e1rea de impulso a la comercializaci\u00f3n, con el tema \u201cSelect USA: El Programa de Asistencia para Expandir tu Negocio a Estados Unidos\u201d, que se realizar\u00e1 de manera virtual y gratuita el d\u00eda 23 de junio a las 10:00 de la ma\u00f1ana. Puedes confirmar asistencia a trav\u00e9s de las redes sociales de Econom\u00eda Sonora\u201d, dijo.<\/p>\n<p>&nbsp;<\/p>\n<p>Tambi\u00e9n invit\u00f3 al curso de Neuroliderazgo que se impartir\u00e1 el viernes 25 de junio de 10:00 de la ma\u00f1ana a 12:00 de medio d\u00eda, sin costo y de manera presencial y llam\u00f3 a visitar las redes sociales de Econom\u00eda Sonora para obtener m\u00e1s informaci\u00f3n.<\/p>\n<p>El titular de Cofetur dijo que Sonora sigue de pie y generando n\u00fameros positivos en la recuperaci\u00f3n y reactivaci\u00f3n de su econom\u00eda, con estrategias como la atracci\u00f3n de inversiones, trayendo consigo la generaci\u00f3n de empleos bien remunerados y mejores condiciones de vida para las y los sonorenses, clave fundamental de la estrategia del gobierno estatal en la lucha contra la pobreza en la entidad.<\/p>\n<p>&nbsp;<\/p>\n<p>Mencion\u00f3 como ejemplo el caso de la empresa Zobele Group, que realiz\u00f3 una ampliaci\u00f3n de 24 mil metros cuadrados a su planta en Sonora, que se estima concluya este mes, con una inversi\u00f3n superior a los 500 millones de pesos y una ampliaci\u00f3n de su plantilla laboral, con lo cual ratifica su confianza y compromiso con el estado.<\/p>\n<p>Fecha de Publicaci\u00f3n\u00a0 martes \/ 22\u00a0 \/ junio \/ 2021<\/p>\n<p>&nbsp;<\/p>\n","protected":false},"excerpt":{"rendered":"<p>Fortalece Gobierno del Estado a MiPymes durante la pandemia por Covid-19 &nbsp; HERMOSILLO, SONORA,MX.\u2500\u2500\u00a0 Durante&#8230;<\/p>\n","protected":false},"author":1,"featured_media":111940,"comment_status":"open","ping_status":"open","sticky":false,"template":"","format":"standard","meta":{"_monsterinsights_skip_tracking":false,"_monsterinsights_sitenote_active":false,"_monsterinsights_sitenote_note":"","_monsterinsights_sitenote_category":0,"footnotes":""},"categories":[22],"tags":[93,15],"class_list":["post"],"yoast_head":" \n<title>Sonora en Equipo. Fortalece Gobierno del Estado a MiPymes durante la pandemia por Covid-19 Sonora<\/title>\n<meta name=\"description\" content=\"Fortalece Gobierno del Estado a MiPymes durante la pandemia por Covid-19 &nbsp; HERMOSILLO, SONORA,MX.\u2500\u2500\u00a0 Durante la pandemia por COVID-19, la Secretar\u00eda En Sonora en Equipo publicamos toda la informaci\u00f3n de Sonora, M\u00e9xico y el Mundo de manera oportuna y busca que la libertad de expresi\u00f3n sea real. Visita nuestro medio informativo publicado desde Hermosillo, Sonora. %\" \/>\n<meta name=\"robots\" content=\"index, follow, max-snippet:-1, max-image-preview:large, max-video-preview:-1\" \/>\n<link rel=\"canonical\" href=\"https:\/\/www.sonoraenequipo.com.mx\/fortalece-gobierno-del-estado-a-mipymes-durante-la-pandemia-por-covid-19\/\" \/>\n<meta property=\"og:locale\" content=\"es_ES\" \/>\n<meta property=\"og:type\" content=\"article\" \/>\n<meta property=\"og:title\" content=\"Sonora en Equipo. Fortalece Gobierno del Estado a MiPymes durante la pandemia por Covid-19 Sonora\" \/>\n<meta property=\"og:description\" content=\"Fortalece Gobierno del Estado a MiPymes durante la pandemia por Covid-19 &nbsp; HERMOSILLO, SONORA,MX.\u2500\u2500\u00a0 Durante la pandemia por COVID-19, la Secretar\u00eda En Sonora en Equipo publicamos toda la informaci\u00f3n de Sonora, M\u00e9xico y el Mundo de manera oportuna y busca que la libertad de expresi\u00f3n sea real. Visita nuestro medio informativo publicado desde Hermosillo, Sonora. %\" \/>\n<meta property=\"og:url\" content=\"https:\/\/www.sonoraenequipo.com.mx\/fortalece-gobierno-del-estado-a-mipymes-durante-la-pandemia-por-covid-19\/\" \/>\n<meta property=\"og:site_name\" content=\"Sonora en Equipo.\" \/>\n<meta property=\"article:publisher\" content=\"https:\/\/www.facebook.com\/SonoraEE\/\" \/>\n<meta property=\"article:author\" content=\"https:\/\/www.facebook.com\/SonoraEE\" \/>\n<meta property=\"article:published_time\" content=\"2021-06-23T02:48:44+00:00\" \/>\n<meta property=\"article:modified_time\" content=\"2021-06-23T15:20:02+00:00\" \/>\n<meta property=\"og:image\" content=\"https:\/\/www.sonoraenequipo.com.mx\/storage\/2021\/04\/sec-economia_vidal-ahumada_opt.jpg\" \/>\n\t<meta property=\"og:image:width\" content=\"600\" \/>\n\t<meta property=\"og:image:height\" content=\"400\" \/>\n\t<meta property=\"og:image:type\" content=\"image\/jpeg\" \/>\n<meta name=\"author\" content=\"enequipo\" \/>\n<meta name=\"twitter:card\" content=\"summary_large_image\" \/>\n<meta name=\"twitter:creator\" content=\"@sonoraenequipo\" \/>\n<meta name=\"twitter:site\" content=\"@sonoraenequipo\" \/>\n<meta name=\"twitter:label1\" content=\"Escrito por\" \/>\n\t<meta name=\"twitter:data1\" content=\"enequipo\" \/>\n\t<meta name=\"twitter:label2\" content=\"Tiempo de lectura\" \/>\n\t<meta name=\"twitter:data2\" content=\"3 minutos\" \/>\n<script type=\"application\/ld+json\" class=\"yoast-schema-graph\">{\"@context\":\"https:\/\/schema.org\",\"@graph\":[{\"@type\":\"Article\",\"@id\":\"https:\/\/www.sonoraenequipo.com.mx\/fortalece-gobierno-del-estado-a-mipymes-durante-la-pandemia-por-covid-19\/#article\",\"isPartOf\":{\"@id\":\"https:\/\/www.sonoraenequipo.com.mx\/fortalece-gobierno-del-estado-a-mipymes-durante-la-pandemia-por-covid-19\/\"},\"author\":{\"name\":\"enequipo\",\"@id\":\"https:\/\/www.sonoraenequipo.com.mx\/#\/schema\/person\/50102df0fb23a8fa9e8effad8fa81386\"},\"headline\":\"Fortalece Gobierno del Estado a MiPymes durante la pandemia por Covid-19\",\"datePublished\":\"2021-06-23T02:48:44+00:00\",\"dateModified\":\"2021-06-23T15:20:02+00:00\",\"mainEntityOfPage\":{\"@id\":\"https:\/\/www.sonoraenequipo.com.mx\/fortalece-gobierno-del-estado-a-mipymes-durante-la-pandemia-por-covid-19\/\"},\"wordCount\":633,\"commentCount\":0,\"publisher\":{\"@id\":\"https:\/\/www.sonoraenequipo.com.mx\/#organization\"},\"image\":{\"@id\":\"https:\/\/www.sonoraenequipo.com.mx\/fortalece-gobierno-del-estado-a-mipymes-durante-la-pandemia-por-covid-19\/#primaryimage\"},\"thumbnailUrl\":\"https:\/\/www.sonoraenequipo.com.mx\/storage\/2021\/04\/sec-economia_vidal-ahumada_opt.jpg\",\"keywords\":[\"econom\u00eda\",\"Sonora\"],\"articleSection\":[\"Sonora\"],\"inLanguage\":\"es\",\"potentialAction\":[{\"@type\":\"CommentAction\",\"name\":\"Comment\",\"target\":[\"https:\/\/www.sonoraenequipo.com.mx\/fortalece-gobierno-del-estado-a-mipymes-durante-la-pandemia-por-covid-19\/#respond\"]}]},{\"@type\":\"WebPage\",\"@id\":\"https:\/\/www.sonoraenequipo.com.mx\/fortalece-gobierno-del-estado-a-mipymes-durante-la-pandemia-por-covid-19\/\",\"url\":\"https:\/\/www.sonoraenequipo.com.mx\/fortalece-gobierno-del-estado-a-mipymes-durante-la-pandemia-por-covid-19\/\",\"name\":\"Sonora en Equipo. Fortalece Gobierno del Estado a MiPymes durante la pandemia por Covid-19 Sonora\",\"isPartOf\":{\"@id\":\"https:\/\/www.sonoraenequipo.com.mx\/#website\"},\"primaryImageOfPage\":{\"@id\":\"https:\/\/www.sonoraenequipo.com.mx\/fortalece-gobierno-del-estado-a-mipymes-durante-la-pandemia-por-covid-19\/#primaryimage\"},\"image\":{\"@id\":\"https:\/\/www.sonoraenequipo.com.mx\/fortalece-gobierno-del-estado-a-mipymes-durante-la-pandemia-por-covid-19\/#primaryimage\"},\"thumbnailUrl\":\"https:\/\/www.sonoraenequipo.com.mx\/storage\/2021\/04\/sec-economia_vidal-ahumada_opt.jpg\",\"datePublished\":\"2021-06-23T02:48:44+00:00\",\"dateModified\":\"2021-06-23T15:20:02+00:00\",\"description\":\"Fortalece Gobierno del Estado a MiPymes durante la pandemia por Covid-19 &nbsp; HERMOSILLO, SONORA,MX.\u2500\u2500\u00a0 Durante la pandemia por COVID-19, la Secretar\u00eda En Sonora en Equipo publicamos toda la informaci\u00f3n de Sonora, M\u00e9xico y el Mundo de manera oportuna y busca que la libertad de expresi\u00f3n sea real. Visita nuestro medio informativo publicado desde Hermosillo, Sonora. %\",\"breadcrumb\":{\"@id\":\"https:\/\/www.sonoraenequipo.com.mx\/fortalece-gobierno-del-estado-a-mipymes-durante-la-pandemia-por-covid-19\/#breadcrumb\"},\"inLanguage\":\"es\",\"potentialAction\":[{\"@type\":\"ReadAction\",\"target\":[\"https:\/\/www.sonoraenequipo.com.mx\/fortalece-gobierno-del-estado-a-mipymes-durante-la-pandemia-por-covid-19\/\"]}]},{\"@type\":\"ImageObject\",\"inLanguage\":\"es\",\"@id\":\"https:\/\/www.sonoraenequipo.com.mx\/fortalece-gobierno-del-estado-a-mipymes-durante-la-pandemia-por-covid-19\/#primaryimage\",\"url\":\"https:\/\/www.sonoraenequipo.com.mx\/storage\/2021\/04\/sec-economia_vidal-ahumada_opt.jpg\",\"contentUrl\":\"https:\/\/www.sonoraenequipo.com.mx\/storage\/2021\/04\/sec-economia_vidal-ahumada_opt.jpg\",\"width\":600,\"height\":400},{\"@type\":\"BreadcrumbList\",\"@id\":\"https:\/\/www.sonoraenequipo.com.mx\/fortalece-gobierno-del-estado-a-mipymes-durante-la-pandemia-por-covid-19\/#breadcrumb\",\"itemListElement\":[{\"@type\":\"ListItem\",\"position\":1,\"name\":\"Portada\",\"item\":\"https:\/\/www.sonoraenequipo.com.mx\/\"},{\"@type\":\"ListItem\",\"position\":2,\"name\":\"Fortalece Gobierno del Estado a MiPymes durante la pandemia por Covid-19\"}]},{\"@type\":\"WebSite\",\"@id\":\"https:\/\/www.sonoraenequipo.com.mx\/#website\",\"url\":\"https:\/\/www.sonoraenequipo.com.mx\/\",\"name\":\"Sonora en Equipo.\",\"description\":\"Diario en l\u00ednea con Noticias desde Hermosillo, Sonora\",\"publisher\":{\"@id\":\"https:\/\/www.sonoraenequipo.com.mx\/#organization\"},\"potentialAction\":[{\"@type\":\"SearchAction\",\"target\":{\"@type\":\"EntryPoint\",\"urlTemplate\":\"https:\/\/www.sonoraenequipo.com.mx\/?s={search_term_string}\"},\"query-input\":{\"@type\":\"PropertyValueSpecification\",\"valueRequired\":true,\"valueName\":\"search_term_string\"}}],\"inLanguage\":\"es\"},{\"@type\":\"Organization\",\"@id\":\"https:\/\/www.sonoraenequipo.com.mx\/#organization\",\"name\":\"Sonoraenequipo.com.mx\",\"url\":\"https:\/\/www.sonoraenequipo.com.mx\/\",\"logo\":{\"@type\":\"ImageObject\",\"inLanguage\":\"es\",\"@id\":\"https:\/\/www.sonoraenequipo.com.mx\/#\/schema\/logo\/image\/\",\"url\":\"https:\/\/www.sonoraenequipo.com.mx\/storage\/2019\/01\/sonoraenequipo_opt.png\",\"contentUrl\":\"https:\/\/www.sonoraenequipo.com.mx\/storage\/2019\/01\/sonoraenequipo_opt.png\",\"width\":375,\"height\":125,\"caption\":\"Sonoraenequipo.com.mx\"},\"image\":{\"@id\":\"https:\/\/www.sonoraenequipo.com.mx\/#\/schema\/logo\/image\/\"},\"sameAs\":[\"https:\/\/www.facebook.com\/SonoraEE\/\",\"https:\/\/x.com\/sonoraenequipo\",\"https:\/\/www.youtube.com\/channel\/UC338nW-lPEYmJQs4ZABQ1SQ\"]},{\"@type\":\"Person\",\"@id\":\"https:\/\/www.sonoraenequipo.com.mx\/#\/schema\/person\/50102df0fb23a8fa9e8effad8fa81386\",\"name\":\"enequipo\",\"image\":{\"@type\":\"ImageObject\",\"inLanguage\":\"es\",\"@id\":\"https:\/\/www.sonoraenequipo.com.mx\/#\/schema\/person\/image\/\",\"url\":\"https:\/\/secure.gravatar.com\/avatar\/049821681b589dabc0bc20695993ccebb09f5b5d4d790cd9251b97faac7c652b?s=96&d=blank&r=g\",\"contentUrl\":\"https:\/\/secure.gravatar.com\/avatar\/049821681b589dabc0bc20695993ccebb09f5b5d4d790cd9251b97faac7c652b?s=96&d=blank&r=g\",\"caption\":\"enequipo\"},\"sameAs\":[\"https:\/\/www.facebook.com\/SonoraEE\"]}]}<\/script>\n ","yoast_head_json":{"title":"Sonora en Equipo. Fortalece Gobierno del Estado a MiPymes durante la pandemia por Covid-19 Sonora","description":"Fortalece Gobierno del Estado a MiPymes durante la pandemia por Covid-19 &nbsp; HERMOSILLO, SONORA,MX.\u2500\u2500\u00a0 Durante la pandemia por COVID-19, la Secretar\u00eda En Sonora en Equipo publicamos toda la informaci\u00f3n de Sonora, M\u00e9xico y el Mundo de manera oportuna y busca que la libertad de expresi\u00f3n sea real. Visita nuestro medio informativo publicado desde Hermosillo, Sonora. %","robots":{"index":"index","follow":"follow","max-snippet":"max-snippet:-1","max-image-preview":"max-image-preview:large","max-video-preview":"max-video-preview:-1"},"canonical":"https:\/\/www.sonoraenequipo.com.mx\/fortalece-gobierno-del-estado-a-mipymes-durante-la-pandemia-por-covid-19\/","og_locale":"es_ES","og_type":"article","og_title":"Sonora en Equipo. Fortalece Gobierno del Estado a MiPymes durante la pandemia por Covid-19 Sonora","og_description":"Fortalece Gobierno del Estado a MiPymes durante la pandemia por Covid-19 &nbsp; HERMOSILLO, SONORA,MX.\u2500\u2500\u00a0 Durante la pandemia por COVID-19, la Secretar\u00eda En Sonora en Equipo publicamos toda la informaci\u00f3n de Sonora, M\u00e9xico y el Mundo de manera oportuna y busca que la libertad de expresi\u00f3n sea real. Visita nuestro medio informativo publicado desde Hermosillo, Sonora. %","og_url":"https:\/\/www.sonoraenequipo.com.mx\/fortalece-gobierno-del-estado-a-mipymes-durante-la-pandemia-por-covid-19\/","og_site_name":"Sonora en Equipo.","article_publisher":"https:\/\/www.facebook.com\/SonoraEE\/","article_author":"https:\/\/www.facebook.com\/SonoraEE","article_published_time":"2021-06-23T02:48:44+00:00","article_modified_time":"2021-06-23T15:20:02+00:00","og_image":[{"width":600,"height":400,"url":"https:\/\/www.sonoraenequipo.com.mx\/storage\/2021\/04\/sec-economia_vidal-ahumada_opt.jpg","type":"image\/jpeg"}],"author":"enequipo","twitter_card":"summary_large_image","twitter_creator":"@sonoraenequipo","twitter_site":"@sonoraenequipo","twitter_misc":{"Escrito por":"enequipo","Tiempo de lectura":"3 minutos"},"schema":{"@context":"https:\/\/schema.org","@graph":[{"@type":"Article","@id":"https:\/\/www.sonoraenequipo.com.mx\/fortalece-gobierno-del-estado-a-mipymes-durante-la-pandemia-por-covid-19\/#article","isPartOf":{"@id":"https:\/\/www.sonoraenequipo.com.mx\/fortalece-gobierno-del-estado-a-mipymes-durante-la-pandemia-por-covid-19\/"},"author":{"name":"enequipo","@id":"https:\/\/www.sonoraenequipo.com.mx\/#\/schema\/person\/50102df0fb23a8fa9e8effad8fa81386"},"headline":"Fortalece Gobierno del Estado a MiPymes durante la pandemia por Covid-19","datePublished":"2021-06-23T02:48:44+00:00","dateModified":"2021-06-23T15:20:02+00:00","mainEntityOfPage":{"@id":"https:\/\/www.sonoraenequipo.com.mx\/fortalece-gobierno-del-estado-a-mipymes-durante-la-pandemia-por-covid-19\/"},"wordCount":633,"commentCount":0,"publisher":{"@id":"https:\/\/www.sonoraenequipo.com.mx\/#organization"},"image":{"@id":"https:\/\/www.sonoraenequipo.com.mx\/fortalece-gobierno-del-estado-a-mipymes-durante-la-pandemia-por-covid-19\/#primaryimage"},"thumbnailUrl":"https:\/\/www.sonoraenequipo.com.mx\/storage\/2021\/04\/sec-economia_vidal-ahumada_opt.jpg","keywords":["econom\u00eda","Sonora"],"articleSection":["Sonora"],"inLanguage":"es","potentialAction":[{"@type":"CommentAction","name":"Comment","target":["https:\/\/www.sonoraenequipo.com.mx\/fortalece-gobierno-del-estado-a-mipymes-durante-la-pandemia-por-covid-19\/#respond"]}]},{"@type":"WebPage","@id":"https:\/\/www.sonoraenequipo.com.mx\/fortalece-gobierno-del-estado-a-mipymes-durante-la-pandemia-por-covid-19\/","url":"https:\/\/www.sonoraenequipo.com.mx\/fortalece-gobierno-del-estado-a-mipymes-durante-la-pandemia-por-covid-19\/","name":"Sonora en Equipo. Fortalece Gobierno del Estado a MiPymes durante la pandemia por Covid-19 Sonora","isPartOf":{"@id":"https:\/\/www.sonoraenequipo.com.mx\/#website"},"primaryImageOfPage":{"@id":"https:\/\/www.sonoraenequipo.com.mx\/fortalece-gobierno-del-estado-a-mipymes-durante-la-pandemia-por-covid-19\/#primaryimage"},"image":{"@id":"https:\/\/www.sonoraenequipo.com.mx\/fortalece-gobierno-del-estado-a-mipymes-durante-la-pandemia-por-covid-19\/#primaryimage"},"thumbnailUrl":"https:\/\/www.sonoraenequipo.com.mx\/storage\/2021\/04\/sec-economia_vidal-ahumada_opt.jpg","datePublished":"2021-06-23T02:48:44+00:00","dateModified":"2021-06-23T15:20:02+00:00","description":"Fortalece Gobierno del Estado a MiPymes durante la pandemia por Covid-19 &nbsp; HERMOSILLO, SONORA,MX.\u2500\u2500\u00a0 Durante la pandemia por COVID-19, la Secretar\u00eda En Sonora en Equipo publicamos toda la informaci\u00f3n de Sonora, M\u00e9xico y el Mundo de manera oportuna y busca que la libertad de expresi\u00f3n sea real. Visita nuestro medio informativo publicado desde Hermosillo, Sonora. %","breadcrumb":{"@id":"https:\/\/www.sonoraenequipo.com.mx\/fortalece-gobierno-del-estado-a-mipymes-durante-la-pandemia-por-covid-19\/#breadcrumb"},"inLanguage":"es","potentialAction":[{"@type":"ReadAction","target":["https:\/\/www.sonoraenequipo.com.mx\/fortalece-gobierno-del-estado-a-mipymes-durante-la-pandemia-por-covid-19\/"]}]},{"@type":"ImageObject","inLanguage":"es","@id":"https:\/\/www.sonoraenequipo.com.mx\/fortalece-gobierno-del-estado-a-mipymes-durante-la-pandemia-por-covid-19\/#primaryimage","url":"https:\/\/www.sonoraenequipo.com.mx\/storage\/2021\/04\/sec-economia_vidal-ahumada_opt.jpg","contentUrl":"https:\/\/www.sonoraenequipo.com.mx\/storage\/2021\/04\/sec-economia_vidal-ahumada_opt.jpg","width":600,"height":400},{"@type":"BreadcrumbList","@id":"https:\/\/www.sonoraenequipo.com.mx\/fortalece-gobierno-del-estado-a-mipymes-durante-la-pandemia-por-covid-19\/#breadcrumb","itemListElement":[{"@type":"ListItem","position":1,"name":"Portada","item":"https:\/\/www.sonoraenequipo.com.mx\/"},{"@type":"ListItem","position":2,"name":"Fortalece Gobierno del Estado a MiPymes durante la pandemia por Covid-19"}]},{"@type":"WebSite","@id":"https:\/\/www.sonoraenequipo.com.mx\/#website","url":"https:\/\/www.sonoraenequipo.com.mx\/","name":"Sonora en Equipo.","description":"Diario en l\u00ednea con Noticias desde Hermosillo, Sonora","publisher":{"@id":"https:\/\/www.sonoraenequipo.com.mx\/#organization"},"potentialAction":[{"@type":"SearchAction","target":{"@type":"EntryPoint","urlTemplate":"https:\/\/www.sonoraenequipo.com.mx\/?s={search_term_string}"},"query-input":{"@type":"PropertyValueSpecification","valueRequired":true,"valueName":"search_term_string"}}],"inLanguage":"es"},{"@type":"Organization","@id":"https:\/\/www.sonoraenequipo.com.mx\/#organization","name":"Sonoraenequipo.com.mx","url":"https:\/\/www.sonoraenequipo.com.mx\/","logo":{"@type":"ImageObject","inLanguage":"es","@id":"https:\/\/www.sonoraenequipo.com.mx\/#\/schema\/logo\/image\/","url":"https:\/\/www.sonoraenequipo.com.mx\/storage\/2019\/01\/sonoraenequipo_opt.png","contentUrl":"https:\/\/www.sonoraenequipo.com.mx\/storage\/2019\/01\/sonoraenequipo_opt.png","width":375,"height":125,"caption":"Sonoraenequipo.com.mx"},"image":{"@id":"https:\/\/www.sonoraenequipo.com.mx\/#\/schema\/logo\/image\/"},"sameAs":["https:\/\/www.facebook.com\/SonoraEE\/","https:\/\/x.com\/sonoraenequipo","https:\/\/www.youtube.com\/channel\/UC338nW-lPEYmJQs4ZABQ1SQ"]},{"@type":"Person","@id":"https:\/\/www.sonoraenequipo.com.mx\/#\/schema\/person\/50102df0fb23a8fa9e8effad8fa81386","name":"enequipo","image":{"@type":"ImageObject","inLanguage":"es","@id":"https:\/\/www.sonoraenequipo.com.mx\/#\/schema\/person\/image\/","url":"https:\/\/secure.gravatar.com\/avatar\/049821681b589dabc0bc20695993ccebb09f5b5d4d790cd9251b97faac7c652b?s=96&d=blank&r=g","contentUrl":"https:\/\/secure.gravatar.com\/avatar\/049821681b589dabc0bc20695993ccebb09f5b5d4d790cd9251b97faac7c652b?s=96&d=blank&r=g","caption":"enequipo"},"sameAs":["https:\/\/www.facebook.com\/SonoraEE"]}]}},"jetpack_featured_media_url":"https:\/\/www.sonoraenequipo.com.mx\/storage\/2021\/04\/sec-economia_vidal-ahumada_opt.jpg","_links":{"self":[{"href":"https:\/\/www.sonoraenequipo.com.mx\/api\/wp\/v2\/posts\/116905","targetHints":{"allow":["GET"]}}],"collection":[{"href":"https:\/\/www.sonoraenequipo.com.mx\/api\/wp\/v2\/posts"}],"about":[{"href":"https:\/\/www.sonoraenequipo.com.mx\/api\/wp\/v2\/types\/post"}],"author":[{"embeddable":true,"href":"https:\/\/www.sonoraenequipo.com.mx\/api\/wp\/v2\/users\/1"}],"replies":[{"embeddable":true,"href":"https:\/\/www.sonoraenequipo.com.mx\/api\/wp\/v2\/comments?post=116905"}],"version-history":[{"count":1,"href":"https:\/\/www.sonoraenequipo.com.mx\/api\/wp\/v2\/posts\/116905\/revisions"}],"predecessor-version":[{"id":116906,"href":"https:\/\/www.sonoraenequipo.com.mx\/api\/wp\/v2\/posts\/116905\/revisions\/116906"}],"wp:featuredmedia":[{"embeddable":true,"href":"https:\/\/www.sonoraenequipo.com.mx\/api\/wp\/v2\/media\/111940"}],"wp:attachment":[{"href":"https:\/\/www.sonoraenequipo.com.mx\/api\/wp\/v2\/media?parent=116905"}],"wp:term":[{"taxonomy":"category","embeddable":true,"href":"https:\/\/www.sonoraenequipo.com.mx\/api\/wp\/v2\/categories?post=116905"},{"taxonomy":"post_tag","embeddable":true,"href":"https:\/\/www.sonoraenequipo.com.mx\/api\/wp\/v2\/tags?post=116905"}],"curies":[{"name":"wp","href":"https:\/\/api.w.org\/{rel}","templated":true}]}}