{"id":116912,"date":"2021-06-22T14:01:29","date_gmt":"2021-06-22T21:01:29","guid":{"rendered":"https:\/\/www.sonoraenequipo.com.mx\/?p=116912"},"modified":"2021-06-23T08:25:08","modified_gmt":"2021-06-23T15:25:08","slug":"admite-jueza-amparo-contra-ampliacion-de-mandato-de-la-scjn","status":"publish","type":"post","link":"https:\/\/www.sonoraenequipo.com.mx\/admite-jueza-amparo-contra-ampliacion-de-mandato-de-la-scjn\/","title":{"rendered":"Admite jueza amparo contra ampliaci\u00f3n de mandato de la SCJN"},"content":{"rendered":"<p>CIUDAD DE M\u00c9XICO. MX. \u2014 La jueza S\u00e9ptimo de Distrito en Materia Administrativa de la Ciudad de M\u00e9xico, Laura Guti\u00e9rrez de Velasco Romo, admiti\u00f3 a tr\u00e1mite la primera demanda de amparo contra la ampliaci\u00f3n de mandato del ministro presidente de la Suprema Corte de Justicia de la Naci\u00f3n, Arturo Zaldivar Lelo de Larrea.<\/p>\n<p>&nbsp;<\/p>\n<p> <\/p>\n<p>&nbsp;<\/p>\n<p>La mencionada jueza acept\u00f3 el amparo interpuesto contra el art\u00edculo d\u00e9cimo tercero transitorio de la reforma a la Ley Org\u00e1nica del Poder Judicial de la Federaci\u00f3n, el cual establece que el actual mandato de Zaldivar al frente de la Suprema Corte de Justicia de la Naci\u00f3n se ampl\u00eda por dos a\u00f1os m\u00e1s y que fue agregado de \u00faltima hora en la \u00faltima reforma a la mencionada ley.<\/p>\n<p>&nbsp;<\/p>\n<p>&nbsp;<\/p>\n<p>La ampliaci\u00f3n de mandato del ministro presidente de la Suprema Corte de Justicia de la Naci\u00f3n fue duramente criticada por varios integrantes de la clase pol\u00edtica mexicana al considerar que esto viola el art\u00edculo 94 de la Constituci\u00f3n Pol\u00edtica de los Estados Unidos Mexicanos que habla sobre la duraci\u00f3n en el cargo del ministro.<\/p>\n<p>&nbsp;<\/p>\n<p>&nbsp;<\/p>\n<p>Fue apenas la semana pasada cuando el ministro presidente de la Suprema Corte de Justicia de la Naci\u00f3n Arturo Zald\u00edvar Lelo de Larrea someti\u00f3 a consulta del pleno de la Corte la constitucionalidad del mencionado art\u00edculo, lo cual fue turnado a al ministro Jos\u00e9 Fernando Franco Gonz\u00e1lez Salas y ahora la jueza que acept\u00f3 revisar el amparo cito para el pr\u00f3ximo 4 de agosto para la celebraci\u00f3n de la audiencia constitucional en la cual se decidir\u00e1 si concede o no el amparo interpuesto por un ciudadano.<\/p>\n<p>&nbsp;<\/p>\n<p>(Publicada el 22\/06\/2021 \/Juan Pablo Hern\u00e1ndez)<\/p>\n","protected":false},"excerpt":{"rendered":"<p>CIUDAD DE M\u00c9XICO. MX. \u2014 La jueza S\u00e9ptimo de Distrito en Materia Administrativa de la&#8230;<\/p>\n","protected":false},"author":1,"featured_media":116907,"comment_status":"open","ping_status":"open","sticky":false,"template":"","format":"standard","meta":{"_monsterinsights_skip_tracking":false,"_monsterinsights_sitenote_active":false,"_monsterinsights_sitenote_note":"","_monsterinsights_sitenote_category":0,"footnotes":""},"categories":[5],"tags":[],"class_list":["post"],"yoast_head":" \n<title>Sonora en Equipo. Admite jueza amparo contra ampliaci\u00f3n de mandato de la SCJN Rep\u00fablica<\/title>\n<meta name=\"description\" content=\"CIUDAD DE M\u00c9XICO. MX. \u2014 La jueza S\u00e9ptimo de Distrito en Materia Administrativa de la Ciudad de M\u00e9xico, Laura Guti\u00e9rrez de Velasco Romo, admiti\u00f3 a tr\u00e1mite En Sonora en Equipo publicamos toda la informaci\u00f3n de Sonora, M\u00e9xico y el Mundo de manera oportuna y busca que la libertad de expresi\u00f3n sea real. Visita nuestro medio informativo publicado desde Hermosillo, Sonora. %\" \/>\n<meta name=\"robots\" content=\"index, follow, max-snippet:-1, max-image-preview:large, max-video-preview:-1\" \/>\n<link rel=\"canonical\" href=\"https:\/\/www.sonoraenequipo.com.mx\/admite-jueza-amparo-contra-ampliacion-de-mandato-de-la-scjn\/\" \/>\n<meta property=\"og:locale\" content=\"es_ES\" \/>\n<meta property=\"og:type\" content=\"article\" \/>\n<meta property=\"og:title\" content=\"Sonora en Equipo. Admite jueza amparo contra ampliaci\u00f3n de mandato de la SCJN Rep\u00fablica\" \/>\n<meta property=\"og:description\" content=\"CIUDAD DE M\u00c9XICO. MX. \u2014 La jueza S\u00e9ptimo de Distrito en Materia Administrativa de la Ciudad de M\u00e9xico, Laura Guti\u00e9rrez de Velasco Romo, admiti\u00f3 a tr\u00e1mite En Sonora en Equipo publicamos toda la informaci\u00f3n de Sonora, M\u00e9xico y el Mundo de manera oportuna y busca que la libertad de expresi\u00f3n sea real. Visita nuestro medio informativo publicado desde Hermosillo, Sonora. %\" \/>\n<meta property=\"og:url\" content=\"https:\/\/www.sonoraenequipo.com.mx\/admite-jueza-amparo-contra-ampliacion-de-mandato-de-la-scjn\/\" \/>\n<meta property=\"og:site_name\" content=\"Sonora en Equipo.\" \/>\n<meta property=\"article:publisher\" content=\"https:\/\/www.facebook.com\/SonoraEE\/\" \/>\n<meta property=\"article:author\" content=\"https:\/\/www.facebook.com\/SonoraEE\" \/>\n<meta property=\"article:published_time\" content=\"2021-06-22T21:01:29+00:00\" \/>\n<meta property=\"article:modified_time\" content=\"2021-06-23T15:25:08+00:00\" \/>\n<meta property=\"og:image\" content=\"https:\/\/www.sonoraenequipo.com.mx\/storage\/2021\/06\/saldivar_opt.jpg\" \/>\n\t<meta property=\"og:image:width\" content=\"700\" \/>\n\t<meta property=\"og:image:height\" content=\"400\" \/>\n\t<meta property=\"og:image:type\" content=\"image\/jpeg\" \/>\n<meta name=\"author\" content=\"enequipo\" \/>\n<meta name=\"twitter:card\" content=\"summary_large_image\" \/>\n<meta name=\"twitter:creator\" content=\"@sonoraenequipo\" \/>\n<meta name=\"twitter:site\" content=\"@sonoraenequipo\" \/>\n<meta name=\"twitter:label1\" content=\"Escrito por\" \/>\n\t<meta name=\"twitter:data1\" content=\"enequipo\" \/>\n\t<meta name=\"twitter:label2\" content=\"Tiempo de lectura\" \/>\n\t<meta name=\"twitter:data2\" content=\"2 minutos\" \/>\n<script type=\"application\/ld+json\" class=\"yoast-schema-graph\">{\"@context\":\"https:\/\/schema.org\",\"@graph\":[{\"@type\":\"Article\",\"@id\":\"https:\/\/www.sonoraenequipo.com.mx\/admite-jueza-amparo-contra-ampliacion-de-mandato-de-la-scjn\/#article\",\"isPartOf\":{\"@id\":\"https:\/\/www.sonoraenequipo.com.mx\/admite-jueza-amparo-contra-ampliacion-de-mandato-de-la-scjn\/\"},\"author\":{\"name\":\"enequipo\",\"@id\":\"https:\/\/www.sonoraenequipo.com.mx\/#\/schema\/person\/50102df0fb23a8fa9e8effad8fa81386\"},\"headline\":\"Admite jueza amparo contra ampliaci\u00f3n de mandato de la SCJN\",\"datePublished\":\"2021-06-22T21:01:29+00:00\",\"dateModified\":\"2021-06-23T15:25:08+00:00\",\"mainEntityOfPage\":{\"@id\":\"https:\/\/www.sonoraenequipo.com.mx\/admite-jueza-amparo-contra-ampliacion-de-mandato-de-la-scjn\/\"},\"wordCount\":309,\"commentCount\":0,\"publisher\":{\"@id\":\"https:\/\/www.sonoraenequipo.com.mx\/#organization\"},\"image\":{\"@id\":\"https:\/\/www.sonoraenequipo.com.mx\/admite-jueza-amparo-contra-ampliacion-de-mandato-de-la-scjn\/#primaryimage\"},\"thumbnailUrl\":\"https:\/\/www.sonoraenequipo.com.mx\/storage\/2021\/06\/saldivar_opt.jpg\",\"articleSection\":[\"Rep\u00fablica\"],\"inLanguage\":\"es\",\"potentialAction\":[{\"@type\":\"CommentAction\",\"name\":\"Comment\",\"target\":[\"https:\/\/www.sonoraenequipo.com.mx\/admite-jueza-amparo-contra-ampliacion-de-mandato-de-la-scjn\/#respond\"]}]},{\"@type\":\"WebPage\",\"@id\":\"https:\/\/www.sonoraenequipo.com.mx\/admite-jueza-amparo-contra-ampliacion-de-mandato-de-la-scjn\/\",\"url\":\"https:\/\/www.sonoraenequipo.com.mx\/admite-jueza-amparo-contra-ampliacion-de-mandato-de-la-scjn\/\",\"name\":\"Sonora en Equipo. Admite jueza amparo contra ampliaci\u00f3n de mandato de la SCJN Rep\u00fablica\",\"isPartOf\":{\"@id\":\"https:\/\/www.sonoraenequipo.com.mx\/#website\"},\"primaryImageOfPage\":{\"@id\":\"https:\/\/www.sonoraenequipo.com.mx\/admite-jueza-amparo-contra-ampliacion-de-mandato-de-la-scjn\/#primaryimage\"},\"image\":{\"@id\":\"https:\/\/www.sonoraenequipo.com.mx\/admite-jueza-amparo-contra-ampliacion-de-mandato-de-la-scjn\/#primaryimage\"},\"thumbnailUrl\":\"https:\/\/www.sonoraenequipo.com.mx\/storage\/2021\/06\/saldivar_opt.jpg\",\"datePublished\":\"2021-06-22T21:01:29+00:00\",\"dateModified\":\"2021-06-23T15:25:08+00:00\",\"description\":\"CIUDAD DE M\u00c9XICO. MX. \u2014 La jueza S\u00e9ptimo de Distrito en Materia Administrativa de la Ciudad de M\u00e9xico, Laura Guti\u00e9rrez de Velasco Romo, admiti\u00f3 a tr\u00e1mite En Sonora en Equipo publicamos toda la informaci\u00f3n de Sonora, M\u00e9xico y el Mundo de manera oportuna y busca que la libertad de expresi\u00f3n sea real. Visita nuestro medio informativo publicado desde Hermosillo, Sonora. %\",\"breadcrumb\":{\"@id\":\"https:\/\/www.sonoraenequipo.com.mx\/admite-jueza-amparo-contra-ampliacion-de-mandato-de-la-scjn\/#breadcrumb\"},\"inLanguage\":\"es\",\"potentialAction\":[{\"@type\":\"ReadAction\",\"target\":[\"https:\/\/www.sonoraenequipo.com.mx\/admite-jueza-amparo-contra-ampliacion-de-mandato-de-la-scjn\/\"]}]},{\"@type\":\"ImageObject\",\"inLanguage\":\"es\",\"@id\":\"https:\/\/www.sonoraenequipo.com.mx\/admite-jueza-amparo-contra-ampliacion-de-mandato-de-la-scjn\/#primaryimage\",\"url\":\"https:\/\/www.sonoraenequipo.com.mx\/storage\/2021\/06\/saldivar_opt.jpg\",\"contentUrl\":\"https:\/\/www.sonoraenequipo.com.mx\/storage\/2021\/06\/saldivar_opt.jpg\",\"width\":700,\"height\":400},{\"@type\":\"BreadcrumbList\",\"@id\":\"https:\/\/www.sonoraenequipo.com.mx\/admite-jueza-amparo-contra-ampliacion-de-mandato-de-la-scjn\/#breadcrumb\",\"itemListElement\":[{\"@type\":\"ListItem\",\"position\":1,\"name\":\"Portada\",\"item\":\"https:\/\/www.sonoraenequipo.com.mx\/\"},{\"@type\":\"ListItem\",\"position\":2,\"name\":\"Admite jueza amparo contra ampliaci\u00f3n de mandato de la SCJN\"}]},{\"@type\":\"WebSite\",\"@id\":\"https:\/\/www.sonoraenequipo.com.mx\/#website\",\"url\":\"https:\/\/www.sonoraenequipo.com.mx\/\",\"name\":\"Sonora en Equipo.\",\"description\":\"Diario en l\u00ednea con Noticias desde Hermosillo, Sonora\",\"publisher\":{\"@id\":\"https:\/\/www.sonoraenequipo.com.mx\/#organization\"},\"potentialAction\":[{\"@type\":\"SearchAction\",\"target\":{\"@type\":\"EntryPoint\",\"urlTemplate\":\"https:\/\/www.sonoraenequipo.com.mx\/?s={search_term_string}\"},\"query-input\":{\"@type\":\"PropertyValueSpecification\",\"valueRequired\":true,\"valueName\":\"search_term_string\"}}],\"inLanguage\":\"es\"},{\"@type\":\"Organization\",\"@id\":\"https:\/\/www.sonoraenequipo.com.mx\/#organization\",\"name\":\"Sonoraenequipo.com.mx\",\"url\":\"https:\/\/www.sonoraenequipo.com.mx\/\",\"logo\":{\"@type\":\"ImageObject\",\"inLanguage\":\"es\",\"@id\":\"https:\/\/www.sonoraenequipo.com.mx\/#\/schema\/logo\/image\/\",\"url\":\"https:\/\/www.sonoraenequipo.com.mx\/storage\/2019\/01\/sonoraenequipo_opt.png\",\"contentUrl\":\"https:\/\/www.sonoraenequipo.com.mx\/storage\/2019\/01\/sonoraenequipo_opt.png\",\"width\":375,\"height\":125,\"caption\":\"Sonoraenequipo.com.mx\"},\"image\":{\"@id\":\"https:\/\/www.sonoraenequipo.com.mx\/#\/schema\/logo\/image\/\"},\"sameAs\":[\"https:\/\/www.facebook.com\/SonoraEE\/\",\"https:\/\/x.com\/sonoraenequipo\",\"https:\/\/www.youtube.com\/channel\/UC338nW-lPEYmJQs4ZABQ1SQ\"]},{\"@type\":\"Person\",\"@id\":\"https:\/\/www.sonoraenequipo.com.mx\/#\/schema\/person\/50102df0fb23a8fa9e8effad8fa81386\",\"name\":\"enequipo\",\"image\":{\"@type\":\"ImageObject\",\"inLanguage\":\"es\",\"@id\":\"https:\/\/www.sonoraenequipo.com.mx\/#\/schema\/person\/image\/\",\"url\":\"https:\/\/secure.gravatar.com\/avatar\/049821681b589dabc0bc20695993ccebb09f5b5d4d790cd9251b97faac7c652b?s=96&d=blank&r=g\",\"contentUrl\":\"https:\/\/secure.gravatar.com\/avatar\/049821681b589dabc0bc20695993ccebb09f5b5d4d790cd9251b97faac7c652b?s=96&d=blank&r=g\",\"caption\":\"enequipo\"},\"sameAs\":[\"https:\/\/www.facebook.com\/SonoraEE\"]}]}<\/script>\n ","yoast_head_json":{"title":"Sonora en Equipo. Admite jueza amparo contra ampliaci\u00f3n de mandato de la SCJN Rep\u00fablica","description":"CIUDAD DE M\u00c9XICO. MX. \u2014 La jueza S\u00e9ptimo de Distrito en Materia Administrativa de la Ciudad de M\u00e9xico, Laura Guti\u00e9rrez de Velasco Romo, admiti\u00f3 a tr\u00e1mite En Sonora en Equipo publicamos toda la informaci\u00f3n de Sonora, M\u00e9xico y el Mundo de manera oportuna y busca que la libertad de expresi\u00f3n sea real. Visita nuestro medio informativo publicado desde Hermosillo, Sonora. %","robots":{"index":"index","follow":"follow","max-snippet":"max-snippet:-1","max-image-preview":"max-image-preview:large","max-video-preview":"max-video-preview:-1"},"canonical":"https:\/\/www.sonoraenequipo.com.mx\/admite-jueza-amparo-contra-ampliacion-de-mandato-de-la-scjn\/","og_locale":"es_ES","og_type":"article","og_title":"Sonora en Equipo. Admite jueza amparo contra ampliaci\u00f3n de mandato de la SCJN Rep\u00fablica","og_description":"CIUDAD DE M\u00c9XICO. MX. \u2014 La jueza S\u00e9ptimo de Distrito en Materia Administrativa de la Ciudad de M\u00e9xico, Laura Guti\u00e9rrez de Velasco Romo, admiti\u00f3 a tr\u00e1mite En Sonora en Equipo publicamos toda la informaci\u00f3n de Sonora, M\u00e9xico y el Mundo de manera oportuna y busca que la libertad de expresi\u00f3n sea real. Visita nuestro medio informativo publicado desde Hermosillo, Sonora. %","og_url":"https:\/\/www.sonoraenequipo.com.mx\/admite-jueza-amparo-contra-ampliacion-de-mandato-de-la-scjn\/","og_site_name":"Sonora en Equipo.","article_publisher":"https:\/\/www.facebook.com\/SonoraEE\/","article_author":"https:\/\/www.facebook.com\/SonoraEE","article_published_time":"2021-06-22T21:01:29+00:00","article_modified_time":"2021-06-23T15:25:08+00:00","og_image":[{"width":700,"height":400,"url":"https:\/\/www.sonoraenequipo.com.mx\/storage\/2021\/06\/saldivar_opt.jpg","type":"image\/jpeg"}],"author":"enequipo","twitter_card":"summary_large_image","twitter_creator":"@sonoraenequipo","twitter_site":"@sonoraenequipo","twitter_misc":{"Escrito por":"enequipo","Tiempo de lectura":"2 minutos"},"schema":{"@context":"https:\/\/schema.org","@graph":[{"@type":"Article","@id":"https:\/\/www.sonoraenequipo.com.mx\/admite-jueza-amparo-contra-ampliacion-de-mandato-de-la-scjn\/#article","isPartOf":{"@id":"https:\/\/www.sonoraenequipo.com.mx\/admite-jueza-amparo-contra-ampliacion-de-mandato-de-la-scjn\/"},"author":{"name":"enequipo","@id":"https:\/\/www.sonoraenequipo.com.mx\/#\/schema\/person\/50102df0fb23a8fa9e8effad8fa81386"},"headline":"Admite jueza amparo contra ampliaci\u00f3n de mandato de la SCJN","datePublished":"2021-06-22T21:01:29+00:00","dateModified":"2021-06-23T15:25:08+00:00","mainEntityOfPage":{"@id":"https:\/\/www.sonoraenequipo.com.mx\/admite-jueza-amparo-contra-ampliacion-de-mandato-de-la-scjn\/"},"wordCount":309,"commentCount":0,"publisher":{"@id":"https:\/\/www.sonoraenequipo.com.mx\/#organization"},"image":{"@id":"https:\/\/www.sonoraenequipo.com.mx\/admite-jueza-amparo-contra-ampliacion-de-mandato-de-la-scjn\/#primaryimage"},"thumbnailUrl":"https:\/\/www.sonoraenequipo.com.mx\/storage\/2021\/06\/saldivar_opt.jpg","articleSection":["Rep\u00fablica"],"inLanguage":"es","potentialAction":[{"@type":"CommentAction","name":"Comment","target":["https:\/\/www.sonoraenequipo.com.mx\/admite-jueza-amparo-contra-ampliacion-de-mandato-de-la-scjn\/#respond"]}]},{"@type":"WebPage","@id":"https:\/\/www.sonoraenequipo.com.mx\/admite-jueza-amparo-contra-ampliacion-de-mandato-de-la-scjn\/","url":"https:\/\/www.sonoraenequipo.com.mx\/admite-jueza-amparo-contra-ampliacion-de-mandato-de-la-scjn\/","name":"Sonora en Equipo. Admite jueza amparo contra ampliaci\u00f3n de mandato de la SCJN Rep\u00fablica","isPartOf":{"@id":"https:\/\/www.sonoraenequipo.com.mx\/#website"},"primaryImageOfPage":{"@id":"https:\/\/www.sonoraenequipo.com.mx\/admite-jueza-amparo-contra-ampliacion-de-mandato-de-la-scjn\/#primaryimage"},"image":{"@id":"https:\/\/www.sonoraenequipo.com.mx\/admite-jueza-amparo-contra-ampliacion-de-mandato-de-la-scjn\/#primaryimage"},"thumbnailUrl":"https:\/\/www.sonoraenequipo.com.mx\/storage\/2021\/06\/saldivar_opt.jpg","datePublished":"2021-06-22T21:01:29+00:00","dateModified":"2021-06-23T15:25:08+00:00","description":"CIUDAD DE M\u00c9XICO. MX. \u2014 La jueza S\u00e9ptimo de Distrito en Materia Administrativa de la Ciudad de M\u00e9xico, Laura Guti\u00e9rrez de Velasco Romo, admiti\u00f3 a tr\u00e1mite En Sonora en Equipo publicamos toda la informaci\u00f3n de Sonora, M\u00e9xico y el Mundo de manera oportuna y busca que la libertad de expresi\u00f3n sea real. Visita nuestro medio informativo publicado desde Hermosillo, Sonora. %","breadcrumb":{"@id":"https:\/\/www.sonoraenequipo.com.mx\/admite-jueza-amparo-contra-ampliacion-de-mandato-de-la-scjn\/#breadcrumb"},"inLanguage":"es","potentialAction":[{"@type":"ReadAction","target":["https:\/\/www.sonoraenequipo.com.mx\/admite-jueza-amparo-contra-ampliacion-de-mandato-de-la-scjn\/"]}]},{"@type":"ImageObject","inLanguage":"es","@id":"https:\/\/www.sonoraenequipo.com.mx\/admite-jueza-amparo-contra-ampliacion-de-mandato-de-la-scjn\/#primaryimage","url":"https:\/\/www.sonoraenequipo.com.mx\/storage\/2021\/06\/saldivar_opt.jpg","contentUrl":"https:\/\/www.sonoraenequipo.com.mx\/storage\/2021\/06\/saldivar_opt.jpg","width":700,"height":400},{"@type":"BreadcrumbList","@id":"https:\/\/www.sonoraenequipo.com.mx\/admite-jueza-amparo-contra-ampliacion-de-mandato-de-la-scjn\/#breadcrumb","itemListElement":[{"@type":"ListItem","position":1,"name":"Portada","item":"https:\/\/www.sonoraenequipo.com.mx\/"},{"@type":"ListItem","position":2,"name":"Admite jueza amparo contra ampliaci\u00f3n de mandato de la SCJN"}]},{"@type":"WebSite","@id":"https:\/\/www.sonoraenequipo.com.mx\/#website","url":"https:\/\/www.sonoraenequipo.com.mx\/","name":"Sonora en Equipo.","description":"Diario en l\u00ednea con Noticias desde Hermosillo, Sonora","publisher":{"@id":"https:\/\/www.sonoraenequipo.com.mx\/#organization"},"potentialAction":[{"@type":"SearchAction","target":{"@type":"EntryPoint","urlTemplate":"https:\/\/www.sonoraenequipo.com.mx\/?s={search_term_string}"},"query-input":{"@type":"PropertyValueSpecification","valueRequired":true,"valueName":"search_term_string"}}],"inLanguage":"es"},{"@type":"Organization","@id":"https:\/\/www.sonoraenequipo.com.mx\/#organization","name":"Sonoraenequipo.com.mx","url":"https:\/\/www.sonoraenequipo.com.mx\/","logo":{"@type":"ImageObject","inLanguage":"es","@id":"https:\/\/www.sonoraenequipo.com.mx\/#\/schema\/logo\/image\/","url":"https:\/\/www.sonoraenequipo.com.mx\/storage\/2019\/01\/sonoraenequipo_opt.png","contentUrl":"https:\/\/www.sonoraenequipo.com.mx\/storage\/2019\/01\/sonoraenequipo_opt.png","width":375,"height":125,"caption":"Sonoraenequipo.com.mx"},"image":{"@id":"https:\/\/www.sonoraenequipo.com.mx\/#\/schema\/logo\/image\/"},"sameAs":["https:\/\/www.facebook.com\/SonoraEE\/","https:\/\/x.com\/sonoraenequipo","https:\/\/www.youtube.com\/channel\/UC338nW-lPEYmJQs4ZABQ1SQ"]},{"@type":"Person","@id":"https:\/\/www.sonoraenequipo.com.mx\/#\/schema\/person\/50102df0fb23a8fa9e8effad8fa81386","name":"enequipo","image":{"@type":"ImageObject","inLanguage":"es","@id":"https:\/\/www.sonoraenequipo.com.mx\/#\/schema\/person\/image\/","url":"https:\/\/secure.gravatar.com\/avatar\/049821681b589dabc0bc20695993ccebb09f5b5d4d790cd9251b97faac7c652b?s=96&d=blank&r=g","contentUrl":"https:\/\/secure.gravatar.com\/avatar\/049821681b589dabc0bc20695993ccebb09f5b5d4d790cd9251b97faac7c652b?s=96&d=blank&r=g","caption":"enequipo"},"sameAs":["https:\/\/www.facebook.com\/SonoraEE"]}]}},"jetpack_featured_media_url":"https:\/\/www.sonoraenequipo.com.mx\/storage\/2021\/06\/saldivar_opt.jpg","_links":{"self":[{"href":"https:\/\/www.sonoraenequipo.com.mx\/api\/wp\/v2\/posts\/116912","targetHints":{"allow":["GET"]}}],"collection":[{"href":"https:\/\/www.sonoraenequipo.com.mx\/api\/wp\/v2\/posts"}],"about":[{"href":"https:\/\/www.sonoraenequipo.com.mx\/api\/wp\/v2\/types\/post"}],"author":[{"embeddable":true,"href":"https:\/\/www.sonoraenequipo.com.mx\/api\/wp\/v2\/users\/1"}],"replies":[{"embeddable":true,"href":"https:\/\/www.sonoraenequipo.com.mx\/api\/wp\/v2\/comments?post=116912"}],"version-history":[{"count":1,"href":"https:\/\/www.sonoraenequipo.com.mx\/api\/wp\/v2\/posts\/116912\/revisions"}],"predecessor-version":[{"id":116915,"href":"https:\/\/www.sonoraenequipo.com.mx\/api\/wp\/v2\/posts\/116912\/revisions\/116915"}],"wp:featuredmedia":[{"embeddable":true,"href":"https:\/\/www.sonoraenequipo.com.mx\/api\/wp\/v2\/media\/116907"}],"wp:attachment":[{"href":"https:\/\/www.sonoraenequipo.com.mx\/api\/wp\/v2\/media?parent=116912"}],"wp:term":[{"taxonomy":"category","embeddable":true,"href":"https:\/\/www.sonoraenequipo.com.mx\/api\/wp\/v2\/categories?post=116912"},{"taxonomy":"post_tag","embeddable":true,"href":"https:\/\/www.sonoraenequipo.com.mx\/api\/wp\/v2\/tags?post=116912"}],"curies":[{"name":"wp","href":"https:\/\/api.w.org\/{rel}","templated":true}]}}