{"id":116918,"date":"2021-06-22T21:59:30","date_gmt":"2021-06-23T04:59:30","guid":{"rendered":"https:\/\/www.sonoraenequipo.com.mx\/?p=116918"},"modified":"2021-06-22T21:59:30","modified_gmt":"2021-06-23T04:59:30","slug":"restos-localizados-en-vicam-corresponden-al-vocero-de-la-etnia-yaqui-tomas-rojo-valencia-fgje","status":"publish","type":"post","link":"https:\/\/www.sonoraenequipo.com.mx\/restos-localizados-en-vicam-corresponden-al-vocero-de-la-etnia-yaqui-tomas-rojo-valencia-fgje\/","title":{"rendered":"Restos localizados en V\u00edcam corresponden al vocero de la etnia Yaqui, Tom\u00e1s Rojo valencia: FGJE"},"content":{"rendered":"<p>&nbsp;<\/p>\n<p>De acuerdo al Laboratorio de Inteligencia Cient\u00edfica Forense (CIF), FGJE Sonora, inform\u00f3 que<\/p>\n<p>&nbsp;<\/p>\n<p>HERMOSILLO, SONORA,MX.\u2500\u2500 Una vez concluidos los an\u00e1lisis de confronta o comparativa gen\u00e9tica por ADN a los restos localizados el pasado jueves 17 de junio en la comunidad de V\u00edcam, fue posible llegar a la comprobaci\u00f3n cient\u00edfica de que corresponden a quien en vida llevara el nombre de Tom\u00e1s Rojo Valencia, vocero de la etnia Yaqui.<\/p>\n<p>&nbsp;<\/p>\n<p>La identificaci\u00f3n cient\u00edfica de la v\u00edctima se realiz\u00f3 en tres fases:<\/p>\n<p>&nbsp;<\/p>\n<ul>\n<li>En primer t\u00e9rmino, la pre-identificaci\u00f3n:<\/li>\n<\/ul>\n<p>&nbsp;<\/p>\n<p>Inici\u00f3 el mismo d\u00eda del hallazgo, ya que la vestimenta del cuerpo localizado correspond\u00eda a detalle a la que fue descrita por sus familiares el d\u00eda que realizaron la denuncia por su desaparici\u00f3n.<\/p>\n<p>&nbsp;<\/p>\n<ul>\n<li>El segundo paso fue la prueba dactilosc\u00f3pica:<\/li>\n<\/ul>\n<p>&nbsp;<\/p>\n<p>Fue necesario un recurso biot\u00e9cnico de rehidrataci\u00f3n humana, que nos permiti\u00f3 recuperar las huellas dactilares y, de esta manera, realizar la comparativa con sus registros.<\/p>\n<p>&nbsp;<\/p>\n<ul>\n<li>Tercer paso de confirmaci\u00f3n confronta gen\u00e9tica de ADN:<\/li>\n<\/ul>\n<p>&nbsp;<\/p>\n<p>La ma\u00f1ana de este lunes 21 de junio, el proceso de confronta o comparativa de ADN con sus familiares arroj\u00f3 resultados positivos.<\/p>\n<p>&nbsp;<\/p>\n<p>Con ello queda plena y cient\u00edficamente comprobado que se trata de la persona que fue reportada como desaparecida el pasado jueves 27 de mayo ante esta Fiscal\u00eda de Sonora.<\/p>\n<p>&nbsp;<\/p>\n<p>Hasta aqu\u00ed la labor de identificaci\u00f3n humana por parte del personal del Laboratorio de Inteligencia Cient\u00edfica Forense de la Fiscal\u00eda de Justicia de Sonora.<\/p>\n<p>&nbsp;<\/p>\n<p>A partir de este momento, el dictamen pericial de la autopsia, la causa de muerte, as\u00ed como los indicios y datos de prueba recuperados por personal de Servicios Periciales en el lugar del hallazgo, quedan como informaci\u00f3n reservada y protegida para garantizar el debido proceso de la indagatoria.<\/p>\n<p>Fecha de Publicaci\u00f3n\u00a0 martes \/ 22\u00a0 \/ junio \/ 2021<\/p>\n","protected":false},"excerpt":{"rendered":"<p>&nbsp; De acuerdo al Laboratorio de Inteligencia Cient\u00edfica Forense (CIF), FGJE Sonora, inform\u00f3 que &nbsp;&#8230;<\/p>\n","protected":false},"author":1,"featured_media":115494,"comment_status":"open","ping_status":"open","sticky":false,"template":"","format":"standard","meta":{"_monsterinsights_skip_tracking":false,"_monsterinsights_sitenote_active":false,"_monsterinsights_sitenote_note":"","_monsterinsights_sitenote_category":0,"footnotes":""},"categories":[1],"tags":[5825],"class_list":["post"],"yoast_head":" \n<title>Sonora en Equipo. Restos localizados en V\u00edcam corresponden al vocero de la etnia Yaqui, Tom\u00e1s Rojo valencia: FGJE<\/title>\n<meta name=\"description\" content=\"&nbsp; De acuerdo al Laboratorio de Inteligencia Cient\u00edfica Forense (CIF), FGJE Sonora, inform\u00f3 que &nbsp; HERMOSILLO, SONORA,MX.\u2500\u2500 Una vez concluidos los En Sonora en Equipo publicamos toda la informaci\u00f3n de Sonora, M\u00e9xico y el Mundo de manera oportuna y busca que la libertad de expresi\u00f3n sea real. Visita nuestro medio informativo publicado desde Hermosillo, Sonora. %\" \/>\n<meta name=\"robots\" content=\"index, follow, max-snippet:-1, max-image-preview:large, max-video-preview:-1\" \/>\n<link rel=\"canonical\" href=\"https:\/\/www.sonoraenequipo.com.mx\/restos-localizados-en-vicam-corresponden-al-vocero-de-la-etnia-yaqui-tomas-rojo-valencia-fgje\/\" \/>\n<meta property=\"og:locale\" content=\"es_ES\" \/>\n<meta property=\"og:type\" content=\"article\" \/>\n<meta property=\"og:title\" content=\"Sonora en Equipo. Restos localizados en V\u00edcam corresponden al vocero de la etnia Yaqui, Tom\u00e1s Rojo valencia: FGJE\" \/>\n<meta property=\"og:description\" content=\"&nbsp; De acuerdo al Laboratorio de Inteligencia Cient\u00edfica Forense (CIF), FGJE Sonora, inform\u00f3 que &nbsp; HERMOSILLO, SONORA,MX.\u2500\u2500 Una vez concluidos los En Sonora en Equipo publicamos toda la informaci\u00f3n de Sonora, M\u00e9xico y el Mundo de manera oportuna y busca que la libertad de expresi\u00f3n sea real. Visita nuestro medio informativo publicado desde Hermosillo, Sonora. %\" \/>\n<meta property=\"og:url\" content=\"https:\/\/www.sonoraenequipo.com.mx\/restos-localizados-en-vicam-corresponden-al-vocero-de-la-etnia-yaqui-tomas-rojo-valencia-fgje\/\" \/>\n<meta property=\"og:site_name\" content=\"Sonora en Equipo.\" \/>\n<meta property=\"article:publisher\" content=\"https:\/\/www.facebook.com\/SonoraEE\/\" \/>\n<meta property=\"article:author\" content=\"https:\/\/www.facebook.com\/SonoraEE\" \/>\n<meta property=\"article:published_time\" content=\"2021-06-23T04:59:30+00:00\" \/>\n<meta property=\"og:image\" content=\"https:\/\/www.sonoraenequipo.com.mx\/storage\/2021\/06\/tomas-rojo_opt.jpg\" \/>\n\t<meta property=\"og:image:width\" content=\"700\" \/>\n\t<meta property=\"og:image:height\" content=\"400\" \/>\n\t<meta property=\"og:image:type\" content=\"image\/jpeg\" \/>\n<meta name=\"author\" content=\"enequipo\" \/>\n<meta name=\"twitter:card\" content=\"summary_large_image\" \/>\n<meta name=\"twitter:creator\" content=\"@sonoraenequipo\" \/>\n<meta name=\"twitter:site\" content=\"@sonoraenequipo\" \/>\n<meta name=\"twitter:label1\" content=\"Escrito por\" \/>\n\t<meta name=\"twitter:data1\" content=\"enequipo\" \/>\n\t<meta name=\"twitter:label2\" content=\"Tiempo de lectura\" \/>\n\t<meta name=\"twitter:data2\" content=\"2 minutos\" \/>\n<script type=\"application\/ld+json\" class=\"yoast-schema-graph\">{\"@context\":\"https:\/\/schema.org\",\"@graph\":[{\"@type\":\"Article\",\"@id\":\"https:\/\/www.sonoraenequipo.com.mx\/restos-localizados-en-vicam-corresponden-al-vocero-de-la-etnia-yaqui-tomas-rojo-valencia-fgje\/#article\",\"isPartOf\":{\"@id\":\"https:\/\/www.sonoraenequipo.com.mx\/restos-localizados-en-vicam-corresponden-al-vocero-de-la-etnia-yaqui-tomas-rojo-valencia-fgje\/\"},\"author\":{\"name\":\"enequipo\",\"@id\":\"https:\/\/www.sonoraenequipo.com.mx\/#\/schema\/person\/50102df0fb23a8fa9e8effad8fa81386\"},\"headline\":\"Restos localizados en V\u00edcam corresponden al vocero de la etnia Yaqui, Tom\u00e1s Rojo valencia: FGJE\",\"datePublished\":\"2021-06-23T04:59:30+00:00\",\"mainEntityOfPage\":{\"@id\":\"https:\/\/www.sonoraenequipo.com.mx\/restos-localizados-en-vicam-corresponden-al-vocero-de-la-etnia-yaqui-tomas-rojo-valencia-fgje\/\"},\"wordCount\":341,\"commentCount\":0,\"publisher\":{\"@id\":\"https:\/\/www.sonoraenequipo.com.mx\/#organization\"},\"image\":{\"@id\":\"https:\/\/www.sonoraenequipo.com.mx\/restos-localizados-en-vicam-corresponden-al-vocero-de-la-etnia-yaqui-tomas-rojo-valencia-fgje\/#primaryimage\"},\"thumbnailUrl\":\"https:\/\/www.sonoraenequipo.com.mx\/storage\/2021\/06\/tomas-rojo_opt.jpg\",\"keywords\":[\"TOMAS ROJO\"],\"articleSection\":[\"Sin categorizar\"],\"inLanguage\":\"es\",\"potentialAction\":[{\"@type\":\"CommentAction\",\"name\":\"Comment\",\"target\":[\"https:\/\/www.sonoraenequipo.com.mx\/restos-localizados-en-vicam-corresponden-al-vocero-de-la-etnia-yaqui-tomas-rojo-valencia-fgje\/#respond\"]}]},{\"@type\":\"WebPage\",\"@id\":\"https:\/\/www.sonoraenequipo.com.mx\/restos-localizados-en-vicam-corresponden-al-vocero-de-la-etnia-yaqui-tomas-rojo-valencia-fgje\/\",\"url\":\"https:\/\/www.sonoraenequipo.com.mx\/restos-localizados-en-vicam-corresponden-al-vocero-de-la-etnia-yaqui-tomas-rojo-valencia-fgje\/\",\"name\":\"Sonora en Equipo. Restos localizados en V\u00edcam corresponden al vocero de la etnia Yaqui, Tom\u00e1s Rojo valencia: FGJE\",\"isPartOf\":{\"@id\":\"https:\/\/www.sonoraenequipo.com.mx\/#website\"},\"primaryImageOfPage\":{\"@id\":\"https:\/\/www.sonoraenequipo.com.mx\/restos-localizados-en-vicam-corresponden-al-vocero-de-la-etnia-yaqui-tomas-rojo-valencia-fgje\/#primaryimage\"},\"image\":{\"@id\":\"https:\/\/www.sonoraenequipo.com.mx\/restos-localizados-en-vicam-corresponden-al-vocero-de-la-etnia-yaqui-tomas-rojo-valencia-fgje\/#primaryimage\"},\"thumbnailUrl\":\"https:\/\/www.sonoraenequipo.com.mx\/storage\/2021\/06\/tomas-rojo_opt.jpg\",\"datePublished\":\"2021-06-23T04:59:30+00:00\",\"description\":\"&nbsp; De acuerdo al Laboratorio de Inteligencia Cient\u00edfica Forense (CIF), FGJE Sonora, inform\u00f3 que &nbsp; HERMOSILLO, SONORA,MX.\u2500\u2500 Una vez concluidos los En Sonora en Equipo publicamos toda la informaci\u00f3n de Sonora, M\u00e9xico y el Mundo de manera oportuna y busca que la libertad de expresi\u00f3n sea real. Visita nuestro medio informativo publicado desde Hermosillo, Sonora. %\",\"breadcrumb\":{\"@id\":\"https:\/\/www.sonoraenequipo.com.mx\/restos-localizados-en-vicam-corresponden-al-vocero-de-la-etnia-yaqui-tomas-rojo-valencia-fgje\/#breadcrumb\"},\"inLanguage\":\"es\",\"potentialAction\":[{\"@type\":\"ReadAction\",\"target\":[\"https:\/\/www.sonoraenequipo.com.mx\/restos-localizados-en-vicam-corresponden-al-vocero-de-la-etnia-yaqui-tomas-rojo-valencia-fgje\/\"]}]},{\"@type\":\"ImageObject\",\"inLanguage\":\"es\",\"@id\":\"https:\/\/www.sonoraenequipo.com.mx\/restos-localizados-en-vicam-corresponden-al-vocero-de-la-etnia-yaqui-tomas-rojo-valencia-fgje\/#primaryimage\",\"url\":\"https:\/\/www.sonoraenequipo.com.mx\/storage\/2021\/06\/tomas-rojo_opt.jpg\",\"contentUrl\":\"https:\/\/www.sonoraenequipo.com.mx\/storage\/2021\/06\/tomas-rojo_opt.jpg\",\"width\":700,\"height\":400},{\"@type\":\"BreadcrumbList\",\"@id\":\"https:\/\/www.sonoraenequipo.com.mx\/restos-localizados-en-vicam-corresponden-al-vocero-de-la-etnia-yaqui-tomas-rojo-valencia-fgje\/#breadcrumb\",\"itemListElement\":[{\"@type\":\"ListItem\",\"position\":1,\"name\":\"Portada\",\"item\":\"https:\/\/www.sonoraenequipo.com.mx\/\"},{\"@type\":\"ListItem\",\"position\":2,\"name\":\"Restos localizados en V\u00edcam corresponden al vocero de la etnia Yaqui, Tom\u00e1s Rojo valencia: FGJE\"}]},{\"@type\":\"WebSite\",\"@id\":\"https:\/\/www.sonoraenequipo.com.mx\/#website\",\"url\":\"https:\/\/www.sonoraenequipo.com.mx\/\",\"name\":\"Sonora en Equipo.\",\"description\":\"Diario en l\u00ednea con Noticias desde Hermosillo, Sonora\",\"publisher\":{\"@id\":\"https:\/\/www.sonoraenequipo.com.mx\/#organization\"},\"potentialAction\":[{\"@type\":\"SearchAction\",\"target\":{\"@type\":\"EntryPoint\",\"urlTemplate\":\"https:\/\/www.sonoraenequipo.com.mx\/?s={search_term_string}\"},\"query-input\":{\"@type\":\"PropertyValueSpecification\",\"valueRequired\":true,\"valueName\":\"search_term_string\"}}],\"inLanguage\":\"es\"},{\"@type\":\"Organization\",\"@id\":\"https:\/\/www.sonoraenequipo.com.mx\/#organization\",\"name\":\"Sonoraenequipo.com.mx\",\"url\":\"https:\/\/www.sonoraenequipo.com.mx\/\",\"logo\":{\"@type\":\"ImageObject\",\"inLanguage\":\"es\",\"@id\":\"https:\/\/www.sonoraenequipo.com.mx\/#\/schema\/logo\/image\/\",\"url\":\"https:\/\/www.sonoraenequipo.com.mx\/storage\/2019\/01\/sonoraenequipo_opt.png\",\"contentUrl\":\"https:\/\/www.sonoraenequipo.com.mx\/storage\/2019\/01\/sonoraenequipo_opt.png\",\"width\":375,\"height\":125,\"caption\":\"Sonoraenequipo.com.mx\"},\"image\":{\"@id\":\"https:\/\/www.sonoraenequipo.com.mx\/#\/schema\/logo\/image\/\"},\"sameAs\":[\"https:\/\/www.facebook.com\/SonoraEE\/\",\"https:\/\/x.com\/sonoraenequipo\",\"https:\/\/www.youtube.com\/channel\/UC338nW-lPEYmJQs4ZABQ1SQ\"]},{\"@type\":\"Person\",\"@id\":\"https:\/\/www.sonoraenequipo.com.mx\/#\/schema\/person\/50102df0fb23a8fa9e8effad8fa81386\",\"name\":\"enequipo\",\"image\":{\"@type\":\"ImageObject\",\"inLanguage\":\"es\",\"@id\":\"https:\/\/www.sonoraenequipo.com.mx\/#\/schema\/person\/image\/\",\"url\":\"https:\/\/secure.gravatar.com\/avatar\/049821681b589dabc0bc20695993ccebb09f5b5d4d790cd9251b97faac7c652b?s=96&d=blank&r=g\",\"contentUrl\":\"https:\/\/secure.gravatar.com\/avatar\/049821681b589dabc0bc20695993ccebb09f5b5d4d790cd9251b97faac7c652b?s=96&d=blank&r=g\",\"caption\":\"enequipo\"},\"sameAs\":[\"https:\/\/www.facebook.com\/SonoraEE\"]}]}<\/script>\n ","yoast_head_json":{"title":"Sonora en Equipo. Restos localizados en V\u00edcam corresponden al vocero de la etnia Yaqui, Tom\u00e1s Rojo valencia: FGJE","description":"&nbsp; De acuerdo al Laboratorio de Inteligencia Cient\u00edfica Forense (CIF), FGJE Sonora, inform\u00f3 que &nbsp; HERMOSILLO, SONORA,MX.\u2500\u2500 Una vez concluidos los En Sonora en Equipo publicamos toda la informaci\u00f3n de Sonora, M\u00e9xico y el Mundo de manera oportuna y busca que la libertad de expresi\u00f3n sea real. Visita nuestro medio informativo publicado desde Hermosillo, Sonora. %","robots":{"index":"index","follow":"follow","max-snippet":"max-snippet:-1","max-image-preview":"max-image-preview:large","max-video-preview":"max-video-preview:-1"},"canonical":"https:\/\/www.sonoraenequipo.com.mx\/restos-localizados-en-vicam-corresponden-al-vocero-de-la-etnia-yaqui-tomas-rojo-valencia-fgje\/","og_locale":"es_ES","og_type":"article","og_title":"Sonora en Equipo. Restos localizados en V\u00edcam corresponden al vocero de la etnia Yaqui, Tom\u00e1s Rojo valencia: FGJE","og_description":"&nbsp; De acuerdo al Laboratorio de Inteligencia Cient\u00edfica Forense (CIF), FGJE Sonora, inform\u00f3 que &nbsp; HERMOSILLO, SONORA,MX.\u2500\u2500 Una vez concluidos los En Sonora en Equipo publicamos toda la informaci\u00f3n de Sonora, M\u00e9xico y el Mundo de manera oportuna y busca que la libertad de expresi\u00f3n sea real. Visita nuestro medio informativo publicado desde Hermosillo, Sonora. %","og_url":"https:\/\/www.sonoraenequipo.com.mx\/restos-localizados-en-vicam-corresponden-al-vocero-de-la-etnia-yaqui-tomas-rojo-valencia-fgje\/","og_site_name":"Sonora en Equipo.","article_publisher":"https:\/\/www.facebook.com\/SonoraEE\/","article_author":"https:\/\/www.facebook.com\/SonoraEE","article_published_time":"2021-06-23T04:59:30+00:00","og_image":[{"width":700,"height":400,"url":"https:\/\/www.sonoraenequipo.com.mx\/storage\/2021\/06\/tomas-rojo_opt.jpg","type":"image\/jpeg"}],"author":"enequipo","twitter_card":"summary_large_image","twitter_creator":"@sonoraenequipo","twitter_site":"@sonoraenequipo","twitter_misc":{"Escrito por":"enequipo","Tiempo de lectura":"2 minutos"},"schema":{"@context":"https:\/\/schema.org","@graph":[{"@type":"Article","@id":"https:\/\/www.sonoraenequipo.com.mx\/restos-localizados-en-vicam-corresponden-al-vocero-de-la-etnia-yaqui-tomas-rojo-valencia-fgje\/#article","isPartOf":{"@id":"https:\/\/www.sonoraenequipo.com.mx\/restos-localizados-en-vicam-corresponden-al-vocero-de-la-etnia-yaqui-tomas-rojo-valencia-fgje\/"},"author":{"name":"enequipo","@id":"https:\/\/www.sonoraenequipo.com.mx\/#\/schema\/person\/50102df0fb23a8fa9e8effad8fa81386"},"headline":"Restos localizados en V\u00edcam corresponden al vocero de la etnia Yaqui, Tom\u00e1s Rojo valencia: FGJE","datePublished":"2021-06-23T04:59:30+00:00","mainEntityOfPage":{"@id":"https:\/\/www.sonoraenequipo.com.mx\/restos-localizados-en-vicam-corresponden-al-vocero-de-la-etnia-yaqui-tomas-rojo-valencia-fgje\/"},"wordCount":341,"commentCount":0,"publisher":{"@id":"https:\/\/www.sonoraenequipo.com.mx\/#organization"},"image":{"@id":"https:\/\/www.sonoraenequipo.com.mx\/restos-localizados-en-vicam-corresponden-al-vocero-de-la-etnia-yaqui-tomas-rojo-valencia-fgje\/#primaryimage"},"thumbnailUrl":"https:\/\/www.sonoraenequipo.com.mx\/storage\/2021\/06\/tomas-rojo_opt.jpg","keywords":["TOMAS ROJO"],"articleSection":["Sin categorizar"],"inLanguage":"es","potentialAction":[{"@type":"CommentAction","name":"Comment","target":["https:\/\/www.sonoraenequipo.com.mx\/restos-localizados-en-vicam-corresponden-al-vocero-de-la-etnia-yaqui-tomas-rojo-valencia-fgje\/#respond"]}]},{"@type":"WebPage","@id":"https:\/\/www.sonoraenequipo.com.mx\/restos-localizados-en-vicam-corresponden-al-vocero-de-la-etnia-yaqui-tomas-rojo-valencia-fgje\/","url":"https:\/\/www.sonoraenequipo.com.mx\/restos-localizados-en-vicam-corresponden-al-vocero-de-la-etnia-yaqui-tomas-rojo-valencia-fgje\/","name":"Sonora en Equipo. Restos localizados en V\u00edcam corresponden al vocero de la etnia Yaqui, Tom\u00e1s Rojo valencia: FGJE","isPartOf":{"@id":"https:\/\/www.sonoraenequipo.com.mx\/#website"},"primaryImageOfPage":{"@id":"https:\/\/www.sonoraenequipo.com.mx\/restos-localizados-en-vicam-corresponden-al-vocero-de-la-etnia-yaqui-tomas-rojo-valencia-fgje\/#primaryimage"},"image":{"@id":"https:\/\/www.sonoraenequipo.com.mx\/restos-localizados-en-vicam-corresponden-al-vocero-de-la-etnia-yaqui-tomas-rojo-valencia-fgje\/#primaryimage"},"thumbnailUrl":"https:\/\/www.sonoraenequipo.com.mx\/storage\/2021\/06\/tomas-rojo_opt.jpg","datePublished":"2021-06-23T04:59:30+00:00","description":"&nbsp; De acuerdo al Laboratorio de Inteligencia Cient\u00edfica Forense (CIF), FGJE Sonora, inform\u00f3 que &nbsp; HERMOSILLO, SONORA,MX.\u2500\u2500 Una vez concluidos los En Sonora en Equipo publicamos toda la informaci\u00f3n de Sonora, M\u00e9xico y el Mundo de manera oportuna y busca que la libertad de expresi\u00f3n sea real. Visita nuestro medio informativo publicado desde Hermosillo, Sonora. %","breadcrumb":{"@id":"https:\/\/www.sonoraenequipo.com.mx\/restos-localizados-en-vicam-corresponden-al-vocero-de-la-etnia-yaqui-tomas-rojo-valencia-fgje\/#breadcrumb"},"inLanguage":"es","potentialAction":[{"@type":"ReadAction","target":["https:\/\/www.sonoraenequipo.com.mx\/restos-localizados-en-vicam-corresponden-al-vocero-de-la-etnia-yaqui-tomas-rojo-valencia-fgje\/"]}]},{"@type":"ImageObject","inLanguage":"es","@id":"https:\/\/www.sonoraenequipo.com.mx\/restos-localizados-en-vicam-corresponden-al-vocero-de-la-etnia-yaqui-tomas-rojo-valencia-fgje\/#primaryimage","url":"https:\/\/www.sonoraenequipo.com.mx\/storage\/2021\/06\/tomas-rojo_opt.jpg","contentUrl":"https:\/\/www.sonoraenequipo.com.mx\/storage\/2021\/06\/tomas-rojo_opt.jpg","width":700,"height":400},{"@type":"BreadcrumbList","@id":"https:\/\/www.sonoraenequipo.com.mx\/restos-localizados-en-vicam-corresponden-al-vocero-de-la-etnia-yaqui-tomas-rojo-valencia-fgje\/#breadcrumb","itemListElement":[{"@type":"ListItem","position":1,"name":"Portada","item":"https:\/\/www.sonoraenequipo.com.mx\/"},{"@type":"ListItem","position":2,"name":"Restos localizados en V\u00edcam corresponden al vocero de la etnia Yaqui, Tom\u00e1s Rojo valencia: FGJE"}]},{"@type":"WebSite","@id":"https:\/\/www.sonoraenequipo.com.mx\/#website","url":"https:\/\/www.sonoraenequipo.com.mx\/","name":"Sonora en Equipo.","description":"Diario en l\u00ednea con Noticias desde Hermosillo, Sonora","publisher":{"@id":"https:\/\/www.sonoraenequipo.com.mx\/#organization"},"potentialAction":[{"@type":"SearchAction","target":{"@type":"EntryPoint","urlTemplate":"https:\/\/www.sonoraenequipo.com.mx\/?s={search_term_string}"},"query-input":{"@type":"PropertyValueSpecification","valueRequired":true,"valueName":"search_term_string"}}],"inLanguage":"es"},{"@type":"Organization","@id":"https:\/\/www.sonoraenequipo.com.mx\/#organization","name":"Sonoraenequipo.com.mx","url":"https:\/\/www.sonoraenequipo.com.mx\/","logo":{"@type":"ImageObject","inLanguage":"es","@id":"https:\/\/www.sonoraenequipo.com.mx\/#\/schema\/logo\/image\/","url":"https:\/\/www.sonoraenequipo.com.mx\/storage\/2019\/01\/sonoraenequipo_opt.png","contentUrl":"https:\/\/www.sonoraenequipo.com.mx\/storage\/2019\/01\/sonoraenequipo_opt.png","width":375,"height":125,"caption":"Sonoraenequipo.com.mx"},"image":{"@id":"https:\/\/www.sonoraenequipo.com.mx\/#\/schema\/logo\/image\/"},"sameAs":["https:\/\/www.facebook.com\/SonoraEE\/","https:\/\/x.com\/sonoraenequipo","https:\/\/www.youtube.com\/channel\/UC338nW-lPEYmJQs4ZABQ1SQ"]},{"@type":"Person","@id":"https:\/\/www.sonoraenequipo.com.mx\/#\/schema\/person\/50102df0fb23a8fa9e8effad8fa81386","name":"enequipo","image":{"@type":"ImageObject","inLanguage":"es","@id":"https:\/\/www.sonoraenequipo.com.mx\/#\/schema\/person\/image\/","url":"https:\/\/secure.gravatar.com\/avatar\/049821681b589dabc0bc20695993ccebb09f5b5d4d790cd9251b97faac7c652b?s=96&d=blank&r=g","contentUrl":"https:\/\/secure.gravatar.com\/avatar\/049821681b589dabc0bc20695993ccebb09f5b5d4d790cd9251b97faac7c652b?s=96&d=blank&r=g","caption":"enequipo"},"sameAs":["https:\/\/www.facebook.com\/SonoraEE"]}]}},"jetpack_featured_media_url":"https:\/\/www.sonoraenequipo.com.mx\/storage\/2021\/06\/tomas-rojo_opt.jpg","_links":{"self":[{"href":"https:\/\/www.sonoraenequipo.com.mx\/api\/wp\/v2\/posts\/116918","targetHints":{"allow":["GET"]}}],"collection":[{"href":"https:\/\/www.sonoraenequipo.com.mx\/api\/wp\/v2\/posts"}],"about":[{"href":"https:\/\/www.sonoraenequipo.com.mx\/api\/wp\/v2\/types\/post"}],"author":[{"embeddable":true,"href":"https:\/\/www.sonoraenequipo.com.mx\/api\/wp\/v2\/users\/1"}],"replies":[{"embeddable":true,"href":"https:\/\/www.sonoraenequipo.com.mx\/api\/wp\/v2\/comments?post=116918"}],"version-history":[{"count":1,"href":"https:\/\/www.sonoraenequipo.com.mx\/api\/wp\/v2\/posts\/116918\/revisions"}],"predecessor-version":[{"id":116919,"href":"https:\/\/www.sonoraenequipo.com.mx\/api\/wp\/v2\/posts\/116918\/revisions\/116919"}],"wp:featuredmedia":[{"embeddable":true,"href":"https:\/\/www.sonoraenequipo.com.mx\/api\/wp\/v2\/media\/115494"}],"wp:attachment":[{"href":"https:\/\/www.sonoraenequipo.com.mx\/api\/wp\/v2\/media?parent=116918"}],"wp:term":[{"taxonomy":"category","embeddable":true,"href":"https:\/\/www.sonoraenequipo.com.mx\/api\/wp\/v2\/categories?post=116918"},{"taxonomy":"post_tag","embeddable":true,"href":"https:\/\/www.sonoraenequipo.com.mx\/api\/wp\/v2\/tags?post=116918"}],"curies":[{"name":"wp","href":"https:\/\/api.w.org\/{rel}","templated":true}]}}