{"id":116942,"date":"2021-06-23T07:52:33","date_gmt":"2021-06-23T14:52:33","guid":{"rendered":"https:\/\/www.sonoraenequipo.com.mx\/?p=116942"},"modified":"2021-06-23T13:35:19","modified_gmt":"2021-06-23T20:35:19","slug":"sedema-reforesta-el-bosque-de-chapultepec-con-mas-de-36-mil-arboles-y-arbustos","status":"publish","type":"post","link":"https:\/\/www.sonoraenequipo.com.mx\/sedema-reforesta-el-bosque-de-chapultepec-con-mas-de-36-mil-arboles-y-arbustos\/","title":{"rendered":"Sedema reforesta el Bosque de Chapultepec con m\u00e1s de 36 mil \u00e1rboles y arbustos."},"content":{"rendered":"<p>CIUDAD DE M\u00c9XICO. MX. \u2014 La Secretar\u00eda del Medio Ambiente (Sedema) inform\u00f3 que en la tercera secci\u00f3n del Bosque de Chapultepec se sembraron 24 mil \u00e1rboles y 12 mil arbustos, adem\u00e1s de dos hect\u00e1reas de herb\u00e1ceas instaladas, como parte de la reforestaci\u00f3n que se realiza en el marco del proyecto Bosque de Chapultepec: Naturaleza y Cultura.<\/p>\n<p>&nbsp;<\/p>\n<p> <\/p>\n<p>A trav\u00e9s de un comunicado, la Sedema detall\u00f3 que para la plantaci\u00f3n de los \u00e1rboles se utilizaron t\u00e9cnicas agroforestales, las cuales garantizan las condiciones de humedad, fundamentales para la sobrevivencia de las plantas.<\/p>\n<p>&nbsp;<\/p>\n<p>\u201c<em>Gracias a esto, a la fecha se ha logrado una sobrevivencia del 80 por ciento de las especies sembradas que abarcan una extensi\u00f3n de 40 hect\u00e1reas, en las \u00e1reas de Clausell y la zona biocultural sur\u201c,<\/em> inform\u00f3 la dependencia capitalina.<\/p>\n<p>&nbsp;<\/p>\n<p>&nbsp;<\/p>\n<p>La Sedema resalt\u00f3 que la sobrevivencia del arbolado ha sido posible tambi\u00e9n gracias a la restauraci\u00f3n de suelos, con la incorporaci\u00f3n de materia org\u00e1nica, producto de la poda de hierbas, arbustos y molienda de los \u00e1rboles muertos en pie.<\/p>\n<p>&nbsp;<\/p>\n<p>Agreg\u00f3 que las especies elegidas para la revegetaci\u00f3n presentan una alta adaptabilidad a la zona y a las condiciones clim\u00e1ticas pronosticadas para los siguientes a\u00f1os. Entre los \u00e1rboles sembrados destacan:<\/p>\n<p>&nbsp;<\/p>\n<p><strong>Cedro blanco<\/strong><\/p>\n<p><strong>Pinus cembroides<br \/>\n<\/strong><\/p>\n<p><strong>Pino ayacahuite<\/strong><\/p>\n<p><strong>Pino patula<\/strong><\/p>\n<p><strong>Encino blanco<\/strong><\/p>\n<p><strong>Color\u00edn<br \/>\n<\/strong><\/p>\n<p><strong>Fresno<\/strong><\/p>\n<p><strong>Encino roble<\/strong><\/p>\n<p><strong>Cazahuate<\/strong><\/p>\n<p><strong>Tepoz\u00e1n<\/strong><\/p>\n<p><strong>Capul\u00edn<\/strong><\/p>\n<p><em>\u201cLa Secretar\u00eda del Medio Ambiente refrenda su compromiso con la ciudadan\u00eda para garantizar su derecho a un medio ambiente sano y, a trav\u00e9s de la Direcci\u00f3n de Gesti\u00f3n del Bosque de Chapultepec, continuar\u00e1 realizando los trabajando necesarios para la restauraci\u00f3n ambiental del Bosque de Chapultepec\u201d.<\/em><\/p>\n<p><a class=\"twitter-timeline\" data-width=\"640\" data-height=\"960\" data-dnt=\"true\" href=\"https:\/\/twitter.com\/SEDEMA_CDMX?ref_src=twsrc%5Etfw\">Tweets by SEDEMA_CDMX<\/a><script async src=\"https:\/\/platform.twitter.com\/widgets.js\" charset=\"utf-8\"><\/script><\/p>\n<p>&nbsp;<\/p>\n<p>(Publicada el 23\/06\/2021)<\/p>\n","protected":false},"excerpt":{"rendered":"<p>CIUDAD DE M\u00c9XICO. MX. \u2014 La Secretar\u00eda del Medio Ambiente (Sedema) inform\u00f3 que en la&#8230;<\/p>\n","protected":false},"author":1,"featured_media":116946,"comment_status":"open","ping_status":"open","sticky":false,"template":"","format":"standard","meta":{"_monsterinsights_skip_tracking":false,"_monsterinsights_sitenote_active":false,"_monsterinsights_sitenote_note":"","_monsterinsights_sitenote_category":0,"footnotes":""},"categories":[5],"tags":[5846,5844,5836,5841,5840,5843,5842,5838,5839,5837,5845],"class_list":["post"],"yoast_head":" \n<title>Sonora en Equipo. Sedema reforesta el Bosque de Chapultepec con m\u00e1s de 36 mil \u00e1rboles y arbustos. Rep\u00fablica<\/title>\n<meta name=\"description\" content=\"CIUDAD DE M\u00c9XICO. MX. \u2014 La Secretar\u00eda del Medio Ambiente (Sedema) inform\u00f3 que en la tercera secci\u00f3n del Bosque de Chapultepec se sembraron 24 mil \u00e1rboles En Sonora en Equipo publicamos toda la informaci\u00f3n de Sonora, M\u00e9xico y el Mundo de manera oportuna y busca que la libertad de expresi\u00f3n sea real. Visita nuestro medio informativo publicado desde Hermosillo, Sonora. %\" \/>\n<meta name=\"robots\" content=\"index, follow, max-snippet:-1, max-image-preview:large, max-video-preview:-1\" \/>\n<link rel=\"canonical\" href=\"https:\/\/www.sonoraenequipo.com.mx\/sedema-reforesta-el-bosque-de-chapultepec-con-mas-de-36-mil-arboles-y-arbustos\/\" \/>\n<meta property=\"og:locale\" content=\"es_ES\" \/>\n<meta property=\"og:type\" content=\"article\" \/>\n<meta property=\"og:title\" content=\"Sonora en Equipo. Sedema reforesta el Bosque de Chapultepec con m\u00e1s de 36 mil \u00e1rboles y arbustos. Rep\u00fablica\" \/>\n<meta property=\"og:description\" content=\"CIUDAD DE M\u00c9XICO. MX. \u2014 La Secretar\u00eda del Medio Ambiente (Sedema) inform\u00f3 que en la tercera secci\u00f3n del Bosque de Chapultepec se sembraron 24 mil \u00e1rboles En Sonora en Equipo publicamos toda la informaci\u00f3n de Sonora, M\u00e9xico y el Mundo de manera oportuna y busca que la libertad de expresi\u00f3n sea real. Visita nuestro medio informativo publicado desde Hermosillo, Sonora. %\" \/>\n<meta property=\"og:url\" content=\"https:\/\/www.sonoraenequipo.com.mx\/sedema-reforesta-el-bosque-de-chapultepec-con-mas-de-36-mil-arboles-y-arbustos\/\" \/>\n<meta property=\"og:site_name\" content=\"Sonora en Equipo.\" \/>\n<meta property=\"article:publisher\" content=\"https:\/\/www.facebook.com\/SonoraEE\/\" \/>\n<meta property=\"article:author\" content=\"https:\/\/www.facebook.com\/SonoraEE\" \/>\n<meta property=\"article:published_time\" content=\"2021-06-23T14:52:33+00:00\" \/>\n<meta property=\"article:modified_time\" content=\"2021-06-23T20:35:19+00:00\" \/>\n<meta property=\"og:image\" content=\"https:\/\/www.sonoraenequipo.com.mx\/storage\/2021\/06\/reforestacion_opt.jpg\" \/>\n\t<meta property=\"og:image:width\" content=\"700\" \/>\n\t<meta property=\"og:image:height\" content=\"400\" \/>\n\t<meta property=\"og:image:type\" content=\"image\/jpeg\" \/>\n<meta name=\"author\" content=\"enequipo\" \/>\n<meta name=\"twitter:card\" content=\"summary_large_image\" \/>\n<meta name=\"twitter:creator\" content=\"@sonoraenequipo\" \/>\n<meta name=\"twitter:site\" content=\"@sonoraenequipo\" \/>\n<meta name=\"twitter:label1\" content=\"Escrito por\" \/>\n\t<meta name=\"twitter:data1\" content=\"enequipo\" \/>\n\t<meta name=\"twitter:label2\" content=\"Tiempo de lectura\" \/>\n\t<meta name=\"twitter:data2\" content=\"2 minutos\" \/>\n<script type=\"application\/ld+json\" class=\"yoast-schema-graph\">{\"@context\":\"https:\/\/schema.org\",\"@graph\":[{\"@type\":\"Article\",\"@id\":\"https:\/\/www.sonoraenequipo.com.mx\/sedema-reforesta-el-bosque-de-chapultepec-con-mas-de-36-mil-arboles-y-arbustos\/#article\",\"isPartOf\":{\"@id\":\"https:\/\/www.sonoraenequipo.com.mx\/sedema-reforesta-el-bosque-de-chapultepec-con-mas-de-36-mil-arboles-y-arbustos\/\"},\"author\":{\"name\":\"enequipo\",\"@id\":\"https:\/\/www.sonoraenequipo.com.mx\/#\/schema\/person\/50102df0fb23a8fa9e8effad8fa81386\"},\"headline\":\"Sedema reforesta el Bosque de Chapultepec con m\u00e1s de 36 mil \u00e1rboles y arbustos.\",\"datePublished\":\"2021-06-23T14:52:33+00:00\",\"dateModified\":\"2021-06-23T20:35:19+00:00\",\"mainEntityOfPage\":{\"@id\":\"https:\/\/www.sonoraenequipo.com.mx\/sedema-reforesta-el-bosque-de-chapultepec-con-mas-de-36-mil-arboles-y-arbustos\/\"},\"wordCount\":311,\"commentCount\":0,\"publisher\":{\"@id\":\"https:\/\/www.sonoraenequipo.com.mx\/#organization\"},\"image\":{\"@id\":\"https:\/\/www.sonoraenequipo.com.mx\/sedema-reforesta-el-bosque-de-chapultepec-con-mas-de-36-mil-arboles-y-arbustos\/#primaryimage\"},\"thumbnailUrl\":\"https:\/\/www.sonoraenequipo.com.mx\/storage\/2021\/06\/reforestacion_opt.jpg\",\"keywords\":[\"Capul\u00edn\",\"Cazahuate\",\"Cedro blanco\",\"Color\u00edn\",\"Encino blanco\",\"Encino roble\",\"Fresno\",\"Pino ayacahuite\",\"Pino patula\",\"Pinus cembroides\",\"Tepoz\u00e1n\"],\"articleSection\":[\"Rep\u00fablica\"],\"inLanguage\":\"es\",\"potentialAction\":[{\"@type\":\"CommentAction\",\"name\":\"Comment\",\"target\":[\"https:\/\/www.sonoraenequipo.com.mx\/sedema-reforesta-el-bosque-de-chapultepec-con-mas-de-36-mil-arboles-y-arbustos\/#respond\"]}]},{\"@type\":\"WebPage\",\"@id\":\"https:\/\/www.sonoraenequipo.com.mx\/sedema-reforesta-el-bosque-de-chapultepec-con-mas-de-36-mil-arboles-y-arbustos\/\",\"url\":\"https:\/\/www.sonoraenequipo.com.mx\/sedema-reforesta-el-bosque-de-chapultepec-con-mas-de-36-mil-arboles-y-arbustos\/\",\"name\":\"Sonora en Equipo. Sedema reforesta el Bosque de Chapultepec con m\u00e1s de 36 mil \u00e1rboles y arbustos. Rep\u00fablica\",\"isPartOf\":{\"@id\":\"https:\/\/www.sonoraenequipo.com.mx\/#website\"},\"primaryImageOfPage\":{\"@id\":\"https:\/\/www.sonoraenequipo.com.mx\/sedema-reforesta-el-bosque-de-chapultepec-con-mas-de-36-mil-arboles-y-arbustos\/#primaryimage\"},\"image\":{\"@id\":\"https:\/\/www.sonoraenequipo.com.mx\/sedema-reforesta-el-bosque-de-chapultepec-con-mas-de-36-mil-arboles-y-arbustos\/#primaryimage\"},\"thumbnailUrl\":\"https:\/\/www.sonoraenequipo.com.mx\/storage\/2021\/06\/reforestacion_opt.jpg\",\"datePublished\":\"2021-06-23T14:52:33+00:00\",\"dateModified\":\"2021-06-23T20:35:19+00:00\",\"description\":\"CIUDAD DE M\u00c9XICO. MX. \u2014 La Secretar\u00eda del Medio Ambiente (Sedema) inform\u00f3 que en la tercera secci\u00f3n del Bosque de Chapultepec se sembraron 24 mil \u00e1rboles En Sonora en Equipo publicamos toda la informaci\u00f3n de Sonora, M\u00e9xico y el Mundo de manera oportuna y busca que la libertad de expresi\u00f3n sea real. Visita nuestro medio informativo publicado desde Hermosillo, Sonora. %\",\"breadcrumb\":{\"@id\":\"https:\/\/www.sonoraenequipo.com.mx\/sedema-reforesta-el-bosque-de-chapultepec-con-mas-de-36-mil-arboles-y-arbustos\/#breadcrumb\"},\"inLanguage\":\"es\",\"potentialAction\":[{\"@type\":\"ReadAction\",\"target\":[\"https:\/\/www.sonoraenequipo.com.mx\/sedema-reforesta-el-bosque-de-chapultepec-con-mas-de-36-mil-arboles-y-arbustos\/\"]}]},{\"@type\":\"ImageObject\",\"inLanguage\":\"es\",\"@id\":\"https:\/\/www.sonoraenequipo.com.mx\/sedema-reforesta-el-bosque-de-chapultepec-con-mas-de-36-mil-arboles-y-arbustos\/#primaryimage\",\"url\":\"https:\/\/www.sonoraenequipo.com.mx\/storage\/2021\/06\/reforestacion_opt.jpg\",\"contentUrl\":\"https:\/\/www.sonoraenequipo.com.mx\/storage\/2021\/06\/reforestacion_opt.jpg\",\"width\":700,\"height\":400},{\"@type\":\"BreadcrumbList\",\"@id\":\"https:\/\/www.sonoraenequipo.com.mx\/sedema-reforesta-el-bosque-de-chapultepec-con-mas-de-36-mil-arboles-y-arbustos\/#breadcrumb\",\"itemListElement\":[{\"@type\":\"ListItem\",\"position\":1,\"name\":\"Portada\",\"item\":\"https:\/\/www.sonoraenequipo.com.mx\/\"},{\"@type\":\"ListItem\",\"position\":2,\"name\":\"Sedema reforesta el Bosque de Chapultepec con m\u00e1s de 36 mil \u00e1rboles y arbustos.\"}]},{\"@type\":\"WebSite\",\"@id\":\"https:\/\/www.sonoraenequipo.com.mx\/#website\",\"url\":\"https:\/\/www.sonoraenequipo.com.mx\/\",\"name\":\"Sonora en Equipo.\",\"description\":\"Diario en l\u00ednea con Noticias desde Hermosillo, Sonora\",\"publisher\":{\"@id\":\"https:\/\/www.sonoraenequipo.com.mx\/#organization\"},\"potentialAction\":[{\"@type\":\"SearchAction\",\"target\":{\"@type\":\"EntryPoint\",\"urlTemplate\":\"https:\/\/www.sonoraenequipo.com.mx\/?s={search_term_string}\"},\"query-input\":{\"@type\":\"PropertyValueSpecification\",\"valueRequired\":true,\"valueName\":\"search_term_string\"}}],\"inLanguage\":\"es\"},{\"@type\":\"Organization\",\"@id\":\"https:\/\/www.sonoraenequipo.com.mx\/#organization\",\"name\":\"Sonoraenequipo.com.mx\",\"url\":\"https:\/\/www.sonoraenequipo.com.mx\/\",\"logo\":{\"@type\":\"ImageObject\",\"inLanguage\":\"es\",\"@id\":\"https:\/\/www.sonoraenequipo.com.mx\/#\/schema\/logo\/image\/\",\"url\":\"https:\/\/www.sonoraenequipo.com.mx\/storage\/2019\/01\/sonoraenequipo_opt.png\",\"contentUrl\":\"https:\/\/www.sonoraenequipo.com.mx\/storage\/2019\/01\/sonoraenequipo_opt.png\",\"width\":375,\"height\":125,\"caption\":\"Sonoraenequipo.com.mx\"},\"image\":{\"@id\":\"https:\/\/www.sonoraenequipo.com.mx\/#\/schema\/logo\/image\/\"},\"sameAs\":[\"https:\/\/www.facebook.com\/SonoraEE\/\",\"https:\/\/x.com\/sonoraenequipo\",\"https:\/\/www.youtube.com\/channel\/UC338nW-lPEYmJQs4ZABQ1SQ\"]},{\"@type\":\"Person\",\"@id\":\"https:\/\/www.sonoraenequipo.com.mx\/#\/schema\/person\/50102df0fb23a8fa9e8effad8fa81386\",\"name\":\"enequipo\",\"image\":{\"@type\":\"ImageObject\",\"inLanguage\":\"es\",\"@id\":\"https:\/\/www.sonoraenequipo.com.mx\/#\/schema\/person\/image\/\",\"url\":\"https:\/\/secure.gravatar.com\/avatar\/049821681b589dabc0bc20695993ccebb09f5b5d4d790cd9251b97faac7c652b?s=96&d=blank&r=g\",\"contentUrl\":\"https:\/\/secure.gravatar.com\/avatar\/049821681b589dabc0bc20695993ccebb09f5b5d4d790cd9251b97faac7c652b?s=96&d=blank&r=g\",\"caption\":\"enequipo\"},\"sameAs\":[\"https:\/\/www.facebook.com\/SonoraEE\"]}]}<\/script>\n ","yoast_head_json":{"title":"Sonora en Equipo. Sedema reforesta el Bosque de Chapultepec con m\u00e1s de 36 mil \u00e1rboles y arbustos. Rep\u00fablica","description":"CIUDAD DE M\u00c9XICO. MX. \u2014 La Secretar\u00eda del Medio Ambiente (Sedema) inform\u00f3 que en la tercera secci\u00f3n del Bosque de Chapultepec se sembraron 24 mil \u00e1rboles En Sonora en Equipo publicamos toda la informaci\u00f3n de Sonora, M\u00e9xico y el Mundo de manera oportuna y busca que la libertad de expresi\u00f3n sea real. Visita nuestro medio informativo publicado desde Hermosillo, Sonora. %","robots":{"index":"index","follow":"follow","max-snippet":"max-snippet:-1","max-image-preview":"max-image-preview:large","max-video-preview":"max-video-preview:-1"},"canonical":"https:\/\/www.sonoraenequipo.com.mx\/sedema-reforesta-el-bosque-de-chapultepec-con-mas-de-36-mil-arboles-y-arbustos\/","og_locale":"es_ES","og_type":"article","og_title":"Sonora en Equipo. Sedema reforesta el Bosque de Chapultepec con m\u00e1s de 36 mil \u00e1rboles y arbustos. Rep\u00fablica","og_description":"CIUDAD DE M\u00c9XICO. MX. \u2014 La Secretar\u00eda del Medio Ambiente (Sedema) inform\u00f3 que en la tercera secci\u00f3n del Bosque de Chapultepec se sembraron 24 mil \u00e1rboles En Sonora en Equipo publicamos toda la informaci\u00f3n de Sonora, M\u00e9xico y el Mundo de manera oportuna y busca que la libertad de expresi\u00f3n sea real. Visita nuestro medio informativo publicado desde Hermosillo, Sonora. %","og_url":"https:\/\/www.sonoraenequipo.com.mx\/sedema-reforesta-el-bosque-de-chapultepec-con-mas-de-36-mil-arboles-y-arbustos\/","og_site_name":"Sonora en Equipo.","article_publisher":"https:\/\/www.facebook.com\/SonoraEE\/","article_author":"https:\/\/www.facebook.com\/SonoraEE","article_published_time":"2021-06-23T14:52:33+00:00","article_modified_time":"2021-06-23T20:35:19+00:00","og_image":[{"width":700,"height":400,"url":"https:\/\/www.sonoraenequipo.com.mx\/storage\/2021\/06\/reforestacion_opt.jpg","type":"image\/jpeg"}],"author":"enequipo","twitter_card":"summary_large_image","twitter_creator":"@sonoraenequipo","twitter_site":"@sonoraenequipo","twitter_misc":{"Escrito por":"enequipo","Tiempo de lectura":"2 minutos"},"schema":{"@context":"https:\/\/schema.org","@graph":[{"@type":"Article","@id":"https:\/\/www.sonoraenequipo.com.mx\/sedema-reforesta-el-bosque-de-chapultepec-con-mas-de-36-mil-arboles-y-arbustos\/#article","isPartOf":{"@id":"https:\/\/www.sonoraenequipo.com.mx\/sedema-reforesta-el-bosque-de-chapultepec-con-mas-de-36-mil-arboles-y-arbustos\/"},"author":{"name":"enequipo","@id":"https:\/\/www.sonoraenequipo.com.mx\/#\/schema\/person\/50102df0fb23a8fa9e8effad8fa81386"},"headline":"Sedema reforesta el Bosque de Chapultepec con m\u00e1s de 36 mil \u00e1rboles y arbustos.","datePublished":"2021-06-23T14:52:33+00:00","dateModified":"2021-06-23T20:35:19+00:00","mainEntityOfPage":{"@id":"https:\/\/www.sonoraenequipo.com.mx\/sedema-reforesta-el-bosque-de-chapultepec-con-mas-de-36-mil-arboles-y-arbustos\/"},"wordCount":311,"commentCount":0,"publisher":{"@id":"https:\/\/www.sonoraenequipo.com.mx\/#organization"},"image":{"@id":"https:\/\/www.sonoraenequipo.com.mx\/sedema-reforesta-el-bosque-de-chapultepec-con-mas-de-36-mil-arboles-y-arbustos\/#primaryimage"},"thumbnailUrl":"https:\/\/www.sonoraenequipo.com.mx\/storage\/2021\/06\/reforestacion_opt.jpg","keywords":["Capul\u00edn","Cazahuate","Cedro blanco","Color\u00edn","Encino blanco","Encino roble","Fresno","Pino ayacahuite","Pino patula","Pinus cembroides","Tepoz\u00e1n"],"articleSection":["Rep\u00fablica"],"inLanguage":"es","potentialAction":[{"@type":"CommentAction","name":"Comment","target":["https:\/\/www.sonoraenequipo.com.mx\/sedema-reforesta-el-bosque-de-chapultepec-con-mas-de-36-mil-arboles-y-arbustos\/#respond"]}]},{"@type":"WebPage","@id":"https:\/\/www.sonoraenequipo.com.mx\/sedema-reforesta-el-bosque-de-chapultepec-con-mas-de-36-mil-arboles-y-arbustos\/","url":"https:\/\/www.sonoraenequipo.com.mx\/sedema-reforesta-el-bosque-de-chapultepec-con-mas-de-36-mil-arboles-y-arbustos\/","name":"Sonora en Equipo. Sedema reforesta el Bosque de Chapultepec con m\u00e1s de 36 mil \u00e1rboles y arbustos. Rep\u00fablica","isPartOf":{"@id":"https:\/\/www.sonoraenequipo.com.mx\/#website"},"primaryImageOfPage":{"@id":"https:\/\/www.sonoraenequipo.com.mx\/sedema-reforesta-el-bosque-de-chapultepec-con-mas-de-36-mil-arboles-y-arbustos\/#primaryimage"},"image":{"@id":"https:\/\/www.sonoraenequipo.com.mx\/sedema-reforesta-el-bosque-de-chapultepec-con-mas-de-36-mil-arboles-y-arbustos\/#primaryimage"},"thumbnailUrl":"https:\/\/www.sonoraenequipo.com.mx\/storage\/2021\/06\/reforestacion_opt.jpg","datePublished":"2021-06-23T14:52:33+00:00","dateModified":"2021-06-23T20:35:19+00:00","description":"CIUDAD DE M\u00c9XICO. MX. \u2014 La Secretar\u00eda del Medio Ambiente (Sedema) inform\u00f3 que en la tercera secci\u00f3n del Bosque de Chapultepec se sembraron 24 mil \u00e1rboles En Sonora en Equipo publicamos toda la informaci\u00f3n de Sonora, M\u00e9xico y el Mundo de manera oportuna y busca que la libertad de expresi\u00f3n sea real. Visita nuestro medio informativo publicado desde Hermosillo, Sonora. %","breadcrumb":{"@id":"https:\/\/www.sonoraenequipo.com.mx\/sedema-reforesta-el-bosque-de-chapultepec-con-mas-de-36-mil-arboles-y-arbustos\/#breadcrumb"},"inLanguage":"es","potentialAction":[{"@type":"ReadAction","target":["https:\/\/www.sonoraenequipo.com.mx\/sedema-reforesta-el-bosque-de-chapultepec-con-mas-de-36-mil-arboles-y-arbustos\/"]}]},{"@type":"ImageObject","inLanguage":"es","@id":"https:\/\/www.sonoraenequipo.com.mx\/sedema-reforesta-el-bosque-de-chapultepec-con-mas-de-36-mil-arboles-y-arbustos\/#primaryimage","url":"https:\/\/www.sonoraenequipo.com.mx\/storage\/2021\/06\/reforestacion_opt.jpg","contentUrl":"https:\/\/www.sonoraenequipo.com.mx\/storage\/2021\/06\/reforestacion_opt.jpg","width":700,"height":400},{"@type":"BreadcrumbList","@id":"https:\/\/www.sonoraenequipo.com.mx\/sedema-reforesta-el-bosque-de-chapultepec-con-mas-de-36-mil-arboles-y-arbustos\/#breadcrumb","itemListElement":[{"@type":"ListItem","position":1,"name":"Portada","item":"https:\/\/www.sonoraenequipo.com.mx\/"},{"@type":"ListItem","position":2,"name":"Sedema reforesta el Bosque de Chapultepec con m\u00e1s de 36 mil \u00e1rboles y arbustos."}]},{"@type":"WebSite","@id":"https:\/\/www.sonoraenequipo.com.mx\/#website","url":"https:\/\/www.sonoraenequipo.com.mx\/","name":"Sonora en Equipo.","description":"Diario en l\u00ednea con Noticias desde Hermosillo, Sonora","publisher":{"@id":"https:\/\/www.sonoraenequipo.com.mx\/#organization"},"potentialAction":[{"@type":"SearchAction","target":{"@type":"EntryPoint","urlTemplate":"https:\/\/www.sonoraenequipo.com.mx\/?s={search_term_string}"},"query-input":{"@type":"PropertyValueSpecification","valueRequired":true,"valueName":"search_term_string"}}],"inLanguage":"es"},{"@type":"Organization","@id":"https:\/\/www.sonoraenequipo.com.mx\/#organization","name":"Sonoraenequipo.com.mx","url":"https:\/\/www.sonoraenequipo.com.mx\/","logo":{"@type":"ImageObject","inLanguage":"es","@id":"https:\/\/www.sonoraenequipo.com.mx\/#\/schema\/logo\/image\/","url":"https:\/\/www.sonoraenequipo.com.mx\/storage\/2019\/01\/sonoraenequipo_opt.png","contentUrl":"https:\/\/www.sonoraenequipo.com.mx\/storage\/2019\/01\/sonoraenequipo_opt.png","width":375,"height":125,"caption":"Sonoraenequipo.com.mx"},"image":{"@id":"https:\/\/www.sonoraenequipo.com.mx\/#\/schema\/logo\/image\/"},"sameAs":["https:\/\/www.facebook.com\/SonoraEE\/","https:\/\/x.com\/sonoraenequipo","https:\/\/www.youtube.com\/channel\/UC338nW-lPEYmJQs4ZABQ1SQ"]},{"@type":"Person","@id":"https:\/\/www.sonoraenequipo.com.mx\/#\/schema\/person\/50102df0fb23a8fa9e8effad8fa81386","name":"enequipo","image":{"@type":"ImageObject","inLanguage":"es","@id":"https:\/\/www.sonoraenequipo.com.mx\/#\/schema\/person\/image\/","url":"https:\/\/secure.gravatar.com\/avatar\/049821681b589dabc0bc20695993ccebb09f5b5d4d790cd9251b97faac7c652b?s=96&d=blank&r=g","contentUrl":"https:\/\/secure.gravatar.com\/avatar\/049821681b589dabc0bc20695993ccebb09f5b5d4d790cd9251b97faac7c652b?s=96&d=blank&r=g","caption":"enequipo"},"sameAs":["https:\/\/www.facebook.com\/SonoraEE"]}]}},"jetpack_featured_media_url":"https:\/\/www.sonoraenequipo.com.mx\/storage\/2021\/06\/reforestacion_opt.jpg","_links":{"self":[{"href":"https:\/\/www.sonoraenequipo.com.mx\/api\/wp\/v2\/posts\/116942","targetHints":{"allow":["GET"]}}],"collection":[{"href":"https:\/\/www.sonoraenequipo.com.mx\/api\/wp\/v2\/posts"}],"about":[{"href":"https:\/\/www.sonoraenequipo.com.mx\/api\/wp\/v2\/types\/post"}],"author":[{"embeddable":true,"href":"https:\/\/www.sonoraenequipo.com.mx\/api\/wp\/v2\/users\/1"}],"replies":[{"embeddable":true,"href":"https:\/\/www.sonoraenequipo.com.mx\/api\/wp\/v2\/comments?post=116942"}],"version-history":[{"count":3,"href":"https:\/\/www.sonoraenequipo.com.mx\/api\/wp\/v2\/posts\/116942\/revisions"}],"predecessor-version":[{"id":116954,"href":"https:\/\/www.sonoraenequipo.com.mx\/api\/wp\/v2\/posts\/116942\/revisions\/116954"}],"wp:featuredmedia":[{"embeddable":true,"href":"https:\/\/www.sonoraenequipo.com.mx\/api\/wp\/v2\/media\/116946"}],"wp:attachment":[{"href":"https:\/\/www.sonoraenequipo.com.mx\/api\/wp\/v2\/media?parent=116942"}],"wp:term":[{"taxonomy":"category","embeddable":true,"href":"https:\/\/www.sonoraenequipo.com.mx\/api\/wp\/v2\/categories?post=116942"},{"taxonomy":"post_tag","embeddable":true,"href":"https:\/\/www.sonoraenequipo.com.mx\/api\/wp\/v2\/tags?post=116942"}],"curies":[{"name":"wp","href":"https:\/\/api.w.org\/{rel}","templated":true}]}}