{"id":116974,"date":"2021-06-23T08:40:55","date_gmt":"2021-06-23T15:40:55","guid":{"rendered":"https:\/\/www.sonoraenequipo.com.mx\/?p=116974"},"modified":"2021-06-23T17:40:57","modified_gmt":"2021-06-24T00:40:57","slug":"congreso-de-quintana-roo-analizara-iniciativa-para-preservar-la-lengua-maya","status":"publish","type":"post","link":"https:\/\/www.sonoraenequipo.com.mx\/congreso-de-quintana-roo-analizara-iniciativa-para-preservar-la-lengua-maya\/","title":{"rendered":"Congreso de Quintana Roo analizar\u00e1 iniciativa para preservar la lengua maya"},"content":{"rendered":"<p>QUINTANA ROO.MX. \u2014 La Comisi\u00f3n Permanente de la XVI Legislatura, del Congreso de Quintana Roo, turn\u00f3 a comisiones para su an\u00e1lisis, una iniciativa de reforma a la Constituci\u00f3n para que se preserve y enriquezca la lengua maya, los conocimientos y todos los elementos que constituyan su cultura e identidad.<\/p>\n<p>&nbsp;<\/p>\n<p> <\/p>\n<p>&nbsp;<\/p>\n<p>Se trata de una iniciativa promovida por la diputada Reyna Dur\u00e1n Ovando, presidenta de la Comisi\u00f3n de Puntos Constitucionales, en la cual propone que el Estado garantice la promoci\u00f3n, difusi\u00f3n, preservaci\u00f3n y desarrollo de la cultura e identidad del pueblo maya.<\/p>\n<p>&nbsp;<\/p>\n<p>La iniciativa, que fue le\u00edda en la sesi\u00f3n n\u00famero 5 de la Comisi\u00f3n Permanente presidida por el diputado Hern\u00e1n Villatoro Barrios; propone que, a trav\u00e9s de los poderes p\u00fablicos y \u00f3rdenes de gobierno, en el \u00e1mbito de sus respectivas competencias, se reconozca, proteja y se promueva su preservaci\u00f3n, uso y desarrollo, en los t\u00e9rminos de ley.<\/p>\n<p><a class=\"twitter-timeline\" data-width=\"640\" data-height=\"960\" data-dnt=\"true\" href=\"https:\/\/twitter.com\/ViajaAPTC?ref_src=twsrc%5Etfw\">Tweets by ViajaAPTC<\/a><script async src=\"https:\/\/platform.twitter.com\/widgets.js\" charset=\"utf-8\"><\/script><\/p>\n<p>De acuerdo con la exposici\u00f3n de motivos, la \u00faltima encuesta intercensal establece que Quintana Roo es el cuarto estado con el mayor n\u00famero de personas que se autoreconocen como ind\u00edgenas, s\u00f3lo por debajo de Oaxaca, Yucat\u00e1n y Campeche.<\/p>\n<p>&nbsp;<\/p>\n<p>A la vez, el estado ocupa el cuarto lugar en relaci\u00f3n con el porcentaje de poblaci\u00f3n que habla alguna lengua ind\u00edgena. Por tanto, Quintana Roo posee una gran diversidad ling\u00fc\u00edstica, siendo la lengua maya la predominante al ser hablada por casi 178 mil personas.<\/p>\n<p>&nbsp;<\/p>\n<p>Tambi\u00e9n se se\u00f1ala que la poblaci\u00f3n que habla la lengua maya, en su variante denominada mayaa t\u2019aan, tambi\u00e9n conocida como maya yucateco o peninsular, se encuentra concentrada en 7 de los 11 municipios de la entidad.<\/p>\n<p><a class=\"twitter-timeline\" data-width=\"640\" data-height=\"960\" data-dnt=\"true\" href=\"https:\/\/twitter.com\/caribemexico?ref_src=twsrc%5Etfw\">Tweets by caribemexico<\/a><script async src=\"https:\/\/platform.twitter.com\/widgets.js\" charset=\"utf-8\"><\/script><\/p>\n<p>&nbsp;<\/p>\n<p>(Publicada el 23\/06\/2021)<\/p>\n","protected":false},"excerpt":{"rendered":"<p>QUINTANA ROO.MX. \u2014 La Comisi\u00f3n Permanente de la XVI Legislatura, del Congreso de Quintana Roo,&#8230;<\/p>\n","protected":false},"author":1,"featured_media":116976,"comment_status":"open","ping_status":"open","sticky":false,"template":"","format":"standard","meta":{"_monsterinsights_skip_tracking":false,"_monsterinsights_sitenote_active":false,"_monsterinsights_sitenote_note":"","_monsterinsights_sitenote_category":0,"footnotes":""},"categories":[5],"tags":[],"class_list":["post"],"yoast_head":" \n<title>Sonora en Equipo. Congreso de Quintana Roo analizar\u00e1 iniciativa para preservar la lengua maya Rep\u00fablica<\/title>\n<meta name=\"description\" content=\"QUINTANA ROO.MX. \u2014 La Comisi\u00f3n Permanente de la XVI Legislatura, del Congreso de Quintana Roo, turn\u00f3 a comisiones para su an\u00e1lisis, una iniciativa de En Sonora en Equipo publicamos toda la informaci\u00f3n de Sonora, M\u00e9xico y el Mundo de manera oportuna y busca que la libertad de expresi\u00f3n sea real. Visita nuestro medio informativo publicado desde Hermosillo, Sonora. %\" \/>\n<meta name=\"robots\" content=\"index, follow, max-snippet:-1, max-image-preview:large, max-video-preview:-1\" \/>\n<link rel=\"canonical\" href=\"https:\/\/www.sonoraenequipo.com.mx\/congreso-de-quintana-roo-analizara-iniciativa-para-preservar-la-lengua-maya\/\" \/>\n<meta property=\"og:locale\" content=\"es_ES\" \/>\n<meta property=\"og:type\" content=\"article\" \/>\n<meta property=\"og:title\" content=\"Sonora en Equipo. Congreso de Quintana Roo analizar\u00e1 iniciativa para preservar la lengua maya Rep\u00fablica\" \/>\n<meta property=\"og:description\" content=\"QUINTANA ROO.MX. \u2014 La Comisi\u00f3n Permanente de la XVI Legislatura, del Congreso de Quintana Roo, turn\u00f3 a comisiones para su an\u00e1lisis, una iniciativa de En Sonora en Equipo publicamos toda la informaci\u00f3n de Sonora, M\u00e9xico y el Mundo de manera oportuna y busca que la libertad de expresi\u00f3n sea real. Visita nuestro medio informativo publicado desde Hermosillo, Sonora. %\" \/>\n<meta property=\"og:url\" content=\"https:\/\/www.sonoraenequipo.com.mx\/congreso-de-quintana-roo-analizara-iniciativa-para-preservar-la-lengua-maya\/\" \/>\n<meta property=\"og:site_name\" content=\"Sonora en Equipo.\" \/>\n<meta property=\"article:publisher\" content=\"https:\/\/www.facebook.com\/SonoraEE\/\" \/>\n<meta property=\"article:author\" content=\"https:\/\/www.facebook.com\/SonoraEE\" \/>\n<meta property=\"article:published_time\" content=\"2021-06-23T15:40:55+00:00\" \/>\n<meta property=\"article:modified_time\" content=\"2021-06-24T00:40:57+00:00\" \/>\n<meta property=\"og:image\" content=\"https:\/\/www.sonoraenequipo.com.mx\/storage\/2021\/06\/cultura-maya_opt.jpg\" \/>\n\t<meta property=\"og:image:width\" content=\"700\" \/>\n\t<meta property=\"og:image:height\" content=\"400\" \/>\n\t<meta property=\"og:image:type\" content=\"image\/jpeg\" \/>\n<meta name=\"author\" content=\"enequipo\" \/>\n<meta name=\"twitter:card\" content=\"summary_large_image\" \/>\n<meta name=\"twitter:creator\" content=\"@sonoraenequipo\" \/>\n<meta name=\"twitter:site\" content=\"@sonoraenequipo\" \/>\n<meta name=\"twitter:label1\" content=\"Escrito por\" \/>\n\t<meta name=\"twitter:data1\" content=\"enequipo\" \/>\n\t<meta name=\"twitter:label2\" content=\"Tiempo de lectura\" \/>\n\t<meta name=\"twitter:data2\" content=\"2 minutos\" \/>\n<script type=\"application\/ld+json\" class=\"yoast-schema-graph\">{\"@context\":\"https:\/\/schema.org\",\"@graph\":[{\"@type\":\"Article\",\"@id\":\"https:\/\/www.sonoraenequipo.com.mx\/congreso-de-quintana-roo-analizara-iniciativa-para-preservar-la-lengua-maya\/#article\",\"isPartOf\":{\"@id\":\"https:\/\/www.sonoraenequipo.com.mx\/congreso-de-quintana-roo-analizara-iniciativa-para-preservar-la-lengua-maya\/\"},\"author\":{\"name\":\"enequipo\",\"@id\":\"https:\/\/www.sonoraenequipo.com.mx\/#\/schema\/person\/50102df0fb23a8fa9e8effad8fa81386\"},\"headline\":\"Congreso de Quintana Roo analizar\u00e1 iniciativa para preservar la lengua maya\",\"datePublished\":\"2021-06-23T15:40:55+00:00\",\"dateModified\":\"2021-06-24T00:40:57+00:00\",\"mainEntityOfPage\":{\"@id\":\"https:\/\/www.sonoraenequipo.com.mx\/congreso-de-quintana-roo-analizara-iniciativa-para-preservar-la-lengua-maya\/\"},\"wordCount\":318,\"commentCount\":0,\"publisher\":{\"@id\":\"https:\/\/www.sonoraenequipo.com.mx\/#organization\"},\"image\":{\"@id\":\"https:\/\/www.sonoraenequipo.com.mx\/congreso-de-quintana-roo-analizara-iniciativa-para-preservar-la-lengua-maya\/#primaryimage\"},\"thumbnailUrl\":\"https:\/\/www.sonoraenequipo.com.mx\/storage\/2021\/06\/cultura-maya_opt.jpg\",\"articleSection\":[\"Rep\u00fablica\"],\"inLanguage\":\"es\",\"potentialAction\":[{\"@type\":\"CommentAction\",\"name\":\"Comment\",\"target\":[\"https:\/\/www.sonoraenequipo.com.mx\/congreso-de-quintana-roo-analizara-iniciativa-para-preservar-la-lengua-maya\/#respond\"]}]},{\"@type\":\"WebPage\",\"@id\":\"https:\/\/www.sonoraenequipo.com.mx\/congreso-de-quintana-roo-analizara-iniciativa-para-preservar-la-lengua-maya\/\",\"url\":\"https:\/\/www.sonoraenequipo.com.mx\/congreso-de-quintana-roo-analizara-iniciativa-para-preservar-la-lengua-maya\/\",\"name\":\"Sonora en Equipo. Congreso de Quintana Roo analizar\u00e1 iniciativa para preservar la lengua maya Rep\u00fablica\",\"isPartOf\":{\"@id\":\"https:\/\/www.sonoraenequipo.com.mx\/#website\"},\"primaryImageOfPage\":{\"@id\":\"https:\/\/www.sonoraenequipo.com.mx\/congreso-de-quintana-roo-analizara-iniciativa-para-preservar-la-lengua-maya\/#primaryimage\"},\"image\":{\"@id\":\"https:\/\/www.sonoraenequipo.com.mx\/congreso-de-quintana-roo-analizara-iniciativa-para-preservar-la-lengua-maya\/#primaryimage\"},\"thumbnailUrl\":\"https:\/\/www.sonoraenequipo.com.mx\/storage\/2021\/06\/cultura-maya_opt.jpg\",\"datePublished\":\"2021-06-23T15:40:55+00:00\",\"dateModified\":\"2021-06-24T00:40:57+00:00\",\"description\":\"QUINTANA ROO.MX. \u2014 La Comisi\u00f3n Permanente de la XVI Legislatura, del Congreso de Quintana Roo, turn\u00f3 a comisiones para su an\u00e1lisis, una iniciativa de En Sonora en Equipo publicamos toda la informaci\u00f3n de Sonora, M\u00e9xico y el Mundo de manera oportuna y busca que la libertad de expresi\u00f3n sea real. Visita nuestro medio informativo publicado desde Hermosillo, Sonora. %\",\"breadcrumb\":{\"@id\":\"https:\/\/www.sonoraenequipo.com.mx\/congreso-de-quintana-roo-analizara-iniciativa-para-preservar-la-lengua-maya\/#breadcrumb\"},\"inLanguage\":\"es\",\"potentialAction\":[{\"@type\":\"ReadAction\",\"target\":[\"https:\/\/www.sonoraenequipo.com.mx\/congreso-de-quintana-roo-analizara-iniciativa-para-preservar-la-lengua-maya\/\"]}]},{\"@type\":\"ImageObject\",\"inLanguage\":\"es\",\"@id\":\"https:\/\/www.sonoraenequipo.com.mx\/congreso-de-quintana-roo-analizara-iniciativa-para-preservar-la-lengua-maya\/#primaryimage\",\"url\":\"https:\/\/www.sonoraenequipo.com.mx\/storage\/2021\/06\/cultura-maya_opt.jpg\",\"contentUrl\":\"https:\/\/www.sonoraenequipo.com.mx\/storage\/2021\/06\/cultura-maya_opt.jpg\",\"width\":700,\"height\":400},{\"@type\":\"BreadcrumbList\",\"@id\":\"https:\/\/www.sonoraenequipo.com.mx\/congreso-de-quintana-roo-analizara-iniciativa-para-preservar-la-lengua-maya\/#breadcrumb\",\"itemListElement\":[{\"@type\":\"ListItem\",\"position\":1,\"name\":\"Portada\",\"item\":\"https:\/\/www.sonoraenequipo.com.mx\/\"},{\"@type\":\"ListItem\",\"position\":2,\"name\":\"Congreso de Quintana Roo analizar\u00e1 iniciativa para preservar la lengua maya\"}]},{\"@type\":\"WebSite\",\"@id\":\"https:\/\/www.sonoraenequipo.com.mx\/#website\",\"url\":\"https:\/\/www.sonoraenequipo.com.mx\/\",\"name\":\"Sonora en Equipo.\",\"description\":\"Diario en l\u00ednea con Noticias desde Hermosillo, Sonora\",\"publisher\":{\"@id\":\"https:\/\/www.sonoraenequipo.com.mx\/#organization\"},\"potentialAction\":[{\"@type\":\"SearchAction\",\"target\":{\"@type\":\"EntryPoint\",\"urlTemplate\":\"https:\/\/www.sonoraenequipo.com.mx\/?s={search_term_string}\"},\"query-input\":{\"@type\":\"PropertyValueSpecification\",\"valueRequired\":true,\"valueName\":\"search_term_string\"}}],\"inLanguage\":\"es\"},{\"@type\":\"Organization\",\"@id\":\"https:\/\/www.sonoraenequipo.com.mx\/#organization\",\"name\":\"Sonoraenequipo.com.mx\",\"url\":\"https:\/\/www.sonoraenequipo.com.mx\/\",\"logo\":{\"@type\":\"ImageObject\",\"inLanguage\":\"es\",\"@id\":\"https:\/\/www.sonoraenequipo.com.mx\/#\/schema\/logo\/image\/\",\"url\":\"https:\/\/www.sonoraenequipo.com.mx\/storage\/2019\/01\/sonoraenequipo_opt.png\",\"contentUrl\":\"https:\/\/www.sonoraenequipo.com.mx\/storage\/2019\/01\/sonoraenequipo_opt.png\",\"width\":375,\"height\":125,\"caption\":\"Sonoraenequipo.com.mx\"},\"image\":{\"@id\":\"https:\/\/www.sonoraenequipo.com.mx\/#\/schema\/logo\/image\/\"},\"sameAs\":[\"https:\/\/www.facebook.com\/SonoraEE\/\",\"https:\/\/x.com\/sonoraenequipo\",\"https:\/\/www.youtube.com\/channel\/UC338nW-lPEYmJQs4ZABQ1SQ\"]},{\"@type\":\"Person\",\"@id\":\"https:\/\/www.sonoraenequipo.com.mx\/#\/schema\/person\/50102df0fb23a8fa9e8effad8fa81386\",\"name\":\"enequipo\",\"image\":{\"@type\":\"ImageObject\",\"inLanguage\":\"es\",\"@id\":\"https:\/\/www.sonoraenequipo.com.mx\/#\/schema\/person\/image\/\",\"url\":\"https:\/\/secure.gravatar.com\/avatar\/049821681b589dabc0bc20695993ccebb09f5b5d4d790cd9251b97faac7c652b?s=96&d=blank&r=g\",\"contentUrl\":\"https:\/\/secure.gravatar.com\/avatar\/049821681b589dabc0bc20695993ccebb09f5b5d4d790cd9251b97faac7c652b?s=96&d=blank&r=g\",\"caption\":\"enequipo\"},\"sameAs\":[\"https:\/\/www.facebook.com\/SonoraEE\"]}]}<\/script>\n ","yoast_head_json":{"title":"Sonora en Equipo. Congreso de Quintana Roo analizar\u00e1 iniciativa para preservar la lengua maya Rep\u00fablica","description":"QUINTANA ROO.MX. \u2014 La Comisi\u00f3n Permanente de la XVI Legislatura, del Congreso de Quintana Roo, turn\u00f3 a comisiones para su an\u00e1lisis, una iniciativa de En Sonora en Equipo publicamos toda la informaci\u00f3n de Sonora, M\u00e9xico y el Mundo de manera oportuna y busca que la libertad de expresi\u00f3n sea real. Visita nuestro medio informativo publicado desde Hermosillo, Sonora. %","robots":{"index":"index","follow":"follow","max-snippet":"max-snippet:-1","max-image-preview":"max-image-preview:large","max-video-preview":"max-video-preview:-1"},"canonical":"https:\/\/www.sonoraenequipo.com.mx\/congreso-de-quintana-roo-analizara-iniciativa-para-preservar-la-lengua-maya\/","og_locale":"es_ES","og_type":"article","og_title":"Sonora en Equipo. Congreso de Quintana Roo analizar\u00e1 iniciativa para preservar la lengua maya Rep\u00fablica","og_description":"QUINTANA ROO.MX. \u2014 La Comisi\u00f3n Permanente de la XVI Legislatura, del Congreso de Quintana Roo, turn\u00f3 a comisiones para su an\u00e1lisis, una iniciativa de En Sonora en Equipo publicamos toda la informaci\u00f3n de Sonora, M\u00e9xico y el Mundo de manera oportuna y busca que la libertad de expresi\u00f3n sea real. Visita nuestro medio informativo publicado desde Hermosillo, Sonora. %","og_url":"https:\/\/www.sonoraenequipo.com.mx\/congreso-de-quintana-roo-analizara-iniciativa-para-preservar-la-lengua-maya\/","og_site_name":"Sonora en Equipo.","article_publisher":"https:\/\/www.facebook.com\/SonoraEE\/","article_author":"https:\/\/www.facebook.com\/SonoraEE","article_published_time":"2021-06-23T15:40:55+00:00","article_modified_time":"2021-06-24T00:40:57+00:00","og_image":[{"width":700,"height":400,"url":"https:\/\/www.sonoraenequipo.com.mx\/storage\/2021\/06\/cultura-maya_opt.jpg","type":"image\/jpeg"}],"author":"enequipo","twitter_card":"summary_large_image","twitter_creator":"@sonoraenequipo","twitter_site":"@sonoraenequipo","twitter_misc":{"Escrito por":"enequipo","Tiempo de lectura":"2 minutos"},"schema":{"@context":"https:\/\/schema.org","@graph":[{"@type":"Article","@id":"https:\/\/www.sonoraenequipo.com.mx\/congreso-de-quintana-roo-analizara-iniciativa-para-preservar-la-lengua-maya\/#article","isPartOf":{"@id":"https:\/\/www.sonoraenequipo.com.mx\/congreso-de-quintana-roo-analizara-iniciativa-para-preservar-la-lengua-maya\/"},"author":{"name":"enequipo","@id":"https:\/\/www.sonoraenequipo.com.mx\/#\/schema\/person\/50102df0fb23a8fa9e8effad8fa81386"},"headline":"Congreso de Quintana Roo analizar\u00e1 iniciativa para preservar la lengua maya","datePublished":"2021-06-23T15:40:55+00:00","dateModified":"2021-06-24T00:40:57+00:00","mainEntityOfPage":{"@id":"https:\/\/www.sonoraenequipo.com.mx\/congreso-de-quintana-roo-analizara-iniciativa-para-preservar-la-lengua-maya\/"},"wordCount":318,"commentCount":0,"publisher":{"@id":"https:\/\/www.sonoraenequipo.com.mx\/#organization"},"image":{"@id":"https:\/\/www.sonoraenequipo.com.mx\/congreso-de-quintana-roo-analizara-iniciativa-para-preservar-la-lengua-maya\/#primaryimage"},"thumbnailUrl":"https:\/\/www.sonoraenequipo.com.mx\/storage\/2021\/06\/cultura-maya_opt.jpg","articleSection":["Rep\u00fablica"],"inLanguage":"es","potentialAction":[{"@type":"CommentAction","name":"Comment","target":["https:\/\/www.sonoraenequipo.com.mx\/congreso-de-quintana-roo-analizara-iniciativa-para-preservar-la-lengua-maya\/#respond"]}]},{"@type":"WebPage","@id":"https:\/\/www.sonoraenequipo.com.mx\/congreso-de-quintana-roo-analizara-iniciativa-para-preservar-la-lengua-maya\/","url":"https:\/\/www.sonoraenequipo.com.mx\/congreso-de-quintana-roo-analizara-iniciativa-para-preservar-la-lengua-maya\/","name":"Sonora en Equipo. Congreso de Quintana Roo analizar\u00e1 iniciativa para preservar la lengua maya Rep\u00fablica","isPartOf":{"@id":"https:\/\/www.sonoraenequipo.com.mx\/#website"},"primaryImageOfPage":{"@id":"https:\/\/www.sonoraenequipo.com.mx\/congreso-de-quintana-roo-analizara-iniciativa-para-preservar-la-lengua-maya\/#primaryimage"},"image":{"@id":"https:\/\/www.sonoraenequipo.com.mx\/congreso-de-quintana-roo-analizara-iniciativa-para-preservar-la-lengua-maya\/#primaryimage"},"thumbnailUrl":"https:\/\/www.sonoraenequipo.com.mx\/storage\/2021\/06\/cultura-maya_opt.jpg","datePublished":"2021-06-23T15:40:55+00:00","dateModified":"2021-06-24T00:40:57+00:00","description":"QUINTANA ROO.MX. \u2014 La Comisi\u00f3n Permanente de la XVI Legislatura, del Congreso de Quintana Roo, turn\u00f3 a comisiones para su an\u00e1lisis, una iniciativa de En Sonora en Equipo publicamos toda la informaci\u00f3n de Sonora, M\u00e9xico y el Mundo de manera oportuna y busca que la libertad de expresi\u00f3n sea real. Visita nuestro medio informativo publicado desde Hermosillo, Sonora. %","breadcrumb":{"@id":"https:\/\/www.sonoraenequipo.com.mx\/congreso-de-quintana-roo-analizara-iniciativa-para-preservar-la-lengua-maya\/#breadcrumb"},"inLanguage":"es","potentialAction":[{"@type":"ReadAction","target":["https:\/\/www.sonoraenequipo.com.mx\/congreso-de-quintana-roo-analizara-iniciativa-para-preservar-la-lengua-maya\/"]}]},{"@type":"ImageObject","inLanguage":"es","@id":"https:\/\/www.sonoraenequipo.com.mx\/congreso-de-quintana-roo-analizara-iniciativa-para-preservar-la-lengua-maya\/#primaryimage","url":"https:\/\/www.sonoraenequipo.com.mx\/storage\/2021\/06\/cultura-maya_opt.jpg","contentUrl":"https:\/\/www.sonoraenequipo.com.mx\/storage\/2021\/06\/cultura-maya_opt.jpg","width":700,"height":400},{"@type":"BreadcrumbList","@id":"https:\/\/www.sonoraenequipo.com.mx\/congreso-de-quintana-roo-analizara-iniciativa-para-preservar-la-lengua-maya\/#breadcrumb","itemListElement":[{"@type":"ListItem","position":1,"name":"Portada","item":"https:\/\/www.sonoraenequipo.com.mx\/"},{"@type":"ListItem","position":2,"name":"Congreso de Quintana Roo analizar\u00e1 iniciativa para preservar la lengua maya"}]},{"@type":"WebSite","@id":"https:\/\/www.sonoraenequipo.com.mx\/#website","url":"https:\/\/www.sonoraenequipo.com.mx\/","name":"Sonora en Equipo.","description":"Diario en l\u00ednea con Noticias desde Hermosillo, Sonora","publisher":{"@id":"https:\/\/www.sonoraenequipo.com.mx\/#organization"},"potentialAction":[{"@type":"SearchAction","target":{"@type":"EntryPoint","urlTemplate":"https:\/\/www.sonoraenequipo.com.mx\/?s={search_term_string}"},"query-input":{"@type":"PropertyValueSpecification","valueRequired":true,"valueName":"search_term_string"}}],"inLanguage":"es"},{"@type":"Organization","@id":"https:\/\/www.sonoraenequipo.com.mx\/#organization","name":"Sonoraenequipo.com.mx","url":"https:\/\/www.sonoraenequipo.com.mx\/","logo":{"@type":"ImageObject","inLanguage":"es","@id":"https:\/\/www.sonoraenequipo.com.mx\/#\/schema\/logo\/image\/","url":"https:\/\/www.sonoraenequipo.com.mx\/storage\/2019\/01\/sonoraenequipo_opt.png","contentUrl":"https:\/\/www.sonoraenequipo.com.mx\/storage\/2019\/01\/sonoraenequipo_opt.png","width":375,"height":125,"caption":"Sonoraenequipo.com.mx"},"image":{"@id":"https:\/\/www.sonoraenequipo.com.mx\/#\/schema\/logo\/image\/"},"sameAs":["https:\/\/www.facebook.com\/SonoraEE\/","https:\/\/x.com\/sonoraenequipo","https:\/\/www.youtube.com\/channel\/UC338nW-lPEYmJQs4ZABQ1SQ"]},{"@type":"Person","@id":"https:\/\/www.sonoraenequipo.com.mx\/#\/schema\/person\/50102df0fb23a8fa9e8effad8fa81386","name":"enequipo","image":{"@type":"ImageObject","inLanguage":"es","@id":"https:\/\/www.sonoraenequipo.com.mx\/#\/schema\/person\/image\/","url":"https:\/\/secure.gravatar.com\/avatar\/049821681b589dabc0bc20695993ccebb09f5b5d4d790cd9251b97faac7c652b?s=96&d=blank&r=g","contentUrl":"https:\/\/secure.gravatar.com\/avatar\/049821681b589dabc0bc20695993ccebb09f5b5d4d790cd9251b97faac7c652b?s=96&d=blank&r=g","caption":"enequipo"},"sameAs":["https:\/\/www.facebook.com\/SonoraEE"]}]}},"jetpack_featured_media_url":"https:\/\/www.sonoraenequipo.com.mx\/storage\/2021\/06\/cultura-maya_opt.jpg","_links":{"self":[{"href":"https:\/\/www.sonoraenequipo.com.mx\/api\/wp\/v2\/posts\/116974","targetHints":{"allow":["GET"]}}],"collection":[{"href":"https:\/\/www.sonoraenequipo.com.mx\/api\/wp\/v2\/posts"}],"about":[{"href":"https:\/\/www.sonoraenequipo.com.mx\/api\/wp\/v2\/types\/post"}],"author":[{"embeddable":true,"href":"https:\/\/www.sonoraenequipo.com.mx\/api\/wp\/v2\/users\/1"}],"replies":[{"embeddable":true,"href":"https:\/\/www.sonoraenequipo.com.mx\/api\/wp\/v2\/comments?post=116974"}],"version-history":[{"count":2,"href":"https:\/\/www.sonoraenequipo.com.mx\/api\/wp\/v2\/posts\/116974\/revisions"}],"predecessor-version":[{"id":116979,"href":"https:\/\/www.sonoraenequipo.com.mx\/api\/wp\/v2\/posts\/116974\/revisions\/116979"}],"wp:featuredmedia":[{"embeddable":true,"href":"https:\/\/www.sonoraenequipo.com.mx\/api\/wp\/v2\/media\/116976"}],"wp:attachment":[{"href":"https:\/\/www.sonoraenequipo.com.mx\/api\/wp\/v2\/media?parent=116974"}],"wp:term":[{"taxonomy":"category","embeddable":true,"href":"https:\/\/www.sonoraenequipo.com.mx\/api\/wp\/v2\/categories?post=116974"},{"taxonomy":"post_tag","embeddable":true,"href":"https:\/\/www.sonoraenequipo.com.mx\/api\/wp\/v2\/tags?post=116974"}],"curies":[{"name":"wp","href":"https:\/\/api.w.org\/{rel}","templated":true}]}}