{"id":116980,"date":"2021-06-23T05:00:33","date_gmt":"2021-06-23T12:00:33","guid":{"rendered":"https:\/\/www.sonoraenequipo.com.mx\/?p=116980"},"modified":"2021-06-23T17:51:46","modified_gmt":"2021-06-24T00:51:46","slug":"lluvias-en-el-estado-de-mexico-dejaron-inundaciones-en-varios-municipios-del-edomex","status":"publish","type":"post","link":"https:\/\/www.sonoraenequipo.com.mx\/lluvias-en-el-estado-de-mexico-dejaron-inundaciones-en-varios-municipios-del-edomex\/","title":{"rendered":"Lluvias en el Estado de M\u00e9xico dejaron inundaciones en varios municipios del Edomex"},"content":{"rendered":"<p>ESTADO DE M\u00c9XICO. MX. \u2014 Las fuertes lluvias que se registraron ayer por la noche en el Valle de M\u00e9xico dejaron severas inundaciones que alcanzaron m\u00e1s un metro de altura en avenidas principales del Estado de M\u00e9xico, as\u00ed como afectaciones en establecimientos y hogares, adem\u00e1s de que varios autos quedaron varados entre las fuertes aguas.<\/p>\n<p>&nbsp;<\/p>\n<p> <\/p>\n<p>&nbsp;<\/p>\n<p>La lluvia se present\u00f3 con una fuerte granizada que colaps\u00f3 Perif\u00e9rico Norte, la avenida Gustavo Baz y vialidades secundarias, principalmente en los l\u00edmites con Atizap\u00e1n y Naucalpan.<\/p>\n<blockquote class=\"twitter-tweet\" data-width=\"550\" data-dnt=\"true\">\n<p lang=\"es\" dir=\"ltr\">Las tormentas de esta tarde causando severas inundaciones en <a href=\"https:\/\/twitter.com\/hashtag\/Atizap%C3%A1n?src=hash&amp;ref_src=twsrc%5Etfw\">#Atizap\u00e1n<\/a>, EdoMex. <\/p>\n<p>V\u00eda <a href=\"https:\/\/twitter.com\/reformaciudad?ref_src=twsrc%5Etfw\">@reformaciudad<\/a> <a href=\"https:\/\/t.co\/dyUP6bxFcJ\">pic.twitter.com\/dyUP6bxFcJ<\/a><\/p>\n<p>&mdash; SkyAlert Storm (@SkyAlertStorm) <a href=\"https:\/\/twitter.com\/SkyAlertStorm\/status\/1407493984268783616?ref_src=twsrc%5Etfw\">June 23, 2021<\/a><\/p><\/blockquote>\n<p><script async src=\"https:\/\/platform.twitter.com\/widgets.js\" charset=\"utf-8\"><\/script><\/p>\n<p>A pesar que grupos de servicios p\u00fablicos, bomberos y de Protecci\u00f3n Civil trabajaban en las zonas de conflicto para auxiliar a los afectados, la constante lluvia y el nivel del agua complico<\/p>\n<p>&nbsp;<\/p>\n<p>El gobierno municipal de Atizap\u00e1n inform\u00f3 que puso en marcha el <em>\u201cPlan Integral de Prevenci\u00f3n y Contingencia por Lluvias\u201d c<\/em>on el despliegue de m\u00e1s de 300 trabajadores de diversas \u00e1reas en los puntos m\u00e1s problem\u00e1ticos.<\/p>\n<p>&nbsp;<\/p>\n<p>&nbsp;<\/p>\n<p>Las tormentas de esta tarde causando severas inundaciones en Atizap\u00e1n, EdoMex.<\/p>\n<blockquote class=\"twitter-tweet\" data-width=\"550\" data-dnt=\"true\">\n<p lang=\"es\" dir=\"ltr\">\ud83d\udcf9\ud83d\udd34<a href=\"https:\/\/twitter.com\/hashtag\/Alerta?src=hash&amp;ref_src=twsrc%5Etfw\">#Alerta<\/a> \u00a1Evite la zona! Caos total por inundaciones en Cuautitl\u00e1n Izcalli, <a href=\"https:\/\/twitter.com\/hashtag\/Edomex?src=hash&amp;ref_src=twsrc%5Etfw\">#Edomex<\/a>. \u00a1Varios autos quedaron varados! <br \/>\ud83d\udcf9Cortes\u00eda <a href=\"https:\/\/t.co\/BuUkmfVvAf\">pic.twitter.com\/BuUkmfVvAf<\/a><\/p>\n<p>&mdash; @MeganoticiasMx (@MeganoticiasMx) <a href=\"https:\/\/twitter.com\/MeganoticiasMx\/status\/1407500091355697152?ref_src=twsrc%5Etfw\">June 23, 2021<\/a><\/p><\/blockquote>\n<p><script async src=\"https:\/\/platform.twitter.com\/widgets.js\" charset=\"utf-8\"><\/script><\/p>\n<p>&nbsp;<\/p>\n<p>En este municipio la intensa precipitaci\u00f3n pluvial provoc\u00f3 la ruptura del muro de contenci\u00f3n del r\u00edo Chamacuero, ubicado en la colonia San Jos\u00e9 El Jaral, afectando cuatro vialidades, donde el agua alcanz\u00f3 1.20 metros de altura.<\/p>\n<p>&nbsp;<\/p>\n<p>Las inundaciones tambi\u00e9n se presentaron en los municipios de Cuautitl\u00e1n Izcalli, Ecatepec, Huixquilucan y Tlalnepantla.<\/p>\n<p><a class=\"twitter-timeline\" data-width=\"640\" data-height=\"960\" data-dnt=\"true\" href=\"https:\/\/twitter.com\/SGIRPC_CDMX?ref_src=twsrc%5Etfw\">Tweets by SGIRPC_CDMX<\/a><script async src=\"https:\/\/platform.twitter.com\/widgets.js\" charset=\"utf-8\"><\/script><\/p>\n<p>&nbsp;<\/p>\n<p>(Publicada el 23\/06\/2021)<\/p>\n","protected":false},"excerpt":{"rendered":"<p>ESTADO DE M\u00c9XICO. MX. \u2014 Las fuertes lluvias que se registraron ayer por la noche&#8230;<\/p>\n","protected":false},"author":1,"featured_media":0,"comment_status":"open","ping_status":"open","sticky":false,"template":"","format":"standard","meta":{"_monsterinsights_skip_tracking":false,"_monsterinsights_sitenote_active":false,"_monsterinsights_sitenote_note":"","_monsterinsights_sitenote_category":0,"footnotes":""},"categories":[1],"tags":[],"class_list":["post"],"yoast_head":" \n<title>Sonora en Equipo. Lluvias en el Estado de M\u00e9xico dejaron inundaciones en varios municipios del Edomex<\/title>\n<meta name=\"description\" content=\"ESTADO DE M\u00c9XICO. MX. \u2014 Las fuertes lluvias que se registraron ayer por la noche en el Valle de M\u00e9xico dejaron severas inundaciones que alcanzaron m\u00e1s un En Sonora en Equipo publicamos toda la informaci\u00f3n de Sonora, M\u00e9xico y el Mundo de manera oportuna y busca que la libertad de expresi\u00f3n sea real. Visita nuestro medio informativo publicado desde Hermosillo, Sonora. %\" \/>\n<meta name=\"robots\" content=\"index, follow, max-snippet:-1, max-image-preview:large, max-video-preview:-1\" \/>\n<link rel=\"canonical\" href=\"https:\/\/www.sonoraenequipo.com.mx\/lluvias-en-el-estado-de-mexico-dejaron-inundaciones-en-varios-municipios-del-edomex\/\" \/>\n<meta property=\"og:locale\" content=\"es_ES\" \/>\n<meta property=\"og:type\" content=\"article\" \/>\n<meta property=\"og:title\" content=\"Sonora en Equipo. Lluvias en el Estado de M\u00e9xico dejaron inundaciones en varios municipios del Edomex\" \/>\n<meta property=\"og:description\" content=\"ESTADO DE M\u00c9XICO. MX. \u2014 Las fuertes lluvias que se registraron ayer por la noche en el Valle de M\u00e9xico dejaron severas inundaciones que alcanzaron m\u00e1s un En Sonora en Equipo publicamos toda la informaci\u00f3n de Sonora, M\u00e9xico y el Mundo de manera oportuna y busca que la libertad de expresi\u00f3n sea real. Visita nuestro medio informativo publicado desde Hermosillo, Sonora. %\" \/>\n<meta property=\"og:url\" content=\"https:\/\/www.sonoraenequipo.com.mx\/lluvias-en-el-estado-de-mexico-dejaron-inundaciones-en-varios-municipios-del-edomex\/\" \/>\n<meta property=\"og:site_name\" content=\"Sonora en Equipo.\" \/>\n<meta property=\"article:publisher\" content=\"https:\/\/www.facebook.com\/SonoraEE\/\" \/>\n<meta property=\"article:author\" content=\"https:\/\/www.facebook.com\/SonoraEE\" \/>\n<meta property=\"article:published_time\" content=\"2021-06-23T12:00:33+00:00\" \/>\n<meta property=\"article:modified_time\" content=\"2021-06-24T00:51:46+00:00\" \/>\n<meta name=\"author\" content=\"enequipo\" \/>\n<meta name=\"twitter:card\" content=\"summary_large_image\" \/>\n<meta name=\"twitter:creator\" content=\"@sonoraenequipo\" \/>\n<meta name=\"twitter:site\" content=\"@sonoraenequipo\" \/>\n<meta name=\"twitter:label1\" content=\"Escrito por\" \/>\n\t<meta name=\"twitter:data1\" content=\"enequipo\" \/>\n\t<meta name=\"twitter:label2\" content=\"Tiempo de lectura\" \/>\n\t<meta name=\"twitter:data2\" content=\"1 minuto\" \/>\n<script type=\"application\/ld+json\" class=\"yoast-schema-graph\">{\"@context\":\"https:\/\/schema.org\",\"@graph\":[{\"@type\":\"Article\",\"@id\":\"https:\/\/www.sonoraenequipo.com.mx\/lluvias-en-el-estado-de-mexico-dejaron-inundaciones-en-varios-municipios-del-edomex\/#article\",\"isPartOf\":{\"@id\":\"https:\/\/www.sonoraenequipo.com.mx\/lluvias-en-el-estado-de-mexico-dejaron-inundaciones-en-varios-municipios-del-edomex\/\"},\"author\":{\"name\":\"enequipo\",\"@id\":\"https:\/\/www.sonoraenequipo.com.mx\/#\/schema\/person\/50102df0fb23a8fa9e8effad8fa81386\"},\"headline\":\"Lluvias en el Estado de M\u00e9xico dejaron inundaciones en varios municipios del Edomex\",\"datePublished\":\"2021-06-23T12:00:33+00:00\",\"dateModified\":\"2021-06-24T00:51:46+00:00\",\"mainEntityOfPage\":{\"@id\":\"https:\/\/www.sonoraenequipo.com.mx\/lluvias-en-el-estado-de-mexico-dejaron-inundaciones-en-varios-municipios-del-edomex\/\"},\"wordCount\":268,\"commentCount\":0,\"publisher\":{\"@id\":\"https:\/\/www.sonoraenequipo.com.mx\/#organization\"},\"articleSection\":[\"Sin categorizar\"],\"inLanguage\":\"es\",\"potentialAction\":[{\"@type\":\"CommentAction\",\"name\":\"Comment\",\"target\":[\"https:\/\/www.sonoraenequipo.com.mx\/lluvias-en-el-estado-de-mexico-dejaron-inundaciones-en-varios-municipios-del-edomex\/#respond\"]}]},{\"@type\":\"WebPage\",\"@id\":\"https:\/\/www.sonoraenequipo.com.mx\/lluvias-en-el-estado-de-mexico-dejaron-inundaciones-en-varios-municipios-del-edomex\/\",\"url\":\"https:\/\/www.sonoraenequipo.com.mx\/lluvias-en-el-estado-de-mexico-dejaron-inundaciones-en-varios-municipios-del-edomex\/\",\"name\":\"Sonora en Equipo. Lluvias en el Estado de M\u00e9xico dejaron inundaciones en varios municipios del Edomex\",\"isPartOf\":{\"@id\":\"https:\/\/www.sonoraenequipo.com.mx\/#website\"},\"datePublished\":\"2021-06-23T12:00:33+00:00\",\"dateModified\":\"2021-06-24T00:51:46+00:00\",\"description\":\"ESTADO DE M\u00c9XICO. MX. \u2014 Las fuertes lluvias que se registraron ayer por la noche en el Valle de M\u00e9xico dejaron severas inundaciones que alcanzaron m\u00e1s un En Sonora en Equipo publicamos toda la informaci\u00f3n de Sonora, M\u00e9xico y el Mundo de manera oportuna y busca que la libertad de expresi\u00f3n sea real. Visita nuestro medio informativo publicado desde Hermosillo, Sonora. %\",\"breadcrumb\":{\"@id\":\"https:\/\/www.sonoraenequipo.com.mx\/lluvias-en-el-estado-de-mexico-dejaron-inundaciones-en-varios-municipios-del-edomex\/#breadcrumb\"},\"inLanguage\":\"es\",\"potentialAction\":[{\"@type\":\"ReadAction\",\"target\":[\"https:\/\/www.sonoraenequipo.com.mx\/lluvias-en-el-estado-de-mexico-dejaron-inundaciones-en-varios-municipios-del-edomex\/\"]}]},{\"@type\":\"BreadcrumbList\",\"@id\":\"https:\/\/www.sonoraenequipo.com.mx\/lluvias-en-el-estado-de-mexico-dejaron-inundaciones-en-varios-municipios-del-edomex\/#breadcrumb\",\"itemListElement\":[{\"@type\":\"ListItem\",\"position\":1,\"name\":\"Portada\",\"item\":\"https:\/\/www.sonoraenequipo.com.mx\/\"},{\"@type\":\"ListItem\",\"position\":2,\"name\":\"Lluvias en el Estado de M\u00e9xico dejaron inundaciones en varios municipios del Edomex\"}]},{\"@type\":\"WebSite\",\"@id\":\"https:\/\/www.sonoraenequipo.com.mx\/#website\",\"url\":\"https:\/\/www.sonoraenequipo.com.mx\/\",\"name\":\"Sonora en Equipo.\",\"description\":\"Diario en l\u00ednea con Noticias desde Hermosillo, Sonora\",\"publisher\":{\"@id\":\"https:\/\/www.sonoraenequipo.com.mx\/#organization\"},\"potentialAction\":[{\"@type\":\"SearchAction\",\"target\":{\"@type\":\"EntryPoint\",\"urlTemplate\":\"https:\/\/www.sonoraenequipo.com.mx\/?s={search_term_string}\"},\"query-input\":{\"@type\":\"PropertyValueSpecification\",\"valueRequired\":true,\"valueName\":\"search_term_string\"}}],\"inLanguage\":\"es\"},{\"@type\":\"Organization\",\"@id\":\"https:\/\/www.sonoraenequipo.com.mx\/#organization\",\"name\":\"Sonoraenequipo.com.mx\",\"url\":\"https:\/\/www.sonoraenequipo.com.mx\/\",\"logo\":{\"@type\":\"ImageObject\",\"inLanguage\":\"es\",\"@id\":\"https:\/\/www.sonoraenequipo.com.mx\/#\/schema\/logo\/image\/\",\"url\":\"https:\/\/www.sonoraenequipo.com.mx\/storage\/2019\/01\/sonoraenequipo_opt.png\",\"contentUrl\":\"https:\/\/www.sonoraenequipo.com.mx\/storage\/2019\/01\/sonoraenequipo_opt.png\",\"width\":375,\"height\":125,\"caption\":\"Sonoraenequipo.com.mx\"},\"image\":{\"@id\":\"https:\/\/www.sonoraenequipo.com.mx\/#\/schema\/logo\/image\/\"},\"sameAs\":[\"https:\/\/www.facebook.com\/SonoraEE\/\",\"https:\/\/x.com\/sonoraenequipo\",\"https:\/\/www.youtube.com\/channel\/UC338nW-lPEYmJQs4ZABQ1SQ\"]},{\"@type\":\"Person\",\"@id\":\"https:\/\/www.sonoraenequipo.com.mx\/#\/schema\/person\/50102df0fb23a8fa9e8effad8fa81386\",\"name\":\"enequipo\",\"image\":{\"@type\":\"ImageObject\",\"inLanguage\":\"es\",\"@id\":\"https:\/\/www.sonoraenequipo.com.mx\/#\/schema\/person\/image\/\",\"url\":\"https:\/\/secure.gravatar.com\/avatar\/049821681b589dabc0bc20695993ccebb09f5b5d4d790cd9251b97faac7c652b?s=96&d=blank&r=g\",\"contentUrl\":\"https:\/\/secure.gravatar.com\/avatar\/049821681b589dabc0bc20695993ccebb09f5b5d4d790cd9251b97faac7c652b?s=96&d=blank&r=g\",\"caption\":\"enequipo\"},\"sameAs\":[\"https:\/\/www.facebook.com\/SonoraEE\"]}]}<\/script>\n ","yoast_head_json":{"title":"Sonora en Equipo. Lluvias en el Estado de M\u00e9xico dejaron inundaciones en varios municipios del Edomex","description":"ESTADO DE M\u00c9XICO. MX. \u2014 Las fuertes lluvias que se registraron ayer por la noche en el Valle de M\u00e9xico dejaron severas inundaciones que alcanzaron m\u00e1s un En Sonora en Equipo publicamos toda la informaci\u00f3n de Sonora, M\u00e9xico y el Mundo de manera oportuna y busca que la libertad de expresi\u00f3n sea real. Visita nuestro medio informativo publicado desde Hermosillo, Sonora. %","robots":{"index":"index","follow":"follow","max-snippet":"max-snippet:-1","max-image-preview":"max-image-preview:large","max-video-preview":"max-video-preview:-1"},"canonical":"https:\/\/www.sonoraenequipo.com.mx\/lluvias-en-el-estado-de-mexico-dejaron-inundaciones-en-varios-municipios-del-edomex\/","og_locale":"es_ES","og_type":"article","og_title":"Sonora en Equipo. Lluvias en el Estado de M\u00e9xico dejaron inundaciones en varios municipios del Edomex","og_description":"ESTADO DE M\u00c9XICO. MX. \u2014 Las fuertes lluvias que se registraron ayer por la noche en el Valle de M\u00e9xico dejaron severas inundaciones que alcanzaron m\u00e1s un En Sonora en Equipo publicamos toda la informaci\u00f3n de Sonora, M\u00e9xico y el Mundo de manera oportuna y busca que la libertad de expresi\u00f3n sea real. Visita nuestro medio informativo publicado desde Hermosillo, Sonora. %","og_url":"https:\/\/www.sonoraenequipo.com.mx\/lluvias-en-el-estado-de-mexico-dejaron-inundaciones-en-varios-municipios-del-edomex\/","og_site_name":"Sonora en Equipo.","article_publisher":"https:\/\/www.facebook.com\/SonoraEE\/","article_author":"https:\/\/www.facebook.com\/SonoraEE","article_published_time":"2021-06-23T12:00:33+00:00","article_modified_time":"2021-06-24T00:51:46+00:00","author":"enequipo","twitter_card":"summary_large_image","twitter_creator":"@sonoraenequipo","twitter_site":"@sonoraenequipo","twitter_misc":{"Escrito por":"enequipo","Tiempo de lectura":"1 minuto"},"schema":{"@context":"https:\/\/schema.org","@graph":[{"@type":"Article","@id":"https:\/\/www.sonoraenequipo.com.mx\/lluvias-en-el-estado-de-mexico-dejaron-inundaciones-en-varios-municipios-del-edomex\/#article","isPartOf":{"@id":"https:\/\/www.sonoraenequipo.com.mx\/lluvias-en-el-estado-de-mexico-dejaron-inundaciones-en-varios-municipios-del-edomex\/"},"author":{"name":"enequipo","@id":"https:\/\/www.sonoraenequipo.com.mx\/#\/schema\/person\/50102df0fb23a8fa9e8effad8fa81386"},"headline":"Lluvias en el Estado de M\u00e9xico dejaron inundaciones en varios municipios del Edomex","datePublished":"2021-06-23T12:00:33+00:00","dateModified":"2021-06-24T00:51:46+00:00","mainEntityOfPage":{"@id":"https:\/\/www.sonoraenequipo.com.mx\/lluvias-en-el-estado-de-mexico-dejaron-inundaciones-en-varios-municipios-del-edomex\/"},"wordCount":268,"commentCount":0,"publisher":{"@id":"https:\/\/www.sonoraenequipo.com.mx\/#organization"},"articleSection":["Sin categorizar"],"inLanguage":"es","potentialAction":[{"@type":"CommentAction","name":"Comment","target":["https:\/\/www.sonoraenequipo.com.mx\/lluvias-en-el-estado-de-mexico-dejaron-inundaciones-en-varios-municipios-del-edomex\/#respond"]}]},{"@type":"WebPage","@id":"https:\/\/www.sonoraenequipo.com.mx\/lluvias-en-el-estado-de-mexico-dejaron-inundaciones-en-varios-municipios-del-edomex\/","url":"https:\/\/www.sonoraenequipo.com.mx\/lluvias-en-el-estado-de-mexico-dejaron-inundaciones-en-varios-municipios-del-edomex\/","name":"Sonora en Equipo. Lluvias en el Estado de M\u00e9xico dejaron inundaciones en varios municipios del Edomex","isPartOf":{"@id":"https:\/\/www.sonoraenequipo.com.mx\/#website"},"datePublished":"2021-06-23T12:00:33+00:00","dateModified":"2021-06-24T00:51:46+00:00","description":"ESTADO DE M\u00c9XICO. MX. \u2014 Las fuertes lluvias que se registraron ayer por la noche en el Valle de M\u00e9xico dejaron severas inundaciones que alcanzaron m\u00e1s un En Sonora en Equipo publicamos toda la informaci\u00f3n de Sonora, M\u00e9xico y el Mundo de manera oportuna y busca que la libertad de expresi\u00f3n sea real. Visita nuestro medio informativo publicado desde Hermosillo, Sonora. %","breadcrumb":{"@id":"https:\/\/www.sonoraenequipo.com.mx\/lluvias-en-el-estado-de-mexico-dejaron-inundaciones-en-varios-municipios-del-edomex\/#breadcrumb"},"inLanguage":"es","potentialAction":[{"@type":"ReadAction","target":["https:\/\/www.sonoraenequipo.com.mx\/lluvias-en-el-estado-de-mexico-dejaron-inundaciones-en-varios-municipios-del-edomex\/"]}]},{"@type":"BreadcrumbList","@id":"https:\/\/www.sonoraenequipo.com.mx\/lluvias-en-el-estado-de-mexico-dejaron-inundaciones-en-varios-municipios-del-edomex\/#breadcrumb","itemListElement":[{"@type":"ListItem","position":1,"name":"Portada","item":"https:\/\/www.sonoraenequipo.com.mx\/"},{"@type":"ListItem","position":2,"name":"Lluvias en el Estado de M\u00e9xico dejaron inundaciones en varios municipios del Edomex"}]},{"@type":"WebSite","@id":"https:\/\/www.sonoraenequipo.com.mx\/#website","url":"https:\/\/www.sonoraenequipo.com.mx\/","name":"Sonora en Equipo.","description":"Diario en l\u00ednea con Noticias desde Hermosillo, Sonora","publisher":{"@id":"https:\/\/www.sonoraenequipo.com.mx\/#organization"},"potentialAction":[{"@type":"SearchAction","target":{"@type":"EntryPoint","urlTemplate":"https:\/\/www.sonoraenequipo.com.mx\/?s={search_term_string}"},"query-input":{"@type":"PropertyValueSpecification","valueRequired":true,"valueName":"search_term_string"}}],"inLanguage":"es"},{"@type":"Organization","@id":"https:\/\/www.sonoraenequipo.com.mx\/#organization","name":"Sonoraenequipo.com.mx","url":"https:\/\/www.sonoraenequipo.com.mx\/","logo":{"@type":"ImageObject","inLanguage":"es","@id":"https:\/\/www.sonoraenequipo.com.mx\/#\/schema\/logo\/image\/","url":"https:\/\/www.sonoraenequipo.com.mx\/storage\/2019\/01\/sonoraenequipo_opt.png","contentUrl":"https:\/\/www.sonoraenequipo.com.mx\/storage\/2019\/01\/sonoraenequipo_opt.png","width":375,"height":125,"caption":"Sonoraenequipo.com.mx"},"image":{"@id":"https:\/\/www.sonoraenequipo.com.mx\/#\/schema\/logo\/image\/"},"sameAs":["https:\/\/www.facebook.com\/SonoraEE\/","https:\/\/x.com\/sonoraenequipo","https:\/\/www.youtube.com\/channel\/UC338nW-lPEYmJQs4ZABQ1SQ"]},{"@type":"Person","@id":"https:\/\/www.sonoraenequipo.com.mx\/#\/schema\/person\/50102df0fb23a8fa9e8effad8fa81386","name":"enequipo","image":{"@type":"ImageObject","inLanguage":"es","@id":"https:\/\/www.sonoraenequipo.com.mx\/#\/schema\/person\/image\/","url":"https:\/\/secure.gravatar.com\/avatar\/049821681b589dabc0bc20695993ccebb09f5b5d4d790cd9251b97faac7c652b?s=96&d=blank&r=g","contentUrl":"https:\/\/secure.gravatar.com\/avatar\/049821681b589dabc0bc20695993ccebb09f5b5d4d790cd9251b97faac7c652b?s=96&d=blank&r=g","caption":"enequipo"},"sameAs":["https:\/\/www.facebook.com\/SonoraEE"]}]}},"jetpack_featured_media_url":"","_links":{"self":[{"href":"https:\/\/www.sonoraenequipo.com.mx\/api\/wp\/v2\/posts\/116980","targetHints":{"allow":["GET"]}}],"collection":[{"href":"https:\/\/www.sonoraenequipo.com.mx\/api\/wp\/v2\/posts"}],"about":[{"href":"https:\/\/www.sonoraenequipo.com.mx\/api\/wp\/v2\/types\/post"}],"author":[{"embeddable":true,"href":"https:\/\/www.sonoraenequipo.com.mx\/api\/wp\/v2\/users\/1"}],"replies":[{"embeddable":true,"href":"https:\/\/www.sonoraenequipo.com.mx\/api\/wp\/v2\/comments?post=116980"}],"version-history":[{"count":1,"href":"https:\/\/www.sonoraenequipo.com.mx\/api\/wp\/v2\/posts\/116980\/revisions"}],"predecessor-version":[{"id":116982,"href":"https:\/\/www.sonoraenequipo.com.mx\/api\/wp\/v2\/posts\/116980\/revisions\/116982"}],"wp:attachment":[{"href":"https:\/\/www.sonoraenequipo.com.mx\/api\/wp\/v2\/media?parent=116980"}],"wp:term":[{"taxonomy":"category","embeddable":true,"href":"https:\/\/www.sonoraenequipo.com.mx\/api\/wp\/v2\/categories?post=116980"},{"taxonomy":"post_tag","embeddable":true,"href":"https:\/\/www.sonoraenequipo.com.mx\/api\/wp\/v2\/tags?post=116980"}],"curies":[{"name":"wp","href":"https:\/\/api.w.org\/{rel}","templated":true}]}}