{"id":117011,"date":"2021-06-23T23:15:23","date_gmt":"2021-06-24T06:15:23","guid":{"rendered":"https:\/\/www.sonoraenequipo.com.mx\/?p=117011"},"modified":"2021-06-24T09:09:42","modified_gmt":"2021-06-24T16:09:42","slug":"kamala-harris-visitara-la-frontera-sur-punto-algido-en-la-realidad-de-la-crisis-migratoria","status":"publish","type":"post","link":"https:\/\/www.sonoraenequipo.com.mx\/kamala-harris-visitara-la-frontera-sur-punto-algido-en-la-realidad-de-la-crisis-migratoria\/","title":{"rendered":"Kamala Harris visitar\u00e1 la frontera sur, punto \u00e1lgido en la realidad de la crisis migratoria"},"content":{"rendered":"<p>WASHINGTON, ESTADOS UNIDOS. \u2014 La vicepresidenta de Estados Unidos, Kamala Harris, visitar\u00e1 este viernes 25 de junio la frontera con M\u00e9xico. Lo har\u00e1 tras recibir cr\u00edticas de los republicanos por no haber incluido el viaje dentro de su agenda mucho antes. Harris es la designada del presidente Joe Biden para atender las causas de la migraci\u00f3n en la frontera sur. La Casa Blanca asegur\u00f3 que este es el <em>\u201cmomento adecuado\u201d<\/em> para la visita.<\/p>\n<p>&nbsp;<\/p>\n<p> <\/p>\n<p>&nbsp;<\/p>\n<p>Para cumplir con una de sus principales promesas de Gobierno, el presidente de Estados Unidos, Joe Biden, encomend\u00f3 a su vicepresidenta el liderazgo de los asuntos en materia de inmigraci\u00f3n. Desde su designaci\u00f3n, la labor de Kamala Harris se ha centrado en atender las causas del \u00e9xodo desde los pa\u00edses de Centroam\u00e9rica y para eso visit\u00f3 Guatemala y M\u00e9xico a principios de junio. Pero hasta ahora, no ha viajado a la zona de tensi\u00f3n: la frontera sur.<\/p>\n<p>&nbsp;<\/p>\n<p>La oficina de la vicepresidenta confirm\u00f3 que el viaje se har\u00e1. La segunda al mando llegar\u00e1 a El Paso, Texas, este viernes 25 de junio, acompa\u00f1ada del secretario de Seguridad Nacional, Alejandro Mayorkas. Una demora por la que los republicanos critican a Harris, quien se defiende argumentando que su trabajo se centra en causas y no en consecuencias.<\/p>\n<p>&nbsp;<\/p>\n<p>Sin embargo, era un viaje m\u00e1s que esperado. Y es que ni la vicepresidenta ni su equipo tuvieron respuestas para la prensa durante la gira de Harris por M\u00e9xico y Guatemala, cuando se les consult\u00f3 sobre por qu\u00e9 la frontera no hab\u00eda sido incluida en el viaje.<\/p>\n<p>&nbsp;<\/p>\n<p>La visita llegar\u00e1 adem\u00e1s solo d\u00edas antes de que el expresidente Donald Trump viaje a la frontera el 30 de junio, en compa\u00f1\u00eda del gobernador de Texas, Greg Abbott y otros legisladores republicanos.<\/p>\n<p>&nbsp;<\/p>\n<p>Fiel a su estilo, el expresidente no desaprovech\u00f3 y se adjudic\u00f3 parte del motivo de la visita.<\/p>\n<p>&nbsp;<\/p>\n<p><em>\u00abDespu\u00e9s de meses de ignorar la crisis en la frontera sur, es genial que logremos que Kamala Harris finalmente vaya y vea la tremenda destrucci\u00f3n y muerte que han creado, un resultado directo de que Biden pusiera fin a mis duras pero justas pol\u00edticas fronterizas\u00bb,<\/em> dijo el expresidente en un comunicado y agreg\u00f3<em> \u201c\u00a1Ella nunca habr\u00eda ido!\u201d.<\/em><\/p>\n<p>&nbsp;<\/p>\n<p>Durante los primeros d\u00edas del Gobierno dem\u00f3crata, el presidente Joe Biden firm\u00f3 una serie de \u00f3rdenes ejecutivas con las que busc\u00f3 revertir las pol\u00edticas migratorias impuestas por la pasada administraci\u00f3n republicana, reunir a las familias separadas, detener la construcci\u00f3n del muro fronterizo y revisar el procesamiento de las solicitudes de asilo. Adem\u00e1s, present\u00f3 una propuesta de Reforma Migratoria al Congreso. Sin embargo, contener la migraci\u00f3n ha sido todo un reto.<\/p>\n<p>&nbsp;<\/p>\n<p>Su llegada a la Presidencia tuvo un<em> \u201cefecto llamada\u201d<\/em> y cada vez fueron m\u00e1s las personas que transitaron hacia la frontera con la intenci\u00f3n de cruzar al norte. Y ni qu\u00e9 decir de los que ya esperaban un turno en las ciudades fronterizas mexicanas para que sus solicitudes de asilo fueran revisadas.<\/p>\n<p>&nbsp;<\/p>\n<p>Si bien Biden cancel\u00f3 el programa<em> \u201cQu\u00e9date en M\u00e9xico\u201d,<\/em> abri\u00f3 las fronteras para los peticionarios de refugio con procesos pendientes y consigui\u00f3 impulsar recursos humanitarios hacia la frontera.<\/p>\n<p>&nbsp;<\/p>\n<p>Por otro lado, mantuvo en vigor una pol\u00edtica fronteriza conocida como T\u00edtulo 42. Una medida implementada por la administraci\u00f3n Trump que proh\u00edbe la entrada al pa\u00eds a los extranjeros, migrantes o solicitantes de asilo que pretendan hacerlo v\u00eda terrestre. El T\u00edtulo 42 permite el cierre de las fronteras para limitar la propagaci\u00f3n del Covid-19.<\/p>\n<p>&nbsp;<\/p>\n<p>Solicitantes de asilo que fueron devueltos a M\u00e9xico bajo el T\u00edtulo 42 por cruzar la frontera entre M\u00e9xico y Estados Unidos, son vistos en una plaza p\u00fablica donde cientos de migrantes viven en carpas, en Reynosa, M\u00e9xico, el 9 de junio de 2021.<\/p>\n<p>&nbsp;<\/p>\n<p>Bajo dicha pol\u00edtica fronteriza, el Gobierno Biden expuls\u00f3 en solo cinco meses a m\u00e1s de 400.000 migrantes que fueron detenidos en la frontera o cerca, entre los que se encontraban familias completas. La administraci\u00f3n dem\u00f3crata insiste en que la orden contin\u00faa siendo necesaria para contener el virus, a pesar de que expertos en salud p\u00fablica insisten en que el procesamiento de los migrantes puede hacerse de forma segura.<\/p>\n<p>&nbsp;<\/p>\n<h3>Casi 3.300 abusos reportados contra migrantes varados en M\u00e9xico<\/h3>\n<p>&nbsp;<\/p>\n<p>Desde enero, al menos 3.250 ataques se han reportado contra migrantes que esperan en el lado mexicano de la frontera con Estados Unidos.<\/p>\n<p>&nbsp;<\/p>\n<p>La organizaci\u00f3n Human Rights First, document\u00f3 secuestros, violaciones, casos de trata de personas y asaltos armados, contra los solicitantes de asilo y migrantes expulsados o bloqueados en M\u00e9xico desde que asumi\u00f3 el presidente Joe Biden, el pasado enero.<\/p>\n<p>&nbsp;<\/p>\n<p>Mientras tanto el \u00e9xodo contin\u00faa. Solo en mayo, se reportaron m\u00e1s de 180.000 intentos de cruces ilegales por la frontera M\u00e9xico \u2013 Estados Unidos, el mayor dato registrado en casi dos d\u00e9cadas, seg\u00fan inform\u00f3 la Patrulla Fronteriza.<\/p>\n<p>&nbsp;<\/p>\n<p>Y el avance por Centroam\u00e9rica hacia el norte no se detiene. Honduras inform\u00f3 que en lo corrido de 2021, detuvo a m\u00e1s de 6.300 migrantes en ruta.<\/p>\n<p>&nbsp;<\/p>\n<p>(Publicada el 23\/06\/2021)<\/p>\n","protected":false},"excerpt":{"rendered":"<p>WASHINGTON, ESTADOS UNIDOS. \u2014 La vicepresidenta de Estados Unidos, Kamala Harris, visitar\u00e1 este viernes 25&#8230;<\/p>\n","protected":false},"author":1,"featured_media":117012,"comment_status":"open","ping_status":"open","sticky":false,"template":"","format":"standard","meta":{"_monsterinsights_skip_tracking":false,"_monsterinsights_sitenote_active":false,"_monsterinsights_sitenote_note":"","_monsterinsights_sitenote_category":0,"footnotes":""},"categories":[3],"tags":[],"class_list":["post"],"yoast_head":" \n<title>Sonora en Equipo. Kamala Harris visitar\u00e1 la frontera sur, punto \u00e1lgido en la realidad de la crisis migratoria MUNDO<\/title>\n<meta name=\"description\" content=\"WASHINGTON, ESTADOS UNIDOS. \u2014 La vicepresidenta de Estados Unidos, Kamala Harris, visitar\u00e1 este viernes 25 de junio la frontera con M\u00e9xico. Lo har\u00e1 tras En Sonora en Equipo publicamos toda la informaci\u00f3n de Sonora, M\u00e9xico y el Mundo de manera oportuna y busca que la libertad de expresi\u00f3n sea real. Visita nuestro medio informativo publicado desde Hermosillo, Sonora. %\" \/>\n<meta name=\"robots\" content=\"index, follow, max-snippet:-1, max-image-preview:large, max-video-preview:-1\" \/>\n<link rel=\"canonical\" href=\"https:\/\/www.sonoraenequipo.com.mx\/kamala-harris-visitara-la-frontera-sur-punto-algido-en-la-realidad-de-la-crisis-migratoria\/\" \/>\n<meta property=\"og:locale\" content=\"es_ES\" \/>\n<meta property=\"og:type\" content=\"article\" \/>\n<meta property=\"og:title\" content=\"Sonora en Equipo. Kamala Harris visitar\u00e1 la frontera sur, punto \u00e1lgido en la realidad de la crisis migratoria MUNDO\" \/>\n<meta property=\"og:description\" content=\"WASHINGTON, ESTADOS UNIDOS. \u2014 La vicepresidenta de Estados Unidos, Kamala Harris, visitar\u00e1 este viernes 25 de junio la frontera con M\u00e9xico. Lo har\u00e1 tras En Sonora en Equipo publicamos toda la informaci\u00f3n de Sonora, M\u00e9xico y el Mundo de manera oportuna y busca que la libertad de expresi\u00f3n sea real. Visita nuestro medio informativo publicado desde Hermosillo, Sonora. %\" \/>\n<meta property=\"og:url\" content=\"https:\/\/www.sonoraenequipo.com.mx\/kamala-harris-visitara-la-frontera-sur-punto-algido-en-la-realidad-de-la-crisis-migratoria\/\" \/>\n<meta property=\"og:site_name\" content=\"Sonora en Equipo.\" \/>\n<meta property=\"article:publisher\" content=\"https:\/\/www.facebook.com\/SonoraEE\/\" \/>\n<meta property=\"article:author\" content=\"https:\/\/www.facebook.com\/SonoraEE\" \/>\n<meta property=\"article:published_time\" content=\"2021-06-24T06:15:23+00:00\" \/>\n<meta property=\"article:modified_time\" content=\"2021-06-24T16:09:42+00:00\" \/>\n<meta property=\"og:image\" content=\"https:\/\/www.sonoraenequipo.com.mx\/storage\/2021\/06\/Kamala-Harris_opt-1.jpg\" \/>\n\t<meta property=\"og:image:width\" content=\"700\" \/>\n\t<meta property=\"og:image:height\" content=\"400\" \/>\n\t<meta property=\"og:image:type\" content=\"image\/jpeg\" \/>\n<meta name=\"author\" content=\"enequipo\" \/>\n<meta name=\"twitter:card\" content=\"summary_large_image\" \/>\n<meta name=\"twitter:creator\" content=\"@sonoraenequipo\" \/>\n<meta name=\"twitter:site\" content=\"@sonoraenequipo\" \/>\n<meta name=\"twitter:label1\" content=\"Escrito por\" \/>\n\t<meta name=\"twitter:data1\" content=\"enequipo\" \/>\n\t<meta name=\"twitter:label2\" content=\"Tiempo de lectura\" \/>\n\t<meta name=\"twitter:data2\" content=\"4 minutos\" \/>\n<script type=\"application\/ld+json\" class=\"yoast-schema-graph\">{\"@context\":\"https:\/\/schema.org\",\"@graph\":[{\"@type\":\"Article\",\"@id\":\"https:\/\/www.sonoraenequipo.com.mx\/kamala-harris-visitara-la-frontera-sur-punto-algido-en-la-realidad-de-la-crisis-migratoria\/#article\",\"isPartOf\":{\"@id\":\"https:\/\/www.sonoraenequipo.com.mx\/kamala-harris-visitara-la-frontera-sur-punto-algido-en-la-realidad-de-la-crisis-migratoria\/\"},\"author\":{\"name\":\"enequipo\",\"@id\":\"https:\/\/www.sonoraenequipo.com.mx\/#\/schema\/person\/50102df0fb23a8fa9e8effad8fa81386\"},\"headline\":\"Kamala Harris visitar\u00e1 la frontera sur, punto \u00e1lgido en la realidad de la crisis migratoria\",\"datePublished\":\"2021-06-24T06:15:23+00:00\",\"dateModified\":\"2021-06-24T16:09:42+00:00\",\"mainEntityOfPage\":{\"@id\":\"https:\/\/www.sonoraenequipo.com.mx\/kamala-harris-visitara-la-frontera-sur-punto-algido-en-la-realidad-de-la-crisis-migratoria\/\"},\"wordCount\":891,\"commentCount\":0,\"publisher\":{\"@id\":\"https:\/\/www.sonoraenequipo.com.mx\/#organization\"},\"image\":{\"@id\":\"https:\/\/www.sonoraenequipo.com.mx\/kamala-harris-visitara-la-frontera-sur-punto-algido-en-la-realidad-de-la-crisis-migratoria\/#primaryimage\"},\"thumbnailUrl\":\"https:\/\/www.sonoraenequipo.com.mx\/storage\/2021\/06\/Kamala-Harris_opt-1.jpg\",\"articleSection\":[\"MUNDO\"],\"inLanguage\":\"es\",\"potentialAction\":[{\"@type\":\"CommentAction\",\"name\":\"Comment\",\"target\":[\"https:\/\/www.sonoraenequipo.com.mx\/kamala-harris-visitara-la-frontera-sur-punto-algido-en-la-realidad-de-la-crisis-migratoria\/#respond\"]}]},{\"@type\":\"WebPage\",\"@id\":\"https:\/\/www.sonoraenequipo.com.mx\/kamala-harris-visitara-la-frontera-sur-punto-algido-en-la-realidad-de-la-crisis-migratoria\/\",\"url\":\"https:\/\/www.sonoraenequipo.com.mx\/kamala-harris-visitara-la-frontera-sur-punto-algido-en-la-realidad-de-la-crisis-migratoria\/\",\"name\":\"Sonora en Equipo. Kamala Harris visitar\u00e1 la frontera sur, punto \u00e1lgido en la realidad de la crisis migratoria MUNDO\",\"isPartOf\":{\"@id\":\"https:\/\/www.sonoraenequipo.com.mx\/#website\"},\"primaryImageOfPage\":{\"@id\":\"https:\/\/www.sonoraenequipo.com.mx\/kamala-harris-visitara-la-frontera-sur-punto-algido-en-la-realidad-de-la-crisis-migratoria\/#primaryimage\"},\"image\":{\"@id\":\"https:\/\/www.sonoraenequipo.com.mx\/kamala-harris-visitara-la-frontera-sur-punto-algido-en-la-realidad-de-la-crisis-migratoria\/#primaryimage\"},\"thumbnailUrl\":\"https:\/\/www.sonoraenequipo.com.mx\/storage\/2021\/06\/Kamala-Harris_opt-1.jpg\",\"datePublished\":\"2021-06-24T06:15:23+00:00\",\"dateModified\":\"2021-06-24T16:09:42+00:00\",\"description\":\"WASHINGTON, ESTADOS UNIDOS. \u2014 La vicepresidenta de Estados Unidos, Kamala Harris, visitar\u00e1 este viernes 25 de junio la frontera con M\u00e9xico. Lo har\u00e1 tras En Sonora en Equipo publicamos toda la informaci\u00f3n de Sonora, M\u00e9xico y el Mundo de manera oportuna y busca que la libertad de expresi\u00f3n sea real. Visita nuestro medio informativo publicado desde Hermosillo, Sonora. %\",\"breadcrumb\":{\"@id\":\"https:\/\/www.sonoraenequipo.com.mx\/kamala-harris-visitara-la-frontera-sur-punto-algido-en-la-realidad-de-la-crisis-migratoria\/#breadcrumb\"},\"inLanguage\":\"es\",\"potentialAction\":[{\"@type\":\"ReadAction\",\"target\":[\"https:\/\/www.sonoraenequipo.com.mx\/kamala-harris-visitara-la-frontera-sur-punto-algido-en-la-realidad-de-la-crisis-migratoria\/\"]}]},{\"@type\":\"ImageObject\",\"inLanguage\":\"es\",\"@id\":\"https:\/\/www.sonoraenequipo.com.mx\/kamala-harris-visitara-la-frontera-sur-punto-algido-en-la-realidad-de-la-crisis-migratoria\/#primaryimage\",\"url\":\"https:\/\/www.sonoraenequipo.com.mx\/storage\/2021\/06\/Kamala-Harris_opt-1.jpg\",\"contentUrl\":\"https:\/\/www.sonoraenequipo.com.mx\/storage\/2021\/06\/Kamala-Harris_opt-1.jpg\",\"width\":700,\"height\":400},{\"@type\":\"BreadcrumbList\",\"@id\":\"https:\/\/www.sonoraenequipo.com.mx\/kamala-harris-visitara-la-frontera-sur-punto-algido-en-la-realidad-de-la-crisis-migratoria\/#breadcrumb\",\"itemListElement\":[{\"@type\":\"ListItem\",\"position\":1,\"name\":\"Portada\",\"item\":\"https:\/\/www.sonoraenequipo.com.mx\/\"},{\"@type\":\"ListItem\",\"position\":2,\"name\":\"Kamala Harris visitar\u00e1 la frontera sur, punto \u00e1lgido en la realidad de la crisis migratoria\"}]},{\"@type\":\"WebSite\",\"@id\":\"https:\/\/www.sonoraenequipo.com.mx\/#website\",\"url\":\"https:\/\/www.sonoraenequipo.com.mx\/\",\"name\":\"Sonora en Equipo.\",\"description\":\"Diario en l\u00ednea con Noticias desde Hermosillo, Sonora\",\"publisher\":{\"@id\":\"https:\/\/www.sonoraenequipo.com.mx\/#organization\"},\"potentialAction\":[{\"@type\":\"SearchAction\",\"target\":{\"@type\":\"EntryPoint\",\"urlTemplate\":\"https:\/\/www.sonoraenequipo.com.mx\/?s={search_term_string}\"},\"query-input\":{\"@type\":\"PropertyValueSpecification\",\"valueRequired\":true,\"valueName\":\"search_term_string\"}}],\"inLanguage\":\"es\"},{\"@type\":\"Organization\",\"@id\":\"https:\/\/www.sonoraenequipo.com.mx\/#organization\",\"name\":\"Sonoraenequipo.com.mx\",\"url\":\"https:\/\/www.sonoraenequipo.com.mx\/\",\"logo\":{\"@type\":\"ImageObject\",\"inLanguage\":\"es\",\"@id\":\"https:\/\/www.sonoraenequipo.com.mx\/#\/schema\/logo\/image\/\",\"url\":\"https:\/\/www.sonoraenequipo.com.mx\/storage\/2019\/01\/sonoraenequipo_opt.png\",\"contentUrl\":\"https:\/\/www.sonoraenequipo.com.mx\/storage\/2019\/01\/sonoraenequipo_opt.png\",\"width\":375,\"height\":125,\"caption\":\"Sonoraenequipo.com.mx\"},\"image\":{\"@id\":\"https:\/\/www.sonoraenequipo.com.mx\/#\/schema\/logo\/image\/\"},\"sameAs\":[\"https:\/\/www.facebook.com\/SonoraEE\/\",\"https:\/\/x.com\/sonoraenequipo\",\"https:\/\/www.youtube.com\/channel\/UC338nW-lPEYmJQs4ZABQ1SQ\"]},{\"@type\":\"Person\",\"@id\":\"https:\/\/www.sonoraenequipo.com.mx\/#\/schema\/person\/50102df0fb23a8fa9e8effad8fa81386\",\"name\":\"enequipo\",\"image\":{\"@type\":\"ImageObject\",\"inLanguage\":\"es\",\"@id\":\"https:\/\/www.sonoraenequipo.com.mx\/#\/schema\/person\/image\/\",\"url\":\"https:\/\/secure.gravatar.com\/avatar\/049821681b589dabc0bc20695993ccebb09f5b5d4d790cd9251b97faac7c652b?s=96&d=blank&r=g\",\"contentUrl\":\"https:\/\/secure.gravatar.com\/avatar\/049821681b589dabc0bc20695993ccebb09f5b5d4d790cd9251b97faac7c652b?s=96&d=blank&r=g\",\"caption\":\"enequipo\"},\"sameAs\":[\"https:\/\/www.facebook.com\/SonoraEE\"]}]}<\/script>\n ","yoast_head_json":{"title":"Sonora en Equipo. Kamala Harris visitar\u00e1 la frontera sur, punto \u00e1lgido en la realidad de la crisis migratoria MUNDO","description":"WASHINGTON, ESTADOS UNIDOS. \u2014 La vicepresidenta de Estados Unidos, Kamala Harris, visitar\u00e1 este viernes 25 de junio la frontera con M\u00e9xico. Lo har\u00e1 tras En Sonora en Equipo publicamos toda la informaci\u00f3n de Sonora, M\u00e9xico y el Mundo de manera oportuna y busca que la libertad de expresi\u00f3n sea real. Visita nuestro medio informativo publicado desde Hermosillo, Sonora. %","robots":{"index":"index","follow":"follow","max-snippet":"max-snippet:-1","max-image-preview":"max-image-preview:large","max-video-preview":"max-video-preview:-1"},"canonical":"https:\/\/www.sonoraenequipo.com.mx\/kamala-harris-visitara-la-frontera-sur-punto-algido-en-la-realidad-de-la-crisis-migratoria\/","og_locale":"es_ES","og_type":"article","og_title":"Sonora en Equipo. Kamala Harris visitar\u00e1 la frontera sur, punto \u00e1lgido en la realidad de la crisis migratoria MUNDO","og_description":"WASHINGTON, ESTADOS UNIDOS. \u2014 La vicepresidenta de Estados Unidos, Kamala Harris, visitar\u00e1 este viernes 25 de junio la frontera con M\u00e9xico. Lo har\u00e1 tras En Sonora en Equipo publicamos toda la informaci\u00f3n de Sonora, M\u00e9xico y el Mundo de manera oportuna y busca que la libertad de expresi\u00f3n sea real. Visita nuestro medio informativo publicado desde Hermosillo, Sonora. %","og_url":"https:\/\/www.sonoraenequipo.com.mx\/kamala-harris-visitara-la-frontera-sur-punto-algido-en-la-realidad-de-la-crisis-migratoria\/","og_site_name":"Sonora en Equipo.","article_publisher":"https:\/\/www.facebook.com\/SonoraEE\/","article_author":"https:\/\/www.facebook.com\/SonoraEE","article_published_time":"2021-06-24T06:15:23+00:00","article_modified_time":"2021-06-24T16:09:42+00:00","og_image":[{"width":700,"height":400,"url":"https:\/\/www.sonoraenequipo.com.mx\/storage\/2021\/06\/Kamala-Harris_opt-1.jpg","type":"image\/jpeg"}],"author":"enequipo","twitter_card":"summary_large_image","twitter_creator":"@sonoraenequipo","twitter_site":"@sonoraenequipo","twitter_misc":{"Escrito por":"enequipo","Tiempo de lectura":"4 minutos"},"schema":{"@context":"https:\/\/schema.org","@graph":[{"@type":"Article","@id":"https:\/\/www.sonoraenequipo.com.mx\/kamala-harris-visitara-la-frontera-sur-punto-algido-en-la-realidad-de-la-crisis-migratoria\/#article","isPartOf":{"@id":"https:\/\/www.sonoraenequipo.com.mx\/kamala-harris-visitara-la-frontera-sur-punto-algido-en-la-realidad-de-la-crisis-migratoria\/"},"author":{"name":"enequipo","@id":"https:\/\/www.sonoraenequipo.com.mx\/#\/schema\/person\/50102df0fb23a8fa9e8effad8fa81386"},"headline":"Kamala Harris visitar\u00e1 la frontera sur, punto \u00e1lgido en la realidad de la crisis migratoria","datePublished":"2021-06-24T06:15:23+00:00","dateModified":"2021-06-24T16:09:42+00:00","mainEntityOfPage":{"@id":"https:\/\/www.sonoraenequipo.com.mx\/kamala-harris-visitara-la-frontera-sur-punto-algido-en-la-realidad-de-la-crisis-migratoria\/"},"wordCount":891,"commentCount":0,"publisher":{"@id":"https:\/\/www.sonoraenequipo.com.mx\/#organization"},"image":{"@id":"https:\/\/www.sonoraenequipo.com.mx\/kamala-harris-visitara-la-frontera-sur-punto-algido-en-la-realidad-de-la-crisis-migratoria\/#primaryimage"},"thumbnailUrl":"https:\/\/www.sonoraenequipo.com.mx\/storage\/2021\/06\/Kamala-Harris_opt-1.jpg","articleSection":["MUNDO"],"inLanguage":"es","potentialAction":[{"@type":"CommentAction","name":"Comment","target":["https:\/\/www.sonoraenequipo.com.mx\/kamala-harris-visitara-la-frontera-sur-punto-algido-en-la-realidad-de-la-crisis-migratoria\/#respond"]}]},{"@type":"WebPage","@id":"https:\/\/www.sonoraenequipo.com.mx\/kamala-harris-visitara-la-frontera-sur-punto-algido-en-la-realidad-de-la-crisis-migratoria\/","url":"https:\/\/www.sonoraenequipo.com.mx\/kamala-harris-visitara-la-frontera-sur-punto-algido-en-la-realidad-de-la-crisis-migratoria\/","name":"Sonora en Equipo. Kamala Harris visitar\u00e1 la frontera sur, punto \u00e1lgido en la realidad de la crisis migratoria MUNDO","isPartOf":{"@id":"https:\/\/www.sonoraenequipo.com.mx\/#website"},"primaryImageOfPage":{"@id":"https:\/\/www.sonoraenequipo.com.mx\/kamala-harris-visitara-la-frontera-sur-punto-algido-en-la-realidad-de-la-crisis-migratoria\/#primaryimage"},"image":{"@id":"https:\/\/www.sonoraenequipo.com.mx\/kamala-harris-visitara-la-frontera-sur-punto-algido-en-la-realidad-de-la-crisis-migratoria\/#primaryimage"},"thumbnailUrl":"https:\/\/www.sonoraenequipo.com.mx\/storage\/2021\/06\/Kamala-Harris_opt-1.jpg","datePublished":"2021-06-24T06:15:23+00:00","dateModified":"2021-06-24T16:09:42+00:00","description":"WASHINGTON, ESTADOS UNIDOS. \u2014 La vicepresidenta de Estados Unidos, Kamala Harris, visitar\u00e1 este viernes 25 de junio la frontera con M\u00e9xico. Lo har\u00e1 tras En Sonora en Equipo publicamos toda la informaci\u00f3n de Sonora, M\u00e9xico y el Mundo de manera oportuna y busca que la libertad de expresi\u00f3n sea real. Visita nuestro medio informativo publicado desde Hermosillo, Sonora. %","breadcrumb":{"@id":"https:\/\/www.sonoraenequipo.com.mx\/kamala-harris-visitara-la-frontera-sur-punto-algido-en-la-realidad-de-la-crisis-migratoria\/#breadcrumb"},"inLanguage":"es","potentialAction":[{"@type":"ReadAction","target":["https:\/\/www.sonoraenequipo.com.mx\/kamala-harris-visitara-la-frontera-sur-punto-algido-en-la-realidad-de-la-crisis-migratoria\/"]}]},{"@type":"ImageObject","inLanguage":"es","@id":"https:\/\/www.sonoraenequipo.com.mx\/kamala-harris-visitara-la-frontera-sur-punto-algido-en-la-realidad-de-la-crisis-migratoria\/#primaryimage","url":"https:\/\/www.sonoraenequipo.com.mx\/storage\/2021\/06\/Kamala-Harris_opt-1.jpg","contentUrl":"https:\/\/www.sonoraenequipo.com.mx\/storage\/2021\/06\/Kamala-Harris_opt-1.jpg","width":700,"height":400},{"@type":"BreadcrumbList","@id":"https:\/\/www.sonoraenequipo.com.mx\/kamala-harris-visitara-la-frontera-sur-punto-algido-en-la-realidad-de-la-crisis-migratoria\/#breadcrumb","itemListElement":[{"@type":"ListItem","position":1,"name":"Portada","item":"https:\/\/www.sonoraenequipo.com.mx\/"},{"@type":"ListItem","position":2,"name":"Kamala Harris visitar\u00e1 la frontera sur, punto \u00e1lgido en la realidad de la crisis migratoria"}]},{"@type":"WebSite","@id":"https:\/\/www.sonoraenequipo.com.mx\/#website","url":"https:\/\/www.sonoraenequipo.com.mx\/","name":"Sonora en Equipo.","description":"Diario en l\u00ednea con Noticias desde Hermosillo, Sonora","publisher":{"@id":"https:\/\/www.sonoraenequipo.com.mx\/#organization"},"potentialAction":[{"@type":"SearchAction","target":{"@type":"EntryPoint","urlTemplate":"https:\/\/www.sonoraenequipo.com.mx\/?s={search_term_string}"},"query-input":{"@type":"PropertyValueSpecification","valueRequired":true,"valueName":"search_term_string"}}],"inLanguage":"es"},{"@type":"Organization","@id":"https:\/\/www.sonoraenequipo.com.mx\/#organization","name":"Sonoraenequipo.com.mx","url":"https:\/\/www.sonoraenequipo.com.mx\/","logo":{"@type":"ImageObject","inLanguage":"es","@id":"https:\/\/www.sonoraenequipo.com.mx\/#\/schema\/logo\/image\/","url":"https:\/\/www.sonoraenequipo.com.mx\/storage\/2019\/01\/sonoraenequipo_opt.png","contentUrl":"https:\/\/www.sonoraenequipo.com.mx\/storage\/2019\/01\/sonoraenequipo_opt.png","width":375,"height":125,"caption":"Sonoraenequipo.com.mx"},"image":{"@id":"https:\/\/www.sonoraenequipo.com.mx\/#\/schema\/logo\/image\/"},"sameAs":["https:\/\/www.facebook.com\/SonoraEE\/","https:\/\/x.com\/sonoraenequipo","https:\/\/www.youtube.com\/channel\/UC338nW-lPEYmJQs4ZABQ1SQ"]},{"@type":"Person","@id":"https:\/\/www.sonoraenequipo.com.mx\/#\/schema\/person\/50102df0fb23a8fa9e8effad8fa81386","name":"enequipo","image":{"@type":"ImageObject","inLanguage":"es","@id":"https:\/\/www.sonoraenequipo.com.mx\/#\/schema\/person\/image\/","url":"https:\/\/secure.gravatar.com\/avatar\/049821681b589dabc0bc20695993ccebb09f5b5d4d790cd9251b97faac7c652b?s=96&d=blank&r=g","contentUrl":"https:\/\/secure.gravatar.com\/avatar\/049821681b589dabc0bc20695993ccebb09f5b5d4d790cd9251b97faac7c652b?s=96&d=blank&r=g","caption":"enequipo"},"sameAs":["https:\/\/www.facebook.com\/SonoraEE"]}]}},"jetpack_featured_media_url":"https:\/\/www.sonoraenequipo.com.mx\/storage\/2021\/06\/Kamala-Harris_opt-1.jpg","_links":{"self":[{"href":"https:\/\/www.sonoraenequipo.com.mx\/api\/wp\/v2\/posts\/117011","targetHints":{"allow":["GET"]}}],"collection":[{"href":"https:\/\/www.sonoraenequipo.com.mx\/api\/wp\/v2\/posts"}],"about":[{"href":"https:\/\/www.sonoraenequipo.com.mx\/api\/wp\/v2\/types\/post"}],"author":[{"embeddable":true,"href":"https:\/\/www.sonoraenequipo.com.mx\/api\/wp\/v2\/users\/1"}],"replies":[{"embeddable":true,"href":"https:\/\/www.sonoraenequipo.com.mx\/api\/wp\/v2\/comments?post=117011"}],"version-history":[{"count":1,"href":"https:\/\/www.sonoraenequipo.com.mx\/api\/wp\/v2\/posts\/117011\/revisions"}],"predecessor-version":[{"id":117013,"href":"https:\/\/www.sonoraenequipo.com.mx\/api\/wp\/v2\/posts\/117011\/revisions\/117013"}],"wp:featuredmedia":[{"embeddable":true,"href":"https:\/\/www.sonoraenequipo.com.mx\/api\/wp\/v2\/media\/117012"}],"wp:attachment":[{"href":"https:\/\/www.sonoraenequipo.com.mx\/api\/wp\/v2\/media?parent=117011"}],"wp:term":[{"taxonomy":"category","embeddable":true,"href":"https:\/\/www.sonoraenequipo.com.mx\/api\/wp\/v2\/categories?post=117011"},{"taxonomy":"post_tag","embeddable":true,"href":"https:\/\/www.sonoraenequipo.com.mx\/api\/wp\/v2\/tags?post=117011"}],"curies":[{"name":"wp","href":"https:\/\/api.w.org\/{rel}","templated":true}]}}