{"id":117018,"date":"2021-06-24T10:16:30","date_gmt":"2021-06-24T17:16:30","guid":{"rendered":"https:\/\/www.sonoraenequipo.com.mx\/?p=117018"},"modified":"2021-06-24T09:59:20","modified_gmt":"2021-06-24T16:59:20","slug":"la-paz-y-los-cabos-retroceden-a-nivel-5-en-semaforo-covid-19","status":"publish","type":"post","link":"https:\/\/www.sonoraenequipo.com.mx\/la-paz-y-los-cabos-retroceden-a-nivel-5-en-semaforo-covid-19\/","title":{"rendered":"La Paz y Los Cabos retroceden a nivel 5 en sem\u00e1foro Covid-19"},"content":{"rendered":"<p>LA PAZ, BAJA CALIFORNIA SUR. MX. \u2014 Por acuerdo del Comit\u00e9 de Seguridad en Salud, del 23 al 29 de junio los municipios de La Paz y Los Cabos retroceden al nivel 5 Naranja Cr\u00edtico (en una tabla de 6) del Sistema de Alertas Sanitarias, que entre lo m\u00e1s relevante limita la movilidad a un 30%, mientras que Comond\u00fa, Loreto y Muleg\u00e9 permanecen en el Amarillo Alto.<\/p>\n<p>&nbsp;<\/p>\n<p> <\/p>\n<p>Al corte del 22 de junio, Baja California Sur registr\u00f3 el n\u00famero m\u00e1s elevado de pacientes hospitalizados por Covid-19 con 286, de los cuales 112 est\u00e1n intubados; hay 2093 casos activos y 265 sospechosos, y destaca el municipio de Los Cabos como la zona m\u00e1s cr\u00edtica con 1266 casos activos, seguido por La Paz que contabiliza 745, y una velocidad de reproducci\u00f3n en los contagios de 1.02.<\/p>\n<p>&nbsp;<\/p>\n<p>En Los Cabos la tasa de positividad se dispar\u00f3 para llegar al 60.96 casos positivos por cada 100 pruebas aplicadas, sin ning\u00fan indicador que sugiera que va a la baja, mientras que Loreto registr\u00f3 la m\u00e1s baja con 23.85.<\/p>\n<p>&nbsp;<\/p>\n<p>&nbsp;<\/p>\n<p>La reducci\u00f3n en los aforos a solo el 30 por ciento que aplican en este nivel 5 para La Paz y Los Cabos aplican para actividades tur\u00edsticas, campamentos, salones de belleza, muebler\u00edas, electrodom\u00e9sticos, tiendas electr\u00f3nicas, joyer\u00edas comercios de art\u00edculos de perfumer\u00eda, de juguetes juegos de video, reparaci\u00f3n de calzado y celulares, centros deportivos, tiendas de regalos, entre otros.<\/p>\n<p>&nbsp;<\/p>\n<p>Se limita tambi\u00e9n la apertura peatonal y deportivo en el malec\u00f3n de La Paz, las actividades religiosas y de culto, los torneos deportivos, la pesca recreativa, cines, museos, galer\u00edas de arte y canchas deportivas, y se espera que en los pr\u00f3ximos d\u00edas el Comit\u00e9 de Seguridad en Salud apruebe algunos ajustes en este nivel, cuyas restricciones se dise\u00f1aron al principio de la pandemia.<\/p>\n<p>&nbsp;<\/p>\n<h3>Estado cr\u00edtico<img loading=\"lazy\" decoding=\"async\" class=\"size-medium  x-right\" src=\"https:\/\/www.sonoraenequipo.com.mx\/storage\/2021\/06\/comite-de-salut-estatal-bc_opt-639x365.jpg\" alt=\"\" width=\"639\" height=\"365\" \/><\/h3>\n<p>En conferencia de prensa, el Secretario de Salud V\u00edctor George Flores inform\u00f3 que la entidad se ubica en una situaci\u00f3n cr\u00edtica, particularmente La Paz y Los Cabos; destac\u00f3 el aumento acumulativo en el n\u00famero de hospitalizados por Covid-19, con pacientes de una edad promedio de 45 a\u00f1os, contra la de entre 55 y 60 de los meses anteriores, enfermos que en la actualidad duplican el tiempo de internaci\u00f3n que antes era de 2 semanas para concluir con el deceso o la recuperaci\u00f3n; En las \u00faltimas semanas, la edad promedio de intubados es de 47 a\u00f1os.<\/p>\n<p>&nbsp;<\/p>\n<p>El funcionario aclar\u00f3 que algunos de los fallecidos contaban con su esquema completo de vacunaci\u00f3n, y record\u00f3 que el hecho de recibir el biol\u00f3gico solo reduce las posibilidades de enfermarse y de morir, por lo que reiter\u00f3 el llamado a la ciudadan\u00eda para que reduzca la movilidad, una vez que en las \u00faltimas semanas se han relajado las medidas sanitarias: No esperemos que el gobierno u otras personas nos cuiden; hemos bajado la guardia, nos hemos confiado bastante, se ha socializado y estos son los resultados, expres\u00f3.<\/p>\n<p>&nbsp;<\/p>\n<p>V\u00edctor George Flores admiti\u00f3 que aun y cuando existe capacidad instalada suficiente para atender la demanda de hospitalizaciones considerando ampliaciones programadas tanto en La Paz como en Los Cabos, existe el riesgo de falta de personal; en previsi\u00f3n a lo anterior, adelant\u00f3 que personal contratado por el INSABI asignado el hospital militar se habr\u00e1 de integrar a la Secretar\u00eda de Salud, y que seguir\u00e1 la reconversi\u00f3n de camas tanto en IMSS como en el ISSSTE, con m\u00e1s equipo de apoyo respiratorio y personal de otras entidades que llegar\u00e1 en breve.<\/p>\n<p>&nbsp;<\/p>\n<p>Seg\u00fan el delegado del IMSS Jos\u00e9 Luis Ahuja, tan solo en Los Cabos, se van a incrementar a 97 camas en el hospital n\u00famero 26 y ya se han recibido ventiladores y monitores; El hospital 26 se reconvirti\u00f3 al 100%; Los pacientes que tengan problemas respiratorios deben acudir al hospital n\u00famero 26, adem\u00e1s de que todas las unidades de medicina familiar seguir\u00e1n trabajando con m\u00f3dulos respiratorios.<\/p>\n<p>&nbsp;<\/p>\n<p>A fin de evitar riesgos de contagio, se pide a los derechohabientes adultos que env\u00eden a familiares a surtir sus recetas adem\u00e1s de que ya est\u00e1n operando las resurtibles y que la atenci\u00f3n para pacientes no Covid se estar\u00e1 ofreciendo en el hospital n\u00famero 38 San Jos\u00e9 del Cabo.<\/p>\n<p>En el caso de La Paz, el hospital 1 tiene trabajando 55 camas y con capacidad de crecimiento, con un hospital temporal que se abrir\u00e1 en los pr\u00f3ximos d\u00edas.<\/p>\n<p>&nbsp;<\/p>\n<p>Hasta este 21 de junio, de las 409 camas disponibles en todo el estado, 286 se encontraban ocupadas.<\/p>\n<p>&nbsp;<\/p>\n<p>&nbsp;<\/p>\n<p>Entre tanto, Baja California Sur permanece como la entidad con la menor tasa de positividad con un 43%, contra la media nacional que es del 63%; el \u00edndice de letalidad tambi\u00e9n es el m\u00e1s bajo del pa\u00eds con 4.38 decesos por cada 100 enfermos, mientras que el promedio nacional es de 9.34.<\/p>\n<p>&nbsp;<\/p>\n<p>Por municipios, Muleg\u00e9 tiene 18 casos activos; Muleg\u00e9 19; Comond\u00fa 61; La Paz 813 y Los Cabos 1344.<\/p>\n<p>&nbsp;<\/p>\n<p>(Publicada el 24\/06\/2021)<\/p>\n","protected":false},"excerpt":{"rendered":"<p>LA PAZ, BAJA CALIFORNIA SUR. MX. \u2014 Por acuerdo del Comit\u00e9 de Seguridad en Salud,&#8230;<\/p>\n","protected":false},"author":1,"featured_media":117020,"comment_status":"open","ping_status":"open","sticky":false,"template":"","format":"standard","meta":{"_monsterinsights_skip_tracking":false,"_monsterinsights_sitenote_active":false,"_monsterinsights_sitenote_note":"","_monsterinsights_sitenote_category":0,"footnotes":""},"categories":[5],"tags":[],"class_list":["post"],"yoast_head":" \n<title>Sonora en Equipo. La Paz y Los Cabos retroceden a nivel 5 en sem\u00e1foro Covid-19 Rep\u00fablica<\/title>\n<meta name=\"description\" content=\"LA PAZ, BAJA CALIFORNIA SUR. MX. \u2014 Por acuerdo del Comit\u00e9 de Seguridad en Salud, del 23 al 29 de junio los municipios de La Paz y Los Cabos retroceden al En Sonora en Equipo publicamos toda la informaci\u00f3n de Sonora, M\u00e9xico y el Mundo de manera oportuna y busca que la libertad de expresi\u00f3n sea real. Visita nuestro medio informativo publicado desde Hermosillo, Sonora. %\" \/>\n<meta name=\"robots\" content=\"index, follow, max-snippet:-1, max-image-preview:large, max-video-preview:-1\" \/>\n<link rel=\"canonical\" href=\"https:\/\/www.sonoraenequipo.com.mx\/la-paz-y-los-cabos-retroceden-a-nivel-5-en-semaforo-covid-19\/\" \/>\n<meta property=\"og:locale\" content=\"es_ES\" \/>\n<meta property=\"og:type\" content=\"article\" \/>\n<meta property=\"og:title\" content=\"Sonora en Equipo. La Paz y Los Cabos retroceden a nivel 5 en sem\u00e1foro Covid-19 Rep\u00fablica\" \/>\n<meta property=\"og:description\" content=\"LA PAZ, BAJA CALIFORNIA SUR. MX. \u2014 Por acuerdo del Comit\u00e9 de Seguridad en Salud, del 23 al 29 de junio los municipios de La Paz y Los Cabos retroceden al En Sonora en Equipo publicamos toda la informaci\u00f3n de Sonora, M\u00e9xico y el Mundo de manera oportuna y busca que la libertad de expresi\u00f3n sea real. Visita nuestro medio informativo publicado desde Hermosillo, Sonora. %\" \/>\n<meta property=\"og:url\" content=\"https:\/\/www.sonoraenequipo.com.mx\/la-paz-y-los-cabos-retroceden-a-nivel-5-en-semaforo-covid-19\/\" \/>\n<meta property=\"og:site_name\" content=\"Sonora en Equipo.\" \/>\n<meta property=\"article:publisher\" content=\"https:\/\/www.facebook.com\/SonoraEE\/\" \/>\n<meta property=\"article:author\" content=\"https:\/\/www.facebook.com\/SonoraEE\" \/>\n<meta property=\"article:published_time\" content=\"2021-06-24T17:16:30+00:00\" \/>\n<meta property=\"og:image\" content=\"https:\/\/www.sonoraenequipo.com.mx\/storage\/2021\/06\/La-Paz-semaforo-nivel-5_opt.jpg\" \/>\n\t<meta property=\"og:image:width\" content=\"700\" \/>\n\t<meta property=\"og:image:height\" content=\"400\" \/>\n\t<meta property=\"og:image:type\" content=\"image\/jpeg\" \/>\n<meta name=\"author\" content=\"enequipo\" \/>\n<meta name=\"twitter:card\" content=\"summary_large_image\" \/>\n<meta name=\"twitter:creator\" content=\"@sonoraenequipo\" \/>\n<meta name=\"twitter:site\" content=\"@sonoraenequipo\" \/>\n<meta name=\"twitter:label1\" content=\"Escrito por\" \/>\n\t<meta name=\"twitter:data1\" content=\"enequipo\" \/>\n\t<meta name=\"twitter:label2\" content=\"Tiempo de lectura\" \/>\n\t<meta name=\"twitter:data2\" content=\"4 minutos\" \/>\n<script type=\"application\/ld+json\" class=\"yoast-schema-graph\">{\"@context\":\"https:\/\/schema.org\",\"@graph\":[{\"@type\":\"Article\",\"@id\":\"https:\/\/www.sonoraenequipo.com.mx\/la-paz-y-los-cabos-retroceden-a-nivel-5-en-semaforo-covid-19\/#article\",\"isPartOf\":{\"@id\":\"https:\/\/www.sonoraenequipo.com.mx\/la-paz-y-los-cabos-retroceden-a-nivel-5-en-semaforo-covid-19\/\"},\"author\":{\"name\":\"enequipo\",\"@id\":\"https:\/\/www.sonoraenequipo.com.mx\/#\/schema\/person\/50102df0fb23a8fa9e8effad8fa81386\"},\"headline\":\"La Paz y Los Cabos retroceden a nivel 5 en sem\u00e1foro Covid-19\",\"datePublished\":\"2021-06-24T17:16:30+00:00\",\"mainEntityOfPage\":{\"@id\":\"https:\/\/www.sonoraenequipo.com.mx\/la-paz-y-los-cabos-retroceden-a-nivel-5-en-semaforo-covid-19\/\"},\"wordCount\":842,\"commentCount\":0,\"publisher\":{\"@id\":\"https:\/\/www.sonoraenequipo.com.mx\/#organization\"},\"image\":{\"@id\":\"https:\/\/www.sonoraenequipo.com.mx\/la-paz-y-los-cabos-retroceden-a-nivel-5-en-semaforo-covid-19\/#primaryimage\"},\"thumbnailUrl\":\"https:\/\/www.sonoraenequipo.com.mx\/storage\/2021\/06\/La-Paz-semaforo-nivel-5_opt.jpg\",\"articleSection\":[\"Rep\u00fablica\"],\"inLanguage\":\"es\",\"potentialAction\":[{\"@type\":\"CommentAction\",\"name\":\"Comment\",\"target\":[\"https:\/\/www.sonoraenequipo.com.mx\/la-paz-y-los-cabos-retroceden-a-nivel-5-en-semaforo-covid-19\/#respond\"]}]},{\"@type\":\"WebPage\",\"@id\":\"https:\/\/www.sonoraenequipo.com.mx\/la-paz-y-los-cabos-retroceden-a-nivel-5-en-semaforo-covid-19\/\",\"url\":\"https:\/\/www.sonoraenequipo.com.mx\/la-paz-y-los-cabos-retroceden-a-nivel-5-en-semaforo-covid-19\/\",\"name\":\"Sonora en Equipo. La Paz y Los Cabos retroceden a nivel 5 en sem\u00e1foro Covid-19 Rep\u00fablica\",\"isPartOf\":{\"@id\":\"https:\/\/www.sonoraenequipo.com.mx\/#website\"},\"primaryImageOfPage\":{\"@id\":\"https:\/\/www.sonoraenequipo.com.mx\/la-paz-y-los-cabos-retroceden-a-nivel-5-en-semaforo-covid-19\/#primaryimage\"},\"image\":{\"@id\":\"https:\/\/www.sonoraenequipo.com.mx\/la-paz-y-los-cabos-retroceden-a-nivel-5-en-semaforo-covid-19\/#primaryimage\"},\"thumbnailUrl\":\"https:\/\/www.sonoraenequipo.com.mx\/storage\/2021\/06\/La-Paz-semaforo-nivel-5_opt.jpg\",\"datePublished\":\"2021-06-24T17:16:30+00:00\",\"description\":\"LA PAZ, BAJA CALIFORNIA SUR. MX. \u2014 Por acuerdo del Comit\u00e9 de Seguridad en Salud, del 23 al 29 de junio los municipios de La Paz y Los Cabos retroceden al En Sonora en Equipo publicamos toda la informaci\u00f3n de Sonora, M\u00e9xico y el Mundo de manera oportuna y busca que la libertad de expresi\u00f3n sea real. Visita nuestro medio informativo publicado desde Hermosillo, Sonora. %\",\"breadcrumb\":{\"@id\":\"https:\/\/www.sonoraenequipo.com.mx\/la-paz-y-los-cabos-retroceden-a-nivel-5-en-semaforo-covid-19\/#breadcrumb\"},\"inLanguage\":\"es\",\"potentialAction\":[{\"@type\":\"ReadAction\",\"target\":[\"https:\/\/www.sonoraenequipo.com.mx\/la-paz-y-los-cabos-retroceden-a-nivel-5-en-semaforo-covid-19\/\"]}]},{\"@type\":\"ImageObject\",\"inLanguage\":\"es\",\"@id\":\"https:\/\/www.sonoraenequipo.com.mx\/la-paz-y-los-cabos-retroceden-a-nivel-5-en-semaforo-covid-19\/#primaryimage\",\"url\":\"https:\/\/www.sonoraenequipo.com.mx\/storage\/2021\/06\/La-Paz-semaforo-nivel-5_opt.jpg\",\"contentUrl\":\"https:\/\/www.sonoraenequipo.com.mx\/storage\/2021\/06\/La-Paz-semaforo-nivel-5_opt.jpg\",\"width\":700,\"height\":400},{\"@type\":\"BreadcrumbList\",\"@id\":\"https:\/\/www.sonoraenequipo.com.mx\/la-paz-y-los-cabos-retroceden-a-nivel-5-en-semaforo-covid-19\/#breadcrumb\",\"itemListElement\":[{\"@type\":\"ListItem\",\"position\":1,\"name\":\"Portada\",\"item\":\"https:\/\/www.sonoraenequipo.com.mx\/\"},{\"@type\":\"ListItem\",\"position\":2,\"name\":\"La Paz y Los Cabos retroceden a nivel 5 en sem\u00e1foro Covid-19\"}]},{\"@type\":\"WebSite\",\"@id\":\"https:\/\/www.sonoraenequipo.com.mx\/#website\",\"url\":\"https:\/\/www.sonoraenequipo.com.mx\/\",\"name\":\"Sonora en Equipo.\",\"description\":\"Diario en l\u00ednea con Noticias desde Hermosillo, Sonora\",\"publisher\":{\"@id\":\"https:\/\/www.sonoraenequipo.com.mx\/#organization\"},\"potentialAction\":[{\"@type\":\"SearchAction\",\"target\":{\"@type\":\"EntryPoint\",\"urlTemplate\":\"https:\/\/www.sonoraenequipo.com.mx\/?s={search_term_string}\"},\"query-input\":{\"@type\":\"PropertyValueSpecification\",\"valueRequired\":true,\"valueName\":\"search_term_string\"}}],\"inLanguage\":\"es\"},{\"@type\":\"Organization\",\"@id\":\"https:\/\/www.sonoraenequipo.com.mx\/#organization\",\"name\":\"Sonoraenequipo.com.mx\",\"url\":\"https:\/\/www.sonoraenequipo.com.mx\/\",\"logo\":{\"@type\":\"ImageObject\",\"inLanguage\":\"es\",\"@id\":\"https:\/\/www.sonoraenequipo.com.mx\/#\/schema\/logo\/image\/\",\"url\":\"https:\/\/www.sonoraenequipo.com.mx\/storage\/2019\/01\/sonoraenequipo_opt.png\",\"contentUrl\":\"https:\/\/www.sonoraenequipo.com.mx\/storage\/2019\/01\/sonoraenequipo_opt.png\",\"width\":375,\"height\":125,\"caption\":\"Sonoraenequipo.com.mx\"},\"image\":{\"@id\":\"https:\/\/www.sonoraenequipo.com.mx\/#\/schema\/logo\/image\/\"},\"sameAs\":[\"https:\/\/www.facebook.com\/SonoraEE\/\",\"https:\/\/x.com\/sonoraenequipo\",\"https:\/\/www.youtube.com\/channel\/UC338nW-lPEYmJQs4ZABQ1SQ\"]},{\"@type\":\"Person\",\"@id\":\"https:\/\/www.sonoraenequipo.com.mx\/#\/schema\/person\/50102df0fb23a8fa9e8effad8fa81386\",\"name\":\"enequipo\",\"image\":{\"@type\":\"ImageObject\",\"inLanguage\":\"es\",\"@id\":\"https:\/\/www.sonoraenequipo.com.mx\/#\/schema\/person\/image\/\",\"url\":\"https:\/\/secure.gravatar.com\/avatar\/049821681b589dabc0bc20695993ccebb09f5b5d4d790cd9251b97faac7c652b?s=96&d=blank&r=g\",\"contentUrl\":\"https:\/\/secure.gravatar.com\/avatar\/049821681b589dabc0bc20695993ccebb09f5b5d4d790cd9251b97faac7c652b?s=96&d=blank&r=g\",\"caption\":\"enequipo\"},\"sameAs\":[\"https:\/\/www.facebook.com\/SonoraEE\"]}]}<\/script>\n ","yoast_head_json":{"title":"Sonora en Equipo. La Paz y Los Cabos retroceden a nivel 5 en sem\u00e1foro Covid-19 Rep\u00fablica","description":"LA PAZ, BAJA CALIFORNIA SUR. MX. \u2014 Por acuerdo del Comit\u00e9 de Seguridad en Salud, del 23 al 29 de junio los municipios de La Paz y Los Cabos retroceden al En Sonora en Equipo publicamos toda la informaci\u00f3n de Sonora, M\u00e9xico y el Mundo de manera oportuna y busca que la libertad de expresi\u00f3n sea real. Visita nuestro medio informativo publicado desde Hermosillo, Sonora. %","robots":{"index":"index","follow":"follow","max-snippet":"max-snippet:-1","max-image-preview":"max-image-preview:large","max-video-preview":"max-video-preview:-1"},"canonical":"https:\/\/www.sonoraenequipo.com.mx\/la-paz-y-los-cabos-retroceden-a-nivel-5-en-semaforo-covid-19\/","og_locale":"es_ES","og_type":"article","og_title":"Sonora en Equipo. La Paz y Los Cabos retroceden a nivel 5 en sem\u00e1foro Covid-19 Rep\u00fablica","og_description":"LA PAZ, BAJA CALIFORNIA SUR. MX. \u2014 Por acuerdo del Comit\u00e9 de Seguridad en Salud, del 23 al 29 de junio los municipios de La Paz y Los Cabos retroceden al En Sonora en Equipo publicamos toda la informaci\u00f3n de Sonora, M\u00e9xico y el Mundo de manera oportuna y busca que la libertad de expresi\u00f3n sea real. Visita nuestro medio informativo publicado desde Hermosillo, Sonora. %","og_url":"https:\/\/www.sonoraenequipo.com.mx\/la-paz-y-los-cabos-retroceden-a-nivel-5-en-semaforo-covid-19\/","og_site_name":"Sonora en Equipo.","article_publisher":"https:\/\/www.facebook.com\/SonoraEE\/","article_author":"https:\/\/www.facebook.com\/SonoraEE","article_published_time":"2021-06-24T17:16:30+00:00","og_image":[{"width":700,"height":400,"url":"https:\/\/www.sonoraenequipo.com.mx\/storage\/2021\/06\/La-Paz-semaforo-nivel-5_opt.jpg","type":"image\/jpeg"}],"author":"enequipo","twitter_card":"summary_large_image","twitter_creator":"@sonoraenequipo","twitter_site":"@sonoraenequipo","twitter_misc":{"Escrito por":"enequipo","Tiempo de lectura":"4 minutos"},"schema":{"@context":"https:\/\/schema.org","@graph":[{"@type":"Article","@id":"https:\/\/www.sonoraenequipo.com.mx\/la-paz-y-los-cabos-retroceden-a-nivel-5-en-semaforo-covid-19\/#article","isPartOf":{"@id":"https:\/\/www.sonoraenequipo.com.mx\/la-paz-y-los-cabos-retroceden-a-nivel-5-en-semaforo-covid-19\/"},"author":{"name":"enequipo","@id":"https:\/\/www.sonoraenequipo.com.mx\/#\/schema\/person\/50102df0fb23a8fa9e8effad8fa81386"},"headline":"La Paz y Los Cabos retroceden a nivel 5 en sem\u00e1foro Covid-19","datePublished":"2021-06-24T17:16:30+00:00","mainEntityOfPage":{"@id":"https:\/\/www.sonoraenequipo.com.mx\/la-paz-y-los-cabos-retroceden-a-nivel-5-en-semaforo-covid-19\/"},"wordCount":842,"commentCount":0,"publisher":{"@id":"https:\/\/www.sonoraenequipo.com.mx\/#organization"},"image":{"@id":"https:\/\/www.sonoraenequipo.com.mx\/la-paz-y-los-cabos-retroceden-a-nivel-5-en-semaforo-covid-19\/#primaryimage"},"thumbnailUrl":"https:\/\/www.sonoraenequipo.com.mx\/storage\/2021\/06\/La-Paz-semaforo-nivel-5_opt.jpg","articleSection":["Rep\u00fablica"],"inLanguage":"es","potentialAction":[{"@type":"CommentAction","name":"Comment","target":["https:\/\/www.sonoraenequipo.com.mx\/la-paz-y-los-cabos-retroceden-a-nivel-5-en-semaforo-covid-19\/#respond"]}]},{"@type":"WebPage","@id":"https:\/\/www.sonoraenequipo.com.mx\/la-paz-y-los-cabos-retroceden-a-nivel-5-en-semaforo-covid-19\/","url":"https:\/\/www.sonoraenequipo.com.mx\/la-paz-y-los-cabos-retroceden-a-nivel-5-en-semaforo-covid-19\/","name":"Sonora en Equipo. La Paz y Los Cabos retroceden a nivel 5 en sem\u00e1foro Covid-19 Rep\u00fablica","isPartOf":{"@id":"https:\/\/www.sonoraenequipo.com.mx\/#website"},"primaryImageOfPage":{"@id":"https:\/\/www.sonoraenequipo.com.mx\/la-paz-y-los-cabos-retroceden-a-nivel-5-en-semaforo-covid-19\/#primaryimage"},"image":{"@id":"https:\/\/www.sonoraenequipo.com.mx\/la-paz-y-los-cabos-retroceden-a-nivel-5-en-semaforo-covid-19\/#primaryimage"},"thumbnailUrl":"https:\/\/www.sonoraenequipo.com.mx\/storage\/2021\/06\/La-Paz-semaforo-nivel-5_opt.jpg","datePublished":"2021-06-24T17:16:30+00:00","description":"LA PAZ, BAJA CALIFORNIA SUR. MX. \u2014 Por acuerdo del Comit\u00e9 de Seguridad en Salud, del 23 al 29 de junio los municipios de La Paz y Los Cabos retroceden al En Sonora en Equipo publicamos toda la informaci\u00f3n de Sonora, M\u00e9xico y el Mundo de manera oportuna y busca que la libertad de expresi\u00f3n sea real. Visita nuestro medio informativo publicado desde Hermosillo, Sonora. %","breadcrumb":{"@id":"https:\/\/www.sonoraenequipo.com.mx\/la-paz-y-los-cabos-retroceden-a-nivel-5-en-semaforo-covid-19\/#breadcrumb"},"inLanguage":"es","potentialAction":[{"@type":"ReadAction","target":["https:\/\/www.sonoraenequipo.com.mx\/la-paz-y-los-cabos-retroceden-a-nivel-5-en-semaforo-covid-19\/"]}]},{"@type":"ImageObject","inLanguage":"es","@id":"https:\/\/www.sonoraenequipo.com.mx\/la-paz-y-los-cabos-retroceden-a-nivel-5-en-semaforo-covid-19\/#primaryimage","url":"https:\/\/www.sonoraenequipo.com.mx\/storage\/2021\/06\/La-Paz-semaforo-nivel-5_opt.jpg","contentUrl":"https:\/\/www.sonoraenequipo.com.mx\/storage\/2021\/06\/La-Paz-semaforo-nivel-5_opt.jpg","width":700,"height":400},{"@type":"BreadcrumbList","@id":"https:\/\/www.sonoraenequipo.com.mx\/la-paz-y-los-cabos-retroceden-a-nivel-5-en-semaforo-covid-19\/#breadcrumb","itemListElement":[{"@type":"ListItem","position":1,"name":"Portada","item":"https:\/\/www.sonoraenequipo.com.mx\/"},{"@type":"ListItem","position":2,"name":"La Paz y Los Cabos retroceden a nivel 5 en sem\u00e1foro Covid-19"}]},{"@type":"WebSite","@id":"https:\/\/www.sonoraenequipo.com.mx\/#website","url":"https:\/\/www.sonoraenequipo.com.mx\/","name":"Sonora en Equipo.","description":"Diario en l\u00ednea con Noticias desde Hermosillo, Sonora","publisher":{"@id":"https:\/\/www.sonoraenequipo.com.mx\/#organization"},"potentialAction":[{"@type":"SearchAction","target":{"@type":"EntryPoint","urlTemplate":"https:\/\/www.sonoraenequipo.com.mx\/?s={search_term_string}"},"query-input":{"@type":"PropertyValueSpecification","valueRequired":true,"valueName":"search_term_string"}}],"inLanguage":"es"},{"@type":"Organization","@id":"https:\/\/www.sonoraenequipo.com.mx\/#organization","name":"Sonoraenequipo.com.mx","url":"https:\/\/www.sonoraenequipo.com.mx\/","logo":{"@type":"ImageObject","inLanguage":"es","@id":"https:\/\/www.sonoraenequipo.com.mx\/#\/schema\/logo\/image\/","url":"https:\/\/www.sonoraenequipo.com.mx\/storage\/2019\/01\/sonoraenequipo_opt.png","contentUrl":"https:\/\/www.sonoraenequipo.com.mx\/storage\/2019\/01\/sonoraenequipo_opt.png","width":375,"height":125,"caption":"Sonoraenequipo.com.mx"},"image":{"@id":"https:\/\/www.sonoraenequipo.com.mx\/#\/schema\/logo\/image\/"},"sameAs":["https:\/\/www.facebook.com\/SonoraEE\/","https:\/\/x.com\/sonoraenequipo","https:\/\/www.youtube.com\/channel\/UC338nW-lPEYmJQs4ZABQ1SQ"]},{"@type":"Person","@id":"https:\/\/www.sonoraenequipo.com.mx\/#\/schema\/person\/50102df0fb23a8fa9e8effad8fa81386","name":"enequipo","image":{"@type":"ImageObject","inLanguage":"es","@id":"https:\/\/www.sonoraenequipo.com.mx\/#\/schema\/person\/image\/","url":"https:\/\/secure.gravatar.com\/avatar\/049821681b589dabc0bc20695993ccebb09f5b5d4d790cd9251b97faac7c652b?s=96&d=blank&r=g","contentUrl":"https:\/\/secure.gravatar.com\/avatar\/049821681b589dabc0bc20695993ccebb09f5b5d4d790cd9251b97faac7c652b?s=96&d=blank&r=g","caption":"enequipo"},"sameAs":["https:\/\/www.facebook.com\/SonoraEE"]}]}},"jetpack_featured_media_url":"https:\/\/www.sonoraenequipo.com.mx\/storage\/2021\/06\/La-Paz-semaforo-nivel-5_opt.jpg","_links":{"self":[{"href":"https:\/\/www.sonoraenequipo.com.mx\/api\/wp\/v2\/posts\/117018","targetHints":{"allow":["GET"]}}],"collection":[{"href":"https:\/\/www.sonoraenequipo.com.mx\/api\/wp\/v2\/posts"}],"about":[{"href":"https:\/\/www.sonoraenequipo.com.mx\/api\/wp\/v2\/types\/post"}],"author":[{"embeddable":true,"href":"https:\/\/www.sonoraenequipo.com.mx\/api\/wp\/v2\/users\/1"}],"replies":[{"embeddable":true,"href":"https:\/\/www.sonoraenequipo.com.mx\/api\/wp\/v2\/comments?post=117018"}],"version-history":[{"count":3,"href":"https:\/\/www.sonoraenequipo.com.mx\/api\/wp\/v2\/posts\/117018\/revisions"}],"predecessor-version":[{"id":117023,"href":"https:\/\/www.sonoraenequipo.com.mx\/api\/wp\/v2\/posts\/117018\/revisions\/117023"}],"wp:featuredmedia":[{"embeddable":true,"href":"https:\/\/www.sonoraenequipo.com.mx\/api\/wp\/v2\/media\/117020"}],"wp:attachment":[{"href":"https:\/\/www.sonoraenequipo.com.mx\/api\/wp\/v2\/media?parent=117018"}],"wp:term":[{"taxonomy":"category","embeddable":true,"href":"https:\/\/www.sonoraenequipo.com.mx\/api\/wp\/v2\/categories?post=117018"},{"taxonomy":"post_tag","embeddable":true,"href":"https:\/\/www.sonoraenequipo.com.mx\/api\/wp\/v2\/tags?post=117018"}],"curies":[{"name":"wp","href":"https:\/\/api.w.org\/{rel}","templated":true}]}}