{"id":117041,"date":"2021-06-24T07:15:22","date_gmt":"2021-06-24T14:15:22","guid":{"rendered":"https:\/\/www.sonoraenequipo.com.mx\/?p=117041"},"modified":"2021-06-24T12:35:40","modified_gmt":"2021-06-24T19:35:40","slug":"carlos-salazar-lomelin-va-por-el-tercer-ano-al-frente-del-cce","status":"publish","type":"post","link":"https:\/\/www.sonoraenequipo.com.mx\/carlos-salazar-lomelin-va-por-el-tercer-ano-al-frente-del-cce\/","title":{"rendered":"Carlos Salazar Lomel\u00edn va por el tercer a\u00f1o al frente del CCE"},"content":{"rendered":"<p>CIUDAD DE M\u00c9XICO. MX. \u2014 Por tercer a\u00f1o consecutivo, el empresario regiomontano Carlos Salazar Lomel\u00edn permanecer\u00e1 al frente del Consejo Coordinador Empresarial (CCE).<\/p>\n<p>&nbsp;<\/p>\n<p> <\/p>\n<p>&nbsp;<\/p>\n<p>Se trata del \u00faltimo a\u00f1o que podr\u00e1 desempe\u00f1ar este cargo, porque as\u00ed lo permiten los estatus.<\/p>\n<p>&nbsp;<\/p>\n<p>La decisi\u00f3n se oficializ\u00f3 en el marco de la 37 Asamblea Nacional del CCE, donde los 12 organismos que conforman esta c\u00fapula empresarial refrendaron su respaldo a Salazar Lomel\u00edn.<\/p>\n<p>&nbsp;<\/p>\n<p>La decisi\u00f3n ya hab\u00eda sido comunicada anteriormente, luego de la reuni\u00f3n de planeaci\u00f3n anual del organismo, celebrada en Puerto Vallarta, Jalisco, el pasado 15 de abril.<\/p>\n<p>&nbsp;<\/p>\n<p>Sin embargo, el evento protocolario de ley apenas se realiz\u00f3 durante la tarde de este 22 de junio, de forma virtual.<\/p>\n<p>&nbsp;<\/p>\n<p>Cabe mencionar que en la reuni\u00f3n tambi\u00e9n se aprob\u00f3 el presupuesto anual del organismo y el plan de trabajo de cara al 2022, adem\u00e1s de que se realizaron nombramientos del secretario del CCE, del tesorero y de un auditor externo, frente a notarios p\u00fablicos.<\/p>\n<p>&nbsp;<\/p>\n<p>(Publicada el 24\/06\/2021)<\/p>\n","protected":false},"excerpt":{"rendered":"<p>CIUDAD DE M\u00c9XICO. MX. \u2014 Por tercer a\u00f1o consecutivo, el empresario regiomontano Carlos Salazar Lomel\u00edn&#8230;<\/p>\n","protected":false},"author":1,"featured_media":117033,"comment_status":"open","ping_status":"open","sticky":false,"template":"","format":"standard","meta":{"_monsterinsights_skip_tracking":false,"_monsterinsights_sitenote_active":false,"_monsterinsights_sitenote_note":"","_monsterinsights_sitenote_category":0,"footnotes":""},"categories":[5],"tags":[],"class_list":["post"],"yoast_head":" \n<title>Sonora en Equipo. Carlos Salazar Lomel\u00edn va por el tercer a\u00f1o al frente del CCE Rep\u00fablica<\/title>\n<meta name=\"description\" content=\"CIUDAD DE M\u00c9XICO. MX. \u2014 Por tercer a\u00f1o consecutivo, el empresario regiomontano Carlos Salazar Lomel\u00edn permanecer\u00e1 al frente del Consejo Coordinador En Sonora en Equipo publicamos toda la informaci\u00f3n de Sonora, M\u00e9xico y el Mundo de manera oportuna y busca que la libertad de expresi\u00f3n sea real. Visita nuestro medio informativo publicado desde Hermosillo, Sonora. %\" \/>\n<meta name=\"robots\" content=\"index, follow, max-snippet:-1, max-image-preview:large, max-video-preview:-1\" \/>\n<link rel=\"canonical\" href=\"https:\/\/www.sonoraenequipo.com.mx\/carlos-salazar-lomelin-va-por-el-tercer-ano-al-frente-del-cce\/\" \/>\n<meta property=\"og:locale\" content=\"es_ES\" \/>\n<meta property=\"og:type\" content=\"article\" \/>\n<meta property=\"og:title\" content=\"Sonora en Equipo. Carlos Salazar Lomel\u00edn va por el tercer a\u00f1o al frente del CCE Rep\u00fablica\" \/>\n<meta property=\"og:description\" content=\"CIUDAD DE M\u00c9XICO. MX. \u2014 Por tercer a\u00f1o consecutivo, el empresario regiomontano Carlos Salazar Lomel\u00edn permanecer\u00e1 al frente del Consejo Coordinador En Sonora en Equipo publicamos toda la informaci\u00f3n de Sonora, M\u00e9xico y el Mundo de manera oportuna y busca que la libertad de expresi\u00f3n sea real. Visita nuestro medio informativo publicado desde Hermosillo, Sonora. %\" \/>\n<meta property=\"og:url\" content=\"https:\/\/www.sonoraenequipo.com.mx\/carlos-salazar-lomelin-va-por-el-tercer-ano-al-frente-del-cce\/\" \/>\n<meta property=\"og:site_name\" content=\"Sonora en Equipo.\" \/>\n<meta property=\"article:publisher\" content=\"https:\/\/www.facebook.com\/SonoraEE\/\" \/>\n<meta property=\"article:author\" content=\"https:\/\/www.facebook.com\/SonoraEE\" \/>\n<meta property=\"article:published_time\" content=\"2021-06-24T14:15:22+00:00\" \/>\n<meta property=\"article:modified_time\" content=\"2021-06-24T19:35:40+00:00\" \/>\n<meta property=\"og:image\" content=\"https:\/\/www.sonoraenequipo.com.mx\/storage\/2021\/06\/CCE-Carlos-Lomeli_opt.jpg\" \/>\n\t<meta property=\"og:image:width\" content=\"700\" \/>\n\t<meta property=\"og:image:height\" content=\"400\" \/>\n\t<meta property=\"og:image:type\" content=\"image\/jpeg\" \/>\n<meta name=\"author\" content=\"enequipo\" \/>\n<meta name=\"twitter:card\" content=\"summary_large_image\" \/>\n<meta name=\"twitter:creator\" content=\"@sonoraenequipo\" \/>\n<meta name=\"twitter:site\" content=\"@sonoraenequipo\" \/>\n<meta name=\"twitter:label1\" content=\"Escrito por\" \/>\n\t<meta name=\"twitter:data1\" content=\"enequipo\" \/>\n\t<meta name=\"twitter:label2\" content=\"Tiempo de lectura\" \/>\n\t<meta name=\"twitter:data2\" content=\"1 minuto\" \/>\n<script type=\"application\/ld+json\" class=\"yoast-schema-graph\">{\"@context\":\"https:\/\/schema.org\",\"@graph\":[{\"@type\":\"Article\",\"@id\":\"https:\/\/www.sonoraenequipo.com.mx\/carlos-salazar-lomelin-va-por-el-tercer-ano-al-frente-del-cce\/#article\",\"isPartOf\":{\"@id\":\"https:\/\/www.sonoraenequipo.com.mx\/carlos-salazar-lomelin-va-por-el-tercer-ano-al-frente-del-cce\/\"},\"author\":{\"name\":\"enequipo\",\"@id\":\"https:\/\/www.sonoraenequipo.com.mx\/#\/schema\/person\/50102df0fb23a8fa9e8effad8fa81386\"},\"headline\":\"Carlos Salazar Lomel\u00edn va por el tercer a\u00f1o al frente del CCE\",\"datePublished\":\"2021-06-24T14:15:22+00:00\",\"dateModified\":\"2021-06-24T19:35:40+00:00\",\"mainEntityOfPage\":{\"@id\":\"https:\/\/www.sonoraenequipo.com.mx\/carlos-salazar-lomelin-va-por-el-tercer-ano-al-frente-del-cce\/\"},\"wordCount\":192,\"commentCount\":0,\"publisher\":{\"@id\":\"https:\/\/www.sonoraenequipo.com.mx\/#organization\"},\"image\":{\"@id\":\"https:\/\/www.sonoraenequipo.com.mx\/carlos-salazar-lomelin-va-por-el-tercer-ano-al-frente-del-cce\/#primaryimage\"},\"thumbnailUrl\":\"https:\/\/www.sonoraenequipo.com.mx\/storage\/2021\/06\/CCE-Carlos-Lomeli_opt.jpg\",\"articleSection\":[\"Rep\u00fablica\"],\"inLanguage\":\"es\",\"potentialAction\":[{\"@type\":\"CommentAction\",\"name\":\"Comment\",\"target\":[\"https:\/\/www.sonoraenequipo.com.mx\/carlos-salazar-lomelin-va-por-el-tercer-ano-al-frente-del-cce\/#respond\"]}]},{\"@type\":\"WebPage\",\"@id\":\"https:\/\/www.sonoraenequipo.com.mx\/carlos-salazar-lomelin-va-por-el-tercer-ano-al-frente-del-cce\/\",\"url\":\"https:\/\/www.sonoraenequipo.com.mx\/carlos-salazar-lomelin-va-por-el-tercer-ano-al-frente-del-cce\/\",\"name\":\"Sonora en Equipo. Carlos Salazar Lomel\u00edn va por el tercer a\u00f1o al frente del CCE Rep\u00fablica\",\"isPartOf\":{\"@id\":\"https:\/\/www.sonoraenequipo.com.mx\/#website\"},\"primaryImageOfPage\":{\"@id\":\"https:\/\/www.sonoraenequipo.com.mx\/carlos-salazar-lomelin-va-por-el-tercer-ano-al-frente-del-cce\/#primaryimage\"},\"image\":{\"@id\":\"https:\/\/www.sonoraenequipo.com.mx\/carlos-salazar-lomelin-va-por-el-tercer-ano-al-frente-del-cce\/#primaryimage\"},\"thumbnailUrl\":\"https:\/\/www.sonoraenequipo.com.mx\/storage\/2021\/06\/CCE-Carlos-Lomeli_opt.jpg\",\"datePublished\":\"2021-06-24T14:15:22+00:00\",\"dateModified\":\"2021-06-24T19:35:40+00:00\",\"description\":\"CIUDAD DE M\u00c9XICO. MX. \u2014 Por tercer a\u00f1o consecutivo, el empresario regiomontano Carlos Salazar Lomel\u00edn permanecer\u00e1 al frente del Consejo Coordinador En Sonora en Equipo publicamos toda la informaci\u00f3n de Sonora, M\u00e9xico y el Mundo de manera oportuna y busca que la libertad de expresi\u00f3n sea real. Visita nuestro medio informativo publicado desde Hermosillo, Sonora. %\",\"breadcrumb\":{\"@id\":\"https:\/\/www.sonoraenequipo.com.mx\/carlos-salazar-lomelin-va-por-el-tercer-ano-al-frente-del-cce\/#breadcrumb\"},\"inLanguage\":\"es\",\"potentialAction\":[{\"@type\":\"ReadAction\",\"target\":[\"https:\/\/www.sonoraenequipo.com.mx\/carlos-salazar-lomelin-va-por-el-tercer-ano-al-frente-del-cce\/\"]}]},{\"@type\":\"ImageObject\",\"inLanguage\":\"es\",\"@id\":\"https:\/\/www.sonoraenequipo.com.mx\/carlos-salazar-lomelin-va-por-el-tercer-ano-al-frente-del-cce\/#primaryimage\",\"url\":\"https:\/\/www.sonoraenequipo.com.mx\/storage\/2021\/06\/CCE-Carlos-Lomeli_opt.jpg\",\"contentUrl\":\"https:\/\/www.sonoraenequipo.com.mx\/storage\/2021\/06\/CCE-Carlos-Lomeli_opt.jpg\",\"width\":700,\"height\":400},{\"@type\":\"BreadcrumbList\",\"@id\":\"https:\/\/www.sonoraenequipo.com.mx\/carlos-salazar-lomelin-va-por-el-tercer-ano-al-frente-del-cce\/#breadcrumb\",\"itemListElement\":[{\"@type\":\"ListItem\",\"position\":1,\"name\":\"Portada\",\"item\":\"https:\/\/www.sonoraenequipo.com.mx\/\"},{\"@type\":\"ListItem\",\"position\":2,\"name\":\"Carlos Salazar Lomel\u00edn va por el tercer a\u00f1o al frente del CCE\"}]},{\"@type\":\"WebSite\",\"@id\":\"https:\/\/www.sonoraenequipo.com.mx\/#website\",\"url\":\"https:\/\/www.sonoraenequipo.com.mx\/\",\"name\":\"Sonora en Equipo.\",\"description\":\"Diario en l\u00ednea con Noticias desde Hermosillo, Sonora\",\"publisher\":{\"@id\":\"https:\/\/www.sonoraenequipo.com.mx\/#organization\"},\"potentialAction\":[{\"@type\":\"SearchAction\",\"target\":{\"@type\":\"EntryPoint\",\"urlTemplate\":\"https:\/\/www.sonoraenequipo.com.mx\/?s={search_term_string}\"},\"query-input\":{\"@type\":\"PropertyValueSpecification\",\"valueRequired\":true,\"valueName\":\"search_term_string\"}}],\"inLanguage\":\"es\"},{\"@type\":\"Organization\",\"@id\":\"https:\/\/www.sonoraenequipo.com.mx\/#organization\",\"name\":\"Sonoraenequipo.com.mx\",\"url\":\"https:\/\/www.sonoraenequipo.com.mx\/\",\"logo\":{\"@type\":\"ImageObject\",\"inLanguage\":\"es\",\"@id\":\"https:\/\/www.sonoraenequipo.com.mx\/#\/schema\/logo\/image\/\",\"url\":\"https:\/\/www.sonoraenequipo.com.mx\/storage\/2019\/01\/sonoraenequipo_opt.png\",\"contentUrl\":\"https:\/\/www.sonoraenequipo.com.mx\/storage\/2019\/01\/sonoraenequipo_opt.png\",\"width\":375,\"height\":125,\"caption\":\"Sonoraenequipo.com.mx\"},\"image\":{\"@id\":\"https:\/\/www.sonoraenequipo.com.mx\/#\/schema\/logo\/image\/\"},\"sameAs\":[\"https:\/\/www.facebook.com\/SonoraEE\/\",\"https:\/\/x.com\/sonoraenequipo\",\"https:\/\/www.youtube.com\/channel\/UC338nW-lPEYmJQs4ZABQ1SQ\"]},{\"@type\":\"Person\",\"@id\":\"https:\/\/www.sonoraenequipo.com.mx\/#\/schema\/person\/50102df0fb23a8fa9e8effad8fa81386\",\"name\":\"enequipo\",\"image\":{\"@type\":\"ImageObject\",\"inLanguage\":\"es\",\"@id\":\"https:\/\/www.sonoraenequipo.com.mx\/#\/schema\/person\/image\/\",\"url\":\"https:\/\/secure.gravatar.com\/avatar\/049821681b589dabc0bc20695993ccebb09f5b5d4d790cd9251b97faac7c652b?s=96&d=blank&r=g\",\"contentUrl\":\"https:\/\/secure.gravatar.com\/avatar\/049821681b589dabc0bc20695993ccebb09f5b5d4d790cd9251b97faac7c652b?s=96&d=blank&r=g\",\"caption\":\"enequipo\"},\"sameAs\":[\"https:\/\/www.facebook.com\/SonoraEE\"]}]}<\/script>\n ","yoast_head_json":{"title":"Sonora en Equipo. Carlos Salazar Lomel\u00edn va por el tercer a\u00f1o al frente del CCE Rep\u00fablica","description":"CIUDAD DE M\u00c9XICO. MX. \u2014 Por tercer a\u00f1o consecutivo, el empresario regiomontano Carlos Salazar Lomel\u00edn permanecer\u00e1 al frente del Consejo Coordinador En Sonora en Equipo publicamos toda la informaci\u00f3n de Sonora, M\u00e9xico y el Mundo de manera oportuna y busca que la libertad de expresi\u00f3n sea real. Visita nuestro medio informativo publicado desde Hermosillo, Sonora. %","robots":{"index":"index","follow":"follow","max-snippet":"max-snippet:-1","max-image-preview":"max-image-preview:large","max-video-preview":"max-video-preview:-1"},"canonical":"https:\/\/www.sonoraenequipo.com.mx\/carlos-salazar-lomelin-va-por-el-tercer-ano-al-frente-del-cce\/","og_locale":"es_ES","og_type":"article","og_title":"Sonora en Equipo. Carlos Salazar Lomel\u00edn va por el tercer a\u00f1o al frente del CCE Rep\u00fablica","og_description":"CIUDAD DE M\u00c9XICO. MX. \u2014 Por tercer a\u00f1o consecutivo, el empresario regiomontano Carlos Salazar Lomel\u00edn permanecer\u00e1 al frente del Consejo Coordinador En Sonora en Equipo publicamos toda la informaci\u00f3n de Sonora, M\u00e9xico y el Mundo de manera oportuna y busca que la libertad de expresi\u00f3n sea real. Visita nuestro medio informativo publicado desde Hermosillo, Sonora. %","og_url":"https:\/\/www.sonoraenequipo.com.mx\/carlos-salazar-lomelin-va-por-el-tercer-ano-al-frente-del-cce\/","og_site_name":"Sonora en Equipo.","article_publisher":"https:\/\/www.facebook.com\/SonoraEE\/","article_author":"https:\/\/www.facebook.com\/SonoraEE","article_published_time":"2021-06-24T14:15:22+00:00","article_modified_time":"2021-06-24T19:35:40+00:00","og_image":[{"width":700,"height":400,"url":"https:\/\/www.sonoraenequipo.com.mx\/storage\/2021\/06\/CCE-Carlos-Lomeli_opt.jpg","type":"image\/jpeg"}],"author":"enequipo","twitter_card":"summary_large_image","twitter_creator":"@sonoraenequipo","twitter_site":"@sonoraenequipo","twitter_misc":{"Escrito por":"enequipo","Tiempo de lectura":"1 minuto"},"schema":{"@context":"https:\/\/schema.org","@graph":[{"@type":"Article","@id":"https:\/\/www.sonoraenequipo.com.mx\/carlos-salazar-lomelin-va-por-el-tercer-ano-al-frente-del-cce\/#article","isPartOf":{"@id":"https:\/\/www.sonoraenequipo.com.mx\/carlos-salazar-lomelin-va-por-el-tercer-ano-al-frente-del-cce\/"},"author":{"name":"enequipo","@id":"https:\/\/www.sonoraenequipo.com.mx\/#\/schema\/person\/50102df0fb23a8fa9e8effad8fa81386"},"headline":"Carlos Salazar Lomel\u00edn va por el tercer a\u00f1o al frente del CCE","datePublished":"2021-06-24T14:15:22+00:00","dateModified":"2021-06-24T19:35:40+00:00","mainEntityOfPage":{"@id":"https:\/\/www.sonoraenequipo.com.mx\/carlos-salazar-lomelin-va-por-el-tercer-ano-al-frente-del-cce\/"},"wordCount":192,"commentCount":0,"publisher":{"@id":"https:\/\/www.sonoraenequipo.com.mx\/#organization"},"image":{"@id":"https:\/\/www.sonoraenequipo.com.mx\/carlos-salazar-lomelin-va-por-el-tercer-ano-al-frente-del-cce\/#primaryimage"},"thumbnailUrl":"https:\/\/www.sonoraenequipo.com.mx\/storage\/2021\/06\/CCE-Carlos-Lomeli_opt.jpg","articleSection":["Rep\u00fablica"],"inLanguage":"es","potentialAction":[{"@type":"CommentAction","name":"Comment","target":["https:\/\/www.sonoraenequipo.com.mx\/carlos-salazar-lomelin-va-por-el-tercer-ano-al-frente-del-cce\/#respond"]}]},{"@type":"WebPage","@id":"https:\/\/www.sonoraenequipo.com.mx\/carlos-salazar-lomelin-va-por-el-tercer-ano-al-frente-del-cce\/","url":"https:\/\/www.sonoraenequipo.com.mx\/carlos-salazar-lomelin-va-por-el-tercer-ano-al-frente-del-cce\/","name":"Sonora en Equipo. Carlos Salazar Lomel\u00edn va por el tercer a\u00f1o al frente del CCE Rep\u00fablica","isPartOf":{"@id":"https:\/\/www.sonoraenequipo.com.mx\/#website"},"primaryImageOfPage":{"@id":"https:\/\/www.sonoraenequipo.com.mx\/carlos-salazar-lomelin-va-por-el-tercer-ano-al-frente-del-cce\/#primaryimage"},"image":{"@id":"https:\/\/www.sonoraenequipo.com.mx\/carlos-salazar-lomelin-va-por-el-tercer-ano-al-frente-del-cce\/#primaryimage"},"thumbnailUrl":"https:\/\/www.sonoraenequipo.com.mx\/storage\/2021\/06\/CCE-Carlos-Lomeli_opt.jpg","datePublished":"2021-06-24T14:15:22+00:00","dateModified":"2021-06-24T19:35:40+00:00","description":"CIUDAD DE M\u00c9XICO. MX. \u2014 Por tercer a\u00f1o consecutivo, el empresario regiomontano Carlos Salazar Lomel\u00edn permanecer\u00e1 al frente del Consejo Coordinador En Sonora en Equipo publicamos toda la informaci\u00f3n de Sonora, M\u00e9xico y el Mundo de manera oportuna y busca que la libertad de expresi\u00f3n sea real. Visita nuestro medio informativo publicado desde Hermosillo, Sonora. %","breadcrumb":{"@id":"https:\/\/www.sonoraenequipo.com.mx\/carlos-salazar-lomelin-va-por-el-tercer-ano-al-frente-del-cce\/#breadcrumb"},"inLanguage":"es","potentialAction":[{"@type":"ReadAction","target":["https:\/\/www.sonoraenequipo.com.mx\/carlos-salazar-lomelin-va-por-el-tercer-ano-al-frente-del-cce\/"]}]},{"@type":"ImageObject","inLanguage":"es","@id":"https:\/\/www.sonoraenequipo.com.mx\/carlos-salazar-lomelin-va-por-el-tercer-ano-al-frente-del-cce\/#primaryimage","url":"https:\/\/www.sonoraenequipo.com.mx\/storage\/2021\/06\/CCE-Carlos-Lomeli_opt.jpg","contentUrl":"https:\/\/www.sonoraenequipo.com.mx\/storage\/2021\/06\/CCE-Carlos-Lomeli_opt.jpg","width":700,"height":400},{"@type":"BreadcrumbList","@id":"https:\/\/www.sonoraenequipo.com.mx\/carlos-salazar-lomelin-va-por-el-tercer-ano-al-frente-del-cce\/#breadcrumb","itemListElement":[{"@type":"ListItem","position":1,"name":"Portada","item":"https:\/\/www.sonoraenequipo.com.mx\/"},{"@type":"ListItem","position":2,"name":"Carlos Salazar Lomel\u00edn va por el tercer a\u00f1o al frente del CCE"}]},{"@type":"WebSite","@id":"https:\/\/www.sonoraenequipo.com.mx\/#website","url":"https:\/\/www.sonoraenequipo.com.mx\/","name":"Sonora en Equipo.","description":"Diario en l\u00ednea con Noticias desde Hermosillo, Sonora","publisher":{"@id":"https:\/\/www.sonoraenequipo.com.mx\/#organization"},"potentialAction":[{"@type":"SearchAction","target":{"@type":"EntryPoint","urlTemplate":"https:\/\/www.sonoraenequipo.com.mx\/?s={search_term_string}"},"query-input":{"@type":"PropertyValueSpecification","valueRequired":true,"valueName":"search_term_string"}}],"inLanguage":"es"},{"@type":"Organization","@id":"https:\/\/www.sonoraenequipo.com.mx\/#organization","name":"Sonoraenequipo.com.mx","url":"https:\/\/www.sonoraenequipo.com.mx\/","logo":{"@type":"ImageObject","inLanguage":"es","@id":"https:\/\/www.sonoraenequipo.com.mx\/#\/schema\/logo\/image\/","url":"https:\/\/www.sonoraenequipo.com.mx\/storage\/2019\/01\/sonoraenequipo_opt.png","contentUrl":"https:\/\/www.sonoraenequipo.com.mx\/storage\/2019\/01\/sonoraenequipo_opt.png","width":375,"height":125,"caption":"Sonoraenequipo.com.mx"},"image":{"@id":"https:\/\/www.sonoraenequipo.com.mx\/#\/schema\/logo\/image\/"},"sameAs":["https:\/\/www.facebook.com\/SonoraEE\/","https:\/\/x.com\/sonoraenequipo","https:\/\/www.youtube.com\/channel\/UC338nW-lPEYmJQs4ZABQ1SQ"]},{"@type":"Person","@id":"https:\/\/www.sonoraenequipo.com.mx\/#\/schema\/person\/50102df0fb23a8fa9e8effad8fa81386","name":"enequipo","image":{"@type":"ImageObject","inLanguage":"es","@id":"https:\/\/www.sonoraenequipo.com.mx\/#\/schema\/person\/image\/","url":"https:\/\/secure.gravatar.com\/avatar\/049821681b589dabc0bc20695993ccebb09f5b5d4d790cd9251b97faac7c652b?s=96&d=blank&r=g","contentUrl":"https:\/\/secure.gravatar.com\/avatar\/049821681b589dabc0bc20695993ccebb09f5b5d4d790cd9251b97faac7c652b?s=96&d=blank&r=g","caption":"enequipo"},"sameAs":["https:\/\/www.facebook.com\/SonoraEE"]}]}},"jetpack_featured_media_url":"https:\/\/www.sonoraenequipo.com.mx\/storage\/2021\/06\/CCE-Carlos-Lomeli_opt.jpg","_links":{"self":[{"href":"https:\/\/www.sonoraenequipo.com.mx\/api\/wp\/v2\/posts\/117041","targetHints":{"allow":["GET"]}}],"collection":[{"href":"https:\/\/www.sonoraenequipo.com.mx\/api\/wp\/v2\/posts"}],"about":[{"href":"https:\/\/www.sonoraenequipo.com.mx\/api\/wp\/v2\/types\/post"}],"author":[{"embeddable":true,"href":"https:\/\/www.sonoraenequipo.com.mx\/api\/wp\/v2\/users\/1"}],"replies":[{"embeddable":true,"href":"https:\/\/www.sonoraenequipo.com.mx\/api\/wp\/v2\/comments?post=117041"}],"version-history":[{"count":1,"href":"https:\/\/www.sonoraenequipo.com.mx\/api\/wp\/v2\/posts\/117041\/revisions"}],"predecessor-version":[{"id":117042,"href":"https:\/\/www.sonoraenequipo.com.mx\/api\/wp\/v2\/posts\/117041\/revisions\/117042"}],"wp:featuredmedia":[{"embeddable":true,"href":"https:\/\/www.sonoraenequipo.com.mx\/api\/wp\/v2\/media\/117033"}],"wp:attachment":[{"href":"https:\/\/www.sonoraenequipo.com.mx\/api\/wp\/v2\/media?parent=117041"}],"wp:term":[{"taxonomy":"category","embeddable":true,"href":"https:\/\/www.sonoraenequipo.com.mx\/api\/wp\/v2\/categories?post=117041"},{"taxonomy":"post_tag","embeddable":true,"href":"https:\/\/www.sonoraenequipo.com.mx\/api\/wp\/v2\/tags?post=117041"}],"curies":[{"name":"wp","href":"https:\/\/api.w.org\/{rel}","templated":true}]}}