{"id":117044,"date":"2021-06-24T21:09:15","date_gmt":"2021-06-25T04:09:15","guid":{"rendered":"https:\/\/www.sonoraenequipo.com.mx\/?p=117044"},"modified":"2021-06-24T23:10:27","modified_gmt":"2021-06-25T06:10:27","slug":"el-ministro-descarto-la-accion-por-manifiesta-improcedencia","status":"publish","type":"post","link":"https:\/\/www.sonoraenequipo.com.mx\/el-ministro-descarto-la-accion-por-manifiesta-improcedencia\/","title":{"rendered":"El ministro descart\u00f3 la acci\u00f3n por \u201cmanifiesta improcedencia\u201d"},"content":{"rendered":"<p>CIUDAD DE M\u00c9XICO. MX. \u2014 Un ministro de la Suprema Corte de Justicia de la Naci\u00f3n (SCJN) desech\u00f3 el recurso de inconstitucionalidad impuesto por senadores de oposici\u00f3n contra las reformas a la Ley de Hidrocarburos.<\/p>\n<p>&nbsp;<\/p>\n<p> <\/p>\n<p>&nbsp;<\/p>\n<p>El ministro notific\u00f3 que \u201cpor manifiesta improcedencia\u201d determin\u00f3 desechar el recurso que legisladores del Partido Revolucionario Institucional (PRI) al argumentar que \u00e9sta favorece la formaci\u00f3n de monopolios y contraviene la libre competencia en el sector.<\/p>\n<p>&nbsp;<\/p>\n<p><strong>En la resoluci\u00f3n, concluy\u00f3 que:<\/strong><\/p>\n<p>&nbsp;<\/p>\n<p><em>\u201cSe desecha de plano, por notoria y manifiesta improcedencia, la acci\u00f3n de inconstitucionalidad que hacen valer quienes se ostentan como senadores integrantes de la Sexag\u00e9sima Cuarta Legislatura del Congreso de la Uni\u00f3n\u201d.<\/em><\/p>\n<p>&nbsp;<\/p>\n<p>Fue el pasado 22 de abril que el Congreso aprob\u00f3 cambios al art\u00edculo D\u00e9cimo Tercero Transitorio de la Ley de Hidrocarburos, con lo que se elimin\u00f3 el <em>\u201cpiso parejo\u201d.<\/em><\/p>\n<p>&nbsp;<\/p>\n<p>&nbsp;<\/p>\n<p>Se\u00f1alaron que la ley contraviene los principios de libre competencia e igualdad, tambi\u00e9n impacta la retroactividad, confianza leg\u00edtima y estabilidad regulatoria, que son principios tutelados por la Constituci\u00f3n.<\/p>\n<p>&nbsp;<\/p>\n<p>&nbsp;<\/p>\n<p>(Publicada el 24\/06\/2021)<\/p>\n","protected":false},"excerpt":{"rendered":"<p>CIUDAD DE M\u00c9XICO. MX. \u2014 Un ministro de la Suprema Corte de Justicia de la&#8230;<\/p>\n","protected":false},"author":1,"featured_media":117045,"comment_status":"open","ping_status":"open","sticky":false,"template":"","format":"standard","meta":{"_monsterinsights_skip_tracking":false,"_monsterinsights_sitenote_active":false,"_monsterinsights_sitenote_note":"","_monsterinsights_sitenote_category":0,"footnotes":""},"categories":[3144],"tags":[],"class_list":["post"],"yoast_head":" \n<title>Sonora en Equipo. El ministro descart\u00f3 la acci\u00f3n por \u201cmanifiesta improcedencia\u201d Polic\u00edaca<\/title>\n<meta name=\"description\" content=\"CIUDAD DE M\u00c9XICO. MX. \u2014 Un ministro de la Suprema Corte de Justicia de la Naci\u00f3n (SCJN) desech\u00f3 el recurso de inconstitucionalidad impuesto por senadores En Sonora en Equipo publicamos toda la informaci\u00f3n de Sonora, M\u00e9xico y el Mundo de manera oportuna y busca que la libertad de expresi\u00f3n sea real. Visita nuestro medio informativo publicado desde Hermosillo, Sonora. %\" \/>\n<meta name=\"robots\" content=\"index, follow, max-snippet:-1, max-image-preview:large, max-video-preview:-1\" \/>\n<link rel=\"canonical\" href=\"https:\/\/www.sonoraenequipo.com.mx\/el-ministro-descarto-la-accion-por-manifiesta-improcedencia\/\" \/>\n<meta property=\"og:locale\" content=\"es_ES\" \/>\n<meta property=\"og:type\" content=\"article\" \/>\n<meta property=\"og:title\" content=\"Sonora en Equipo. El ministro descart\u00f3 la acci\u00f3n por \u201cmanifiesta improcedencia\u201d Polic\u00edaca\" \/>\n<meta property=\"og:description\" content=\"CIUDAD DE M\u00c9XICO. MX. \u2014 Un ministro de la Suprema Corte de Justicia de la Naci\u00f3n (SCJN) desech\u00f3 el recurso de inconstitucionalidad impuesto por senadores En Sonora en Equipo publicamos toda la informaci\u00f3n de Sonora, M\u00e9xico y el Mundo de manera oportuna y busca que la libertad de expresi\u00f3n sea real. Visita nuestro medio informativo publicado desde Hermosillo, Sonora. %\" \/>\n<meta property=\"og:url\" content=\"https:\/\/www.sonoraenequipo.com.mx\/el-ministro-descarto-la-accion-por-manifiesta-improcedencia\/\" \/>\n<meta property=\"og:site_name\" content=\"Sonora en Equipo.\" \/>\n<meta property=\"article:publisher\" content=\"https:\/\/www.facebook.com\/SonoraEE\/\" \/>\n<meta property=\"article:author\" content=\"https:\/\/www.facebook.com\/SonoraEE\" \/>\n<meta property=\"article:published_time\" content=\"2021-06-25T04:09:15+00:00\" \/>\n<meta property=\"article:modified_time\" content=\"2021-06-25T06:10:27+00:00\" \/>\n<meta property=\"og:image\" content=\"https:\/\/www.sonoraenequipo.com.mx\/storage\/2021\/06\/Ley-hidrocarburos-inconstitucionalidad_opt.jpg\" \/>\n\t<meta property=\"og:image:width\" content=\"700\" \/>\n\t<meta property=\"og:image:height\" content=\"400\" \/>\n\t<meta property=\"og:image:type\" content=\"image\/jpeg\" \/>\n<meta name=\"author\" content=\"enequipo\" \/>\n<meta name=\"twitter:card\" content=\"summary_large_image\" \/>\n<meta name=\"twitter:creator\" content=\"@sonoraenequipo\" \/>\n<meta name=\"twitter:site\" content=\"@sonoraenequipo\" \/>\n<meta name=\"twitter:label1\" content=\"Escrito por\" \/>\n\t<meta name=\"twitter:data1\" content=\"enequipo\" \/>\n\t<meta name=\"twitter:label2\" content=\"Tiempo de lectura\" \/>\n\t<meta name=\"twitter:data2\" content=\"1 minuto\" \/>\n<script type=\"application\/ld+json\" class=\"yoast-schema-graph\">{\"@context\":\"https:\/\/schema.org\",\"@graph\":[{\"@type\":\"Article\",\"@id\":\"https:\/\/www.sonoraenequipo.com.mx\/el-ministro-descarto-la-accion-por-manifiesta-improcedencia\/#article\",\"isPartOf\":{\"@id\":\"https:\/\/www.sonoraenequipo.com.mx\/el-ministro-descarto-la-accion-por-manifiesta-improcedencia\/\"},\"author\":{\"name\":\"enequipo\",\"@id\":\"https:\/\/www.sonoraenequipo.com.mx\/#\/schema\/person\/50102df0fb23a8fa9e8effad8fa81386\"},\"headline\":\"El ministro descart\u00f3 la acci\u00f3n por \u201cmanifiesta improcedencia\u201d\",\"datePublished\":\"2021-06-25T04:09:15+00:00\",\"dateModified\":\"2021-06-25T06:10:27+00:00\",\"mainEntityOfPage\":{\"@id\":\"https:\/\/www.sonoraenequipo.com.mx\/el-ministro-descarto-la-accion-por-manifiesta-improcedencia\/\"},\"wordCount\":196,\"commentCount\":0,\"publisher\":{\"@id\":\"https:\/\/www.sonoraenequipo.com.mx\/#organization\"},\"image\":{\"@id\":\"https:\/\/www.sonoraenequipo.com.mx\/el-ministro-descarto-la-accion-por-manifiesta-improcedencia\/#primaryimage\"},\"thumbnailUrl\":\"https:\/\/www.sonoraenequipo.com.mx\/storage\/2021\/06\/Ley-hidrocarburos-inconstitucionalidad_opt.jpg\",\"articleSection\":[\"Polic\u00edaca\"],\"inLanguage\":\"es\",\"potentialAction\":[{\"@type\":\"CommentAction\",\"name\":\"Comment\",\"target\":[\"https:\/\/www.sonoraenequipo.com.mx\/el-ministro-descarto-la-accion-por-manifiesta-improcedencia\/#respond\"]}]},{\"@type\":\"WebPage\",\"@id\":\"https:\/\/www.sonoraenequipo.com.mx\/el-ministro-descarto-la-accion-por-manifiesta-improcedencia\/\",\"url\":\"https:\/\/www.sonoraenequipo.com.mx\/el-ministro-descarto-la-accion-por-manifiesta-improcedencia\/\",\"name\":\"Sonora en Equipo. El ministro descart\u00f3 la acci\u00f3n por \u201cmanifiesta improcedencia\u201d Polic\u00edaca\",\"isPartOf\":{\"@id\":\"https:\/\/www.sonoraenequipo.com.mx\/#website\"},\"primaryImageOfPage\":{\"@id\":\"https:\/\/www.sonoraenequipo.com.mx\/el-ministro-descarto-la-accion-por-manifiesta-improcedencia\/#primaryimage\"},\"image\":{\"@id\":\"https:\/\/www.sonoraenequipo.com.mx\/el-ministro-descarto-la-accion-por-manifiesta-improcedencia\/#primaryimage\"},\"thumbnailUrl\":\"https:\/\/www.sonoraenequipo.com.mx\/storage\/2021\/06\/Ley-hidrocarburos-inconstitucionalidad_opt.jpg\",\"datePublished\":\"2021-06-25T04:09:15+00:00\",\"dateModified\":\"2021-06-25T06:10:27+00:00\",\"description\":\"CIUDAD DE M\u00c9XICO. MX. \u2014 Un ministro de la Suprema Corte de Justicia de la Naci\u00f3n (SCJN) desech\u00f3 el recurso de inconstitucionalidad impuesto por senadores En Sonora en Equipo publicamos toda la informaci\u00f3n de Sonora, M\u00e9xico y el Mundo de manera oportuna y busca que la libertad de expresi\u00f3n sea real. Visita nuestro medio informativo publicado desde Hermosillo, Sonora. %\",\"breadcrumb\":{\"@id\":\"https:\/\/www.sonoraenequipo.com.mx\/el-ministro-descarto-la-accion-por-manifiesta-improcedencia\/#breadcrumb\"},\"inLanguage\":\"es\",\"potentialAction\":[{\"@type\":\"ReadAction\",\"target\":[\"https:\/\/www.sonoraenequipo.com.mx\/el-ministro-descarto-la-accion-por-manifiesta-improcedencia\/\"]}]},{\"@type\":\"ImageObject\",\"inLanguage\":\"es\",\"@id\":\"https:\/\/www.sonoraenequipo.com.mx\/el-ministro-descarto-la-accion-por-manifiesta-improcedencia\/#primaryimage\",\"url\":\"https:\/\/www.sonoraenequipo.com.mx\/storage\/2021\/06\/Ley-hidrocarburos-inconstitucionalidad_opt.jpg\",\"contentUrl\":\"https:\/\/www.sonoraenequipo.com.mx\/storage\/2021\/06\/Ley-hidrocarburos-inconstitucionalidad_opt.jpg\",\"width\":700,\"height\":400},{\"@type\":\"BreadcrumbList\",\"@id\":\"https:\/\/www.sonoraenequipo.com.mx\/el-ministro-descarto-la-accion-por-manifiesta-improcedencia\/#breadcrumb\",\"itemListElement\":[{\"@type\":\"ListItem\",\"position\":1,\"name\":\"Portada\",\"item\":\"https:\/\/www.sonoraenequipo.com.mx\/\"},{\"@type\":\"ListItem\",\"position\":2,\"name\":\"El ministro descart\u00f3 la acci\u00f3n por \u201cmanifiesta improcedencia\u201d\"}]},{\"@type\":\"WebSite\",\"@id\":\"https:\/\/www.sonoraenequipo.com.mx\/#website\",\"url\":\"https:\/\/www.sonoraenequipo.com.mx\/\",\"name\":\"Sonora en Equipo.\",\"description\":\"Diario en l\u00ednea con Noticias desde Hermosillo, Sonora\",\"publisher\":{\"@id\":\"https:\/\/www.sonoraenequipo.com.mx\/#organization\"},\"potentialAction\":[{\"@type\":\"SearchAction\",\"target\":{\"@type\":\"EntryPoint\",\"urlTemplate\":\"https:\/\/www.sonoraenequipo.com.mx\/?s={search_term_string}\"},\"query-input\":{\"@type\":\"PropertyValueSpecification\",\"valueRequired\":true,\"valueName\":\"search_term_string\"}}],\"inLanguage\":\"es\"},{\"@type\":\"Organization\",\"@id\":\"https:\/\/www.sonoraenequipo.com.mx\/#organization\",\"name\":\"Sonoraenequipo.com.mx\",\"url\":\"https:\/\/www.sonoraenequipo.com.mx\/\",\"logo\":{\"@type\":\"ImageObject\",\"inLanguage\":\"es\",\"@id\":\"https:\/\/www.sonoraenequipo.com.mx\/#\/schema\/logo\/image\/\",\"url\":\"https:\/\/www.sonoraenequipo.com.mx\/storage\/2019\/01\/sonoraenequipo_opt.png\",\"contentUrl\":\"https:\/\/www.sonoraenequipo.com.mx\/storage\/2019\/01\/sonoraenequipo_opt.png\",\"width\":375,\"height\":125,\"caption\":\"Sonoraenequipo.com.mx\"},\"image\":{\"@id\":\"https:\/\/www.sonoraenequipo.com.mx\/#\/schema\/logo\/image\/\"},\"sameAs\":[\"https:\/\/www.facebook.com\/SonoraEE\/\",\"https:\/\/x.com\/sonoraenequipo\",\"https:\/\/www.youtube.com\/channel\/UC338nW-lPEYmJQs4ZABQ1SQ\"]},{\"@type\":\"Person\",\"@id\":\"https:\/\/www.sonoraenequipo.com.mx\/#\/schema\/person\/50102df0fb23a8fa9e8effad8fa81386\",\"name\":\"enequipo\",\"image\":{\"@type\":\"ImageObject\",\"inLanguage\":\"es\",\"@id\":\"https:\/\/www.sonoraenequipo.com.mx\/#\/schema\/person\/image\/\",\"url\":\"https:\/\/secure.gravatar.com\/avatar\/049821681b589dabc0bc20695993ccebb09f5b5d4d790cd9251b97faac7c652b?s=96&d=blank&r=g\",\"contentUrl\":\"https:\/\/secure.gravatar.com\/avatar\/049821681b589dabc0bc20695993ccebb09f5b5d4d790cd9251b97faac7c652b?s=96&d=blank&r=g\",\"caption\":\"enequipo\"},\"sameAs\":[\"https:\/\/www.facebook.com\/SonoraEE\"]}]}<\/script>\n ","yoast_head_json":{"title":"Sonora en Equipo. El ministro descart\u00f3 la acci\u00f3n por \u201cmanifiesta improcedencia\u201d Polic\u00edaca","description":"CIUDAD DE M\u00c9XICO. MX. \u2014 Un ministro de la Suprema Corte de Justicia de la Naci\u00f3n (SCJN) desech\u00f3 el recurso de inconstitucionalidad impuesto por senadores En Sonora en Equipo publicamos toda la informaci\u00f3n de Sonora, M\u00e9xico y el Mundo de manera oportuna y busca que la libertad de expresi\u00f3n sea real. Visita nuestro medio informativo publicado desde Hermosillo, Sonora. %","robots":{"index":"index","follow":"follow","max-snippet":"max-snippet:-1","max-image-preview":"max-image-preview:large","max-video-preview":"max-video-preview:-1"},"canonical":"https:\/\/www.sonoraenequipo.com.mx\/el-ministro-descarto-la-accion-por-manifiesta-improcedencia\/","og_locale":"es_ES","og_type":"article","og_title":"Sonora en Equipo. El ministro descart\u00f3 la acci\u00f3n por \u201cmanifiesta improcedencia\u201d Polic\u00edaca","og_description":"CIUDAD DE M\u00c9XICO. MX. \u2014 Un ministro de la Suprema Corte de Justicia de la Naci\u00f3n (SCJN) desech\u00f3 el recurso de inconstitucionalidad impuesto por senadores En Sonora en Equipo publicamos toda la informaci\u00f3n de Sonora, M\u00e9xico y el Mundo de manera oportuna y busca que la libertad de expresi\u00f3n sea real. Visita nuestro medio informativo publicado desde Hermosillo, Sonora. %","og_url":"https:\/\/www.sonoraenequipo.com.mx\/el-ministro-descarto-la-accion-por-manifiesta-improcedencia\/","og_site_name":"Sonora en Equipo.","article_publisher":"https:\/\/www.facebook.com\/SonoraEE\/","article_author":"https:\/\/www.facebook.com\/SonoraEE","article_published_time":"2021-06-25T04:09:15+00:00","article_modified_time":"2021-06-25T06:10:27+00:00","og_image":[{"width":700,"height":400,"url":"https:\/\/www.sonoraenequipo.com.mx\/storage\/2021\/06\/Ley-hidrocarburos-inconstitucionalidad_opt.jpg","type":"image\/jpeg"}],"author":"enequipo","twitter_card":"summary_large_image","twitter_creator":"@sonoraenequipo","twitter_site":"@sonoraenequipo","twitter_misc":{"Escrito por":"enequipo","Tiempo de lectura":"1 minuto"},"schema":{"@context":"https:\/\/schema.org","@graph":[{"@type":"Article","@id":"https:\/\/www.sonoraenequipo.com.mx\/el-ministro-descarto-la-accion-por-manifiesta-improcedencia\/#article","isPartOf":{"@id":"https:\/\/www.sonoraenequipo.com.mx\/el-ministro-descarto-la-accion-por-manifiesta-improcedencia\/"},"author":{"name":"enequipo","@id":"https:\/\/www.sonoraenequipo.com.mx\/#\/schema\/person\/50102df0fb23a8fa9e8effad8fa81386"},"headline":"El ministro descart\u00f3 la acci\u00f3n por \u201cmanifiesta improcedencia\u201d","datePublished":"2021-06-25T04:09:15+00:00","dateModified":"2021-06-25T06:10:27+00:00","mainEntityOfPage":{"@id":"https:\/\/www.sonoraenequipo.com.mx\/el-ministro-descarto-la-accion-por-manifiesta-improcedencia\/"},"wordCount":196,"commentCount":0,"publisher":{"@id":"https:\/\/www.sonoraenequipo.com.mx\/#organization"},"image":{"@id":"https:\/\/www.sonoraenequipo.com.mx\/el-ministro-descarto-la-accion-por-manifiesta-improcedencia\/#primaryimage"},"thumbnailUrl":"https:\/\/www.sonoraenequipo.com.mx\/storage\/2021\/06\/Ley-hidrocarburos-inconstitucionalidad_opt.jpg","articleSection":["Polic\u00edaca"],"inLanguage":"es","potentialAction":[{"@type":"CommentAction","name":"Comment","target":["https:\/\/www.sonoraenequipo.com.mx\/el-ministro-descarto-la-accion-por-manifiesta-improcedencia\/#respond"]}]},{"@type":"WebPage","@id":"https:\/\/www.sonoraenequipo.com.mx\/el-ministro-descarto-la-accion-por-manifiesta-improcedencia\/","url":"https:\/\/www.sonoraenequipo.com.mx\/el-ministro-descarto-la-accion-por-manifiesta-improcedencia\/","name":"Sonora en Equipo. El ministro descart\u00f3 la acci\u00f3n por \u201cmanifiesta improcedencia\u201d Polic\u00edaca","isPartOf":{"@id":"https:\/\/www.sonoraenequipo.com.mx\/#website"},"primaryImageOfPage":{"@id":"https:\/\/www.sonoraenequipo.com.mx\/el-ministro-descarto-la-accion-por-manifiesta-improcedencia\/#primaryimage"},"image":{"@id":"https:\/\/www.sonoraenequipo.com.mx\/el-ministro-descarto-la-accion-por-manifiesta-improcedencia\/#primaryimage"},"thumbnailUrl":"https:\/\/www.sonoraenequipo.com.mx\/storage\/2021\/06\/Ley-hidrocarburos-inconstitucionalidad_opt.jpg","datePublished":"2021-06-25T04:09:15+00:00","dateModified":"2021-06-25T06:10:27+00:00","description":"CIUDAD DE M\u00c9XICO. MX. \u2014 Un ministro de la Suprema Corte de Justicia de la Naci\u00f3n (SCJN) desech\u00f3 el recurso de inconstitucionalidad impuesto por senadores En Sonora en Equipo publicamos toda la informaci\u00f3n de Sonora, M\u00e9xico y el Mundo de manera oportuna y busca que la libertad de expresi\u00f3n sea real. Visita nuestro medio informativo publicado desde Hermosillo, Sonora. %","breadcrumb":{"@id":"https:\/\/www.sonoraenequipo.com.mx\/el-ministro-descarto-la-accion-por-manifiesta-improcedencia\/#breadcrumb"},"inLanguage":"es","potentialAction":[{"@type":"ReadAction","target":["https:\/\/www.sonoraenequipo.com.mx\/el-ministro-descarto-la-accion-por-manifiesta-improcedencia\/"]}]},{"@type":"ImageObject","inLanguage":"es","@id":"https:\/\/www.sonoraenequipo.com.mx\/el-ministro-descarto-la-accion-por-manifiesta-improcedencia\/#primaryimage","url":"https:\/\/www.sonoraenequipo.com.mx\/storage\/2021\/06\/Ley-hidrocarburos-inconstitucionalidad_opt.jpg","contentUrl":"https:\/\/www.sonoraenequipo.com.mx\/storage\/2021\/06\/Ley-hidrocarburos-inconstitucionalidad_opt.jpg","width":700,"height":400},{"@type":"BreadcrumbList","@id":"https:\/\/www.sonoraenequipo.com.mx\/el-ministro-descarto-la-accion-por-manifiesta-improcedencia\/#breadcrumb","itemListElement":[{"@type":"ListItem","position":1,"name":"Portada","item":"https:\/\/www.sonoraenequipo.com.mx\/"},{"@type":"ListItem","position":2,"name":"El ministro descart\u00f3 la acci\u00f3n por \u201cmanifiesta improcedencia\u201d"}]},{"@type":"WebSite","@id":"https:\/\/www.sonoraenequipo.com.mx\/#website","url":"https:\/\/www.sonoraenequipo.com.mx\/","name":"Sonora en Equipo.","description":"Diario en l\u00ednea con Noticias desde Hermosillo, Sonora","publisher":{"@id":"https:\/\/www.sonoraenequipo.com.mx\/#organization"},"potentialAction":[{"@type":"SearchAction","target":{"@type":"EntryPoint","urlTemplate":"https:\/\/www.sonoraenequipo.com.mx\/?s={search_term_string}"},"query-input":{"@type":"PropertyValueSpecification","valueRequired":true,"valueName":"search_term_string"}}],"inLanguage":"es"},{"@type":"Organization","@id":"https:\/\/www.sonoraenequipo.com.mx\/#organization","name":"Sonoraenequipo.com.mx","url":"https:\/\/www.sonoraenequipo.com.mx\/","logo":{"@type":"ImageObject","inLanguage":"es","@id":"https:\/\/www.sonoraenequipo.com.mx\/#\/schema\/logo\/image\/","url":"https:\/\/www.sonoraenequipo.com.mx\/storage\/2019\/01\/sonoraenequipo_opt.png","contentUrl":"https:\/\/www.sonoraenequipo.com.mx\/storage\/2019\/01\/sonoraenequipo_opt.png","width":375,"height":125,"caption":"Sonoraenequipo.com.mx"},"image":{"@id":"https:\/\/www.sonoraenequipo.com.mx\/#\/schema\/logo\/image\/"},"sameAs":["https:\/\/www.facebook.com\/SonoraEE\/","https:\/\/x.com\/sonoraenequipo","https:\/\/www.youtube.com\/channel\/UC338nW-lPEYmJQs4ZABQ1SQ"]},{"@type":"Person","@id":"https:\/\/www.sonoraenequipo.com.mx\/#\/schema\/person\/50102df0fb23a8fa9e8effad8fa81386","name":"enequipo","image":{"@type":"ImageObject","inLanguage":"es","@id":"https:\/\/www.sonoraenequipo.com.mx\/#\/schema\/person\/image\/","url":"https:\/\/secure.gravatar.com\/avatar\/049821681b589dabc0bc20695993ccebb09f5b5d4d790cd9251b97faac7c652b?s=96&d=blank&r=g","contentUrl":"https:\/\/secure.gravatar.com\/avatar\/049821681b589dabc0bc20695993ccebb09f5b5d4d790cd9251b97faac7c652b?s=96&d=blank&r=g","caption":"enequipo"},"sameAs":["https:\/\/www.facebook.com\/SonoraEE"]}]}},"jetpack_featured_media_url":"https:\/\/www.sonoraenequipo.com.mx\/storage\/2021\/06\/Ley-hidrocarburos-inconstitucionalidad_opt.jpg","_links":{"self":[{"href":"https:\/\/www.sonoraenequipo.com.mx\/api\/wp\/v2\/posts\/117044","targetHints":{"allow":["GET"]}}],"collection":[{"href":"https:\/\/www.sonoraenequipo.com.mx\/api\/wp\/v2\/posts"}],"about":[{"href":"https:\/\/www.sonoraenequipo.com.mx\/api\/wp\/v2\/types\/post"}],"author":[{"embeddable":true,"href":"https:\/\/www.sonoraenequipo.com.mx\/api\/wp\/v2\/users\/1"}],"replies":[{"embeddable":true,"href":"https:\/\/www.sonoraenequipo.com.mx\/api\/wp\/v2\/comments?post=117044"}],"version-history":[{"count":1,"href":"https:\/\/www.sonoraenequipo.com.mx\/api\/wp\/v2\/posts\/117044\/revisions"}],"predecessor-version":[{"id":117046,"href":"https:\/\/www.sonoraenequipo.com.mx\/api\/wp\/v2\/posts\/117044\/revisions\/117046"}],"wp:featuredmedia":[{"embeddable":true,"href":"https:\/\/www.sonoraenequipo.com.mx\/api\/wp\/v2\/media\/117045"}],"wp:attachment":[{"href":"https:\/\/www.sonoraenequipo.com.mx\/api\/wp\/v2\/media?parent=117044"}],"wp:term":[{"taxonomy":"category","embeddable":true,"href":"https:\/\/www.sonoraenequipo.com.mx\/api\/wp\/v2\/categories?post=117044"},{"taxonomy":"post_tag","embeddable":true,"href":"https:\/\/www.sonoraenequipo.com.mx\/api\/wp\/v2\/tags?post=117044"}],"curies":[{"name":"wp","href":"https:\/\/api.w.org\/{rel}","templated":true}]}}