{"id":117052,"date":"2021-06-24T12:14:10","date_gmt":"2021-06-24T19:14:10","guid":{"rendered":"https:\/\/www.sonoraenequipo.com.mx\/?p=117052"},"modified":"2021-06-25T00:02:20","modified_gmt":"2021-06-25T07:02:20","slug":"puntualiza-amlo-que-su-gobierno-no-espia-a-periodistas","status":"publish","type":"post","link":"https:\/\/www.sonoraenequipo.com.mx\/puntualiza-amlo-que-su-gobierno-no-espia-a-periodistas\/","title":{"rendered":"Puntualiza AMLO que su gobierno no esp\u00eda a periodistas"},"content":{"rendered":"<p>CIUDAD DE M\u00c9XICO. MX. \u2014 Ante diversas versiones period\u00edsticas que as\u00ed lo se\u00f1alan, L\u00f3pez Obrador afirm\u00f3 que los funcionarios de su gobierno tienen principios e ideales, raz\u00f3n por la cual no tienen necesidad de hacer esta actividad.<\/p>\n<p>&nbsp;<\/p>\n<p> <\/p>\n<p><em>\u201cEs falso (que su gobierno esp\u00ede a periodistas), ya habl\u00e9 ayer de que vamos a tener una secci\u00f3n de Qui\u00e9n es Qui\u00e9n en las mentiras de la semana, y aqu\u00ed lo vamos a dar a conocer, ya hasta la puedo inaugurar\u201d,<\/em> dijo.<\/p>\n<p>&nbsp;<\/p>\n<p><em>\u201cPrimero, tenemos principios e ideales, no somos como ellos ni como sus jefes no vamos a espiar a nadie, nunca lo hemos hecho; segundo, qu\u00e9 sentido tiene si ya sabemos que est\u00e1n en contra de nosotros\u201d,<\/em> reiter\u00f3.<\/p>\n<p>&nbsp;<\/p>\n<p>Diversas versiones period\u00edsticas se\u00f1alaron un presunto espionaje a periodistas por parte de funcionarios del Gobierno de M\u00e9xico. Los personajes que habr\u00edan v\u00edctimas de esta vigilancia habr\u00edan sido Carlos Loret de Mola, H\u00e9ctor de Maule\u00f3n, Mario Maldonado, Salvador Garc\u00eda Soto, Raymundo Riva Palacio.<\/p>\n<p>&nbsp;<\/p>\n<p>El jefe del Ejecutivo federal descart\u00f3 iniciar una investigaci\u00f3n con respecto a este presunto espionaje a periodistas , y pidi\u00f3 a quienes aseguran este hecho que presenten las pruebas para iniciar con las indagaciones y castigar a los responsables.<\/p>\n<p>&nbsp;<\/p>\n<p><em>\u201cLo descarto totalmente (la investigaci\u00f3n). (Hay medios) que se dedican a difamar y pertenece al hampa del periodismo, y en el hampa del periodismo hay entre otras m\u00e1ximas de que la calumnia cuando no mancha, tizna\u201d,<\/em> recalc\u00f3.<\/p>\n<p>&nbsp;<\/p>\n<p><em>\u201cAhora s\u00ed presentan pruebas, entonces no solo iniciar\u00edamos una investigaci\u00f3n, sino que se despide al funcionario que est\u00e9 haciendo estas cosas, ya no es el tiempo de antes y ellos lo saben, lo que pasa es que ya no tienen elementos\u201d,<\/em> refiri\u00f3.<\/p>\n<p>&nbsp;<\/p>\n<h3>Arremete AMLO contra la \u201cclase media manipulada\u201c<\/h3>\n<p>Andr\u00e9s Manuel L\u00f3pez Obrador, presidente de M\u00e9xic0, arremeti\u00f3 este jueves en Palacio Nacional contra la \u201cclase media manipulada\u201c.<\/p>\n<p>&nbsp;<\/p>\n<p>L\u00f3pez Obrador asegur\u00f3 este jueves que la clase media no informada permiti\u00f3 el ascenso al poder en Alemania de Adolfo Hitler y el golpe de Estado en Chile contra Salvador Allende en 1973, incluso el asesinato de Francisco I. Madero en 1913 a manos de Victoriano Huerta.<\/p>\n<p>&nbsp;<\/p>\n<p><em>\u201cUna clase media manipulada fue la que permiti\u00f3 el fascismo de Hitler. En Chile, el golpe de estado contra el presidente Salvador Allende, fue respaldado por la clase media, donde la clase media no informada no informada apoyo a (Augusto) Pinochet\u201d,<\/em> refiri\u00f3.<\/p>\n<p>&nbsp;<\/p>\n<p><em>\u201cLa clase media manipulada respaldo a (Victoriano) Huerta en el asesinato al presidente Madero, llegaron a decir miembros de esa clase media conservadora que madero era un traidor a su clase\u201d,<\/em> resalt\u00f3.<\/p>\n<p>&nbsp;<\/p>\n<p><em>\u201cNo es cualquier cosa, hay quienes dicen \u2018no toques ese tema\u2019, \u2018no te metas contra la clase media\u2019, no, hay que debatirlo todo. Por eso avanzan estos grupos conservadores, racistas, clasistas, que discriminan, hay que poner el descubierto todos estos asuntos, y claro que s\u00ed influyen\u201d,<\/em> argument\u00f3.<\/p>\n<p>&nbsp;<\/p>\n<p>El mandatario mexicano dej\u00f3 en claro que cuando se refiere a una \u201c<em>clase media aspiracionista\u201d<\/em> se refiere a quienes fueron educados en el per\u00edodo neoliberal con la idea de triunfar y escalar como sea.<\/p>\n<p>&nbsp;<\/p>\n<p><em>\u201cCuando hablo de la clase media aspiracionista, me refiero a quienes tienen una influencia producto de 36 a\u00f1os de dominio neoliberal, que influy\u00f3 mucho en lo educativo, con la idea de triunfar a toda costa, sin escr\u00fapulos morales de ninguna \u00edndole, es escalar, ascender en la escala social como sea, \u2018haiga sido como haiga sido&#8217;\u201d,<\/em> recalc\u00f3.<\/p>\n<p>&nbsp;<\/p>\n<p><em>\u201cA ellos no les importa la moral, ni el humanismo, son por lo general muy individualistas, ese fue uno de los da\u00f1os que caus\u00f3 el periodismo neoliberal, la educaci\u00f3n hacia lo materialista, abandonando principios, valores y adem\u00e1s se creen \u2018sabihondos\u2019, lo saben todo, y resulta que es juegan el dedo en la boca, como quieren los oligarcas\u201d,<\/em> refiri\u00f3.<\/p>\n<p>&nbsp;<\/p>\n<p>El jefe del Ejecutivo federal puntualiz\u00f3 que hay dos estados liberales por historia en en M\u00e9xico, Guerrero, donde presumi\u00f3 que no hizo mella la <em>\u201cguerra sucia\u201d<\/em> contra F\u00e9lix Salgado Macedonio, y Tabasco.<\/p>\n<p>&nbsp;<\/p>\n<p><em>\u201cHay dos estados muy liberales por historia y naturaleza en el pa\u00eds: uno es Guerrero y otro es Tabasco, saben que ah\u00ed no ha habido conservadurismo hist\u00f3rico. Pero aqu\u00ed (en CDMX) s\u00ed, son temas importantes para el an\u00e1lisis y reflexi\u00f3n\u201d,<\/em> se\u00f1al\u00f3.<\/p>\n<p>&nbsp;<\/p>\n<p>(Publicada el 24\/06\/2021)<\/p>\n","protected":false},"excerpt":{"rendered":"<p>CIUDAD DE M\u00c9XICO. MX. \u2014 Ante diversas versiones period\u00edsticas que as\u00ed lo se\u00f1alan, L\u00f3pez Obrador&#8230;<\/p>\n","protected":false},"author":1,"featured_media":117053,"comment_status":"open","ping_status":"open","sticky":false,"template":"","format":"standard","meta":{"_monsterinsights_skip_tracking":false,"_monsterinsights_sitenote_active":false,"_monsterinsights_sitenote_note":"","_monsterinsights_sitenote_category":0,"footnotes":""},"categories":[5],"tags":[],"class_list":["post"],"yoast_head":" \n<title>Sonora en Equipo. Puntualiza AMLO que su gobierno no esp\u00eda a periodistas Rep\u00fablica<\/title>\n<meta name=\"description\" content=\"CIUDAD DE M\u00c9XICO. MX. \u2014 Ante diversas versiones period\u00edsticas que as\u00ed lo se\u00f1alan, L\u00f3pez Obrador afirm\u00f3 que los funcionarios de su gobierno tienen En Sonora en Equipo publicamos toda la informaci\u00f3n de Sonora, M\u00e9xico y el Mundo de manera oportuna y busca que la libertad de expresi\u00f3n sea real. Visita nuestro medio informativo publicado desde Hermosillo, Sonora. %\" \/>\n<meta name=\"robots\" content=\"index, follow, max-snippet:-1, max-image-preview:large, max-video-preview:-1\" \/>\n<link rel=\"canonical\" href=\"https:\/\/www.sonoraenequipo.com.mx\/puntualiza-amlo-que-su-gobierno-no-espia-a-periodistas\/\" \/>\n<meta property=\"og:locale\" content=\"es_ES\" \/>\n<meta property=\"og:type\" content=\"article\" \/>\n<meta property=\"og:title\" content=\"Sonora en Equipo. Puntualiza AMLO que su gobierno no esp\u00eda a periodistas Rep\u00fablica\" \/>\n<meta property=\"og:description\" content=\"CIUDAD DE M\u00c9XICO. MX. \u2014 Ante diversas versiones period\u00edsticas que as\u00ed lo se\u00f1alan, L\u00f3pez Obrador afirm\u00f3 que los funcionarios de su gobierno tienen En Sonora en Equipo publicamos toda la informaci\u00f3n de Sonora, M\u00e9xico y el Mundo de manera oportuna y busca que la libertad de expresi\u00f3n sea real. Visita nuestro medio informativo publicado desde Hermosillo, Sonora. %\" \/>\n<meta property=\"og:url\" content=\"https:\/\/www.sonoraenequipo.com.mx\/puntualiza-amlo-que-su-gobierno-no-espia-a-periodistas\/\" \/>\n<meta property=\"og:site_name\" content=\"Sonora en Equipo.\" \/>\n<meta property=\"article:publisher\" content=\"https:\/\/www.facebook.com\/SonoraEE\/\" \/>\n<meta property=\"article:author\" content=\"https:\/\/www.facebook.com\/SonoraEE\" \/>\n<meta property=\"article:published_time\" content=\"2021-06-24T19:14:10+00:00\" \/>\n<meta property=\"article:modified_time\" content=\"2021-06-25T07:02:20+00:00\" \/>\n<meta property=\"og:image\" content=\"https:\/\/www.sonoraenequipo.com.mx\/storage\/2021\/06\/conferencia-presidencial-2406_opt.jpg\" \/>\n\t<meta property=\"og:image:width\" content=\"700\" \/>\n\t<meta property=\"og:image:height\" content=\"400\" \/>\n\t<meta property=\"og:image:type\" content=\"image\/jpeg\" \/>\n<meta name=\"author\" content=\"enequipo\" \/>\n<meta name=\"twitter:card\" content=\"summary_large_image\" \/>\n<meta name=\"twitter:creator\" content=\"@sonoraenequipo\" \/>\n<meta name=\"twitter:site\" content=\"@sonoraenequipo\" \/>\n<meta name=\"twitter:label1\" content=\"Escrito por\" \/>\n\t<meta name=\"twitter:data1\" content=\"enequipo\" \/>\n\t<meta name=\"twitter:label2\" content=\"Tiempo de lectura\" \/>\n\t<meta name=\"twitter:data2\" content=\"4 minutos\" \/>\n<script type=\"application\/ld+json\" class=\"yoast-schema-graph\">{\"@context\":\"https:\/\/schema.org\",\"@graph\":[{\"@type\":\"Article\",\"@id\":\"https:\/\/www.sonoraenequipo.com.mx\/puntualiza-amlo-que-su-gobierno-no-espia-a-periodistas\/#article\",\"isPartOf\":{\"@id\":\"https:\/\/www.sonoraenequipo.com.mx\/puntualiza-amlo-que-su-gobierno-no-espia-a-periodistas\/\"},\"author\":{\"name\":\"enequipo\",\"@id\":\"https:\/\/www.sonoraenequipo.com.mx\/#\/schema\/person\/50102df0fb23a8fa9e8effad8fa81386\"},\"headline\":\"Puntualiza AMLO que su gobierno no esp\u00eda a periodistas\",\"datePublished\":\"2021-06-24T19:14:10+00:00\",\"dateModified\":\"2021-06-25T07:02:20+00:00\",\"mainEntityOfPage\":{\"@id\":\"https:\/\/www.sonoraenequipo.com.mx\/puntualiza-amlo-que-su-gobierno-no-espia-a-periodistas\/\"},\"wordCount\":755,\"commentCount\":0,\"publisher\":{\"@id\":\"https:\/\/www.sonoraenequipo.com.mx\/#organization\"},\"image\":{\"@id\":\"https:\/\/www.sonoraenequipo.com.mx\/puntualiza-amlo-que-su-gobierno-no-espia-a-periodistas\/#primaryimage\"},\"thumbnailUrl\":\"https:\/\/www.sonoraenequipo.com.mx\/storage\/2021\/06\/conferencia-presidencial-2406_opt.jpg\",\"articleSection\":[\"Rep\u00fablica\"],\"inLanguage\":\"es\",\"potentialAction\":[{\"@type\":\"CommentAction\",\"name\":\"Comment\",\"target\":[\"https:\/\/www.sonoraenequipo.com.mx\/puntualiza-amlo-que-su-gobierno-no-espia-a-periodistas\/#respond\"]}]},{\"@type\":\"WebPage\",\"@id\":\"https:\/\/www.sonoraenequipo.com.mx\/puntualiza-amlo-que-su-gobierno-no-espia-a-periodistas\/\",\"url\":\"https:\/\/www.sonoraenequipo.com.mx\/puntualiza-amlo-que-su-gobierno-no-espia-a-periodistas\/\",\"name\":\"Sonora en Equipo. Puntualiza AMLO que su gobierno no esp\u00eda a periodistas Rep\u00fablica\",\"isPartOf\":{\"@id\":\"https:\/\/www.sonoraenequipo.com.mx\/#website\"},\"primaryImageOfPage\":{\"@id\":\"https:\/\/www.sonoraenequipo.com.mx\/puntualiza-amlo-que-su-gobierno-no-espia-a-periodistas\/#primaryimage\"},\"image\":{\"@id\":\"https:\/\/www.sonoraenequipo.com.mx\/puntualiza-amlo-que-su-gobierno-no-espia-a-periodistas\/#primaryimage\"},\"thumbnailUrl\":\"https:\/\/www.sonoraenequipo.com.mx\/storage\/2021\/06\/conferencia-presidencial-2406_opt.jpg\",\"datePublished\":\"2021-06-24T19:14:10+00:00\",\"dateModified\":\"2021-06-25T07:02:20+00:00\",\"description\":\"CIUDAD DE M\u00c9XICO. MX. \u2014 Ante diversas versiones period\u00edsticas que as\u00ed lo se\u00f1alan, L\u00f3pez Obrador afirm\u00f3 que los funcionarios de su gobierno tienen En Sonora en Equipo publicamos toda la informaci\u00f3n de Sonora, M\u00e9xico y el Mundo de manera oportuna y busca que la libertad de expresi\u00f3n sea real. Visita nuestro medio informativo publicado desde Hermosillo, Sonora. %\",\"breadcrumb\":{\"@id\":\"https:\/\/www.sonoraenequipo.com.mx\/puntualiza-amlo-que-su-gobierno-no-espia-a-periodistas\/#breadcrumb\"},\"inLanguage\":\"es\",\"potentialAction\":[{\"@type\":\"ReadAction\",\"target\":[\"https:\/\/www.sonoraenequipo.com.mx\/puntualiza-amlo-que-su-gobierno-no-espia-a-periodistas\/\"]}]},{\"@type\":\"ImageObject\",\"inLanguage\":\"es\",\"@id\":\"https:\/\/www.sonoraenequipo.com.mx\/puntualiza-amlo-que-su-gobierno-no-espia-a-periodistas\/#primaryimage\",\"url\":\"https:\/\/www.sonoraenequipo.com.mx\/storage\/2021\/06\/conferencia-presidencial-2406_opt.jpg\",\"contentUrl\":\"https:\/\/www.sonoraenequipo.com.mx\/storage\/2021\/06\/conferencia-presidencial-2406_opt.jpg\",\"width\":700,\"height\":400},{\"@type\":\"BreadcrumbList\",\"@id\":\"https:\/\/www.sonoraenequipo.com.mx\/puntualiza-amlo-que-su-gobierno-no-espia-a-periodistas\/#breadcrumb\",\"itemListElement\":[{\"@type\":\"ListItem\",\"position\":1,\"name\":\"Portada\",\"item\":\"https:\/\/www.sonoraenequipo.com.mx\/\"},{\"@type\":\"ListItem\",\"position\":2,\"name\":\"Puntualiza AMLO que su gobierno no esp\u00eda a periodistas\"}]},{\"@type\":\"WebSite\",\"@id\":\"https:\/\/www.sonoraenequipo.com.mx\/#website\",\"url\":\"https:\/\/www.sonoraenequipo.com.mx\/\",\"name\":\"Sonora en Equipo.\",\"description\":\"Diario en l\u00ednea con Noticias desde Hermosillo, Sonora\",\"publisher\":{\"@id\":\"https:\/\/www.sonoraenequipo.com.mx\/#organization\"},\"potentialAction\":[{\"@type\":\"SearchAction\",\"target\":{\"@type\":\"EntryPoint\",\"urlTemplate\":\"https:\/\/www.sonoraenequipo.com.mx\/?s={search_term_string}\"},\"query-input\":{\"@type\":\"PropertyValueSpecification\",\"valueRequired\":true,\"valueName\":\"search_term_string\"}}],\"inLanguage\":\"es\"},{\"@type\":\"Organization\",\"@id\":\"https:\/\/www.sonoraenequipo.com.mx\/#organization\",\"name\":\"Sonoraenequipo.com.mx\",\"url\":\"https:\/\/www.sonoraenequipo.com.mx\/\",\"logo\":{\"@type\":\"ImageObject\",\"inLanguage\":\"es\",\"@id\":\"https:\/\/www.sonoraenequipo.com.mx\/#\/schema\/logo\/image\/\",\"url\":\"https:\/\/www.sonoraenequipo.com.mx\/storage\/2019\/01\/sonoraenequipo_opt.png\",\"contentUrl\":\"https:\/\/www.sonoraenequipo.com.mx\/storage\/2019\/01\/sonoraenequipo_opt.png\",\"width\":375,\"height\":125,\"caption\":\"Sonoraenequipo.com.mx\"},\"image\":{\"@id\":\"https:\/\/www.sonoraenequipo.com.mx\/#\/schema\/logo\/image\/\"},\"sameAs\":[\"https:\/\/www.facebook.com\/SonoraEE\/\",\"https:\/\/x.com\/sonoraenequipo\",\"https:\/\/www.youtube.com\/channel\/UC338nW-lPEYmJQs4ZABQ1SQ\"]},{\"@type\":\"Person\",\"@id\":\"https:\/\/www.sonoraenequipo.com.mx\/#\/schema\/person\/50102df0fb23a8fa9e8effad8fa81386\",\"name\":\"enequipo\",\"image\":{\"@type\":\"ImageObject\",\"inLanguage\":\"es\",\"@id\":\"https:\/\/www.sonoraenequipo.com.mx\/#\/schema\/person\/image\/\",\"url\":\"https:\/\/secure.gravatar.com\/avatar\/049821681b589dabc0bc20695993ccebb09f5b5d4d790cd9251b97faac7c652b?s=96&d=blank&r=g\",\"contentUrl\":\"https:\/\/secure.gravatar.com\/avatar\/049821681b589dabc0bc20695993ccebb09f5b5d4d790cd9251b97faac7c652b?s=96&d=blank&r=g\",\"caption\":\"enequipo\"},\"sameAs\":[\"https:\/\/www.facebook.com\/SonoraEE\"]}]}<\/script>\n ","yoast_head_json":{"title":"Sonora en Equipo. Puntualiza AMLO que su gobierno no esp\u00eda a periodistas Rep\u00fablica","description":"CIUDAD DE M\u00c9XICO. MX. \u2014 Ante diversas versiones period\u00edsticas que as\u00ed lo se\u00f1alan, L\u00f3pez Obrador afirm\u00f3 que los funcionarios de su gobierno tienen En Sonora en Equipo publicamos toda la informaci\u00f3n de Sonora, M\u00e9xico y el Mundo de manera oportuna y busca que la libertad de expresi\u00f3n sea real. Visita nuestro medio informativo publicado desde Hermosillo, Sonora. %","robots":{"index":"index","follow":"follow","max-snippet":"max-snippet:-1","max-image-preview":"max-image-preview:large","max-video-preview":"max-video-preview:-1"},"canonical":"https:\/\/www.sonoraenequipo.com.mx\/puntualiza-amlo-que-su-gobierno-no-espia-a-periodistas\/","og_locale":"es_ES","og_type":"article","og_title":"Sonora en Equipo. Puntualiza AMLO que su gobierno no esp\u00eda a periodistas Rep\u00fablica","og_description":"CIUDAD DE M\u00c9XICO. MX. \u2014 Ante diversas versiones period\u00edsticas que as\u00ed lo se\u00f1alan, L\u00f3pez Obrador afirm\u00f3 que los funcionarios de su gobierno tienen En Sonora en Equipo publicamos toda la informaci\u00f3n de Sonora, M\u00e9xico y el Mundo de manera oportuna y busca que la libertad de expresi\u00f3n sea real. Visita nuestro medio informativo publicado desde Hermosillo, Sonora. %","og_url":"https:\/\/www.sonoraenequipo.com.mx\/puntualiza-amlo-que-su-gobierno-no-espia-a-periodistas\/","og_site_name":"Sonora en Equipo.","article_publisher":"https:\/\/www.facebook.com\/SonoraEE\/","article_author":"https:\/\/www.facebook.com\/SonoraEE","article_published_time":"2021-06-24T19:14:10+00:00","article_modified_time":"2021-06-25T07:02:20+00:00","og_image":[{"width":700,"height":400,"url":"https:\/\/www.sonoraenequipo.com.mx\/storage\/2021\/06\/conferencia-presidencial-2406_opt.jpg","type":"image\/jpeg"}],"author":"enequipo","twitter_card":"summary_large_image","twitter_creator":"@sonoraenequipo","twitter_site":"@sonoraenequipo","twitter_misc":{"Escrito por":"enequipo","Tiempo de lectura":"4 minutos"},"schema":{"@context":"https:\/\/schema.org","@graph":[{"@type":"Article","@id":"https:\/\/www.sonoraenequipo.com.mx\/puntualiza-amlo-que-su-gobierno-no-espia-a-periodistas\/#article","isPartOf":{"@id":"https:\/\/www.sonoraenequipo.com.mx\/puntualiza-amlo-que-su-gobierno-no-espia-a-periodistas\/"},"author":{"name":"enequipo","@id":"https:\/\/www.sonoraenequipo.com.mx\/#\/schema\/person\/50102df0fb23a8fa9e8effad8fa81386"},"headline":"Puntualiza AMLO que su gobierno no esp\u00eda a periodistas","datePublished":"2021-06-24T19:14:10+00:00","dateModified":"2021-06-25T07:02:20+00:00","mainEntityOfPage":{"@id":"https:\/\/www.sonoraenequipo.com.mx\/puntualiza-amlo-que-su-gobierno-no-espia-a-periodistas\/"},"wordCount":755,"commentCount":0,"publisher":{"@id":"https:\/\/www.sonoraenequipo.com.mx\/#organization"},"image":{"@id":"https:\/\/www.sonoraenequipo.com.mx\/puntualiza-amlo-que-su-gobierno-no-espia-a-periodistas\/#primaryimage"},"thumbnailUrl":"https:\/\/www.sonoraenequipo.com.mx\/storage\/2021\/06\/conferencia-presidencial-2406_opt.jpg","articleSection":["Rep\u00fablica"],"inLanguage":"es","potentialAction":[{"@type":"CommentAction","name":"Comment","target":["https:\/\/www.sonoraenequipo.com.mx\/puntualiza-amlo-que-su-gobierno-no-espia-a-periodistas\/#respond"]}]},{"@type":"WebPage","@id":"https:\/\/www.sonoraenequipo.com.mx\/puntualiza-amlo-que-su-gobierno-no-espia-a-periodistas\/","url":"https:\/\/www.sonoraenequipo.com.mx\/puntualiza-amlo-que-su-gobierno-no-espia-a-periodistas\/","name":"Sonora en Equipo. Puntualiza AMLO que su gobierno no esp\u00eda a periodistas Rep\u00fablica","isPartOf":{"@id":"https:\/\/www.sonoraenequipo.com.mx\/#website"},"primaryImageOfPage":{"@id":"https:\/\/www.sonoraenequipo.com.mx\/puntualiza-amlo-que-su-gobierno-no-espia-a-periodistas\/#primaryimage"},"image":{"@id":"https:\/\/www.sonoraenequipo.com.mx\/puntualiza-amlo-que-su-gobierno-no-espia-a-periodistas\/#primaryimage"},"thumbnailUrl":"https:\/\/www.sonoraenequipo.com.mx\/storage\/2021\/06\/conferencia-presidencial-2406_opt.jpg","datePublished":"2021-06-24T19:14:10+00:00","dateModified":"2021-06-25T07:02:20+00:00","description":"CIUDAD DE M\u00c9XICO. MX. \u2014 Ante diversas versiones period\u00edsticas que as\u00ed lo se\u00f1alan, L\u00f3pez Obrador afirm\u00f3 que los funcionarios de su gobierno tienen En Sonora en Equipo publicamos toda la informaci\u00f3n de Sonora, M\u00e9xico y el Mundo de manera oportuna y busca que la libertad de expresi\u00f3n sea real. Visita nuestro medio informativo publicado desde Hermosillo, Sonora. %","breadcrumb":{"@id":"https:\/\/www.sonoraenequipo.com.mx\/puntualiza-amlo-que-su-gobierno-no-espia-a-periodistas\/#breadcrumb"},"inLanguage":"es","potentialAction":[{"@type":"ReadAction","target":["https:\/\/www.sonoraenequipo.com.mx\/puntualiza-amlo-que-su-gobierno-no-espia-a-periodistas\/"]}]},{"@type":"ImageObject","inLanguage":"es","@id":"https:\/\/www.sonoraenequipo.com.mx\/puntualiza-amlo-que-su-gobierno-no-espia-a-periodistas\/#primaryimage","url":"https:\/\/www.sonoraenequipo.com.mx\/storage\/2021\/06\/conferencia-presidencial-2406_opt.jpg","contentUrl":"https:\/\/www.sonoraenequipo.com.mx\/storage\/2021\/06\/conferencia-presidencial-2406_opt.jpg","width":700,"height":400},{"@type":"BreadcrumbList","@id":"https:\/\/www.sonoraenequipo.com.mx\/puntualiza-amlo-que-su-gobierno-no-espia-a-periodistas\/#breadcrumb","itemListElement":[{"@type":"ListItem","position":1,"name":"Portada","item":"https:\/\/www.sonoraenequipo.com.mx\/"},{"@type":"ListItem","position":2,"name":"Puntualiza AMLO que su gobierno no esp\u00eda a periodistas"}]},{"@type":"WebSite","@id":"https:\/\/www.sonoraenequipo.com.mx\/#website","url":"https:\/\/www.sonoraenequipo.com.mx\/","name":"Sonora en Equipo.","description":"Diario en l\u00ednea con Noticias desde Hermosillo, Sonora","publisher":{"@id":"https:\/\/www.sonoraenequipo.com.mx\/#organization"},"potentialAction":[{"@type":"SearchAction","target":{"@type":"EntryPoint","urlTemplate":"https:\/\/www.sonoraenequipo.com.mx\/?s={search_term_string}"},"query-input":{"@type":"PropertyValueSpecification","valueRequired":true,"valueName":"search_term_string"}}],"inLanguage":"es"},{"@type":"Organization","@id":"https:\/\/www.sonoraenequipo.com.mx\/#organization","name":"Sonoraenequipo.com.mx","url":"https:\/\/www.sonoraenequipo.com.mx\/","logo":{"@type":"ImageObject","inLanguage":"es","@id":"https:\/\/www.sonoraenequipo.com.mx\/#\/schema\/logo\/image\/","url":"https:\/\/www.sonoraenequipo.com.mx\/storage\/2019\/01\/sonoraenequipo_opt.png","contentUrl":"https:\/\/www.sonoraenequipo.com.mx\/storage\/2019\/01\/sonoraenequipo_opt.png","width":375,"height":125,"caption":"Sonoraenequipo.com.mx"},"image":{"@id":"https:\/\/www.sonoraenequipo.com.mx\/#\/schema\/logo\/image\/"},"sameAs":["https:\/\/www.facebook.com\/SonoraEE\/","https:\/\/x.com\/sonoraenequipo","https:\/\/www.youtube.com\/channel\/UC338nW-lPEYmJQs4ZABQ1SQ"]},{"@type":"Person","@id":"https:\/\/www.sonoraenequipo.com.mx\/#\/schema\/person\/50102df0fb23a8fa9e8effad8fa81386","name":"enequipo","image":{"@type":"ImageObject","inLanguage":"es","@id":"https:\/\/www.sonoraenequipo.com.mx\/#\/schema\/person\/image\/","url":"https:\/\/secure.gravatar.com\/avatar\/049821681b589dabc0bc20695993ccebb09f5b5d4d790cd9251b97faac7c652b?s=96&d=blank&r=g","contentUrl":"https:\/\/secure.gravatar.com\/avatar\/049821681b589dabc0bc20695993ccebb09f5b5d4d790cd9251b97faac7c652b?s=96&d=blank&r=g","caption":"enequipo"},"sameAs":["https:\/\/www.facebook.com\/SonoraEE"]}]}},"jetpack_featured_media_url":"https:\/\/www.sonoraenequipo.com.mx\/storage\/2021\/06\/conferencia-presidencial-2406_opt.jpg","_links":{"self":[{"href":"https:\/\/www.sonoraenequipo.com.mx\/api\/wp\/v2\/posts\/117052","targetHints":{"allow":["GET"]}}],"collection":[{"href":"https:\/\/www.sonoraenequipo.com.mx\/api\/wp\/v2\/posts"}],"about":[{"href":"https:\/\/www.sonoraenequipo.com.mx\/api\/wp\/v2\/types\/post"}],"author":[{"embeddable":true,"href":"https:\/\/www.sonoraenequipo.com.mx\/api\/wp\/v2\/users\/1"}],"replies":[{"embeddable":true,"href":"https:\/\/www.sonoraenequipo.com.mx\/api\/wp\/v2\/comments?post=117052"}],"version-history":[{"count":1,"href":"https:\/\/www.sonoraenequipo.com.mx\/api\/wp\/v2\/posts\/117052\/revisions"}],"predecessor-version":[{"id":117054,"href":"https:\/\/www.sonoraenequipo.com.mx\/api\/wp\/v2\/posts\/117052\/revisions\/117054"}],"wp:featuredmedia":[{"embeddable":true,"href":"https:\/\/www.sonoraenequipo.com.mx\/api\/wp\/v2\/media\/117053"}],"wp:attachment":[{"href":"https:\/\/www.sonoraenequipo.com.mx\/api\/wp\/v2\/media?parent=117052"}],"wp:term":[{"taxonomy":"category","embeddable":true,"href":"https:\/\/www.sonoraenequipo.com.mx\/api\/wp\/v2\/categories?post=117052"},{"taxonomy":"post_tag","embeddable":true,"href":"https:\/\/www.sonoraenequipo.com.mx\/api\/wp\/v2\/tags?post=117052"}],"curies":[{"name":"wp","href":"https:\/\/api.w.org\/{rel}","templated":true}]}}