{"id":117068,"date":"2021-06-24T20:38:47","date_gmt":"2021-06-25T03:38:47","guid":{"rendered":"https:\/\/www.sonoraenequipo.com.mx\/?p=117068"},"modified":"2021-06-25T08:18:16","modified_gmt":"2021-06-25T15:18:16","slug":"se-registra-en-queretaro-paros-tecnicos-en-el-sector-de-autopartes","status":"publish","type":"post","link":"https:\/\/www.sonoraenequipo.com.mx\/se-registra-en-queretaro-paros-tecnicos-en-el-sector-de-autopartes\/","title":{"rendered":"Se registra en Quer\u00e9taro paros t\u00e9cnicos en el sector de autopartes"},"content":{"rendered":"<p>QUER\u00c9TARO, QUER\u00c9TARO. MX. \u2014 Desabasto de acero, semiconductores y resinas enfrenta la industria automotriz en esta \u00faltima parte del primer semestre del a\u00f1o, situaci\u00f3n que ha llevado a tener paros t\u00e9cnicos programados y acordados junto con la parte sindical en las empresas de autopartes en el estado de Quer\u00e9taro.<\/p>\n<p>&nbsp;<\/p>\n<p> <\/p>\n<p>&nbsp;<\/p>\n<p><em>\u201cLo que est\u00e1 ocurriendo es que hay una crisis a nivel global de abastecimiento de partes, entonces a nivel mundial no hay acero, no hay semiconductores para los chips ni resina para los pl\u00e1sticos; entonces las armadoras est\u00e1n teniendo grandes retos para poder continuar\u201d,<\/em> declar\u00f3 el presidente del Cl\u00faster Automotriz, Renato Villase\u00f1or.<\/p>\n<p>&nbsp;<\/p>\n<p>&nbsp;<\/p>\n<p>Expuso que ante estas disrupciones grandes en la cadena de componentes <em>\u201clo que est\u00e1n haciendo las armadoras es que como les van llegando los componentes los est\u00e1n administrando, entonces efectivamente hay paros t\u00e9cnicos programados, los cuales est\u00e1n sucediendo de manera escalonada; dejan de producir un modelo para producir otro y eso afecta los vol\u00famenes de producci\u00f3n de la industria de autopartes\u201d.<\/em><\/p>\n<p>&nbsp;<\/p>\n<p>&nbsp;<\/p>\n<p>De acuerdo con el dirigente del Cl\u00faster Automotriz, desde el mes de mayo pasado se han registrado estos paros t\u00e9cnicos en empresas del sector, mismos que subray\u00f3 son muy puntuales esto es, que hay empresas que est\u00e1n dejando de trabajar un d\u00eda o paran algunas l\u00edneas de producci\u00f3n.<\/p>\n<p>&nbsp;<\/p>\n<p>&nbsp;<\/p>\n<p>Comparti\u00f3 que hoy la mayor\u00eda de los inventarios que tienen las armadoras para poder surtir a los clientes se han ido mermando, se han ido cayendo en cuanto a su nivel de almacenamiento que tienen y el reto aqu\u00ed es en el segundo semestre recuperar esta cadena de abastecimiento.<\/p>\n<p>&nbsp;<\/p>\n<p>&nbsp;<\/p>\n<p>Dej\u00f3 en claro tambi\u00e9n que estas medidas que se est\u00e1n presentando en las empresas locales resultado de factores diversos, entre ellos el impacto de la pandemia, de ninguna manera han implicado despido de personal y la expectativa es que a partir del segundo semestre del 2021 el abastecimiento de partes se normalice y haya un mejor escenario para el cierre del a\u00f1o.<\/p>\n<p>&nbsp;<\/p>\n<p>&nbsp;<\/p>\n<p><em>\u201cLa expectativa es que el segundo semestre del a\u00f1o estas disrupciones que hay en la cadena de suministros se vayan subsanando de tal manera que haya necesidad de meter el acelerador en el segundo semestre para recuperar el volumen que por falta de componentes no se pudo producir en el primer semestre\u201d.<\/em><\/p>\n<p>&nbsp;<\/p>\n<p>&nbsp;<\/p>\n<p>Las empresas socias del Cl\u00faster Automotriz generan 32 mil empleos, producen 3 mil 200 millones de d\u00f3lares al a\u00f1o y compran m\u00e1s de 2 mil 120 millones de d\u00f3lares anuales.<\/p>\n<p>&nbsp;<\/p>\n<p>&nbsp;<\/p>\n<p>&nbsp;<\/p>\n<p>&nbsp;<\/p>\n<p>(Publicada el 24\/06\/2021 \/ Con informaci\u00f3n del Diario de Quer\u00e9taro)<\/p>\n","protected":false},"excerpt":{"rendered":"<p>QUER\u00c9TARO, QUER\u00c9TARO. MX. \u2014 Desabasto de acero, semiconductores y resinas enfrenta la industria automotriz en&#8230;<\/p>\n","protected":false},"author":1,"featured_media":117069,"comment_status":"open","ping_status":"open","sticky":false,"template":"","format":"standard","meta":{"_monsterinsights_skip_tracking":false,"_monsterinsights_sitenote_active":false,"_monsterinsights_sitenote_note":"","_monsterinsights_sitenote_category":0,"footnotes":""},"categories":[5],"tags":[],"class_list":["post"],"yoast_head":" \n<title>Sonora en Equipo. Se registra en Quer\u00e9taro paros t\u00e9cnicos en el sector de autopartes Rep\u00fablica<\/title>\n<meta name=\"description\" content=\"QUER\u00c9TARO, QUER\u00c9TARO. MX. \u2014 Desabasto de acero, semiconductores y resinas enfrenta la industria automotriz en esta \u00faltima parte del primer semestre del En Sonora en Equipo publicamos toda la informaci\u00f3n de Sonora, M\u00e9xico y el Mundo de manera oportuna y busca que la libertad de expresi\u00f3n sea real. Visita nuestro medio informativo publicado desde Hermosillo, Sonora. %\" \/>\n<meta name=\"robots\" content=\"index, follow, max-snippet:-1, max-image-preview:large, max-video-preview:-1\" \/>\n<link rel=\"canonical\" href=\"https:\/\/www.sonoraenequipo.com.mx\/se-registra-en-queretaro-paros-tecnicos-en-el-sector-de-autopartes\/\" \/>\n<meta property=\"og:locale\" content=\"es_ES\" \/>\n<meta property=\"og:type\" content=\"article\" \/>\n<meta property=\"og:title\" content=\"Sonora en Equipo. Se registra en Quer\u00e9taro paros t\u00e9cnicos en el sector de autopartes Rep\u00fablica\" \/>\n<meta property=\"og:description\" content=\"QUER\u00c9TARO, QUER\u00c9TARO. MX. \u2014 Desabasto de acero, semiconductores y resinas enfrenta la industria automotriz en esta \u00faltima parte del primer semestre del En Sonora en Equipo publicamos toda la informaci\u00f3n de Sonora, M\u00e9xico y el Mundo de manera oportuna y busca que la libertad de expresi\u00f3n sea real. Visita nuestro medio informativo publicado desde Hermosillo, Sonora. %\" \/>\n<meta property=\"og:url\" content=\"https:\/\/www.sonoraenequipo.com.mx\/se-registra-en-queretaro-paros-tecnicos-en-el-sector-de-autopartes\/\" \/>\n<meta property=\"og:site_name\" content=\"Sonora en Equipo.\" \/>\n<meta property=\"article:publisher\" content=\"https:\/\/www.facebook.com\/SonoraEE\/\" \/>\n<meta property=\"article:author\" content=\"https:\/\/www.facebook.com\/SonoraEE\" \/>\n<meta property=\"article:published_time\" content=\"2021-06-25T03:38:47+00:00\" \/>\n<meta property=\"article:modified_time\" content=\"2021-06-25T15:18:16+00:00\" \/>\n<meta property=\"og:image\" content=\"https:\/\/www.sonoraenequipo.com.mx\/storage\/2021\/06\/queretaro-paros-tecnicos_opt.jpg\" \/>\n\t<meta property=\"og:image:width\" content=\"700\" \/>\n\t<meta property=\"og:image:height\" content=\"400\" \/>\n\t<meta property=\"og:image:type\" content=\"image\/jpeg\" \/>\n<meta name=\"author\" content=\"enequipo\" \/>\n<meta name=\"twitter:card\" content=\"summary_large_image\" \/>\n<meta name=\"twitter:creator\" content=\"@sonoraenequipo\" \/>\n<meta name=\"twitter:site\" content=\"@sonoraenequipo\" \/>\n<meta name=\"twitter:label1\" content=\"Escrito por\" \/>\n\t<meta name=\"twitter:data1\" content=\"enequipo\" \/>\n\t<meta name=\"twitter:label2\" content=\"Tiempo de lectura\" \/>\n\t<meta name=\"twitter:data2\" content=\"2 minutos\" \/>\n<script type=\"application\/ld+json\" class=\"yoast-schema-graph\">{\"@context\":\"https:\/\/schema.org\",\"@graph\":[{\"@type\":\"Article\",\"@id\":\"https:\/\/www.sonoraenequipo.com.mx\/se-registra-en-queretaro-paros-tecnicos-en-el-sector-de-autopartes\/#article\",\"isPartOf\":{\"@id\":\"https:\/\/www.sonoraenequipo.com.mx\/se-registra-en-queretaro-paros-tecnicos-en-el-sector-de-autopartes\/\"},\"author\":{\"name\":\"enequipo\",\"@id\":\"https:\/\/www.sonoraenequipo.com.mx\/#\/schema\/person\/50102df0fb23a8fa9e8effad8fa81386\"},\"headline\":\"Se registra en Quer\u00e9taro paros t\u00e9cnicos en el sector de autopartes\",\"datePublished\":\"2021-06-25T03:38:47+00:00\",\"dateModified\":\"2021-06-25T15:18:16+00:00\",\"mainEntityOfPage\":{\"@id\":\"https:\/\/www.sonoraenequipo.com.mx\/se-registra-en-queretaro-paros-tecnicos-en-el-sector-de-autopartes\/\"},\"wordCount\":469,\"commentCount\":0,\"publisher\":{\"@id\":\"https:\/\/www.sonoraenequipo.com.mx\/#organization\"},\"image\":{\"@id\":\"https:\/\/www.sonoraenequipo.com.mx\/se-registra-en-queretaro-paros-tecnicos-en-el-sector-de-autopartes\/#primaryimage\"},\"thumbnailUrl\":\"https:\/\/www.sonoraenequipo.com.mx\/storage\/2021\/06\/queretaro-paros-tecnicos_opt.jpg\",\"articleSection\":[\"Rep\u00fablica\"],\"inLanguage\":\"es\",\"potentialAction\":[{\"@type\":\"CommentAction\",\"name\":\"Comment\",\"target\":[\"https:\/\/www.sonoraenequipo.com.mx\/se-registra-en-queretaro-paros-tecnicos-en-el-sector-de-autopartes\/#respond\"]}]},{\"@type\":\"WebPage\",\"@id\":\"https:\/\/www.sonoraenequipo.com.mx\/se-registra-en-queretaro-paros-tecnicos-en-el-sector-de-autopartes\/\",\"url\":\"https:\/\/www.sonoraenequipo.com.mx\/se-registra-en-queretaro-paros-tecnicos-en-el-sector-de-autopartes\/\",\"name\":\"Sonora en Equipo. Se registra en Quer\u00e9taro paros t\u00e9cnicos en el sector de autopartes Rep\u00fablica\",\"isPartOf\":{\"@id\":\"https:\/\/www.sonoraenequipo.com.mx\/#website\"},\"primaryImageOfPage\":{\"@id\":\"https:\/\/www.sonoraenequipo.com.mx\/se-registra-en-queretaro-paros-tecnicos-en-el-sector-de-autopartes\/#primaryimage\"},\"image\":{\"@id\":\"https:\/\/www.sonoraenequipo.com.mx\/se-registra-en-queretaro-paros-tecnicos-en-el-sector-de-autopartes\/#primaryimage\"},\"thumbnailUrl\":\"https:\/\/www.sonoraenequipo.com.mx\/storage\/2021\/06\/queretaro-paros-tecnicos_opt.jpg\",\"datePublished\":\"2021-06-25T03:38:47+00:00\",\"dateModified\":\"2021-06-25T15:18:16+00:00\",\"description\":\"QUER\u00c9TARO, QUER\u00c9TARO. MX. \u2014 Desabasto de acero, semiconductores y resinas enfrenta la industria automotriz en esta \u00faltima parte del primer semestre del En Sonora en Equipo publicamos toda la informaci\u00f3n de Sonora, M\u00e9xico y el Mundo de manera oportuna y busca que la libertad de expresi\u00f3n sea real. Visita nuestro medio informativo publicado desde Hermosillo, Sonora. %\",\"breadcrumb\":{\"@id\":\"https:\/\/www.sonoraenequipo.com.mx\/se-registra-en-queretaro-paros-tecnicos-en-el-sector-de-autopartes\/#breadcrumb\"},\"inLanguage\":\"es\",\"potentialAction\":[{\"@type\":\"ReadAction\",\"target\":[\"https:\/\/www.sonoraenequipo.com.mx\/se-registra-en-queretaro-paros-tecnicos-en-el-sector-de-autopartes\/\"]}]},{\"@type\":\"ImageObject\",\"inLanguage\":\"es\",\"@id\":\"https:\/\/www.sonoraenequipo.com.mx\/se-registra-en-queretaro-paros-tecnicos-en-el-sector-de-autopartes\/#primaryimage\",\"url\":\"https:\/\/www.sonoraenequipo.com.mx\/storage\/2021\/06\/queretaro-paros-tecnicos_opt.jpg\",\"contentUrl\":\"https:\/\/www.sonoraenequipo.com.mx\/storage\/2021\/06\/queretaro-paros-tecnicos_opt.jpg\",\"width\":700,\"height\":400},{\"@type\":\"BreadcrumbList\",\"@id\":\"https:\/\/www.sonoraenequipo.com.mx\/se-registra-en-queretaro-paros-tecnicos-en-el-sector-de-autopartes\/#breadcrumb\",\"itemListElement\":[{\"@type\":\"ListItem\",\"position\":1,\"name\":\"Portada\",\"item\":\"https:\/\/www.sonoraenequipo.com.mx\/\"},{\"@type\":\"ListItem\",\"position\":2,\"name\":\"Se registra en Quer\u00e9taro paros t\u00e9cnicos en el sector de autopartes\"}]},{\"@type\":\"WebSite\",\"@id\":\"https:\/\/www.sonoraenequipo.com.mx\/#website\",\"url\":\"https:\/\/www.sonoraenequipo.com.mx\/\",\"name\":\"Sonora en Equipo.\",\"description\":\"Diario en l\u00ednea con Noticias desde Hermosillo, Sonora\",\"publisher\":{\"@id\":\"https:\/\/www.sonoraenequipo.com.mx\/#organization\"},\"potentialAction\":[{\"@type\":\"SearchAction\",\"target\":{\"@type\":\"EntryPoint\",\"urlTemplate\":\"https:\/\/www.sonoraenequipo.com.mx\/?s={search_term_string}\"},\"query-input\":{\"@type\":\"PropertyValueSpecification\",\"valueRequired\":true,\"valueName\":\"search_term_string\"}}],\"inLanguage\":\"es\"},{\"@type\":\"Organization\",\"@id\":\"https:\/\/www.sonoraenequipo.com.mx\/#organization\",\"name\":\"Sonoraenequipo.com.mx\",\"url\":\"https:\/\/www.sonoraenequipo.com.mx\/\",\"logo\":{\"@type\":\"ImageObject\",\"inLanguage\":\"es\",\"@id\":\"https:\/\/www.sonoraenequipo.com.mx\/#\/schema\/logo\/image\/\",\"url\":\"https:\/\/www.sonoraenequipo.com.mx\/storage\/2019\/01\/sonoraenequipo_opt.png\",\"contentUrl\":\"https:\/\/www.sonoraenequipo.com.mx\/storage\/2019\/01\/sonoraenequipo_opt.png\",\"width\":375,\"height\":125,\"caption\":\"Sonoraenequipo.com.mx\"},\"image\":{\"@id\":\"https:\/\/www.sonoraenequipo.com.mx\/#\/schema\/logo\/image\/\"},\"sameAs\":[\"https:\/\/www.facebook.com\/SonoraEE\/\",\"https:\/\/x.com\/sonoraenequipo\",\"https:\/\/www.youtube.com\/channel\/UC338nW-lPEYmJQs4ZABQ1SQ\"]},{\"@type\":\"Person\",\"@id\":\"https:\/\/www.sonoraenequipo.com.mx\/#\/schema\/person\/50102df0fb23a8fa9e8effad8fa81386\",\"name\":\"enequipo\",\"image\":{\"@type\":\"ImageObject\",\"inLanguage\":\"es\",\"@id\":\"https:\/\/www.sonoraenequipo.com.mx\/#\/schema\/person\/image\/\",\"url\":\"https:\/\/secure.gravatar.com\/avatar\/049821681b589dabc0bc20695993ccebb09f5b5d4d790cd9251b97faac7c652b?s=96&d=blank&r=g\",\"contentUrl\":\"https:\/\/secure.gravatar.com\/avatar\/049821681b589dabc0bc20695993ccebb09f5b5d4d790cd9251b97faac7c652b?s=96&d=blank&r=g\",\"caption\":\"enequipo\"},\"sameAs\":[\"https:\/\/www.facebook.com\/SonoraEE\"]}]}<\/script>\n ","yoast_head_json":{"title":"Sonora en Equipo. Se registra en Quer\u00e9taro paros t\u00e9cnicos en el sector de autopartes Rep\u00fablica","description":"QUER\u00c9TARO, QUER\u00c9TARO. MX. \u2014 Desabasto de acero, semiconductores y resinas enfrenta la industria automotriz en esta \u00faltima parte del primer semestre del En Sonora en Equipo publicamos toda la informaci\u00f3n de Sonora, M\u00e9xico y el Mundo de manera oportuna y busca que la libertad de expresi\u00f3n sea real. Visita nuestro medio informativo publicado desde Hermosillo, Sonora. %","robots":{"index":"index","follow":"follow","max-snippet":"max-snippet:-1","max-image-preview":"max-image-preview:large","max-video-preview":"max-video-preview:-1"},"canonical":"https:\/\/www.sonoraenequipo.com.mx\/se-registra-en-queretaro-paros-tecnicos-en-el-sector-de-autopartes\/","og_locale":"es_ES","og_type":"article","og_title":"Sonora en Equipo. Se registra en Quer\u00e9taro paros t\u00e9cnicos en el sector de autopartes Rep\u00fablica","og_description":"QUER\u00c9TARO, QUER\u00c9TARO. MX. \u2014 Desabasto de acero, semiconductores y resinas enfrenta la industria automotriz en esta \u00faltima parte del primer semestre del En Sonora en Equipo publicamos toda la informaci\u00f3n de Sonora, M\u00e9xico y el Mundo de manera oportuna y busca que la libertad de expresi\u00f3n sea real. Visita nuestro medio informativo publicado desde Hermosillo, Sonora. %","og_url":"https:\/\/www.sonoraenequipo.com.mx\/se-registra-en-queretaro-paros-tecnicos-en-el-sector-de-autopartes\/","og_site_name":"Sonora en Equipo.","article_publisher":"https:\/\/www.facebook.com\/SonoraEE\/","article_author":"https:\/\/www.facebook.com\/SonoraEE","article_published_time":"2021-06-25T03:38:47+00:00","article_modified_time":"2021-06-25T15:18:16+00:00","og_image":[{"width":700,"height":400,"url":"https:\/\/www.sonoraenequipo.com.mx\/storage\/2021\/06\/queretaro-paros-tecnicos_opt.jpg","type":"image\/jpeg"}],"author":"enequipo","twitter_card":"summary_large_image","twitter_creator":"@sonoraenequipo","twitter_site":"@sonoraenequipo","twitter_misc":{"Escrito por":"enequipo","Tiempo de lectura":"2 minutos"},"schema":{"@context":"https:\/\/schema.org","@graph":[{"@type":"Article","@id":"https:\/\/www.sonoraenequipo.com.mx\/se-registra-en-queretaro-paros-tecnicos-en-el-sector-de-autopartes\/#article","isPartOf":{"@id":"https:\/\/www.sonoraenequipo.com.mx\/se-registra-en-queretaro-paros-tecnicos-en-el-sector-de-autopartes\/"},"author":{"name":"enequipo","@id":"https:\/\/www.sonoraenequipo.com.mx\/#\/schema\/person\/50102df0fb23a8fa9e8effad8fa81386"},"headline":"Se registra en Quer\u00e9taro paros t\u00e9cnicos en el sector de autopartes","datePublished":"2021-06-25T03:38:47+00:00","dateModified":"2021-06-25T15:18:16+00:00","mainEntityOfPage":{"@id":"https:\/\/www.sonoraenequipo.com.mx\/se-registra-en-queretaro-paros-tecnicos-en-el-sector-de-autopartes\/"},"wordCount":469,"commentCount":0,"publisher":{"@id":"https:\/\/www.sonoraenequipo.com.mx\/#organization"},"image":{"@id":"https:\/\/www.sonoraenequipo.com.mx\/se-registra-en-queretaro-paros-tecnicos-en-el-sector-de-autopartes\/#primaryimage"},"thumbnailUrl":"https:\/\/www.sonoraenequipo.com.mx\/storage\/2021\/06\/queretaro-paros-tecnicos_opt.jpg","articleSection":["Rep\u00fablica"],"inLanguage":"es","potentialAction":[{"@type":"CommentAction","name":"Comment","target":["https:\/\/www.sonoraenequipo.com.mx\/se-registra-en-queretaro-paros-tecnicos-en-el-sector-de-autopartes\/#respond"]}]},{"@type":"WebPage","@id":"https:\/\/www.sonoraenequipo.com.mx\/se-registra-en-queretaro-paros-tecnicos-en-el-sector-de-autopartes\/","url":"https:\/\/www.sonoraenequipo.com.mx\/se-registra-en-queretaro-paros-tecnicos-en-el-sector-de-autopartes\/","name":"Sonora en Equipo. Se registra en Quer\u00e9taro paros t\u00e9cnicos en el sector de autopartes Rep\u00fablica","isPartOf":{"@id":"https:\/\/www.sonoraenequipo.com.mx\/#website"},"primaryImageOfPage":{"@id":"https:\/\/www.sonoraenequipo.com.mx\/se-registra-en-queretaro-paros-tecnicos-en-el-sector-de-autopartes\/#primaryimage"},"image":{"@id":"https:\/\/www.sonoraenequipo.com.mx\/se-registra-en-queretaro-paros-tecnicos-en-el-sector-de-autopartes\/#primaryimage"},"thumbnailUrl":"https:\/\/www.sonoraenequipo.com.mx\/storage\/2021\/06\/queretaro-paros-tecnicos_opt.jpg","datePublished":"2021-06-25T03:38:47+00:00","dateModified":"2021-06-25T15:18:16+00:00","description":"QUER\u00c9TARO, QUER\u00c9TARO. MX. \u2014 Desabasto de acero, semiconductores y resinas enfrenta la industria automotriz en esta \u00faltima parte del primer semestre del En Sonora en Equipo publicamos toda la informaci\u00f3n de Sonora, M\u00e9xico y el Mundo de manera oportuna y busca que la libertad de expresi\u00f3n sea real. Visita nuestro medio informativo publicado desde Hermosillo, Sonora. %","breadcrumb":{"@id":"https:\/\/www.sonoraenequipo.com.mx\/se-registra-en-queretaro-paros-tecnicos-en-el-sector-de-autopartes\/#breadcrumb"},"inLanguage":"es","potentialAction":[{"@type":"ReadAction","target":["https:\/\/www.sonoraenequipo.com.mx\/se-registra-en-queretaro-paros-tecnicos-en-el-sector-de-autopartes\/"]}]},{"@type":"ImageObject","inLanguage":"es","@id":"https:\/\/www.sonoraenequipo.com.mx\/se-registra-en-queretaro-paros-tecnicos-en-el-sector-de-autopartes\/#primaryimage","url":"https:\/\/www.sonoraenequipo.com.mx\/storage\/2021\/06\/queretaro-paros-tecnicos_opt.jpg","contentUrl":"https:\/\/www.sonoraenequipo.com.mx\/storage\/2021\/06\/queretaro-paros-tecnicos_opt.jpg","width":700,"height":400},{"@type":"BreadcrumbList","@id":"https:\/\/www.sonoraenequipo.com.mx\/se-registra-en-queretaro-paros-tecnicos-en-el-sector-de-autopartes\/#breadcrumb","itemListElement":[{"@type":"ListItem","position":1,"name":"Portada","item":"https:\/\/www.sonoraenequipo.com.mx\/"},{"@type":"ListItem","position":2,"name":"Se registra en Quer\u00e9taro paros t\u00e9cnicos en el sector de autopartes"}]},{"@type":"WebSite","@id":"https:\/\/www.sonoraenequipo.com.mx\/#website","url":"https:\/\/www.sonoraenequipo.com.mx\/","name":"Sonora en Equipo.","description":"Diario en l\u00ednea con Noticias desde Hermosillo, Sonora","publisher":{"@id":"https:\/\/www.sonoraenequipo.com.mx\/#organization"},"potentialAction":[{"@type":"SearchAction","target":{"@type":"EntryPoint","urlTemplate":"https:\/\/www.sonoraenequipo.com.mx\/?s={search_term_string}"},"query-input":{"@type":"PropertyValueSpecification","valueRequired":true,"valueName":"search_term_string"}}],"inLanguage":"es"},{"@type":"Organization","@id":"https:\/\/www.sonoraenequipo.com.mx\/#organization","name":"Sonoraenequipo.com.mx","url":"https:\/\/www.sonoraenequipo.com.mx\/","logo":{"@type":"ImageObject","inLanguage":"es","@id":"https:\/\/www.sonoraenequipo.com.mx\/#\/schema\/logo\/image\/","url":"https:\/\/www.sonoraenequipo.com.mx\/storage\/2019\/01\/sonoraenequipo_opt.png","contentUrl":"https:\/\/www.sonoraenequipo.com.mx\/storage\/2019\/01\/sonoraenequipo_opt.png","width":375,"height":125,"caption":"Sonoraenequipo.com.mx"},"image":{"@id":"https:\/\/www.sonoraenequipo.com.mx\/#\/schema\/logo\/image\/"},"sameAs":["https:\/\/www.facebook.com\/SonoraEE\/","https:\/\/x.com\/sonoraenequipo","https:\/\/www.youtube.com\/channel\/UC338nW-lPEYmJQs4ZABQ1SQ"]},{"@type":"Person","@id":"https:\/\/www.sonoraenequipo.com.mx\/#\/schema\/person\/50102df0fb23a8fa9e8effad8fa81386","name":"enequipo","image":{"@type":"ImageObject","inLanguage":"es","@id":"https:\/\/www.sonoraenequipo.com.mx\/#\/schema\/person\/image\/","url":"https:\/\/secure.gravatar.com\/avatar\/049821681b589dabc0bc20695993ccebb09f5b5d4d790cd9251b97faac7c652b?s=96&d=blank&r=g","contentUrl":"https:\/\/secure.gravatar.com\/avatar\/049821681b589dabc0bc20695993ccebb09f5b5d4d790cd9251b97faac7c652b?s=96&d=blank&r=g","caption":"enequipo"},"sameAs":["https:\/\/www.facebook.com\/SonoraEE"]}]}},"jetpack_featured_media_url":"https:\/\/www.sonoraenequipo.com.mx\/storage\/2021\/06\/queretaro-paros-tecnicos_opt.jpg","_links":{"self":[{"href":"https:\/\/www.sonoraenequipo.com.mx\/api\/wp\/v2\/posts\/117068","targetHints":{"allow":["GET"]}}],"collection":[{"href":"https:\/\/www.sonoraenequipo.com.mx\/api\/wp\/v2\/posts"}],"about":[{"href":"https:\/\/www.sonoraenequipo.com.mx\/api\/wp\/v2\/types\/post"}],"author":[{"embeddable":true,"href":"https:\/\/www.sonoraenequipo.com.mx\/api\/wp\/v2\/users\/1"}],"replies":[{"embeddable":true,"href":"https:\/\/www.sonoraenequipo.com.mx\/api\/wp\/v2\/comments?post=117068"}],"version-history":[{"count":1,"href":"https:\/\/www.sonoraenequipo.com.mx\/api\/wp\/v2\/posts\/117068\/revisions"}],"predecessor-version":[{"id":117070,"href":"https:\/\/www.sonoraenequipo.com.mx\/api\/wp\/v2\/posts\/117068\/revisions\/117070"}],"wp:featuredmedia":[{"embeddable":true,"href":"https:\/\/www.sonoraenequipo.com.mx\/api\/wp\/v2\/media\/117069"}],"wp:attachment":[{"href":"https:\/\/www.sonoraenequipo.com.mx\/api\/wp\/v2\/media?parent=117068"}],"wp:term":[{"taxonomy":"category","embeddable":true,"href":"https:\/\/www.sonoraenequipo.com.mx\/api\/wp\/v2\/categories?post=117068"},{"taxonomy":"post_tag","embeddable":true,"href":"https:\/\/www.sonoraenequipo.com.mx\/api\/wp\/v2\/tags?post=117068"}],"curies":[{"name":"wp","href":"https:\/\/api.w.org\/{rel}","templated":true}]}}