{"id":117071,"date":"2021-06-24T19:18:35","date_gmt":"2021-06-25T02:18:35","guid":{"rendered":"https:\/\/www.sonoraenequipo.com.mx\/?p=117071"},"modified":"2021-06-25T08:37:03","modified_gmt":"2021-06-25T15:37:03","slug":"beneficia-gobernadora-a-habitantes-de-magdalena-y-santa-ana-con-obras","status":"publish","type":"post","link":"https:\/\/www.sonoraenequipo.com.mx\/beneficia-gobernadora-a-habitantes-de-magdalena-y-santa-ana-con-obras\/","title":{"rendered":"Beneficia Gobernadora a habitantes de Magdalena y Santa Ana con obras"},"content":{"rendered":"<p>MAGDALENA DE KINO, SONORA. MX. \u2014 Con la entrega de viviendas, transporte escolar y la supervisi\u00f3n de obras de pavimentaci\u00f3n y drenaje, la gobernadora Claudia Pavlovich Arellano llev\u00f3 beneficios a los habitantes de los municipios de Magdalena de Kino y Santa Ana.<\/p>\n<p>&nbsp;<\/p>\n<p> <\/p>\n<p>&nbsp;<\/p>\n<p>En gira de trabajo por estos municipios, donde estuvo acompa\u00f1ada por los presidentes municipales de los ayuntamientos visitados, la mandataria estatal hizo entrega de obra p\u00fablica y apoyos.<\/p>\n<p>&nbsp;<\/p>\n<p>En Magdalena de Kino, la gobernadora supervis\u00f3 las obras de reconstrucci\u00f3n y pavimentaci\u00f3n con concreto hidr\u00e1ulico en la vialidad Jes\u00fas Garc\u00eda y dio inicio a las obras de pavimentaci\u00f3n de la calle Sonora entre Villa Hermosa y Arroyo Baja California; adem\u00e1s de entregar transporte escolar en beneficio de los estudiantes de la Escuela Primaria Club de Leones y Horacio Sobarzo, de las comunidades La Cebolla y El Mezquite, respectivamente.<\/p>\n<p>&nbsp;<\/p>\n<p><em>\u201cEste transporte escolar, que va a quedar bajo el resguardo del Ayuntamiento, puesto que todav\u00eda no tenemos la autorizaci\u00f3n del regreso a clases, es una petici\u00f3n de las m\u00e1s sentidas de nuestra gente, del CAM, de nuestro ni\u00f1os especiales que necesitan este apoyo y que va para apoyar a 68 alumnos, que se transportan y que ya estaba su autob\u00fas muy deteriorado\u201d<\/em>, afirm\u00f3.<\/p>\n<p>&nbsp;<\/p>\n<p><img loading=\"lazy\" decoding=\"async\" class=\"size-medium  x-left\" src=\"https:\/\/www.sonoraenequipo.com.mx\/storage\/2021\/06\/entregando-camion-escolar_opt-639x365.jpg\" alt=\"\" width=\"639\" height=\"365\" \/>Tambi\u00e9n, hizo entrega de cuarto y ba\u00f1o a las familias L\u00f3pez Pastrana y L\u00f3pez Sep\u00falveda, quienes podr\u00e1n tener un lugar digno para vivir y que sin duda mejorar\u00e1 su calidad de vida; y supervis\u00f3, adem\u00e1s, las obras de remodelaci\u00f3n de la Iglesia Santa Mar\u00eda Magdalena, donde se han realizado trabajos de impermeabilizaci\u00f3n, sellado, pintura, cableado, colocaci\u00f3n de puertas, azulejo, pulido y limpieza.<\/p>\n<p>&nbsp;<\/p>\n<p>Francisco Javier Zepeda Munro, alcalde de Magdalena de Kino, agradeci\u00f3 su apoyo a la gobernadora Pavlovich y por trabajar en beneficio de las familias magdalenenses hasta el \u00faltimo d\u00eda de su administraci\u00f3n, con la entrega de estas obras y apoyos acad\u00e9micos.<\/p>\n<p>&nbsp;<\/p>\n<p><em>\u201cEstamos muy contentos sinceramente, se\u00f1ora gobernadora, por visitarnos una vez m\u00e1s, por visitar a su pueblo que s\u00e9 que quiere mucho, y por esta bonita calle Jes\u00fas Garc\u00eda, que ten\u00eda muchos a\u00f1os la gente pidi\u00e9ndola\u201d<\/em>, indic\u00f3.<\/p>\n<p>&nbsp;<\/p>\n<p>En el municipio de Santa Ana, acompa\u00f1ada de Javier Francisco Moreno D\u00e1vila, alcalde de Santa Ana, la titular del Ejecutivo Estatal supervis\u00f3 las obras de pavimentaci\u00f3n de la calle Enrique Salazar, en la localidad de Santa Ana Viejo, adem\u00e1s de la ampliaci\u00f3n de la red de alcantarillado sanitario en la calle Efra\u00edn Gonz\u00e1lez, en la colonia Kennedy y los trabajos de rehabilitaci\u00f3n de la Iglesia de Nuestra Se\u00f1ora de Santa Ana, as\u00ed como la entrega de vivienda integral a la familia Aguirre \u00c1vila.<\/p>\n<p>&nbsp;<\/p>\n<p>&nbsp;<\/p>\n<p>Presentes: Daniel Garc\u00eda Escalante, titular de la Secretar\u00eda de Desarrollo Social; Sergio \u00c1vila Cece\u00f1a, vocal ejecutivo de la Comisi\u00f3n Estatal del Agua; y Miguel Camacho Espinoza, titular del Consejo Estatal de Concentraci\u00f3n para la Obra P\u00fablica.<\/p>\n<p>&nbsp;<\/p>\n<p>&nbsp;<\/p>\n<p>(Publicada el 24\/06\/2021)<\/p>\n","protected":false},"excerpt":{"rendered":"<p>MAGDALENA DE KINO, SONORA. MX. \u2014 Con la entrega de viviendas, transporte escolar y la&#8230;<\/p>\n","protected":false},"author":1,"featured_media":117064,"comment_status":"open","ping_status":"open","sticky":false,"template":"","format":"standard","meta":{"_monsterinsights_skip_tracking":false,"_monsterinsights_sitenote_active":false,"_monsterinsights_sitenote_note":"","_monsterinsights_sitenote_category":0,"footnotes":""},"categories":[22],"tags":[],"class_list":["post"],"yoast_head":" \n<title>Sonora en Equipo. Beneficia Gobernadora a habitantes de Magdalena y Santa Ana con obras Sonora<\/title>\n<meta name=\"description\" content=\"MAGDALENA DE KINO, SONORA. MX. \u2014 Con la entrega de viviendas, transporte escolar y la supervisi\u00f3n de obras de pavimentaci\u00f3n y drenaje, la gobernadora En Sonora en Equipo publicamos toda la informaci\u00f3n de Sonora, M\u00e9xico y el Mundo de manera oportuna y busca que la libertad de expresi\u00f3n sea real. Visita nuestro medio informativo publicado desde Hermosillo, Sonora. %\" \/>\n<meta name=\"robots\" content=\"index, follow, max-snippet:-1, max-image-preview:large, max-video-preview:-1\" \/>\n<link rel=\"canonical\" href=\"https:\/\/www.sonoraenequipo.com.mx\/beneficia-gobernadora-a-habitantes-de-magdalena-y-santa-ana-con-obras\/\" \/>\n<meta property=\"og:locale\" content=\"es_ES\" \/>\n<meta property=\"og:type\" content=\"article\" \/>\n<meta property=\"og:title\" content=\"Sonora en Equipo. Beneficia Gobernadora a habitantes de Magdalena y Santa Ana con obras Sonora\" \/>\n<meta property=\"og:description\" content=\"MAGDALENA DE KINO, SONORA. MX. \u2014 Con la entrega de viviendas, transporte escolar y la supervisi\u00f3n de obras de pavimentaci\u00f3n y drenaje, la gobernadora En Sonora en Equipo publicamos toda la informaci\u00f3n de Sonora, M\u00e9xico y el Mundo de manera oportuna y busca que la libertad de expresi\u00f3n sea real. Visita nuestro medio informativo publicado desde Hermosillo, Sonora. %\" \/>\n<meta property=\"og:url\" content=\"https:\/\/www.sonoraenequipo.com.mx\/beneficia-gobernadora-a-habitantes-de-magdalena-y-santa-ana-con-obras\/\" \/>\n<meta property=\"og:site_name\" content=\"Sonora en Equipo.\" \/>\n<meta property=\"article:publisher\" content=\"https:\/\/www.facebook.com\/SonoraEE\/\" \/>\n<meta property=\"article:author\" content=\"https:\/\/www.facebook.com\/SonoraEE\" \/>\n<meta property=\"article:published_time\" content=\"2021-06-25T02:18:35+00:00\" \/>\n<meta property=\"article:modified_time\" content=\"2021-06-25T15:37:03+00:00\" \/>\n<meta property=\"og:image\" content=\"https:\/\/www.sonoraenequipo.com.mx\/storage\/2021\/06\/obra-publica_opt.jpg\" \/>\n\t<meta property=\"og:image:width\" content=\"700\" \/>\n\t<meta property=\"og:image:height\" content=\"400\" \/>\n\t<meta property=\"og:image:type\" content=\"image\/jpeg\" \/>\n<meta name=\"author\" content=\"enequipo\" \/>\n<meta name=\"twitter:card\" content=\"summary_large_image\" \/>\n<meta name=\"twitter:creator\" content=\"@sonoraenequipo\" \/>\n<meta name=\"twitter:site\" content=\"@sonoraenequipo\" \/>\n<meta name=\"twitter:label1\" content=\"Escrito por\" \/>\n\t<meta name=\"twitter:data1\" content=\"enequipo\" \/>\n\t<meta name=\"twitter:label2\" content=\"Tiempo de lectura\" \/>\n\t<meta name=\"twitter:data2\" content=\"3 minutos\" \/>\n<script type=\"application\/ld+json\" class=\"yoast-schema-graph\">{\"@context\":\"https:\/\/schema.org\",\"@graph\":[{\"@type\":\"Article\",\"@id\":\"https:\/\/www.sonoraenequipo.com.mx\/beneficia-gobernadora-a-habitantes-de-magdalena-y-santa-ana-con-obras\/#article\",\"isPartOf\":{\"@id\":\"https:\/\/www.sonoraenequipo.com.mx\/beneficia-gobernadora-a-habitantes-de-magdalena-y-santa-ana-con-obras\/\"},\"author\":{\"name\":\"enequipo\",\"@id\":\"https:\/\/www.sonoraenequipo.com.mx\/#\/schema\/person\/50102df0fb23a8fa9e8effad8fa81386\"},\"headline\":\"Beneficia Gobernadora a habitantes de Magdalena y Santa Ana con obras\",\"datePublished\":\"2021-06-25T02:18:35+00:00\",\"dateModified\":\"2021-06-25T15:37:03+00:00\",\"mainEntityOfPage\":{\"@id\":\"https:\/\/www.sonoraenequipo.com.mx\/beneficia-gobernadora-a-habitantes-de-magdalena-y-santa-ana-con-obras\/\"},\"wordCount\":536,\"commentCount\":0,\"publisher\":{\"@id\":\"https:\/\/www.sonoraenequipo.com.mx\/#organization\"},\"image\":{\"@id\":\"https:\/\/www.sonoraenequipo.com.mx\/beneficia-gobernadora-a-habitantes-de-magdalena-y-santa-ana-con-obras\/#primaryimage\"},\"thumbnailUrl\":\"https:\/\/www.sonoraenequipo.com.mx\/storage\/2021\/06\/obra-publica_opt.jpg\",\"articleSection\":[\"Sonora\"],\"inLanguage\":\"es\",\"potentialAction\":[{\"@type\":\"CommentAction\",\"name\":\"Comment\",\"target\":[\"https:\/\/www.sonoraenequipo.com.mx\/beneficia-gobernadora-a-habitantes-de-magdalena-y-santa-ana-con-obras\/#respond\"]}]},{\"@type\":\"WebPage\",\"@id\":\"https:\/\/www.sonoraenequipo.com.mx\/beneficia-gobernadora-a-habitantes-de-magdalena-y-santa-ana-con-obras\/\",\"url\":\"https:\/\/www.sonoraenequipo.com.mx\/beneficia-gobernadora-a-habitantes-de-magdalena-y-santa-ana-con-obras\/\",\"name\":\"Sonora en Equipo. Beneficia Gobernadora a habitantes de Magdalena y Santa Ana con obras Sonora\",\"isPartOf\":{\"@id\":\"https:\/\/www.sonoraenequipo.com.mx\/#website\"},\"primaryImageOfPage\":{\"@id\":\"https:\/\/www.sonoraenequipo.com.mx\/beneficia-gobernadora-a-habitantes-de-magdalena-y-santa-ana-con-obras\/#primaryimage\"},\"image\":{\"@id\":\"https:\/\/www.sonoraenequipo.com.mx\/beneficia-gobernadora-a-habitantes-de-magdalena-y-santa-ana-con-obras\/#primaryimage\"},\"thumbnailUrl\":\"https:\/\/www.sonoraenequipo.com.mx\/storage\/2021\/06\/obra-publica_opt.jpg\",\"datePublished\":\"2021-06-25T02:18:35+00:00\",\"dateModified\":\"2021-06-25T15:37:03+00:00\",\"description\":\"MAGDALENA DE KINO, SONORA. MX. \u2014 Con la entrega de viviendas, transporte escolar y la supervisi\u00f3n de obras de pavimentaci\u00f3n y drenaje, la gobernadora En Sonora en Equipo publicamos toda la informaci\u00f3n de Sonora, M\u00e9xico y el Mundo de manera oportuna y busca que la libertad de expresi\u00f3n sea real. Visita nuestro medio informativo publicado desde Hermosillo, Sonora. %\",\"breadcrumb\":{\"@id\":\"https:\/\/www.sonoraenequipo.com.mx\/beneficia-gobernadora-a-habitantes-de-magdalena-y-santa-ana-con-obras\/#breadcrumb\"},\"inLanguage\":\"es\",\"potentialAction\":[{\"@type\":\"ReadAction\",\"target\":[\"https:\/\/www.sonoraenequipo.com.mx\/beneficia-gobernadora-a-habitantes-de-magdalena-y-santa-ana-con-obras\/\"]}]},{\"@type\":\"ImageObject\",\"inLanguage\":\"es\",\"@id\":\"https:\/\/www.sonoraenequipo.com.mx\/beneficia-gobernadora-a-habitantes-de-magdalena-y-santa-ana-con-obras\/#primaryimage\",\"url\":\"https:\/\/www.sonoraenequipo.com.mx\/storage\/2021\/06\/obra-publica_opt.jpg\",\"contentUrl\":\"https:\/\/www.sonoraenequipo.com.mx\/storage\/2021\/06\/obra-publica_opt.jpg\",\"width\":700,\"height\":400},{\"@type\":\"BreadcrumbList\",\"@id\":\"https:\/\/www.sonoraenequipo.com.mx\/beneficia-gobernadora-a-habitantes-de-magdalena-y-santa-ana-con-obras\/#breadcrumb\",\"itemListElement\":[{\"@type\":\"ListItem\",\"position\":1,\"name\":\"Portada\",\"item\":\"https:\/\/www.sonoraenequipo.com.mx\/\"},{\"@type\":\"ListItem\",\"position\":2,\"name\":\"Beneficia Gobernadora a habitantes de Magdalena y Santa Ana con obras\"}]},{\"@type\":\"WebSite\",\"@id\":\"https:\/\/www.sonoraenequipo.com.mx\/#website\",\"url\":\"https:\/\/www.sonoraenequipo.com.mx\/\",\"name\":\"Sonora en Equipo.\",\"description\":\"Diario en l\u00ednea con Noticias desde Hermosillo, Sonora\",\"publisher\":{\"@id\":\"https:\/\/www.sonoraenequipo.com.mx\/#organization\"},\"potentialAction\":[{\"@type\":\"SearchAction\",\"target\":{\"@type\":\"EntryPoint\",\"urlTemplate\":\"https:\/\/www.sonoraenequipo.com.mx\/?s={search_term_string}\"},\"query-input\":{\"@type\":\"PropertyValueSpecification\",\"valueRequired\":true,\"valueName\":\"search_term_string\"}}],\"inLanguage\":\"es\"},{\"@type\":\"Organization\",\"@id\":\"https:\/\/www.sonoraenequipo.com.mx\/#organization\",\"name\":\"Sonoraenequipo.com.mx\",\"url\":\"https:\/\/www.sonoraenequipo.com.mx\/\",\"logo\":{\"@type\":\"ImageObject\",\"inLanguage\":\"es\",\"@id\":\"https:\/\/www.sonoraenequipo.com.mx\/#\/schema\/logo\/image\/\",\"url\":\"https:\/\/www.sonoraenequipo.com.mx\/storage\/2019\/01\/sonoraenequipo_opt.png\",\"contentUrl\":\"https:\/\/www.sonoraenequipo.com.mx\/storage\/2019\/01\/sonoraenequipo_opt.png\",\"width\":375,\"height\":125,\"caption\":\"Sonoraenequipo.com.mx\"},\"image\":{\"@id\":\"https:\/\/www.sonoraenequipo.com.mx\/#\/schema\/logo\/image\/\"},\"sameAs\":[\"https:\/\/www.facebook.com\/SonoraEE\/\",\"https:\/\/x.com\/sonoraenequipo\",\"https:\/\/www.youtube.com\/channel\/UC338nW-lPEYmJQs4ZABQ1SQ\"]},{\"@type\":\"Person\",\"@id\":\"https:\/\/www.sonoraenequipo.com.mx\/#\/schema\/person\/50102df0fb23a8fa9e8effad8fa81386\",\"name\":\"enequipo\",\"image\":{\"@type\":\"ImageObject\",\"inLanguage\":\"es\",\"@id\":\"https:\/\/www.sonoraenequipo.com.mx\/#\/schema\/person\/image\/\",\"url\":\"https:\/\/secure.gravatar.com\/avatar\/049821681b589dabc0bc20695993ccebb09f5b5d4d790cd9251b97faac7c652b?s=96&d=blank&r=g\",\"contentUrl\":\"https:\/\/secure.gravatar.com\/avatar\/049821681b589dabc0bc20695993ccebb09f5b5d4d790cd9251b97faac7c652b?s=96&d=blank&r=g\",\"caption\":\"enequipo\"},\"sameAs\":[\"https:\/\/www.facebook.com\/SonoraEE\"]}]}<\/script>\n ","yoast_head_json":{"title":"Sonora en Equipo. Beneficia Gobernadora a habitantes de Magdalena y Santa Ana con obras Sonora","description":"MAGDALENA DE KINO, SONORA. MX. \u2014 Con la entrega de viviendas, transporte escolar y la supervisi\u00f3n de obras de pavimentaci\u00f3n y drenaje, la gobernadora En Sonora en Equipo publicamos toda la informaci\u00f3n de Sonora, M\u00e9xico y el Mundo de manera oportuna y busca que la libertad de expresi\u00f3n sea real. Visita nuestro medio informativo publicado desde Hermosillo, Sonora. %","robots":{"index":"index","follow":"follow","max-snippet":"max-snippet:-1","max-image-preview":"max-image-preview:large","max-video-preview":"max-video-preview:-1"},"canonical":"https:\/\/www.sonoraenequipo.com.mx\/beneficia-gobernadora-a-habitantes-de-magdalena-y-santa-ana-con-obras\/","og_locale":"es_ES","og_type":"article","og_title":"Sonora en Equipo. Beneficia Gobernadora a habitantes de Magdalena y Santa Ana con obras Sonora","og_description":"MAGDALENA DE KINO, SONORA. MX. \u2014 Con la entrega de viviendas, transporte escolar y la supervisi\u00f3n de obras de pavimentaci\u00f3n y drenaje, la gobernadora En Sonora en Equipo publicamos toda la informaci\u00f3n de Sonora, M\u00e9xico y el Mundo de manera oportuna y busca que la libertad de expresi\u00f3n sea real. Visita nuestro medio informativo publicado desde Hermosillo, Sonora. %","og_url":"https:\/\/www.sonoraenequipo.com.mx\/beneficia-gobernadora-a-habitantes-de-magdalena-y-santa-ana-con-obras\/","og_site_name":"Sonora en Equipo.","article_publisher":"https:\/\/www.facebook.com\/SonoraEE\/","article_author":"https:\/\/www.facebook.com\/SonoraEE","article_published_time":"2021-06-25T02:18:35+00:00","article_modified_time":"2021-06-25T15:37:03+00:00","og_image":[{"width":700,"height":400,"url":"https:\/\/www.sonoraenequipo.com.mx\/storage\/2021\/06\/obra-publica_opt.jpg","type":"image\/jpeg"}],"author":"enequipo","twitter_card":"summary_large_image","twitter_creator":"@sonoraenequipo","twitter_site":"@sonoraenequipo","twitter_misc":{"Escrito por":"enequipo","Tiempo de lectura":"3 minutos"},"schema":{"@context":"https:\/\/schema.org","@graph":[{"@type":"Article","@id":"https:\/\/www.sonoraenequipo.com.mx\/beneficia-gobernadora-a-habitantes-de-magdalena-y-santa-ana-con-obras\/#article","isPartOf":{"@id":"https:\/\/www.sonoraenequipo.com.mx\/beneficia-gobernadora-a-habitantes-de-magdalena-y-santa-ana-con-obras\/"},"author":{"name":"enequipo","@id":"https:\/\/www.sonoraenequipo.com.mx\/#\/schema\/person\/50102df0fb23a8fa9e8effad8fa81386"},"headline":"Beneficia Gobernadora a habitantes de Magdalena y Santa Ana con obras","datePublished":"2021-06-25T02:18:35+00:00","dateModified":"2021-06-25T15:37:03+00:00","mainEntityOfPage":{"@id":"https:\/\/www.sonoraenequipo.com.mx\/beneficia-gobernadora-a-habitantes-de-magdalena-y-santa-ana-con-obras\/"},"wordCount":536,"commentCount":0,"publisher":{"@id":"https:\/\/www.sonoraenequipo.com.mx\/#organization"},"image":{"@id":"https:\/\/www.sonoraenequipo.com.mx\/beneficia-gobernadora-a-habitantes-de-magdalena-y-santa-ana-con-obras\/#primaryimage"},"thumbnailUrl":"https:\/\/www.sonoraenequipo.com.mx\/storage\/2021\/06\/obra-publica_opt.jpg","articleSection":["Sonora"],"inLanguage":"es","potentialAction":[{"@type":"CommentAction","name":"Comment","target":["https:\/\/www.sonoraenequipo.com.mx\/beneficia-gobernadora-a-habitantes-de-magdalena-y-santa-ana-con-obras\/#respond"]}]},{"@type":"WebPage","@id":"https:\/\/www.sonoraenequipo.com.mx\/beneficia-gobernadora-a-habitantes-de-magdalena-y-santa-ana-con-obras\/","url":"https:\/\/www.sonoraenequipo.com.mx\/beneficia-gobernadora-a-habitantes-de-magdalena-y-santa-ana-con-obras\/","name":"Sonora en Equipo. Beneficia Gobernadora a habitantes de Magdalena y Santa Ana con obras Sonora","isPartOf":{"@id":"https:\/\/www.sonoraenequipo.com.mx\/#website"},"primaryImageOfPage":{"@id":"https:\/\/www.sonoraenequipo.com.mx\/beneficia-gobernadora-a-habitantes-de-magdalena-y-santa-ana-con-obras\/#primaryimage"},"image":{"@id":"https:\/\/www.sonoraenequipo.com.mx\/beneficia-gobernadora-a-habitantes-de-magdalena-y-santa-ana-con-obras\/#primaryimage"},"thumbnailUrl":"https:\/\/www.sonoraenequipo.com.mx\/storage\/2021\/06\/obra-publica_opt.jpg","datePublished":"2021-06-25T02:18:35+00:00","dateModified":"2021-06-25T15:37:03+00:00","description":"MAGDALENA DE KINO, SONORA. MX. \u2014 Con la entrega de viviendas, transporte escolar y la supervisi\u00f3n de obras de pavimentaci\u00f3n y drenaje, la gobernadora En Sonora en Equipo publicamos toda la informaci\u00f3n de Sonora, M\u00e9xico y el Mundo de manera oportuna y busca que la libertad de expresi\u00f3n sea real. Visita nuestro medio informativo publicado desde Hermosillo, Sonora. %","breadcrumb":{"@id":"https:\/\/www.sonoraenequipo.com.mx\/beneficia-gobernadora-a-habitantes-de-magdalena-y-santa-ana-con-obras\/#breadcrumb"},"inLanguage":"es","potentialAction":[{"@type":"ReadAction","target":["https:\/\/www.sonoraenequipo.com.mx\/beneficia-gobernadora-a-habitantes-de-magdalena-y-santa-ana-con-obras\/"]}]},{"@type":"ImageObject","inLanguage":"es","@id":"https:\/\/www.sonoraenequipo.com.mx\/beneficia-gobernadora-a-habitantes-de-magdalena-y-santa-ana-con-obras\/#primaryimage","url":"https:\/\/www.sonoraenequipo.com.mx\/storage\/2021\/06\/obra-publica_opt.jpg","contentUrl":"https:\/\/www.sonoraenequipo.com.mx\/storage\/2021\/06\/obra-publica_opt.jpg","width":700,"height":400},{"@type":"BreadcrumbList","@id":"https:\/\/www.sonoraenequipo.com.mx\/beneficia-gobernadora-a-habitantes-de-magdalena-y-santa-ana-con-obras\/#breadcrumb","itemListElement":[{"@type":"ListItem","position":1,"name":"Portada","item":"https:\/\/www.sonoraenequipo.com.mx\/"},{"@type":"ListItem","position":2,"name":"Beneficia Gobernadora a habitantes de Magdalena y Santa Ana con obras"}]},{"@type":"WebSite","@id":"https:\/\/www.sonoraenequipo.com.mx\/#website","url":"https:\/\/www.sonoraenequipo.com.mx\/","name":"Sonora en Equipo.","description":"Diario en l\u00ednea con Noticias desde Hermosillo, Sonora","publisher":{"@id":"https:\/\/www.sonoraenequipo.com.mx\/#organization"},"potentialAction":[{"@type":"SearchAction","target":{"@type":"EntryPoint","urlTemplate":"https:\/\/www.sonoraenequipo.com.mx\/?s={search_term_string}"},"query-input":{"@type":"PropertyValueSpecification","valueRequired":true,"valueName":"search_term_string"}}],"inLanguage":"es"},{"@type":"Organization","@id":"https:\/\/www.sonoraenequipo.com.mx\/#organization","name":"Sonoraenequipo.com.mx","url":"https:\/\/www.sonoraenequipo.com.mx\/","logo":{"@type":"ImageObject","inLanguage":"es","@id":"https:\/\/www.sonoraenequipo.com.mx\/#\/schema\/logo\/image\/","url":"https:\/\/www.sonoraenequipo.com.mx\/storage\/2019\/01\/sonoraenequipo_opt.png","contentUrl":"https:\/\/www.sonoraenequipo.com.mx\/storage\/2019\/01\/sonoraenequipo_opt.png","width":375,"height":125,"caption":"Sonoraenequipo.com.mx"},"image":{"@id":"https:\/\/www.sonoraenequipo.com.mx\/#\/schema\/logo\/image\/"},"sameAs":["https:\/\/www.facebook.com\/SonoraEE\/","https:\/\/x.com\/sonoraenequipo","https:\/\/www.youtube.com\/channel\/UC338nW-lPEYmJQs4ZABQ1SQ"]},{"@type":"Person","@id":"https:\/\/www.sonoraenequipo.com.mx\/#\/schema\/person\/50102df0fb23a8fa9e8effad8fa81386","name":"enequipo","image":{"@type":"ImageObject","inLanguage":"es","@id":"https:\/\/www.sonoraenequipo.com.mx\/#\/schema\/person\/image\/","url":"https:\/\/secure.gravatar.com\/avatar\/049821681b589dabc0bc20695993ccebb09f5b5d4d790cd9251b97faac7c652b?s=96&d=blank&r=g","contentUrl":"https:\/\/secure.gravatar.com\/avatar\/049821681b589dabc0bc20695993ccebb09f5b5d4d790cd9251b97faac7c652b?s=96&d=blank&r=g","caption":"enequipo"},"sameAs":["https:\/\/www.facebook.com\/SonoraEE"]}]}},"jetpack_featured_media_url":"https:\/\/www.sonoraenequipo.com.mx\/storage\/2021\/06\/obra-publica_opt.jpg","_links":{"self":[{"href":"https:\/\/www.sonoraenequipo.com.mx\/api\/wp\/v2\/posts\/117071","targetHints":{"allow":["GET"]}}],"collection":[{"href":"https:\/\/www.sonoraenequipo.com.mx\/api\/wp\/v2\/posts"}],"about":[{"href":"https:\/\/www.sonoraenequipo.com.mx\/api\/wp\/v2\/types\/post"}],"author":[{"embeddable":true,"href":"https:\/\/www.sonoraenequipo.com.mx\/api\/wp\/v2\/users\/1"}],"replies":[{"embeddable":true,"href":"https:\/\/www.sonoraenequipo.com.mx\/api\/wp\/v2\/comments?post=117071"}],"version-history":[{"count":1,"href":"https:\/\/www.sonoraenequipo.com.mx\/api\/wp\/v2\/posts\/117071\/revisions"}],"predecessor-version":[{"id":117072,"href":"https:\/\/www.sonoraenequipo.com.mx\/api\/wp\/v2\/posts\/117071\/revisions\/117072"}],"wp:featuredmedia":[{"embeddable":true,"href":"https:\/\/www.sonoraenequipo.com.mx\/api\/wp\/v2\/media\/117064"}],"wp:attachment":[{"href":"https:\/\/www.sonoraenequipo.com.mx\/api\/wp\/v2\/media?parent=117071"}],"wp:term":[{"taxonomy":"category","embeddable":true,"href":"https:\/\/www.sonoraenequipo.com.mx\/api\/wp\/v2\/categories?post=117071"},{"taxonomy":"post_tag","embeddable":true,"href":"https:\/\/www.sonoraenequipo.com.mx\/api\/wp\/v2\/tags?post=117071"}],"curies":[{"name":"wp","href":"https:\/\/api.w.org\/{rel}","templated":true}]}}