{"id":117075,"date":"2021-06-24T15:00:30","date_gmt":"2021-06-24T22:00:30","guid":{"rendered":"https:\/\/www.sonoraenequipo.com.mx\/?p=117075"},"modified":"2021-06-25T09:07:20","modified_gmt":"2021-06-25T16:07:20","slug":"presentan-posicionamientos-por-dia-internacional-del-socorrista-y-muerte-de-lider-social","status":"publish","type":"post","link":"https:\/\/www.sonoraenequipo.com.mx\/presentan-posicionamientos-por-dia-internacional-del-socorrista-y-muerte-de-lider-social\/","title":{"rendered":"Presentan posicionamientos por D\u00eda Internacional del Socorrista y muerte de l\u00edder social"},"content":{"rendered":"<p>HERMOSILLO, SONORA. MX. \u2014 Los diputados Marcia Lorena Camarena Moncada y Carlos Navarrete Aguirre presentaron ante la mesa directiva de la Diputaci\u00f3n Permanente posicionamientos en relaci\u00f3n a la celebraci\u00f3n de D\u00eda Internacional del Socorrista, y por el asesinato del activista de la etnia yaqui Tom\u00e1s Rojo Valencia, respectivamente.<\/p>\n<p>&nbsp;<\/p>\n<p> <\/p>\n<p>&nbsp;<\/p>\n<p>De acuerdo al orden del d\u00eda de la sesi\u00f3n, el diputado Francisco Javier Duarte Flores, presidente de la mesa directiva, someti\u00f3 a consideraci\u00f3n las actas de sesi\u00f3n de la Diputaci\u00f3n Permanente de los d\u00edas 01, 10 y 17 de junio del presente a\u00f1o, mismas que fueron aprobadas.<\/p>\n<p>&nbsp;<\/p>\n<p>&nbsp;<\/p>\n<p>El diputado Duarte Flores cedi\u00f3 el uso de la palabra a la diputada Marcia Lorena Camarena Moncada, quien dio lectura al posicionamiento que present\u00f3 en relaci\u00f3n al D\u00eda Internacional del Socorrista, tambi\u00e9n conocido como D\u00eda Internacional del Param\u00e9dico, que se celebra cada 24 de junio desde el a\u00f1o 1859.<\/p>\n<p>&nbsp;<\/p>\n<p>&nbsp;<\/p>\n<p>La diputada expuso que los socorristas salvaguardan la vida y la seguridad de los dem\u00e1s, sin pensarlo dos veces, incluso en diversas ocasiones poniendo en riesgo la suya ante eventos extraordinarios como desastres naturales y conflictos armados. \u201cPor eso y m\u00e1s, es necesario reconocer su trabajo, sus conocimientos y esfuerzos por el bienestar de la comunidad\u201d, se\u00f1al\u00f3.<\/p>\n<p>&nbsp;<\/p>\n<p>&nbsp;<\/p>\n<p><em>\u201cEn lo personal, he visto de cerca como param\u00e9dicos y param\u00e9dicas de mi distrito hacen una labor impresionante para atender con rapidez, eficacia y, sobre todo, con dignidad a las personas que requieren auxilio. Ellos y ellas, son el ejemplo de ayudar con pasi\u00f3n y de coraz\u00f3n, sobre todo tras la pandemia, donde much\u00edsimos socorristas a lo largo de Sonora y del pa\u00eds, estuvieron luchando arduamente contra el coronavirus\u201d,<\/em> puntualiz\u00f3.<\/p>\n<p>&nbsp;<\/p>\n<p>&nbsp;<\/p>\n<p>Sin embargo, dijo, m\u00e1s all\u00e1 de las palabras, es necesario que existan mejores condiciones laborales para este sector, porque, as\u00ed como los socorristas dan a la sociedad, el Estado tambi\u00e9n tiene que devolverles lo mucho que hacen, pues marcan la diferencia entre la vida y la muerte; eso es invaluable por eso son h\u00e9roes y hero\u00ednas que tienen que ser reconocidos tambi\u00e9n en las pol\u00edticas p\u00fablicas y programas de gobierno, que les permitan acceder a mejores condiciones de vida y que, en caso de cualquier accidente, sus familias no queden desamparadas.<\/p>\n<p>&nbsp;<\/p>\n<p>&nbsp;<\/p>\n<p>Enseguida, el diputado Carlos Navarrete Aguirre, antes de dar lectura al posicionamiento en relaci\u00f3n al lamentable asesinato del activista yaqui Tom\u00e1s Rojo Valencia, solicit\u00f3 guardar un minuto de silencio por los activistas que en Sonora no han tenido justicia.<\/p>\n<p>&nbsp;<\/p>\n<p>&nbsp;<\/p>\n<p>Al lamentar el asesinato de Tom\u00e1s Rojo Valencia, se\u00f1al\u00f3 que no debe quedar impune, como no deben quedar impunes muchos otros asesinatos que diariamente se comenten en la entidad.<\/p>\n<p>&nbsp;<\/p>\n<p>&nbsp;<\/p>\n<p><em>\u201cNo puede ser posible que esto se est\u00e9 normalizando en Sonora, un estado sumamente tranquilo, donde todos conviv\u00edamos como familia, donde nos pod\u00edamos pasear por cualquier territorio de forma tranquila y hoy en d\u00eda nos han robado esa tranquilidad, esa seguridad\u201d,<\/em> exterioriz\u00f3.<\/p>\n<p>&nbsp;<\/p>\n<p>&nbsp;<\/p>\n<p>El diputado manifest\u00f3 su respeto a todo el trabajo realizado en vida por el l\u00edder social Rojo Valencia en favor de su tribu, de su comunidad, por defender sus derechos, y a\u00f1adi\u00f3 que se debe encontrar a los culpables y castigarlos de forma ejemplar.<\/p>\n<p>&nbsp;<\/p>\n<p>&nbsp;<\/p>\n<p><em>\u201cPido, en nombre de quienes represento, y me permitir\u00e9 hacerlo en nombre de todo el pueblo sonorense, que nuestras autoridades se pongan a trabajar de forma coordinada y se castigue a quienes resulten responsables de los cr\u00edmenes\u201d,<\/em> manifest\u00f3.<\/p>\n<p>&nbsp;<\/p>\n<p>&nbsp;<\/p>\n<p>Con oportunidad se informar\u00e1 a trav\u00e9s de la Gaceta Parlamentaria el d\u00eda y la hora de una pr\u00f3xima sesi\u00f3n ordinaria de la Diputaci\u00f3n Permanente.<\/p>\n<p>&nbsp;<\/p>\n<p>&nbsp;<\/p>\n<p>(Publicada el 24\/06\/2021)<\/p>\n","protected":false},"excerpt":{"rendered":"<p>HERMOSILLO, SONORA. MX. \u2014 Los diputados Marcia Lorena Camarena Moncada y Carlos Navarrete Aguirre presentaron&#8230;<\/p>\n","protected":false},"author":1,"featured_media":117077,"comment_status":"open","ping_status":"open","sticky":false,"template":"","format":"standard","meta":{"_monsterinsights_skip_tracking":false,"_monsterinsights_sitenote_active":false,"_monsterinsights_sitenote_note":"","_monsterinsights_sitenote_category":0,"footnotes":""},"categories":[3281],"tags":[],"class_list":["post"],"yoast_head":" \n<title>Sonora en Equipo. Presentan posicionamientos por D\u00eda Internacional del Socorrista y muerte de l\u00edder social Congreso<\/title>\n<meta name=\"description\" content=\"HERMOSILLO, SONORA. MX. \u2014 Los diputados Marcia Lorena Camarena Moncada y Carlos Navarrete Aguirre presentaron ante la mesa directiva de la Diputaci\u00f3n En Sonora en Equipo publicamos toda la informaci\u00f3n de Sonora, M\u00e9xico y el Mundo de manera oportuna y busca que la libertad de expresi\u00f3n sea real. Visita nuestro medio informativo publicado desde Hermosillo, Sonora. %\" \/>\n<meta name=\"robots\" content=\"index, follow, max-snippet:-1, max-image-preview:large, max-video-preview:-1\" \/>\n<link rel=\"canonical\" href=\"https:\/\/www.sonoraenequipo.com.mx\/presentan-posicionamientos-por-dia-internacional-del-socorrista-y-muerte-de-lider-social\/\" \/>\n<meta property=\"og:locale\" content=\"es_ES\" \/>\n<meta property=\"og:type\" content=\"article\" \/>\n<meta property=\"og:title\" content=\"Sonora en Equipo. Presentan posicionamientos por D\u00eda Internacional del Socorrista y muerte de l\u00edder social Congreso\" \/>\n<meta property=\"og:description\" content=\"HERMOSILLO, SONORA. MX. \u2014 Los diputados Marcia Lorena Camarena Moncada y Carlos Navarrete Aguirre presentaron ante la mesa directiva de la Diputaci\u00f3n En Sonora en Equipo publicamos toda la informaci\u00f3n de Sonora, M\u00e9xico y el Mundo de manera oportuna y busca que la libertad de expresi\u00f3n sea real. Visita nuestro medio informativo publicado desde Hermosillo, Sonora. %\" \/>\n<meta property=\"og:url\" content=\"https:\/\/www.sonoraenequipo.com.mx\/presentan-posicionamientos-por-dia-internacional-del-socorrista-y-muerte-de-lider-social\/\" \/>\n<meta property=\"og:site_name\" content=\"Sonora en Equipo.\" \/>\n<meta property=\"article:publisher\" content=\"https:\/\/www.facebook.com\/SonoraEE\/\" \/>\n<meta property=\"article:author\" content=\"https:\/\/www.facebook.com\/SonoraEE\" \/>\n<meta property=\"article:published_time\" content=\"2021-06-24T22:00:30+00:00\" \/>\n<meta property=\"article:modified_time\" content=\"2021-06-25T16:07:20+00:00\" \/>\n<meta property=\"og:image\" content=\"https:\/\/www.sonoraenequipo.com.mx\/storage\/2021\/06\/posicionamiento-Congreso-de-Sonora_opt.jpg\" \/>\n\t<meta property=\"og:image:width\" content=\"700\" \/>\n\t<meta property=\"og:image:height\" content=\"400\" \/>\n\t<meta property=\"og:image:type\" content=\"image\/jpeg\" \/>\n<meta name=\"author\" content=\"enequipo\" \/>\n<meta name=\"twitter:card\" content=\"summary_large_image\" \/>\n<meta name=\"twitter:creator\" content=\"@sonoraenequipo\" \/>\n<meta name=\"twitter:site\" content=\"@sonoraenequipo\" \/>\n<meta name=\"twitter:label1\" content=\"Escrito por\" \/>\n\t<meta name=\"twitter:data1\" content=\"enequipo\" \/>\n\t<meta name=\"twitter:label2\" content=\"Tiempo de lectura\" \/>\n\t<meta name=\"twitter:data2\" content=\"3 minutos\" \/>\n<script type=\"application\/ld+json\" class=\"yoast-schema-graph\">{\"@context\":\"https:\/\/schema.org\",\"@graph\":[{\"@type\":\"Article\",\"@id\":\"https:\/\/www.sonoraenequipo.com.mx\/presentan-posicionamientos-por-dia-internacional-del-socorrista-y-muerte-de-lider-social\/#article\",\"isPartOf\":{\"@id\":\"https:\/\/www.sonoraenequipo.com.mx\/presentan-posicionamientos-por-dia-internacional-del-socorrista-y-muerte-de-lider-social\/\"},\"author\":{\"name\":\"enequipo\",\"@id\":\"https:\/\/www.sonoraenequipo.com.mx\/#\/schema\/person\/50102df0fb23a8fa9e8effad8fa81386\"},\"headline\":\"Presentan posicionamientos por D\u00eda Internacional del Socorrista y muerte de l\u00edder social\",\"datePublished\":\"2021-06-24T22:00:30+00:00\",\"dateModified\":\"2021-06-25T16:07:20+00:00\",\"mainEntityOfPage\":{\"@id\":\"https:\/\/www.sonoraenequipo.com.mx\/presentan-posicionamientos-por-dia-internacional-del-socorrista-y-muerte-de-lider-social\/\"},\"wordCount\":661,\"commentCount\":0,\"publisher\":{\"@id\":\"https:\/\/www.sonoraenequipo.com.mx\/#organization\"},\"image\":{\"@id\":\"https:\/\/www.sonoraenequipo.com.mx\/presentan-posicionamientos-por-dia-internacional-del-socorrista-y-muerte-de-lider-social\/#primaryimage\"},\"thumbnailUrl\":\"https:\/\/www.sonoraenequipo.com.mx\/storage\/2021\/06\/posicionamiento-Congreso-de-Sonora_opt.jpg\",\"articleSection\":[\"Congreso\"],\"inLanguage\":\"es\",\"potentialAction\":[{\"@type\":\"CommentAction\",\"name\":\"Comment\",\"target\":[\"https:\/\/www.sonoraenequipo.com.mx\/presentan-posicionamientos-por-dia-internacional-del-socorrista-y-muerte-de-lider-social\/#respond\"]}]},{\"@type\":\"WebPage\",\"@id\":\"https:\/\/www.sonoraenequipo.com.mx\/presentan-posicionamientos-por-dia-internacional-del-socorrista-y-muerte-de-lider-social\/\",\"url\":\"https:\/\/www.sonoraenequipo.com.mx\/presentan-posicionamientos-por-dia-internacional-del-socorrista-y-muerte-de-lider-social\/\",\"name\":\"Sonora en Equipo. Presentan posicionamientos por D\u00eda Internacional del Socorrista y muerte de l\u00edder social Congreso\",\"isPartOf\":{\"@id\":\"https:\/\/www.sonoraenequipo.com.mx\/#website\"},\"primaryImageOfPage\":{\"@id\":\"https:\/\/www.sonoraenequipo.com.mx\/presentan-posicionamientos-por-dia-internacional-del-socorrista-y-muerte-de-lider-social\/#primaryimage\"},\"image\":{\"@id\":\"https:\/\/www.sonoraenequipo.com.mx\/presentan-posicionamientos-por-dia-internacional-del-socorrista-y-muerte-de-lider-social\/#primaryimage\"},\"thumbnailUrl\":\"https:\/\/www.sonoraenequipo.com.mx\/storage\/2021\/06\/posicionamiento-Congreso-de-Sonora_opt.jpg\",\"datePublished\":\"2021-06-24T22:00:30+00:00\",\"dateModified\":\"2021-06-25T16:07:20+00:00\",\"description\":\"HERMOSILLO, SONORA. MX. \u2014 Los diputados Marcia Lorena Camarena Moncada y Carlos Navarrete Aguirre presentaron ante la mesa directiva de la Diputaci\u00f3n En Sonora en Equipo publicamos toda la informaci\u00f3n de Sonora, M\u00e9xico y el Mundo de manera oportuna y busca que la libertad de expresi\u00f3n sea real. Visita nuestro medio informativo publicado desde Hermosillo, Sonora. %\",\"breadcrumb\":{\"@id\":\"https:\/\/www.sonoraenequipo.com.mx\/presentan-posicionamientos-por-dia-internacional-del-socorrista-y-muerte-de-lider-social\/#breadcrumb\"},\"inLanguage\":\"es\",\"potentialAction\":[{\"@type\":\"ReadAction\",\"target\":[\"https:\/\/www.sonoraenequipo.com.mx\/presentan-posicionamientos-por-dia-internacional-del-socorrista-y-muerte-de-lider-social\/\"]}]},{\"@type\":\"ImageObject\",\"inLanguage\":\"es\",\"@id\":\"https:\/\/www.sonoraenequipo.com.mx\/presentan-posicionamientos-por-dia-internacional-del-socorrista-y-muerte-de-lider-social\/#primaryimage\",\"url\":\"https:\/\/www.sonoraenequipo.com.mx\/storage\/2021\/06\/posicionamiento-Congreso-de-Sonora_opt.jpg\",\"contentUrl\":\"https:\/\/www.sonoraenequipo.com.mx\/storage\/2021\/06\/posicionamiento-Congreso-de-Sonora_opt.jpg\",\"width\":700,\"height\":400},{\"@type\":\"BreadcrumbList\",\"@id\":\"https:\/\/www.sonoraenequipo.com.mx\/presentan-posicionamientos-por-dia-internacional-del-socorrista-y-muerte-de-lider-social\/#breadcrumb\",\"itemListElement\":[{\"@type\":\"ListItem\",\"position\":1,\"name\":\"Portada\",\"item\":\"https:\/\/www.sonoraenequipo.com.mx\/\"},{\"@type\":\"ListItem\",\"position\":2,\"name\":\"Presentan posicionamientos por D\u00eda Internacional del Socorrista y muerte de l\u00edder social\"}]},{\"@type\":\"WebSite\",\"@id\":\"https:\/\/www.sonoraenequipo.com.mx\/#website\",\"url\":\"https:\/\/www.sonoraenequipo.com.mx\/\",\"name\":\"Sonora en Equipo.\",\"description\":\"Diario en l\u00ednea con Noticias desde Hermosillo, Sonora\",\"publisher\":{\"@id\":\"https:\/\/www.sonoraenequipo.com.mx\/#organization\"},\"potentialAction\":[{\"@type\":\"SearchAction\",\"target\":{\"@type\":\"EntryPoint\",\"urlTemplate\":\"https:\/\/www.sonoraenequipo.com.mx\/?s={search_term_string}\"},\"query-input\":{\"@type\":\"PropertyValueSpecification\",\"valueRequired\":true,\"valueName\":\"search_term_string\"}}],\"inLanguage\":\"es\"},{\"@type\":\"Organization\",\"@id\":\"https:\/\/www.sonoraenequipo.com.mx\/#organization\",\"name\":\"Sonoraenequipo.com.mx\",\"url\":\"https:\/\/www.sonoraenequipo.com.mx\/\",\"logo\":{\"@type\":\"ImageObject\",\"inLanguage\":\"es\",\"@id\":\"https:\/\/www.sonoraenequipo.com.mx\/#\/schema\/logo\/image\/\",\"url\":\"https:\/\/www.sonoraenequipo.com.mx\/storage\/2019\/01\/sonoraenequipo_opt.png\",\"contentUrl\":\"https:\/\/www.sonoraenequipo.com.mx\/storage\/2019\/01\/sonoraenequipo_opt.png\",\"width\":375,\"height\":125,\"caption\":\"Sonoraenequipo.com.mx\"},\"image\":{\"@id\":\"https:\/\/www.sonoraenequipo.com.mx\/#\/schema\/logo\/image\/\"},\"sameAs\":[\"https:\/\/www.facebook.com\/SonoraEE\/\",\"https:\/\/x.com\/sonoraenequipo\",\"https:\/\/www.youtube.com\/channel\/UC338nW-lPEYmJQs4ZABQ1SQ\"]},{\"@type\":\"Person\",\"@id\":\"https:\/\/www.sonoraenequipo.com.mx\/#\/schema\/person\/50102df0fb23a8fa9e8effad8fa81386\",\"name\":\"enequipo\",\"image\":{\"@type\":\"ImageObject\",\"inLanguage\":\"es\",\"@id\":\"https:\/\/www.sonoraenequipo.com.mx\/#\/schema\/person\/image\/\",\"url\":\"https:\/\/secure.gravatar.com\/avatar\/049821681b589dabc0bc20695993ccebb09f5b5d4d790cd9251b97faac7c652b?s=96&d=blank&r=g\",\"contentUrl\":\"https:\/\/secure.gravatar.com\/avatar\/049821681b589dabc0bc20695993ccebb09f5b5d4d790cd9251b97faac7c652b?s=96&d=blank&r=g\",\"caption\":\"enequipo\"},\"sameAs\":[\"https:\/\/www.facebook.com\/SonoraEE\"]}]}<\/script>\n ","yoast_head_json":{"title":"Sonora en Equipo. Presentan posicionamientos por D\u00eda Internacional del Socorrista y muerte de l\u00edder social Congreso","description":"HERMOSILLO, SONORA. MX. \u2014 Los diputados Marcia Lorena Camarena Moncada y Carlos Navarrete Aguirre presentaron ante la mesa directiva de la Diputaci\u00f3n En Sonora en Equipo publicamos toda la informaci\u00f3n de Sonora, M\u00e9xico y el Mundo de manera oportuna y busca que la libertad de expresi\u00f3n sea real. Visita nuestro medio informativo publicado desde Hermosillo, Sonora. %","robots":{"index":"index","follow":"follow","max-snippet":"max-snippet:-1","max-image-preview":"max-image-preview:large","max-video-preview":"max-video-preview:-1"},"canonical":"https:\/\/www.sonoraenequipo.com.mx\/presentan-posicionamientos-por-dia-internacional-del-socorrista-y-muerte-de-lider-social\/","og_locale":"es_ES","og_type":"article","og_title":"Sonora en Equipo. Presentan posicionamientos por D\u00eda Internacional del Socorrista y muerte de l\u00edder social Congreso","og_description":"HERMOSILLO, SONORA. MX. \u2014 Los diputados Marcia Lorena Camarena Moncada y Carlos Navarrete Aguirre presentaron ante la mesa directiva de la Diputaci\u00f3n En Sonora en Equipo publicamos toda la informaci\u00f3n de Sonora, M\u00e9xico y el Mundo de manera oportuna y busca que la libertad de expresi\u00f3n sea real. Visita nuestro medio informativo publicado desde Hermosillo, Sonora. %","og_url":"https:\/\/www.sonoraenequipo.com.mx\/presentan-posicionamientos-por-dia-internacional-del-socorrista-y-muerte-de-lider-social\/","og_site_name":"Sonora en Equipo.","article_publisher":"https:\/\/www.facebook.com\/SonoraEE\/","article_author":"https:\/\/www.facebook.com\/SonoraEE","article_published_time":"2021-06-24T22:00:30+00:00","article_modified_time":"2021-06-25T16:07:20+00:00","og_image":[{"width":700,"height":400,"url":"https:\/\/www.sonoraenequipo.com.mx\/storage\/2021\/06\/posicionamiento-Congreso-de-Sonora_opt.jpg","type":"image\/jpeg"}],"author":"enequipo","twitter_card":"summary_large_image","twitter_creator":"@sonoraenequipo","twitter_site":"@sonoraenequipo","twitter_misc":{"Escrito por":"enequipo","Tiempo de lectura":"3 minutos"},"schema":{"@context":"https:\/\/schema.org","@graph":[{"@type":"Article","@id":"https:\/\/www.sonoraenequipo.com.mx\/presentan-posicionamientos-por-dia-internacional-del-socorrista-y-muerte-de-lider-social\/#article","isPartOf":{"@id":"https:\/\/www.sonoraenequipo.com.mx\/presentan-posicionamientos-por-dia-internacional-del-socorrista-y-muerte-de-lider-social\/"},"author":{"name":"enequipo","@id":"https:\/\/www.sonoraenequipo.com.mx\/#\/schema\/person\/50102df0fb23a8fa9e8effad8fa81386"},"headline":"Presentan posicionamientos por D\u00eda Internacional del Socorrista y muerte de l\u00edder social","datePublished":"2021-06-24T22:00:30+00:00","dateModified":"2021-06-25T16:07:20+00:00","mainEntityOfPage":{"@id":"https:\/\/www.sonoraenequipo.com.mx\/presentan-posicionamientos-por-dia-internacional-del-socorrista-y-muerte-de-lider-social\/"},"wordCount":661,"commentCount":0,"publisher":{"@id":"https:\/\/www.sonoraenequipo.com.mx\/#organization"},"image":{"@id":"https:\/\/www.sonoraenequipo.com.mx\/presentan-posicionamientos-por-dia-internacional-del-socorrista-y-muerte-de-lider-social\/#primaryimage"},"thumbnailUrl":"https:\/\/www.sonoraenequipo.com.mx\/storage\/2021\/06\/posicionamiento-Congreso-de-Sonora_opt.jpg","articleSection":["Congreso"],"inLanguage":"es","potentialAction":[{"@type":"CommentAction","name":"Comment","target":["https:\/\/www.sonoraenequipo.com.mx\/presentan-posicionamientos-por-dia-internacional-del-socorrista-y-muerte-de-lider-social\/#respond"]}]},{"@type":"WebPage","@id":"https:\/\/www.sonoraenequipo.com.mx\/presentan-posicionamientos-por-dia-internacional-del-socorrista-y-muerte-de-lider-social\/","url":"https:\/\/www.sonoraenequipo.com.mx\/presentan-posicionamientos-por-dia-internacional-del-socorrista-y-muerte-de-lider-social\/","name":"Sonora en Equipo. Presentan posicionamientos por D\u00eda Internacional del Socorrista y muerte de l\u00edder social Congreso","isPartOf":{"@id":"https:\/\/www.sonoraenequipo.com.mx\/#website"},"primaryImageOfPage":{"@id":"https:\/\/www.sonoraenequipo.com.mx\/presentan-posicionamientos-por-dia-internacional-del-socorrista-y-muerte-de-lider-social\/#primaryimage"},"image":{"@id":"https:\/\/www.sonoraenequipo.com.mx\/presentan-posicionamientos-por-dia-internacional-del-socorrista-y-muerte-de-lider-social\/#primaryimage"},"thumbnailUrl":"https:\/\/www.sonoraenequipo.com.mx\/storage\/2021\/06\/posicionamiento-Congreso-de-Sonora_opt.jpg","datePublished":"2021-06-24T22:00:30+00:00","dateModified":"2021-06-25T16:07:20+00:00","description":"HERMOSILLO, SONORA. MX. \u2014 Los diputados Marcia Lorena Camarena Moncada y Carlos Navarrete Aguirre presentaron ante la mesa directiva de la Diputaci\u00f3n En Sonora en Equipo publicamos toda la informaci\u00f3n de Sonora, M\u00e9xico y el Mundo de manera oportuna y busca que la libertad de expresi\u00f3n sea real. Visita nuestro medio informativo publicado desde Hermosillo, Sonora. %","breadcrumb":{"@id":"https:\/\/www.sonoraenequipo.com.mx\/presentan-posicionamientos-por-dia-internacional-del-socorrista-y-muerte-de-lider-social\/#breadcrumb"},"inLanguage":"es","potentialAction":[{"@type":"ReadAction","target":["https:\/\/www.sonoraenequipo.com.mx\/presentan-posicionamientos-por-dia-internacional-del-socorrista-y-muerte-de-lider-social\/"]}]},{"@type":"ImageObject","inLanguage":"es","@id":"https:\/\/www.sonoraenequipo.com.mx\/presentan-posicionamientos-por-dia-internacional-del-socorrista-y-muerte-de-lider-social\/#primaryimage","url":"https:\/\/www.sonoraenequipo.com.mx\/storage\/2021\/06\/posicionamiento-Congreso-de-Sonora_opt.jpg","contentUrl":"https:\/\/www.sonoraenequipo.com.mx\/storage\/2021\/06\/posicionamiento-Congreso-de-Sonora_opt.jpg","width":700,"height":400},{"@type":"BreadcrumbList","@id":"https:\/\/www.sonoraenequipo.com.mx\/presentan-posicionamientos-por-dia-internacional-del-socorrista-y-muerte-de-lider-social\/#breadcrumb","itemListElement":[{"@type":"ListItem","position":1,"name":"Portada","item":"https:\/\/www.sonoraenequipo.com.mx\/"},{"@type":"ListItem","position":2,"name":"Presentan posicionamientos por D\u00eda Internacional del Socorrista y muerte de l\u00edder social"}]},{"@type":"WebSite","@id":"https:\/\/www.sonoraenequipo.com.mx\/#website","url":"https:\/\/www.sonoraenequipo.com.mx\/","name":"Sonora en Equipo.","description":"Diario en l\u00ednea con Noticias desde Hermosillo, Sonora","publisher":{"@id":"https:\/\/www.sonoraenequipo.com.mx\/#organization"},"potentialAction":[{"@type":"SearchAction","target":{"@type":"EntryPoint","urlTemplate":"https:\/\/www.sonoraenequipo.com.mx\/?s={search_term_string}"},"query-input":{"@type":"PropertyValueSpecification","valueRequired":true,"valueName":"search_term_string"}}],"inLanguage":"es"},{"@type":"Organization","@id":"https:\/\/www.sonoraenequipo.com.mx\/#organization","name":"Sonoraenequipo.com.mx","url":"https:\/\/www.sonoraenequipo.com.mx\/","logo":{"@type":"ImageObject","inLanguage":"es","@id":"https:\/\/www.sonoraenequipo.com.mx\/#\/schema\/logo\/image\/","url":"https:\/\/www.sonoraenequipo.com.mx\/storage\/2019\/01\/sonoraenequipo_opt.png","contentUrl":"https:\/\/www.sonoraenequipo.com.mx\/storage\/2019\/01\/sonoraenequipo_opt.png","width":375,"height":125,"caption":"Sonoraenequipo.com.mx"},"image":{"@id":"https:\/\/www.sonoraenequipo.com.mx\/#\/schema\/logo\/image\/"},"sameAs":["https:\/\/www.facebook.com\/SonoraEE\/","https:\/\/x.com\/sonoraenequipo","https:\/\/www.youtube.com\/channel\/UC338nW-lPEYmJQs4ZABQ1SQ"]},{"@type":"Person","@id":"https:\/\/www.sonoraenequipo.com.mx\/#\/schema\/person\/50102df0fb23a8fa9e8effad8fa81386","name":"enequipo","image":{"@type":"ImageObject","inLanguage":"es","@id":"https:\/\/www.sonoraenequipo.com.mx\/#\/schema\/person\/image\/","url":"https:\/\/secure.gravatar.com\/avatar\/049821681b589dabc0bc20695993ccebb09f5b5d4d790cd9251b97faac7c652b?s=96&d=blank&r=g","contentUrl":"https:\/\/secure.gravatar.com\/avatar\/049821681b589dabc0bc20695993ccebb09f5b5d4d790cd9251b97faac7c652b?s=96&d=blank&r=g","caption":"enequipo"},"sameAs":["https:\/\/www.facebook.com\/SonoraEE"]}]}},"jetpack_featured_media_url":"https:\/\/www.sonoraenequipo.com.mx\/storage\/2021\/06\/posicionamiento-Congreso-de-Sonora_opt.jpg","_links":{"self":[{"href":"https:\/\/www.sonoraenequipo.com.mx\/api\/wp\/v2\/posts\/117075","targetHints":{"allow":["GET"]}}],"collection":[{"href":"https:\/\/www.sonoraenequipo.com.mx\/api\/wp\/v2\/posts"}],"about":[{"href":"https:\/\/www.sonoraenequipo.com.mx\/api\/wp\/v2\/types\/post"}],"author":[{"embeddable":true,"href":"https:\/\/www.sonoraenequipo.com.mx\/api\/wp\/v2\/users\/1"}],"replies":[{"embeddable":true,"href":"https:\/\/www.sonoraenequipo.com.mx\/api\/wp\/v2\/comments?post=117075"}],"version-history":[{"count":1,"href":"https:\/\/www.sonoraenequipo.com.mx\/api\/wp\/v2\/posts\/117075\/revisions"}],"predecessor-version":[{"id":117078,"href":"https:\/\/www.sonoraenequipo.com.mx\/api\/wp\/v2\/posts\/117075\/revisions\/117078"}],"wp:featuredmedia":[{"embeddable":true,"href":"https:\/\/www.sonoraenequipo.com.mx\/api\/wp\/v2\/media\/117077"}],"wp:attachment":[{"href":"https:\/\/www.sonoraenequipo.com.mx\/api\/wp\/v2\/media?parent=117075"}],"wp:term":[{"taxonomy":"category","embeddable":true,"href":"https:\/\/www.sonoraenequipo.com.mx\/api\/wp\/v2\/categories?post=117075"},{"taxonomy":"post_tag","embeddable":true,"href":"https:\/\/www.sonoraenequipo.com.mx\/api\/wp\/v2\/tags?post=117075"}],"curies":[{"name":"wp","href":"https:\/\/api.w.org\/{rel}","templated":true}]}}