{"id":117091,"date":"2021-06-25T12:20:44","date_gmt":"2021-06-25T19:20:44","guid":{"rendered":"https:\/\/www.sonoraenequipo.com.mx\/?p=117091"},"modified":"2021-06-25T12:20:44","modified_gmt":"2021-06-25T19:20:44","slug":"reconocieron-a-socorristas-de-hermosillo-en-su-dia","status":"publish","type":"post","link":"https:\/\/www.sonoraenequipo.com.mx\/reconocieron-a-socorristas-de-hermosillo-en-su-dia\/","title":{"rendered":"Reconocieron a socorristas de Hermosillo en su d\u00eda"},"content":{"rendered":"<p>HERMOSILLO, SONORA,MX.\u2500\u2500 Como la m\u00e1s genuina expresi\u00f3n de amor al pr\u00f3ximo, defini\u00f3 el Presidente Municipal de Hermosillo, Ferm\u00edn Gonz\u00e1lez Gaxiola, la labor del d\u00eda a d\u00eda de cada socorrista que con dedicaci\u00f3n asume riesgos para salvar la vida de otras personas.<\/p>\n<p>&nbsp;<\/p>\n<p>\u201cEso solo se enmarca en el amor al pr\u00f3jimo, no se puede explicar de otro modo\u201d, expres\u00f3 el alcalde capitalino, quien se sum\u00f3 a los reconocimientos a la perseverancia que recibieron elementos con trayectorias de los 5 a los 61 a\u00f1os de antig\u00fcedad en la delegaci\u00f3n Hermosillo de Cruz Roja Mexicana.<\/p>\n<p>&nbsp;<\/p>\n<p>Tambi\u00e9n fueron distinguidos quienes aceptaron ser voluntarios especializados en la atenci\u00f3n de usuarios con s\u00edntomas o sospechosos de Covid 19, desde que se manifest\u00f3 la pandemia por esta enfermedad en la localidad, y de manera especial el socorrista del a\u00f1o 2021, Ferm\u00edn Estrada Robles.<\/p>\n<p>&nbsp;<\/p>\n<p>Gonz\u00e1lez Gaxiola acudi\u00f3 como invitado a la ceremonia que organizaron los directivos de Cruz Roja Hermosillo como una forma de visibilizar y premiar ante la comunidad la labor de este personal y la de quienes ya fallecieron pero permanecen en la memoria de sus compa\u00f1eros. El Alcalde afirm\u00f3 que cada uno de estos profesionales cuenta con el reconocimiento de toda la ciudad.<\/p>\n<p>&nbsp;<\/p>\n<p>Acompa\u00f1\u00f3 en el pres\u00eddium a Carlos Freaner Figueroa, vicepresidente nacional y delegado estatal de Cruz Roja; tambi\u00e9n Roberto Maz\u00f3n Caballero y Jorge Aguirre Robles, presidente y expresidente del Consejo de la instituci\u00f3n en Hermosillo, respectivamente; Guadalupe Ayala Noriega, coordinador local de socorristas y el m\u00e9dico cirujano Carlos Mej\u00eda Galindo, representante de la IV Zona Militar, adem\u00e1s de mandos administrativos de la instituci\u00f3n.<\/p>\n<p>Fecha de Publicaci\u00f3n\u00a0 viernes \/ 25\u00a0 \/ junio \/ 2021<\/p>\n","protected":false},"excerpt":{"rendered":"<p>HERMOSILLO, SONORA,MX.\u2500\u2500 Como la m\u00e1s genuina expresi\u00f3n de amor al pr\u00f3ximo, defini\u00f3 el Presidente Municipal&#8230;<\/p>\n","protected":false},"author":1,"featured_media":117092,"comment_status":"open","ping_status":"open","sticky":false,"template":"","format":"standard","meta":{"_monsterinsights_skip_tracking":false,"_monsterinsights_sitenote_active":false,"_monsterinsights_sitenote_note":"","_monsterinsights_sitenote_category":0,"footnotes":""},"categories":[4],"tags":[4249,35,688],"class_list":["post"],"yoast_head":" \n<title>Sonora en Equipo. Reconocieron a socorristas de Hermosillo en su d\u00eda Municipios<\/title>\n<meta name=\"description\" content=\"HERMOSILLO, SONORA,MX.\u2500\u2500 Como la m\u00e1s genuina expresi\u00f3n de amor al pr\u00f3ximo, defini\u00f3 el Presidente Municipal de Hermosillo, Ferm\u00edn Gonz\u00e1lez Gaxiola, la En Sonora en Equipo publicamos toda la informaci\u00f3n de Sonora, M\u00e9xico y el Mundo de manera oportuna y busca que la libertad de expresi\u00f3n sea real. Visita nuestro medio informativo publicado desde Hermosillo, Sonora. %\" \/>\n<meta name=\"robots\" content=\"index, follow, max-snippet:-1, max-image-preview:large, max-video-preview:-1\" \/>\n<link rel=\"canonical\" href=\"https:\/\/www.sonoraenequipo.com.mx\/reconocieron-a-socorristas-de-hermosillo-en-su-dia\/\" \/>\n<meta property=\"og:locale\" content=\"es_ES\" \/>\n<meta property=\"og:type\" content=\"article\" \/>\n<meta property=\"og:title\" content=\"Sonora en Equipo. Reconocieron a socorristas de Hermosillo en su d\u00eda Municipios\" \/>\n<meta property=\"og:description\" content=\"HERMOSILLO, SONORA,MX.\u2500\u2500 Como la m\u00e1s genuina expresi\u00f3n de amor al pr\u00f3ximo, defini\u00f3 el Presidente Municipal de Hermosillo, Ferm\u00edn Gonz\u00e1lez Gaxiola, la En Sonora en Equipo publicamos toda la informaci\u00f3n de Sonora, M\u00e9xico y el Mundo de manera oportuna y busca que la libertad de expresi\u00f3n sea real. Visita nuestro medio informativo publicado desde Hermosillo, Sonora. %\" \/>\n<meta property=\"og:url\" content=\"https:\/\/www.sonoraenequipo.com.mx\/reconocieron-a-socorristas-de-hermosillo-en-su-dia\/\" \/>\n<meta property=\"og:site_name\" content=\"Sonora en Equipo.\" \/>\n<meta property=\"article:publisher\" content=\"https:\/\/www.facebook.com\/SonoraEE\/\" \/>\n<meta property=\"article:author\" content=\"https:\/\/www.facebook.com\/SonoraEE\" \/>\n<meta property=\"article:published_time\" content=\"2021-06-25T19:20:44+00:00\" \/>\n<meta property=\"og:image\" content=\"https:\/\/www.sonoraenequipo.com.mx\/storage\/2021\/06\/socorrista-hermosillo.jpg\" \/>\n\t<meta property=\"og:image:width\" content=\"700\" \/>\n\t<meta property=\"og:image:height\" content=\"400\" \/>\n\t<meta property=\"og:image:type\" content=\"image\/jpeg\" \/>\n<meta name=\"author\" content=\"enequipo\" \/>\n<meta name=\"twitter:card\" content=\"summary_large_image\" \/>\n<meta name=\"twitter:creator\" content=\"@sonoraenequipo\" \/>\n<meta name=\"twitter:site\" content=\"@sonoraenequipo\" \/>\n<meta name=\"twitter:label1\" content=\"Escrito por\" \/>\n\t<meta name=\"twitter:data1\" content=\"enequipo\" \/>\n\t<meta name=\"twitter:label2\" content=\"Tiempo de lectura\" \/>\n\t<meta name=\"twitter:data2\" content=\"2 minutos\" \/>\n<script type=\"application\/ld+json\" class=\"yoast-schema-graph\">{\"@context\":\"https:\/\/schema.org\",\"@graph\":[{\"@type\":\"Article\",\"@id\":\"https:\/\/www.sonoraenequipo.com.mx\/reconocieron-a-socorristas-de-hermosillo-en-su-dia\/#article\",\"isPartOf\":{\"@id\":\"https:\/\/www.sonoraenequipo.com.mx\/reconocieron-a-socorristas-de-hermosillo-en-su-dia\/\"},\"author\":{\"name\":\"enequipo\",\"@id\":\"https:\/\/www.sonoraenequipo.com.mx\/#\/schema\/person\/50102df0fb23a8fa9e8effad8fa81386\"},\"headline\":\"Reconocieron a socorristas de Hermosillo en su d\u00eda\",\"datePublished\":\"2021-06-25T19:20:44+00:00\",\"mainEntityOfPage\":{\"@id\":\"https:\/\/www.sonoraenequipo.com.mx\/reconocieron-a-socorristas-de-hermosillo-en-su-dia\/\"},\"wordCount\":303,\"commentCount\":0,\"publisher\":{\"@id\":\"https:\/\/www.sonoraenequipo.com.mx\/#organization\"},\"image\":{\"@id\":\"https:\/\/www.sonoraenequipo.com.mx\/reconocieron-a-socorristas-de-hermosillo-en-su-dia\/#primaryimage\"},\"thumbnailUrl\":\"https:\/\/www.sonoraenequipo.com.mx\/storage\/2021\/06\/socorrista-hermosillo.jpg\",\"keywords\":[\"covid\",\"hermosillo\",\"socorristas\"],\"articleSection\":[\"Municipios\"],\"inLanguage\":\"es\",\"potentialAction\":[{\"@type\":\"CommentAction\",\"name\":\"Comment\",\"target\":[\"https:\/\/www.sonoraenequipo.com.mx\/reconocieron-a-socorristas-de-hermosillo-en-su-dia\/#respond\"]}]},{\"@type\":\"WebPage\",\"@id\":\"https:\/\/www.sonoraenequipo.com.mx\/reconocieron-a-socorristas-de-hermosillo-en-su-dia\/\",\"url\":\"https:\/\/www.sonoraenequipo.com.mx\/reconocieron-a-socorristas-de-hermosillo-en-su-dia\/\",\"name\":\"Sonora en Equipo. Reconocieron a socorristas de Hermosillo en su d\u00eda Municipios\",\"isPartOf\":{\"@id\":\"https:\/\/www.sonoraenequipo.com.mx\/#website\"},\"primaryImageOfPage\":{\"@id\":\"https:\/\/www.sonoraenequipo.com.mx\/reconocieron-a-socorristas-de-hermosillo-en-su-dia\/#primaryimage\"},\"image\":{\"@id\":\"https:\/\/www.sonoraenequipo.com.mx\/reconocieron-a-socorristas-de-hermosillo-en-su-dia\/#primaryimage\"},\"thumbnailUrl\":\"https:\/\/www.sonoraenequipo.com.mx\/storage\/2021\/06\/socorrista-hermosillo.jpg\",\"datePublished\":\"2021-06-25T19:20:44+00:00\",\"description\":\"HERMOSILLO, SONORA,MX.\u2500\u2500 Como la m\u00e1s genuina expresi\u00f3n de amor al pr\u00f3ximo, defini\u00f3 el Presidente Municipal de Hermosillo, Ferm\u00edn Gonz\u00e1lez Gaxiola, la En Sonora en Equipo publicamos toda la informaci\u00f3n de Sonora, M\u00e9xico y el Mundo de manera oportuna y busca que la libertad de expresi\u00f3n sea real. Visita nuestro medio informativo publicado desde Hermosillo, Sonora. %\",\"breadcrumb\":{\"@id\":\"https:\/\/www.sonoraenequipo.com.mx\/reconocieron-a-socorristas-de-hermosillo-en-su-dia\/#breadcrumb\"},\"inLanguage\":\"es\",\"potentialAction\":[{\"@type\":\"ReadAction\",\"target\":[\"https:\/\/www.sonoraenequipo.com.mx\/reconocieron-a-socorristas-de-hermosillo-en-su-dia\/\"]}]},{\"@type\":\"ImageObject\",\"inLanguage\":\"es\",\"@id\":\"https:\/\/www.sonoraenequipo.com.mx\/reconocieron-a-socorristas-de-hermosillo-en-su-dia\/#primaryimage\",\"url\":\"https:\/\/www.sonoraenequipo.com.mx\/storage\/2021\/06\/socorrista-hermosillo.jpg\",\"contentUrl\":\"https:\/\/www.sonoraenequipo.com.mx\/storage\/2021\/06\/socorrista-hermosillo.jpg\",\"width\":700,\"height\":400},{\"@type\":\"BreadcrumbList\",\"@id\":\"https:\/\/www.sonoraenequipo.com.mx\/reconocieron-a-socorristas-de-hermosillo-en-su-dia\/#breadcrumb\",\"itemListElement\":[{\"@type\":\"ListItem\",\"position\":1,\"name\":\"Portada\",\"item\":\"https:\/\/www.sonoraenequipo.com.mx\/\"},{\"@type\":\"ListItem\",\"position\":2,\"name\":\"Reconocieron a socorristas de Hermosillo en su d\u00eda\"}]},{\"@type\":\"WebSite\",\"@id\":\"https:\/\/www.sonoraenequipo.com.mx\/#website\",\"url\":\"https:\/\/www.sonoraenequipo.com.mx\/\",\"name\":\"Sonora en Equipo.\",\"description\":\"Diario en l\u00ednea con Noticias desde Hermosillo, Sonora\",\"publisher\":{\"@id\":\"https:\/\/www.sonoraenequipo.com.mx\/#organization\"},\"potentialAction\":[{\"@type\":\"SearchAction\",\"target\":{\"@type\":\"EntryPoint\",\"urlTemplate\":\"https:\/\/www.sonoraenequipo.com.mx\/?s={search_term_string}\"},\"query-input\":{\"@type\":\"PropertyValueSpecification\",\"valueRequired\":true,\"valueName\":\"search_term_string\"}}],\"inLanguage\":\"es\"},{\"@type\":\"Organization\",\"@id\":\"https:\/\/www.sonoraenequipo.com.mx\/#organization\",\"name\":\"Sonoraenequipo.com.mx\",\"url\":\"https:\/\/www.sonoraenequipo.com.mx\/\",\"logo\":{\"@type\":\"ImageObject\",\"inLanguage\":\"es\",\"@id\":\"https:\/\/www.sonoraenequipo.com.mx\/#\/schema\/logo\/image\/\",\"url\":\"https:\/\/www.sonoraenequipo.com.mx\/storage\/2019\/01\/sonoraenequipo_opt.png\",\"contentUrl\":\"https:\/\/www.sonoraenequipo.com.mx\/storage\/2019\/01\/sonoraenequipo_opt.png\",\"width\":375,\"height\":125,\"caption\":\"Sonoraenequipo.com.mx\"},\"image\":{\"@id\":\"https:\/\/www.sonoraenequipo.com.mx\/#\/schema\/logo\/image\/\"},\"sameAs\":[\"https:\/\/www.facebook.com\/SonoraEE\/\",\"https:\/\/x.com\/sonoraenequipo\",\"https:\/\/www.youtube.com\/channel\/UC338nW-lPEYmJQs4ZABQ1SQ\"]},{\"@type\":\"Person\",\"@id\":\"https:\/\/www.sonoraenequipo.com.mx\/#\/schema\/person\/50102df0fb23a8fa9e8effad8fa81386\",\"name\":\"enequipo\",\"image\":{\"@type\":\"ImageObject\",\"inLanguage\":\"es\",\"@id\":\"https:\/\/www.sonoraenequipo.com.mx\/#\/schema\/person\/image\/\",\"url\":\"https:\/\/secure.gravatar.com\/avatar\/049821681b589dabc0bc20695993ccebb09f5b5d4d790cd9251b97faac7c652b?s=96&d=blank&r=g\",\"contentUrl\":\"https:\/\/secure.gravatar.com\/avatar\/049821681b589dabc0bc20695993ccebb09f5b5d4d790cd9251b97faac7c652b?s=96&d=blank&r=g\",\"caption\":\"enequipo\"},\"sameAs\":[\"https:\/\/www.facebook.com\/SonoraEE\"]}]}<\/script>\n ","yoast_head_json":{"title":"Sonora en Equipo. Reconocieron a socorristas de Hermosillo en su d\u00eda Municipios","description":"HERMOSILLO, SONORA,MX.\u2500\u2500 Como la m\u00e1s genuina expresi\u00f3n de amor al pr\u00f3ximo, defini\u00f3 el Presidente Municipal de Hermosillo, Ferm\u00edn Gonz\u00e1lez Gaxiola, la En Sonora en Equipo publicamos toda la informaci\u00f3n de Sonora, M\u00e9xico y el Mundo de manera oportuna y busca que la libertad de expresi\u00f3n sea real. Visita nuestro medio informativo publicado desde Hermosillo, Sonora. %","robots":{"index":"index","follow":"follow","max-snippet":"max-snippet:-1","max-image-preview":"max-image-preview:large","max-video-preview":"max-video-preview:-1"},"canonical":"https:\/\/www.sonoraenequipo.com.mx\/reconocieron-a-socorristas-de-hermosillo-en-su-dia\/","og_locale":"es_ES","og_type":"article","og_title":"Sonora en Equipo. Reconocieron a socorristas de Hermosillo en su d\u00eda Municipios","og_description":"HERMOSILLO, SONORA,MX.\u2500\u2500 Como la m\u00e1s genuina expresi\u00f3n de amor al pr\u00f3ximo, defini\u00f3 el Presidente Municipal de Hermosillo, Ferm\u00edn Gonz\u00e1lez Gaxiola, la En Sonora en Equipo publicamos toda la informaci\u00f3n de Sonora, M\u00e9xico y el Mundo de manera oportuna y busca que la libertad de expresi\u00f3n sea real. Visita nuestro medio informativo publicado desde Hermosillo, Sonora. %","og_url":"https:\/\/www.sonoraenequipo.com.mx\/reconocieron-a-socorristas-de-hermosillo-en-su-dia\/","og_site_name":"Sonora en Equipo.","article_publisher":"https:\/\/www.facebook.com\/SonoraEE\/","article_author":"https:\/\/www.facebook.com\/SonoraEE","article_published_time":"2021-06-25T19:20:44+00:00","og_image":[{"width":700,"height":400,"url":"https:\/\/www.sonoraenequipo.com.mx\/storage\/2021\/06\/socorrista-hermosillo.jpg","type":"image\/jpeg"}],"author":"enequipo","twitter_card":"summary_large_image","twitter_creator":"@sonoraenequipo","twitter_site":"@sonoraenequipo","twitter_misc":{"Escrito por":"enequipo","Tiempo de lectura":"2 minutos"},"schema":{"@context":"https:\/\/schema.org","@graph":[{"@type":"Article","@id":"https:\/\/www.sonoraenequipo.com.mx\/reconocieron-a-socorristas-de-hermosillo-en-su-dia\/#article","isPartOf":{"@id":"https:\/\/www.sonoraenequipo.com.mx\/reconocieron-a-socorristas-de-hermosillo-en-su-dia\/"},"author":{"name":"enequipo","@id":"https:\/\/www.sonoraenequipo.com.mx\/#\/schema\/person\/50102df0fb23a8fa9e8effad8fa81386"},"headline":"Reconocieron a socorristas de Hermosillo en su d\u00eda","datePublished":"2021-06-25T19:20:44+00:00","mainEntityOfPage":{"@id":"https:\/\/www.sonoraenequipo.com.mx\/reconocieron-a-socorristas-de-hermosillo-en-su-dia\/"},"wordCount":303,"commentCount":0,"publisher":{"@id":"https:\/\/www.sonoraenequipo.com.mx\/#organization"},"image":{"@id":"https:\/\/www.sonoraenequipo.com.mx\/reconocieron-a-socorristas-de-hermosillo-en-su-dia\/#primaryimage"},"thumbnailUrl":"https:\/\/www.sonoraenequipo.com.mx\/storage\/2021\/06\/socorrista-hermosillo.jpg","keywords":["covid","hermosillo","socorristas"],"articleSection":["Municipios"],"inLanguage":"es","potentialAction":[{"@type":"CommentAction","name":"Comment","target":["https:\/\/www.sonoraenequipo.com.mx\/reconocieron-a-socorristas-de-hermosillo-en-su-dia\/#respond"]}]},{"@type":"WebPage","@id":"https:\/\/www.sonoraenequipo.com.mx\/reconocieron-a-socorristas-de-hermosillo-en-su-dia\/","url":"https:\/\/www.sonoraenequipo.com.mx\/reconocieron-a-socorristas-de-hermosillo-en-su-dia\/","name":"Sonora en Equipo. Reconocieron a socorristas de Hermosillo en su d\u00eda Municipios","isPartOf":{"@id":"https:\/\/www.sonoraenequipo.com.mx\/#website"},"primaryImageOfPage":{"@id":"https:\/\/www.sonoraenequipo.com.mx\/reconocieron-a-socorristas-de-hermosillo-en-su-dia\/#primaryimage"},"image":{"@id":"https:\/\/www.sonoraenequipo.com.mx\/reconocieron-a-socorristas-de-hermosillo-en-su-dia\/#primaryimage"},"thumbnailUrl":"https:\/\/www.sonoraenequipo.com.mx\/storage\/2021\/06\/socorrista-hermosillo.jpg","datePublished":"2021-06-25T19:20:44+00:00","description":"HERMOSILLO, SONORA,MX.\u2500\u2500 Como la m\u00e1s genuina expresi\u00f3n de amor al pr\u00f3ximo, defini\u00f3 el Presidente Municipal de Hermosillo, Ferm\u00edn Gonz\u00e1lez Gaxiola, la En Sonora en Equipo publicamos toda la informaci\u00f3n de Sonora, M\u00e9xico y el Mundo de manera oportuna y busca que la libertad de expresi\u00f3n sea real. Visita nuestro medio informativo publicado desde Hermosillo, Sonora. %","breadcrumb":{"@id":"https:\/\/www.sonoraenequipo.com.mx\/reconocieron-a-socorristas-de-hermosillo-en-su-dia\/#breadcrumb"},"inLanguage":"es","potentialAction":[{"@type":"ReadAction","target":["https:\/\/www.sonoraenequipo.com.mx\/reconocieron-a-socorristas-de-hermosillo-en-su-dia\/"]}]},{"@type":"ImageObject","inLanguage":"es","@id":"https:\/\/www.sonoraenequipo.com.mx\/reconocieron-a-socorristas-de-hermosillo-en-su-dia\/#primaryimage","url":"https:\/\/www.sonoraenequipo.com.mx\/storage\/2021\/06\/socorrista-hermosillo.jpg","contentUrl":"https:\/\/www.sonoraenequipo.com.mx\/storage\/2021\/06\/socorrista-hermosillo.jpg","width":700,"height":400},{"@type":"BreadcrumbList","@id":"https:\/\/www.sonoraenequipo.com.mx\/reconocieron-a-socorristas-de-hermosillo-en-su-dia\/#breadcrumb","itemListElement":[{"@type":"ListItem","position":1,"name":"Portada","item":"https:\/\/www.sonoraenequipo.com.mx\/"},{"@type":"ListItem","position":2,"name":"Reconocieron a socorristas de Hermosillo en su d\u00eda"}]},{"@type":"WebSite","@id":"https:\/\/www.sonoraenequipo.com.mx\/#website","url":"https:\/\/www.sonoraenequipo.com.mx\/","name":"Sonora en Equipo.","description":"Diario en l\u00ednea con Noticias desde Hermosillo, Sonora","publisher":{"@id":"https:\/\/www.sonoraenequipo.com.mx\/#organization"},"potentialAction":[{"@type":"SearchAction","target":{"@type":"EntryPoint","urlTemplate":"https:\/\/www.sonoraenequipo.com.mx\/?s={search_term_string}"},"query-input":{"@type":"PropertyValueSpecification","valueRequired":true,"valueName":"search_term_string"}}],"inLanguage":"es"},{"@type":"Organization","@id":"https:\/\/www.sonoraenequipo.com.mx\/#organization","name":"Sonoraenequipo.com.mx","url":"https:\/\/www.sonoraenequipo.com.mx\/","logo":{"@type":"ImageObject","inLanguage":"es","@id":"https:\/\/www.sonoraenequipo.com.mx\/#\/schema\/logo\/image\/","url":"https:\/\/www.sonoraenequipo.com.mx\/storage\/2019\/01\/sonoraenequipo_opt.png","contentUrl":"https:\/\/www.sonoraenequipo.com.mx\/storage\/2019\/01\/sonoraenequipo_opt.png","width":375,"height":125,"caption":"Sonoraenequipo.com.mx"},"image":{"@id":"https:\/\/www.sonoraenequipo.com.mx\/#\/schema\/logo\/image\/"},"sameAs":["https:\/\/www.facebook.com\/SonoraEE\/","https:\/\/x.com\/sonoraenequipo","https:\/\/www.youtube.com\/channel\/UC338nW-lPEYmJQs4ZABQ1SQ"]},{"@type":"Person","@id":"https:\/\/www.sonoraenequipo.com.mx\/#\/schema\/person\/50102df0fb23a8fa9e8effad8fa81386","name":"enequipo","image":{"@type":"ImageObject","inLanguage":"es","@id":"https:\/\/www.sonoraenequipo.com.mx\/#\/schema\/person\/image\/","url":"https:\/\/secure.gravatar.com\/avatar\/049821681b589dabc0bc20695993ccebb09f5b5d4d790cd9251b97faac7c652b?s=96&d=blank&r=g","contentUrl":"https:\/\/secure.gravatar.com\/avatar\/049821681b589dabc0bc20695993ccebb09f5b5d4d790cd9251b97faac7c652b?s=96&d=blank&r=g","caption":"enequipo"},"sameAs":["https:\/\/www.facebook.com\/SonoraEE"]}]}},"jetpack_featured_media_url":"https:\/\/www.sonoraenequipo.com.mx\/storage\/2021\/06\/socorrista-hermosillo.jpg","_links":{"self":[{"href":"https:\/\/www.sonoraenequipo.com.mx\/api\/wp\/v2\/posts\/117091","targetHints":{"allow":["GET"]}}],"collection":[{"href":"https:\/\/www.sonoraenequipo.com.mx\/api\/wp\/v2\/posts"}],"about":[{"href":"https:\/\/www.sonoraenequipo.com.mx\/api\/wp\/v2\/types\/post"}],"author":[{"embeddable":true,"href":"https:\/\/www.sonoraenequipo.com.mx\/api\/wp\/v2\/users\/1"}],"replies":[{"embeddable":true,"href":"https:\/\/www.sonoraenequipo.com.mx\/api\/wp\/v2\/comments?post=117091"}],"version-history":[{"count":1,"href":"https:\/\/www.sonoraenequipo.com.mx\/api\/wp\/v2\/posts\/117091\/revisions"}],"predecessor-version":[{"id":117093,"href":"https:\/\/www.sonoraenequipo.com.mx\/api\/wp\/v2\/posts\/117091\/revisions\/117093"}],"wp:featuredmedia":[{"embeddable":true,"href":"https:\/\/www.sonoraenequipo.com.mx\/api\/wp\/v2\/media\/117092"}],"wp:attachment":[{"href":"https:\/\/www.sonoraenequipo.com.mx\/api\/wp\/v2\/media?parent=117091"}],"wp:term":[{"taxonomy":"category","embeddable":true,"href":"https:\/\/www.sonoraenequipo.com.mx\/api\/wp\/v2\/categories?post=117091"},{"taxonomy":"post_tag","embeddable":true,"href":"https:\/\/www.sonoraenequipo.com.mx\/api\/wp\/v2\/tags?post=117091"}],"curies":[{"name":"wp","href":"https:\/\/api.w.org\/{rel}","templated":true}]}}