{"id":117100,"date":"2021-06-25T10:30:59","date_gmt":"2021-06-25T17:30:59","guid":{"rendered":"https:\/\/www.sonoraenequipo.com.mx\/?p=117100"},"modified":"2021-06-25T15:32:05","modified_gmt":"2021-06-25T22:32:05","slug":"acumula-la-inflacion-anual-6-02-el-doble-del-objetivo-del-bdem","status":"publish","type":"post","link":"https:\/\/www.sonoraenequipo.com.mx\/acumula-la-inflacion-anual-6-02-el-doble-del-objetivo-del-bdem\/","title":{"rendered":"Acumula la inflaci\u00f3n anual 6.02%, el doble del objetivo del BdeM"},"content":{"rendered":"<p>CIUDAD DE M\u00c9XICO. MX. \u2014 La inflaci\u00f3n de la primera quincena de junio se dispar\u00f3 a 0.34 por ciento, la mayor para un periodo similar en 19 a\u00f1os, lo que llev\u00f3 la medici\u00f3n anual a 6.02 por ciento, el doble del objetivo del Banco de M\u00e9xico, de acuerdo con informaci\u00f3n divulgada este jueves por el Instituto Nacional de Estad\u00edstica y Geograf\u00eda (Inegi).<\/p>\n<p>&nbsp;<\/p>\n<p> <\/p>\n<p>&nbsp;<\/p>\n<p>El repunte de la inflaci\u00f3n es resultado del efecto de la baja base de comparaci\u00f3n, porque la econom\u00eda estaba cerrada el a\u00f1o pasado y no hab\u00eda consumo. Tambi\u00e9n influyeron factores como la reactivaci\u00f3n econ\u00f3mica, que genera un mayor consumo, la reapertura de hoteles y restaurantes, la escasez de productos a nivel internacional, as\u00ed como el incremento en los precios de materias primas, explicaron analistas.<\/p>\n<p>&nbsp;<\/p>\n<p>El incremento de los precios al consumidor sorprendi\u00f3 a los mercados financieros, pues el consenso de los analistas pronosticaba una tasa de inflaci\u00f3n de 0.20 por ciento en los primeros 15 d\u00edas de junio, con respecto a la quincena inmediata anterior; mientras en su medici\u00f3n respecto del mismo periodo de 2020 se esperaba un alza de 5.89 por ciento; sin embargo, volvi\u00f3 a rebasar 6 por ciento.<\/p>\n<p>&nbsp;<\/p>\n<p>&nbsp;<\/p>\n<p><img loading=\"lazy\" decoding=\"async\" class=\"size-medium  x-right\" src=\"https:\/\/www.sonoraenequipo.com.mx\/storage\/2021\/06\/inflacion-anual_opt-599x365.jpg\" alt=\"\" width=\"599\" height=\"365\" \/>El objetivo permanente del banco central es una inflaci\u00f3n de 3 por ciento anual, con un intervalo de variaci\u00f3n de un punto porcentual hacia arriba o abajo.<\/p>\n<p>&nbsp;<\/p>\n<p>De acuerdo con el reporte del Inegi sobre la evoluci\u00f3n del \u00edndice de precios al consumidor (INPC), las presiones en los precios al consumidor volvieron a registrarse en el \u00edndice subyacente, que excluye de su medici\u00f3n los productos de alta volatilidad de precios como los energ\u00e9ticos, al repuntar en la quincena 0.35 por ciento y 4.58 por ciento anual.<\/p>\n<p>&nbsp;<\/p>\n<p>La inflaci\u00f3n no subyacente, aquella que s\u00ed incluye productos de alta volatilidad como los precios agropecuarios y energ\u00e9ticos, sorprendi\u00f3 tambi\u00e9n al alza con 0.31 por ciento quincenal y 10.61 por ciento anual.<\/p>\n<p>&nbsp;<\/p>\n<p>Dentro de los productos con los mayores incrementos de precios al consumidor est\u00e1n el jitomate, 13.89 por ciento; naranja, 9.95; transporte a\u00e9reo, 7.67; chayote, 5.96, y paquetes tur\u00edsticos, con 3.33 por ciento.<\/p>\n<p>&nbsp;<\/p>\n<p>El incremento deteriora el poder adquisitivo de la poblaci\u00f3n, pues se paga m\u00e1s por los mismos productos o servicios, sin que los salarios se eleven al mismo ritmo.<\/p>\n<p>&nbsp;<\/p>\n<p>Adri\u00e1n de la Garza, economista en jefe de Citibanamex, coment\u00f3 que pese a la sorpresa inflacionaria de la primera quincena de junio los choques son parte del proceso de reapertura de la econom\u00eda \u2013m\u00e1s r\u00e1pida que lo anticipada\u2013, despu\u00e9s de meses de restricciones a la movilidad debido al Covid- 19.<\/p>\n<p>&nbsp;<\/p>\n<p>\u201cEs demasiado pronto para decir si este elevado crecimiento contaminar\u00e1 el mecanismo de formaci\u00f3n de precios; por lo que esperamos que estos se moderen en cierta medida en la segunda mitad del a\u00f1o\u201d, pronostic\u00f3.<\/p>\n<p>&nbsp;<\/p>\n<p>Por su parte, Alejandro Salda\u00f1a, subdirector de an\u00e1lisis econ\u00f3mico de Ve por M\u00e1s, coment\u00f3 que la inflaci\u00f3n seguir\u00e1 elevada el resto del a\u00f1o, pero su moderaci\u00f3n depender\u00e1 de que comiencen a solucionarse las disrupciones en las cadenas producci\u00f3n a escala mundial.<\/p>\n<p>&nbsp;<\/p>\n<p>\u201cEl panorama se vislumbra mixto; la inflaci\u00f3n podr\u00eda ir a la baja si la oferta de bienes y servicios se normaliza antes de lo previsto, o que un repunte en los contagios de Coivd-19 llevan a la aplicaci\u00f3n de nuevas medidas de distanciamiento social y se debilite la demanda por servicios. O al alza si tardan m\u00e1s en solucionarse las disrupciones en la oferta, episodios de volatilidad cambiaria, o que las expectativas de precios se contaminen por la persistencia de los altos niveles de la inflaci\u00f3n subyacente\u201d, explic\u00f3.<\/p>\n<p>&nbsp;<\/p>\n<p>&nbsp;<\/p>\n<p>&nbsp;<\/p>\n<p>(Publicada el 25\/06\/2021 \/ Con informaci\u00f3n Clara Zepeda)<\/p>\n","protected":false},"excerpt":{"rendered":"<p>CIUDAD DE M\u00c9XICO. MX. \u2014 La inflaci\u00f3n de la primera quincena de junio se dispar\u00f3&#8230;<\/p>\n","protected":false},"author":1,"featured_media":117118,"comment_status":"open","ping_status":"open","sticky":false,"template":"","format":"standard","meta":{"_monsterinsights_skip_tracking":false,"_monsterinsights_sitenote_active":false,"_monsterinsights_sitenote_note":"","_monsterinsights_sitenote_category":0,"footnotes":""},"categories":[5],"tags":[693,2378,1601,5853,5854],"class_list":["post"],"yoast_head":" \n<title>Sonora en Equipo. Acumula la inflaci\u00f3n anual 6.02%, el doble del objetivo del BdeM Rep\u00fablica<\/title>\n<meta name=\"description\" content=\"CIUDAD DE M\u00c9XICO. MX. \u2014 La inflaci\u00f3n de la primera quincena de junio se dispar\u00f3 a 0.34 por ciento, la mayor para un periodo similar en 19 a\u00f1os, lo que En Sonora en Equipo publicamos toda la informaci\u00f3n de Sonora, M\u00e9xico y el Mundo de manera oportuna y busca que la libertad de expresi\u00f3n sea real. Visita nuestro medio informativo publicado desde Hermosillo, Sonora. %\" \/>\n<meta name=\"robots\" content=\"index, follow, max-snippet:-1, max-image-preview:large, max-video-preview:-1\" \/>\n<link rel=\"canonical\" href=\"https:\/\/www.sonoraenequipo.com.mx\/acumula-la-inflacion-anual-6-02-el-doble-del-objetivo-del-bdem\/\" \/>\n<meta property=\"og:locale\" content=\"es_ES\" \/>\n<meta property=\"og:type\" content=\"article\" \/>\n<meta property=\"og:title\" content=\"Sonora en Equipo. Acumula la inflaci\u00f3n anual 6.02%, el doble del objetivo del BdeM Rep\u00fablica\" \/>\n<meta property=\"og:description\" content=\"CIUDAD DE M\u00c9XICO. MX. \u2014 La inflaci\u00f3n de la primera quincena de junio se dispar\u00f3 a 0.34 por ciento, la mayor para un periodo similar en 19 a\u00f1os, lo que En Sonora en Equipo publicamos toda la informaci\u00f3n de Sonora, M\u00e9xico y el Mundo de manera oportuna y busca que la libertad de expresi\u00f3n sea real. Visita nuestro medio informativo publicado desde Hermosillo, Sonora. %\" \/>\n<meta property=\"og:url\" content=\"https:\/\/www.sonoraenequipo.com.mx\/acumula-la-inflacion-anual-6-02-el-doble-del-objetivo-del-bdem\/\" \/>\n<meta property=\"og:site_name\" content=\"Sonora en Equipo.\" \/>\n<meta property=\"article:publisher\" content=\"https:\/\/www.facebook.com\/SonoraEE\/\" \/>\n<meta property=\"article:author\" content=\"https:\/\/www.facebook.com\/SonoraEE\" \/>\n<meta property=\"article:published_time\" content=\"2021-06-25T17:30:59+00:00\" \/>\n<meta property=\"article:modified_time\" content=\"2021-06-25T22:32:05+00:00\" \/>\n<meta property=\"og:image\" content=\"https:\/\/www.sonoraenequipo.com.mx\/storage\/2021\/06\/inflacion_opt.jpg\" \/>\n\t<meta property=\"og:image:width\" content=\"700\" \/>\n\t<meta property=\"og:image:height\" content=\"400\" \/>\n\t<meta property=\"og:image:type\" content=\"image\/jpeg\" \/>\n<meta name=\"author\" content=\"enequipo\" \/>\n<meta name=\"twitter:card\" content=\"summary_large_image\" \/>\n<meta name=\"twitter:creator\" content=\"@sonoraenequipo\" \/>\n<meta name=\"twitter:site\" content=\"@sonoraenequipo\" \/>\n<meta name=\"twitter:label1\" content=\"Escrito por\" \/>\n\t<meta name=\"twitter:data1\" content=\"enequipo\" \/>\n\t<meta name=\"twitter:label2\" content=\"Tiempo de lectura\" \/>\n\t<meta name=\"twitter:data2\" content=\"3 minutos\" \/>\n<script type=\"application\/ld+json\" class=\"yoast-schema-graph\">{\"@context\":\"https:\/\/schema.org\",\"@graph\":[{\"@type\":\"Article\",\"@id\":\"https:\/\/www.sonoraenequipo.com.mx\/acumula-la-inflacion-anual-6-02-el-doble-del-objetivo-del-bdem\/#article\",\"isPartOf\":{\"@id\":\"https:\/\/www.sonoraenequipo.com.mx\/acumula-la-inflacion-anual-6-02-el-doble-del-objetivo-del-bdem\/\"},\"author\":{\"name\":\"enequipo\",\"@id\":\"https:\/\/www.sonoraenequipo.com.mx\/#\/schema\/person\/50102df0fb23a8fa9e8effad8fa81386\"},\"headline\":\"Acumula la inflaci\u00f3n anual 6.02%, el doble del objetivo del BdeM\",\"datePublished\":\"2021-06-25T17:30:59+00:00\",\"dateModified\":\"2021-06-25T22:32:05+00:00\",\"mainEntityOfPage\":{\"@id\":\"https:\/\/www.sonoraenequipo.com.mx\/acumula-la-inflacion-anual-6-02-el-doble-del-objetivo-del-bdem\/\"},\"wordCount\":650,\"commentCount\":0,\"publisher\":{\"@id\":\"https:\/\/www.sonoraenequipo.com.mx\/#organization\"},\"image\":{\"@id\":\"https:\/\/www.sonoraenequipo.com.mx\/acumula-la-inflacion-anual-6-02-el-doble-del-objetivo-del-bdem\/#primaryimage\"},\"thumbnailUrl\":\"https:\/\/www.sonoraenequipo.com.mx\/storage\/2021\/06\/inflacion_opt.jpg\",\"keywords\":[\"Banco de M\u00e9xico\",\"INEGI\",\"inflacion\",\"inpc\",\"precios al consumidor\"],\"articleSection\":[\"Rep\u00fablica\"],\"inLanguage\":\"es\",\"potentialAction\":[{\"@type\":\"CommentAction\",\"name\":\"Comment\",\"target\":[\"https:\/\/www.sonoraenequipo.com.mx\/acumula-la-inflacion-anual-6-02-el-doble-del-objetivo-del-bdem\/#respond\"]}]},{\"@type\":\"WebPage\",\"@id\":\"https:\/\/www.sonoraenequipo.com.mx\/acumula-la-inflacion-anual-6-02-el-doble-del-objetivo-del-bdem\/\",\"url\":\"https:\/\/www.sonoraenequipo.com.mx\/acumula-la-inflacion-anual-6-02-el-doble-del-objetivo-del-bdem\/\",\"name\":\"Sonora en Equipo. Acumula la inflaci\u00f3n anual 6.02%, el doble del objetivo del BdeM Rep\u00fablica\",\"isPartOf\":{\"@id\":\"https:\/\/www.sonoraenequipo.com.mx\/#website\"},\"primaryImageOfPage\":{\"@id\":\"https:\/\/www.sonoraenequipo.com.mx\/acumula-la-inflacion-anual-6-02-el-doble-del-objetivo-del-bdem\/#primaryimage\"},\"image\":{\"@id\":\"https:\/\/www.sonoraenequipo.com.mx\/acumula-la-inflacion-anual-6-02-el-doble-del-objetivo-del-bdem\/#primaryimage\"},\"thumbnailUrl\":\"https:\/\/www.sonoraenequipo.com.mx\/storage\/2021\/06\/inflacion_opt.jpg\",\"datePublished\":\"2021-06-25T17:30:59+00:00\",\"dateModified\":\"2021-06-25T22:32:05+00:00\",\"description\":\"CIUDAD DE M\u00c9XICO. MX. \u2014 La inflaci\u00f3n de la primera quincena de junio se dispar\u00f3 a 0.34 por ciento, la mayor para un periodo similar en 19 a\u00f1os, lo que En Sonora en Equipo publicamos toda la informaci\u00f3n de Sonora, M\u00e9xico y el Mundo de manera oportuna y busca que la libertad de expresi\u00f3n sea real. Visita nuestro medio informativo publicado desde Hermosillo, Sonora. %\",\"breadcrumb\":{\"@id\":\"https:\/\/www.sonoraenequipo.com.mx\/acumula-la-inflacion-anual-6-02-el-doble-del-objetivo-del-bdem\/#breadcrumb\"},\"inLanguage\":\"es\",\"potentialAction\":[{\"@type\":\"ReadAction\",\"target\":[\"https:\/\/www.sonoraenequipo.com.mx\/acumula-la-inflacion-anual-6-02-el-doble-del-objetivo-del-bdem\/\"]}]},{\"@type\":\"ImageObject\",\"inLanguage\":\"es\",\"@id\":\"https:\/\/www.sonoraenequipo.com.mx\/acumula-la-inflacion-anual-6-02-el-doble-del-objetivo-del-bdem\/#primaryimage\",\"url\":\"https:\/\/www.sonoraenequipo.com.mx\/storage\/2021\/06\/inflacion_opt.jpg\",\"contentUrl\":\"https:\/\/www.sonoraenequipo.com.mx\/storage\/2021\/06\/inflacion_opt.jpg\",\"width\":700,\"height\":400},{\"@type\":\"BreadcrumbList\",\"@id\":\"https:\/\/www.sonoraenequipo.com.mx\/acumula-la-inflacion-anual-6-02-el-doble-del-objetivo-del-bdem\/#breadcrumb\",\"itemListElement\":[{\"@type\":\"ListItem\",\"position\":1,\"name\":\"Portada\",\"item\":\"https:\/\/www.sonoraenequipo.com.mx\/\"},{\"@type\":\"ListItem\",\"position\":2,\"name\":\"Acumula la inflaci\u00f3n anual 6.02%, el doble del objetivo del BdeM\"}]},{\"@type\":\"WebSite\",\"@id\":\"https:\/\/www.sonoraenequipo.com.mx\/#website\",\"url\":\"https:\/\/www.sonoraenequipo.com.mx\/\",\"name\":\"Sonora en Equipo.\",\"description\":\"Diario en l\u00ednea con Noticias desde Hermosillo, Sonora\",\"publisher\":{\"@id\":\"https:\/\/www.sonoraenequipo.com.mx\/#organization\"},\"potentialAction\":[{\"@type\":\"SearchAction\",\"target\":{\"@type\":\"EntryPoint\",\"urlTemplate\":\"https:\/\/www.sonoraenequipo.com.mx\/?s={search_term_string}\"},\"query-input\":{\"@type\":\"PropertyValueSpecification\",\"valueRequired\":true,\"valueName\":\"search_term_string\"}}],\"inLanguage\":\"es\"},{\"@type\":\"Organization\",\"@id\":\"https:\/\/www.sonoraenequipo.com.mx\/#organization\",\"name\":\"Sonoraenequipo.com.mx\",\"url\":\"https:\/\/www.sonoraenequipo.com.mx\/\",\"logo\":{\"@type\":\"ImageObject\",\"inLanguage\":\"es\",\"@id\":\"https:\/\/www.sonoraenequipo.com.mx\/#\/schema\/logo\/image\/\",\"url\":\"https:\/\/www.sonoraenequipo.com.mx\/storage\/2019\/01\/sonoraenequipo_opt.png\",\"contentUrl\":\"https:\/\/www.sonoraenequipo.com.mx\/storage\/2019\/01\/sonoraenequipo_opt.png\",\"width\":375,\"height\":125,\"caption\":\"Sonoraenequipo.com.mx\"},\"image\":{\"@id\":\"https:\/\/www.sonoraenequipo.com.mx\/#\/schema\/logo\/image\/\"},\"sameAs\":[\"https:\/\/www.facebook.com\/SonoraEE\/\",\"https:\/\/x.com\/sonoraenequipo\",\"https:\/\/www.youtube.com\/channel\/UC338nW-lPEYmJQs4ZABQ1SQ\"]},{\"@type\":\"Person\",\"@id\":\"https:\/\/www.sonoraenequipo.com.mx\/#\/schema\/person\/50102df0fb23a8fa9e8effad8fa81386\",\"name\":\"enequipo\",\"image\":{\"@type\":\"ImageObject\",\"inLanguage\":\"es\",\"@id\":\"https:\/\/www.sonoraenequipo.com.mx\/#\/schema\/person\/image\/\",\"url\":\"https:\/\/secure.gravatar.com\/avatar\/049821681b589dabc0bc20695993ccebb09f5b5d4d790cd9251b97faac7c652b?s=96&d=blank&r=g\",\"contentUrl\":\"https:\/\/secure.gravatar.com\/avatar\/049821681b589dabc0bc20695993ccebb09f5b5d4d790cd9251b97faac7c652b?s=96&d=blank&r=g\",\"caption\":\"enequipo\"},\"sameAs\":[\"https:\/\/www.facebook.com\/SonoraEE\"]}]}<\/script>\n ","yoast_head_json":{"title":"Sonora en Equipo. Acumula la inflaci\u00f3n anual 6.02%, el doble del objetivo del BdeM Rep\u00fablica","description":"CIUDAD DE M\u00c9XICO. MX. \u2014 La inflaci\u00f3n de la primera quincena de junio se dispar\u00f3 a 0.34 por ciento, la mayor para un periodo similar en 19 a\u00f1os, lo que En Sonora en Equipo publicamos toda la informaci\u00f3n de Sonora, M\u00e9xico y el Mundo de manera oportuna y busca que la libertad de expresi\u00f3n sea real. Visita nuestro medio informativo publicado desde Hermosillo, Sonora. %","robots":{"index":"index","follow":"follow","max-snippet":"max-snippet:-1","max-image-preview":"max-image-preview:large","max-video-preview":"max-video-preview:-1"},"canonical":"https:\/\/www.sonoraenequipo.com.mx\/acumula-la-inflacion-anual-6-02-el-doble-del-objetivo-del-bdem\/","og_locale":"es_ES","og_type":"article","og_title":"Sonora en Equipo. Acumula la inflaci\u00f3n anual 6.02%, el doble del objetivo del BdeM Rep\u00fablica","og_description":"CIUDAD DE M\u00c9XICO. MX. \u2014 La inflaci\u00f3n de la primera quincena de junio se dispar\u00f3 a 0.34 por ciento, la mayor para un periodo similar en 19 a\u00f1os, lo que En Sonora en Equipo publicamos toda la informaci\u00f3n de Sonora, M\u00e9xico y el Mundo de manera oportuna y busca que la libertad de expresi\u00f3n sea real. Visita nuestro medio informativo publicado desde Hermosillo, Sonora. %","og_url":"https:\/\/www.sonoraenequipo.com.mx\/acumula-la-inflacion-anual-6-02-el-doble-del-objetivo-del-bdem\/","og_site_name":"Sonora en Equipo.","article_publisher":"https:\/\/www.facebook.com\/SonoraEE\/","article_author":"https:\/\/www.facebook.com\/SonoraEE","article_published_time":"2021-06-25T17:30:59+00:00","article_modified_time":"2021-06-25T22:32:05+00:00","og_image":[{"width":700,"height":400,"url":"https:\/\/www.sonoraenequipo.com.mx\/storage\/2021\/06\/inflacion_opt.jpg","type":"image\/jpeg"}],"author":"enequipo","twitter_card":"summary_large_image","twitter_creator":"@sonoraenequipo","twitter_site":"@sonoraenequipo","twitter_misc":{"Escrito por":"enequipo","Tiempo de lectura":"3 minutos"},"schema":{"@context":"https:\/\/schema.org","@graph":[{"@type":"Article","@id":"https:\/\/www.sonoraenequipo.com.mx\/acumula-la-inflacion-anual-6-02-el-doble-del-objetivo-del-bdem\/#article","isPartOf":{"@id":"https:\/\/www.sonoraenequipo.com.mx\/acumula-la-inflacion-anual-6-02-el-doble-del-objetivo-del-bdem\/"},"author":{"name":"enequipo","@id":"https:\/\/www.sonoraenequipo.com.mx\/#\/schema\/person\/50102df0fb23a8fa9e8effad8fa81386"},"headline":"Acumula la inflaci\u00f3n anual 6.02%, el doble del objetivo del BdeM","datePublished":"2021-06-25T17:30:59+00:00","dateModified":"2021-06-25T22:32:05+00:00","mainEntityOfPage":{"@id":"https:\/\/www.sonoraenequipo.com.mx\/acumula-la-inflacion-anual-6-02-el-doble-del-objetivo-del-bdem\/"},"wordCount":650,"commentCount":0,"publisher":{"@id":"https:\/\/www.sonoraenequipo.com.mx\/#organization"},"image":{"@id":"https:\/\/www.sonoraenequipo.com.mx\/acumula-la-inflacion-anual-6-02-el-doble-del-objetivo-del-bdem\/#primaryimage"},"thumbnailUrl":"https:\/\/www.sonoraenequipo.com.mx\/storage\/2021\/06\/inflacion_opt.jpg","keywords":["Banco de M\u00e9xico","INEGI","inflacion","inpc","precios al consumidor"],"articleSection":["Rep\u00fablica"],"inLanguage":"es","potentialAction":[{"@type":"CommentAction","name":"Comment","target":["https:\/\/www.sonoraenequipo.com.mx\/acumula-la-inflacion-anual-6-02-el-doble-del-objetivo-del-bdem\/#respond"]}]},{"@type":"WebPage","@id":"https:\/\/www.sonoraenequipo.com.mx\/acumula-la-inflacion-anual-6-02-el-doble-del-objetivo-del-bdem\/","url":"https:\/\/www.sonoraenequipo.com.mx\/acumula-la-inflacion-anual-6-02-el-doble-del-objetivo-del-bdem\/","name":"Sonora en Equipo. Acumula la inflaci\u00f3n anual 6.02%, el doble del objetivo del BdeM Rep\u00fablica","isPartOf":{"@id":"https:\/\/www.sonoraenequipo.com.mx\/#website"},"primaryImageOfPage":{"@id":"https:\/\/www.sonoraenequipo.com.mx\/acumula-la-inflacion-anual-6-02-el-doble-del-objetivo-del-bdem\/#primaryimage"},"image":{"@id":"https:\/\/www.sonoraenequipo.com.mx\/acumula-la-inflacion-anual-6-02-el-doble-del-objetivo-del-bdem\/#primaryimage"},"thumbnailUrl":"https:\/\/www.sonoraenequipo.com.mx\/storage\/2021\/06\/inflacion_opt.jpg","datePublished":"2021-06-25T17:30:59+00:00","dateModified":"2021-06-25T22:32:05+00:00","description":"CIUDAD DE M\u00c9XICO. MX. \u2014 La inflaci\u00f3n de la primera quincena de junio se dispar\u00f3 a 0.34 por ciento, la mayor para un periodo similar en 19 a\u00f1os, lo que En Sonora en Equipo publicamos toda la informaci\u00f3n de Sonora, M\u00e9xico y el Mundo de manera oportuna y busca que la libertad de expresi\u00f3n sea real. Visita nuestro medio informativo publicado desde Hermosillo, Sonora. %","breadcrumb":{"@id":"https:\/\/www.sonoraenequipo.com.mx\/acumula-la-inflacion-anual-6-02-el-doble-del-objetivo-del-bdem\/#breadcrumb"},"inLanguage":"es","potentialAction":[{"@type":"ReadAction","target":["https:\/\/www.sonoraenequipo.com.mx\/acumula-la-inflacion-anual-6-02-el-doble-del-objetivo-del-bdem\/"]}]},{"@type":"ImageObject","inLanguage":"es","@id":"https:\/\/www.sonoraenequipo.com.mx\/acumula-la-inflacion-anual-6-02-el-doble-del-objetivo-del-bdem\/#primaryimage","url":"https:\/\/www.sonoraenequipo.com.mx\/storage\/2021\/06\/inflacion_opt.jpg","contentUrl":"https:\/\/www.sonoraenequipo.com.mx\/storage\/2021\/06\/inflacion_opt.jpg","width":700,"height":400},{"@type":"BreadcrumbList","@id":"https:\/\/www.sonoraenequipo.com.mx\/acumula-la-inflacion-anual-6-02-el-doble-del-objetivo-del-bdem\/#breadcrumb","itemListElement":[{"@type":"ListItem","position":1,"name":"Portada","item":"https:\/\/www.sonoraenequipo.com.mx\/"},{"@type":"ListItem","position":2,"name":"Acumula la inflaci\u00f3n anual 6.02%, el doble del objetivo del BdeM"}]},{"@type":"WebSite","@id":"https:\/\/www.sonoraenequipo.com.mx\/#website","url":"https:\/\/www.sonoraenequipo.com.mx\/","name":"Sonora en Equipo.","description":"Diario en l\u00ednea con Noticias desde Hermosillo, Sonora","publisher":{"@id":"https:\/\/www.sonoraenequipo.com.mx\/#organization"},"potentialAction":[{"@type":"SearchAction","target":{"@type":"EntryPoint","urlTemplate":"https:\/\/www.sonoraenequipo.com.mx\/?s={search_term_string}"},"query-input":{"@type":"PropertyValueSpecification","valueRequired":true,"valueName":"search_term_string"}}],"inLanguage":"es"},{"@type":"Organization","@id":"https:\/\/www.sonoraenequipo.com.mx\/#organization","name":"Sonoraenequipo.com.mx","url":"https:\/\/www.sonoraenequipo.com.mx\/","logo":{"@type":"ImageObject","inLanguage":"es","@id":"https:\/\/www.sonoraenequipo.com.mx\/#\/schema\/logo\/image\/","url":"https:\/\/www.sonoraenequipo.com.mx\/storage\/2019\/01\/sonoraenequipo_opt.png","contentUrl":"https:\/\/www.sonoraenequipo.com.mx\/storage\/2019\/01\/sonoraenequipo_opt.png","width":375,"height":125,"caption":"Sonoraenequipo.com.mx"},"image":{"@id":"https:\/\/www.sonoraenequipo.com.mx\/#\/schema\/logo\/image\/"},"sameAs":["https:\/\/www.facebook.com\/SonoraEE\/","https:\/\/x.com\/sonoraenequipo","https:\/\/www.youtube.com\/channel\/UC338nW-lPEYmJQs4ZABQ1SQ"]},{"@type":"Person","@id":"https:\/\/www.sonoraenequipo.com.mx\/#\/schema\/person\/50102df0fb23a8fa9e8effad8fa81386","name":"enequipo","image":{"@type":"ImageObject","inLanguage":"es","@id":"https:\/\/www.sonoraenequipo.com.mx\/#\/schema\/person\/image\/","url":"https:\/\/secure.gravatar.com\/avatar\/049821681b589dabc0bc20695993ccebb09f5b5d4d790cd9251b97faac7c652b?s=96&d=blank&r=g","contentUrl":"https:\/\/secure.gravatar.com\/avatar\/049821681b589dabc0bc20695993ccebb09f5b5d4d790cd9251b97faac7c652b?s=96&d=blank&r=g","caption":"enequipo"},"sameAs":["https:\/\/www.facebook.com\/SonoraEE"]}]}},"jetpack_featured_media_url":"https:\/\/www.sonoraenequipo.com.mx\/storage\/2021\/06\/inflacion_opt.jpg","_links":{"self":[{"href":"https:\/\/www.sonoraenequipo.com.mx\/api\/wp\/v2\/posts\/117100","targetHints":{"allow":["GET"]}}],"collection":[{"href":"https:\/\/www.sonoraenequipo.com.mx\/api\/wp\/v2\/posts"}],"about":[{"href":"https:\/\/www.sonoraenequipo.com.mx\/api\/wp\/v2\/types\/post"}],"author":[{"embeddable":true,"href":"https:\/\/www.sonoraenequipo.com.mx\/api\/wp\/v2\/users\/1"}],"replies":[{"embeddable":true,"href":"https:\/\/www.sonoraenequipo.com.mx\/api\/wp\/v2\/comments?post=117100"}],"version-history":[{"count":1,"href":"https:\/\/www.sonoraenequipo.com.mx\/api\/wp\/v2\/posts\/117100\/revisions"}],"predecessor-version":[{"id":117120,"href":"https:\/\/www.sonoraenequipo.com.mx\/api\/wp\/v2\/posts\/117100\/revisions\/117120"}],"wp:featuredmedia":[{"embeddable":true,"href":"https:\/\/www.sonoraenequipo.com.mx\/api\/wp\/v2\/media\/117118"}],"wp:attachment":[{"href":"https:\/\/www.sonoraenequipo.com.mx\/api\/wp\/v2\/media?parent=117100"}],"wp:term":[{"taxonomy":"category","embeddable":true,"href":"https:\/\/www.sonoraenequipo.com.mx\/api\/wp\/v2\/categories?post=117100"},{"taxonomy":"post_tag","embeddable":true,"href":"https:\/\/www.sonoraenequipo.com.mx\/api\/wp\/v2\/tags?post=117100"}],"curies":[{"name":"wp","href":"https:\/\/api.w.org\/{rel}","templated":true}]}}