{"id":117264,"date":"2021-06-27T15:31:43","date_gmt":"2021-06-27T22:31:43","guid":{"rendered":"https:\/\/www.sonoraenequipo.com.mx\/?p=117264"},"modified":"2021-06-27T15:31:43","modified_gmt":"2021-06-27T22:31:43","slug":"aplicarse-la-vacuna-y-mantener-protocolos-sanitarios-la-mejor-proteccion-contra-covid-19-clausen","status":"publish","type":"post","link":"https:\/\/www.sonoraenequipo.com.mx\/aplicarse-la-vacuna-y-mantener-protocolos-sanitarios-la-mejor-proteccion-contra-covid-19-clausen\/","title":{"rendered":"Aplicarse la vacuna y mantener protocolos sanitarios la mejor protecci\u00f3n contra COVID-19: Clausen"},"content":{"rendered":"<p>HERMOSILLO, SONORA,MX.\u2500\u2500 Aplicarte la vacuna contra COVID-19 y mantener las medidas y protocolos sanitarios son las mejores armas para <em>enfrentar el virus, enfatiz\u00f3 Enrique Clausen Iberri, tras informarse que este d\u00eda se registraron 222 nuevos casos, sin reportar ning\u00fan fallecimiento en el estado.<\/em><\/p>\n<p>&nbsp;<\/p>\n<p>&nbsp;<\/p>\n<p>&nbsp;<\/p>\n<p>El secretario de Salud se\u00f1al\u00f3 que Hermosillo, Cajeme, Navojoa y Caborca se mantienen en color naranja en el sem\u00e1foro epidemiol\u00f3gico del Mapa Sonora Anticipa, mientras que los municipios de Guaymas y Empalme pasaron a amarillo; de ah\u00ed la importancia de seguirse cuidando y aplicarse la vacuna contra COVID-19 en el momento que les toque.<\/p>\n<p>&nbsp;<\/p>\n<p>&nbsp;<\/p>\n<p>&nbsp;<\/p>\n<p>\u201cNecesitas cuidarte m\u00e1s, el cubrebocas no te debe fallar y la otra recomendaci\u00f3n es vacunarte, si ya te pusiste la primer dosis, no puedes dejar de ponerte la segunda dosis. S\u00e9 consciente, vacunarte es la mayor arma para protegerte. Si te vacunas tienes una gran oportunidad de que tu cuerpo obtenga una respuesta defensiva apropiada contra el virus\u201d, expres\u00f3.<\/p>\n<p>&nbsp;<\/p>\n<p>&nbsp;<\/p>\n<p>&nbsp;<\/p>\n<p>Este s\u00e1bado, no se confirmaron decesos en Sonora para mantenerse en un total de 6 mil 490 defunciones. Asimismo, se registraron 222 nuevos casos por COVID, en 120 mujeres y 102 hombres, para un total de 78 mil 412 casos en la entidad. De los contagios nuevos, 88 son residentes de Hermosillo; 27 de Cajeme; 26 de Navojoa; 25 de Caborca; 12 de Nogales; 7 de Huatabampo; 7 de Bacanora; 7 de \u00c1lamos; 6 de Cananea; 3 de Benito Ju\u00e1rez; 3 de Agua Prieta; 2 de Santa Ana; 2 de Moctezuma; una de Cumpas; una de Magdalena de Kino; una de San Ignacio R\u00edo Muerto; una de Nacozari de Garc\u00eda; una de San Luis R\u00edo Colorado; una de Guaymas y una de Naco.<\/p>\n<p>&nbsp;<\/p>\n<p>&nbsp;<\/p>\n<p>&nbsp;<\/p>\n<p>Hoy se confirmaron ocho casos pedi\u00e1tricos, en cinco ni\u00f1as y tres ni\u00f1o, para un total de mil 540; hoy se confirm\u00f3 un caso en una mujer embarazada, para acumular un total de 543; dos de los 222 casos fue en trabajadores de la salud de diversas instituciones. Este s\u00e1bado, siete pacientes fueron dados de alta y hasta el momento 69 mil 707 personas se han recuperado en la entidad.<\/p>\n<p>&nbsp;<\/p>\n<p>&nbsp;<\/p>\n<p>&nbsp;<\/p>\n<p>Al momento, se han realizado 142 mil 338 pruebas; se han confirmado 78 mil 412 casos y se han descartado 63 mil 926; en cuadro leve, 8 mil 413; 2 mil 052 activos y 6 mil 361 concluyeron su seguimiento; 63 mil 346 pacientes se han curado y 163 pacientes se encuentran hospitalizados, 24 de ellos estables, 100 graves y 39 cr\u00edticos.<\/p>\n<p>&nbsp;<\/p>\n<p>Casos COVID-19 en Sonora 78,412 casos confirmados y 6,490 defunciones.<\/p>\n<p>Fecha de Publicaci\u00f3n\u00a0 domingo \/ 27\u00a0 \/ junio \/ 2021<\/p>\n<p>&nbsp;<\/p>\n","protected":false},"excerpt":{"rendered":"<p>HERMOSILLO, SONORA,MX.\u2500\u2500 Aplicarte la vacuna contra COVID-19 y mantener las medidas y protocolos sanitarios son&#8230;<\/p>\n","protected":false},"author":1,"featured_media":102044,"comment_status":"open","ping_status":"open","sticky":false,"template":"","format":"standard","meta":{"_monsterinsights_skip_tracking":false,"_monsterinsights_sitenote_active":false,"_monsterinsights_sitenote_note":"","_monsterinsights_sitenote_category":0,"footnotes":""},"categories":[22],"tags":[4249,15],"class_list":["post"],"yoast_head":" \n<title>Sonora en Equipo. Aplicarse la vacuna y mantener protocolos sanitarios la mejor protecci\u00f3n contra COVID-19: Clausen Sonora<\/title>\n<meta name=\"description\" content=\"HERMOSILLO, SONORA,MX.\u2500\u2500 Aplicarte la vacuna contra COVID-19 y mantener las medidas y protocolos sanitarios son las mejores armas para enfrentar el virus, En Sonora en Equipo publicamos toda la informaci\u00f3n de Sonora, M\u00e9xico y el Mundo de manera oportuna y busca que la libertad de expresi\u00f3n sea real. Visita nuestro medio informativo publicado desde Hermosillo, Sonora. %\" \/>\n<meta name=\"robots\" content=\"index, follow, max-snippet:-1, max-image-preview:large, max-video-preview:-1\" \/>\n<link rel=\"canonical\" href=\"https:\/\/www.sonoraenequipo.com.mx\/aplicarse-la-vacuna-y-mantener-protocolos-sanitarios-la-mejor-proteccion-contra-covid-19-clausen\/\" \/>\n<meta property=\"og:locale\" content=\"es_ES\" \/>\n<meta property=\"og:type\" content=\"article\" \/>\n<meta property=\"og:title\" content=\"Sonora en Equipo. Aplicarse la vacuna y mantener protocolos sanitarios la mejor protecci\u00f3n contra COVID-19: Clausen Sonora\" \/>\n<meta property=\"og:description\" content=\"HERMOSILLO, SONORA,MX.\u2500\u2500 Aplicarte la vacuna contra COVID-19 y mantener las medidas y protocolos sanitarios son las mejores armas para enfrentar el virus, En Sonora en Equipo publicamos toda la informaci\u00f3n de Sonora, M\u00e9xico y el Mundo de manera oportuna y busca que la libertad de expresi\u00f3n sea real. Visita nuestro medio informativo publicado desde Hermosillo, Sonora. %\" \/>\n<meta property=\"og:url\" content=\"https:\/\/www.sonoraenequipo.com.mx\/aplicarse-la-vacuna-y-mantener-protocolos-sanitarios-la-mejor-proteccion-contra-covid-19-clausen\/\" \/>\n<meta property=\"og:site_name\" content=\"Sonora en Equipo.\" \/>\n<meta property=\"article:publisher\" content=\"https:\/\/www.facebook.com\/SonoraEE\/\" \/>\n<meta property=\"article:author\" content=\"https:\/\/www.facebook.com\/SonoraEE\" \/>\n<meta property=\"article:published_time\" content=\"2021-06-27T22:31:43+00:00\" \/>\n<meta property=\"og:image\" content=\"https:\/\/www.sonoraenequipo.com.mx\/storage\/2020\/12\/e-clausen5.jpg\" \/>\n\t<meta property=\"og:image:width\" content=\"600\" \/>\n\t<meta property=\"og:image:height\" content=\"400\" \/>\n\t<meta property=\"og:image:type\" content=\"image\/jpeg\" \/>\n<meta name=\"author\" content=\"enequipo\" \/>\n<meta name=\"twitter:card\" content=\"summary_large_image\" \/>\n<meta name=\"twitter:creator\" content=\"@sonoraenequipo\" \/>\n<meta name=\"twitter:site\" content=\"@sonoraenequipo\" \/>\n<meta name=\"twitter:label1\" content=\"Escrito por\" \/>\n\t<meta name=\"twitter:data1\" content=\"enequipo\" \/>\n\t<meta name=\"twitter:label2\" content=\"Tiempo de lectura\" \/>\n\t<meta name=\"twitter:data2\" content=\"2 minutos\" \/>\n<script type=\"application\/ld+json\" class=\"yoast-schema-graph\">{\"@context\":\"https:\/\/schema.org\",\"@graph\":[{\"@type\":\"Article\",\"@id\":\"https:\/\/www.sonoraenequipo.com.mx\/aplicarse-la-vacuna-y-mantener-protocolos-sanitarios-la-mejor-proteccion-contra-covid-19-clausen\/#article\",\"isPartOf\":{\"@id\":\"https:\/\/www.sonoraenequipo.com.mx\/aplicarse-la-vacuna-y-mantener-protocolos-sanitarios-la-mejor-proteccion-contra-covid-19-clausen\/\"},\"author\":{\"name\":\"enequipo\",\"@id\":\"https:\/\/www.sonoraenequipo.com.mx\/#\/schema\/person\/50102df0fb23a8fa9e8effad8fa81386\"},\"headline\":\"Aplicarse la vacuna y mantener protocolos sanitarios la mejor protecci\u00f3n contra COVID-19: Clausen\",\"datePublished\":\"2021-06-27T22:31:43+00:00\",\"mainEntityOfPage\":{\"@id\":\"https:\/\/www.sonoraenequipo.com.mx\/aplicarse-la-vacuna-y-mantener-protocolos-sanitarios-la-mejor-proteccion-contra-covid-19-clausen\/\"},\"wordCount\":429,\"commentCount\":0,\"publisher\":{\"@id\":\"https:\/\/www.sonoraenequipo.com.mx\/#organization\"},\"image\":{\"@id\":\"https:\/\/www.sonoraenequipo.com.mx\/aplicarse-la-vacuna-y-mantener-protocolos-sanitarios-la-mejor-proteccion-contra-covid-19-clausen\/#primaryimage\"},\"thumbnailUrl\":\"https:\/\/www.sonoraenequipo.com.mx\/storage\/2020\/12\/e-clausen5.jpg\",\"keywords\":[\"covid\",\"Sonora\"],\"articleSection\":[\"Sonora\"],\"inLanguage\":\"es\",\"potentialAction\":[{\"@type\":\"CommentAction\",\"name\":\"Comment\",\"target\":[\"https:\/\/www.sonoraenequipo.com.mx\/aplicarse-la-vacuna-y-mantener-protocolos-sanitarios-la-mejor-proteccion-contra-covid-19-clausen\/#respond\"]}]},{\"@type\":\"WebPage\",\"@id\":\"https:\/\/www.sonoraenequipo.com.mx\/aplicarse-la-vacuna-y-mantener-protocolos-sanitarios-la-mejor-proteccion-contra-covid-19-clausen\/\",\"url\":\"https:\/\/www.sonoraenequipo.com.mx\/aplicarse-la-vacuna-y-mantener-protocolos-sanitarios-la-mejor-proteccion-contra-covid-19-clausen\/\",\"name\":\"Sonora en Equipo. Aplicarse la vacuna y mantener protocolos sanitarios la mejor protecci\u00f3n contra COVID-19: Clausen Sonora\",\"isPartOf\":{\"@id\":\"https:\/\/www.sonoraenequipo.com.mx\/#website\"},\"primaryImageOfPage\":{\"@id\":\"https:\/\/www.sonoraenequipo.com.mx\/aplicarse-la-vacuna-y-mantener-protocolos-sanitarios-la-mejor-proteccion-contra-covid-19-clausen\/#primaryimage\"},\"image\":{\"@id\":\"https:\/\/www.sonoraenequipo.com.mx\/aplicarse-la-vacuna-y-mantener-protocolos-sanitarios-la-mejor-proteccion-contra-covid-19-clausen\/#primaryimage\"},\"thumbnailUrl\":\"https:\/\/www.sonoraenequipo.com.mx\/storage\/2020\/12\/e-clausen5.jpg\",\"datePublished\":\"2021-06-27T22:31:43+00:00\",\"description\":\"HERMOSILLO, SONORA,MX.\u2500\u2500 Aplicarte la vacuna contra COVID-19 y mantener las medidas y protocolos sanitarios son las mejores armas para enfrentar el virus, En Sonora en Equipo publicamos toda la informaci\u00f3n de Sonora, M\u00e9xico y el Mundo de manera oportuna y busca que la libertad de expresi\u00f3n sea real. Visita nuestro medio informativo publicado desde Hermosillo, Sonora. %\",\"breadcrumb\":{\"@id\":\"https:\/\/www.sonoraenequipo.com.mx\/aplicarse-la-vacuna-y-mantener-protocolos-sanitarios-la-mejor-proteccion-contra-covid-19-clausen\/#breadcrumb\"},\"inLanguage\":\"es\",\"potentialAction\":[{\"@type\":\"ReadAction\",\"target\":[\"https:\/\/www.sonoraenequipo.com.mx\/aplicarse-la-vacuna-y-mantener-protocolos-sanitarios-la-mejor-proteccion-contra-covid-19-clausen\/\"]}]},{\"@type\":\"ImageObject\",\"inLanguage\":\"es\",\"@id\":\"https:\/\/www.sonoraenequipo.com.mx\/aplicarse-la-vacuna-y-mantener-protocolos-sanitarios-la-mejor-proteccion-contra-covid-19-clausen\/#primaryimage\",\"url\":\"https:\/\/www.sonoraenequipo.com.mx\/storage\/2020\/12\/e-clausen5.jpg\",\"contentUrl\":\"https:\/\/www.sonoraenequipo.com.mx\/storage\/2020\/12\/e-clausen5.jpg\",\"width\":600,\"height\":400},{\"@type\":\"BreadcrumbList\",\"@id\":\"https:\/\/www.sonoraenequipo.com.mx\/aplicarse-la-vacuna-y-mantener-protocolos-sanitarios-la-mejor-proteccion-contra-covid-19-clausen\/#breadcrumb\",\"itemListElement\":[{\"@type\":\"ListItem\",\"position\":1,\"name\":\"Portada\",\"item\":\"https:\/\/www.sonoraenequipo.com.mx\/\"},{\"@type\":\"ListItem\",\"position\":2,\"name\":\"Aplicarse la vacuna y mantener protocolos sanitarios la mejor protecci\u00f3n contra COVID-19: Clausen\"}]},{\"@type\":\"WebSite\",\"@id\":\"https:\/\/www.sonoraenequipo.com.mx\/#website\",\"url\":\"https:\/\/www.sonoraenequipo.com.mx\/\",\"name\":\"Sonora en Equipo.\",\"description\":\"Diario en l\u00ednea con Noticias desde Hermosillo, Sonora\",\"publisher\":{\"@id\":\"https:\/\/www.sonoraenequipo.com.mx\/#organization\"},\"potentialAction\":[{\"@type\":\"SearchAction\",\"target\":{\"@type\":\"EntryPoint\",\"urlTemplate\":\"https:\/\/www.sonoraenequipo.com.mx\/?s={search_term_string}\"},\"query-input\":{\"@type\":\"PropertyValueSpecification\",\"valueRequired\":true,\"valueName\":\"search_term_string\"}}],\"inLanguage\":\"es\"},{\"@type\":\"Organization\",\"@id\":\"https:\/\/www.sonoraenequipo.com.mx\/#organization\",\"name\":\"Sonoraenequipo.com.mx\",\"url\":\"https:\/\/www.sonoraenequipo.com.mx\/\",\"logo\":{\"@type\":\"ImageObject\",\"inLanguage\":\"es\",\"@id\":\"https:\/\/www.sonoraenequipo.com.mx\/#\/schema\/logo\/image\/\",\"url\":\"https:\/\/www.sonoraenequipo.com.mx\/storage\/2019\/01\/sonoraenequipo_opt.png\",\"contentUrl\":\"https:\/\/www.sonoraenequipo.com.mx\/storage\/2019\/01\/sonoraenequipo_opt.png\",\"width\":375,\"height\":125,\"caption\":\"Sonoraenequipo.com.mx\"},\"image\":{\"@id\":\"https:\/\/www.sonoraenequipo.com.mx\/#\/schema\/logo\/image\/\"},\"sameAs\":[\"https:\/\/www.facebook.com\/SonoraEE\/\",\"https:\/\/x.com\/sonoraenequipo\",\"https:\/\/www.youtube.com\/channel\/UC338nW-lPEYmJQs4ZABQ1SQ\"]},{\"@type\":\"Person\",\"@id\":\"https:\/\/www.sonoraenequipo.com.mx\/#\/schema\/person\/50102df0fb23a8fa9e8effad8fa81386\",\"name\":\"enequipo\",\"image\":{\"@type\":\"ImageObject\",\"inLanguage\":\"es\",\"@id\":\"https:\/\/www.sonoraenequipo.com.mx\/#\/schema\/person\/image\/\",\"url\":\"https:\/\/secure.gravatar.com\/avatar\/049821681b589dabc0bc20695993ccebb09f5b5d4d790cd9251b97faac7c652b?s=96&d=blank&r=g\",\"contentUrl\":\"https:\/\/secure.gravatar.com\/avatar\/049821681b589dabc0bc20695993ccebb09f5b5d4d790cd9251b97faac7c652b?s=96&d=blank&r=g\",\"caption\":\"enequipo\"},\"sameAs\":[\"https:\/\/www.facebook.com\/SonoraEE\"]}]}<\/script>\n ","yoast_head_json":{"title":"Sonora en Equipo. Aplicarse la vacuna y mantener protocolos sanitarios la mejor protecci\u00f3n contra COVID-19: Clausen Sonora","description":"HERMOSILLO, SONORA,MX.\u2500\u2500 Aplicarte la vacuna contra COVID-19 y mantener las medidas y protocolos sanitarios son las mejores armas para enfrentar el virus, En Sonora en Equipo publicamos toda la informaci\u00f3n de Sonora, M\u00e9xico y el Mundo de manera oportuna y busca que la libertad de expresi\u00f3n sea real. Visita nuestro medio informativo publicado desde Hermosillo, Sonora. %","robots":{"index":"index","follow":"follow","max-snippet":"max-snippet:-1","max-image-preview":"max-image-preview:large","max-video-preview":"max-video-preview:-1"},"canonical":"https:\/\/www.sonoraenequipo.com.mx\/aplicarse-la-vacuna-y-mantener-protocolos-sanitarios-la-mejor-proteccion-contra-covid-19-clausen\/","og_locale":"es_ES","og_type":"article","og_title":"Sonora en Equipo. Aplicarse la vacuna y mantener protocolos sanitarios la mejor protecci\u00f3n contra COVID-19: Clausen Sonora","og_description":"HERMOSILLO, SONORA,MX.\u2500\u2500 Aplicarte la vacuna contra COVID-19 y mantener las medidas y protocolos sanitarios son las mejores armas para enfrentar el virus, En Sonora en Equipo publicamos toda la informaci\u00f3n de Sonora, M\u00e9xico y el Mundo de manera oportuna y busca que la libertad de expresi\u00f3n sea real. Visita nuestro medio informativo publicado desde Hermosillo, Sonora. %","og_url":"https:\/\/www.sonoraenequipo.com.mx\/aplicarse-la-vacuna-y-mantener-protocolos-sanitarios-la-mejor-proteccion-contra-covid-19-clausen\/","og_site_name":"Sonora en Equipo.","article_publisher":"https:\/\/www.facebook.com\/SonoraEE\/","article_author":"https:\/\/www.facebook.com\/SonoraEE","article_published_time":"2021-06-27T22:31:43+00:00","og_image":[{"width":600,"height":400,"url":"https:\/\/www.sonoraenequipo.com.mx\/storage\/2020\/12\/e-clausen5.jpg","type":"image\/jpeg"}],"author":"enequipo","twitter_card":"summary_large_image","twitter_creator":"@sonoraenequipo","twitter_site":"@sonoraenequipo","twitter_misc":{"Escrito por":"enequipo","Tiempo de lectura":"2 minutos"},"schema":{"@context":"https:\/\/schema.org","@graph":[{"@type":"Article","@id":"https:\/\/www.sonoraenequipo.com.mx\/aplicarse-la-vacuna-y-mantener-protocolos-sanitarios-la-mejor-proteccion-contra-covid-19-clausen\/#article","isPartOf":{"@id":"https:\/\/www.sonoraenequipo.com.mx\/aplicarse-la-vacuna-y-mantener-protocolos-sanitarios-la-mejor-proteccion-contra-covid-19-clausen\/"},"author":{"name":"enequipo","@id":"https:\/\/www.sonoraenequipo.com.mx\/#\/schema\/person\/50102df0fb23a8fa9e8effad8fa81386"},"headline":"Aplicarse la vacuna y mantener protocolos sanitarios la mejor protecci\u00f3n contra COVID-19: Clausen","datePublished":"2021-06-27T22:31:43+00:00","mainEntityOfPage":{"@id":"https:\/\/www.sonoraenequipo.com.mx\/aplicarse-la-vacuna-y-mantener-protocolos-sanitarios-la-mejor-proteccion-contra-covid-19-clausen\/"},"wordCount":429,"commentCount":0,"publisher":{"@id":"https:\/\/www.sonoraenequipo.com.mx\/#organization"},"image":{"@id":"https:\/\/www.sonoraenequipo.com.mx\/aplicarse-la-vacuna-y-mantener-protocolos-sanitarios-la-mejor-proteccion-contra-covid-19-clausen\/#primaryimage"},"thumbnailUrl":"https:\/\/www.sonoraenequipo.com.mx\/storage\/2020\/12\/e-clausen5.jpg","keywords":["covid","Sonora"],"articleSection":["Sonora"],"inLanguage":"es","potentialAction":[{"@type":"CommentAction","name":"Comment","target":["https:\/\/www.sonoraenequipo.com.mx\/aplicarse-la-vacuna-y-mantener-protocolos-sanitarios-la-mejor-proteccion-contra-covid-19-clausen\/#respond"]}]},{"@type":"WebPage","@id":"https:\/\/www.sonoraenequipo.com.mx\/aplicarse-la-vacuna-y-mantener-protocolos-sanitarios-la-mejor-proteccion-contra-covid-19-clausen\/","url":"https:\/\/www.sonoraenequipo.com.mx\/aplicarse-la-vacuna-y-mantener-protocolos-sanitarios-la-mejor-proteccion-contra-covid-19-clausen\/","name":"Sonora en Equipo. Aplicarse la vacuna y mantener protocolos sanitarios la mejor protecci\u00f3n contra COVID-19: Clausen Sonora","isPartOf":{"@id":"https:\/\/www.sonoraenequipo.com.mx\/#website"},"primaryImageOfPage":{"@id":"https:\/\/www.sonoraenequipo.com.mx\/aplicarse-la-vacuna-y-mantener-protocolos-sanitarios-la-mejor-proteccion-contra-covid-19-clausen\/#primaryimage"},"image":{"@id":"https:\/\/www.sonoraenequipo.com.mx\/aplicarse-la-vacuna-y-mantener-protocolos-sanitarios-la-mejor-proteccion-contra-covid-19-clausen\/#primaryimage"},"thumbnailUrl":"https:\/\/www.sonoraenequipo.com.mx\/storage\/2020\/12\/e-clausen5.jpg","datePublished":"2021-06-27T22:31:43+00:00","description":"HERMOSILLO, SONORA,MX.\u2500\u2500 Aplicarte la vacuna contra COVID-19 y mantener las medidas y protocolos sanitarios son las mejores armas para enfrentar el virus, En Sonora en Equipo publicamos toda la informaci\u00f3n de Sonora, M\u00e9xico y el Mundo de manera oportuna y busca que la libertad de expresi\u00f3n sea real. Visita nuestro medio informativo publicado desde Hermosillo, Sonora. %","breadcrumb":{"@id":"https:\/\/www.sonoraenequipo.com.mx\/aplicarse-la-vacuna-y-mantener-protocolos-sanitarios-la-mejor-proteccion-contra-covid-19-clausen\/#breadcrumb"},"inLanguage":"es","potentialAction":[{"@type":"ReadAction","target":["https:\/\/www.sonoraenequipo.com.mx\/aplicarse-la-vacuna-y-mantener-protocolos-sanitarios-la-mejor-proteccion-contra-covid-19-clausen\/"]}]},{"@type":"ImageObject","inLanguage":"es","@id":"https:\/\/www.sonoraenequipo.com.mx\/aplicarse-la-vacuna-y-mantener-protocolos-sanitarios-la-mejor-proteccion-contra-covid-19-clausen\/#primaryimage","url":"https:\/\/www.sonoraenequipo.com.mx\/storage\/2020\/12\/e-clausen5.jpg","contentUrl":"https:\/\/www.sonoraenequipo.com.mx\/storage\/2020\/12\/e-clausen5.jpg","width":600,"height":400},{"@type":"BreadcrumbList","@id":"https:\/\/www.sonoraenequipo.com.mx\/aplicarse-la-vacuna-y-mantener-protocolos-sanitarios-la-mejor-proteccion-contra-covid-19-clausen\/#breadcrumb","itemListElement":[{"@type":"ListItem","position":1,"name":"Portada","item":"https:\/\/www.sonoraenequipo.com.mx\/"},{"@type":"ListItem","position":2,"name":"Aplicarse la vacuna y mantener protocolos sanitarios la mejor protecci\u00f3n contra COVID-19: Clausen"}]},{"@type":"WebSite","@id":"https:\/\/www.sonoraenequipo.com.mx\/#website","url":"https:\/\/www.sonoraenequipo.com.mx\/","name":"Sonora en Equipo.","description":"Diario en l\u00ednea con Noticias desde Hermosillo, Sonora","publisher":{"@id":"https:\/\/www.sonoraenequipo.com.mx\/#organization"},"potentialAction":[{"@type":"SearchAction","target":{"@type":"EntryPoint","urlTemplate":"https:\/\/www.sonoraenequipo.com.mx\/?s={search_term_string}"},"query-input":{"@type":"PropertyValueSpecification","valueRequired":true,"valueName":"search_term_string"}}],"inLanguage":"es"},{"@type":"Organization","@id":"https:\/\/www.sonoraenequipo.com.mx\/#organization","name":"Sonoraenequipo.com.mx","url":"https:\/\/www.sonoraenequipo.com.mx\/","logo":{"@type":"ImageObject","inLanguage":"es","@id":"https:\/\/www.sonoraenequipo.com.mx\/#\/schema\/logo\/image\/","url":"https:\/\/www.sonoraenequipo.com.mx\/storage\/2019\/01\/sonoraenequipo_opt.png","contentUrl":"https:\/\/www.sonoraenequipo.com.mx\/storage\/2019\/01\/sonoraenequipo_opt.png","width":375,"height":125,"caption":"Sonoraenequipo.com.mx"},"image":{"@id":"https:\/\/www.sonoraenequipo.com.mx\/#\/schema\/logo\/image\/"},"sameAs":["https:\/\/www.facebook.com\/SonoraEE\/","https:\/\/x.com\/sonoraenequipo","https:\/\/www.youtube.com\/channel\/UC338nW-lPEYmJQs4ZABQ1SQ"]},{"@type":"Person","@id":"https:\/\/www.sonoraenequipo.com.mx\/#\/schema\/person\/50102df0fb23a8fa9e8effad8fa81386","name":"enequipo","image":{"@type":"ImageObject","inLanguage":"es","@id":"https:\/\/www.sonoraenequipo.com.mx\/#\/schema\/person\/image\/","url":"https:\/\/secure.gravatar.com\/avatar\/049821681b589dabc0bc20695993ccebb09f5b5d4d790cd9251b97faac7c652b?s=96&d=blank&r=g","contentUrl":"https:\/\/secure.gravatar.com\/avatar\/049821681b589dabc0bc20695993ccebb09f5b5d4d790cd9251b97faac7c652b?s=96&d=blank&r=g","caption":"enequipo"},"sameAs":["https:\/\/www.facebook.com\/SonoraEE"]}]}},"jetpack_featured_media_url":"https:\/\/www.sonoraenequipo.com.mx\/storage\/2020\/12\/e-clausen5.jpg","_links":{"self":[{"href":"https:\/\/www.sonoraenequipo.com.mx\/api\/wp\/v2\/posts\/117264","targetHints":{"allow":["GET"]}}],"collection":[{"href":"https:\/\/www.sonoraenequipo.com.mx\/api\/wp\/v2\/posts"}],"about":[{"href":"https:\/\/www.sonoraenequipo.com.mx\/api\/wp\/v2\/types\/post"}],"author":[{"embeddable":true,"href":"https:\/\/www.sonoraenequipo.com.mx\/api\/wp\/v2\/users\/1"}],"replies":[{"embeddable":true,"href":"https:\/\/www.sonoraenequipo.com.mx\/api\/wp\/v2\/comments?post=117264"}],"version-history":[{"count":1,"href":"https:\/\/www.sonoraenequipo.com.mx\/api\/wp\/v2\/posts\/117264\/revisions"}],"predecessor-version":[{"id":117275,"href":"https:\/\/www.sonoraenequipo.com.mx\/api\/wp\/v2\/posts\/117264\/revisions\/117275"}],"wp:featuredmedia":[{"embeddable":true,"href":"https:\/\/www.sonoraenequipo.com.mx\/api\/wp\/v2\/media\/102044"}],"wp:attachment":[{"href":"https:\/\/www.sonoraenequipo.com.mx\/api\/wp\/v2\/media?parent=117264"}],"wp:term":[{"taxonomy":"category","embeddable":true,"href":"https:\/\/www.sonoraenequipo.com.mx\/api\/wp\/v2\/categories?post=117264"},{"taxonomy":"post_tag","embeddable":true,"href":"https:\/\/www.sonoraenequipo.com.mx\/api\/wp\/v2\/tags?post=117264"}],"curies":[{"name":"wp","href":"https:\/\/api.w.org\/{rel}","templated":true}]}}