{"id":117277,"date":"2021-06-27T15:55:54","date_gmt":"2021-06-27T22:55:54","guid":{"rendered":"https:\/\/www.sonoraenequipo.com.mx\/?p=117277"},"modified":"2021-06-27T15:55:54","modified_gmt":"2021-06-27T22:55:54","slug":"cumple-gobernadora-a-habitantes-de-imuris-con-laguna-de-oxidacion-que-mejorara-calidad-ambiental","status":"publish","type":"post","link":"https:\/\/www.sonoraenequipo.com.mx\/cumple-gobernadora-a-habitantes-de-imuris-con-laguna-de-oxidacion-que-mejorara-calidad-ambiental\/","title":{"rendered":"Cumple Gobernadora a habitantes de \u00cdmuris con Laguna de oxidaci\u00f3n que mejorar\u00e1 calidad ambiental"},"content":{"rendered":"<p>&#8211;Entreg\u00f3 tambi\u00e9n transporte escolar para beneficio de estudiantes de comunidades aleda\u00f1as<\/p>\n<p>&nbsp;<\/p>\n<p>\u00cdMURIS, SONORA,MX.\u2500 Para resolver la problem\u00e1tica ambiental y mejorar la calidad de vida de los habitantes de \u00cdmuris, la gobernadora Claudia Pavlovich Arellano, entreg\u00f3 la laguna de oxidaci\u00f3n, obra que la poblaci\u00f3n de este municipio hab\u00eda solicitado por m\u00e1s de veinte a\u00f1os.<\/p>\n<p>&nbsp;<\/p>\n<p>En su gira de trabajo por \u00cdmuris, donde fue acompa\u00f1ada por el alcalde Jes\u00fas Alberto Renter\u00eda V\u00e1zquez y por Sergio \u00c1vila Cece\u00f1a, vocal ejecutivo de la Comisi\u00f3n Estatal del Agua (CEA), la mandataria estatal hizo entrega del Centro de Control de la Laguna de Oxidaci\u00f3n y all\u00ed resalt\u00f3 la importancia de este proyecto para mejorar la calidad de vida de las familias de este municipio.<\/p>\n<p><img loading=\"lazy\" decoding=\"async\" class=\"size-full  x-center\" src=\"https:\/\/www.sonoraenequipo.com.mx\/storage\/2021\/06\/camiones-imuris.jpg\" alt=\"\" width=\"500\" height=\"333\" \/><\/p>\n<p>\u201cEstoy muy contenta de haberles cumplido con algo que era una necesidad de muchos a\u00f1os, hace 20 a\u00f1os ped\u00edan esta obra que es la laguna de oxidaci\u00f3n, en ocasiones los gobernantes no quieren hacer obras que no se ven y la laguna de oxidaci\u00f3n ustedes no la van a ver, y pues no es una plaza bonita, no es una escuela bonita, est\u00e1 all\u00e1, bastante retirado, pero es una obra que realmente les va a traer salud, que realmente los va a librar de los olores que por a\u00f1os tuvieron que soportar, es una obra que realmente beneficia a todos los habitantes de este municipio\u201d, dijo.<\/p>\n<p>&nbsp;<\/p>\n<p>Adem\u00e1s, para beneficio de los alumnos de las comunidades cercanas de \u00cdmuris, la gobernadora Pavlovich hizo entrega de un transporte escolar, el cual quedar\u00e1 en resguardo del Ayuntamiento hasta que reinicien las clases presenciales en esta zona.<\/p>\n<p>&nbsp;<\/p>\n<p>\u201cEste transporte escolar s\u00e9 que es una a\u00f1oranza de muchos a\u00f1os, del CAM, porque son kil\u00f3metros que los ni\u00f1os ten\u00edan que recorrer de diversas comunidades para poder llegar a su centro escolar, aqu\u00ed est\u00e1 con refrigeraci\u00f3n, a\u00f1o 2020 y quedar\u00e1 bajo el resguardo de la presidencia municipal mientras podemos iniciar el regreso a clases (presenciales)\u201d, asegur\u00f3.<\/p>\n<p>&nbsp;<\/p>\n<p>Ante el aumento de contagios por COVID-19 que se ha registrado en la entidad, la mandataria estatal hizo una invitaci\u00f3n a seguirse cuidando, a respetar los protocolos sanitarios y cumplir con las medidas y sana distancia, para evitar que se reporten m\u00e1s casos en Sonora.<\/p>\n<p>&nbsp;<\/p>\n<p>Jes\u00fas Renter\u00eda, alcalde de \u00cdmuris, agradeci\u00f3 el apoyo de la gobernadora Pavlovich para resolver una problem\u00e1tica que les aquejaba por muchos a\u00f1os, como es la laguna de oxidaci\u00f3n y por el compromiso cumplido de ayudar a los j\u00f3venes estudiantes de la zona, ahora con un transporte escolar.<\/p>\n<p>&nbsp;<\/p>\n<p>\u201cNuestra gobernadora del estado, Claudia Pavlovich Arellano, una mujer que s\u00ed ha demostrado el compromiso con su pueblo, es para m\u00ed un gran honor recibirla con los brazos abiertos como se merece, porque prometi\u00f3 y cumpli\u00f3, resolvi\u00f3 el problema de las aguas negras, siempre nos brind\u00f3 apoyo de distintas formas, hoy nos beneficia con un cami\u00f3n escolar de 33 pasajeros, modelo 2020, con refrigeraci\u00f3n, totalmente nuevo, el cual brindar\u00e1 el servicio a la escuela del CAM y a toda la comunidad escolar de las distintas instituciones acad\u00e9micas de \u00cdmuris\u201d, resalt\u00f3.<\/p>\n<p>&nbsp;<\/p>\n<p>Fecha de Publicaci\u00f3n\u00a0 domingo \/ 27\u00a0 \/ junio \/ 2021<\/p>\n<p>&nbsp;<\/p>\n","protected":false},"excerpt":{"rendered":"<p>&#8211;Entreg\u00f3 tambi\u00e9n transporte escolar para beneficio de estudiantes de comunidades aleda\u00f1as &nbsp; \u00cdMURIS, SONORA,MX.\u2500 Para&#8230;<\/p>\n","protected":false},"author":1,"featured_media":117279,"comment_status":"open","ping_status":"open","sticky":false,"template":"","format":"standard","meta":{"_monsterinsights_skip_tracking":false,"_monsterinsights_sitenote_active":false,"_monsterinsights_sitenote_note":"","_monsterinsights_sitenote_category":0,"footnotes":""},"categories":[22],"tags":[1182],"class_list":["post"],"yoast_head":" \n<title>Sonora en Equipo. Cumple Gobernadora a habitantes de \u00cdmuris con Laguna de oxidaci\u00f3n que mejorar\u00e1 calidad ambiental Sonora<\/title>\n<meta name=\"description\" content=\"--Entreg\u00f3 tambi\u00e9n transporte escolar para beneficio de estudiantes de comunidades aleda\u00f1as &nbsp; \u00cdMURIS, SONORA,MX.\u2500 Para resolver la problem\u00e1tica En Sonora en Equipo publicamos toda la informaci\u00f3n de Sonora, M\u00e9xico y el Mundo de manera oportuna y busca que la libertad de expresi\u00f3n sea real. Visita nuestro medio informativo publicado desde Hermosillo, Sonora. %\" \/>\n<meta name=\"robots\" content=\"index, follow, max-snippet:-1, max-image-preview:large, max-video-preview:-1\" \/>\n<link rel=\"canonical\" href=\"https:\/\/www.sonoraenequipo.com.mx\/cumple-gobernadora-a-habitantes-de-imuris-con-laguna-de-oxidacion-que-mejorara-calidad-ambiental\/\" \/>\n<meta property=\"og:locale\" content=\"es_ES\" \/>\n<meta property=\"og:type\" content=\"article\" \/>\n<meta property=\"og:title\" content=\"Sonora en Equipo. Cumple Gobernadora a habitantes de \u00cdmuris con Laguna de oxidaci\u00f3n que mejorar\u00e1 calidad ambiental Sonora\" \/>\n<meta property=\"og:description\" content=\"--Entreg\u00f3 tambi\u00e9n transporte escolar para beneficio de estudiantes de comunidades aleda\u00f1as &nbsp; \u00cdMURIS, SONORA,MX.\u2500 Para resolver la problem\u00e1tica En Sonora en Equipo publicamos toda la informaci\u00f3n de Sonora, M\u00e9xico y el Mundo de manera oportuna y busca que la libertad de expresi\u00f3n sea real. Visita nuestro medio informativo publicado desde Hermosillo, Sonora. %\" \/>\n<meta property=\"og:url\" content=\"https:\/\/www.sonoraenequipo.com.mx\/cumple-gobernadora-a-habitantes-de-imuris-con-laguna-de-oxidacion-que-mejorara-calidad-ambiental\/\" \/>\n<meta property=\"og:site_name\" content=\"Sonora en Equipo.\" \/>\n<meta property=\"article:publisher\" content=\"https:\/\/www.facebook.com\/SonoraEE\/\" \/>\n<meta property=\"article:author\" content=\"https:\/\/www.facebook.com\/SonoraEE\" \/>\n<meta property=\"article:published_time\" content=\"2021-06-27T22:55:54+00:00\" \/>\n<meta property=\"og:image\" content=\"https:\/\/www.sonoraenequipo.com.mx\/storage\/2021\/06\/laguna-imuris.jpg\" \/>\n\t<meta property=\"og:image:width\" content=\"700\" \/>\n\t<meta property=\"og:image:height\" content=\"400\" \/>\n\t<meta property=\"og:image:type\" content=\"image\/jpeg\" \/>\n<meta name=\"author\" content=\"enequipo\" \/>\n<meta name=\"twitter:card\" content=\"summary_large_image\" \/>\n<meta name=\"twitter:creator\" content=\"@sonoraenequipo\" \/>\n<meta name=\"twitter:site\" content=\"@sonoraenequipo\" \/>\n<meta name=\"twitter:label1\" content=\"Escrito por\" \/>\n\t<meta name=\"twitter:data1\" content=\"enequipo\" \/>\n\t<meta name=\"twitter:label2\" content=\"Tiempo de lectura\" \/>\n\t<meta name=\"twitter:data2\" content=\"3 minutos\" \/>\n<script type=\"application\/ld+json\" class=\"yoast-schema-graph\">{\"@context\":\"https:\/\/schema.org\",\"@graph\":[{\"@type\":\"Article\",\"@id\":\"https:\/\/www.sonoraenequipo.com.mx\/cumple-gobernadora-a-habitantes-de-imuris-con-laguna-de-oxidacion-que-mejorara-calidad-ambiental\/#article\",\"isPartOf\":{\"@id\":\"https:\/\/www.sonoraenequipo.com.mx\/cumple-gobernadora-a-habitantes-de-imuris-con-laguna-de-oxidacion-que-mejorara-calidad-ambiental\/\"},\"author\":{\"name\":\"enequipo\",\"@id\":\"https:\/\/www.sonoraenequipo.com.mx\/#\/schema\/person\/50102df0fb23a8fa9e8effad8fa81386\"},\"headline\":\"Cumple Gobernadora a habitantes de \u00cdmuris con Laguna de oxidaci\u00f3n que mejorar\u00e1 calidad ambiental\",\"datePublished\":\"2021-06-27T22:55:54+00:00\",\"mainEntityOfPage\":{\"@id\":\"https:\/\/www.sonoraenequipo.com.mx\/cumple-gobernadora-a-habitantes-de-imuris-con-laguna-de-oxidacion-que-mejorara-calidad-ambiental\/\"},\"wordCount\":566,\"commentCount\":0,\"publisher\":{\"@id\":\"https:\/\/www.sonoraenequipo.com.mx\/#organization\"},\"image\":{\"@id\":\"https:\/\/www.sonoraenequipo.com.mx\/cumple-gobernadora-a-habitantes-de-imuris-con-laguna-de-oxidacion-que-mejorara-calidad-ambiental\/#primaryimage\"},\"thumbnailUrl\":\"https:\/\/www.sonoraenequipo.com.mx\/storage\/2021\/06\/laguna-imuris.jpg\",\"keywords\":[\"Gobernadora Claudia Pavlovich\"],\"articleSection\":[\"Sonora\"],\"inLanguage\":\"es\",\"potentialAction\":[{\"@type\":\"CommentAction\",\"name\":\"Comment\",\"target\":[\"https:\/\/www.sonoraenequipo.com.mx\/cumple-gobernadora-a-habitantes-de-imuris-con-laguna-de-oxidacion-que-mejorara-calidad-ambiental\/#respond\"]}]},{\"@type\":\"WebPage\",\"@id\":\"https:\/\/www.sonoraenequipo.com.mx\/cumple-gobernadora-a-habitantes-de-imuris-con-laguna-de-oxidacion-que-mejorara-calidad-ambiental\/\",\"url\":\"https:\/\/www.sonoraenequipo.com.mx\/cumple-gobernadora-a-habitantes-de-imuris-con-laguna-de-oxidacion-que-mejorara-calidad-ambiental\/\",\"name\":\"Sonora en Equipo. Cumple Gobernadora a habitantes de \u00cdmuris con Laguna de oxidaci\u00f3n que mejorar\u00e1 calidad ambiental Sonora\",\"isPartOf\":{\"@id\":\"https:\/\/www.sonoraenequipo.com.mx\/#website\"},\"primaryImageOfPage\":{\"@id\":\"https:\/\/www.sonoraenequipo.com.mx\/cumple-gobernadora-a-habitantes-de-imuris-con-laguna-de-oxidacion-que-mejorara-calidad-ambiental\/#primaryimage\"},\"image\":{\"@id\":\"https:\/\/www.sonoraenequipo.com.mx\/cumple-gobernadora-a-habitantes-de-imuris-con-laguna-de-oxidacion-que-mejorara-calidad-ambiental\/#primaryimage\"},\"thumbnailUrl\":\"https:\/\/www.sonoraenequipo.com.mx\/storage\/2021\/06\/laguna-imuris.jpg\",\"datePublished\":\"2021-06-27T22:55:54+00:00\",\"description\":\"--Entreg\u00f3 tambi\u00e9n transporte escolar para beneficio de estudiantes de comunidades aleda\u00f1as &nbsp; \u00cdMURIS, SONORA,MX.\u2500 Para resolver la problem\u00e1tica En Sonora en Equipo publicamos toda la informaci\u00f3n de Sonora, M\u00e9xico y el Mundo de manera oportuna y busca que la libertad de expresi\u00f3n sea real. Visita nuestro medio informativo publicado desde Hermosillo, Sonora. %\",\"breadcrumb\":{\"@id\":\"https:\/\/www.sonoraenequipo.com.mx\/cumple-gobernadora-a-habitantes-de-imuris-con-laguna-de-oxidacion-que-mejorara-calidad-ambiental\/#breadcrumb\"},\"inLanguage\":\"es\",\"potentialAction\":[{\"@type\":\"ReadAction\",\"target\":[\"https:\/\/www.sonoraenequipo.com.mx\/cumple-gobernadora-a-habitantes-de-imuris-con-laguna-de-oxidacion-que-mejorara-calidad-ambiental\/\"]}]},{\"@type\":\"ImageObject\",\"inLanguage\":\"es\",\"@id\":\"https:\/\/www.sonoraenequipo.com.mx\/cumple-gobernadora-a-habitantes-de-imuris-con-laguna-de-oxidacion-que-mejorara-calidad-ambiental\/#primaryimage\",\"url\":\"https:\/\/www.sonoraenequipo.com.mx\/storage\/2021\/06\/laguna-imuris.jpg\",\"contentUrl\":\"https:\/\/www.sonoraenequipo.com.mx\/storage\/2021\/06\/laguna-imuris.jpg\",\"width\":700,\"height\":400},{\"@type\":\"BreadcrumbList\",\"@id\":\"https:\/\/www.sonoraenequipo.com.mx\/cumple-gobernadora-a-habitantes-de-imuris-con-laguna-de-oxidacion-que-mejorara-calidad-ambiental\/#breadcrumb\",\"itemListElement\":[{\"@type\":\"ListItem\",\"position\":1,\"name\":\"Portada\",\"item\":\"https:\/\/www.sonoraenequipo.com.mx\/\"},{\"@type\":\"ListItem\",\"position\":2,\"name\":\"Cumple Gobernadora a habitantes de \u00cdmuris con Laguna de oxidaci\u00f3n que mejorar\u00e1 calidad ambiental\"}]},{\"@type\":\"WebSite\",\"@id\":\"https:\/\/www.sonoraenequipo.com.mx\/#website\",\"url\":\"https:\/\/www.sonoraenequipo.com.mx\/\",\"name\":\"Sonora en Equipo.\",\"description\":\"Diario en l\u00ednea con Noticias desde Hermosillo, Sonora\",\"publisher\":{\"@id\":\"https:\/\/www.sonoraenequipo.com.mx\/#organization\"},\"potentialAction\":[{\"@type\":\"SearchAction\",\"target\":{\"@type\":\"EntryPoint\",\"urlTemplate\":\"https:\/\/www.sonoraenequipo.com.mx\/?s={search_term_string}\"},\"query-input\":{\"@type\":\"PropertyValueSpecification\",\"valueRequired\":true,\"valueName\":\"search_term_string\"}}],\"inLanguage\":\"es\"},{\"@type\":\"Organization\",\"@id\":\"https:\/\/www.sonoraenequipo.com.mx\/#organization\",\"name\":\"Sonoraenequipo.com.mx\",\"url\":\"https:\/\/www.sonoraenequipo.com.mx\/\",\"logo\":{\"@type\":\"ImageObject\",\"inLanguage\":\"es\",\"@id\":\"https:\/\/www.sonoraenequipo.com.mx\/#\/schema\/logo\/image\/\",\"url\":\"https:\/\/www.sonoraenequipo.com.mx\/storage\/2019\/01\/sonoraenequipo_opt.png\",\"contentUrl\":\"https:\/\/www.sonoraenequipo.com.mx\/storage\/2019\/01\/sonoraenequipo_opt.png\",\"width\":375,\"height\":125,\"caption\":\"Sonoraenequipo.com.mx\"},\"image\":{\"@id\":\"https:\/\/www.sonoraenequipo.com.mx\/#\/schema\/logo\/image\/\"},\"sameAs\":[\"https:\/\/www.facebook.com\/SonoraEE\/\",\"https:\/\/x.com\/sonoraenequipo\",\"https:\/\/www.youtube.com\/channel\/UC338nW-lPEYmJQs4ZABQ1SQ\"]},{\"@type\":\"Person\",\"@id\":\"https:\/\/www.sonoraenequipo.com.mx\/#\/schema\/person\/50102df0fb23a8fa9e8effad8fa81386\",\"name\":\"enequipo\",\"image\":{\"@type\":\"ImageObject\",\"inLanguage\":\"es\",\"@id\":\"https:\/\/www.sonoraenequipo.com.mx\/#\/schema\/person\/image\/\",\"url\":\"https:\/\/secure.gravatar.com\/avatar\/049821681b589dabc0bc20695993ccebb09f5b5d4d790cd9251b97faac7c652b?s=96&d=blank&r=g\",\"contentUrl\":\"https:\/\/secure.gravatar.com\/avatar\/049821681b589dabc0bc20695993ccebb09f5b5d4d790cd9251b97faac7c652b?s=96&d=blank&r=g\",\"caption\":\"enequipo\"},\"sameAs\":[\"https:\/\/www.facebook.com\/SonoraEE\"]}]}<\/script>\n ","yoast_head_json":{"title":"Sonora en Equipo. Cumple Gobernadora a habitantes de \u00cdmuris con Laguna de oxidaci\u00f3n que mejorar\u00e1 calidad ambiental Sonora","description":"--Entreg\u00f3 tambi\u00e9n transporte escolar para beneficio de estudiantes de comunidades aleda\u00f1as &nbsp; \u00cdMURIS, SONORA,MX.\u2500 Para resolver la problem\u00e1tica En Sonora en Equipo publicamos toda la informaci\u00f3n de Sonora, M\u00e9xico y el Mundo de manera oportuna y busca que la libertad de expresi\u00f3n sea real. Visita nuestro medio informativo publicado desde Hermosillo, Sonora. %","robots":{"index":"index","follow":"follow","max-snippet":"max-snippet:-1","max-image-preview":"max-image-preview:large","max-video-preview":"max-video-preview:-1"},"canonical":"https:\/\/www.sonoraenequipo.com.mx\/cumple-gobernadora-a-habitantes-de-imuris-con-laguna-de-oxidacion-que-mejorara-calidad-ambiental\/","og_locale":"es_ES","og_type":"article","og_title":"Sonora en Equipo. Cumple Gobernadora a habitantes de \u00cdmuris con Laguna de oxidaci\u00f3n que mejorar\u00e1 calidad ambiental Sonora","og_description":"--Entreg\u00f3 tambi\u00e9n transporte escolar para beneficio de estudiantes de comunidades aleda\u00f1as &nbsp; \u00cdMURIS, SONORA,MX.\u2500 Para resolver la problem\u00e1tica En Sonora en Equipo publicamos toda la informaci\u00f3n de Sonora, M\u00e9xico y el Mundo de manera oportuna y busca que la libertad de expresi\u00f3n sea real. Visita nuestro medio informativo publicado desde Hermosillo, Sonora. %","og_url":"https:\/\/www.sonoraenequipo.com.mx\/cumple-gobernadora-a-habitantes-de-imuris-con-laguna-de-oxidacion-que-mejorara-calidad-ambiental\/","og_site_name":"Sonora en Equipo.","article_publisher":"https:\/\/www.facebook.com\/SonoraEE\/","article_author":"https:\/\/www.facebook.com\/SonoraEE","article_published_time":"2021-06-27T22:55:54+00:00","og_image":[{"width":700,"height":400,"url":"https:\/\/www.sonoraenequipo.com.mx\/storage\/2021\/06\/laguna-imuris.jpg","type":"image\/jpeg"}],"author":"enequipo","twitter_card":"summary_large_image","twitter_creator":"@sonoraenequipo","twitter_site":"@sonoraenequipo","twitter_misc":{"Escrito por":"enequipo","Tiempo de lectura":"3 minutos"},"schema":{"@context":"https:\/\/schema.org","@graph":[{"@type":"Article","@id":"https:\/\/www.sonoraenequipo.com.mx\/cumple-gobernadora-a-habitantes-de-imuris-con-laguna-de-oxidacion-que-mejorara-calidad-ambiental\/#article","isPartOf":{"@id":"https:\/\/www.sonoraenequipo.com.mx\/cumple-gobernadora-a-habitantes-de-imuris-con-laguna-de-oxidacion-que-mejorara-calidad-ambiental\/"},"author":{"name":"enequipo","@id":"https:\/\/www.sonoraenequipo.com.mx\/#\/schema\/person\/50102df0fb23a8fa9e8effad8fa81386"},"headline":"Cumple Gobernadora a habitantes de \u00cdmuris con Laguna de oxidaci\u00f3n que mejorar\u00e1 calidad ambiental","datePublished":"2021-06-27T22:55:54+00:00","mainEntityOfPage":{"@id":"https:\/\/www.sonoraenequipo.com.mx\/cumple-gobernadora-a-habitantes-de-imuris-con-laguna-de-oxidacion-que-mejorara-calidad-ambiental\/"},"wordCount":566,"commentCount":0,"publisher":{"@id":"https:\/\/www.sonoraenequipo.com.mx\/#organization"},"image":{"@id":"https:\/\/www.sonoraenequipo.com.mx\/cumple-gobernadora-a-habitantes-de-imuris-con-laguna-de-oxidacion-que-mejorara-calidad-ambiental\/#primaryimage"},"thumbnailUrl":"https:\/\/www.sonoraenequipo.com.mx\/storage\/2021\/06\/laguna-imuris.jpg","keywords":["Gobernadora Claudia Pavlovich"],"articleSection":["Sonora"],"inLanguage":"es","potentialAction":[{"@type":"CommentAction","name":"Comment","target":["https:\/\/www.sonoraenequipo.com.mx\/cumple-gobernadora-a-habitantes-de-imuris-con-laguna-de-oxidacion-que-mejorara-calidad-ambiental\/#respond"]}]},{"@type":"WebPage","@id":"https:\/\/www.sonoraenequipo.com.mx\/cumple-gobernadora-a-habitantes-de-imuris-con-laguna-de-oxidacion-que-mejorara-calidad-ambiental\/","url":"https:\/\/www.sonoraenequipo.com.mx\/cumple-gobernadora-a-habitantes-de-imuris-con-laguna-de-oxidacion-que-mejorara-calidad-ambiental\/","name":"Sonora en Equipo. Cumple Gobernadora a habitantes de \u00cdmuris con Laguna de oxidaci\u00f3n que mejorar\u00e1 calidad ambiental Sonora","isPartOf":{"@id":"https:\/\/www.sonoraenequipo.com.mx\/#website"},"primaryImageOfPage":{"@id":"https:\/\/www.sonoraenequipo.com.mx\/cumple-gobernadora-a-habitantes-de-imuris-con-laguna-de-oxidacion-que-mejorara-calidad-ambiental\/#primaryimage"},"image":{"@id":"https:\/\/www.sonoraenequipo.com.mx\/cumple-gobernadora-a-habitantes-de-imuris-con-laguna-de-oxidacion-que-mejorara-calidad-ambiental\/#primaryimage"},"thumbnailUrl":"https:\/\/www.sonoraenequipo.com.mx\/storage\/2021\/06\/laguna-imuris.jpg","datePublished":"2021-06-27T22:55:54+00:00","description":"--Entreg\u00f3 tambi\u00e9n transporte escolar para beneficio de estudiantes de comunidades aleda\u00f1as &nbsp; \u00cdMURIS, SONORA,MX.\u2500 Para resolver la problem\u00e1tica En Sonora en Equipo publicamos toda la informaci\u00f3n de Sonora, M\u00e9xico y el Mundo de manera oportuna y busca que la libertad de expresi\u00f3n sea real. Visita nuestro medio informativo publicado desde Hermosillo, Sonora. %","breadcrumb":{"@id":"https:\/\/www.sonoraenequipo.com.mx\/cumple-gobernadora-a-habitantes-de-imuris-con-laguna-de-oxidacion-que-mejorara-calidad-ambiental\/#breadcrumb"},"inLanguage":"es","potentialAction":[{"@type":"ReadAction","target":["https:\/\/www.sonoraenequipo.com.mx\/cumple-gobernadora-a-habitantes-de-imuris-con-laguna-de-oxidacion-que-mejorara-calidad-ambiental\/"]}]},{"@type":"ImageObject","inLanguage":"es","@id":"https:\/\/www.sonoraenequipo.com.mx\/cumple-gobernadora-a-habitantes-de-imuris-con-laguna-de-oxidacion-que-mejorara-calidad-ambiental\/#primaryimage","url":"https:\/\/www.sonoraenequipo.com.mx\/storage\/2021\/06\/laguna-imuris.jpg","contentUrl":"https:\/\/www.sonoraenequipo.com.mx\/storage\/2021\/06\/laguna-imuris.jpg","width":700,"height":400},{"@type":"BreadcrumbList","@id":"https:\/\/www.sonoraenequipo.com.mx\/cumple-gobernadora-a-habitantes-de-imuris-con-laguna-de-oxidacion-que-mejorara-calidad-ambiental\/#breadcrumb","itemListElement":[{"@type":"ListItem","position":1,"name":"Portada","item":"https:\/\/www.sonoraenequipo.com.mx\/"},{"@type":"ListItem","position":2,"name":"Cumple Gobernadora a habitantes de \u00cdmuris con Laguna de oxidaci\u00f3n que mejorar\u00e1 calidad ambiental"}]},{"@type":"WebSite","@id":"https:\/\/www.sonoraenequipo.com.mx\/#website","url":"https:\/\/www.sonoraenequipo.com.mx\/","name":"Sonora en Equipo.","description":"Diario en l\u00ednea con Noticias desde Hermosillo, Sonora","publisher":{"@id":"https:\/\/www.sonoraenequipo.com.mx\/#organization"},"potentialAction":[{"@type":"SearchAction","target":{"@type":"EntryPoint","urlTemplate":"https:\/\/www.sonoraenequipo.com.mx\/?s={search_term_string}"},"query-input":{"@type":"PropertyValueSpecification","valueRequired":true,"valueName":"search_term_string"}}],"inLanguage":"es"},{"@type":"Organization","@id":"https:\/\/www.sonoraenequipo.com.mx\/#organization","name":"Sonoraenequipo.com.mx","url":"https:\/\/www.sonoraenequipo.com.mx\/","logo":{"@type":"ImageObject","inLanguage":"es","@id":"https:\/\/www.sonoraenequipo.com.mx\/#\/schema\/logo\/image\/","url":"https:\/\/www.sonoraenequipo.com.mx\/storage\/2019\/01\/sonoraenequipo_opt.png","contentUrl":"https:\/\/www.sonoraenequipo.com.mx\/storage\/2019\/01\/sonoraenequipo_opt.png","width":375,"height":125,"caption":"Sonoraenequipo.com.mx"},"image":{"@id":"https:\/\/www.sonoraenequipo.com.mx\/#\/schema\/logo\/image\/"},"sameAs":["https:\/\/www.facebook.com\/SonoraEE\/","https:\/\/x.com\/sonoraenequipo","https:\/\/www.youtube.com\/channel\/UC338nW-lPEYmJQs4ZABQ1SQ"]},{"@type":"Person","@id":"https:\/\/www.sonoraenequipo.com.mx\/#\/schema\/person\/50102df0fb23a8fa9e8effad8fa81386","name":"enequipo","image":{"@type":"ImageObject","inLanguage":"es","@id":"https:\/\/www.sonoraenequipo.com.mx\/#\/schema\/person\/image\/","url":"https:\/\/secure.gravatar.com\/avatar\/049821681b589dabc0bc20695993ccebb09f5b5d4d790cd9251b97faac7c652b?s=96&d=blank&r=g","contentUrl":"https:\/\/secure.gravatar.com\/avatar\/049821681b589dabc0bc20695993ccebb09f5b5d4d790cd9251b97faac7c652b?s=96&d=blank&r=g","caption":"enequipo"},"sameAs":["https:\/\/www.facebook.com\/SonoraEE"]}]}},"jetpack_featured_media_url":"https:\/\/www.sonoraenequipo.com.mx\/storage\/2021\/06\/laguna-imuris.jpg","_links":{"self":[{"href":"https:\/\/www.sonoraenequipo.com.mx\/api\/wp\/v2\/posts\/117277","targetHints":{"allow":["GET"]}}],"collection":[{"href":"https:\/\/www.sonoraenequipo.com.mx\/api\/wp\/v2\/posts"}],"about":[{"href":"https:\/\/www.sonoraenequipo.com.mx\/api\/wp\/v2\/types\/post"}],"author":[{"embeddable":true,"href":"https:\/\/www.sonoraenequipo.com.mx\/api\/wp\/v2\/users\/1"}],"replies":[{"embeddable":true,"href":"https:\/\/www.sonoraenequipo.com.mx\/api\/wp\/v2\/comments?post=117277"}],"version-history":[{"count":1,"href":"https:\/\/www.sonoraenequipo.com.mx\/api\/wp\/v2\/posts\/117277\/revisions"}],"predecessor-version":[{"id":117281,"href":"https:\/\/www.sonoraenequipo.com.mx\/api\/wp\/v2\/posts\/117277\/revisions\/117281"}],"wp:featuredmedia":[{"embeddable":true,"href":"https:\/\/www.sonoraenequipo.com.mx\/api\/wp\/v2\/media\/117279"}],"wp:attachment":[{"href":"https:\/\/www.sonoraenequipo.com.mx\/api\/wp\/v2\/media?parent=117277"}],"wp:term":[{"taxonomy":"category","embeddable":true,"href":"https:\/\/www.sonoraenequipo.com.mx\/api\/wp\/v2\/categories?post=117277"},{"taxonomy":"post_tag","embeddable":true,"href":"https:\/\/www.sonoraenequipo.com.mx\/api\/wp\/v2\/tags?post=117277"}],"curies":[{"name":"wp","href":"https:\/\/api.w.org\/{rel}","templated":true}]}}