{"id":117283,"date":"2021-06-27T18:20:13","date_gmt":"2021-06-28T01:20:13","guid":{"rendered":"https:\/\/www.sonoraenequipo.com.mx\/?p=117283"},"modified":"2021-06-27T17:14:42","modified_gmt":"2021-06-28T00:14:42","slug":"la-encuesta-de-mexico-elige-coloca-a-marti-batres-como-el-senador-mejor-posicionado-en-junio","status":"publish","type":"post","link":"https:\/\/www.sonoraenequipo.com.mx\/la-encuesta-de-mexico-elige-coloca-a-marti-batres-como-el-senador-mejor-posicionado-en-junio\/","title":{"rendered":"La encuesta de Mexico Elige coloca a Mart\u00ed Batres como el senador mejor posicionado en junio"},"content":{"rendered":"<p>CIUDAD DE M\u00c9XICO. MX. \u2014 De acuerdo con el Estudio Nacional de Opini\u00f3n P\u00fablica \u00abM\u00e9xico Elige\u00bb, Mart\u00ed Batres Guadarrama se ubic\u00f3 en el lugar 13, al registrar el 38.4 por ciento en el \u00edndice de posicionamiento.<\/p>\n<p>&nbsp;<\/p>\n<p> <\/p>\n<p>En cuanto de tipo de opini\u00f3n, el morenista registr\u00f3 15.3 por ciento como \u00abexcelente\u00bb; 15.4, como \u00abbuena\u00bb; 18.4, como, \u00abregular\u00bb, 9.3, como \u00abmala\u00bb, 23.2, como \u00abp\u00e9sima\u00bb, y 18.4 dijo no conocerle.<\/p>\n<h3>\nSe ubic\u00f3 en la posici\u00f3n 13<\/h3>\n<p>Respecto a la aprobaci\u00f3n de los gobernantes federales y locales de M\u00e9xico, el presidente Andr\u00e9s Manuel L\u00f3pez Obrador obtuvo el 54.4 por ciento, mientras que los senadores el 46.9 por ciento; los gobernadores, 45.6 por ciento; presidentes municipales, 40.3 por ciento; los diputados locales, 39.5 por ciento, y los ministros de la Suprema Corte de Justicia el 38.7 por ciento.<\/p>\n<p>&nbsp;<\/p>\n<p>Adem\u00e1s, entre los 10 pol\u00edticos mejor posicionados se encuentra nuevamente el mandatario mexicano en el primer lugar, Hugo L\u00f3pez-Gatell en el segundo y la jefa de gobierno de la Ciudad de M\u00e9xico, Claudia Sheinbaum en el tercero.<\/p>\n<p>&nbsp;<\/p>\n<p>En el ranking de aprobaci\u00f3n de los ejecutivos locales, el mejor posicionado fue el gobernador de Yucat\u00e1n, el panista Mauricio Vila Dosal, quien obtuvo el 64.4 por ciento de aprobaci\u00f3n, en el segundo lugar se ubica el gobernador de Sinaloa, Quirino Ordaz Coppel con el 63.5 por ciento, y en el tercero Francisco Dom\u00ednguez con 60.3 por ciento.<\/p>\n<p>&nbsp;<\/p>\n<p>En la encuesta tambi\u00e9n se pregunt\u00f3 \u00bfCu\u00e1l considera que es el principal problema del pa\u00eds?, en donde corrupci\u00f3n obtuvo un 27.8 por ciento, en tanto que inseguridad el 15.4 por ciento y violencia el 11.2 por ciento.<\/p>\n<p>&nbsp;<\/p>\n<p>&nbsp;<\/p>\n<p>(Publicada el 27\/06\/2021)<\/p>\n","protected":false},"excerpt":{"rendered":"<p>CIUDAD DE M\u00c9XICO. MX. \u2014 De acuerdo con el Estudio Nacional de Opini\u00f3n P\u00fablica \u00abM\u00e9xico&#8230;<\/p>\n","protected":false},"author":1,"featured_media":117287,"comment_status":"open","ping_status":"open","sticky":false,"template":"","format":"standard","meta":{"_monsterinsights_skip_tracking":false,"_monsterinsights_sitenote_active":false,"_monsterinsights_sitenote_note":"","_monsterinsights_sitenote_category":0,"footnotes":""},"categories":[5],"tags":[],"class_list":["post"],"yoast_head":" \n<title>Sonora en Equipo. La encuesta de Mexico Elige coloca a Mart\u00ed Batres como el senador mejor posicionado en junio Rep\u00fablica<\/title>\n<meta name=\"description\" content=\"CIUDAD DE M\u00c9XICO. MX. \u2014 De acuerdo con el Estudio Nacional de Opini\u00f3n P\u00fablica &quot;M\u00e9xico Elige&quot;, Mart\u00ed Batres Guadarrama se ubic\u00f3 en el lugar 13, al En Sonora en Equipo publicamos toda la informaci\u00f3n de Sonora, M\u00e9xico y el Mundo de manera oportuna y busca que la libertad de expresi\u00f3n sea real. Visita nuestro medio informativo publicado desde Hermosillo, Sonora. %\" \/>\n<meta name=\"robots\" content=\"index, follow, max-snippet:-1, max-image-preview:large, max-video-preview:-1\" \/>\n<link rel=\"canonical\" href=\"https:\/\/www.sonoraenequipo.com.mx\/la-encuesta-de-mexico-elige-coloca-a-marti-batres-como-el-senador-mejor-posicionado-en-junio\/\" \/>\n<meta property=\"og:locale\" content=\"es_ES\" \/>\n<meta property=\"og:type\" content=\"article\" \/>\n<meta property=\"og:title\" content=\"Sonora en Equipo. La encuesta de Mexico Elige coloca a Mart\u00ed Batres como el senador mejor posicionado en junio Rep\u00fablica\" \/>\n<meta property=\"og:description\" content=\"CIUDAD DE M\u00c9XICO. MX. \u2014 De acuerdo con el Estudio Nacional de Opini\u00f3n P\u00fablica &quot;M\u00e9xico Elige&quot;, Mart\u00ed Batres Guadarrama se ubic\u00f3 en el lugar 13, al En Sonora en Equipo publicamos toda la informaci\u00f3n de Sonora, M\u00e9xico y el Mundo de manera oportuna y busca que la libertad de expresi\u00f3n sea real. Visita nuestro medio informativo publicado desde Hermosillo, Sonora. %\" \/>\n<meta property=\"og:url\" content=\"https:\/\/www.sonoraenequipo.com.mx\/la-encuesta-de-mexico-elige-coloca-a-marti-batres-como-el-senador-mejor-posicionado-en-junio\/\" \/>\n<meta property=\"og:site_name\" content=\"Sonora en Equipo.\" \/>\n<meta property=\"article:publisher\" content=\"https:\/\/www.facebook.com\/SonoraEE\/\" \/>\n<meta property=\"article:author\" content=\"https:\/\/www.facebook.com\/SonoraEE\" \/>\n<meta property=\"article:published_time\" content=\"2021-06-28T01:20:13+00:00\" \/>\n<meta property=\"og:image\" content=\"https:\/\/www.sonoraenequipo.com.mx\/storage\/2021\/06\/martin-Batres-Guadarrama_opt.jpg\" \/>\n\t<meta property=\"og:image:width\" content=\"700\" \/>\n\t<meta property=\"og:image:height\" content=\"400\" \/>\n\t<meta property=\"og:image:type\" content=\"image\/jpeg\" \/>\n<meta name=\"author\" content=\"enequipo\" \/>\n<meta name=\"twitter:card\" content=\"summary_large_image\" \/>\n<meta name=\"twitter:creator\" content=\"@sonoraenequipo\" \/>\n<meta name=\"twitter:site\" content=\"@sonoraenequipo\" \/>\n<meta name=\"twitter:label1\" content=\"Escrito por\" \/>\n\t<meta name=\"twitter:data1\" content=\"enequipo\" \/>\n\t<meta name=\"twitter:label2\" content=\"Tiempo de lectura\" \/>\n\t<meta name=\"twitter:data2\" content=\"2 minutos\" \/>\n<script type=\"application\/ld+json\" class=\"yoast-schema-graph\">{\"@context\":\"https:\/\/schema.org\",\"@graph\":[{\"@type\":\"Article\",\"@id\":\"https:\/\/www.sonoraenequipo.com.mx\/la-encuesta-de-mexico-elige-coloca-a-marti-batres-como-el-senador-mejor-posicionado-en-junio\/#article\",\"isPartOf\":{\"@id\":\"https:\/\/www.sonoraenequipo.com.mx\/la-encuesta-de-mexico-elige-coloca-a-marti-batres-como-el-senador-mejor-posicionado-en-junio\/\"},\"author\":{\"name\":\"enequipo\",\"@id\":\"https:\/\/www.sonoraenequipo.com.mx\/#\/schema\/person\/50102df0fb23a8fa9e8effad8fa81386\"},\"headline\":\"La encuesta de Mexico Elige coloca a Mart\u00ed Batres como el senador mejor posicionado en junio\",\"datePublished\":\"2021-06-28T01:20:13+00:00\",\"mainEntityOfPage\":{\"@id\":\"https:\/\/www.sonoraenequipo.com.mx\/la-encuesta-de-mexico-elige-coloca-a-marti-batres-como-el-senador-mejor-posicionado-en-junio\/\"},\"wordCount\":289,\"commentCount\":0,\"publisher\":{\"@id\":\"https:\/\/www.sonoraenequipo.com.mx\/#organization\"},\"image\":{\"@id\":\"https:\/\/www.sonoraenequipo.com.mx\/la-encuesta-de-mexico-elige-coloca-a-marti-batres-como-el-senador-mejor-posicionado-en-junio\/#primaryimage\"},\"thumbnailUrl\":\"https:\/\/www.sonoraenequipo.com.mx\/storage\/2021\/06\/martin-Batres-Guadarrama_opt.jpg\",\"articleSection\":[\"Rep\u00fablica\"],\"inLanguage\":\"es\",\"potentialAction\":[{\"@type\":\"CommentAction\",\"name\":\"Comment\",\"target\":[\"https:\/\/www.sonoraenequipo.com.mx\/la-encuesta-de-mexico-elige-coloca-a-marti-batres-como-el-senador-mejor-posicionado-en-junio\/#respond\"]}]},{\"@type\":\"WebPage\",\"@id\":\"https:\/\/www.sonoraenequipo.com.mx\/la-encuesta-de-mexico-elige-coloca-a-marti-batres-como-el-senador-mejor-posicionado-en-junio\/\",\"url\":\"https:\/\/www.sonoraenequipo.com.mx\/la-encuesta-de-mexico-elige-coloca-a-marti-batres-como-el-senador-mejor-posicionado-en-junio\/\",\"name\":\"Sonora en Equipo. La encuesta de Mexico Elige coloca a Mart\u00ed Batres como el senador mejor posicionado en junio Rep\u00fablica\",\"isPartOf\":{\"@id\":\"https:\/\/www.sonoraenequipo.com.mx\/#website\"},\"primaryImageOfPage\":{\"@id\":\"https:\/\/www.sonoraenequipo.com.mx\/la-encuesta-de-mexico-elige-coloca-a-marti-batres-como-el-senador-mejor-posicionado-en-junio\/#primaryimage\"},\"image\":{\"@id\":\"https:\/\/www.sonoraenequipo.com.mx\/la-encuesta-de-mexico-elige-coloca-a-marti-batres-como-el-senador-mejor-posicionado-en-junio\/#primaryimage\"},\"thumbnailUrl\":\"https:\/\/www.sonoraenequipo.com.mx\/storage\/2021\/06\/martin-Batres-Guadarrama_opt.jpg\",\"datePublished\":\"2021-06-28T01:20:13+00:00\",\"description\":\"CIUDAD DE M\u00c9XICO. MX. \u2014 De acuerdo con el Estudio Nacional de Opini\u00f3n P\u00fablica \\\"M\u00e9xico Elige\\\", Mart\u00ed Batres Guadarrama se ubic\u00f3 en el lugar 13, al En Sonora en Equipo publicamos toda la informaci\u00f3n de Sonora, M\u00e9xico y el Mundo de manera oportuna y busca que la libertad de expresi\u00f3n sea real. Visita nuestro medio informativo publicado desde Hermosillo, Sonora. %\",\"breadcrumb\":{\"@id\":\"https:\/\/www.sonoraenequipo.com.mx\/la-encuesta-de-mexico-elige-coloca-a-marti-batres-como-el-senador-mejor-posicionado-en-junio\/#breadcrumb\"},\"inLanguage\":\"es\",\"potentialAction\":[{\"@type\":\"ReadAction\",\"target\":[\"https:\/\/www.sonoraenequipo.com.mx\/la-encuesta-de-mexico-elige-coloca-a-marti-batres-como-el-senador-mejor-posicionado-en-junio\/\"]}]},{\"@type\":\"ImageObject\",\"inLanguage\":\"es\",\"@id\":\"https:\/\/www.sonoraenequipo.com.mx\/la-encuesta-de-mexico-elige-coloca-a-marti-batres-como-el-senador-mejor-posicionado-en-junio\/#primaryimage\",\"url\":\"https:\/\/www.sonoraenequipo.com.mx\/storage\/2021\/06\/martin-Batres-Guadarrama_opt.jpg\",\"contentUrl\":\"https:\/\/www.sonoraenequipo.com.mx\/storage\/2021\/06\/martin-Batres-Guadarrama_opt.jpg\",\"width\":700,\"height\":400},{\"@type\":\"BreadcrumbList\",\"@id\":\"https:\/\/www.sonoraenequipo.com.mx\/la-encuesta-de-mexico-elige-coloca-a-marti-batres-como-el-senador-mejor-posicionado-en-junio\/#breadcrumb\",\"itemListElement\":[{\"@type\":\"ListItem\",\"position\":1,\"name\":\"Portada\",\"item\":\"https:\/\/www.sonoraenequipo.com.mx\/\"},{\"@type\":\"ListItem\",\"position\":2,\"name\":\"La encuesta de Mexico Elige coloca a Mart\u00ed Batres como el senador mejor posicionado en junio\"}]},{\"@type\":\"WebSite\",\"@id\":\"https:\/\/www.sonoraenequipo.com.mx\/#website\",\"url\":\"https:\/\/www.sonoraenequipo.com.mx\/\",\"name\":\"Sonora en Equipo.\",\"description\":\"Diario en l\u00ednea con Noticias desde Hermosillo, Sonora\",\"publisher\":{\"@id\":\"https:\/\/www.sonoraenequipo.com.mx\/#organization\"},\"potentialAction\":[{\"@type\":\"SearchAction\",\"target\":{\"@type\":\"EntryPoint\",\"urlTemplate\":\"https:\/\/www.sonoraenequipo.com.mx\/?s={search_term_string}\"},\"query-input\":{\"@type\":\"PropertyValueSpecification\",\"valueRequired\":true,\"valueName\":\"search_term_string\"}}],\"inLanguage\":\"es\"},{\"@type\":\"Organization\",\"@id\":\"https:\/\/www.sonoraenequipo.com.mx\/#organization\",\"name\":\"Sonoraenequipo.com.mx\",\"url\":\"https:\/\/www.sonoraenequipo.com.mx\/\",\"logo\":{\"@type\":\"ImageObject\",\"inLanguage\":\"es\",\"@id\":\"https:\/\/www.sonoraenequipo.com.mx\/#\/schema\/logo\/image\/\",\"url\":\"https:\/\/www.sonoraenequipo.com.mx\/storage\/2019\/01\/sonoraenequipo_opt.png\",\"contentUrl\":\"https:\/\/www.sonoraenequipo.com.mx\/storage\/2019\/01\/sonoraenequipo_opt.png\",\"width\":375,\"height\":125,\"caption\":\"Sonoraenequipo.com.mx\"},\"image\":{\"@id\":\"https:\/\/www.sonoraenequipo.com.mx\/#\/schema\/logo\/image\/\"},\"sameAs\":[\"https:\/\/www.facebook.com\/SonoraEE\/\",\"https:\/\/x.com\/sonoraenequipo\",\"https:\/\/www.youtube.com\/channel\/UC338nW-lPEYmJQs4ZABQ1SQ\"]},{\"@type\":\"Person\",\"@id\":\"https:\/\/www.sonoraenequipo.com.mx\/#\/schema\/person\/50102df0fb23a8fa9e8effad8fa81386\",\"name\":\"enequipo\",\"image\":{\"@type\":\"ImageObject\",\"inLanguage\":\"es\",\"@id\":\"https:\/\/www.sonoraenequipo.com.mx\/#\/schema\/person\/image\/\",\"url\":\"https:\/\/secure.gravatar.com\/avatar\/049821681b589dabc0bc20695993ccebb09f5b5d4d790cd9251b97faac7c652b?s=96&d=blank&r=g\",\"contentUrl\":\"https:\/\/secure.gravatar.com\/avatar\/049821681b589dabc0bc20695993ccebb09f5b5d4d790cd9251b97faac7c652b?s=96&d=blank&r=g\",\"caption\":\"enequipo\"},\"sameAs\":[\"https:\/\/www.facebook.com\/SonoraEE\"]}]}<\/script>\n ","yoast_head_json":{"title":"Sonora en Equipo. La encuesta de Mexico Elige coloca a Mart\u00ed Batres como el senador mejor posicionado en junio Rep\u00fablica","description":"CIUDAD DE M\u00c9XICO. MX. \u2014 De acuerdo con el Estudio Nacional de Opini\u00f3n P\u00fablica \"M\u00e9xico Elige\", Mart\u00ed Batres Guadarrama se ubic\u00f3 en el lugar 13, al En Sonora en Equipo publicamos toda la informaci\u00f3n de Sonora, M\u00e9xico y el Mundo de manera oportuna y busca que la libertad de expresi\u00f3n sea real. Visita nuestro medio informativo publicado desde Hermosillo, Sonora. %","robots":{"index":"index","follow":"follow","max-snippet":"max-snippet:-1","max-image-preview":"max-image-preview:large","max-video-preview":"max-video-preview:-1"},"canonical":"https:\/\/www.sonoraenequipo.com.mx\/la-encuesta-de-mexico-elige-coloca-a-marti-batres-como-el-senador-mejor-posicionado-en-junio\/","og_locale":"es_ES","og_type":"article","og_title":"Sonora en Equipo. La encuesta de Mexico Elige coloca a Mart\u00ed Batres como el senador mejor posicionado en junio Rep\u00fablica","og_description":"CIUDAD DE M\u00c9XICO. MX. \u2014 De acuerdo con el Estudio Nacional de Opini\u00f3n P\u00fablica \"M\u00e9xico Elige\", Mart\u00ed Batres Guadarrama se ubic\u00f3 en el lugar 13, al En Sonora en Equipo publicamos toda la informaci\u00f3n de Sonora, M\u00e9xico y el Mundo de manera oportuna y busca que la libertad de expresi\u00f3n sea real. Visita nuestro medio informativo publicado desde Hermosillo, Sonora. %","og_url":"https:\/\/www.sonoraenequipo.com.mx\/la-encuesta-de-mexico-elige-coloca-a-marti-batres-como-el-senador-mejor-posicionado-en-junio\/","og_site_name":"Sonora en Equipo.","article_publisher":"https:\/\/www.facebook.com\/SonoraEE\/","article_author":"https:\/\/www.facebook.com\/SonoraEE","article_published_time":"2021-06-28T01:20:13+00:00","og_image":[{"width":700,"height":400,"url":"https:\/\/www.sonoraenequipo.com.mx\/storage\/2021\/06\/martin-Batres-Guadarrama_opt.jpg","type":"image\/jpeg"}],"author":"enequipo","twitter_card":"summary_large_image","twitter_creator":"@sonoraenequipo","twitter_site":"@sonoraenequipo","twitter_misc":{"Escrito por":"enequipo","Tiempo de lectura":"2 minutos"},"schema":{"@context":"https:\/\/schema.org","@graph":[{"@type":"Article","@id":"https:\/\/www.sonoraenequipo.com.mx\/la-encuesta-de-mexico-elige-coloca-a-marti-batres-como-el-senador-mejor-posicionado-en-junio\/#article","isPartOf":{"@id":"https:\/\/www.sonoraenequipo.com.mx\/la-encuesta-de-mexico-elige-coloca-a-marti-batres-como-el-senador-mejor-posicionado-en-junio\/"},"author":{"name":"enequipo","@id":"https:\/\/www.sonoraenequipo.com.mx\/#\/schema\/person\/50102df0fb23a8fa9e8effad8fa81386"},"headline":"La encuesta de Mexico Elige coloca a Mart\u00ed Batres como el senador mejor posicionado en junio","datePublished":"2021-06-28T01:20:13+00:00","mainEntityOfPage":{"@id":"https:\/\/www.sonoraenequipo.com.mx\/la-encuesta-de-mexico-elige-coloca-a-marti-batres-como-el-senador-mejor-posicionado-en-junio\/"},"wordCount":289,"commentCount":0,"publisher":{"@id":"https:\/\/www.sonoraenequipo.com.mx\/#organization"},"image":{"@id":"https:\/\/www.sonoraenequipo.com.mx\/la-encuesta-de-mexico-elige-coloca-a-marti-batres-como-el-senador-mejor-posicionado-en-junio\/#primaryimage"},"thumbnailUrl":"https:\/\/www.sonoraenequipo.com.mx\/storage\/2021\/06\/martin-Batres-Guadarrama_opt.jpg","articleSection":["Rep\u00fablica"],"inLanguage":"es","potentialAction":[{"@type":"CommentAction","name":"Comment","target":["https:\/\/www.sonoraenequipo.com.mx\/la-encuesta-de-mexico-elige-coloca-a-marti-batres-como-el-senador-mejor-posicionado-en-junio\/#respond"]}]},{"@type":"WebPage","@id":"https:\/\/www.sonoraenequipo.com.mx\/la-encuesta-de-mexico-elige-coloca-a-marti-batres-como-el-senador-mejor-posicionado-en-junio\/","url":"https:\/\/www.sonoraenequipo.com.mx\/la-encuesta-de-mexico-elige-coloca-a-marti-batres-como-el-senador-mejor-posicionado-en-junio\/","name":"Sonora en Equipo. La encuesta de Mexico Elige coloca a Mart\u00ed Batres como el senador mejor posicionado en junio Rep\u00fablica","isPartOf":{"@id":"https:\/\/www.sonoraenequipo.com.mx\/#website"},"primaryImageOfPage":{"@id":"https:\/\/www.sonoraenequipo.com.mx\/la-encuesta-de-mexico-elige-coloca-a-marti-batres-como-el-senador-mejor-posicionado-en-junio\/#primaryimage"},"image":{"@id":"https:\/\/www.sonoraenequipo.com.mx\/la-encuesta-de-mexico-elige-coloca-a-marti-batres-como-el-senador-mejor-posicionado-en-junio\/#primaryimage"},"thumbnailUrl":"https:\/\/www.sonoraenequipo.com.mx\/storage\/2021\/06\/martin-Batres-Guadarrama_opt.jpg","datePublished":"2021-06-28T01:20:13+00:00","description":"CIUDAD DE M\u00c9XICO. MX. \u2014 De acuerdo con el Estudio Nacional de Opini\u00f3n P\u00fablica \"M\u00e9xico Elige\", Mart\u00ed Batres Guadarrama se ubic\u00f3 en el lugar 13, al En Sonora en Equipo publicamos toda la informaci\u00f3n de Sonora, M\u00e9xico y el Mundo de manera oportuna y busca que la libertad de expresi\u00f3n sea real. Visita nuestro medio informativo publicado desde Hermosillo, Sonora. %","breadcrumb":{"@id":"https:\/\/www.sonoraenequipo.com.mx\/la-encuesta-de-mexico-elige-coloca-a-marti-batres-como-el-senador-mejor-posicionado-en-junio\/#breadcrumb"},"inLanguage":"es","potentialAction":[{"@type":"ReadAction","target":["https:\/\/www.sonoraenequipo.com.mx\/la-encuesta-de-mexico-elige-coloca-a-marti-batres-como-el-senador-mejor-posicionado-en-junio\/"]}]},{"@type":"ImageObject","inLanguage":"es","@id":"https:\/\/www.sonoraenequipo.com.mx\/la-encuesta-de-mexico-elige-coloca-a-marti-batres-como-el-senador-mejor-posicionado-en-junio\/#primaryimage","url":"https:\/\/www.sonoraenequipo.com.mx\/storage\/2021\/06\/martin-Batres-Guadarrama_opt.jpg","contentUrl":"https:\/\/www.sonoraenequipo.com.mx\/storage\/2021\/06\/martin-Batres-Guadarrama_opt.jpg","width":700,"height":400},{"@type":"BreadcrumbList","@id":"https:\/\/www.sonoraenequipo.com.mx\/la-encuesta-de-mexico-elige-coloca-a-marti-batres-como-el-senador-mejor-posicionado-en-junio\/#breadcrumb","itemListElement":[{"@type":"ListItem","position":1,"name":"Portada","item":"https:\/\/www.sonoraenequipo.com.mx\/"},{"@type":"ListItem","position":2,"name":"La encuesta de Mexico Elige coloca a Mart\u00ed Batres como el senador mejor posicionado en junio"}]},{"@type":"WebSite","@id":"https:\/\/www.sonoraenequipo.com.mx\/#website","url":"https:\/\/www.sonoraenequipo.com.mx\/","name":"Sonora en Equipo.","description":"Diario en l\u00ednea con Noticias desde Hermosillo, Sonora","publisher":{"@id":"https:\/\/www.sonoraenequipo.com.mx\/#organization"},"potentialAction":[{"@type":"SearchAction","target":{"@type":"EntryPoint","urlTemplate":"https:\/\/www.sonoraenequipo.com.mx\/?s={search_term_string}"},"query-input":{"@type":"PropertyValueSpecification","valueRequired":true,"valueName":"search_term_string"}}],"inLanguage":"es"},{"@type":"Organization","@id":"https:\/\/www.sonoraenequipo.com.mx\/#organization","name":"Sonoraenequipo.com.mx","url":"https:\/\/www.sonoraenequipo.com.mx\/","logo":{"@type":"ImageObject","inLanguage":"es","@id":"https:\/\/www.sonoraenequipo.com.mx\/#\/schema\/logo\/image\/","url":"https:\/\/www.sonoraenequipo.com.mx\/storage\/2019\/01\/sonoraenequipo_opt.png","contentUrl":"https:\/\/www.sonoraenequipo.com.mx\/storage\/2019\/01\/sonoraenequipo_opt.png","width":375,"height":125,"caption":"Sonoraenequipo.com.mx"},"image":{"@id":"https:\/\/www.sonoraenequipo.com.mx\/#\/schema\/logo\/image\/"},"sameAs":["https:\/\/www.facebook.com\/SonoraEE\/","https:\/\/x.com\/sonoraenequipo","https:\/\/www.youtube.com\/channel\/UC338nW-lPEYmJQs4ZABQ1SQ"]},{"@type":"Person","@id":"https:\/\/www.sonoraenequipo.com.mx\/#\/schema\/person\/50102df0fb23a8fa9e8effad8fa81386","name":"enequipo","image":{"@type":"ImageObject","inLanguage":"es","@id":"https:\/\/www.sonoraenequipo.com.mx\/#\/schema\/person\/image\/","url":"https:\/\/secure.gravatar.com\/avatar\/049821681b589dabc0bc20695993ccebb09f5b5d4d790cd9251b97faac7c652b?s=96&d=blank&r=g","contentUrl":"https:\/\/secure.gravatar.com\/avatar\/049821681b589dabc0bc20695993ccebb09f5b5d4d790cd9251b97faac7c652b?s=96&d=blank&r=g","caption":"enequipo"},"sameAs":["https:\/\/www.facebook.com\/SonoraEE"]}]}},"jetpack_featured_media_url":"https:\/\/www.sonoraenequipo.com.mx\/storage\/2021\/06\/martin-Batres-Guadarrama_opt.jpg","_links":{"self":[{"href":"https:\/\/www.sonoraenequipo.com.mx\/api\/wp\/v2\/posts\/117283","targetHints":{"allow":["GET"]}}],"collection":[{"href":"https:\/\/www.sonoraenequipo.com.mx\/api\/wp\/v2\/posts"}],"about":[{"href":"https:\/\/www.sonoraenequipo.com.mx\/api\/wp\/v2\/types\/post"}],"author":[{"embeddable":true,"href":"https:\/\/www.sonoraenequipo.com.mx\/api\/wp\/v2\/users\/1"}],"replies":[{"embeddable":true,"href":"https:\/\/www.sonoraenequipo.com.mx\/api\/wp\/v2\/comments?post=117283"}],"version-history":[{"count":1,"href":"https:\/\/www.sonoraenequipo.com.mx\/api\/wp\/v2\/posts\/117283\/revisions"}],"predecessor-version":[{"id":117288,"href":"https:\/\/www.sonoraenequipo.com.mx\/api\/wp\/v2\/posts\/117283\/revisions\/117288"}],"wp:featuredmedia":[{"embeddable":true,"href":"https:\/\/www.sonoraenequipo.com.mx\/api\/wp\/v2\/media\/117287"}],"wp:attachment":[{"href":"https:\/\/www.sonoraenequipo.com.mx\/api\/wp\/v2\/media?parent=117283"}],"wp:term":[{"taxonomy":"category","embeddable":true,"href":"https:\/\/www.sonoraenequipo.com.mx\/api\/wp\/v2\/categories?post=117283"},{"taxonomy":"post_tag","embeddable":true,"href":"https:\/\/www.sonoraenequipo.com.mx\/api\/wp\/v2\/tags?post=117283"}],"curies":[{"name":"wp","href":"https:\/\/api.w.org\/{rel}","templated":true}]}}