{"id":117289,"date":"2021-06-27T16:22:57","date_gmt":"2021-06-27T23:22:57","guid":{"rendered":"https:\/\/www.sonoraenequipo.com.mx\/?p=117289"},"modified":"2021-06-27T17:37:04","modified_gmt":"2021-06-28T00:37:04","slug":"arrestan-a-la-vaca-lider-del-cartel-del-golfo-y-otras-siete-personas-por-masacre-en-reynosa","status":"publish","type":"post","link":"https:\/\/www.sonoraenequipo.com.mx\/arrestan-a-la-vaca-lider-del-cartel-del-golfo-y-otras-siete-personas-por-masacre-en-reynosa\/","title":{"rendered":"Arrestan a \u2018La Vaca\u2019 l\u00edder del Cartel del Golfo y otras siete personas por masacre en Reynosa"},"content":{"rendered":"<p>REYNOSA, TAMAULIPAS. MX. \u2014 Este domingo, 27 de junio, fue detenido Jorge Iv\u00e1n C\u00e1rdenas Mart\u00ednez, tambi\u00e9n conocido como \u2018La Vaca\u2019, quien es el presunto l\u00edder del Cartel de Golfo de la zona de R\u00edo Bravo, donde fue arrestado, as\u00ed como tambi\u00e9n de Matamoros y Reynosa, Tamaulipas.<\/p>\n<p>&nbsp;<\/p>\n<p> <\/p>\n<p>&nbsp;<\/p>\n<p>C\u00e1rdenas Mart\u00ednez ha sido se\u00f1alado como uno de los responsables de la masacre en Reynosa perpetuada el pasado 19 de junio. Esto lo inform\u00f3 el gobierno de Tamaulipas, a trav\u00e9s de la Secretar\u00eda de Seguridad P\u00fablica.<\/p>\n<p>&nbsp;<\/p>\n<p>Por medio de un comunicado, las autoridades informaron que agentes del Grupo de Operaciones Especiales (GOPES) detuvieron a ocho personas, presuntamente, tambi\u00e9n implicadas en la masacre.<\/p>\n<p>&nbsp;<\/p>\n<p>El suceso ocurrido hace apenas unos d\u00edas, donde un grupo de sujetos armados ingresaron a diferentes colonias de la ciudad, y abrieron fuego contra personas inocentes. Dejaron un saldo de 15 habitantes asesinados, mientras que de su lado, los elementos de seguridad, abatieron a cuatro de los agresores.<\/p>\n<p>&nbsp;<\/p>\n<p>Jorge Iv\u00e1n es identificado como \u201cjefe de plaza\u201d de la organizaci\u00f3n criminal denominada C\u00e1rtel del Golfo en la ciudad de R\u00edo Bravo, ha sido se\u00f1alado como agente de la violencia en la regi\u00f3n que abarca Reynosa, R\u00edo Bravo y Matamoros.<\/p>\n<p>&nbsp;<\/p>\n<p>El presunto l\u00edder criminal adem\u00e1s cuenta con una orden de arresto desde 2019 por diversos delitos, e incluso, la Fiscal\u00eda General de Tamaulipas hab\u00eda ofrecido una recompensa de 2 millones de pesos, pues se consideraba objetivo prioritario.<\/p>\n<p>&nbsp;<\/p>\n<p>Adem\u00e1s de las detenci\u00f3n de los ocho criminales, se aseguraron ocho veh\u00edculos, 16 armas de diversos calibres, dos de ellas de alto poder; m\u00e1s de 3 mil 900 cartuchos \u00fatiles tambi\u00e9n de diversos calibres, 80 cargadores, 8 chalecos bal\u00edsticos; 2 granadas y equipamiento t\u00e1ctico, as\u00ed como un paquete con hierba verde con caracter\u00edsticas similares a las de la marihuana.<\/p>\n<p>&nbsp;<\/p>\n<p>Los ocho detenidos fueron dispuestos a las autoridades del Ministerio P\u00fablico.<\/p>\n<p>&nbsp;<\/p>\n<p>&nbsp;<\/p>\n<p>(Publicada el 27\/06\/2021)<\/p>\n","protected":false},"excerpt":{"rendered":"<p>REYNOSA, TAMAULIPAS. MX. \u2014 Este domingo, 27 de junio, fue detenido Jorge Iv\u00e1n C\u00e1rdenas Mart\u00ednez,&#8230;<\/p>\n","protected":false},"author":1,"featured_media":117291,"comment_status":"open","ping_status":"open","sticky":false,"template":"","format":"standard","meta":{"_monsterinsights_skip_tracking":false,"_monsterinsights_sitenote_active":false,"_monsterinsights_sitenote_note":"","_monsterinsights_sitenote_category":0,"footnotes":""},"categories":[5],"tags":[],"class_list":["post"],"yoast_head":" \n<title>Sonora en Equipo. Arrestan a \u2018La Vaca\u2019 l\u00edder del Cartel del Golfo y otras siete personas por masacre en Reynosa Rep\u00fablica<\/title>\n<meta name=\"description\" content=\"REYNOSA, TAMAULIPAS. MX. \u2014 Este domingo, 27 de junio, fue detenido Jorge Iv\u00e1n C\u00e1rdenas Mart\u00ednez, tambi\u00e9n conocido como \u2018La Vaca\u2019, quien es el presunto En Sonora en Equipo publicamos toda la informaci\u00f3n de Sonora, M\u00e9xico y el Mundo de manera oportuna y busca que la libertad de expresi\u00f3n sea real. Visita nuestro medio informativo publicado desde Hermosillo, Sonora. %\" \/>\n<meta name=\"robots\" content=\"index, follow, max-snippet:-1, max-image-preview:large, max-video-preview:-1\" \/>\n<link rel=\"canonical\" href=\"https:\/\/www.sonoraenequipo.com.mx\/arrestan-a-la-vaca-lider-del-cartel-del-golfo-y-otras-siete-personas-por-masacre-en-reynosa\/\" \/>\n<meta property=\"og:locale\" content=\"es_ES\" \/>\n<meta property=\"og:type\" content=\"article\" \/>\n<meta property=\"og:title\" content=\"Sonora en Equipo. Arrestan a \u2018La Vaca\u2019 l\u00edder del Cartel del Golfo y otras siete personas por masacre en Reynosa Rep\u00fablica\" \/>\n<meta property=\"og:description\" content=\"REYNOSA, TAMAULIPAS. MX. \u2014 Este domingo, 27 de junio, fue detenido Jorge Iv\u00e1n C\u00e1rdenas Mart\u00ednez, tambi\u00e9n conocido como \u2018La Vaca\u2019, quien es el presunto En Sonora en Equipo publicamos toda la informaci\u00f3n de Sonora, M\u00e9xico y el Mundo de manera oportuna y busca que la libertad de expresi\u00f3n sea real. Visita nuestro medio informativo publicado desde Hermosillo, Sonora. %\" \/>\n<meta property=\"og:url\" content=\"https:\/\/www.sonoraenequipo.com.mx\/arrestan-a-la-vaca-lider-del-cartel-del-golfo-y-otras-siete-personas-por-masacre-en-reynosa\/\" \/>\n<meta property=\"og:site_name\" content=\"Sonora en Equipo.\" \/>\n<meta property=\"article:publisher\" content=\"https:\/\/www.facebook.com\/SonoraEE\/\" \/>\n<meta property=\"article:author\" content=\"https:\/\/www.facebook.com\/SonoraEE\" \/>\n<meta property=\"article:published_time\" content=\"2021-06-27T23:22:57+00:00\" \/>\n<meta property=\"article:modified_time\" content=\"2021-06-28T00:37:04+00:00\" \/>\n<meta property=\"og:image\" content=\"https:\/\/www.sonoraenequipo.com.mx\/storage\/2021\/06\/La-vaca-presunto-lider-del-cartel-golfo_opt.jpg\" \/>\n\t<meta property=\"og:image:width\" content=\"700\" \/>\n\t<meta property=\"og:image:height\" content=\"400\" \/>\n\t<meta property=\"og:image:type\" content=\"image\/jpeg\" \/>\n<meta name=\"author\" content=\"enequipo\" \/>\n<meta name=\"twitter:card\" content=\"summary_large_image\" \/>\n<meta name=\"twitter:creator\" content=\"@sonoraenequipo\" \/>\n<meta name=\"twitter:site\" content=\"@sonoraenequipo\" \/>\n<meta name=\"twitter:label1\" content=\"Escrito por\" \/>\n\t<meta name=\"twitter:data1\" content=\"enequipo\" \/>\n\t<meta name=\"twitter:label2\" content=\"Tiempo de lectura\" \/>\n\t<meta name=\"twitter:data2\" content=\"2 minutos\" \/>\n<script type=\"application\/ld+json\" class=\"yoast-schema-graph\">{\"@context\":\"https:\/\/schema.org\",\"@graph\":[{\"@type\":\"Article\",\"@id\":\"https:\/\/www.sonoraenequipo.com.mx\/arrestan-a-la-vaca-lider-del-cartel-del-golfo-y-otras-siete-personas-por-masacre-en-reynosa\/#article\",\"isPartOf\":{\"@id\":\"https:\/\/www.sonoraenequipo.com.mx\/arrestan-a-la-vaca-lider-del-cartel-del-golfo-y-otras-siete-personas-por-masacre-en-reynosa\/\"},\"author\":{\"name\":\"enequipo\",\"@id\":\"https:\/\/www.sonoraenequipo.com.mx\/#\/schema\/person\/50102df0fb23a8fa9e8effad8fa81386\"},\"headline\":\"Arrestan a \u2018La Vaca\u2019 l\u00edder del Cartel del Golfo y otras siete personas por masacre en Reynosa\",\"datePublished\":\"2021-06-27T23:22:57+00:00\",\"dateModified\":\"2021-06-28T00:37:04+00:00\",\"mainEntityOfPage\":{\"@id\":\"https:\/\/www.sonoraenequipo.com.mx\/arrestan-a-la-vaca-lider-del-cartel-del-golfo-y-otras-siete-personas-por-masacre-en-reynosa\/\"},\"wordCount\":356,\"commentCount\":0,\"publisher\":{\"@id\":\"https:\/\/www.sonoraenequipo.com.mx\/#organization\"},\"image\":{\"@id\":\"https:\/\/www.sonoraenequipo.com.mx\/arrestan-a-la-vaca-lider-del-cartel-del-golfo-y-otras-siete-personas-por-masacre-en-reynosa\/#primaryimage\"},\"thumbnailUrl\":\"https:\/\/www.sonoraenequipo.com.mx\/storage\/2021\/06\/La-vaca-presunto-lider-del-cartel-golfo_opt.jpg\",\"articleSection\":[\"Rep\u00fablica\"],\"inLanguage\":\"es\",\"potentialAction\":[{\"@type\":\"CommentAction\",\"name\":\"Comment\",\"target\":[\"https:\/\/www.sonoraenequipo.com.mx\/arrestan-a-la-vaca-lider-del-cartel-del-golfo-y-otras-siete-personas-por-masacre-en-reynosa\/#respond\"]}]},{\"@type\":\"WebPage\",\"@id\":\"https:\/\/www.sonoraenequipo.com.mx\/arrestan-a-la-vaca-lider-del-cartel-del-golfo-y-otras-siete-personas-por-masacre-en-reynosa\/\",\"url\":\"https:\/\/www.sonoraenequipo.com.mx\/arrestan-a-la-vaca-lider-del-cartel-del-golfo-y-otras-siete-personas-por-masacre-en-reynosa\/\",\"name\":\"Sonora en Equipo. Arrestan a \u2018La Vaca\u2019 l\u00edder del Cartel del Golfo y otras siete personas por masacre en Reynosa Rep\u00fablica\",\"isPartOf\":{\"@id\":\"https:\/\/www.sonoraenequipo.com.mx\/#website\"},\"primaryImageOfPage\":{\"@id\":\"https:\/\/www.sonoraenequipo.com.mx\/arrestan-a-la-vaca-lider-del-cartel-del-golfo-y-otras-siete-personas-por-masacre-en-reynosa\/#primaryimage\"},\"image\":{\"@id\":\"https:\/\/www.sonoraenequipo.com.mx\/arrestan-a-la-vaca-lider-del-cartel-del-golfo-y-otras-siete-personas-por-masacre-en-reynosa\/#primaryimage\"},\"thumbnailUrl\":\"https:\/\/www.sonoraenequipo.com.mx\/storage\/2021\/06\/La-vaca-presunto-lider-del-cartel-golfo_opt.jpg\",\"datePublished\":\"2021-06-27T23:22:57+00:00\",\"dateModified\":\"2021-06-28T00:37:04+00:00\",\"description\":\"REYNOSA, TAMAULIPAS. MX. \u2014 Este domingo, 27 de junio, fue detenido Jorge Iv\u00e1n C\u00e1rdenas Mart\u00ednez, tambi\u00e9n conocido como \u2018La Vaca\u2019, quien es el presunto En Sonora en Equipo publicamos toda la informaci\u00f3n de Sonora, M\u00e9xico y el Mundo de manera oportuna y busca que la libertad de expresi\u00f3n sea real. Visita nuestro medio informativo publicado desde Hermosillo, Sonora. %\",\"breadcrumb\":{\"@id\":\"https:\/\/www.sonoraenequipo.com.mx\/arrestan-a-la-vaca-lider-del-cartel-del-golfo-y-otras-siete-personas-por-masacre-en-reynosa\/#breadcrumb\"},\"inLanguage\":\"es\",\"potentialAction\":[{\"@type\":\"ReadAction\",\"target\":[\"https:\/\/www.sonoraenequipo.com.mx\/arrestan-a-la-vaca-lider-del-cartel-del-golfo-y-otras-siete-personas-por-masacre-en-reynosa\/\"]}]},{\"@type\":\"ImageObject\",\"inLanguage\":\"es\",\"@id\":\"https:\/\/www.sonoraenequipo.com.mx\/arrestan-a-la-vaca-lider-del-cartel-del-golfo-y-otras-siete-personas-por-masacre-en-reynosa\/#primaryimage\",\"url\":\"https:\/\/www.sonoraenequipo.com.mx\/storage\/2021\/06\/La-vaca-presunto-lider-del-cartel-golfo_opt.jpg\",\"contentUrl\":\"https:\/\/www.sonoraenequipo.com.mx\/storage\/2021\/06\/La-vaca-presunto-lider-del-cartel-golfo_opt.jpg\",\"width\":700,\"height\":400},{\"@type\":\"BreadcrumbList\",\"@id\":\"https:\/\/www.sonoraenequipo.com.mx\/arrestan-a-la-vaca-lider-del-cartel-del-golfo-y-otras-siete-personas-por-masacre-en-reynosa\/#breadcrumb\",\"itemListElement\":[{\"@type\":\"ListItem\",\"position\":1,\"name\":\"Portada\",\"item\":\"https:\/\/www.sonoraenequipo.com.mx\/\"},{\"@type\":\"ListItem\",\"position\":2,\"name\":\"Arrestan a \u2018La Vaca\u2019 l\u00edder del Cartel del Golfo y otras siete personas por masacre en Reynosa\"}]},{\"@type\":\"WebSite\",\"@id\":\"https:\/\/www.sonoraenequipo.com.mx\/#website\",\"url\":\"https:\/\/www.sonoraenequipo.com.mx\/\",\"name\":\"Sonora en Equipo.\",\"description\":\"Diario en l\u00ednea con Noticias desde Hermosillo, Sonora\",\"publisher\":{\"@id\":\"https:\/\/www.sonoraenequipo.com.mx\/#organization\"},\"potentialAction\":[{\"@type\":\"SearchAction\",\"target\":{\"@type\":\"EntryPoint\",\"urlTemplate\":\"https:\/\/www.sonoraenequipo.com.mx\/?s={search_term_string}\"},\"query-input\":{\"@type\":\"PropertyValueSpecification\",\"valueRequired\":true,\"valueName\":\"search_term_string\"}}],\"inLanguage\":\"es\"},{\"@type\":\"Organization\",\"@id\":\"https:\/\/www.sonoraenequipo.com.mx\/#organization\",\"name\":\"Sonoraenequipo.com.mx\",\"url\":\"https:\/\/www.sonoraenequipo.com.mx\/\",\"logo\":{\"@type\":\"ImageObject\",\"inLanguage\":\"es\",\"@id\":\"https:\/\/www.sonoraenequipo.com.mx\/#\/schema\/logo\/image\/\",\"url\":\"https:\/\/www.sonoraenequipo.com.mx\/storage\/2019\/01\/sonoraenequipo_opt.png\",\"contentUrl\":\"https:\/\/www.sonoraenequipo.com.mx\/storage\/2019\/01\/sonoraenequipo_opt.png\",\"width\":375,\"height\":125,\"caption\":\"Sonoraenequipo.com.mx\"},\"image\":{\"@id\":\"https:\/\/www.sonoraenequipo.com.mx\/#\/schema\/logo\/image\/\"},\"sameAs\":[\"https:\/\/www.facebook.com\/SonoraEE\/\",\"https:\/\/x.com\/sonoraenequipo\",\"https:\/\/www.youtube.com\/channel\/UC338nW-lPEYmJQs4ZABQ1SQ\"]},{\"@type\":\"Person\",\"@id\":\"https:\/\/www.sonoraenequipo.com.mx\/#\/schema\/person\/50102df0fb23a8fa9e8effad8fa81386\",\"name\":\"enequipo\",\"image\":{\"@type\":\"ImageObject\",\"inLanguage\":\"es\",\"@id\":\"https:\/\/www.sonoraenequipo.com.mx\/#\/schema\/person\/image\/\",\"url\":\"https:\/\/secure.gravatar.com\/avatar\/049821681b589dabc0bc20695993ccebb09f5b5d4d790cd9251b97faac7c652b?s=96&d=blank&r=g\",\"contentUrl\":\"https:\/\/secure.gravatar.com\/avatar\/049821681b589dabc0bc20695993ccebb09f5b5d4d790cd9251b97faac7c652b?s=96&d=blank&r=g\",\"caption\":\"enequipo\"},\"sameAs\":[\"https:\/\/www.facebook.com\/SonoraEE\"]}]}<\/script>\n ","yoast_head_json":{"title":"Sonora en Equipo. Arrestan a \u2018La Vaca\u2019 l\u00edder del Cartel del Golfo y otras siete personas por masacre en Reynosa Rep\u00fablica","description":"REYNOSA, TAMAULIPAS. MX. \u2014 Este domingo, 27 de junio, fue detenido Jorge Iv\u00e1n C\u00e1rdenas Mart\u00ednez, tambi\u00e9n conocido como \u2018La Vaca\u2019, quien es el presunto En Sonora en Equipo publicamos toda la informaci\u00f3n de Sonora, M\u00e9xico y el Mundo de manera oportuna y busca que la libertad de expresi\u00f3n sea real. Visita nuestro medio informativo publicado desde Hermosillo, Sonora. %","robots":{"index":"index","follow":"follow","max-snippet":"max-snippet:-1","max-image-preview":"max-image-preview:large","max-video-preview":"max-video-preview:-1"},"canonical":"https:\/\/www.sonoraenequipo.com.mx\/arrestan-a-la-vaca-lider-del-cartel-del-golfo-y-otras-siete-personas-por-masacre-en-reynosa\/","og_locale":"es_ES","og_type":"article","og_title":"Sonora en Equipo. Arrestan a \u2018La Vaca\u2019 l\u00edder del Cartel del Golfo y otras siete personas por masacre en Reynosa Rep\u00fablica","og_description":"REYNOSA, TAMAULIPAS. MX. \u2014 Este domingo, 27 de junio, fue detenido Jorge Iv\u00e1n C\u00e1rdenas Mart\u00ednez, tambi\u00e9n conocido como \u2018La Vaca\u2019, quien es el presunto En Sonora en Equipo publicamos toda la informaci\u00f3n de Sonora, M\u00e9xico y el Mundo de manera oportuna y busca que la libertad de expresi\u00f3n sea real. Visita nuestro medio informativo publicado desde Hermosillo, Sonora. %","og_url":"https:\/\/www.sonoraenequipo.com.mx\/arrestan-a-la-vaca-lider-del-cartel-del-golfo-y-otras-siete-personas-por-masacre-en-reynosa\/","og_site_name":"Sonora en Equipo.","article_publisher":"https:\/\/www.facebook.com\/SonoraEE\/","article_author":"https:\/\/www.facebook.com\/SonoraEE","article_published_time":"2021-06-27T23:22:57+00:00","article_modified_time":"2021-06-28T00:37:04+00:00","og_image":[{"width":700,"height":400,"url":"https:\/\/www.sonoraenequipo.com.mx\/storage\/2021\/06\/La-vaca-presunto-lider-del-cartel-golfo_opt.jpg","type":"image\/jpeg"}],"author":"enequipo","twitter_card":"summary_large_image","twitter_creator":"@sonoraenequipo","twitter_site":"@sonoraenequipo","twitter_misc":{"Escrito por":"enequipo","Tiempo de lectura":"2 minutos"},"schema":{"@context":"https:\/\/schema.org","@graph":[{"@type":"Article","@id":"https:\/\/www.sonoraenequipo.com.mx\/arrestan-a-la-vaca-lider-del-cartel-del-golfo-y-otras-siete-personas-por-masacre-en-reynosa\/#article","isPartOf":{"@id":"https:\/\/www.sonoraenequipo.com.mx\/arrestan-a-la-vaca-lider-del-cartel-del-golfo-y-otras-siete-personas-por-masacre-en-reynosa\/"},"author":{"name":"enequipo","@id":"https:\/\/www.sonoraenequipo.com.mx\/#\/schema\/person\/50102df0fb23a8fa9e8effad8fa81386"},"headline":"Arrestan a \u2018La Vaca\u2019 l\u00edder del Cartel del Golfo y otras siete personas por masacre en Reynosa","datePublished":"2021-06-27T23:22:57+00:00","dateModified":"2021-06-28T00:37:04+00:00","mainEntityOfPage":{"@id":"https:\/\/www.sonoraenequipo.com.mx\/arrestan-a-la-vaca-lider-del-cartel-del-golfo-y-otras-siete-personas-por-masacre-en-reynosa\/"},"wordCount":356,"commentCount":0,"publisher":{"@id":"https:\/\/www.sonoraenequipo.com.mx\/#organization"},"image":{"@id":"https:\/\/www.sonoraenequipo.com.mx\/arrestan-a-la-vaca-lider-del-cartel-del-golfo-y-otras-siete-personas-por-masacre-en-reynosa\/#primaryimage"},"thumbnailUrl":"https:\/\/www.sonoraenequipo.com.mx\/storage\/2021\/06\/La-vaca-presunto-lider-del-cartel-golfo_opt.jpg","articleSection":["Rep\u00fablica"],"inLanguage":"es","potentialAction":[{"@type":"CommentAction","name":"Comment","target":["https:\/\/www.sonoraenequipo.com.mx\/arrestan-a-la-vaca-lider-del-cartel-del-golfo-y-otras-siete-personas-por-masacre-en-reynosa\/#respond"]}]},{"@type":"WebPage","@id":"https:\/\/www.sonoraenequipo.com.mx\/arrestan-a-la-vaca-lider-del-cartel-del-golfo-y-otras-siete-personas-por-masacre-en-reynosa\/","url":"https:\/\/www.sonoraenequipo.com.mx\/arrestan-a-la-vaca-lider-del-cartel-del-golfo-y-otras-siete-personas-por-masacre-en-reynosa\/","name":"Sonora en Equipo. Arrestan a \u2018La Vaca\u2019 l\u00edder del Cartel del Golfo y otras siete personas por masacre en Reynosa Rep\u00fablica","isPartOf":{"@id":"https:\/\/www.sonoraenequipo.com.mx\/#website"},"primaryImageOfPage":{"@id":"https:\/\/www.sonoraenequipo.com.mx\/arrestan-a-la-vaca-lider-del-cartel-del-golfo-y-otras-siete-personas-por-masacre-en-reynosa\/#primaryimage"},"image":{"@id":"https:\/\/www.sonoraenequipo.com.mx\/arrestan-a-la-vaca-lider-del-cartel-del-golfo-y-otras-siete-personas-por-masacre-en-reynosa\/#primaryimage"},"thumbnailUrl":"https:\/\/www.sonoraenequipo.com.mx\/storage\/2021\/06\/La-vaca-presunto-lider-del-cartel-golfo_opt.jpg","datePublished":"2021-06-27T23:22:57+00:00","dateModified":"2021-06-28T00:37:04+00:00","description":"REYNOSA, TAMAULIPAS. MX. \u2014 Este domingo, 27 de junio, fue detenido Jorge Iv\u00e1n C\u00e1rdenas Mart\u00ednez, tambi\u00e9n conocido como \u2018La Vaca\u2019, quien es el presunto En Sonora en Equipo publicamos toda la informaci\u00f3n de Sonora, M\u00e9xico y el Mundo de manera oportuna y busca que la libertad de expresi\u00f3n sea real. Visita nuestro medio informativo publicado desde Hermosillo, Sonora. %","breadcrumb":{"@id":"https:\/\/www.sonoraenequipo.com.mx\/arrestan-a-la-vaca-lider-del-cartel-del-golfo-y-otras-siete-personas-por-masacre-en-reynosa\/#breadcrumb"},"inLanguage":"es","potentialAction":[{"@type":"ReadAction","target":["https:\/\/www.sonoraenequipo.com.mx\/arrestan-a-la-vaca-lider-del-cartel-del-golfo-y-otras-siete-personas-por-masacre-en-reynosa\/"]}]},{"@type":"ImageObject","inLanguage":"es","@id":"https:\/\/www.sonoraenequipo.com.mx\/arrestan-a-la-vaca-lider-del-cartel-del-golfo-y-otras-siete-personas-por-masacre-en-reynosa\/#primaryimage","url":"https:\/\/www.sonoraenequipo.com.mx\/storage\/2021\/06\/La-vaca-presunto-lider-del-cartel-golfo_opt.jpg","contentUrl":"https:\/\/www.sonoraenequipo.com.mx\/storage\/2021\/06\/La-vaca-presunto-lider-del-cartel-golfo_opt.jpg","width":700,"height":400},{"@type":"BreadcrumbList","@id":"https:\/\/www.sonoraenequipo.com.mx\/arrestan-a-la-vaca-lider-del-cartel-del-golfo-y-otras-siete-personas-por-masacre-en-reynosa\/#breadcrumb","itemListElement":[{"@type":"ListItem","position":1,"name":"Portada","item":"https:\/\/www.sonoraenequipo.com.mx\/"},{"@type":"ListItem","position":2,"name":"Arrestan a \u2018La Vaca\u2019 l\u00edder del Cartel del Golfo y otras siete personas por masacre en Reynosa"}]},{"@type":"WebSite","@id":"https:\/\/www.sonoraenequipo.com.mx\/#website","url":"https:\/\/www.sonoraenequipo.com.mx\/","name":"Sonora en Equipo.","description":"Diario en l\u00ednea con Noticias desde Hermosillo, Sonora","publisher":{"@id":"https:\/\/www.sonoraenequipo.com.mx\/#organization"},"potentialAction":[{"@type":"SearchAction","target":{"@type":"EntryPoint","urlTemplate":"https:\/\/www.sonoraenequipo.com.mx\/?s={search_term_string}"},"query-input":{"@type":"PropertyValueSpecification","valueRequired":true,"valueName":"search_term_string"}}],"inLanguage":"es"},{"@type":"Organization","@id":"https:\/\/www.sonoraenequipo.com.mx\/#organization","name":"Sonoraenequipo.com.mx","url":"https:\/\/www.sonoraenequipo.com.mx\/","logo":{"@type":"ImageObject","inLanguage":"es","@id":"https:\/\/www.sonoraenequipo.com.mx\/#\/schema\/logo\/image\/","url":"https:\/\/www.sonoraenequipo.com.mx\/storage\/2019\/01\/sonoraenequipo_opt.png","contentUrl":"https:\/\/www.sonoraenequipo.com.mx\/storage\/2019\/01\/sonoraenequipo_opt.png","width":375,"height":125,"caption":"Sonoraenequipo.com.mx"},"image":{"@id":"https:\/\/www.sonoraenequipo.com.mx\/#\/schema\/logo\/image\/"},"sameAs":["https:\/\/www.facebook.com\/SonoraEE\/","https:\/\/x.com\/sonoraenequipo","https:\/\/www.youtube.com\/channel\/UC338nW-lPEYmJQs4ZABQ1SQ"]},{"@type":"Person","@id":"https:\/\/www.sonoraenequipo.com.mx\/#\/schema\/person\/50102df0fb23a8fa9e8effad8fa81386","name":"enequipo","image":{"@type":"ImageObject","inLanguage":"es","@id":"https:\/\/www.sonoraenequipo.com.mx\/#\/schema\/person\/image\/","url":"https:\/\/secure.gravatar.com\/avatar\/049821681b589dabc0bc20695993ccebb09f5b5d4d790cd9251b97faac7c652b?s=96&d=blank&r=g","contentUrl":"https:\/\/secure.gravatar.com\/avatar\/049821681b589dabc0bc20695993ccebb09f5b5d4d790cd9251b97faac7c652b?s=96&d=blank&r=g","caption":"enequipo"},"sameAs":["https:\/\/www.facebook.com\/SonoraEE"]}]}},"jetpack_featured_media_url":"https:\/\/www.sonoraenequipo.com.mx\/storage\/2021\/06\/La-vaca-presunto-lider-del-cartel-golfo_opt.jpg","_links":{"self":[{"href":"https:\/\/www.sonoraenequipo.com.mx\/api\/wp\/v2\/posts\/117289","targetHints":{"allow":["GET"]}}],"collection":[{"href":"https:\/\/www.sonoraenequipo.com.mx\/api\/wp\/v2\/posts"}],"about":[{"href":"https:\/\/www.sonoraenequipo.com.mx\/api\/wp\/v2\/types\/post"}],"author":[{"embeddable":true,"href":"https:\/\/www.sonoraenequipo.com.mx\/api\/wp\/v2\/users\/1"}],"replies":[{"embeddable":true,"href":"https:\/\/www.sonoraenequipo.com.mx\/api\/wp\/v2\/comments?post=117289"}],"version-history":[{"count":1,"href":"https:\/\/www.sonoraenequipo.com.mx\/api\/wp\/v2\/posts\/117289\/revisions"}],"predecessor-version":[{"id":117294,"href":"https:\/\/www.sonoraenequipo.com.mx\/api\/wp\/v2\/posts\/117289\/revisions\/117294"}],"wp:featuredmedia":[{"embeddable":true,"href":"https:\/\/www.sonoraenequipo.com.mx\/api\/wp\/v2\/media\/117291"}],"wp:attachment":[{"href":"https:\/\/www.sonoraenequipo.com.mx\/api\/wp\/v2\/media?parent=117289"}],"wp:term":[{"taxonomy":"category","embeddable":true,"href":"https:\/\/www.sonoraenequipo.com.mx\/api\/wp\/v2\/categories?post=117289"},{"taxonomy":"post_tag","embeddable":true,"href":"https:\/\/www.sonoraenequipo.com.mx\/api\/wp\/v2\/tags?post=117289"}],"curies":[{"name":"wp","href":"https:\/\/api.w.org\/{rel}","templated":true}]}}