{"id":117300,"date":"2021-06-27T19:15:27","date_gmt":"2021-06-28T02:15:27","guid":{"rendered":"https:\/\/www.sonoraenequipo.com.mx\/?p=117300"},"modified":"2021-06-27T18:15:44","modified_gmt":"2021-06-28T01:15:44","slug":"unam-mantendra-las-clases-en-linea-para-el-semestre-2022-1","status":"publish","type":"post","link":"https:\/\/www.sonoraenequipo.com.mx\/unam-mantendra-las-clases-en-linea-para-el-semestre-2022-1\/","title":{"rendered":"UNAM mantendr\u00e1 las clases en l\u00ednea para el semestre 2022-1"},"content":{"rendered":"<p>CIUDAD DE M\u00c9XICO. MX. \u2014 Con la finalidad de preservar la salud de los j\u00f3venes, la Universidad Nacional Aut\u00f3noma de M\u00e9xico (UNAM) inform\u00f3 que para el semestre 2022-1, las clases continuar\u00e1n a distancia; sin embargo, podr\u00e1n continuar las actividades de manera presencial y aumentar de manera gradual.<\/p>\n<p>&nbsp;<\/p>\n<p> <\/p>\n<p><em>\u201cLas clases se normalizar\u00e1n gradualmente a lo largo del semestre 2022-1 y se ir\u00e1 ajustando el aforo conforme avance el plan nacional de vacunaci\u00f3n. Esto implica que continuar\u00e1n las clases a distancia y gradualmente se estar\u00e1n incrementando las actividades presenciales\u201d,<\/em> indic\u00f3 la M\u00e1xima Casa de Estudios a trav\u00e9s de su Gaceta.<\/p>\n<p>&nbsp;<\/p>\n<p>Para el siguiente ciclo escolar, las actividades acad\u00e9micas que se reanudar\u00e1n en la UNAM ser\u00e1n las cl\u00ednicas, pr\u00e1cticas y experimentales en grupos reducidos con la finalidad de evitar todo riesgo de contagio por el Covid-19.<\/p>\n<p>&nbsp;<\/p>\n<h3>\nLa UNAM anuncia importantes cambios<\/h3>\n<p>&nbsp;<\/p>\n<p>Por otro lado, la Universidad de M\u00e9xico tambi\u00e9n adelant\u00f3 que los \u00faltimos tres semestres: 2020-2, 2021-1 y 2021-2 no se contabilizar\u00e1n en el c\u00e1lculo de los tiempos de inscripci\u00f3n a los que tienen derecho los estudiantes, de acuerdo con el art\u00edculo 22 del Reglamento General de Inscripciones.<\/p>\n<p>&nbsp;<\/p>\n<p>Asimismo, indic\u00f3 que las calificaciones No Aprobatorias y de No Presentado (NP) que hayan colocado en este mismo per\u00edodo no se contabilizar\u00e1n para los efectos del Art\u00edculo 33.<\/p>\n<p>&nbsp;<\/p>\n<p>Para el ciclo escolar 2021-2022, los Consejos T\u00e9cnicos de Facultades y Escuelas podr\u00e1n acordar la suspensi\u00f3n temporal de la seriaci\u00f3n obligatoria en las materias en las que \u00e9sta exista, manteniendo la seriaci\u00f3n indicativa.<\/p>\n<p>&nbsp;<\/p>\n<p>En este mismo ciclo la Secretar\u00eda General de la UNAM delegar\u00e1 temporalmente a los Consejos T\u00e9cnicos de Facultades y Escuelas la atribuci\u00f3n que le confiere el art\u00edculo 26 del Reglamento General de Ex\u00e1menes para autorizar un n\u00famero mayor a dos ex\u00e1menes extraordinarios por semestre a los alumnos que as\u00ed lo soliciten.<\/p>\n<p>&nbsp;<\/p>\n<p>&nbsp;<\/p>\n<p>(Publicada el 27\/06\/2021)<\/p>\n","protected":false},"excerpt":{"rendered":"<p>CIUDAD DE M\u00c9XICO. MX. \u2014 Con la finalidad de preservar la salud de los j\u00f3venes,&#8230;<\/p>\n","protected":false},"author":1,"featured_media":117301,"comment_status":"open","ping_status":"open","sticky":false,"template":"","format":"standard","meta":{"_monsterinsights_skip_tracking":false,"_monsterinsights_sitenote_active":false,"_monsterinsights_sitenote_note":"","_monsterinsights_sitenote_category":0,"footnotes":""},"categories":[5],"tags":[],"class_list":["post"],"yoast_head":" \n<title>Sonora en Equipo. UNAM mantendr\u00e1 las clases en l\u00ednea para el semestre 2022-1 Rep\u00fablica<\/title>\n<meta name=\"description\" content=\"CIUDAD DE M\u00c9XICO. MX. \u2014 Con la finalidad de preservar la salud de los j\u00f3venes, la Universidad Nacional Aut\u00f3noma de M\u00e9xico (UNAM) inform\u00f3 que para el En Sonora en Equipo publicamos toda la informaci\u00f3n de Sonora, M\u00e9xico y el Mundo de manera oportuna y busca que la libertad de expresi\u00f3n sea real. Visita nuestro medio informativo publicado desde Hermosillo, Sonora. %\" \/>\n<meta name=\"robots\" content=\"index, follow, max-snippet:-1, max-image-preview:large, max-video-preview:-1\" \/>\n<link rel=\"canonical\" href=\"https:\/\/www.sonoraenequipo.com.mx\/unam-mantendra-las-clases-en-linea-para-el-semestre-2022-1\/\" \/>\n<meta property=\"og:locale\" content=\"es_ES\" \/>\n<meta property=\"og:type\" content=\"article\" \/>\n<meta property=\"og:title\" content=\"Sonora en Equipo. UNAM mantendr\u00e1 las clases en l\u00ednea para el semestre 2022-1 Rep\u00fablica\" \/>\n<meta property=\"og:description\" content=\"CIUDAD DE M\u00c9XICO. MX. \u2014 Con la finalidad de preservar la salud de los j\u00f3venes, la Universidad Nacional Aut\u00f3noma de M\u00e9xico (UNAM) inform\u00f3 que para el En Sonora en Equipo publicamos toda la informaci\u00f3n de Sonora, M\u00e9xico y el Mundo de manera oportuna y busca que la libertad de expresi\u00f3n sea real. Visita nuestro medio informativo publicado desde Hermosillo, Sonora. %\" \/>\n<meta property=\"og:url\" content=\"https:\/\/www.sonoraenequipo.com.mx\/unam-mantendra-las-clases-en-linea-para-el-semestre-2022-1\/\" \/>\n<meta property=\"og:site_name\" content=\"Sonora en Equipo.\" \/>\n<meta property=\"article:publisher\" content=\"https:\/\/www.facebook.com\/SonoraEE\/\" \/>\n<meta property=\"article:author\" content=\"https:\/\/www.facebook.com\/SonoraEE\" \/>\n<meta property=\"article:published_time\" content=\"2021-06-28T02:15:27+00:00\" \/>\n<meta property=\"og:image\" content=\"https:\/\/www.sonoraenequipo.com.mx\/storage\/2021\/06\/unam_opt.jpg\" \/>\n\t<meta property=\"og:image:width\" content=\"700\" \/>\n\t<meta property=\"og:image:height\" content=\"400\" \/>\n\t<meta property=\"og:image:type\" content=\"image\/jpeg\" \/>\n<meta name=\"author\" content=\"enequipo\" \/>\n<meta name=\"twitter:card\" content=\"summary_large_image\" \/>\n<meta name=\"twitter:creator\" content=\"@sonoraenequipo\" \/>\n<meta name=\"twitter:site\" content=\"@sonoraenequipo\" \/>\n<meta name=\"twitter:label1\" content=\"Escrito por\" \/>\n\t<meta name=\"twitter:data1\" content=\"enequipo\" \/>\n\t<meta name=\"twitter:label2\" content=\"Tiempo de lectura\" \/>\n\t<meta name=\"twitter:data2\" content=\"2 minutos\" \/>\n<script type=\"application\/ld+json\" class=\"yoast-schema-graph\">{\"@context\":\"https:\/\/schema.org\",\"@graph\":[{\"@type\":\"Article\",\"@id\":\"https:\/\/www.sonoraenequipo.com.mx\/unam-mantendra-las-clases-en-linea-para-el-semestre-2022-1\/#article\",\"isPartOf\":{\"@id\":\"https:\/\/www.sonoraenequipo.com.mx\/unam-mantendra-las-clases-en-linea-para-el-semestre-2022-1\/\"},\"author\":{\"name\":\"enequipo\",\"@id\":\"https:\/\/www.sonoraenequipo.com.mx\/#\/schema\/person\/50102df0fb23a8fa9e8effad8fa81386\"},\"headline\":\"UNAM mantendr\u00e1 las clases en l\u00ednea para el semestre 2022-1\",\"datePublished\":\"2021-06-28T02:15:27+00:00\",\"mainEntityOfPage\":{\"@id\":\"https:\/\/www.sonoraenequipo.com.mx\/unam-mantendra-las-clases-en-linea-para-el-semestre-2022-1\/\"},\"wordCount\":353,\"commentCount\":0,\"publisher\":{\"@id\":\"https:\/\/www.sonoraenequipo.com.mx\/#organization\"},\"image\":{\"@id\":\"https:\/\/www.sonoraenequipo.com.mx\/unam-mantendra-las-clases-en-linea-para-el-semestre-2022-1\/#primaryimage\"},\"thumbnailUrl\":\"https:\/\/www.sonoraenequipo.com.mx\/storage\/2021\/06\/unam_opt.jpg\",\"articleSection\":[\"Rep\u00fablica\"],\"inLanguage\":\"es\",\"potentialAction\":[{\"@type\":\"CommentAction\",\"name\":\"Comment\",\"target\":[\"https:\/\/www.sonoraenequipo.com.mx\/unam-mantendra-las-clases-en-linea-para-el-semestre-2022-1\/#respond\"]}]},{\"@type\":\"WebPage\",\"@id\":\"https:\/\/www.sonoraenequipo.com.mx\/unam-mantendra-las-clases-en-linea-para-el-semestre-2022-1\/\",\"url\":\"https:\/\/www.sonoraenequipo.com.mx\/unam-mantendra-las-clases-en-linea-para-el-semestre-2022-1\/\",\"name\":\"Sonora en Equipo. UNAM mantendr\u00e1 las clases en l\u00ednea para el semestre 2022-1 Rep\u00fablica\",\"isPartOf\":{\"@id\":\"https:\/\/www.sonoraenequipo.com.mx\/#website\"},\"primaryImageOfPage\":{\"@id\":\"https:\/\/www.sonoraenequipo.com.mx\/unam-mantendra-las-clases-en-linea-para-el-semestre-2022-1\/#primaryimage\"},\"image\":{\"@id\":\"https:\/\/www.sonoraenequipo.com.mx\/unam-mantendra-las-clases-en-linea-para-el-semestre-2022-1\/#primaryimage\"},\"thumbnailUrl\":\"https:\/\/www.sonoraenequipo.com.mx\/storage\/2021\/06\/unam_opt.jpg\",\"datePublished\":\"2021-06-28T02:15:27+00:00\",\"description\":\"CIUDAD DE M\u00c9XICO. MX. \u2014 Con la finalidad de preservar la salud de los j\u00f3venes, la Universidad Nacional Aut\u00f3noma de M\u00e9xico (UNAM) inform\u00f3 que para el En Sonora en Equipo publicamos toda la informaci\u00f3n de Sonora, M\u00e9xico y el Mundo de manera oportuna y busca que la libertad de expresi\u00f3n sea real. Visita nuestro medio informativo publicado desde Hermosillo, Sonora. %\",\"breadcrumb\":{\"@id\":\"https:\/\/www.sonoraenequipo.com.mx\/unam-mantendra-las-clases-en-linea-para-el-semestre-2022-1\/#breadcrumb\"},\"inLanguage\":\"es\",\"potentialAction\":[{\"@type\":\"ReadAction\",\"target\":[\"https:\/\/www.sonoraenequipo.com.mx\/unam-mantendra-las-clases-en-linea-para-el-semestre-2022-1\/\"]}]},{\"@type\":\"ImageObject\",\"inLanguage\":\"es\",\"@id\":\"https:\/\/www.sonoraenequipo.com.mx\/unam-mantendra-las-clases-en-linea-para-el-semestre-2022-1\/#primaryimage\",\"url\":\"https:\/\/www.sonoraenequipo.com.mx\/storage\/2021\/06\/unam_opt.jpg\",\"contentUrl\":\"https:\/\/www.sonoraenequipo.com.mx\/storage\/2021\/06\/unam_opt.jpg\",\"width\":700,\"height\":400},{\"@type\":\"BreadcrumbList\",\"@id\":\"https:\/\/www.sonoraenequipo.com.mx\/unam-mantendra-las-clases-en-linea-para-el-semestre-2022-1\/#breadcrumb\",\"itemListElement\":[{\"@type\":\"ListItem\",\"position\":1,\"name\":\"Portada\",\"item\":\"https:\/\/www.sonoraenequipo.com.mx\/\"},{\"@type\":\"ListItem\",\"position\":2,\"name\":\"UNAM mantendr\u00e1 las clases en l\u00ednea para el semestre 2022-1\"}]},{\"@type\":\"WebSite\",\"@id\":\"https:\/\/www.sonoraenequipo.com.mx\/#website\",\"url\":\"https:\/\/www.sonoraenequipo.com.mx\/\",\"name\":\"Sonora en Equipo.\",\"description\":\"Diario en l\u00ednea con Noticias desde Hermosillo, Sonora\",\"publisher\":{\"@id\":\"https:\/\/www.sonoraenequipo.com.mx\/#organization\"},\"potentialAction\":[{\"@type\":\"SearchAction\",\"target\":{\"@type\":\"EntryPoint\",\"urlTemplate\":\"https:\/\/www.sonoraenequipo.com.mx\/?s={search_term_string}\"},\"query-input\":{\"@type\":\"PropertyValueSpecification\",\"valueRequired\":true,\"valueName\":\"search_term_string\"}}],\"inLanguage\":\"es\"},{\"@type\":\"Organization\",\"@id\":\"https:\/\/www.sonoraenequipo.com.mx\/#organization\",\"name\":\"Sonoraenequipo.com.mx\",\"url\":\"https:\/\/www.sonoraenequipo.com.mx\/\",\"logo\":{\"@type\":\"ImageObject\",\"inLanguage\":\"es\",\"@id\":\"https:\/\/www.sonoraenequipo.com.mx\/#\/schema\/logo\/image\/\",\"url\":\"https:\/\/www.sonoraenequipo.com.mx\/storage\/2019\/01\/sonoraenequipo_opt.png\",\"contentUrl\":\"https:\/\/www.sonoraenequipo.com.mx\/storage\/2019\/01\/sonoraenequipo_opt.png\",\"width\":375,\"height\":125,\"caption\":\"Sonoraenequipo.com.mx\"},\"image\":{\"@id\":\"https:\/\/www.sonoraenequipo.com.mx\/#\/schema\/logo\/image\/\"},\"sameAs\":[\"https:\/\/www.facebook.com\/SonoraEE\/\",\"https:\/\/x.com\/sonoraenequipo\",\"https:\/\/www.youtube.com\/channel\/UC338nW-lPEYmJQs4ZABQ1SQ\"]},{\"@type\":\"Person\",\"@id\":\"https:\/\/www.sonoraenequipo.com.mx\/#\/schema\/person\/50102df0fb23a8fa9e8effad8fa81386\",\"name\":\"enequipo\",\"image\":{\"@type\":\"ImageObject\",\"inLanguage\":\"es\",\"@id\":\"https:\/\/www.sonoraenequipo.com.mx\/#\/schema\/person\/image\/\",\"url\":\"https:\/\/secure.gravatar.com\/avatar\/049821681b589dabc0bc20695993ccebb09f5b5d4d790cd9251b97faac7c652b?s=96&d=blank&r=g\",\"contentUrl\":\"https:\/\/secure.gravatar.com\/avatar\/049821681b589dabc0bc20695993ccebb09f5b5d4d790cd9251b97faac7c652b?s=96&d=blank&r=g\",\"caption\":\"enequipo\"},\"sameAs\":[\"https:\/\/www.facebook.com\/SonoraEE\"]}]}<\/script>\n ","yoast_head_json":{"title":"Sonora en Equipo. UNAM mantendr\u00e1 las clases en l\u00ednea para el semestre 2022-1 Rep\u00fablica","description":"CIUDAD DE M\u00c9XICO. MX. \u2014 Con la finalidad de preservar la salud de los j\u00f3venes, la Universidad Nacional Aut\u00f3noma de M\u00e9xico (UNAM) inform\u00f3 que para el En Sonora en Equipo publicamos toda la informaci\u00f3n de Sonora, M\u00e9xico y el Mundo de manera oportuna y busca que la libertad de expresi\u00f3n sea real. Visita nuestro medio informativo publicado desde Hermosillo, Sonora. %","robots":{"index":"index","follow":"follow","max-snippet":"max-snippet:-1","max-image-preview":"max-image-preview:large","max-video-preview":"max-video-preview:-1"},"canonical":"https:\/\/www.sonoraenequipo.com.mx\/unam-mantendra-las-clases-en-linea-para-el-semestre-2022-1\/","og_locale":"es_ES","og_type":"article","og_title":"Sonora en Equipo. UNAM mantendr\u00e1 las clases en l\u00ednea para el semestre 2022-1 Rep\u00fablica","og_description":"CIUDAD DE M\u00c9XICO. MX. \u2014 Con la finalidad de preservar la salud de los j\u00f3venes, la Universidad Nacional Aut\u00f3noma de M\u00e9xico (UNAM) inform\u00f3 que para el En Sonora en Equipo publicamos toda la informaci\u00f3n de Sonora, M\u00e9xico y el Mundo de manera oportuna y busca que la libertad de expresi\u00f3n sea real. Visita nuestro medio informativo publicado desde Hermosillo, Sonora. %","og_url":"https:\/\/www.sonoraenequipo.com.mx\/unam-mantendra-las-clases-en-linea-para-el-semestre-2022-1\/","og_site_name":"Sonora en Equipo.","article_publisher":"https:\/\/www.facebook.com\/SonoraEE\/","article_author":"https:\/\/www.facebook.com\/SonoraEE","article_published_time":"2021-06-28T02:15:27+00:00","og_image":[{"width":700,"height":400,"url":"https:\/\/www.sonoraenequipo.com.mx\/storage\/2021\/06\/unam_opt.jpg","type":"image\/jpeg"}],"author":"enequipo","twitter_card":"summary_large_image","twitter_creator":"@sonoraenequipo","twitter_site":"@sonoraenequipo","twitter_misc":{"Escrito por":"enequipo","Tiempo de lectura":"2 minutos"},"schema":{"@context":"https:\/\/schema.org","@graph":[{"@type":"Article","@id":"https:\/\/www.sonoraenequipo.com.mx\/unam-mantendra-las-clases-en-linea-para-el-semestre-2022-1\/#article","isPartOf":{"@id":"https:\/\/www.sonoraenequipo.com.mx\/unam-mantendra-las-clases-en-linea-para-el-semestre-2022-1\/"},"author":{"name":"enequipo","@id":"https:\/\/www.sonoraenequipo.com.mx\/#\/schema\/person\/50102df0fb23a8fa9e8effad8fa81386"},"headline":"UNAM mantendr\u00e1 las clases en l\u00ednea para el semestre 2022-1","datePublished":"2021-06-28T02:15:27+00:00","mainEntityOfPage":{"@id":"https:\/\/www.sonoraenequipo.com.mx\/unam-mantendra-las-clases-en-linea-para-el-semestre-2022-1\/"},"wordCount":353,"commentCount":0,"publisher":{"@id":"https:\/\/www.sonoraenequipo.com.mx\/#organization"},"image":{"@id":"https:\/\/www.sonoraenequipo.com.mx\/unam-mantendra-las-clases-en-linea-para-el-semestre-2022-1\/#primaryimage"},"thumbnailUrl":"https:\/\/www.sonoraenequipo.com.mx\/storage\/2021\/06\/unam_opt.jpg","articleSection":["Rep\u00fablica"],"inLanguage":"es","potentialAction":[{"@type":"CommentAction","name":"Comment","target":["https:\/\/www.sonoraenequipo.com.mx\/unam-mantendra-las-clases-en-linea-para-el-semestre-2022-1\/#respond"]}]},{"@type":"WebPage","@id":"https:\/\/www.sonoraenequipo.com.mx\/unam-mantendra-las-clases-en-linea-para-el-semestre-2022-1\/","url":"https:\/\/www.sonoraenequipo.com.mx\/unam-mantendra-las-clases-en-linea-para-el-semestre-2022-1\/","name":"Sonora en Equipo. UNAM mantendr\u00e1 las clases en l\u00ednea para el semestre 2022-1 Rep\u00fablica","isPartOf":{"@id":"https:\/\/www.sonoraenequipo.com.mx\/#website"},"primaryImageOfPage":{"@id":"https:\/\/www.sonoraenequipo.com.mx\/unam-mantendra-las-clases-en-linea-para-el-semestre-2022-1\/#primaryimage"},"image":{"@id":"https:\/\/www.sonoraenequipo.com.mx\/unam-mantendra-las-clases-en-linea-para-el-semestre-2022-1\/#primaryimage"},"thumbnailUrl":"https:\/\/www.sonoraenequipo.com.mx\/storage\/2021\/06\/unam_opt.jpg","datePublished":"2021-06-28T02:15:27+00:00","description":"CIUDAD DE M\u00c9XICO. MX. \u2014 Con la finalidad de preservar la salud de los j\u00f3venes, la Universidad Nacional Aut\u00f3noma de M\u00e9xico (UNAM) inform\u00f3 que para el En Sonora en Equipo publicamos toda la informaci\u00f3n de Sonora, M\u00e9xico y el Mundo de manera oportuna y busca que la libertad de expresi\u00f3n sea real. Visita nuestro medio informativo publicado desde Hermosillo, Sonora. %","breadcrumb":{"@id":"https:\/\/www.sonoraenequipo.com.mx\/unam-mantendra-las-clases-en-linea-para-el-semestre-2022-1\/#breadcrumb"},"inLanguage":"es","potentialAction":[{"@type":"ReadAction","target":["https:\/\/www.sonoraenequipo.com.mx\/unam-mantendra-las-clases-en-linea-para-el-semestre-2022-1\/"]}]},{"@type":"ImageObject","inLanguage":"es","@id":"https:\/\/www.sonoraenequipo.com.mx\/unam-mantendra-las-clases-en-linea-para-el-semestre-2022-1\/#primaryimage","url":"https:\/\/www.sonoraenequipo.com.mx\/storage\/2021\/06\/unam_opt.jpg","contentUrl":"https:\/\/www.sonoraenequipo.com.mx\/storage\/2021\/06\/unam_opt.jpg","width":700,"height":400},{"@type":"BreadcrumbList","@id":"https:\/\/www.sonoraenequipo.com.mx\/unam-mantendra-las-clases-en-linea-para-el-semestre-2022-1\/#breadcrumb","itemListElement":[{"@type":"ListItem","position":1,"name":"Portada","item":"https:\/\/www.sonoraenequipo.com.mx\/"},{"@type":"ListItem","position":2,"name":"UNAM mantendr\u00e1 las clases en l\u00ednea para el semestre 2022-1"}]},{"@type":"WebSite","@id":"https:\/\/www.sonoraenequipo.com.mx\/#website","url":"https:\/\/www.sonoraenequipo.com.mx\/","name":"Sonora en Equipo.","description":"Diario en l\u00ednea con Noticias desde Hermosillo, Sonora","publisher":{"@id":"https:\/\/www.sonoraenequipo.com.mx\/#organization"},"potentialAction":[{"@type":"SearchAction","target":{"@type":"EntryPoint","urlTemplate":"https:\/\/www.sonoraenequipo.com.mx\/?s={search_term_string}"},"query-input":{"@type":"PropertyValueSpecification","valueRequired":true,"valueName":"search_term_string"}}],"inLanguage":"es"},{"@type":"Organization","@id":"https:\/\/www.sonoraenequipo.com.mx\/#organization","name":"Sonoraenequipo.com.mx","url":"https:\/\/www.sonoraenequipo.com.mx\/","logo":{"@type":"ImageObject","inLanguage":"es","@id":"https:\/\/www.sonoraenequipo.com.mx\/#\/schema\/logo\/image\/","url":"https:\/\/www.sonoraenequipo.com.mx\/storage\/2019\/01\/sonoraenequipo_opt.png","contentUrl":"https:\/\/www.sonoraenequipo.com.mx\/storage\/2019\/01\/sonoraenequipo_opt.png","width":375,"height":125,"caption":"Sonoraenequipo.com.mx"},"image":{"@id":"https:\/\/www.sonoraenequipo.com.mx\/#\/schema\/logo\/image\/"},"sameAs":["https:\/\/www.facebook.com\/SonoraEE\/","https:\/\/x.com\/sonoraenequipo","https:\/\/www.youtube.com\/channel\/UC338nW-lPEYmJQs4ZABQ1SQ"]},{"@type":"Person","@id":"https:\/\/www.sonoraenequipo.com.mx\/#\/schema\/person\/50102df0fb23a8fa9e8effad8fa81386","name":"enequipo","image":{"@type":"ImageObject","inLanguage":"es","@id":"https:\/\/www.sonoraenequipo.com.mx\/#\/schema\/person\/image\/","url":"https:\/\/secure.gravatar.com\/avatar\/049821681b589dabc0bc20695993ccebb09f5b5d4d790cd9251b97faac7c652b?s=96&d=blank&r=g","contentUrl":"https:\/\/secure.gravatar.com\/avatar\/049821681b589dabc0bc20695993ccebb09f5b5d4d790cd9251b97faac7c652b?s=96&d=blank&r=g","caption":"enequipo"},"sameAs":["https:\/\/www.facebook.com\/SonoraEE"]}]}},"jetpack_featured_media_url":"https:\/\/www.sonoraenequipo.com.mx\/storage\/2021\/06\/unam_opt.jpg","_links":{"self":[{"href":"https:\/\/www.sonoraenequipo.com.mx\/api\/wp\/v2\/posts\/117300","targetHints":{"allow":["GET"]}}],"collection":[{"href":"https:\/\/www.sonoraenequipo.com.mx\/api\/wp\/v2\/posts"}],"about":[{"href":"https:\/\/www.sonoraenequipo.com.mx\/api\/wp\/v2\/types\/post"}],"author":[{"embeddable":true,"href":"https:\/\/www.sonoraenequipo.com.mx\/api\/wp\/v2\/users\/1"}],"replies":[{"embeddable":true,"href":"https:\/\/www.sonoraenequipo.com.mx\/api\/wp\/v2\/comments?post=117300"}],"version-history":[{"count":1,"href":"https:\/\/www.sonoraenequipo.com.mx\/api\/wp\/v2\/posts\/117300\/revisions"}],"predecessor-version":[{"id":117302,"href":"https:\/\/www.sonoraenequipo.com.mx\/api\/wp\/v2\/posts\/117300\/revisions\/117302"}],"wp:featuredmedia":[{"embeddable":true,"href":"https:\/\/www.sonoraenequipo.com.mx\/api\/wp\/v2\/media\/117301"}],"wp:attachment":[{"href":"https:\/\/www.sonoraenequipo.com.mx\/api\/wp\/v2\/media?parent=117300"}],"wp:term":[{"taxonomy":"category","embeddable":true,"href":"https:\/\/www.sonoraenequipo.com.mx\/api\/wp\/v2\/categories?post=117300"},{"taxonomy":"post_tag","embeddable":true,"href":"https:\/\/www.sonoraenequipo.com.mx\/api\/wp\/v2\/tags?post=117300"}],"curies":[{"name":"wp","href":"https:\/\/api.w.org\/{rel}","templated":true}]}}