{"id":117309,"date":"2021-06-27T20:29:32","date_gmt":"2021-06-28T03:29:32","guid":{"rendered":"https:\/\/www.sonoraenequipo.com.mx\/?p=117309"},"modified":"2021-06-27T22:47:38","modified_gmt":"2021-06-28T05:47:38","slug":"alfonso-durazo-concluye-gira-de-agradecimiento-en-caborca-y-nogales","status":"publish","type":"post","link":"https:\/\/www.sonoraenequipo.com.mx\/alfonso-durazo-concluye-gira-de-agradecimiento-en-caborca-y-nogales\/","title":{"rendered":"Alfonso Durazo concluye gira de agradecimiento en Caborca y Nogales."},"content":{"rendered":"<p>HERMOSILLO, SONORA. MX. \u2014 El gobernador electo de Sonora, Alfonso Durazo Monta\u00f1o, concluy\u00f3 este domingo en las ciudades de Caborca y Nogales su gira de agradecimiento con motivo del triunfo en las elecciones del pasado 6 de junio.<\/p>\n<p>&nbsp;<\/p>\n<p> <\/p>\n<p>En la llamada <em>\u201cPerla del desierto\u201d<\/em>, reiter\u00f3 su compromiso con la ciudadan\u00eda de gobernar Sonora bajo los principios que gu\u00edan a Morena y a la Cuarta Transformaci\u00f3n: no robar, no mentir, combatir la corrupci\u00f3n y que el presupuesto sea en riguroso orden de prioridades sociales. Asegur\u00f3 que su gobierno trabajar\u00e1 ras de suelo y ser\u00e1 de puertas abiertas.<\/p>\n<p>&nbsp;<\/p>\n<p>&nbsp;<\/p>\n<p>En la comunidad se hizo acompa\u00f1ar por los alcaldes de Caborca en funciones y electo, Librado Mac\u00edas y Abraham \u00abEl Cubano\u00bb Mier, respectivamente; los mun\u00edcipes de Pitiquito y Altar, Janeth Maz\u00f3n y Luis \u00c1ngel Valenzuela; el diputado federal electo, Manuel Baldenebro; y la diputada local, Alicia Gayt\u00e1n.<\/p>\n<p>&nbsp;<\/p>\n<p>&nbsp;<\/p>\n<p>En Nogales, Durazo Monta\u00f1o expres\u00f3 su agradecimiento por el triunfo hist\u00f3rico que lo llev\u00f3 a la gubernatura, calific\u00e1ndola como una haza\u00f1a colectiva que obliga al nuevo gobierno a actuar con unidad para mejorar las condiciones de vida de las y los sonorenses:<\/p>\n<p>&nbsp;<\/p>\n<p>&nbsp;<\/p>\n<p><em>\u201cEstamos obligados a trabajar con congruencia. Porque si no lo hici\u00e9ramos, la gente nos lo reclamar\u00eda. Nosotros ya no tenemos oportunidad de justificarnos\u2026 la gente nos entreg\u00f3 su respaldo, su voto, con la certeza de que le vamos a cumplir y le vamos a cumplir. Que no quepa duda. Vamos a empe\u00f1arnos de tiempo completo&#8230; Todo ser\u00e1 dedicarnos al cumplimiento del deber que nos ha sido encomendado.\u201d<\/em><\/p>\n<p>&nbsp;<\/p>\n<p>&nbsp;<\/p>\n<p>En la ciudad fronteriza, el gobernador electo estuvo acompa\u00f1ado por Jes\u00fas Pujol y Juan Gim, alcalde en funciones y electo de Nogales, respectivamente; Ren\u00e9 Peralta, alcalde de Santa Cruz; Perla Leal, sindica de Agua Prieta; Alma Medina, alcaldesa de Arizpe; Ana Bernal, diputada federal electa por el distrito 02; Mar\u00eda Jes\u00fas Castro y Azalia Guevara, diputadas locales electas por el distrito 07 y 04; Jes\u00fas Valencia, delegado nacional de Morena y Marco \u00abMaval\u00bb Valenzuela, coordinador de campa\u00f1a en Nogales.<\/p>\n<p>&nbsp;<\/p>\n<p>&nbsp;<\/p>\n<p>(Publicada el 27\/06\/2021)<\/p>\n","protected":false},"excerpt":{"rendered":"<p>HERMOSILLO, SONORA. MX. \u2014 El gobernador electo de Sonora, Alfonso Durazo Monta\u00f1o, concluy\u00f3 este domingo&#8230;<\/p>\n","protected":false},"author":1,"featured_media":117310,"comment_status":"open","ping_status":"open","sticky":false,"template":"","format":"standard","meta":{"_monsterinsights_skip_tracking":false,"_monsterinsights_sitenote_active":false,"_monsterinsights_sitenote_note":"","_monsterinsights_sitenote_category":0,"footnotes":""},"categories":[22],"tags":[],"class_list":["post"],"yoast_head":" \n<title>Sonora en Equipo. Alfonso Durazo concluye gira de agradecimiento en Caborca y Nogales. Sonora<\/title>\n<meta name=\"description\" content=\"HERMOSILLO, SONORA. MX. \u2014 El gobernador electo de Sonora, Alfonso Durazo Monta\u00f1o, concluy\u00f3 este domingo en las ciudades de Caborca y Nogales su gira de En Sonora en Equipo publicamos toda la informaci\u00f3n de Sonora, M\u00e9xico y el Mundo de manera oportuna y busca que la libertad de expresi\u00f3n sea real. Visita nuestro medio informativo publicado desde Hermosillo, Sonora. %\" \/>\n<meta name=\"robots\" content=\"index, follow, max-snippet:-1, max-image-preview:large, max-video-preview:-1\" \/>\n<link rel=\"canonical\" href=\"https:\/\/www.sonoraenequipo.com.mx\/alfonso-durazo-concluye-gira-de-agradecimiento-en-caborca-y-nogales\/\" \/>\n<meta property=\"og:locale\" content=\"es_ES\" \/>\n<meta property=\"og:type\" content=\"article\" \/>\n<meta property=\"og:title\" content=\"Sonora en Equipo. Alfonso Durazo concluye gira de agradecimiento en Caborca y Nogales. Sonora\" \/>\n<meta property=\"og:description\" content=\"HERMOSILLO, SONORA. MX. \u2014 El gobernador electo de Sonora, Alfonso Durazo Monta\u00f1o, concluy\u00f3 este domingo en las ciudades de Caborca y Nogales su gira de En Sonora en Equipo publicamos toda la informaci\u00f3n de Sonora, M\u00e9xico y el Mundo de manera oportuna y busca que la libertad de expresi\u00f3n sea real. Visita nuestro medio informativo publicado desde Hermosillo, Sonora. %\" \/>\n<meta property=\"og:url\" content=\"https:\/\/www.sonoraenequipo.com.mx\/alfonso-durazo-concluye-gira-de-agradecimiento-en-caborca-y-nogales\/\" \/>\n<meta property=\"og:site_name\" content=\"Sonora en Equipo.\" \/>\n<meta property=\"article:publisher\" content=\"https:\/\/www.facebook.com\/SonoraEE\/\" \/>\n<meta property=\"article:author\" content=\"https:\/\/www.facebook.com\/SonoraEE\" \/>\n<meta property=\"article:published_time\" content=\"2021-06-28T03:29:32+00:00\" \/>\n<meta property=\"article:modified_time\" content=\"2021-06-28T05:47:38+00:00\" \/>\n<meta property=\"og:image\" content=\"https:\/\/www.sonoraenequipo.com.mx\/storage\/2021\/06\/caborca-y-nogales-Durazo-gira_opt.jpg\" \/>\n\t<meta property=\"og:image:width\" content=\"700\" \/>\n\t<meta property=\"og:image:height\" content=\"400\" \/>\n\t<meta property=\"og:image:type\" content=\"image\/jpeg\" \/>\n<meta name=\"author\" content=\"enequipo\" \/>\n<meta name=\"twitter:card\" content=\"summary_large_image\" \/>\n<meta name=\"twitter:creator\" content=\"@sonoraenequipo\" \/>\n<meta name=\"twitter:site\" content=\"@sonoraenequipo\" \/>\n<meta name=\"twitter:label1\" content=\"Escrito por\" \/>\n\t<meta name=\"twitter:data1\" content=\"enequipo\" \/>\n\t<meta name=\"twitter:label2\" content=\"Tiempo de lectura\" \/>\n\t<meta name=\"twitter:data2\" content=\"2 minutos\" \/>\n<script type=\"application\/ld+json\" class=\"yoast-schema-graph\">{\"@context\":\"https:\/\/schema.org\",\"@graph\":[{\"@type\":\"Article\",\"@id\":\"https:\/\/www.sonoraenequipo.com.mx\/alfonso-durazo-concluye-gira-de-agradecimiento-en-caborca-y-nogales\/#article\",\"isPartOf\":{\"@id\":\"https:\/\/www.sonoraenequipo.com.mx\/alfonso-durazo-concluye-gira-de-agradecimiento-en-caborca-y-nogales\/\"},\"author\":{\"name\":\"enequipo\",\"@id\":\"https:\/\/www.sonoraenequipo.com.mx\/#\/schema\/person\/50102df0fb23a8fa9e8effad8fa81386\"},\"headline\":\"Alfonso Durazo concluye gira de agradecimiento en Caborca y Nogales.\",\"datePublished\":\"2021-06-28T03:29:32+00:00\",\"dateModified\":\"2021-06-28T05:47:38+00:00\",\"mainEntityOfPage\":{\"@id\":\"https:\/\/www.sonoraenequipo.com.mx\/alfonso-durazo-concluye-gira-de-agradecimiento-en-caborca-y-nogales\/\"},\"wordCount\":372,\"commentCount\":0,\"publisher\":{\"@id\":\"https:\/\/www.sonoraenequipo.com.mx\/#organization\"},\"image\":{\"@id\":\"https:\/\/www.sonoraenequipo.com.mx\/alfonso-durazo-concluye-gira-de-agradecimiento-en-caborca-y-nogales\/#primaryimage\"},\"thumbnailUrl\":\"https:\/\/www.sonoraenequipo.com.mx\/storage\/2021\/06\/caborca-y-nogales-Durazo-gira_opt.jpg\",\"articleSection\":[\"Sonora\"],\"inLanguage\":\"es\",\"potentialAction\":[{\"@type\":\"CommentAction\",\"name\":\"Comment\",\"target\":[\"https:\/\/www.sonoraenequipo.com.mx\/alfonso-durazo-concluye-gira-de-agradecimiento-en-caborca-y-nogales\/#respond\"]}]},{\"@type\":\"WebPage\",\"@id\":\"https:\/\/www.sonoraenequipo.com.mx\/alfonso-durazo-concluye-gira-de-agradecimiento-en-caborca-y-nogales\/\",\"url\":\"https:\/\/www.sonoraenequipo.com.mx\/alfonso-durazo-concluye-gira-de-agradecimiento-en-caborca-y-nogales\/\",\"name\":\"Sonora en Equipo. Alfonso Durazo concluye gira de agradecimiento en Caborca y Nogales. Sonora\",\"isPartOf\":{\"@id\":\"https:\/\/www.sonoraenequipo.com.mx\/#website\"},\"primaryImageOfPage\":{\"@id\":\"https:\/\/www.sonoraenequipo.com.mx\/alfonso-durazo-concluye-gira-de-agradecimiento-en-caborca-y-nogales\/#primaryimage\"},\"image\":{\"@id\":\"https:\/\/www.sonoraenequipo.com.mx\/alfonso-durazo-concluye-gira-de-agradecimiento-en-caborca-y-nogales\/#primaryimage\"},\"thumbnailUrl\":\"https:\/\/www.sonoraenequipo.com.mx\/storage\/2021\/06\/caborca-y-nogales-Durazo-gira_opt.jpg\",\"datePublished\":\"2021-06-28T03:29:32+00:00\",\"dateModified\":\"2021-06-28T05:47:38+00:00\",\"description\":\"HERMOSILLO, SONORA. MX. \u2014 El gobernador electo de Sonora, Alfonso Durazo Monta\u00f1o, concluy\u00f3 este domingo en las ciudades de Caborca y Nogales su gira de En Sonora en Equipo publicamos toda la informaci\u00f3n de Sonora, M\u00e9xico y el Mundo de manera oportuna y busca que la libertad de expresi\u00f3n sea real. Visita nuestro medio informativo publicado desde Hermosillo, Sonora. %\",\"breadcrumb\":{\"@id\":\"https:\/\/www.sonoraenequipo.com.mx\/alfonso-durazo-concluye-gira-de-agradecimiento-en-caborca-y-nogales\/#breadcrumb\"},\"inLanguage\":\"es\",\"potentialAction\":[{\"@type\":\"ReadAction\",\"target\":[\"https:\/\/www.sonoraenequipo.com.mx\/alfonso-durazo-concluye-gira-de-agradecimiento-en-caborca-y-nogales\/\"]}]},{\"@type\":\"ImageObject\",\"inLanguage\":\"es\",\"@id\":\"https:\/\/www.sonoraenequipo.com.mx\/alfonso-durazo-concluye-gira-de-agradecimiento-en-caborca-y-nogales\/#primaryimage\",\"url\":\"https:\/\/www.sonoraenequipo.com.mx\/storage\/2021\/06\/caborca-y-nogales-Durazo-gira_opt.jpg\",\"contentUrl\":\"https:\/\/www.sonoraenequipo.com.mx\/storage\/2021\/06\/caborca-y-nogales-Durazo-gira_opt.jpg\",\"width\":700,\"height\":400},{\"@type\":\"BreadcrumbList\",\"@id\":\"https:\/\/www.sonoraenequipo.com.mx\/alfonso-durazo-concluye-gira-de-agradecimiento-en-caborca-y-nogales\/#breadcrumb\",\"itemListElement\":[{\"@type\":\"ListItem\",\"position\":1,\"name\":\"Portada\",\"item\":\"https:\/\/www.sonoraenequipo.com.mx\/\"},{\"@type\":\"ListItem\",\"position\":2,\"name\":\"Alfonso Durazo concluye gira de agradecimiento en Caborca y Nogales.\"}]},{\"@type\":\"WebSite\",\"@id\":\"https:\/\/www.sonoraenequipo.com.mx\/#website\",\"url\":\"https:\/\/www.sonoraenequipo.com.mx\/\",\"name\":\"Sonora en Equipo.\",\"description\":\"Diario en l\u00ednea con Noticias desde Hermosillo, Sonora\",\"publisher\":{\"@id\":\"https:\/\/www.sonoraenequipo.com.mx\/#organization\"},\"potentialAction\":[{\"@type\":\"SearchAction\",\"target\":{\"@type\":\"EntryPoint\",\"urlTemplate\":\"https:\/\/www.sonoraenequipo.com.mx\/?s={search_term_string}\"},\"query-input\":{\"@type\":\"PropertyValueSpecification\",\"valueRequired\":true,\"valueName\":\"search_term_string\"}}],\"inLanguage\":\"es\"},{\"@type\":\"Organization\",\"@id\":\"https:\/\/www.sonoraenequipo.com.mx\/#organization\",\"name\":\"Sonoraenequipo.com.mx\",\"url\":\"https:\/\/www.sonoraenequipo.com.mx\/\",\"logo\":{\"@type\":\"ImageObject\",\"inLanguage\":\"es\",\"@id\":\"https:\/\/www.sonoraenequipo.com.mx\/#\/schema\/logo\/image\/\",\"url\":\"https:\/\/www.sonoraenequipo.com.mx\/storage\/2019\/01\/sonoraenequipo_opt.png\",\"contentUrl\":\"https:\/\/www.sonoraenequipo.com.mx\/storage\/2019\/01\/sonoraenequipo_opt.png\",\"width\":375,\"height\":125,\"caption\":\"Sonoraenequipo.com.mx\"},\"image\":{\"@id\":\"https:\/\/www.sonoraenequipo.com.mx\/#\/schema\/logo\/image\/\"},\"sameAs\":[\"https:\/\/www.facebook.com\/SonoraEE\/\",\"https:\/\/x.com\/sonoraenequipo\",\"https:\/\/www.youtube.com\/channel\/UC338nW-lPEYmJQs4ZABQ1SQ\"]},{\"@type\":\"Person\",\"@id\":\"https:\/\/www.sonoraenequipo.com.mx\/#\/schema\/person\/50102df0fb23a8fa9e8effad8fa81386\",\"name\":\"enequipo\",\"image\":{\"@type\":\"ImageObject\",\"inLanguage\":\"es\",\"@id\":\"https:\/\/www.sonoraenequipo.com.mx\/#\/schema\/person\/image\/\",\"url\":\"https:\/\/secure.gravatar.com\/avatar\/049821681b589dabc0bc20695993ccebb09f5b5d4d790cd9251b97faac7c652b?s=96&d=blank&r=g\",\"contentUrl\":\"https:\/\/secure.gravatar.com\/avatar\/049821681b589dabc0bc20695993ccebb09f5b5d4d790cd9251b97faac7c652b?s=96&d=blank&r=g\",\"caption\":\"enequipo\"},\"sameAs\":[\"https:\/\/www.facebook.com\/SonoraEE\"]}]}<\/script>\n ","yoast_head_json":{"title":"Sonora en Equipo. Alfonso Durazo concluye gira de agradecimiento en Caborca y Nogales. Sonora","description":"HERMOSILLO, SONORA. MX. \u2014 El gobernador electo de Sonora, Alfonso Durazo Monta\u00f1o, concluy\u00f3 este domingo en las ciudades de Caborca y Nogales su gira de En Sonora en Equipo publicamos toda la informaci\u00f3n de Sonora, M\u00e9xico y el Mundo de manera oportuna y busca que la libertad de expresi\u00f3n sea real. Visita nuestro medio informativo publicado desde Hermosillo, Sonora. %","robots":{"index":"index","follow":"follow","max-snippet":"max-snippet:-1","max-image-preview":"max-image-preview:large","max-video-preview":"max-video-preview:-1"},"canonical":"https:\/\/www.sonoraenequipo.com.mx\/alfonso-durazo-concluye-gira-de-agradecimiento-en-caborca-y-nogales\/","og_locale":"es_ES","og_type":"article","og_title":"Sonora en Equipo. Alfonso Durazo concluye gira de agradecimiento en Caborca y Nogales. Sonora","og_description":"HERMOSILLO, SONORA. MX. \u2014 El gobernador electo de Sonora, Alfonso Durazo Monta\u00f1o, concluy\u00f3 este domingo en las ciudades de Caborca y Nogales su gira de En Sonora en Equipo publicamos toda la informaci\u00f3n de Sonora, M\u00e9xico y el Mundo de manera oportuna y busca que la libertad de expresi\u00f3n sea real. Visita nuestro medio informativo publicado desde Hermosillo, Sonora. %","og_url":"https:\/\/www.sonoraenequipo.com.mx\/alfonso-durazo-concluye-gira-de-agradecimiento-en-caborca-y-nogales\/","og_site_name":"Sonora en Equipo.","article_publisher":"https:\/\/www.facebook.com\/SonoraEE\/","article_author":"https:\/\/www.facebook.com\/SonoraEE","article_published_time":"2021-06-28T03:29:32+00:00","article_modified_time":"2021-06-28T05:47:38+00:00","og_image":[{"width":700,"height":400,"url":"https:\/\/www.sonoraenequipo.com.mx\/storage\/2021\/06\/caborca-y-nogales-Durazo-gira_opt.jpg","type":"image\/jpeg"}],"author":"enequipo","twitter_card":"summary_large_image","twitter_creator":"@sonoraenequipo","twitter_site":"@sonoraenequipo","twitter_misc":{"Escrito por":"enequipo","Tiempo de lectura":"2 minutos"},"schema":{"@context":"https:\/\/schema.org","@graph":[{"@type":"Article","@id":"https:\/\/www.sonoraenequipo.com.mx\/alfonso-durazo-concluye-gira-de-agradecimiento-en-caborca-y-nogales\/#article","isPartOf":{"@id":"https:\/\/www.sonoraenequipo.com.mx\/alfonso-durazo-concluye-gira-de-agradecimiento-en-caborca-y-nogales\/"},"author":{"name":"enequipo","@id":"https:\/\/www.sonoraenequipo.com.mx\/#\/schema\/person\/50102df0fb23a8fa9e8effad8fa81386"},"headline":"Alfonso Durazo concluye gira de agradecimiento en Caborca y Nogales.","datePublished":"2021-06-28T03:29:32+00:00","dateModified":"2021-06-28T05:47:38+00:00","mainEntityOfPage":{"@id":"https:\/\/www.sonoraenequipo.com.mx\/alfonso-durazo-concluye-gira-de-agradecimiento-en-caborca-y-nogales\/"},"wordCount":372,"commentCount":0,"publisher":{"@id":"https:\/\/www.sonoraenequipo.com.mx\/#organization"},"image":{"@id":"https:\/\/www.sonoraenequipo.com.mx\/alfonso-durazo-concluye-gira-de-agradecimiento-en-caborca-y-nogales\/#primaryimage"},"thumbnailUrl":"https:\/\/www.sonoraenequipo.com.mx\/storage\/2021\/06\/caborca-y-nogales-Durazo-gira_opt.jpg","articleSection":["Sonora"],"inLanguage":"es","potentialAction":[{"@type":"CommentAction","name":"Comment","target":["https:\/\/www.sonoraenequipo.com.mx\/alfonso-durazo-concluye-gira-de-agradecimiento-en-caborca-y-nogales\/#respond"]}]},{"@type":"WebPage","@id":"https:\/\/www.sonoraenequipo.com.mx\/alfonso-durazo-concluye-gira-de-agradecimiento-en-caborca-y-nogales\/","url":"https:\/\/www.sonoraenequipo.com.mx\/alfonso-durazo-concluye-gira-de-agradecimiento-en-caborca-y-nogales\/","name":"Sonora en Equipo. Alfonso Durazo concluye gira de agradecimiento en Caborca y Nogales. Sonora","isPartOf":{"@id":"https:\/\/www.sonoraenequipo.com.mx\/#website"},"primaryImageOfPage":{"@id":"https:\/\/www.sonoraenequipo.com.mx\/alfonso-durazo-concluye-gira-de-agradecimiento-en-caborca-y-nogales\/#primaryimage"},"image":{"@id":"https:\/\/www.sonoraenequipo.com.mx\/alfonso-durazo-concluye-gira-de-agradecimiento-en-caborca-y-nogales\/#primaryimage"},"thumbnailUrl":"https:\/\/www.sonoraenequipo.com.mx\/storage\/2021\/06\/caborca-y-nogales-Durazo-gira_opt.jpg","datePublished":"2021-06-28T03:29:32+00:00","dateModified":"2021-06-28T05:47:38+00:00","description":"HERMOSILLO, SONORA. MX. \u2014 El gobernador electo de Sonora, Alfonso Durazo Monta\u00f1o, concluy\u00f3 este domingo en las ciudades de Caborca y Nogales su gira de En Sonora en Equipo publicamos toda la informaci\u00f3n de Sonora, M\u00e9xico y el Mundo de manera oportuna y busca que la libertad de expresi\u00f3n sea real. Visita nuestro medio informativo publicado desde Hermosillo, Sonora. %","breadcrumb":{"@id":"https:\/\/www.sonoraenequipo.com.mx\/alfonso-durazo-concluye-gira-de-agradecimiento-en-caborca-y-nogales\/#breadcrumb"},"inLanguage":"es","potentialAction":[{"@type":"ReadAction","target":["https:\/\/www.sonoraenequipo.com.mx\/alfonso-durazo-concluye-gira-de-agradecimiento-en-caborca-y-nogales\/"]}]},{"@type":"ImageObject","inLanguage":"es","@id":"https:\/\/www.sonoraenequipo.com.mx\/alfonso-durazo-concluye-gira-de-agradecimiento-en-caborca-y-nogales\/#primaryimage","url":"https:\/\/www.sonoraenequipo.com.mx\/storage\/2021\/06\/caborca-y-nogales-Durazo-gira_opt.jpg","contentUrl":"https:\/\/www.sonoraenequipo.com.mx\/storage\/2021\/06\/caborca-y-nogales-Durazo-gira_opt.jpg","width":700,"height":400},{"@type":"BreadcrumbList","@id":"https:\/\/www.sonoraenequipo.com.mx\/alfonso-durazo-concluye-gira-de-agradecimiento-en-caborca-y-nogales\/#breadcrumb","itemListElement":[{"@type":"ListItem","position":1,"name":"Portada","item":"https:\/\/www.sonoraenequipo.com.mx\/"},{"@type":"ListItem","position":2,"name":"Alfonso Durazo concluye gira de agradecimiento en Caborca y Nogales."}]},{"@type":"WebSite","@id":"https:\/\/www.sonoraenequipo.com.mx\/#website","url":"https:\/\/www.sonoraenequipo.com.mx\/","name":"Sonora en Equipo.","description":"Diario en l\u00ednea con Noticias desde Hermosillo, Sonora","publisher":{"@id":"https:\/\/www.sonoraenequipo.com.mx\/#organization"},"potentialAction":[{"@type":"SearchAction","target":{"@type":"EntryPoint","urlTemplate":"https:\/\/www.sonoraenequipo.com.mx\/?s={search_term_string}"},"query-input":{"@type":"PropertyValueSpecification","valueRequired":true,"valueName":"search_term_string"}}],"inLanguage":"es"},{"@type":"Organization","@id":"https:\/\/www.sonoraenequipo.com.mx\/#organization","name":"Sonoraenequipo.com.mx","url":"https:\/\/www.sonoraenequipo.com.mx\/","logo":{"@type":"ImageObject","inLanguage":"es","@id":"https:\/\/www.sonoraenequipo.com.mx\/#\/schema\/logo\/image\/","url":"https:\/\/www.sonoraenequipo.com.mx\/storage\/2019\/01\/sonoraenequipo_opt.png","contentUrl":"https:\/\/www.sonoraenequipo.com.mx\/storage\/2019\/01\/sonoraenequipo_opt.png","width":375,"height":125,"caption":"Sonoraenequipo.com.mx"},"image":{"@id":"https:\/\/www.sonoraenequipo.com.mx\/#\/schema\/logo\/image\/"},"sameAs":["https:\/\/www.facebook.com\/SonoraEE\/","https:\/\/x.com\/sonoraenequipo","https:\/\/www.youtube.com\/channel\/UC338nW-lPEYmJQs4ZABQ1SQ"]},{"@type":"Person","@id":"https:\/\/www.sonoraenequipo.com.mx\/#\/schema\/person\/50102df0fb23a8fa9e8effad8fa81386","name":"enequipo","image":{"@type":"ImageObject","inLanguage":"es","@id":"https:\/\/www.sonoraenequipo.com.mx\/#\/schema\/person\/image\/","url":"https:\/\/secure.gravatar.com\/avatar\/049821681b589dabc0bc20695993ccebb09f5b5d4d790cd9251b97faac7c652b?s=96&d=blank&r=g","contentUrl":"https:\/\/secure.gravatar.com\/avatar\/049821681b589dabc0bc20695993ccebb09f5b5d4d790cd9251b97faac7c652b?s=96&d=blank&r=g","caption":"enequipo"},"sameAs":["https:\/\/www.facebook.com\/SonoraEE"]}]}},"jetpack_featured_media_url":"https:\/\/www.sonoraenequipo.com.mx\/storage\/2021\/06\/caborca-y-nogales-Durazo-gira_opt.jpg","_links":{"self":[{"href":"https:\/\/www.sonoraenequipo.com.mx\/api\/wp\/v2\/posts\/117309","targetHints":{"allow":["GET"]}}],"collection":[{"href":"https:\/\/www.sonoraenequipo.com.mx\/api\/wp\/v2\/posts"}],"about":[{"href":"https:\/\/www.sonoraenequipo.com.mx\/api\/wp\/v2\/types\/post"}],"author":[{"embeddable":true,"href":"https:\/\/www.sonoraenequipo.com.mx\/api\/wp\/v2\/users\/1"}],"replies":[{"embeddable":true,"href":"https:\/\/www.sonoraenequipo.com.mx\/api\/wp\/v2\/comments?post=117309"}],"version-history":[{"count":2,"href":"https:\/\/www.sonoraenequipo.com.mx\/api\/wp\/v2\/posts\/117309\/revisions"}],"predecessor-version":[{"id":117312,"href":"https:\/\/www.sonoraenequipo.com.mx\/api\/wp\/v2\/posts\/117309\/revisions\/117312"}],"wp:featuredmedia":[{"embeddable":true,"href":"https:\/\/www.sonoraenequipo.com.mx\/api\/wp\/v2\/media\/117310"}],"wp:attachment":[{"href":"https:\/\/www.sonoraenequipo.com.mx\/api\/wp\/v2\/media?parent=117309"}],"wp:term":[{"taxonomy":"category","embeddable":true,"href":"https:\/\/www.sonoraenequipo.com.mx\/api\/wp\/v2\/categories?post=117309"},{"taxonomy":"post_tag","embeddable":true,"href":"https:\/\/www.sonoraenequipo.com.mx\/api\/wp\/v2\/tags?post=117309"}],"curies":[{"name":"wp","href":"https:\/\/api.w.org\/{rel}","templated":true}]}}