{"id":117323,"date":"2021-06-28T08:15:23","date_gmt":"2021-06-28T15:15:23","guid":{"rendered":"https:\/\/www.sonoraenequipo.com.mx\/?p=117323"},"modified":"2021-06-28T10:52:46","modified_gmt":"2021-06-28T17:52:46","slug":"en-mexico-8-estados-concentran-tasas-mas-altas-de-feminicidios","status":"publish","type":"post","link":"https:\/\/www.sonoraenequipo.com.mx\/en-mexico-8-estados-concentran-tasas-mas-altas-de-feminicidios\/","title":{"rendered":"En M\u00e9xico, 8 estados concentran tasas m\u00e1s altas de feminicidios"},"content":{"rendered":"<p>CIUDAD DE M\u00c9XICO. MX. \u2014 En ocho estados de M\u00e9xico se concentran las tasas m\u00e1s altas de feminicidios, inform\u00f3 Rosa Icela Rodr\u00edguez, titular de la Secretar\u00eda de Seguridad y Protecci\u00f3n Ciudadana (SSPC), quien revel\u00f3 que de enero a mayo se han registrado 423 casos.<\/p>\n<p>&nbsp;<\/p>\n<p> <\/p>\n<p>&nbsp;<\/p>\n<p>La funcionaria coment\u00f3 que en 2018 se homolog\u00f3 un criterio nacional para el registro de este delito, mientras que en 2019 apenas se logr\u00f3 que todos los estados lo tipificaran en c\u00f3digos penales.<\/p>\n<p>&nbsp;<\/p>\n<p>\u200bEn conferencia de prensa del presidente Andr\u00e9s Manuel L\u00f3pez Obrador indic\u00f3 que ocho entidades concentran un 57 por ciento de las carpetas por este delito.<\/p>\n<p>&nbsp;<\/p>\n<p><em>\u00abDestacar que algunas entidades como Ciudad de M\u00e9xico, toda carpeta por homicidio cuya v\u00edctima es mujer se inicia como feminicidio. Por 100 mil habitantes, ocho entidades concentran tasas altas: Morelos, Sonora Quintana Roo, Colima, Jalisco, Sinaloa, San Luis Potos\u00ed y Chiapas\u00bb.<\/em><\/p>\n<p>&nbsp;<\/p>\n<p>&nbsp;<\/p>\n<p>De acuerdo con cifras presentadas por Ros Icela Rodr\u00edguez, de los 724 municipios que registran carpetas, 50 concentran el 38.5 de los casos y 5 m\u00e1s el 7.9 de las carpetas fueron en Culiac\u00e1n, Tijuana, Ju\u00e1rez, Guadalajara y Monterrey.<\/p>\n<p>&nbsp;<\/p>\n<p>&nbsp;<\/p>\n<p>Asimismo destac\u00f3 que entre 2018 y 2019 se reforz\u00f3 el registro de este delito a nivel nacional mediante lineamientos para homologar nueve causales de feminicidio en 32 entidades; \u00abtenemos el compromiso de clasificar adecuadamente los feminicidios sin importar que esa suma implique un aumento en las estad\u00edsticas\u00bb, dijo.<\/p>\n<p>&nbsp;<\/p>\n<p>(Publicada el 28\/06\/2021)<\/p>\n","protected":false},"excerpt":{"rendered":"<p>CIUDAD DE M\u00c9XICO. MX. \u2014 En ocho estados de M\u00e9xico se concentran las tasas m\u00e1s&#8230;<\/p>\n","protected":false},"author":1,"featured_media":117324,"comment_status":"open","ping_status":"open","sticky":false,"template":"","format":"standard","meta":{"_monsterinsights_skip_tracking":false,"_monsterinsights_sitenote_active":false,"_monsterinsights_sitenote_note":"","_monsterinsights_sitenote_category":0,"footnotes":""},"categories":[22],"tags":[],"class_list":["post"],"yoast_head":" \n<title>Sonora en Equipo. En M\u00e9xico, 8 estados concentran tasas m\u00e1s altas de feminicidios Sonora<\/title>\n<meta name=\"description\" content=\"CIUDAD DE M\u00c9XICO. MX. \u2014 En ocho estados de M\u00e9xico se concentran las tasas m\u00e1s altas de feminicidios, inform\u00f3 Rosa Icela Rodr\u00edguez, titular de la En Sonora en Equipo publicamos toda la informaci\u00f3n de Sonora, M\u00e9xico y el Mundo de manera oportuna y busca que la libertad de expresi\u00f3n sea real. Visita nuestro medio informativo publicado desde Hermosillo, Sonora. %\" \/>\n<meta name=\"robots\" content=\"index, follow, max-snippet:-1, max-image-preview:large, max-video-preview:-1\" \/>\n<link rel=\"canonical\" href=\"https:\/\/www.sonoraenequipo.com.mx\/en-mexico-8-estados-concentran-tasas-mas-altas-de-feminicidios\/\" \/>\n<meta property=\"og:locale\" content=\"es_ES\" \/>\n<meta property=\"og:type\" content=\"article\" \/>\n<meta property=\"og:title\" content=\"Sonora en Equipo. En M\u00e9xico, 8 estados concentran tasas m\u00e1s altas de feminicidios Sonora\" \/>\n<meta property=\"og:description\" content=\"CIUDAD DE M\u00c9XICO. MX. \u2014 En ocho estados de M\u00e9xico se concentran las tasas m\u00e1s altas de feminicidios, inform\u00f3 Rosa Icela Rodr\u00edguez, titular de la En Sonora en Equipo publicamos toda la informaci\u00f3n de Sonora, M\u00e9xico y el Mundo de manera oportuna y busca que la libertad de expresi\u00f3n sea real. Visita nuestro medio informativo publicado desde Hermosillo, Sonora. %\" \/>\n<meta property=\"og:url\" content=\"https:\/\/www.sonoraenequipo.com.mx\/en-mexico-8-estados-concentran-tasas-mas-altas-de-feminicidios\/\" \/>\n<meta property=\"og:site_name\" content=\"Sonora en Equipo.\" \/>\n<meta property=\"article:publisher\" content=\"https:\/\/www.facebook.com\/SonoraEE\/\" \/>\n<meta property=\"article:author\" content=\"https:\/\/www.facebook.com\/SonoraEE\" \/>\n<meta property=\"article:published_time\" content=\"2021-06-28T15:15:23+00:00\" \/>\n<meta property=\"article:modified_time\" content=\"2021-06-28T17:52:46+00:00\" \/>\n<meta property=\"og:image\" content=\"https:\/\/www.sonoraenequipo.com.mx\/storage\/2021\/06\/rosa-icela-rodriguez-sspc_opt.jpg\" \/>\n\t<meta property=\"og:image:width\" content=\"700\" \/>\n\t<meta property=\"og:image:height\" content=\"400\" \/>\n\t<meta property=\"og:image:type\" content=\"image\/jpeg\" \/>\n<meta name=\"author\" content=\"enequipo\" \/>\n<meta name=\"twitter:card\" content=\"summary_large_image\" \/>\n<meta name=\"twitter:creator\" content=\"@sonoraenequipo\" \/>\n<meta name=\"twitter:site\" content=\"@sonoraenequipo\" \/>\n<meta name=\"twitter:label1\" content=\"Escrito por\" \/>\n\t<meta name=\"twitter:data1\" content=\"enequipo\" \/>\n\t<meta name=\"twitter:label2\" content=\"Tiempo de lectura\" \/>\n\t<meta name=\"twitter:data2\" content=\"2 minutos\" \/>\n<script type=\"application\/ld+json\" class=\"yoast-schema-graph\">{\"@context\":\"https:\/\/schema.org\",\"@graph\":[{\"@type\":\"Article\",\"@id\":\"https:\/\/www.sonoraenequipo.com.mx\/en-mexico-8-estados-concentran-tasas-mas-altas-de-feminicidios\/#article\",\"isPartOf\":{\"@id\":\"https:\/\/www.sonoraenequipo.com.mx\/en-mexico-8-estados-concentran-tasas-mas-altas-de-feminicidios\/\"},\"author\":{\"name\":\"enequipo\",\"@id\":\"https:\/\/www.sonoraenequipo.com.mx\/#\/schema\/person\/50102df0fb23a8fa9e8effad8fa81386\"},\"headline\":\"En M\u00e9xico, 8 estados concentran tasas m\u00e1s altas de feminicidios\",\"datePublished\":\"2021-06-28T15:15:23+00:00\",\"dateModified\":\"2021-06-28T17:52:46+00:00\",\"mainEntityOfPage\":{\"@id\":\"https:\/\/www.sonoraenequipo.com.mx\/en-mexico-8-estados-concentran-tasas-mas-altas-de-feminicidios\/\"},\"wordCount\":254,\"commentCount\":0,\"publisher\":{\"@id\":\"https:\/\/www.sonoraenequipo.com.mx\/#organization\"},\"image\":{\"@id\":\"https:\/\/www.sonoraenequipo.com.mx\/en-mexico-8-estados-concentran-tasas-mas-altas-de-feminicidios\/#primaryimage\"},\"thumbnailUrl\":\"https:\/\/www.sonoraenequipo.com.mx\/storage\/2021\/06\/rosa-icela-rodriguez-sspc_opt.jpg\",\"articleSection\":[\"Sonora\"],\"inLanguage\":\"es\",\"potentialAction\":[{\"@type\":\"CommentAction\",\"name\":\"Comment\",\"target\":[\"https:\/\/www.sonoraenequipo.com.mx\/en-mexico-8-estados-concentran-tasas-mas-altas-de-feminicidios\/#respond\"]}]},{\"@type\":\"WebPage\",\"@id\":\"https:\/\/www.sonoraenequipo.com.mx\/en-mexico-8-estados-concentran-tasas-mas-altas-de-feminicidios\/\",\"url\":\"https:\/\/www.sonoraenequipo.com.mx\/en-mexico-8-estados-concentran-tasas-mas-altas-de-feminicidios\/\",\"name\":\"Sonora en Equipo. En M\u00e9xico, 8 estados concentran tasas m\u00e1s altas de feminicidios Sonora\",\"isPartOf\":{\"@id\":\"https:\/\/www.sonoraenequipo.com.mx\/#website\"},\"primaryImageOfPage\":{\"@id\":\"https:\/\/www.sonoraenequipo.com.mx\/en-mexico-8-estados-concentran-tasas-mas-altas-de-feminicidios\/#primaryimage\"},\"image\":{\"@id\":\"https:\/\/www.sonoraenequipo.com.mx\/en-mexico-8-estados-concentran-tasas-mas-altas-de-feminicidios\/#primaryimage\"},\"thumbnailUrl\":\"https:\/\/www.sonoraenequipo.com.mx\/storage\/2021\/06\/rosa-icela-rodriguez-sspc_opt.jpg\",\"datePublished\":\"2021-06-28T15:15:23+00:00\",\"dateModified\":\"2021-06-28T17:52:46+00:00\",\"description\":\"CIUDAD DE M\u00c9XICO. MX. \u2014 En ocho estados de M\u00e9xico se concentran las tasas m\u00e1s altas de feminicidios, inform\u00f3 Rosa Icela Rodr\u00edguez, titular de la En Sonora en Equipo publicamos toda la informaci\u00f3n de Sonora, M\u00e9xico y el Mundo de manera oportuna y busca que la libertad de expresi\u00f3n sea real. Visita nuestro medio informativo publicado desde Hermosillo, Sonora. %\",\"breadcrumb\":{\"@id\":\"https:\/\/www.sonoraenequipo.com.mx\/en-mexico-8-estados-concentran-tasas-mas-altas-de-feminicidios\/#breadcrumb\"},\"inLanguage\":\"es\",\"potentialAction\":[{\"@type\":\"ReadAction\",\"target\":[\"https:\/\/www.sonoraenequipo.com.mx\/en-mexico-8-estados-concentran-tasas-mas-altas-de-feminicidios\/\"]}]},{\"@type\":\"ImageObject\",\"inLanguage\":\"es\",\"@id\":\"https:\/\/www.sonoraenequipo.com.mx\/en-mexico-8-estados-concentran-tasas-mas-altas-de-feminicidios\/#primaryimage\",\"url\":\"https:\/\/www.sonoraenequipo.com.mx\/storage\/2021\/06\/rosa-icela-rodriguez-sspc_opt.jpg\",\"contentUrl\":\"https:\/\/www.sonoraenequipo.com.mx\/storage\/2021\/06\/rosa-icela-rodriguez-sspc_opt.jpg\",\"width\":700,\"height\":400},{\"@type\":\"BreadcrumbList\",\"@id\":\"https:\/\/www.sonoraenequipo.com.mx\/en-mexico-8-estados-concentran-tasas-mas-altas-de-feminicidios\/#breadcrumb\",\"itemListElement\":[{\"@type\":\"ListItem\",\"position\":1,\"name\":\"Portada\",\"item\":\"https:\/\/www.sonoraenequipo.com.mx\/\"},{\"@type\":\"ListItem\",\"position\":2,\"name\":\"En M\u00e9xico, 8 estados concentran tasas m\u00e1s altas de feminicidios\"}]},{\"@type\":\"WebSite\",\"@id\":\"https:\/\/www.sonoraenequipo.com.mx\/#website\",\"url\":\"https:\/\/www.sonoraenequipo.com.mx\/\",\"name\":\"Sonora en Equipo.\",\"description\":\"Diario en l\u00ednea con Noticias desde Hermosillo, Sonora\",\"publisher\":{\"@id\":\"https:\/\/www.sonoraenequipo.com.mx\/#organization\"},\"potentialAction\":[{\"@type\":\"SearchAction\",\"target\":{\"@type\":\"EntryPoint\",\"urlTemplate\":\"https:\/\/www.sonoraenequipo.com.mx\/?s={search_term_string}\"},\"query-input\":{\"@type\":\"PropertyValueSpecification\",\"valueRequired\":true,\"valueName\":\"search_term_string\"}}],\"inLanguage\":\"es\"},{\"@type\":\"Organization\",\"@id\":\"https:\/\/www.sonoraenequipo.com.mx\/#organization\",\"name\":\"Sonoraenequipo.com.mx\",\"url\":\"https:\/\/www.sonoraenequipo.com.mx\/\",\"logo\":{\"@type\":\"ImageObject\",\"inLanguage\":\"es\",\"@id\":\"https:\/\/www.sonoraenequipo.com.mx\/#\/schema\/logo\/image\/\",\"url\":\"https:\/\/www.sonoraenequipo.com.mx\/storage\/2019\/01\/sonoraenequipo_opt.png\",\"contentUrl\":\"https:\/\/www.sonoraenequipo.com.mx\/storage\/2019\/01\/sonoraenequipo_opt.png\",\"width\":375,\"height\":125,\"caption\":\"Sonoraenequipo.com.mx\"},\"image\":{\"@id\":\"https:\/\/www.sonoraenequipo.com.mx\/#\/schema\/logo\/image\/\"},\"sameAs\":[\"https:\/\/www.facebook.com\/SonoraEE\/\",\"https:\/\/x.com\/sonoraenequipo\",\"https:\/\/www.youtube.com\/channel\/UC338nW-lPEYmJQs4ZABQ1SQ\"]},{\"@type\":\"Person\",\"@id\":\"https:\/\/www.sonoraenequipo.com.mx\/#\/schema\/person\/50102df0fb23a8fa9e8effad8fa81386\",\"name\":\"enequipo\",\"image\":{\"@type\":\"ImageObject\",\"inLanguage\":\"es\",\"@id\":\"https:\/\/www.sonoraenequipo.com.mx\/#\/schema\/person\/image\/\",\"url\":\"https:\/\/secure.gravatar.com\/avatar\/049821681b589dabc0bc20695993ccebb09f5b5d4d790cd9251b97faac7c652b?s=96&d=blank&r=g\",\"contentUrl\":\"https:\/\/secure.gravatar.com\/avatar\/049821681b589dabc0bc20695993ccebb09f5b5d4d790cd9251b97faac7c652b?s=96&d=blank&r=g\",\"caption\":\"enequipo\"},\"sameAs\":[\"https:\/\/www.facebook.com\/SonoraEE\"]}]}<\/script>\n ","yoast_head_json":{"title":"Sonora en Equipo. En M\u00e9xico, 8 estados concentran tasas m\u00e1s altas de feminicidios Sonora","description":"CIUDAD DE M\u00c9XICO. MX. \u2014 En ocho estados de M\u00e9xico se concentran las tasas m\u00e1s altas de feminicidios, inform\u00f3 Rosa Icela Rodr\u00edguez, titular de la En Sonora en Equipo publicamos toda la informaci\u00f3n de Sonora, M\u00e9xico y el Mundo de manera oportuna y busca que la libertad de expresi\u00f3n sea real. Visita nuestro medio informativo publicado desde Hermosillo, Sonora. %","robots":{"index":"index","follow":"follow","max-snippet":"max-snippet:-1","max-image-preview":"max-image-preview:large","max-video-preview":"max-video-preview:-1"},"canonical":"https:\/\/www.sonoraenequipo.com.mx\/en-mexico-8-estados-concentran-tasas-mas-altas-de-feminicidios\/","og_locale":"es_ES","og_type":"article","og_title":"Sonora en Equipo. En M\u00e9xico, 8 estados concentran tasas m\u00e1s altas de feminicidios Sonora","og_description":"CIUDAD DE M\u00c9XICO. MX. \u2014 En ocho estados de M\u00e9xico se concentran las tasas m\u00e1s altas de feminicidios, inform\u00f3 Rosa Icela Rodr\u00edguez, titular de la En Sonora en Equipo publicamos toda la informaci\u00f3n de Sonora, M\u00e9xico y el Mundo de manera oportuna y busca que la libertad de expresi\u00f3n sea real. Visita nuestro medio informativo publicado desde Hermosillo, Sonora. %","og_url":"https:\/\/www.sonoraenequipo.com.mx\/en-mexico-8-estados-concentran-tasas-mas-altas-de-feminicidios\/","og_site_name":"Sonora en Equipo.","article_publisher":"https:\/\/www.facebook.com\/SonoraEE\/","article_author":"https:\/\/www.facebook.com\/SonoraEE","article_published_time":"2021-06-28T15:15:23+00:00","article_modified_time":"2021-06-28T17:52:46+00:00","og_image":[{"width":700,"height":400,"url":"https:\/\/www.sonoraenequipo.com.mx\/storage\/2021\/06\/rosa-icela-rodriguez-sspc_opt.jpg","type":"image\/jpeg"}],"author":"enequipo","twitter_card":"summary_large_image","twitter_creator":"@sonoraenequipo","twitter_site":"@sonoraenequipo","twitter_misc":{"Escrito por":"enequipo","Tiempo de lectura":"2 minutos"},"schema":{"@context":"https:\/\/schema.org","@graph":[{"@type":"Article","@id":"https:\/\/www.sonoraenequipo.com.mx\/en-mexico-8-estados-concentran-tasas-mas-altas-de-feminicidios\/#article","isPartOf":{"@id":"https:\/\/www.sonoraenequipo.com.mx\/en-mexico-8-estados-concentran-tasas-mas-altas-de-feminicidios\/"},"author":{"name":"enequipo","@id":"https:\/\/www.sonoraenequipo.com.mx\/#\/schema\/person\/50102df0fb23a8fa9e8effad8fa81386"},"headline":"En M\u00e9xico, 8 estados concentran tasas m\u00e1s altas de feminicidios","datePublished":"2021-06-28T15:15:23+00:00","dateModified":"2021-06-28T17:52:46+00:00","mainEntityOfPage":{"@id":"https:\/\/www.sonoraenequipo.com.mx\/en-mexico-8-estados-concentran-tasas-mas-altas-de-feminicidios\/"},"wordCount":254,"commentCount":0,"publisher":{"@id":"https:\/\/www.sonoraenequipo.com.mx\/#organization"},"image":{"@id":"https:\/\/www.sonoraenequipo.com.mx\/en-mexico-8-estados-concentran-tasas-mas-altas-de-feminicidios\/#primaryimage"},"thumbnailUrl":"https:\/\/www.sonoraenequipo.com.mx\/storage\/2021\/06\/rosa-icela-rodriguez-sspc_opt.jpg","articleSection":["Sonora"],"inLanguage":"es","potentialAction":[{"@type":"CommentAction","name":"Comment","target":["https:\/\/www.sonoraenequipo.com.mx\/en-mexico-8-estados-concentran-tasas-mas-altas-de-feminicidios\/#respond"]}]},{"@type":"WebPage","@id":"https:\/\/www.sonoraenequipo.com.mx\/en-mexico-8-estados-concentran-tasas-mas-altas-de-feminicidios\/","url":"https:\/\/www.sonoraenequipo.com.mx\/en-mexico-8-estados-concentran-tasas-mas-altas-de-feminicidios\/","name":"Sonora en Equipo. En M\u00e9xico, 8 estados concentran tasas m\u00e1s altas de feminicidios Sonora","isPartOf":{"@id":"https:\/\/www.sonoraenequipo.com.mx\/#website"},"primaryImageOfPage":{"@id":"https:\/\/www.sonoraenequipo.com.mx\/en-mexico-8-estados-concentran-tasas-mas-altas-de-feminicidios\/#primaryimage"},"image":{"@id":"https:\/\/www.sonoraenequipo.com.mx\/en-mexico-8-estados-concentran-tasas-mas-altas-de-feminicidios\/#primaryimage"},"thumbnailUrl":"https:\/\/www.sonoraenequipo.com.mx\/storage\/2021\/06\/rosa-icela-rodriguez-sspc_opt.jpg","datePublished":"2021-06-28T15:15:23+00:00","dateModified":"2021-06-28T17:52:46+00:00","description":"CIUDAD DE M\u00c9XICO. MX. \u2014 En ocho estados de M\u00e9xico se concentran las tasas m\u00e1s altas de feminicidios, inform\u00f3 Rosa Icela Rodr\u00edguez, titular de la En Sonora en Equipo publicamos toda la informaci\u00f3n de Sonora, M\u00e9xico y el Mundo de manera oportuna y busca que la libertad de expresi\u00f3n sea real. Visita nuestro medio informativo publicado desde Hermosillo, Sonora. %","breadcrumb":{"@id":"https:\/\/www.sonoraenequipo.com.mx\/en-mexico-8-estados-concentran-tasas-mas-altas-de-feminicidios\/#breadcrumb"},"inLanguage":"es","potentialAction":[{"@type":"ReadAction","target":["https:\/\/www.sonoraenequipo.com.mx\/en-mexico-8-estados-concentran-tasas-mas-altas-de-feminicidios\/"]}]},{"@type":"ImageObject","inLanguage":"es","@id":"https:\/\/www.sonoraenequipo.com.mx\/en-mexico-8-estados-concentran-tasas-mas-altas-de-feminicidios\/#primaryimage","url":"https:\/\/www.sonoraenequipo.com.mx\/storage\/2021\/06\/rosa-icela-rodriguez-sspc_opt.jpg","contentUrl":"https:\/\/www.sonoraenequipo.com.mx\/storage\/2021\/06\/rosa-icela-rodriguez-sspc_opt.jpg","width":700,"height":400},{"@type":"BreadcrumbList","@id":"https:\/\/www.sonoraenequipo.com.mx\/en-mexico-8-estados-concentran-tasas-mas-altas-de-feminicidios\/#breadcrumb","itemListElement":[{"@type":"ListItem","position":1,"name":"Portada","item":"https:\/\/www.sonoraenequipo.com.mx\/"},{"@type":"ListItem","position":2,"name":"En M\u00e9xico, 8 estados concentran tasas m\u00e1s altas de feminicidios"}]},{"@type":"WebSite","@id":"https:\/\/www.sonoraenequipo.com.mx\/#website","url":"https:\/\/www.sonoraenequipo.com.mx\/","name":"Sonora en Equipo.","description":"Diario en l\u00ednea con Noticias desde Hermosillo, Sonora","publisher":{"@id":"https:\/\/www.sonoraenequipo.com.mx\/#organization"},"potentialAction":[{"@type":"SearchAction","target":{"@type":"EntryPoint","urlTemplate":"https:\/\/www.sonoraenequipo.com.mx\/?s={search_term_string}"},"query-input":{"@type":"PropertyValueSpecification","valueRequired":true,"valueName":"search_term_string"}}],"inLanguage":"es"},{"@type":"Organization","@id":"https:\/\/www.sonoraenequipo.com.mx\/#organization","name":"Sonoraenequipo.com.mx","url":"https:\/\/www.sonoraenequipo.com.mx\/","logo":{"@type":"ImageObject","inLanguage":"es","@id":"https:\/\/www.sonoraenequipo.com.mx\/#\/schema\/logo\/image\/","url":"https:\/\/www.sonoraenequipo.com.mx\/storage\/2019\/01\/sonoraenequipo_opt.png","contentUrl":"https:\/\/www.sonoraenequipo.com.mx\/storage\/2019\/01\/sonoraenequipo_opt.png","width":375,"height":125,"caption":"Sonoraenequipo.com.mx"},"image":{"@id":"https:\/\/www.sonoraenequipo.com.mx\/#\/schema\/logo\/image\/"},"sameAs":["https:\/\/www.facebook.com\/SonoraEE\/","https:\/\/x.com\/sonoraenequipo","https:\/\/www.youtube.com\/channel\/UC338nW-lPEYmJQs4ZABQ1SQ"]},{"@type":"Person","@id":"https:\/\/www.sonoraenequipo.com.mx\/#\/schema\/person\/50102df0fb23a8fa9e8effad8fa81386","name":"enequipo","image":{"@type":"ImageObject","inLanguage":"es","@id":"https:\/\/www.sonoraenequipo.com.mx\/#\/schema\/person\/image\/","url":"https:\/\/secure.gravatar.com\/avatar\/049821681b589dabc0bc20695993ccebb09f5b5d4d790cd9251b97faac7c652b?s=96&d=blank&r=g","contentUrl":"https:\/\/secure.gravatar.com\/avatar\/049821681b589dabc0bc20695993ccebb09f5b5d4d790cd9251b97faac7c652b?s=96&d=blank&r=g","caption":"enequipo"},"sameAs":["https:\/\/www.facebook.com\/SonoraEE"]}]}},"jetpack_featured_media_url":"https:\/\/www.sonoraenequipo.com.mx\/storage\/2021\/06\/rosa-icela-rodriguez-sspc_opt.jpg","_links":{"self":[{"href":"https:\/\/www.sonoraenequipo.com.mx\/api\/wp\/v2\/posts\/117323","targetHints":{"allow":["GET"]}}],"collection":[{"href":"https:\/\/www.sonoraenequipo.com.mx\/api\/wp\/v2\/posts"}],"about":[{"href":"https:\/\/www.sonoraenequipo.com.mx\/api\/wp\/v2\/types\/post"}],"author":[{"embeddable":true,"href":"https:\/\/www.sonoraenequipo.com.mx\/api\/wp\/v2\/users\/1"}],"replies":[{"embeddable":true,"href":"https:\/\/www.sonoraenequipo.com.mx\/api\/wp\/v2\/comments?post=117323"}],"version-history":[{"count":1,"href":"https:\/\/www.sonoraenequipo.com.mx\/api\/wp\/v2\/posts\/117323\/revisions"}],"predecessor-version":[{"id":117326,"href":"https:\/\/www.sonoraenequipo.com.mx\/api\/wp\/v2\/posts\/117323\/revisions\/117326"}],"wp:featuredmedia":[{"embeddable":true,"href":"https:\/\/www.sonoraenequipo.com.mx\/api\/wp\/v2\/media\/117324"}],"wp:attachment":[{"href":"https:\/\/www.sonoraenequipo.com.mx\/api\/wp\/v2\/media?parent=117323"}],"wp:term":[{"taxonomy":"category","embeddable":true,"href":"https:\/\/www.sonoraenequipo.com.mx\/api\/wp\/v2\/categories?post=117323"},{"taxonomy":"post_tag","embeddable":true,"href":"https:\/\/www.sonoraenequipo.com.mx\/api\/wp\/v2\/tags?post=117323"}],"curies":[{"name":"wp","href":"https:\/\/api.w.org\/{rel}","templated":true}]}}