{"id":117327,"date":"2021-06-28T07:30:23","date_gmt":"2021-06-28T14:30:23","guid":{"rendered":"https:\/\/www.sonoraenequipo.com.mx\/?p=117327"},"modified":"2021-06-28T11:03:53","modified_gmt":"2021-06-28T18:03:53","slug":"registra-sonora-este-dia-227-nuevos-casos-positivos-sin-defunciones","status":"publish","type":"post","link":"https:\/\/www.sonoraenequipo.com.mx\/registra-sonora-este-dia-227-nuevos-casos-positivos-sin-defunciones\/","title":{"rendered":"Registra Sonora este d\u00eda 227 nuevos casos positivos, sin defunciones"},"content":{"rendered":"<p>HERMOSILLO, SONORA. MX. \u2014 Desde\u00a0 el inicio de la vacunaci\u00f3n contra COVID-19 en Sonora, se ha reducido el n\u00famero de defunciones, de ah\u00ed la importancia de aplicarse el biol\u00f3gico y mantener las medidas y protocolos sanitarios, enfatiz\u00f3 Enrique Clausen Iberri, tras informarse que este d\u00eda se reportaron dos decesos y 227 nuevos casos de la enfermedad en Sonora.<\/p>\n<p>&nbsp;<\/p>\n<p> <\/p>\n<p>&nbsp;<\/p>\n<p><em>\u201cLa mortalidad se ha reducido desde que se inici\u00f3 la vacunaci\u00f3n. Entonces, es esencial vacunarte. En Sonora se han aplicado un mill\u00f3n de dosis. Y ya 552 mil 466 personas tienen su esquema completo. La vacuna fue dise\u00f1ada para que no te enfermes gravemente de Coronavirus y te lo dec\u00eda ayer, la mejor arma contra el COVID-19 es la vacuna. Y recuerda, los protocolos sanitarios a\u00fan son necesarios\u201d,<\/em> expres\u00f3 el secretario de Salud.<\/p>\n<p>&nbsp;<\/p>\n<p>Este domingo se confirmaron dos decesos en Sonora, en una mujer y un hombre; ambas personas eran residentes de Hermosillo y derechohabientes del IMSS, acumul\u00e1ndose un total de 6 mil 492 defunciones.<\/p>\n<p>&nbsp;<\/p>\n<p>Asimismo, se registraron 227 nuevos casos en 123 mujeres y 104 hombres, para un total de 78 mil 639 casos en la entidad. De los contagios nuevos, 86 son residentes de Hermosillo, 36 de Cajeme, 18 de Navojoa, 17 de Nogales, 16 de Caborca, 12 de Puerto Pe\u00f1asco, 11 de Huatabampo, 11 de Benito Ju\u00e1rez, 10 de Guaymas, dos de Empalme, dos de Moctezuma, una de Etchojoa, una de San Luis R\u00edo Colorado, una de Agua Prieta, una de B\u00e1cum, una de \u00cdmuris y una de Arivechi.<\/p>\n<p>&nbsp;<\/p>\n<p>Hoy se confirmaron cuatro casos pedi\u00e1tricos, en tres ni\u00f1as y un ni\u00f1o, para un total de mil 544; hoy se confirm\u00f3 un caso en una mujer embarazada, para acumular un total de 544; cinco de los 227 casos fue en trabajadores de la salud de diversas instituciones. Este domingo, nueve pacientes fueron dados de alta y hasta el momento 69 mil 705 personas se han recuperado en la entidad.<\/p>\n<p>&nbsp;<\/p>\n<p>Al momento, se han realizado 142 mil 927 pruebas; se han confirmado 78 mil 639 casos y se han descartado 64 mil 288; en cuadro leve, 8 mil 633; 2 mil 274 activos y 6 mil 359 concluyeron su seguimiento; 63 mil 346 pacientes se han curado y 168 pacientes se encuentran hospitalizados, 24 de ellos estables, 104 graves y 40 cr\u00edticos.<\/p>\n<p>&nbsp;<\/p>\n<h3>Casos COVID-19 en Sonora 78,639 casos confirmados y 6,492 defunciones<\/h3>\n<p><strong>Defunciones registradas 28 de junio de 2021: 2<\/strong><\/p>\n<p>Hermosillo: 2<\/p>\n<p>Mujeres: 1\/ Hombres: 1<\/p>\n<p>Instituci\u00f3n M\u00e9dica<\/p>\n<p>IMSS: 2<\/p>\n<p><strong>Casos confirmados 28 de junio de 2021: 227<\/strong><\/p>\n<p>Hermosillo: 86<\/p>\n<p>Cajeme: 36<\/p>\n<p>Navojoa: 18<\/p>\n<p>Nogales: 17<\/p>\n<p>Caborca: 16<\/p>\n<p>Puerto Pe\u00f1asco: 12<\/p>\n<p>Huatabampo: 11<\/p>\n<p>Benito Ju\u00e1rez: 11<\/p>\n<p>Guaymas: 10<\/p>\n<p>Empalme: 2<\/p>\n<p>Moctezuma: 2<\/p>\n<p>Etchojoa: 1<\/p>\n<p>San Luis R\u00edo Colorado: 1<\/p>\n<p>Agua Prieta: 1<\/p>\n<p>B\u00e1cum: 1<\/p>\n<p>\u00cdmuris: 1<\/p>\n<p>Arivechi: 1<\/p>\n<p>Mujeres: 120\/ Hombres: 102<\/p>\n<p>Instituci\u00f3n M\u00e9dica<\/p>\n<p>Secretar\u00eda de Salud: 115<\/p>\n<p>IMSS: 93<\/p>\n<p>Isssteson: 17<\/p>\n<p>Issste: 2<\/p>\n<p>Acumulados<\/p>\n<p>Defunciones: 6,492<\/p>\n<p>Hermosillo: 2,128<\/p>\n<p>Cajeme: 1,121<\/p>\n<p>San Luis R\u00edo Colorado: 523<\/p>\n<p>Nogales: 515<\/p>\n<p>Guaymas: 385<\/p>\n<p>Navojoa: 295<\/p>\n<p>Agua Prieta: 226<\/p>\n<p>Caborca: 182<\/p>\n<p>Huatabampo: 156<\/p>\n<p>Empalme: 119<\/p>\n<p>Cananea: 119<\/p>\n<p>Etchojoa: 98<\/p>\n<p>Magdalena: 77<\/p>\n<p>Puerto Pe\u00f1asco: 77<\/p>\n<p>Nacozari de Garc\u00eda: 55<\/p>\n<p>Benito Ju\u00e1rez: 50<\/p>\n<p>Santa Ana: 45<\/p>\n<p>B\u00e1cum: 44<\/p>\n<p>San Ignacio R\u00edo Muerto: 24<\/p>\n<p>\u00cdmuris: 22<\/p>\n<p>Gral. Plutarco El\u00edas Calles: 22<\/p>\n<p>\u00c1lamos: 21<\/p>\n<p>Pitiquito: 20<\/p>\n<p>Fronteras: 17<\/p>\n<p>Cumpas: 16<\/p>\n<p>Naco: 11<\/p>\n<p>Moctezuma: 10<\/p>\n<p>Ures: 9<\/p>\n<p>Rosario: 9<\/p>\n<p>Sahuaripa: 8<\/p>\n<p>Villa Hidalgo: 7<\/p>\n<p>Bavi\u00e1cora: 7<\/p>\n<p>Bacoachi: 7<\/p>\n<p>Altar: 7<\/p>\n<p>Benjam\u00edn Hill: 6<\/p>\n<p>San Miguel de Horcasitas: 5<\/p>\n<p>Aconchi: 5<\/p>\n<p>S\u00e1ric: 4<\/p>\n<p>Ray\u00f3n: 3<\/p>\n<p>Carb\u00f3: 3<\/p>\n<p>Quiriego: 3<\/p>\n<p>Bacerac: 3<\/p>\n<p>Arizpe: 3<\/p>\n<p>Ban\u00e1michi: 3<\/p>\n<p>Bavispe: 2<\/p>\n<p>N\u00e1cori Chico: 2<\/p>\n<p>San Pedro de la Cueva: 2<\/p>\n<p>Arivechi: 2<\/p>\n<p>Cucurpe: 2<\/p>\n<p>Hu\u00e9pac: 2<\/p>\n<p>Tepache: 2<\/p>\n<p>Y\u00e9cora: 2<\/p>\n<p>Opodepe: 1<\/p>\n<p>San Felipe de Jes\u00fas: 1<\/p>\n<p>Granados: 1<\/p>\n<p>Oquitoa: 1<\/p>\n<p>Santa Cruz: 1<\/p>\n<p>Mazat\u00e1n: 1<\/p>\n<p><strong>Mujeres: 2,778\/Hombres: 3,714<\/strong><\/p>\n<p><strong>Instituci\u00f3n M\u00e9dica<\/strong><\/p>\n<p>&nbsp;<\/p>\n<p>IMSS: 4,090<\/p>\n<p>Secretar\u00eda de Salud: 1,831<\/p>\n<p>Isssteson: 422<\/p>\n<p>Issste: 140<\/p>\n<p>Sedena: 5<\/p>\n<p>Semar: 4<\/p>\n<p>&nbsp;<\/p>\n<p><strong>Total de casos confirmados: 78,639<\/strong><\/p>\n<p>Hermosillo: 36,308 municipio con mayor incidencia con un 46% del total.<\/p>\n<p>Cajeme: 11,104 que representan el 14% del total.<\/p>\n<p>Nogales: 4,857 que representan el 6% del total<\/p>\n<p>Guaymas: 3,682 que representan el 5% del total<\/p>\n<p>Navojoa: 3,639<\/p>\n<p>Caborca: 3,609<\/p>\n<p>San Luis R\u00edo Colorado: 3,272<\/p>\n<p>Cananea: 1,946<\/p>\n<p>Huatabampo: 1,566<\/p>\n<p>Empalme: 1,384<\/p>\n<p>Agua Prieta: 1,311<\/p>\n<p>Etchojoa: 727<\/p>\n<p>Magdalena: 643<\/p>\n<p>Puerto Pe\u00f1asco: 601<\/p>\n<p>Santa Ana: 414<\/p>\n<p>Nacozari de Garc\u00eda: 350<\/p>\n<p>\u00c1lamos: 335<\/p>\n<p>Pitiquito: 295<\/p>\n<p>B\u00e1cum: 292<\/p>\n<p>Benito Ju\u00e1rez: 278<\/p>\n<p>Gral. Plutarco El\u00edas Calles: 230<\/p>\n<p>San Ignacio R\u00edo Muerto: 193<\/p>\n<p>Sahuaripa: 155<\/p>\n<p>Bavi\u00e1cora: 133<\/p>\n<p>Altar: 120<\/p>\n<p>\u00cdmuris: 119<\/p>\n<p>Ures: 95<\/p>\n<p>Moctezuma: 87<\/p>\n<p>Cumpas: 77<\/p>\n<p>Rosario: 68<\/p>\n<p>N\u00e1cori Chico: 65<\/p>\n<p>Y\u00e9cora: 57<\/p>\n<p>Bacoachi: 51<\/p>\n<p>Benjam\u00edn Hill: 46<\/p>\n<p>Fronteras: 45<\/p>\n<p>Granados: 43<\/p>\n<p>Naco: 43<\/p>\n<p>Aconchi: 33<\/p>\n<p>Arizpe: 32<\/p>\n<p>S\u00e1ric: 28<\/p>\n<p>Carb\u00f3: 27<\/p>\n<p>Arivechi: 23<\/p>\n<p>San Miguel de Horcasitas: 20<\/p>\n<p>Villa Hidalgo: 16<\/p>\n<p>Trincheras: 14<\/p>\n<p>Ban\u00e1michi: 14<\/p>\n<p>Quiriego: 14<\/p>\n<p>San Pedro de la Cueva: 14<\/p>\n<p>Cucurpe: 13<\/p>\n<p>Ray\u00f3n: 12<\/p>\n<p>Hu\u00e1sabas: 12<\/p>\n<p>Bacanora: 12<\/p>\n<p>Tepache: 11<\/p>\n<p>\u00c1til: 10<\/p>\n<p>Bacerac: 8<\/p>\n<p>Huachinera: 7<\/p>\n<p>Bavispe: 7<\/p>\n<p>Tubutama: 7<\/p>\n<p>Villa Pesqueira: 7<\/p>\n<p>\u00d3navas: 6<\/p>\n<p>San Javier: 6<\/p>\n<p>Divisaderos: 6<\/p>\n<p>Oquitoa: 6<\/p>\n<p>Bacad\u00e9huachi: 5<\/p>\n<p>San Felipe de Jes\u00fas: 5<\/p>\n<p>Hu\u00e9pac: 5<\/p>\n<p>Mazat\u00e1n: 5<\/p>\n<p>Santa Cruz: 4<\/p>\n<p>Opodepe: 4<\/p>\n<p>La Colorada: 2<\/p>\n<p>Soyopa: 2<\/p>\n<p>Suaqui Grande: 1<\/p>\n<p><strong>Mujeres: 42,296\/Hombres: 36,343<\/strong><\/p>\n<p><strong>Instituci\u00f3n M\u00e9dica<\/strong><\/p>\n<p>&nbsp;<\/p>\n<p>Secretar\u00eda de Salud: 53,460<\/p>\n<p>IMSS: 17,472<\/p>\n<p>Isssteson: 6,314<\/p>\n<p>Issste: 1,154<\/p>\n<p>Sedena: 224<\/p>\n<p>Semar: 15<\/p>\n<p><strong>Casos estudiados: 142,927<\/strong><\/p>\n<p><strong>Confirmados: 78,639<\/strong><\/p>\n<p><strong>Descartados: 64,288<\/strong><\/p>\n<p><strong>Cuadro leve: 8,633<\/strong><\/p>\n<p><strong>Pacientes activos: 2,274<\/strong><\/p>\n<p><strong>Pacientes en seguimiento terminado: 6,359<\/strong><\/p>\n<p><strong>Curados: 63,346<\/strong><\/p>\n<p><strong>Hospitalizados: 168<\/strong><\/p>\n<p><strong>Estables: 24<\/strong><\/p>\n<p><strong>Graves: 100<\/strong><\/p>\n<p><strong>Pacientes graves con ventilaci\u00f3n mec\u00e1nica invasiva: 40<\/strong><\/p>\n<p>&nbsp;<\/p>\n<p>(Publicada el 28\/06\/2021)<\/p>\n","protected":false},"excerpt":{"rendered":"<p>HERMOSILLO, SONORA. MX. \u2014 Desde\u00a0 el inicio de la vacunaci\u00f3n contra COVID-19 en Sonora, se&#8230;<\/p>\n","protected":false},"author":1,"featured_media":117320,"comment_status":"open","ping_status":"open","sticky":false,"template":"","format":"standard","meta":{"_monsterinsights_skip_tracking":false,"_monsterinsights_sitenote_active":false,"_monsterinsights_sitenote_note":"","_monsterinsights_sitenote_category":0,"footnotes":""},"categories":[22],"tags":[],"class_list":["post"],"yoast_head":" \n<title>Sonora en Equipo. Registra Sonora este d\u00eda 227 nuevos casos positivos, sin defunciones Sonora<\/title>\n<meta name=\"description\" content=\"HERMOSILLO, SONORA. MX. \u2014 Desde\u00a0 el inicio de la vacunaci\u00f3n contra COVID-19 en Sonora, se ha reducido el n\u00famero de defunciones, de ah\u00ed la importancia de En Sonora en Equipo publicamos toda la informaci\u00f3n de Sonora, M\u00e9xico y el Mundo de manera oportuna y busca que la libertad de expresi\u00f3n sea real. Visita nuestro medio informativo publicado desde Hermosillo, Sonora. %\" \/>\n<meta name=\"robots\" content=\"index, follow, max-snippet:-1, max-image-preview:large, max-video-preview:-1\" \/>\n<link rel=\"canonical\" href=\"https:\/\/www.sonoraenequipo.com.mx\/registra-sonora-este-dia-227-nuevos-casos-positivos-sin-defunciones\/\" \/>\n<meta property=\"og:locale\" content=\"es_ES\" \/>\n<meta property=\"og:type\" content=\"article\" \/>\n<meta property=\"og:title\" content=\"Sonora en Equipo. Registra Sonora este d\u00eda 227 nuevos casos positivos, sin defunciones Sonora\" \/>\n<meta property=\"og:description\" content=\"HERMOSILLO, SONORA. MX. \u2014 Desde\u00a0 el inicio de la vacunaci\u00f3n contra COVID-19 en Sonora, se ha reducido el n\u00famero de defunciones, de ah\u00ed la importancia de En Sonora en Equipo publicamos toda la informaci\u00f3n de Sonora, M\u00e9xico y el Mundo de manera oportuna y busca que la libertad de expresi\u00f3n sea real. Visita nuestro medio informativo publicado desde Hermosillo, Sonora. %\" \/>\n<meta property=\"og:url\" content=\"https:\/\/www.sonoraenequipo.com.mx\/registra-sonora-este-dia-227-nuevos-casos-positivos-sin-defunciones\/\" \/>\n<meta property=\"og:site_name\" content=\"Sonora en Equipo.\" \/>\n<meta property=\"article:publisher\" content=\"https:\/\/www.facebook.com\/SonoraEE\/\" \/>\n<meta property=\"article:author\" content=\"https:\/\/www.facebook.com\/SonoraEE\" \/>\n<meta property=\"article:published_time\" content=\"2021-06-28T14:30:23+00:00\" \/>\n<meta property=\"article:modified_time\" content=\"2021-06-28T18:03:53+00:00\" \/>\n<meta property=\"og:image\" content=\"https:\/\/www.sonoraenequipo.com.mx\/storage\/2021\/06\/defunciones-2706_opt.jpg\" \/>\n\t<meta property=\"og:image:width\" content=\"700\" \/>\n\t<meta property=\"og:image:height\" content=\"400\" \/>\n\t<meta property=\"og:image:type\" content=\"image\/jpeg\" \/>\n<meta name=\"author\" content=\"enequipo\" \/>\n<meta name=\"twitter:card\" content=\"summary_large_image\" \/>\n<meta name=\"twitter:creator\" content=\"@sonoraenequipo\" \/>\n<meta name=\"twitter:site\" content=\"@sonoraenequipo\" \/>\n<meta name=\"twitter:label1\" content=\"Escrito por\" \/>\n\t<meta name=\"twitter:data1\" content=\"enequipo\" \/>\n\t<meta name=\"twitter:label2\" content=\"Tiempo de lectura\" \/>\n\t<meta name=\"twitter:data2\" content=\"4 minutos\" \/>\n<script type=\"application\/ld+json\" class=\"yoast-schema-graph\">{\"@context\":\"https:\/\/schema.org\",\"@graph\":[{\"@type\":\"Article\",\"@id\":\"https:\/\/www.sonoraenequipo.com.mx\/registra-sonora-este-dia-227-nuevos-casos-positivos-sin-defunciones\/#article\",\"isPartOf\":{\"@id\":\"https:\/\/www.sonoraenequipo.com.mx\/registra-sonora-este-dia-227-nuevos-casos-positivos-sin-defunciones\/\"},\"author\":{\"name\":\"enequipo\",\"@id\":\"https:\/\/www.sonoraenequipo.com.mx\/#\/schema\/person\/50102df0fb23a8fa9e8effad8fa81386\"},\"headline\":\"Registra Sonora este d\u00eda 227 nuevos casos positivos, sin defunciones\",\"datePublished\":\"2021-06-28T14:30:23+00:00\",\"dateModified\":\"2021-06-28T18:03:53+00:00\",\"mainEntityOfPage\":{\"@id\":\"https:\/\/www.sonoraenequipo.com.mx\/registra-sonora-este-dia-227-nuevos-casos-positivos-sin-defunciones\/\"},\"wordCount\":756,\"commentCount\":0,\"publisher\":{\"@id\":\"https:\/\/www.sonoraenequipo.com.mx\/#organization\"},\"image\":{\"@id\":\"https:\/\/www.sonoraenequipo.com.mx\/registra-sonora-este-dia-227-nuevos-casos-positivos-sin-defunciones\/#primaryimage\"},\"thumbnailUrl\":\"https:\/\/www.sonoraenequipo.com.mx\/storage\/2021\/06\/defunciones-2706_opt.jpg\",\"articleSection\":[\"Sonora\"],\"inLanguage\":\"es\",\"potentialAction\":[{\"@type\":\"CommentAction\",\"name\":\"Comment\",\"target\":[\"https:\/\/www.sonoraenequipo.com.mx\/registra-sonora-este-dia-227-nuevos-casos-positivos-sin-defunciones\/#respond\"]}]},{\"@type\":\"WebPage\",\"@id\":\"https:\/\/www.sonoraenequipo.com.mx\/registra-sonora-este-dia-227-nuevos-casos-positivos-sin-defunciones\/\",\"url\":\"https:\/\/www.sonoraenequipo.com.mx\/registra-sonora-este-dia-227-nuevos-casos-positivos-sin-defunciones\/\",\"name\":\"Sonora en Equipo. Registra Sonora este d\u00eda 227 nuevos casos positivos, sin defunciones Sonora\",\"isPartOf\":{\"@id\":\"https:\/\/www.sonoraenequipo.com.mx\/#website\"},\"primaryImageOfPage\":{\"@id\":\"https:\/\/www.sonoraenequipo.com.mx\/registra-sonora-este-dia-227-nuevos-casos-positivos-sin-defunciones\/#primaryimage\"},\"image\":{\"@id\":\"https:\/\/www.sonoraenequipo.com.mx\/registra-sonora-este-dia-227-nuevos-casos-positivos-sin-defunciones\/#primaryimage\"},\"thumbnailUrl\":\"https:\/\/www.sonoraenequipo.com.mx\/storage\/2021\/06\/defunciones-2706_opt.jpg\",\"datePublished\":\"2021-06-28T14:30:23+00:00\",\"dateModified\":\"2021-06-28T18:03:53+00:00\",\"description\":\"HERMOSILLO, SONORA. MX. \u2014 Desde\u00a0 el inicio de la vacunaci\u00f3n contra COVID-19 en Sonora, se ha reducido el n\u00famero de defunciones, de ah\u00ed la importancia de En Sonora en Equipo publicamos toda la informaci\u00f3n de Sonora, M\u00e9xico y el Mundo de manera oportuna y busca que la libertad de expresi\u00f3n sea real. Visita nuestro medio informativo publicado desde Hermosillo, Sonora. %\",\"breadcrumb\":{\"@id\":\"https:\/\/www.sonoraenequipo.com.mx\/registra-sonora-este-dia-227-nuevos-casos-positivos-sin-defunciones\/#breadcrumb\"},\"inLanguage\":\"es\",\"potentialAction\":[{\"@type\":\"ReadAction\",\"target\":[\"https:\/\/www.sonoraenequipo.com.mx\/registra-sonora-este-dia-227-nuevos-casos-positivos-sin-defunciones\/\"]}]},{\"@type\":\"ImageObject\",\"inLanguage\":\"es\",\"@id\":\"https:\/\/www.sonoraenequipo.com.mx\/registra-sonora-este-dia-227-nuevos-casos-positivos-sin-defunciones\/#primaryimage\",\"url\":\"https:\/\/www.sonoraenequipo.com.mx\/storage\/2021\/06\/defunciones-2706_opt.jpg\",\"contentUrl\":\"https:\/\/www.sonoraenequipo.com.mx\/storage\/2021\/06\/defunciones-2706_opt.jpg\",\"width\":700,\"height\":400},{\"@type\":\"BreadcrumbList\",\"@id\":\"https:\/\/www.sonoraenequipo.com.mx\/registra-sonora-este-dia-227-nuevos-casos-positivos-sin-defunciones\/#breadcrumb\",\"itemListElement\":[{\"@type\":\"ListItem\",\"position\":1,\"name\":\"Portada\",\"item\":\"https:\/\/www.sonoraenequipo.com.mx\/\"},{\"@type\":\"ListItem\",\"position\":2,\"name\":\"Registra Sonora este d\u00eda 227 nuevos casos positivos, sin defunciones\"}]},{\"@type\":\"WebSite\",\"@id\":\"https:\/\/www.sonoraenequipo.com.mx\/#website\",\"url\":\"https:\/\/www.sonoraenequipo.com.mx\/\",\"name\":\"Sonora en Equipo.\",\"description\":\"Diario en l\u00ednea con Noticias desde Hermosillo, Sonora\",\"publisher\":{\"@id\":\"https:\/\/www.sonoraenequipo.com.mx\/#organization\"},\"potentialAction\":[{\"@type\":\"SearchAction\",\"target\":{\"@type\":\"EntryPoint\",\"urlTemplate\":\"https:\/\/www.sonoraenequipo.com.mx\/?s={search_term_string}\"},\"query-input\":{\"@type\":\"PropertyValueSpecification\",\"valueRequired\":true,\"valueName\":\"search_term_string\"}}],\"inLanguage\":\"es\"},{\"@type\":\"Organization\",\"@id\":\"https:\/\/www.sonoraenequipo.com.mx\/#organization\",\"name\":\"Sonoraenequipo.com.mx\",\"url\":\"https:\/\/www.sonoraenequipo.com.mx\/\",\"logo\":{\"@type\":\"ImageObject\",\"inLanguage\":\"es\",\"@id\":\"https:\/\/www.sonoraenequipo.com.mx\/#\/schema\/logo\/image\/\",\"url\":\"https:\/\/www.sonoraenequipo.com.mx\/storage\/2019\/01\/sonoraenequipo_opt.png\",\"contentUrl\":\"https:\/\/www.sonoraenequipo.com.mx\/storage\/2019\/01\/sonoraenequipo_opt.png\",\"width\":375,\"height\":125,\"caption\":\"Sonoraenequipo.com.mx\"},\"image\":{\"@id\":\"https:\/\/www.sonoraenequipo.com.mx\/#\/schema\/logo\/image\/\"},\"sameAs\":[\"https:\/\/www.facebook.com\/SonoraEE\/\",\"https:\/\/x.com\/sonoraenequipo\",\"https:\/\/www.youtube.com\/channel\/UC338nW-lPEYmJQs4ZABQ1SQ\"]},{\"@type\":\"Person\",\"@id\":\"https:\/\/www.sonoraenequipo.com.mx\/#\/schema\/person\/50102df0fb23a8fa9e8effad8fa81386\",\"name\":\"enequipo\",\"image\":{\"@type\":\"ImageObject\",\"inLanguage\":\"es\",\"@id\":\"https:\/\/www.sonoraenequipo.com.mx\/#\/schema\/person\/image\/\",\"url\":\"https:\/\/secure.gravatar.com\/avatar\/049821681b589dabc0bc20695993ccebb09f5b5d4d790cd9251b97faac7c652b?s=96&d=blank&r=g\",\"contentUrl\":\"https:\/\/secure.gravatar.com\/avatar\/049821681b589dabc0bc20695993ccebb09f5b5d4d790cd9251b97faac7c652b?s=96&d=blank&r=g\",\"caption\":\"enequipo\"},\"sameAs\":[\"https:\/\/www.facebook.com\/SonoraEE\"]}]}<\/script>\n ","yoast_head_json":{"title":"Sonora en Equipo. Registra Sonora este d\u00eda 227 nuevos casos positivos, sin defunciones Sonora","description":"HERMOSILLO, SONORA. MX. \u2014 Desde\u00a0 el inicio de la vacunaci\u00f3n contra COVID-19 en Sonora, se ha reducido el n\u00famero de defunciones, de ah\u00ed la importancia de En Sonora en Equipo publicamos toda la informaci\u00f3n de Sonora, M\u00e9xico y el Mundo de manera oportuna y busca que la libertad de expresi\u00f3n sea real. Visita nuestro medio informativo publicado desde Hermosillo, Sonora. %","robots":{"index":"index","follow":"follow","max-snippet":"max-snippet:-1","max-image-preview":"max-image-preview:large","max-video-preview":"max-video-preview:-1"},"canonical":"https:\/\/www.sonoraenequipo.com.mx\/registra-sonora-este-dia-227-nuevos-casos-positivos-sin-defunciones\/","og_locale":"es_ES","og_type":"article","og_title":"Sonora en Equipo. Registra Sonora este d\u00eda 227 nuevos casos positivos, sin defunciones Sonora","og_description":"HERMOSILLO, SONORA. MX. \u2014 Desde\u00a0 el inicio de la vacunaci\u00f3n contra COVID-19 en Sonora, se ha reducido el n\u00famero de defunciones, de ah\u00ed la importancia de En Sonora en Equipo publicamos toda la informaci\u00f3n de Sonora, M\u00e9xico y el Mundo de manera oportuna y busca que la libertad de expresi\u00f3n sea real. Visita nuestro medio informativo publicado desde Hermosillo, Sonora. %","og_url":"https:\/\/www.sonoraenequipo.com.mx\/registra-sonora-este-dia-227-nuevos-casos-positivos-sin-defunciones\/","og_site_name":"Sonora en Equipo.","article_publisher":"https:\/\/www.facebook.com\/SonoraEE\/","article_author":"https:\/\/www.facebook.com\/SonoraEE","article_published_time":"2021-06-28T14:30:23+00:00","article_modified_time":"2021-06-28T18:03:53+00:00","og_image":[{"width":700,"height":400,"url":"https:\/\/www.sonoraenequipo.com.mx\/storage\/2021\/06\/defunciones-2706_opt.jpg","type":"image\/jpeg"}],"author":"enequipo","twitter_card":"summary_large_image","twitter_creator":"@sonoraenequipo","twitter_site":"@sonoraenequipo","twitter_misc":{"Escrito por":"enequipo","Tiempo de lectura":"4 minutos"},"schema":{"@context":"https:\/\/schema.org","@graph":[{"@type":"Article","@id":"https:\/\/www.sonoraenequipo.com.mx\/registra-sonora-este-dia-227-nuevos-casos-positivos-sin-defunciones\/#article","isPartOf":{"@id":"https:\/\/www.sonoraenequipo.com.mx\/registra-sonora-este-dia-227-nuevos-casos-positivos-sin-defunciones\/"},"author":{"name":"enequipo","@id":"https:\/\/www.sonoraenequipo.com.mx\/#\/schema\/person\/50102df0fb23a8fa9e8effad8fa81386"},"headline":"Registra Sonora este d\u00eda 227 nuevos casos positivos, sin defunciones","datePublished":"2021-06-28T14:30:23+00:00","dateModified":"2021-06-28T18:03:53+00:00","mainEntityOfPage":{"@id":"https:\/\/www.sonoraenequipo.com.mx\/registra-sonora-este-dia-227-nuevos-casos-positivos-sin-defunciones\/"},"wordCount":756,"commentCount":0,"publisher":{"@id":"https:\/\/www.sonoraenequipo.com.mx\/#organization"},"image":{"@id":"https:\/\/www.sonoraenequipo.com.mx\/registra-sonora-este-dia-227-nuevos-casos-positivos-sin-defunciones\/#primaryimage"},"thumbnailUrl":"https:\/\/www.sonoraenequipo.com.mx\/storage\/2021\/06\/defunciones-2706_opt.jpg","articleSection":["Sonora"],"inLanguage":"es","potentialAction":[{"@type":"CommentAction","name":"Comment","target":["https:\/\/www.sonoraenequipo.com.mx\/registra-sonora-este-dia-227-nuevos-casos-positivos-sin-defunciones\/#respond"]}]},{"@type":"WebPage","@id":"https:\/\/www.sonoraenequipo.com.mx\/registra-sonora-este-dia-227-nuevos-casos-positivos-sin-defunciones\/","url":"https:\/\/www.sonoraenequipo.com.mx\/registra-sonora-este-dia-227-nuevos-casos-positivos-sin-defunciones\/","name":"Sonora en Equipo. Registra Sonora este d\u00eda 227 nuevos casos positivos, sin defunciones Sonora","isPartOf":{"@id":"https:\/\/www.sonoraenequipo.com.mx\/#website"},"primaryImageOfPage":{"@id":"https:\/\/www.sonoraenequipo.com.mx\/registra-sonora-este-dia-227-nuevos-casos-positivos-sin-defunciones\/#primaryimage"},"image":{"@id":"https:\/\/www.sonoraenequipo.com.mx\/registra-sonora-este-dia-227-nuevos-casos-positivos-sin-defunciones\/#primaryimage"},"thumbnailUrl":"https:\/\/www.sonoraenequipo.com.mx\/storage\/2021\/06\/defunciones-2706_opt.jpg","datePublished":"2021-06-28T14:30:23+00:00","dateModified":"2021-06-28T18:03:53+00:00","description":"HERMOSILLO, SONORA. MX. \u2014 Desde\u00a0 el inicio de la vacunaci\u00f3n contra COVID-19 en Sonora, se ha reducido el n\u00famero de defunciones, de ah\u00ed la importancia de En Sonora en Equipo publicamos toda la informaci\u00f3n de Sonora, M\u00e9xico y el Mundo de manera oportuna y busca que la libertad de expresi\u00f3n sea real. Visita nuestro medio informativo publicado desde Hermosillo, Sonora. %","breadcrumb":{"@id":"https:\/\/www.sonoraenequipo.com.mx\/registra-sonora-este-dia-227-nuevos-casos-positivos-sin-defunciones\/#breadcrumb"},"inLanguage":"es","potentialAction":[{"@type":"ReadAction","target":["https:\/\/www.sonoraenequipo.com.mx\/registra-sonora-este-dia-227-nuevos-casos-positivos-sin-defunciones\/"]}]},{"@type":"ImageObject","inLanguage":"es","@id":"https:\/\/www.sonoraenequipo.com.mx\/registra-sonora-este-dia-227-nuevos-casos-positivos-sin-defunciones\/#primaryimage","url":"https:\/\/www.sonoraenequipo.com.mx\/storage\/2021\/06\/defunciones-2706_opt.jpg","contentUrl":"https:\/\/www.sonoraenequipo.com.mx\/storage\/2021\/06\/defunciones-2706_opt.jpg","width":700,"height":400},{"@type":"BreadcrumbList","@id":"https:\/\/www.sonoraenequipo.com.mx\/registra-sonora-este-dia-227-nuevos-casos-positivos-sin-defunciones\/#breadcrumb","itemListElement":[{"@type":"ListItem","position":1,"name":"Portada","item":"https:\/\/www.sonoraenequipo.com.mx\/"},{"@type":"ListItem","position":2,"name":"Registra Sonora este d\u00eda 227 nuevos casos positivos, sin defunciones"}]},{"@type":"WebSite","@id":"https:\/\/www.sonoraenequipo.com.mx\/#website","url":"https:\/\/www.sonoraenequipo.com.mx\/","name":"Sonora en Equipo.","description":"Diario en l\u00ednea con Noticias desde Hermosillo, Sonora","publisher":{"@id":"https:\/\/www.sonoraenequipo.com.mx\/#organization"},"potentialAction":[{"@type":"SearchAction","target":{"@type":"EntryPoint","urlTemplate":"https:\/\/www.sonoraenequipo.com.mx\/?s={search_term_string}"},"query-input":{"@type":"PropertyValueSpecification","valueRequired":true,"valueName":"search_term_string"}}],"inLanguage":"es"},{"@type":"Organization","@id":"https:\/\/www.sonoraenequipo.com.mx\/#organization","name":"Sonoraenequipo.com.mx","url":"https:\/\/www.sonoraenequipo.com.mx\/","logo":{"@type":"ImageObject","inLanguage":"es","@id":"https:\/\/www.sonoraenequipo.com.mx\/#\/schema\/logo\/image\/","url":"https:\/\/www.sonoraenequipo.com.mx\/storage\/2019\/01\/sonoraenequipo_opt.png","contentUrl":"https:\/\/www.sonoraenequipo.com.mx\/storage\/2019\/01\/sonoraenequipo_opt.png","width":375,"height":125,"caption":"Sonoraenequipo.com.mx"},"image":{"@id":"https:\/\/www.sonoraenequipo.com.mx\/#\/schema\/logo\/image\/"},"sameAs":["https:\/\/www.facebook.com\/SonoraEE\/","https:\/\/x.com\/sonoraenequipo","https:\/\/www.youtube.com\/channel\/UC338nW-lPEYmJQs4ZABQ1SQ"]},{"@type":"Person","@id":"https:\/\/www.sonoraenequipo.com.mx\/#\/schema\/person\/50102df0fb23a8fa9e8effad8fa81386","name":"enequipo","image":{"@type":"ImageObject","inLanguage":"es","@id":"https:\/\/www.sonoraenequipo.com.mx\/#\/schema\/person\/image\/","url":"https:\/\/secure.gravatar.com\/avatar\/049821681b589dabc0bc20695993ccebb09f5b5d4d790cd9251b97faac7c652b?s=96&d=blank&r=g","contentUrl":"https:\/\/secure.gravatar.com\/avatar\/049821681b589dabc0bc20695993ccebb09f5b5d4d790cd9251b97faac7c652b?s=96&d=blank&r=g","caption":"enequipo"},"sameAs":["https:\/\/www.facebook.com\/SonoraEE"]}]}},"jetpack_featured_media_url":"https:\/\/www.sonoraenequipo.com.mx\/storage\/2021\/06\/defunciones-2706_opt.jpg","_links":{"self":[{"href":"https:\/\/www.sonoraenequipo.com.mx\/api\/wp\/v2\/posts\/117327","targetHints":{"allow":["GET"]}}],"collection":[{"href":"https:\/\/www.sonoraenequipo.com.mx\/api\/wp\/v2\/posts"}],"about":[{"href":"https:\/\/www.sonoraenequipo.com.mx\/api\/wp\/v2\/types\/post"}],"author":[{"embeddable":true,"href":"https:\/\/www.sonoraenequipo.com.mx\/api\/wp\/v2\/users\/1"}],"replies":[{"embeddable":true,"href":"https:\/\/www.sonoraenequipo.com.mx\/api\/wp\/v2\/comments?post=117327"}],"version-history":[{"count":2,"href":"https:\/\/www.sonoraenequipo.com.mx\/api\/wp\/v2\/posts\/117327\/revisions"}],"predecessor-version":[{"id":117329,"href":"https:\/\/www.sonoraenequipo.com.mx\/api\/wp\/v2\/posts\/117327\/revisions\/117329"}],"wp:featuredmedia":[{"embeddable":true,"href":"https:\/\/www.sonoraenequipo.com.mx\/api\/wp\/v2\/media\/117320"}],"wp:attachment":[{"href":"https:\/\/www.sonoraenequipo.com.mx\/api\/wp\/v2\/media?parent=117327"}],"wp:term":[{"taxonomy":"category","embeddable":true,"href":"https:\/\/www.sonoraenequipo.com.mx\/api\/wp\/v2\/categories?post=117327"},{"taxonomy":"post_tag","embeddable":true,"href":"https:\/\/www.sonoraenequipo.com.mx\/api\/wp\/v2\/tags?post=117327"}],"curies":[{"name":"wp","href":"https:\/\/api.w.org\/{rel}","templated":true}]}}