{"id":117330,"date":"2021-06-28T09:15:52","date_gmt":"2021-06-28T16:15:52","guid":{"rendered":"https:\/\/www.sonoraenequipo.com.mx\/?p=117330"},"modified":"2021-06-28T11:21:58","modified_gmt":"2021-06-28T18:21:58","slug":"notas-sueltas-tiempo-de-reflexiones-impopulares","status":"publish","type":"post","link":"https:\/\/www.sonoraenequipo.com.mx\/notas-sueltas-tiempo-de-reflexiones-impopulares\/","title":{"rendered":"NOTAS SUELTAS. Tiempo de reflexiones impopulares"},"content":{"rendered":"<p style=\"text-align: right;\">\n<em>\u201cNo se debe confundir la verdad con la opini\u00f3n de la mayor\u00eda\u201d<\/em> (Jean Cocteau).<\/p>\n<p>&nbsp;<\/p>\n<p> <\/p>\n<p>&nbsp;<\/p>\n<p>Ante la incertidumbre que sirve de escenario tanto econ\u00f3mico como pol\u00edtico en el estado (y el pa\u00eds, y el continente, y el mundo), muchos optamos por revisar la prensa online, por aquello de los contagios, en busca de la informaci\u00f3n del d\u00eda.<\/p>\n<p>&nbsp;<\/p>\n<p>&nbsp;<\/p>\n<p>Buscamos abrevar en la fuente informativa actualizada al minuto porque camar\u00f3n que se duerme se lo lleva el coronavirus, as\u00ed que una revisi\u00f3n r\u00e1pida forma parte del quehacer cotidiano de muchos habitantes de este deshidratado pueblo que buscan saber si va a llover, si la vacuna funciona, si el n\u00famero de contagios sube, baja o se mantiene estable, si la colonia donde viven es de las m\u00e1s peligrosas.<\/p>\n<p>&nbsp;<\/p>\n<p>&nbsp;<\/p>\n<p>Las pesquisas arrojan resultados de dif\u00edcil procesamiento, habida cuenta la enormidad del pastel informativo, la multiplicidad de las fuentes y la amplitud del abanico editorial: algunos nos informan, otros nos desinforman, aqu\u00e9llos nos atemorizan, \u00e9stos nos despistan y no faltan los que juegan a manipularnos. Aqu\u00ed se impone la calma, la prudencia y algo de sentido del humor.<\/p>\n<p>&nbsp;<\/p>\n<p>&nbsp;<\/p>\n<p>Cada d\u00eda nos enteramos del n\u00famero de muertos y contagiados por el virus de moda; cada hora puede haber un giro informativo sobre la trayectoria de un fen\u00f3meno que, dicen,<em> \u201clleg\u00f3 para quedarse\u201d:<\/em> la epidemia avanza sobre la faz de la tierra y hay per\u00edodos de remisi\u00f3n seguidos de repuntes en el subibaja de la morbimortalidad.<\/p>\n<p>&nbsp;<\/p>\n<p>&nbsp;<\/p>\n<p>Un d\u00eda se abre la actividad comercial y de servicios para a los pocos volver a restringir sus operaciones; se genera empleo precario mientras que se cierran o reducen fuentes de trabajo formales; se aplican medidas de prevenci\u00f3n de contagios y, en otro momento, se relajan las prevenciones.<\/p>\n<p>&nbsp;<\/p>\n<p>&nbsp;<\/p>\n<p>En este subir y bajar semanal o quincenal surgen voces de protesta, de rebeld\u00eda ciudadana, de comodidades afectadas y derechos conculcados por exigencias de la coyuntura: <em>\u201cqu\u00e9 abran las guarder\u00edas\u201d, \u201cque se ampl\u00eden los horarios\u201d, \u201cque nos dejen trabajar\u201d, \u201cque abran las escuelas con las medidas sanitarias del caso\u201d<\/em>, entre otras.<\/p>\n<p>&nbsp;<\/p>\n<p>&nbsp;<\/p>\n<p>Al parecer, la econom\u00eda y la educaci\u00f3n ri\u00f1en con la salud, disputan su espacio o, cuando menos, cuestionan sus decisiones. \u00bfSe abren los negocios a horario completo respetando (sic) los <em>\u201cprotocolos\u201d<\/em> de Salud? \u00bfLos contagios se dan en otra parte y no en los negocios afiliados a la Canaco, Canacope, Canirac o alguna otra benem\u00e9rita organizaci\u00f3n empresarial?<\/p>\n<p>&nbsp;<\/p>\n<p>&nbsp;<\/p>\n<p>\u00bfDentro de los locales empresariales no hay proximidad e interacci\u00f3n riesgosa de personas que ni se conocen? \u00bfLos tapetes <em>\u201csanitizantes\u201d,<\/em> los chorros de gel al entrar, adem\u00e1s del consabido cubrebocas bastan? Mucho <em>\u201cprotocolo\u201d<\/em> y, sin embargo, siguen los contagios.<\/p>\n<p>&nbsp;<\/p>\n<p>&nbsp;<\/p>\n<p>\u00bfLa educaci\u00f3n va a ir de acuerdo con el color del sem\u00e1foro de riesgos? \u00bfSe aprovecha lo mismo en el modo presencial o con plataformas educativas? \u00bfEstamos condenando a una generaci\u00f3n a ser analfabetas funcionales pero buenos en el uso de gifs y emoticones? \u00bfNo es tiempo de reinventar la forma de educar?<\/p>\n<p>&nbsp;<\/p>\n<p>&nbsp;<\/p>\n<p>Las preguntas anteriores solamente son para efecto de ilustrar algo de lo mucho que se dice y que nadie puede asegurar que tiene la respuesta correcta.<\/p>\n<p>&nbsp;<\/p>\n<p>&nbsp;<\/p>\n<p>La b\u00fasqueda informativa ocurre en las redes sociales de manera muy intensa, porque vemos Facebook, Twitter, WhatsApp plagados de noticias, comentarios y rumores que lo mismo se centran en los muertos del coronavirus que en el costo de las vacunas, o en las err\u00e1ticas pistas del origen del virus. \u00bfEs producto de una mutaci\u00f3n natural? \u00bfLo modificaron los chinos de la mano de los gringos que financian el laboratorio de Wuhan? \u00bfEs un experimento fallido ocurrido en busca de una vacuna contra el VIH? \u00bfEs cosa de otro mundo? \u00bfUna maldici\u00f3n gitana? \u00bfUn castigo divino?<\/p>\n<p>&nbsp;<\/p>\n<p>&nbsp;<\/p>\n<p>Si la vacunaci\u00f3n avanza, \u00bfpor qu\u00e9 lo hace tambi\u00e9n el n\u00famero de contagios, en olas inacabables? \u00bfSe establecer\u00e1 oficialmente la necesidad de aplicar m\u00e1s de dos dosis de vacuna mientras se desgastan las hip\u00f3tesis y explicaciones cient\u00edficas actuales sobre la naturaleza del virus y la forma de prevenir su contagio?<\/p>\n<p>&nbsp;<\/p>\n<p>&nbsp;<\/p>\n<p>\u00bfEl mundo est\u00e1 preparado para un cambio radical en la forma de producci\u00f3n y distribuci\u00f3n de alimentos y medicinas? En todo caso, \u00bfla \u00fanica salida es el aislamiento y la utilizaci\u00f3n de plataformas inform\u00e1ticas?<\/p>\n<p>&nbsp;<\/p>\n<p>Lo que parece necesario es reconsiderar la relaci\u00f3n de la humanidad con la naturaleza bajo el supuesto de que los recursos y su sostenibilidad son limitados, por lo que no deben estar sujetos al capricho de particulares, sean empresas o personas, y que no es el Mercado sino el Estado quien debe proveer y velar por la seguridad y el bienestar general de la sociedad, en el marco de leyes que garanticen el bien com\u00fan.<\/p>\n<p>&nbsp;<\/p>\n<p>Desde luego, en esta discusi\u00f3n lo que suele predominar es el ego\u00edsmo, la mala leche del que descalifica a quienes opinan de manera distinta, los estragos de una mala educaci\u00f3n centrada en la autocomplacencia y en la idea de que el \u00e9xito consiste en servirse de los dem\u00e1s para satisfacer las mezquindades personales, y aqu\u00ed vale aclarar que no se trata de que no haya ricos sino de que no haya pobres.<\/p>\n<p>&nbsp;<\/p>\n<p>&nbsp;<\/p>\n<p>Lo anterior es claro: \u00bfc\u00f3mo se puede esperar solidaridad entre personas incapaces de pasar del \u201cyo\u201d al \u201cnosotros\u201d? \u00bfC\u00f3mo se puede esperar generosidad y apoyo entre desiguales si se sostienen y profundizan las diferencias?<\/p>\n<p>&nbsp;<\/p>\n<p>&nbsp;<\/p>\n<p>\u00bfLa epidemia har\u00e1 posible que reflexionemos sobre lo que es verdaderamente importante: el enriquecimiento de las empresas y los complejos financiero-militares, o la vida humana protegida y desarrollada en armon\u00eda con la naturaleza? Podr\u00eda\u2026 pero no somos as\u00ed.<\/p>\n<p>&nbsp;<\/p>\n<p>&nbsp;<\/p>\n<p><a href=\"http:\/\/jdarredondo.blogspot.com\">http:\/\/jdarredondo.blogspot.com<\/a><\/p>\n<p>&nbsp;<\/p>\n<p>(Publicada el 28\/06\/2021)<\/p>\n","protected":false},"excerpt":{"rendered":"<p>\u201cNo se debe confundir la verdad con la opini\u00f3n de la mayor\u00eda\u201d (Jean Cocteau). &nbsp;<\/p>\n","protected":false},"author":8,"featured_media":117219,"comment_status":"open","ping_status":"open","sticky":false,"template":"","format":"standard","meta":{"_monsterinsights_skip_tracking":false,"_monsterinsights_sitenote_active":false,"_monsterinsights_sitenote_note":"","_monsterinsights_sitenote_category":0,"footnotes":""},"categories":[14],"tags":[],"class_list":["post"],"yoast_head":" \n<title>Sonora en Equipo. NOTAS SUELTAS. Tiempo de reflexiones impopulares Voces<\/title>\n<meta name=\"description\" content=\"\u201cNo se debe confundir la verdad con la opini\u00f3n de la mayor\u00eda\u201d (Jean Cocteau). &nbsp; &nbsp; Ante la incertidumbre que sirve de escenario tanto econ\u00f3mico En Sonora en Equipo publicamos toda la informaci\u00f3n de Sonora, M\u00e9xico y el Mundo de manera oportuna y busca que la libertad de expresi\u00f3n sea real. Visita nuestro medio informativo publicado desde Hermosillo, Sonora. %\" \/>\n<meta name=\"robots\" content=\"index, follow, max-snippet:-1, max-image-preview:large, max-video-preview:-1\" \/>\n<link rel=\"canonical\" href=\"https:\/\/www.sonoraenequipo.com.mx\/notas-sueltas-tiempo-de-reflexiones-impopulares\/\" \/>\n<meta property=\"og:locale\" content=\"es_ES\" \/>\n<meta property=\"og:type\" content=\"article\" \/>\n<meta property=\"og:title\" content=\"Sonora en Equipo. NOTAS SUELTAS. Tiempo de reflexiones impopulares Voces\" \/>\n<meta property=\"og:description\" content=\"\u201cNo se debe confundir la verdad con la opini\u00f3n de la mayor\u00eda\u201d (Jean Cocteau). &nbsp; &nbsp; Ante la incertidumbre que sirve de escenario tanto econ\u00f3mico En Sonora en Equipo publicamos toda la informaci\u00f3n de Sonora, M\u00e9xico y el Mundo de manera oportuna y busca que la libertad de expresi\u00f3n sea real. Visita nuestro medio informativo publicado desde Hermosillo, Sonora. %\" \/>\n<meta property=\"og:url\" content=\"https:\/\/www.sonoraenequipo.com.mx\/notas-sueltas-tiempo-de-reflexiones-impopulares\/\" \/>\n<meta property=\"og:site_name\" content=\"Sonora en Equipo.\" \/>\n<meta property=\"article:publisher\" content=\"https:\/\/www.facebook.com\/SonoraEE\/\" \/>\n<meta property=\"article:published_time\" content=\"2021-06-28T16:15:52+00:00\" \/>\n<meta property=\"article:modified_time\" content=\"2021-06-28T18:21:58+00:00\" \/>\n<meta property=\"og:image\" content=\"https:\/\/www.sonoraenequipo.com.mx\/storage\/2021\/06\/issssteson2_opt.jpg\" \/>\n\t<meta property=\"og:image:width\" content=\"700\" \/>\n\t<meta property=\"og:image:height\" content=\"400\" \/>\n\t<meta property=\"og:image:type\" content=\"image\/jpeg\" \/>\n<meta name=\"author\" content=\"Jos\u00e9 Dar\u00edo Arredondo L\u00f3pez\" \/>\n<meta name=\"twitter:card\" content=\"summary_large_image\" \/>\n<meta name=\"twitter:creator\" content=\"@sonoraenequipo\" \/>\n<meta name=\"twitter:site\" content=\"@sonoraenequipo\" \/>\n<meta name=\"twitter:label1\" content=\"Escrito por\" \/>\n\t<meta name=\"twitter:data1\" content=\"Jos\u00e9 Dar\u00edo Arredondo L\u00f3pez\" \/>\n\t<meta name=\"twitter:label2\" content=\"Tiempo de lectura\" \/>\n\t<meta name=\"twitter:data2\" content=\"5 minutos\" \/>\n<script type=\"application\/ld+json\" class=\"yoast-schema-graph\">{\"@context\":\"https:\/\/schema.org\",\"@graph\":[{\"@type\":\"Article\",\"@id\":\"https:\/\/www.sonoraenequipo.com.mx\/notas-sueltas-tiempo-de-reflexiones-impopulares\/#article\",\"isPartOf\":{\"@id\":\"https:\/\/www.sonoraenequipo.com.mx\/notas-sueltas-tiempo-de-reflexiones-impopulares\/\"},\"author\":{\"name\":\"Jos\u00e9 Dar\u00edo Arredondo L\u00f3pez\",\"@id\":\"https:\/\/www.sonoraenequipo.com.mx\/#\/schema\/person\/b2f7d4b3e5504aad00b5aca5d6793968\"},\"headline\":\"NOTAS SUELTAS. Tiempo de reflexiones impopulares\",\"datePublished\":\"2021-06-28T16:15:52+00:00\",\"dateModified\":\"2021-06-28T18:21:58+00:00\",\"mainEntityOfPage\":{\"@id\":\"https:\/\/www.sonoraenequipo.com.mx\/notas-sueltas-tiempo-de-reflexiones-impopulares\/\"},\"wordCount\":1015,\"commentCount\":0,\"publisher\":{\"@id\":\"https:\/\/www.sonoraenequipo.com.mx\/#organization\"},\"image\":{\"@id\":\"https:\/\/www.sonoraenequipo.com.mx\/notas-sueltas-tiempo-de-reflexiones-impopulares\/#primaryimage\"},\"thumbnailUrl\":\"https:\/\/www.sonoraenequipo.com.mx\/storage\/2021\/06\/issssteson2_opt.jpg\",\"articleSection\":[\"Voces\"],\"inLanguage\":\"es\",\"potentialAction\":[{\"@type\":\"CommentAction\",\"name\":\"Comment\",\"target\":[\"https:\/\/www.sonoraenequipo.com.mx\/notas-sueltas-tiempo-de-reflexiones-impopulares\/#respond\"]}]},{\"@type\":\"WebPage\",\"@id\":\"https:\/\/www.sonoraenequipo.com.mx\/notas-sueltas-tiempo-de-reflexiones-impopulares\/\",\"url\":\"https:\/\/www.sonoraenequipo.com.mx\/notas-sueltas-tiempo-de-reflexiones-impopulares\/\",\"name\":\"Sonora en Equipo. NOTAS SUELTAS. Tiempo de reflexiones impopulares Voces\",\"isPartOf\":{\"@id\":\"https:\/\/www.sonoraenequipo.com.mx\/#website\"},\"primaryImageOfPage\":{\"@id\":\"https:\/\/www.sonoraenequipo.com.mx\/notas-sueltas-tiempo-de-reflexiones-impopulares\/#primaryimage\"},\"image\":{\"@id\":\"https:\/\/www.sonoraenequipo.com.mx\/notas-sueltas-tiempo-de-reflexiones-impopulares\/#primaryimage\"},\"thumbnailUrl\":\"https:\/\/www.sonoraenequipo.com.mx\/storage\/2021\/06\/issssteson2_opt.jpg\",\"datePublished\":\"2021-06-28T16:15:52+00:00\",\"dateModified\":\"2021-06-28T18:21:58+00:00\",\"description\":\"\u201cNo se debe confundir la verdad con la opini\u00f3n de la mayor\u00eda\u201d (Jean Cocteau). &nbsp; &nbsp; Ante la incertidumbre que sirve de escenario tanto econ\u00f3mico En Sonora en Equipo publicamos toda la informaci\u00f3n de Sonora, M\u00e9xico y el Mundo de manera oportuna y busca que la libertad de expresi\u00f3n sea real. Visita nuestro medio informativo publicado desde Hermosillo, Sonora. %\",\"breadcrumb\":{\"@id\":\"https:\/\/www.sonoraenequipo.com.mx\/notas-sueltas-tiempo-de-reflexiones-impopulares\/#breadcrumb\"},\"inLanguage\":\"es\",\"potentialAction\":[{\"@type\":\"ReadAction\",\"target\":[\"https:\/\/www.sonoraenequipo.com.mx\/notas-sueltas-tiempo-de-reflexiones-impopulares\/\"]}]},{\"@type\":\"ImageObject\",\"inLanguage\":\"es\",\"@id\":\"https:\/\/www.sonoraenequipo.com.mx\/notas-sueltas-tiempo-de-reflexiones-impopulares\/#primaryimage\",\"url\":\"https:\/\/www.sonoraenequipo.com.mx\/storage\/2021\/06\/issssteson2_opt.jpg\",\"contentUrl\":\"https:\/\/www.sonoraenequipo.com.mx\/storage\/2021\/06\/issssteson2_opt.jpg\",\"width\":700,\"height\":400},{\"@type\":\"BreadcrumbList\",\"@id\":\"https:\/\/www.sonoraenequipo.com.mx\/notas-sueltas-tiempo-de-reflexiones-impopulares\/#breadcrumb\",\"itemListElement\":[{\"@type\":\"ListItem\",\"position\":1,\"name\":\"Portada\",\"item\":\"https:\/\/www.sonoraenequipo.com.mx\/\"},{\"@type\":\"ListItem\",\"position\":2,\"name\":\"NOTAS SUELTAS. Tiempo de reflexiones impopulares\"}]},{\"@type\":\"WebSite\",\"@id\":\"https:\/\/www.sonoraenequipo.com.mx\/#website\",\"url\":\"https:\/\/www.sonoraenequipo.com.mx\/\",\"name\":\"Sonora en Equipo.\",\"description\":\"Diario en l\u00ednea con Noticias desde Hermosillo, Sonora\",\"publisher\":{\"@id\":\"https:\/\/www.sonoraenequipo.com.mx\/#organization\"},\"potentialAction\":[{\"@type\":\"SearchAction\",\"target\":{\"@type\":\"EntryPoint\",\"urlTemplate\":\"https:\/\/www.sonoraenequipo.com.mx\/?s={search_term_string}\"},\"query-input\":{\"@type\":\"PropertyValueSpecification\",\"valueRequired\":true,\"valueName\":\"search_term_string\"}}],\"inLanguage\":\"es\"},{\"@type\":\"Organization\",\"@id\":\"https:\/\/www.sonoraenequipo.com.mx\/#organization\",\"name\":\"Sonoraenequipo.com.mx\",\"url\":\"https:\/\/www.sonoraenequipo.com.mx\/\",\"logo\":{\"@type\":\"ImageObject\",\"inLanguage\":\"es\",\"@id\":\"https:\/\/www.sonoraenequipo.com.mx\/#\/schema\/logo\/image\/\",\"url\":\"https:\/\/www.sonoraenequipo.com.mx\/storage\/2019\/01\/sonoraenequipo_opt.png\",\"contentUrl\":\"https:\/\/www.sonoraenequipo.com.mx\/storage\/2019\/01\/sonoraenequipo_opt.png\",\"width\":375,\"height\":125,\"caption\":\"Sonoraenequipo.com.mx\"},\"image\":{\"@id\":\"https:\/\/www.sonoraenequipo.com.mx\/#\/schema\/logo\/image\/\"},\"sameAs\":[\"https:\/\/www.facebook.com\/SonoraEE\/\",\"https:\/\/x.com\/sonoraenequipo\",\"https:\/\/www.youtube.com\/channel\/UC338nW-lPEYmJQs4ZABQ1SQ\"]},{\"@type\":\"Person\",\"@id\":\"https:\/\/www.sonoraenequipo.com.mx\/#\/schema\/person\/b2f7d4b3e5504aad00b5aca5d6793968\",\"name\":\"Jos\u00e9 Dar\u00edo Arredondo L\u00f3pez\",\"image\":{\"@type\":\"ImageObject\",\"inLanguage\":\"es\",\"@id\":\"https:\/\/www.sonoraenequipo.com.mx\/#\/schema\/person\/image\/\",\"url\":\"https:\/\/secure.gravatar.com\/avatar\/f2045d0fa3f125a8f9d8560826b10fdcf77b66c7124667565c680e91be13a925?s=96&d=blank&r=g\",\"contentUrl\":\"https:\/\/secure.gravatar.com\/avatar\/f2045d0fa3f125a8f9d8560826b10fdcf77b66c7124667565c680e91be13a925?s=96&d=blank&r=g\",\"caption\":\"Jos\u00e9 Dar\u00edo Arredondo L\u00f3pez\"},\"sameAs\":[\"http:\/\/sonoraenequipo.com.mx\"]}]}<\/script>\n ","yoast_head_json":{"title":"Sonora en Equipo. NOTAS SUELTAS. Tiempo de reflexiones impopulares Voces","description":"\u201cNo se debe confundir la verdad con la opini\u00f3n de la mayor\u00eda\u201d (Jean Cocteau). &nbsp; &nbsp; Ante la incertidumbre que sirve de escenario tanto econ\u00f3mico En Sonora en Equipo publicamos toda la informaci\u00f3n de Sonora, M\u00e9xico y el Mundo de manera oportuna y busca que la libertad de expresi\u00f3n sea real. Visita nuestro medio informativo publicado desde Hermosillo, Sonora. %","robots":{"index":"index","follow":"follow","max-snippet":"max-snippet:-1","max-image-preview":"max-image-preview:large","max-video-preview":"max-video-preview:-1"},"canonical":"https:\/\/www.sonoraenequipo.com.mx\/notas-sueltas-tiempo-de-reflexiones-impopulares\/","og_locale":"es_ES","og_type":"article","og_title":"Sonora en Equipo. NOTAS SUELTAS. Tiempo de reflexiones impopulares Voces","og_description":"\u201cNo se debe confundir la verdad con la opini\u00f3n de la mayor\u00eda\u201d (Jean Cocteau). &nbsp; &nbsp; Ante la incertidumbre que sirve de escenario tanto econ\u00f3mico En Sonora en Equipo publicamos toda la informaci\u00f3n de Sonora, M\u00e9xico y el Mundo de manera oportuna y busca que la libertad de expresi\u00f3n sea real. Visita nuestro medio informativo publicado desde Hermosillo, Sonora. %","og_url":"https:\/\/www.sonoraenequipo.com.mx\/notas-sueltas-tiempo-de-reflexiones-impopulares\/","og_site_name":"Sonora en Equipo.","article_publisher":"https:\/\/www.facebook.com\/SonoraEE\/","article_published_time":"2021-06-28T16:15:52+00:00","article_modified_time":"2021-06-28T18:21:58+00:00","og_image":[{"width":700,"height":400,"url":"https:\/\/www.sonoraenequipo.com.mx\/storage\/2021\/06\/issssteson2_opt.jpg","type":"image\/jpeg"}],"author":"Jos\u00e9 Dar\u00edo Arredondo L\u00f3pez","twitter_card":"summary_large_image","twitter_creator":"@sonoraenequipo","twitter_site":"@sonoraenequipo","twitter_misc":{"Escrito por":"Jos\u00e9 Dar\u00edo Arredondo L\u00f3pez","Tiempo de lectura":"5 minutos"},"schema":{"@context":"https:\/\/schema.org","@graph":[{"@type":"Article","@id":"https:\/\/www.sonoraenequipo.com.mx\/notas-sueltas-tiempo-de-reflexiones-impopulares\/#article","isPartOf":{"@id":"https:\/\/www.sonoraenequipo.com.mx\/notas-sueltas-tiempo-de-reflexiones-impopulares\/"},"author":{"name":"Jos\u00e9 Dar\u00edo Arredondo L\u00f3pez","@id":"https:\/\/www.sonoraenequipo.com.mx\/#\/schema\/person\/b2f7d4b3e5504aad00b5aca5d6793968"},"headline":"NOTAS SUELTAS. Tiempo de reflexiones impopulares","datePublished":"2021-06-28T16:15:52+00:00","dateModified":"2021-06-28T18:21:58+00:00","mainEntityOfPage":{"@id":"https:\/\/www.sonoraenequipo.com.mx\/notas-sueltas-tiempo-de-reflexiones-impopulares\/"},"wordCount":1015,"commentCount":0,"publisher":{"@id":"https:\/\/www.sonoraenequipo.com.mx\/#organization"},"image":{"@id":"https:\/\/www.sonoraenequipo.com.mx\/notas-sueltas-tiempo-de-reflexiones-impopulares\/#primaryimage"},"thumbnailUrl":"https:\/\/www.sonoraenequipo.com.mx\/storage\/2021\/06\/issssteson2_opt.jpg","articleSection":["Voces"],"inLanguage":"es","potentialAction":[{"@type":"CommentAction","name":"Comment","target":["https:\/\/www.sonoraenequipo.com.mx\/notas-sueltas-tiempo-de-reflexiones-impopulares\/#respond"]}]},{"@type":"WebPage","@id":"https:\/\/www.sonoraenequipo.com.mx\/notas-sueltas-tiempo-de-reflexiones-impopulares\/","url":"https:\/\/www.sonoraenequipo.com.mx\/notas-sueltas-tiempo-de-reflexiones-impopulares\/","name":"Sonora en Equipo. NOTAS SUELTAS. Tiempo de reflexiones impopulares Voces","isPartOf":{"@id":"https:\/\/www.sonoraenequipo.com.mx\/#website"},"primaryImageOfPage":{"@id":"https:\/\/www.sonoraenequipo.com.mx\/notas-sueltas-tiempo-de-reflexiones-impopulares\/#primaryimage"},"image":{"@id":"https:\/\/www.sonoraenequipo.com.mx\/notas-sueltas-tiempo-de-reflexiones-impopulares\/#primaryimage"},"thumbnailUrl":"https:\/\/www.sonoraenequipo.com.mx\/storage\/2021\/06\/issssteson2_opt.jpg","datePublished":"2021-06-28T16:15:52+00:00","dateModified":"2021-06-28T18:21:58+00:00","description":"\u201cNo se debe confundir la verdad con la opini\u00f3n de la mayor\u00eda\u201d (Jean Cocteau). &nbsp; &nbsp; Ante la incertidumbre que sirve de escenario tanto econ\u00f3mico En Sonora en Equipo publicamos toda la informaci\u00f3n de Sonora, M\u00e9xico y el Mundo de manera oportuna y busca que la libertad de expresi\u00f3n sea real. Visita nuestro medio informativo publicado desde Hermosillo, Sonora. %","breadcrumb":{"@id":"https:\/\/www.sonoraenequipo.com.mx\/notas-sueltas-tiempo-de-reflexiones-impopulares\/#breadcrumb"},"inLanguage":"es","potentialAction":[{"@type":"ReadAction","target":["https:\/\/www.sonoraenequipo.com.mx\/notas-sueltas-tiempo-de-reflexiones-impopulares\/"]}]},{"@type":"ImageObject","inLanguage":"es","@id":"https:\/\/www.sonoraenequipo.com.mx\/notas-sueltas-tiempo-de-reflexiones-impopulares\/#primaryimage","url":"https:\/\/www.sonoraenequipo.com.mx\/storage\/2021\/06\/issssteson2_opt.jpg","contentUrl":"https:\/\/www.sonoraenequipo.com.mx\/storage\/2021\/06\/issssteson2_opt.jpg","width":700,"height":400},{"@type":"BreadcrumbList","@id":"https:\/\/www.sonoraenequipo.com.mx\/notas-sueltas-tiempo-de-reflexiones-impopulares\/#breadcrumb","itemListElement":[{"@type":"ListItem","position":1,"name":"Portada","item":"https:\/\/www.sonoraenequipo.com.mx\/"},{"@type":"ListItem","position":2,"name":"NOTAS SUELTAS. Tiempo de reflexiones impopulares"}]},{"@type":"WebSite","@id":"https:\/\/www.sonoraenequipo.com.mx\/#website","url":"https:\/\/www.sonoraenequipo.com.mx\/","name":"Sonora en Equipo.","description":"Diario en l\u00ednea con Noticias desde Hermosillo, Sonora","publisher":{"@id":"https:\/\/www.sonoraenequipo.com.mx\/#organization"},"potentialAction":[{"@type":"SearchAction","target":{"@type":"EntryPoint","urlTemplate":"https:\/\/www.sonoraenequipo.com.mx\/?s={search_term_string}"},"query-input":{"@type":"PropertyValueSpecification","valueRequired":true,"valueName":"search_term_string"}}],"inLanguage":"es"},{"@type":"Organization","@id":"https:\/\/www.sonoraenequipo.com.mx\/#organization","name":"Sonoraenequipo.com.mx","url":"https:\/\/www.sonoraenequipo.com.mx\/","logo":{"@type":"ImageObject","inLanguage":"es","@id":"https:\/\/www.sonoraenequipo.com.mx\/#\/schema\/logo\/image\/","url":"https:\/\/www.sonoraenequipo.com.mx\/storage\/2019\/01\/sonoraenequipo_opt.png","contentUrl":"https:\/\/www.sonoraenequipo.com.mx\/storage\/2019\/01\/sonoraenequipo_opt.png","width":375,"height":125,"caption":"Sonoraenequipo.com.mx"},"image":{"@id":"https:\/\/www.sonoraenequipo.com.mx\/#\/schema\/logo\/image\/"},"sameAs":["https:\/\/www.facebook.com\/SonoraEE\/","https:\/\/x.com\/sonoraenequipo","https:\/\/www.youtube.com\/channel\/UC338nW-lPEYmJQs4ZABQ1SQ"]},{"@type":"Person","@id":"https:\/\/www.sonoraenequipo.com.mx\/#\/schema\/person\/b2f7d4b3e5504aad00b5aca5d6793968","name":"Jos\u00e9 Dar\u00edo Arredondo L\u00f3pez","image":{"@type":"ImageObject","inLanguage":"es","@id":"https:\/\/www.sonoraenequipo.com.mx\/#\/schema\/person\/image\/","url":"https:\/\/secure.gravatar.com\/avatar\/f2045d0fa3f125a8f9d8560826b10fdcf77b66c7124667565c680e91be13a925?s=96&d=blank&r=g","contentUrl":"https:\/\/secure.gravatar.com\/avatar\/f2045d0fa3f125a8f9d8560826b10fdcf77b66c7124667565c680e91be13a925?s=96&d=blank&r=g","caption":"Jos\u00e9 Dar\u00edo Arredondo L\u00f3pez"},"sameAs":["http:\/\/sonoraenequipo.com.mx"]}]}},"jetpack_featured_media_url":"https:\/\/www.sonoraenequipo.com.mx\/storage\/2021\/06\/issssteson2_opt.jpg","_links":{"self":[{"href":"https:\/\/www.sonoraenequipo.com.mx\/api\/wp\/v2\/posts\/117330","targetHints":{"allow":["GET"]}}],"collection":[{"href":"https:\/\/www.sonoraenequipo.com.mx\/api\/wp\/v2\/posts"}],"about":[{"href":"https:\/\/www.sonoraenequipo.com.mx\/api\/wp\/v2\/types\/post"}],"author":[{"embeddable":true,"href":"https:\/\/www.sonoraenequipo.com.mx\/api\/wp\/v2\/users\/8"}],"replies":[{"embeddable":true,"href":"https:\/\/www.sonoraenequipo.com.mx\/api\/wp\/v2\/comments?post=117330"}],"version-history":[{"count":1,"href":"https:\/\/www.sonoraenequipo.com.mx\/api\/wp\/v2\/posts\/117330\/revisions"}],"predecessor-version":[{"id":117332,"href":"https:\/\/www.sonoraenequipo.com.mx\/api\/wp\/v2\/posts\/117330\/revisions\/117332"}],"wp:featuredmedia":[{"embeddable":true,"href":"https:\/\/www.sonoraenequipo.com.mx\/api\/wp\/v2\/media\/117219"}],"wp:attachment":[{"href":"https:\/\/www.sonoraenequipo.com.mx\/api\/wp\/v2\/media?parent=117330"}],"wp:term":[{"taxonomy":"category","embeddable":true,"href":"https:\/\/www.sonoraenequipo.com.mx\/api\/wp\/v2\/categories?post=117330"},{"taxonomy":"post_tag","embeddable":true,"href":"https:\/\/www.sonoraenequipo.com.mx\/api\/wp\/v2\/tags?post=117330"}],"curies":[{"name":"wp","href":"https:\/\/api.w.org\/{rel}","templated":true}]}}