{"id":117333,"date":"2021-06-28T06:00:38","date_gmt":"2021-06-28T13:00:38","guid":{"rendered":"https:\/\/www.sonoraenequipo.com.mx\/?p=117333"},"modified":"2021-06-28T11:43:10","modified_gmt":"2021-06-28T18:43:10","slug":"aumentando-la-dosis-los-hampones-al-descubierto","status":"publish","type":"post","link":"https:\/\/www.sonoraenequipo.com.mx\/aumentando-la-dosis-los-hampones-al-descubierto\/","title":{"rendered":"AUMENTANDO LA DOSIS. Los hampones al descubierto"},"content":{"rendered":"<p><strong>ROGELIO ALTAMIRANO MORALES. \u2014<\/strong> Al presidente Andr\u00e9s Manuel L\u00f3pez Obrador la calumnia lo tiene hasta la coronilla hasta el grado que ya anuncio dentro de las ma\u00f1aneras la secci\u00f3n de \u00abQuien es quien\u00bb, a fin de poner los puntos sobre las ies y desmentir a los mentirosos.<\/p>\n<p>&nbsp;<\/p>\n<p> <br \/>\nSeg\u00fan el presidente, se trata de un periodismo hamponesco<em>, \u00abEl hampa del periodismo\u00bb,<\/em> que han mentido, calumniado, desacostumbrados a que ya no reciben el dinero p\u00fablico que en el pasado recibieron de los corruptos a los que ahora defienden.<\/p>\n<p>Y, que le sigan nos adelanta el presidente, que sigan con sus mentiras, su enga\u00f1os y calumnias, porque ahora de eso viven, eso les da para vivir, aqu\u00ed ahora no se censura a nadie como en el pasado que cuando hab\u00eda temas que molestaban al presidente de la republica hab\u00eda reacciones y hoy no las hay, que sigan con sus inventos para perjudicar al gobierno de la rep\u00fablica que ya no les da dinero.<\/p>\n<p>&nbsp;<\/p>\n<p>Y, me pregunto, aqu\u00ed en casita la maestra Rosario Quintero Borb\u00f3n ha sido atrozmente perseguido, blanco de furibundos acosadores que un d\u00eda la atacan y otro tambi\u00e9n, que un d\u00eda le exhiben con inventos, groser\u00edas y hasta con abusivos y groseros ep\u00edtetos que como persona nadie se merece, menos trat\u00e1ndose de una mujer a quien hacen blanco de sus groseros insultos, en s\u00edntesis, se pasan de la raya.<\/p>\n<p>&nbsp;<\/p>\n<p>As\u00ed ya casi se cumplen tres a\u00f1os, versus a la maestra Chayito estos majaderos, \u00abLe han hecho los mandados\u00bb, lo que el viento a Ju\u00e1rez dice la expresi\u00f3n muy popular cuando se trata de ironizar a los falsos profetas, mentirosos, mequetrefes al servicio de la rancia sociedad.<\/p>\n<p>&nbsp;<\/p>\n<p>Los calumniadores de siempre son los mismos que sirvieron al viejo r\u00e9gimen, a los corruptos que todos les aplaudieron y al pueblo les vendieron las noticias de que la ciudad era un para\u00edso, espejitos pues que llevaron a lo que la ciudad es lo que es, una ciudad de grandes rezagos a los que por m\u00e1s esfuerzos que se hacen por solucionarlos, dif\u00edcil a resultado para la maestra Chayito Quintero resolverlos de la noche a la ma\u00f1ana.<\/p>\n<p>Imag\u00ednese el lector, a la maestra Chayito le han exigido demasiado, muy exigentes dos que tres medios que no aportan nada, solo insidia, mentira y calumnia para azuzar al ciudadano,<em> \u00abConvocatorias\u00bb<\/em> que en el pasado no hac\u00edan, hoy hacen, por eso nadie les cree ni el bendito, como bot\u00f3n de muestra ah\u00ed esta oooootra manifestaci\u00f3n frustrada, la de los vecinos del sector oriente de la ciudad que el pasado jueves hicieron en palacio municipal y aunque los diez, quince o 20 <em>\u00abManifestantes\u00bb<\/em>, no represaban un n\u00famero que digamos, que bruto, cuanta gente fueron r\u00e1pidamente atendidos por la autoridad competente.<\/p>\n<p>&nbsp;<\/p>\n<p>Primero por el secretario del Ayuntamiento Francisco Rodr\u00edguez Varela quien con respeto que, a toda inquietud ciudadana, por menor que esta sea le da seguimiento y posteriormente se dio el encuentro con los funcionarios directamente responsables para dar la informaci\u00f3n pertinente y el trabajo que se enfrenta para que el desabasto de agua en los hogares de ese sector afecte lo menos posible.<\/p>\n<p>&nbsp;<\/p>\n<p>Algunos comunicadores se rasgaron las vestiduras, vaticinaban cientos, no cientos, miles de asistentes, que como el problema de agua en ese sector referido es grave, pues a la mejor sus vaticinios eran l\u00f3gicos, pero lo que les ardi\u00f3 y desilusiono fue la presencia m\u00ednima de esos afectados, y es que tambi\u00e9n existe la conciencia ciudadana de que esto del desabasto de agua no es nuevo, tiene a\u00f1ales recrudecido por la insolencia del pasado y porque esos comunicadores en el pasado no tuvieron voz, eran mudos c\u00f3mplices y se hizo el milagro de Chayito, <em>\u00abAhora ven lo que antes no miraron\u00bb<\/em> y lo que no lo inventan como tanta patra\u00f1a.<\/p>\n<p>&nbsp;<\/p>\n<p>Pero regresando a la pregunta de la secci\u00f3n nueva que anuncia Amlo, \u00abAqu\u00ed en casita si lo retoma la maestra, no le dejar\u00eda tiempo de trabajar, que no deja de hacer tit\u00e1nico esfuerzo y sobre todo de para burlar los obst\u00e1culos de los aplaudidores del pasado y ahora cr\u00edticos al servicio de una rancia clase social que no le interesan los problemas m\u00e1s que recuperar sus privilegios.<\/p>\n<p>&nbsp;<\/p>\n<p>Apoco creen que Alfonso Durazo Monta\u00f1o ya se olvid\u00f3 de que esos comunicadores al servicio de los fif\u00eds que le obstaculizaron el camino a la gubernatura, a poco creen que Durazo ya se olvid\u00f3 de todas la mentiras e intrigas que sus adversarios le lanzaron a trav\u00e9s de estos medios mentirosos.<\/p>\n<p>&nbsp;<\/p>\n<p>Esos sendos reportajes previos a las elecciones del seis de junio ya parece los quieren olvidar, ahora se les ve hasta desmemoriados que tienen el descaro de aparecer con chistes que los hagan pasar de graciosos y congraciarse al que ayer se\u00f1alaban de peligro para sonora, hoy dicen desearle lo mejor para sonora.<\/p>\n<p>&nbsp;<\/p>\n<p>De verdad que sorprenden la rapidez como cambian de una posici\u00f3n de critica abusiva a zalameros, melosos apenad\u00edsimos para colocarse de tapetes al menor llamado de Alfonso Durazo Monta\u00f1o.<\/p>\n<p>&nbsp;<\/p>\n<p>Y, cuidadito, porque melosos de esta talla merodean a Mario Mart\u00ednez Boj\u00f3rquez el <em>\u00abMayito\u00bb<\/em> a quien resulta que ahora le han dado el beneficio de la duda dizque m\u00e1s mal no nos puede ir en Navojoa y la pregunta es, <em>\u00abY, quienes son ellos que apenas hace unas semanas sus sesudos an\u00e1lisis no daban un cacahuate por las candidaturas de la cuarta transformaci\u00f3n?.<\/em><\/p>\n<p>&nbsp;<\/p>\n<p>&nbsp;<\/p>\n<p>Bueno se pone el ambiente p\u00fablico-pol\u00edtico y como luego se dice por ah\u00ed, peores cosas se ver\u00e1n\u00bb, sobre todo cuando los perversos pretender\u00e1n aparecerse con piel de ovejas y persistir\u00e1n en su intento de enga\u00f1o, aunque las orejas los delaten.<\/p>\n<p>&nbsp;<\/p>\n<p>&nbsp;<\/p>\n<p>(Publicada el 28\/06\/2021 \/ROGELIO ALTAMIRANO MORALES)<\/p>\n","protected":false},"excerpt":{"rendered":"<p>ROGELIO ALTAMIRANO MORALES. \u2014 Al presidente Andr\u00e9s Manuel L\u00f3pez Obrador la calumnia lo tiene hasta&#8230;<\/p>\n","protected":false},"author":1,"featured_media":117334,"comment_status":"open","ping_status":"open","sticky":false,"template":"","format":"standard","meta":{"_monsterinsights_skip_tracking":false,"_monsterinsights_sitenote_active":false,"_monsterinsights_sitenote_note":"","_monsterinsights_sitenote_category":0,"footnotes":""},"categories":[14],"tags":[],"class_list":["post"],"yoast_head":" \n<title>Sonora en Equipo. AUMENTANDO LA DOSIS. Los hampones al descubierto Voces<\/title>\n<meta name=\"description\" content=\"ROGELIO ALTAMIRANO MORALES. \u2014 Al presidente Andr\u00e9s Manuel L\u00f3pez Obrador la calumnia lo tiene hasta la coronilla hasta el grado que ya anuncio dentro de En Sonora en Equipo publicamos toda la informaci\u00f3n de Sonora, M\u00e9xico y el Mundo de manera oportuna y busca que la libertad de expresi\u00f3n sea real. Visita nuestro medio informativo publicado desde Hermosillo, Sonora. %\" \/>\n<meta name=\"robots\" content=\"index, follow, max-snippet:-1, max-image-preview:large, max-video-preview:-1\" \/>\n<link rel=\"canonical\" href=\"https:\/\/www.sonoraenequipo.com.mx\/aumentando-la-dosis-los-hampones-al-descubierto\/\" \/>\n<meta property=\"og:locale\" content=\"es_ES\" \/>\n<meta property=\"og:type\" content=\"article\" \/>\n<meta property=\"og:title\" content=\"Sonora en Equipo. AUMENTANDO LA DOSIS. Los hampones al descubierto Voces\" \/>\n<meta property=\"og:description\" content=\"ROGELIO ALTAMIRANO MORALES. \u2014 Al presidente Andr\u00e9s Manuel L\u00f3pez Obrador la calumnia lo tiene hasta la coronilla hasta el grado que ya anuncio dentro de En Sonora en Equipo publicamos toda la informaci\u00f3n de Sonora, M\u00e9xico y el Mundo de manera oportuna y busca que la libertad de expresi\u00f3n sea real. Visita nuestro medio informativo publicado desde Hermosillo, Sonora. %\" \/>\n<meta property=\"og:url\" content=\"https:\/\/www.sonoraenequipo.com.mx\/aumentando-la-dosis-los-hampones-al-descubierto\/\" \/>\n<meta property=\"og:site_name\" content=\"Sonora en Equipo.\" \/>\n<meta property=\"article:publisher\" content=\"https:\/\/www.facebook.com\/SonoraEE\/\" \/>\n<meta property=\"article:author\" content=\"https:\/\/www.facebook.com\/SonoraEE\" \/>\n<meta property=\"article:published_time\" content=\"2021-06-28T13:00:38+00:00\" \/>\n<meta property=\"article:modified_time\" content=\"2021-06-28T18:43:10+00:00\" \/>\n<meta property=\"og:image\" content=\"https:\/\/www.sonoraenequipo.com.mx\/storage\/2021\/06\/agradeciendo-a-los-sonorenses-2706_opt.jpg\" \/>\n\t<meta property=\"og:image:width\" content=\"700\" \/>\n\t<meta property=\"og:image:height\" content=\"400\" \/>\n\t<meta property=\"og:image:type\" content=\"image\/jpeg\" \/>\n<meta name=\"author\" content=\"enequipo\" \/>\n<meta name=\"twitter:card\" content=\"summary_large_image\" \/>\n<meta name=\"twitter:creator\" content=\"@sonoraenequipo\" \/>\n<meta name=\"twitter:site\" content=\"@sonoraenequipo\" \/>\n<meta name=\"twitter:label1\" content=\"Escrito por\" \/>\n\t<meta name=\"twitter:data1\" content=\"enequipo\" \/>\n\t<meta name=\"twitter:label2\" content=\"Tiempo de lectura\" \/>\n\t<meta name=\"twitter:data2\" content=\"5 minutos\" \/>\n<script type=\"application\/ld+json\" class=\"yoast-schema-graph\">{\"@context\":\"https:\/\/schema.org\",\"@graph\":[{\"@type\":\"Article\",\"@id\":\"https:\/\/www.sonoraenequipo.com.mx\/aumentando-la-dosis-los-hampones-al-descubierto\/#article\",\"isPartOf\":{\"@id\":\"https:\/\/www.sonoraenequipo.com.mx\/aumentando-la-dosis-los-hampones-al-descubierto\/\"},\"author\":{\"name\":\"enequipo\",\"@id\":\"https:\/\/www.sonoraenequipo.com.mx\/#\/schema\/person\/50102df0fb23a8fa9e8effad8fa81386\"},\"headline\":\"AUMENTANDO LA DOSIS. Los hampones al descubierto\",\"datePublished\":\"2021-06-28T13:00:38+00:00\",\"dateModified\":\"2021-06-28T18:43:10+00:00\",\"mainEntityOfPage\":{\"@id\":\"https:\/\/www.sonoraenequipo.com.mx\/aumentando-la-dosis-los-hampones-al-descubierto\/\"},\"wordCount\":1015,\"commentCount\":0,\"publisher\":{\"@id\":\"https:\/\/www.sonoraenequipo.com.mx\/#organization\"},\"image\":{\"@id\":\"https:\/\/www.sonoraenequipo.com.mx\/aumentando-la-dosis-los-hampones-al-descubierto\/#primaryimage\"},\"thumbnailUrl\":\"https:\/\/www.sonoraenequipo.com.mx\/storage\/2021\/06\/agradeciendo-a-los-sonorenses-2706_opt.jpg\",\"articleSection\":[\"Voces\"],\"inLanguage\":\"es\",\"potentialAction\":[{\"@type\":\"CommentAction\",\"name\":\"Comment\",\"target\":[\"https:\/\/www.sonoraenequipo.com.mx\/aumentando-la-dosis-los-hampones-al-descubierto\/#respond\"]}]},{\"@type\":\"WebPage\",\"@id\":\"https:\/\/www.sonoraenequipo.com.mx\/aumentando-la-dosis-los-hampones-al-descubierto\/\",\"url\":\"https:\/\/www.sonoraenequipo.com.mx\/aumentando-la-dosis-los-hampones-al-descubierto\/\",\"name\":\"Sonora en Equipo. AUMENTANDO LA DOSIS. Los hampones al descubierto Voces\",\"isPartOf\":{\"@id\":\"https:\/\/www.sonoraenequipo.com.mx\/#website\"},\"primaryImageOfPage\":{\"@id\":\"https:\/\/www.sonoraenequipo.com.mx\/aumentando-la-dosis-los-hampones-al-descubierto\/#primaryimage\"},\"image\":{\"@id\":\"https:\/\/www.sonoraenequipo.com.mx\/aumentando-la-dosis-los-hampones-al-descubierto\/#primaryimage\"},\"thumbnailUrl\":\"https:\/\/www.sonoraenequipo.com.mx\/storage\/2021\/06\/agradeciendo-a-los-sonorenses-2706_opt.jpg\",\"datePublished\":\"2021-06-28T13:00:38+00:00\",\"dateModified\":\"2021-06-28T18:43:10+00:00\",\"description\":\"ROGELIO ALTAMIRANO MORALES. \u2014 Al presidente Andr\u00e9s Manuel L\u00f3pez Obrador la calumnia lo tiene hasta la coronilla hasta el grado que ya anuncio dentro de En Sonora en Equipo publicamos toda la informaci\u00f3n de Sonora, M\u00e9xico y el Mundo de manera oportuna y busca que la libertad de expresi\u00f3n sea real. Visita nuestro medio informativo publicado desde Hermosillo, Sonora. %\",\"breadcrumb\":{\"@id\":\"https:\/\/www.sonoraenequipo.com.mx\/aumentando-la-dosis-los-hampones-al-descubierto\/#breadcrumb\"},\"inLanguage\":\"es\",\"potentialAction\":[{\"@type\":\"ReadAction\",\"target\":[\"https:\/\/www.sonoraenequipo.com.mx\/aumentando-la-dosis-los-hampones-al-descubierto\/\"]}]},{\"@type\":\"ImageObject\",\"inLanguage\":\"es\",\"@id\":\"https:\/\/www.sonoraenequipo.com.mx\/aumentando-la-dosis-los-hampones-al-descubierto\/#primaryimage\",\"url\":\"https:\/\/www.sonoraenequipo.com.mx\/storage\/2021\/06\/agradeciendo-a-los-sonorenses-2706_opt.jpg\",\"contentUrl\":\"https:\/\/www.sonoraenequipo.com.mx\/storage\/2021\/06\/agradeciendo-a-los-sonorenses-2706_opt.jpg\",\"width\":700,\"height\":400},{\"@type\":\"BreadcrumbList\",\"@id\":\"https:\/\/www.sonoraenequipo.com.mx\/aumentando-la-dosis-los-hampones-al-descubierto\/#breadcrumb\",\"itemListElement\":[{\"@type\":\"ListItem\",\"position\":1,\"name\":\"Portada\",\"item\":\"https:\/\/www.sonoraenequipo.com.mx\/\"},{\"@type\":\"ListItem\",\"position\":2,\"name\":\"AUMENTANDO LA DOSIS. Los hampones al descubierto\"}]},{\"@type\":\"WebSite\",\"@id\":\"https:\/\/www.sonoraenequipo.com.mx\/#website\",\"url\":\"https:\/\/www.sonoraenequipo.com.mx\/\",\"name\":\"Sonora en Equipo.\",\"description\":\"Diario en l\u00ednea con Noticias desde Hermosillo, Sonora\",\"publisher\":{\"@id\":\"https:\/\/www.sonoraenequipo.com.mx\/#organization\"},\"potentialAction\":[{\"@type\":\"SearchAction\",\"target\":{\"@type\":\"EntryPoint\",\"urlTemplate\":\"https:\/\/www.sonoraenequipo.com.mx\/?s={search_term_string}\"},\"query-input\":{\"@type\":\"PropertyValueSpecification\",\"valueRequired\":true,\"valueName\":\"search_term_string\"}}],\"inLanguage\":\"es\"},{\"@type\":\"Organization\",\"@id\":\"https:\/\/www.sonoraenequipo.com.mx\/#organization\",\"name\":\"Sonoraenequipo.com.mx\",\"url\":\"https:\/\/www.sonoraenequipo.com.mx\/\",\"logo\":{\"@type\":\"ImageObject\",\"inLanguage\":\"es\",\"@id\":\"https:\/\/www.sonoraenequipo.com.mx\/#\/schema\/logo\/image\/\",\"url\":\"https:\/\/www.sonoraenequipo.com.mx\/storage\/2019\/01\/sonoraenequipo_opt.png\",\"contentUrl\":\"https:\/\/www.sonoraenequipo.com.mx\/storage\/2019\/01\/sonoraenequipo_opt.png\",\"width\":375,\"height\":125,\"caption\":\"Sonoraenequipo.com.mx\"},\"image\":{\"@id\":\"https:\/\/www.sonoraenequipo.com.mx\/#\/schema\/logo\/image\/\"},\"sameAs\":[\"https:\/\/www.facebook.com\/SonoraEE\/\",\"https:\/\/x.com\/sonoraenequipo\",\"https:\/\/www.youtube.com\/channel\/UC338nW-lPEYmJQs4ZABQ1SQ\"]},{\"@type\":\"Person\",\"@id\":\"https:\/\/www.sonoraenequipo.com.mx\/#\/schema\/person\/50102df0fb23a8fa9e8effad8fa81386\",\"name\":\"enequipo\",\"image\":{\"@type\":\"ImageObject\",\"inLanguage\":\"es\",\"@id\":\"https:\/\/www.sonoraenequipo.com.mx\/#\/schema\/person\/image\/\",\"url\":\"https:\/\/secure.gravatar.com\/avatar\/049821681b589dabc0bc20695993ccebb09f5b5d4d790cd9251b97faac7c652b?s=96&d=blank&r=g\",\"contentUrl\":\"https:\/\/secure.gravatar.com\/avatar\/049821681b589dabc0bc20695993ccebb09f5b5d4d790cd9251b97faac7c652b?s=96&d=blank&r=g\",\"caption\":\"enequipo\"},\"sameAs\":[\"https:\/\/www.facebook.com\/SonoraEE\"]}]}<\/script>\n ","yoast_head_json":{"title":"Sonora en Equipo. AUMENTANDO LA DOSIS. Los hampones al descubierto Voces","description":"ROGELIO ALTAMIRANO MORALES. \u2014 Al presidente Andr\u00e9s Manuel L\u00f3pez Obrador la calumnia lo tiene hasta la coronilla hasta el grado que ya anuncio dentro de En Sonora en Equipo publicamos toda la informaci\u00f3n de Sonora, M\u00e9xico y el Mundo de manera oportuna y busca que la libertad de expresi\u00f3n sea real. Visita nuestro medio informativo publicado desde Hermosillo, Sonora. %","robots":{"index":"index","follow":"follow","max-snippet":"max-snippet:-1","max-image-preview":"max-image-preview:large","max-video-preview":"max-video-preview:-1"},"canonical":"https:\/\/www.sonoraenequipo.com.mx\/aumentando-la-dosis-los-hampones-al-descubierto\/","og_locale":"es_ES","og_type":"article","og_title":"Sonora en Equipo. AUMENTANDO LA DOSIS. Los hampones al descubierto Voces","og_description":"ROGELIO ALTAMIRANO MORALES. \u2014 Al presidente Andr\u00e9s Manuel L\u00f3pez Obrador la calumnia lo tiene hasta la coronilla hasta el grado que ya anuncio dentro de En Sonora en Equipo publicamos toda la informaci\u00f3n de Sonora, M\u00e9xico y el Mundo de manera oportuna y busca que la libertad de expresi\u00f3n sea real. Visita nuestro medio informativo publicado desde Hermosillo, Sonora. %","og_url":"https:\/\/www.sonoraenequipo.com.mx\/aumentando-la-dosis-los-hampones-al-descubierto\/","og_site_name":"Sonora en Equipo.","article_publisher":"https:\/\/www.facebook.com\/SonoraEE\/","article_author":"https:\/\/www.facebook.com\/SonoraEE","article_published_time":"2021-06-28T13:00:38+00:00","article_modified_time":"2021-06-28T18:43:10+00:00","og_image":[{"width":700,"height":400,"url":"https:\/\/www.sonoraenequipo.com.mx\/storage\/2021\/06\/agradeciendo-a-los-sonorenses-2706_opt.jpg","type":"image\/jpeg"}],"author":"enequipo","twitter_card":"summary_large_image","twitter_creator":"@sonoraenequipo","twitter_site":"@sonoraenequipo","twitter_misc":{"Escrito por":"enequipo","Tiempo de lectura":"5 minutos"},"schema":{"@context":"https:\/\/schema.org","@graph":[{"@type":"Article","@id":"https:\/\/www.sonoraenequipo.com.mx\/aumentando-la-dosis-los-hampones-al-descubierto\/#article","isPartOf":{"@id":"https:\/\/www.sonoraenequipo.com.mx\/aumentando-la-dosis-los-hampones-al-descubierto\/"},"author":{"name":"enequipo","@id":"https:\/\/www.sonoraenequipo.com.mx\/#\/schema\/person\/50102df0fb23a8fa9e8effad8fa81386"},"headline":"AUMENTANDO LA DOSIS. Los hampones al descubierto","datePublished":"2021-06-28T13:00:38+00:00","dateModified":"2021-06-28T18:43:10+00:00","mainEntityOfPage":{"@id":"https:\/\/www.sonoraenequipo.com.mx\/aumentando-la-dosis-los-hampones-al-descubierto\/"},"wordCount":1015,"commentCount":0,"publisher":{"@id":"https:\/\/www.sonoraenequipo.com.mx\/#organization"},"image":{"@id":"https:\/\/www.sonoraenequipo.com.mx\/aumentando-la-dosis-los-hampones-al-descubierto\/#primaryimage"},"thumbnailUrl":"https:\/\/www.sonoraenequipo.com.mx\/storage\/2021\/06\/agradeciendo-a-los-sonorenses-2706_opt.jpg","articleSection":["Voces"],"inLanguage":"es","potentialAction":[{"@type":"CommentAction","name":"Comment","target":["https:\/\/www.sonoraenequipo.com.mx\/aumentando-la-dosis-los-hampones-al-descubierto\/#respond"]}]},{"@type":"WebPage","@id":"https:\/\/www.sonoraenequipo.com.mx\/aumentando-la-dosis-los-hampones-al-descubierto\/","url":"https:\/\/www.sonoraenequipo.com.mx\/aumentando-la-dosis-los-hampones-al-descubierto\/","name":"Sonora en Equipo. AUMENTANDO LA DOSIS. Los hampones al descubierto Voces","isPartOf":{"@id":"https:\/\/www.sonoraenequipo.com.mx\/#website"},"primaryImageOfPage":{"@id":"https:\/\/www.sonoraenequipo.com.mx\/aumentando-la-dosis-los-hampones-al-descubierto\/#primaryimage"},"image":{"@id":"https:\/\/www.sonoraenequipo.com.mx\/aumentando-la-dosis-los-hampones-al-descubierto\/#primaryimage"},"thumbnailUrl":"https:\/\/www.sonoraenequipo.com.mx\/storage\/2021\/06\/agradeciendo-a-los-sonorenses-2706_opt.jpg","datePublished":"2021-06-28T13:00:38+00:00","dateModified":"2021-06-28T18:43:10+00:00","description":"ROGELIO ALTAMIRANO MORALES. \u2014 Al presidente Andr\u00e9s Manuel L\u00f3pez Obrador la calumnia lo tiene hasta la coronilla hasta el grado que ya anuncio dentro de En Sonora en Equipo publicamos toda la informaci\u00f3n de Sonora, M\u00e9xico y el Mundo de manera oportuna y busca que la libertad de expresi\u00f3n sea real. Visita nuestro medio informativo publicado desde Hermosillo, Sonora. %","breadcrumb":{"@id":"https:\/\/www.sonoraenequipo.com.mx\/aumentando-la-dosis-los-hampones-al-descubierto\/#breadcrumb"},"inLanguage":"es","potentialAction":[{"@type":"ReadAction","target":["https:\/\/www.sonoraenequipo.com.mx\/aumentando-la-dosis-los-hampones-al-descubierto\/"]}]},{"@type":"ImageObject","inLanguage":"es","@id":"https:\/\/www.sonoraenequipo.com.mx\/aumentando-la-dosis-los-hampones-al-descubierto\/#primaryimage","url":"https:\/\/www.sonoraenequipo.com.mx\/storage\/2021\/06\/agradeciendo-a-los-sonorenses-2706_opt.jpg","contentUrl":"https:\/\/www.sonoraenequipo.com.mx\/storage\/2021\/06\/agradeciendo-a-los-sonorenses-2706_opt.jpg","width":700,"height":400},{"@type":"BreadcrumbList","@id":"https:\/\/www.sonoraenequipo.com.mx\/aumentando-la-dosis-los-hampones-al-descubierto\/#breadcrumb","itemListElement":[{"@type":"ListItem","position":1,"name":"Portada","item":"https:\/\/www.sonoraenequipo.com.mx\/"},{"@type":"ListItem","position":2,"name":"AUMENTANDO LA DOSIS. Los hampones al descubierto"}]},{"@type":"WebSite","@id":"https:\/\/www.sonoraenequipo.com.mx\/#website","url":"https:\/\/www.sonoraenequipo.com.mx\/","name":"Sonora en Equipo.","description":"Diario en l\u00ednea con Noticias desde Hermosillo, Sonora","publisher":{"@id":"https:\/\/www.sonoraenequipo.com.mx\/#organization"},"potentialAction":[{"@type":"SearchAction","target":{"@type":"EntryPoint","urlTemplate":"https:\/\/www.sonoraenequipo.com.mx\/?s={search_term_string}"},"query-input":{"@type":"PropertyValueSpecification","valueRequired":true,"valueName":"search_term_string"}}],"inLanguage":"es"},{"@type":"Organization","@id":"https:\/\/www.sonoraenequipo.com.mx\/#organization","name":"Sonoraenequipo.com.mx","url":"https:\/\/www.sonoraenequipo.com.mx\/","logo":{"@type":"ImageObject","inLanguage":"es","@id":"https:\/\/www.sonoraenequipo.com.mx\/#\/schema\/logo\/image\/","url":"https:\/\/www.sonoraenequipo.com.mx\/storage\/2019\/01\/sonoraenequipo_opt.png","contentUrl":"https:\/\/www.sonoraenequipo.com.mx\/storage\/2019\/01\/sonoraenequipo_opt.png","width":375,"height":125,"caption":"Sonoraenequipo.com.mx"},"image":{"@id":"https:\/\/www.sonoraenequipo.com.mx\/#\/schema\/logo\/image\/"},"sameAs":["https:\/\/www.facebook.com\/SonoraEE\/","https:\/\/x.com\/sonoraenequipo","https:\/\/www.youtube.com\/channel\/UC338nW-lPEYmJQs4ZABQ1SQ"]},{"@type":"Person","@id":"https:\/\/www.sonoraenequipo.com.mx\/#\/schema\/person\/50102df0fb23a8fa9e8effad8fa81386","name":"enequipo","image":{"@type":"ImageObject","inLanguage":"es","@id":"https:\/\/www.sonoraenequipo.com.mx\/#\/schema\/person\/image\/","url":"https:\/\/secure.gravatar.com\/avatar\/049821681b589dabc0bc20695993ccebb09f5b5d4d790cd9251b97faac7c652b?s=96&d=blank&r=g","contentUrl":"https:\/\/secure.gravatar.com\/avatar\/049821681b589dabc0bc20695993ccebb09f5b5d4d790cd9251b97faac7c652b?s=96&d=blank&r=g","caption":"enequipo"},"sameAs":["https:\/\/www.facebook.com\/SonoraEE"]}]}},"jetpack_featured_media_url":"https:\/\/www.sonoraenequipo.com.mx\/storage\/2021\/06\/agradeciendo-a-los-sonorenses-2706_opt.jpg","_links":{"self":[{"href":"https:\/\/www.sonoraenequipo.com.mx\/api\/wp\/v2\/posts\/117333","targetHints":{"allow":["GET"]}}],"collection":[{"href":"https:\/\/www.sonoraenequipo.com.mx\/api\/wp\/v2\/posts"}],"about":[{"href":"https:\/\/www.sonoraenequipo.com.mx\/api\/wp\/v2\/types\/post"}],"author":[{"embeddable":true,"href":"https:\/\/www.sonoraenequipo.com.mx\/api\/wp\/v2\/users\/1"}],"replies":[{"embeddable":true,"href":"https:\/\/www.sonoraenequipo.com.mx\/api\/wp\/v2\/comments?post=117333"}],"version-history":[{"count":1,"href":"https:\/\/www.sonoraenequipo.com.mx\/api\/wp\/v2\/posts\/117333\/revisions"}],"predecessor-version":[{"id":117335,"href":"https:\/\/www.sonoraenequipo.com.mx\/api\/wp\/v2\/posts\/117333\/revisions\/117335"}],"wp:featuredmedia":[{"embeddable":true,"href":"https:\/\/www.sonoraenequipo.com.mx\/api\/wp\/v2\/media\/117334"}],"wp:attachment":[{"href":"https:\/\/www.sonoraenequipo.com.mx\/api\/wp\/v2\/media?parent=117333"}],"wp:term":[{"taxonomy":"category","embeddable":true,"href":"https:\/\/www.sonoraenequipo.com.mx\/api\/wp\/v2\/categories?post=117333"},{"taxonomy":"post_tag","embeddable":true,"href":"https:\/\/www.sonoraenequipo.com.mx\/api\/wp\/v2\/tags?post=117333"}],"curies":[{"name":"wp","href":"https:\/\/api.w.org\/{rel}","templated":true}]}}