{"id":117336,"date":"2021-06-28T12:10:12","date_gmt":"2021-06-28T19:10:12","guid":{"rendered":"https:\/\/www.sonoraenequipo.com.mx\/?p=117336"},"modified":"2021-06-28T13:27:30","modified_gmt":"2021-06-28T20:27:30","slug":"solicita-licencia-comisario-general-gilberto-landeros-lo-sustituye-jesus-alonso-duron","status":"publish","type":"post","link":"https:\/\/www.sonoraenequipo.com.mx\/solicita-licencia-comisario-general-gilberto-landeros-lo-sustituye-jesus-alonso-duron\/","title":{"rendered":"Solicita licencia Comisario General Gilberto Landeros, lo sustituye Jes\u00fas Alonso Dur\u00f3n"},"content":{"rendered":"<p>HERMOSILLO, SONORA. MX. \u2014 Por unanimidad el Cabildo de Hermosillo aprob\u00f3 la solicitud de licencia por parte del Comisario de la Polic\u00eda Municipal, el General Gilberto Landeros Brise\u00f1o, as\u00ed como el nombramiento de Jes\u00fas Alonso Dur\u00f3n Monta\u00f1o como Comisario Interino.<\/p>\n<p>&nbsp;<\/p>\n<p> <\/p>\n<p>&nbsp;<\/p>\n<p>En sesi\u00f3n extraordinaria, los regidores del Cabildo de Hermosillo aprobaron la solicitud realizada por el General de Divisi\u00f3n en Retiro Gilberto Landeros, quien desde agosto de 2019 se ha hecho cargo de dirigir las acciones de la Polic\u00eda Municipal encaminadas a fortalecer la Seguridad P\u00fablica en la capital del Estado.<\/p>\n<p>&nbsp;<\/p>\n<p>Tras la aprobaci\u00f3n de esta licencia, el presidente Municipal Ferm\u00edn Gonz\u00e1lez Gaxiola agradeci\u00f3 el servicio brindado a esta ciudad por parte de Landeros Brise\u00f1o, afirmando que la confianza depositada desde el Gobierno Federal a los militares como parte de una estrategia de seguridad nacional obedece a la disciplina y experiencia de los mismos en la materia.<\/p>\n<p>&nbsp;<\/p>\n<p><em>\u201cSu vast\u00edsima experiencia en asuntos de seguridad permiti\u00f3 implementar en la Polic\u00eda Municipal las estrategias que fincaron la transformaci\u00f3n de esa instituci\u00f3n\u201d,<\/em> asegur\u00f3 el mun\u00edcipe.<\/p>\n<p>&nbsp;<\/p>\n<p>El Secretario del Ayuntamiento, Joaqu\u00edn Rodr\u00edguez V\u00e9jar, reconoci\u00f3 el trabajo certero y transparente de Landeros en la corporaci\u00f3n, al destacar la disminuci\u00f3n de los delitos patrimoniales en un 25%, as\u00ed como la constante capacitaci\u00f3n de los elementos y los programas de becas para los polic\u00edas que quieran cursar la universidad.<\/p>\n<p>&nbsp;<\/p>\n<p>Por su parte, el General Landeros Brise\u00f1o celebr\u00f3 la llegada de un polic\u00eda nacido en las filas de la misma corporaci\u00f3n al cargo m\u00e1s alto que se puede aspirar dentro de la misma, reconociendo las capacidades del Polic\u00eda Primero Jes\u00fas Alonso Dur\u00f3n Monta\u00f1o, quien rindi\u00f3 protesta en la misma sesi\u00f3n.<\/p>\n<p>&nbsp;<\/p>\n<p><em>\u201cEs un hombre profesional, un hombre de mucha val\u00eda y que me ha apoyado en todo lo que hemos emprendido, cada quien tiene su estilo de trabajo, pero estoy seguro de que los resultados lo se\u00f1alar\u00e1n desde este momento y esos resultados ser\u00e1n superiores todav\u00eda a los que tuvimos en este tiempo\u201d,<\/em> afirm\u00f3 el General.<\/p>\n<p>&nbsp;<\/p>\n<p>Ante este reconocimiento, el nuevo Comisario Interino acept\u00f3 el compromiso que representa esta nueva encomienda en su carrera, dando seguimiento a las acciones implementadas por Landeros Brise\u00f1o e innovando en otras \u00e1reas, todo con honestidad y disciplina en favor de las familias hermosillenses.<\/p>\n<p>&nbsp;<\/p>\n<p><em>\u201cEs un honor el representar a esta instituci\u00f3n, para m\u00ed es un orgullo ser, hasta donde tengo entendido, el ser el primer alto mando que emana de la misma corporaci\u00f3n, cr\u00e9anme que llevar\u00e9 con mucha responsabilidad el tiempo que as\u00ed se me ordene este cargo, con mucho respeto y mucha honestidad, siempre mejorando los resultados que menciona nuestro general Landeros\u201d<\/em>, agradeci\u00f3 Dur\u00f3n Monta\u00f1o.<\/p>\n<p>&nbsp;<\/p>\n<h3>\nSobre Dur\u00f3n Monta\u00f1o<\/h3>\n<p>&nbsp;<\/p>\n<p>Jes\u00fas Alonso Dur\u00f3n Monta\u00f1o ingres\u00f3 en las filas de la Polic\u00eda Municipal el primero de septiembre de 2002 como agente de Tr\u00e1nsito Municipal participando en diversos grupos operativos en distintas zonas de la capital del Estado.<\/p>\n<p>&nbsp;<\/p>\n<p>En 2011 obtuvo su primera responsabilidad como responsable de turno de un grupo de agentes motorizados, despu\u00e9s en 2013 logra una nueva responsabilidad como responsable del Departamento de Tr\u00e1nsito de la Zona Centro.<\/p>\n<p>&nbsp;<\/p>\n<p>En 2015 pasa a ser responsable de Tr\u00e1nsito de la Zona 5 en la colonia Nuevo Hermosillo para volver a la Zona Centro en 2017 y pasar a la Direcci\u00f3n de Tr\u00e1nsito Municipal como titular en 2018.<\/p>\n<p>&nbsp;<\/p>\n<p>De ah\u00ed, los resultados obtenidos, as\u00ed como sus aptitudes para la labor policial lo llevaron a obtener el puesto de Supervisor General de la Polic\u00eda Preventiva y Tr\u00e1nsito Municipal en abril del presente a\u00f1o, lo que lo convirti\u00f3 en el candidato ideal para asumir las funciones de Comisario, rindiendo protesta este 28 de junio de 2021.<\/p>\n<p>&nbsp;<\/p>\n<p>(Publicada el 28\/06\/2021)<\/p>\n","protected":false},"excerpt":{"rendered":"<p>HERMOSILLO, SONORA. MX. \u2014 Por unanimidad el Cabildo de Hermosillo aprob\u00f3 la solicitud de licencia&#8230;<\/p>\n","protected":false},"author":1,"featured_media":117337,"comment_status":"open","ping_status":"open","sticky":false,"template":"","format":"standard","meta":{"_monsterinsights_skip_tracking":false,"_monsterinsights_sitenote_active":false,"_monsterinsights_sitenote_note":"","_monsterinsights_sitenote_category":0,"footnotes":""},"categories":[4],"tags":[],"class_list":["post"],"yoast_head":" \n<title>Sonora en Equipo. Solicita licencia Comisario General Gilberto Landeros, lo sustituye Jes\u00fas Alonso Dur\u00f3n Municipios<\/title>\n<meta name=\"description\" content=\"HERMOSILLO, SONORA. MX. \u2014 Por unanimidad el Cabildo de Hermosillo aprob\u00f3 la solicitud de licencia por parte del Comisario de la Polic\u00eda Municipal, el En Sonora en Equipo publicamos toda la informaci\u00f3n de Sonora, M\u00e9xico y el Mundo de manera oportuna y busca que la libertad de expresi\u00f3n sea real. Visita nuestro medio informativo publicado desde Hermosillo, Sonora. %\" \/>\n<meta name=\"robots\" content=\"index, follow, max-snippet:-1, max-image-preview:large, max-video-preview:-1\" \/>\n<link rel=\"canonical\" href=\"https:\/\/www.sonoraenequipo.com.mx\/solicita-licencia-comisario-general-gilberto-landeros-lo-sustituye-jesus-alonso-duron\/\" \/>\n<meta property=\"og:locale\" content=\"es_ES\" \/>\n<meta property=\"og:type\" content=\"article\" \/>\n<meta property=\"og:title\" content=\"Sonora en Equipo. Solicita licencia Comisario General Gilberto Landeros, lo sustituye Jes\u00fas Alonso Dur\u00f3n Municipios\" \/>\n<meta property=\"og:description\" content=\"HERMOSILLO, SONORA. MX. \u2014 Por unanimidad el Cabildo de Hermosillo aprob\u00f3 la solicitud de licencia por parte del Comisario de la Polic\u00eda Municipal, el En Sonora en Equipo publicamos toda la informaci\u00f3n de Sonora, M\u00e9xico y el Mundo de manera oportuna y busca que la libertad de expresi\u00f3n sea real. Visita nuestro medio informativo publicado desde Hermosillo, Sonora. %\" \/>\n<meta property=\"og:url\" content=\"https:\/\/www.sonoraenequipo.com.mx\/solicita-licencia-comisario-general-gilberto-landeros-lo-sustituye-jesus-alonso-duron\/\" \/>\n<meta property=\"og:site_name\" content=\"Sonora en Equipo.\" \/>\n<meta property=\"article:publisher\" content=\"https:\/\/www.facebook.com\/SonoraEE\/\" \/>\n<meta property=\"article:author\" content=\"https:\/\/www.facebook.com\/SonoraEE\" \/>\n<meta property=\"article:published_time\" content=\"2021-06-28T19:10:12+00:00\" \/>\n<meta property=\"article:modified_time\" content=\"2021-06-28T20:27:30+00:00\" \/>\n<meta property=\"og:image\" content=\"https:\/\/www.sonoraenequipo.com.mx\/storage\/2021\/06\/Gilberto-Landeros_Jesus-Alonso-Duron_opt.jpg\" \/>\n\t<meta property=\"og:image:width\" content=\"700\" \/>\n\t<meta property=\"og:image:height\" content=\"400\" \/>\n\t<meta property=\"og:image:type\" content=\"image\/jpeg\" \/>\n<meta name=\"author\" content=\"enequipo\" \/>\n<meta name=\"twitter:card\" content=\"summary_large_image\" \/>\n<meta name=\"twitter:creator\" content=\"@sonoraenequipo\" \/>\n<meta name=\"twitter:site\" content=\"@sonoraenequipo\" \/>\n<meta name=\"twitter:label1\" content=\"Escrito por\" \/>\n\t<meta name=\"twitter:data1\" content=\"enequipo\" \/>\n\t<meta name=\"twitter:label2\" content=\"Tiempo de lectura\" \/>\n\t<meta name=\"twitter:data2\" content=\"3 minutos\" \/>\n<script type=\"application\/ld+json\" class=\"yoast-schema-graph\">{\"@context\":\"https:\/\/schema.org\",\"@graph\":[{\"@type\":\"Article\",\"@id\":\"https:\/\/www.sonoraenequipo.com.mx\/solicita-licencia-comisario-general-gilberto-landeros-lo-sustituye-jesus-alonso-duron\/#article\",\"isPartOf\":{\"@id\":\"https:\/\/www.sonoraenequipo.com.mx\/solicita-licencia-comisario-general-gilberto-landeros-lo-sustituye-jesus-alonso-duron\/\"},\"author\":{\"name\":\"enequipo\",\"@id\":\"https:\/\/www.sonoraenequipo.com.mx\/#\/schema\/person\/50102df0fb23a8fa9e8effad8fa81386\"},\"headline\":\"Solicita licencia Comisario General Gilberto Landeros, lo sustituye Jes\u00fas Alonso Dur\u00f3n\",\"datePublished\":\"2021-06-28T19:10:12+00:00\",\"dateModified\":\"2021-06-28T20:27:30+00:00\",\"mainEntityOfPage\":{\"@id\":\"https:\/\/www.sonoraenequipo.com.mx\/solicita-licencia-comisario-general-gilberto-landeros-lo-sustituye-jesus-alonso-duron\/\"},\"wordCount\":675,\"commentCount\":0,\"publisher\":{\"@id\":\"https:\/\/www.sonoraenequipo.com.mx\/#organization\"},\"image\":{\"@id\":\"https:\/\/www.sonoraenequipo.com.mx\/solicita-licencia-comisario-general-gilberto-landeros-lo-sustituye-jesus-alonso-duron\/#primaryimage\"},\"thumbnailUrl\":\"https:\/\/www.sonoraenequipo.com.mx\/storage\/2021\/06\/Gilberto-Landeros_Jesus-Alonso-Duron_opt.jpg\",\"articleSection\":[\"Municipios\"],\"inLanguage\":\"es\",\"potentialAction\":[{\"@type\":\"CommentAction\",\"name\":\"Comment\",\"target\":[\"https:\/\/www.sonoraenequipo.com.mx\/solicita-licencia-comisario-general-gilberto-landeros-lo-sustituye-jesus-alonso-duron\/#respond\"]}]},{\"@type\":\"WebPage\",\"@id\":\"https:\/\/www.sonoraenequipo.com.mx\/solicita-licencia-comisario-general-gilberto-landeros-lo-sustituye-jesus-alonso-duron\/\",\"url\":\"https:\/\/www.sonoraenequipo.com.mx\/solicita-licencia-comisario-general-gilberto-landeros-lo-sustituye-jesus-alonso-duron\/\",\"name\":\"Sonora en Equipo. Solicita licencia Comisario General Gilberto Landeros, lo sustituye Jes\u00fas Alonso Dur\u00f3n Municipios\",\"isPartOf\":{\"@id\":\"https:\/\/www.sonoraenequipo.com.mx\/#website\"},\"primaryImageOfPage\":{\"@id\":\"https:\/\/www.sonoraenequipo.com.mx\/solicita-licencia-comisario-general-gilberto-landeros-lo-sustituye-jesus-alonso-duron\/#primaryimage\"},\"image\":{\"@id\":\"https:\/\/www.sonoraenequipo.com.mx\/solicita-licencia-comisario-general-gilberto-landeros-lo-sustituye-jesus-alonso-duron\/#primaryimage\"},\"thumbnailUrl\":\"https:\/\/www.sonoraenequipo.com.mx\/storage\/2021\/06\/Gilberto-Landeros_Jesus-Alonso-Duron_opt.jpg\",\"datePublished\":\"2021-06-28T19:10:12+00:00\",\"dateModified\":\"2021-06-28T20:27:30+00:00\",\"description\":\"HERMOSILLO, SONORA. MX. \u2014 Por unanimidad el Cabildo de Hermosillo aprob\u00f3 la solicitud de licencia por parte del Comisario de la Polic\u00eda Municipal, el En Sonora en Equipo publicamos toda la informaci\u00f3n de Sonora, M\u00e9xico y el Mundo de manera oportuna y busca que la libertad de expresi\u00f3n sea real. Visita nuestro medio informativo publicado desde Hermosillo, Sonora. %\",\"breadcrumb\":{\"@id\":\"https:\/\/www.sonoraenequipo.com.mx\/solicita-licencia-comisario-general-gilberto-landeros-lo-sustituye-jesus-alonso-duron\/#breadcrumb\"},\"inLanguage\":\"es\",\"potentialAction\":[{\"@type\":\"ReadAction\",\"target\":[\"https:\/\/www.sonoraenequipo.com.mx\/solicita-licencia-comisario-general-gilberto-landeros-lo-sustituye-jesus-alonso-duron\/\"]}]},{\"@type\":\"ImageObject\",\"inLanguage\":\"es\",\"@id\":\"https:\/\/www.sonoraenequipo.com.mx\/solicita-licencia-comisario-general-gilberto-landeros-lo-sustituye-jesus-alonso-duron\/#primaryimage\",\"url\":\"https:\/\/www.sonoraenequipo.com.mx\/storage\/2021\/06\/Gilberto-Landeros_Jesus-Alonso-Duron_opt.jpg\",\"contentUrl\":\"https:\/\/www.sonoraenequipo.com.mx\/storage\/2021\/06\/Gilberto-Landeros_Jesus-Alonso-Duron_opt.jpg\",\"width\":700,\"height\":400},{\"@type\":\"BreadcrumbList\",\"@id\":\"https:\/\/www.sonoraenequipo.com.mx\/solicita-licencia-comisario-general-gilberto-landeros-lo-sustituye-jesus-alonso-duron\/#breadcrumb\",\"itemListElement\":[{\"@type\":\"ListItem\",\"position\":1,\"name\":\"Portada\",\"item\":\"https:\/\/www.sonoraenequipo.com.mx\/\"},{\"@type\":\"ListItem\",\"position\":2,\"name\":\"Solicita licencia Comisario General Gilberto Landeros, lo sustituye Jes\u00fas Alonso Dur\u00f3n\"}]},{\"@type\":\"WebSite\",\"@id\":\"https:\/\/www.sonoraenequipo.com.mx\/#website\",\"url\":\"https:\/\/www.sonoraenequipo.com.mx\/\",\"name\":\"Sonora en Equipo.\",\"description\":\"Diario en l\u00ednea con Noticias desde Hermosillo, Sonora\",\"publisher\":{\"@id\":\"https:\/\/www.sonoraenequipo.com.mx\/#organization\"},\"potentialAction\":[{\"@type\":\"SearchAction\",\"target\":{\"@type\":\"EntryPoint\",\"urlTemplate\":\"https:\/\/www.sonoraenequipo.com.mx\/?s={search_term_string}\"},\"query-input\":{\"@type\":\"PropertyValueSpecification\",\"valueRequired\":true,\"valueName\":\"search_term_string\"}}],\"inLanguage\":\"es\"},{\"@type\":\"Organization\",\"@id\":\"https:\/\/www.sonoraenequipo.com.mx\/#organization\",\"name\":\"Sonoraenequipo.com.mx\",\"url\":\"https:\/\/www.sonoraenequipo.com.mx\/\",\"logo\":{\"@type\":\"ImageObject\",\"inLanguage\":\"es\",\"@id\":\"https:\/\/www.sonoraenequipo.com.mx\/#\/schema\/logo\/image\/\",\"url\":\"https:\/\/www.sonoraenequipo.com.mx\/storage\/2019\/01\/sonoraenequipo_opt.png\",\"contentUrl\":\"https:\/\/www.sonoraenequipo.com.mx\/storage\/2019\/01\/sonoraenequipo_opt.png\",\"width\":375,\"height\":125,\"caption\":\"Sonoraenequipo.com.mx\"},\"image\":{\"@id\":\"https:\/\/www.sonoraenequipo.com.mx\/#\/schema\/logo\/image\/\"},\"sameAs\":[\"https:\/\/www.facebook.com\/SonoraEE\/\",\"https:\/\/x.com\/sonoraenequipo\",\"https:\/\/www.youtube.com\/channel\/UC338nW-lPEYmJQs4ZABQ1SQ\"]},{\"@type\":\"Person\",\"@id\":\"https:\/\/www.sonoraenequipo.com.mx\/#\/schema\/person\/50102df0fb23a8fa9e8effad8fa81386\",\"name\":\"enequipo\",\"image\":{\"@type\":\"ImageObject\",\"inLanguage\":\"es\",\"@id\":\"https:\/\/www.sonoraenequipo.com.mx\/#\/schema\/person\/image\/\",\"url\":\"https:\/\/secure.gravatar.com\/avatar\/049821681b589dabc0bc20695993ccebb09f5b5d4d790cd9251b97faac7c652b?s=96&d=blank&r=g\",\"contentUrl\":\"https:\/\/secure.gravatar.com\/avatar\/049821681b589dabc0bc20695993ccebb09f5b5d4d790cd9251b97faac7c652b?s=96&d=blank&r=g\",\"caption\":\"enequipo\"},\"sameAs\":[\"https:\/\/www.facebook.com\/SonoraEE\"]}]}<\/script>\n ","yoast_head_json":{"title":"Sonora en Equipo. Solicita licencia Comisario General Gilberto Landeros, lo sustituye Jes\u00fas Alonso Dur\u00f3n Municipios","description":"HERMOSILLO, SONORA. MX. \u2014 Por unanimidad el Cabildo de Hermosillo aprob\u00f3 la solicitud de licencia por parte del Comisario de la Polic\u00eda Municipal, el En Sonora en Equipo publicamos toda la informaci\u00f3n de Sonora, M\u00e9xico y el Mundo de manera oportuna y busca que la libertad de expresi\u00f3n sea real. Visita nuestro medio informativo publicado desde Hermosillo, Sonora. %","robots":{"index":"index","follow":"follow","max-snippet":"max-snippet:-1","max-image-preview":"max-image-preview:large","max-video-preview":"max-video-preview:-1"},"canonical":"https:\/\/www.sonoraenequipo.com.mx\/solicita-licencia-comisario-general-gilberto-landeros-lo-sustituye-jesus-alonso-duron\/","og_locale":"es_ES","og_type":"article","og_title":"Sonora en Equipo. Solicita licencia Comisario General Gilberto Landeros, lo sustituye Jes\u00fas Alonso Dur\u00f3n Municipios","og_description":"HERMOSILLO, SONORA. MX. \u2014 Por unanimidad el Cabildo de Hermosillo aprob\u00f3 la solicitud de licencia por parte del Comisario de la Polic\u00eda Municipal, el En Sonora en Equipo publicamos toda la informaci\u00f3n de Sonora, M\u00e9xico y el Mundo de manera oportuna y busca que la libertad de expresi\u00f3n sea real. Visita nuestro medio informativo publicado desde Hermosillo, Sonora. %","og_url":"https:\/\/www.sonoraenequipo.com.mx\/solicita-licencia-comisario-general-gilberto-landeros-lo-sustituye-jesus-alonso-duron\/","og_site_name":"Sonora en Equipo.","article_publisher":"https:\/\/www.facebook.com\/SonoraEE\/","article_author":"https:\/\/www.facebook.com\/SonoraEE","article_published_time":"2021-06-28T19:10:12+00:00","article_modified_time":"2021-06-28T20:27:30+00:00","og_image":[{"width":700,"height":400,"url":"https:\/\/www.sonoraenequipo.com.mx\/storage\/2021\/06\/Gilberto-Landeros_Jesus-Alonso-Duron_opt.jpg","type":"image\/jpeg"}],"author":"enequipo","twitter_card":"summary_large_image","twitter_creator":"@sonoraenequipo","twitter_site":"@sonoraenequipo","twitter_misc":{"Escrito por":"enequipo","Tiempo de lectura":"3 minutos"},"schema":{"@context":"https:\/\/schema.org","@graph":[{"@type":"Article","@id":"https:\/\/www.sonoraenequipo.com.mx\/solicita-licencia-comisario-general-gilberto-landeros-lo-sustituye-jesus-alonso-duron\/#article","isPartOf":{"@id":"https:\/\/www.sonoraenequipo.com.mx\/solicita-licencia-comisario-general-gilberto-landeros-lo-sustituye-jesus-alonso-duron\/"},"author":{"name":"enequipo","@id":"https:\/\/www.sonoraenequipo.com.mx\/#\/schema\/person\/50102df0fb23a8fa9e8effad8fa81386"},"headline":"Solicita licencia Comisario General Gilberto Landeros, lo sustituye Jes\u00fas Alonso Dur\u00f3n","datePublished":"2021-06-28T19:10:12+00:00","dateModified":"2021-06-28T20:27:30+00:00","mainEntityOfPage":{"@id":"https:\/\/www.sonoraenequipo.com.mx\/solicita-licencia-comisario-general-gilberto-landeros-lo-sustituye-jesus-alonso-duron\/"},"wordCount":675,"commentCount":0,"publisher":{"@id":"https:\/\/www.sonoraenequipo.com.mx\/#organization"},"image":{"@id":"https:\/\/www.sonoraenequipo.com.mx\/solicita-licencia-comisario-general-gilberto-landeros-lo-sustituye-jesus-alonso-duron\/#primaryimage"},"thumbnailUrl":"https:\/\/www.sonoraenequipo.com.mx\/storage\/2021\/06\/Gilberto-Landeros_Jesus-Alonso-Duron_opt.jpg","articleSection":["Municipios"],"inLanguage":"es","potentialAction":[{"@type":"CommentAction","name":"Comment","target":["https:\/\/www.sonoraenequipo.com.mx\/solicita-licencia-comisario-general-gilberto-landeros-lo-sustituye-jesus-alonso-duron\/#respond"]}]},{"@type":"WebPage","@id":"https:\/\/www.sonoraenequipo.com.mx\/solicita-licencia-comisario-general-gilberto-landeros-lo-sustituye-jesus-alonso-duron\/","url":"https:\/\/www.sonoraenequipo.com.mx\/solicita-licencia-comisario-general-gilberto-landeros-lo-sustituye-jesus-alonso-duron\/","name":"Sonora en Equipo. Solicita licencia Comisario General Gilberto Landeros, lo sustituye Jes\u00fas Alonso Dur\u00f3n Municipios","isPartOf":{"@id":"https:\/\/www.sonoraenequipo.com.mx\/#website"},"primaryImageOfPage":{"@id":"https:\/\/www.sonoraenequipo.com.mx\/solicita-licencia-comisario-general-gilberto-landeros-lo-sustituye-jesus-alonso-duron\/#primaryimage"},"image":{"@id":"https:\/\/www.sonoraenequipo.com.mx\/solicita-licencia-comisario-general-gilberto-landeros-lo-sustituye-jesus-alonso-duron\/#primaryimage"},"thumbnailUrl":"https:\/\/www.sonoraenequipo.com.mx\/storage\/2021\/06\/Gilberto-Landeros_Jesus-Alonso-Duron_opt.jpg","datePublished":"2021-06-28T19:10:12+00:00","dateModified":"2021-06-28T20:27:30+00:00","description":"HERMOSILLO, SONORA. MX. \u2014 Por unanimidad el Cabildo de Hermosillo aprob\u00f3 la solicitud de licencia por parte del Comisario de la Polic\u00eda Municipal, el En Sonora en Equipo publicamos toda la informaci\u00f3n de Sonora, M\u00e9xico y el Mundo de manera oportuna y busca que la libertad de expresi\u00f3n sea real. Visita nuestro medio informativo publicado desde Hermosillo, Sonora. %","breadcrumb":{"@id":"https:\/\/www.sonoraenequipo.com.mx\/solicita-licencia-comisario-general-gilberto-landeros-lo-sustituye-jesus-alonso-duron\/#breadcrumb"},"inLanguage":"es","potentialAction":[{"@type":"ReadAction","target":["https:\/\/www.sonoraenequipo.com.mx\/solicita-licencia-comisario-general-gilberto-landeros-lo-sustituye-jesus-alonso-duron\/"]}]},{"@type":"ImageObject","inLanguage":"es","@id":"https:\/\/www.sonoraenequipo.com.mx\/solicita-licencia-comisario-general-gilberto-landeros-lo-sustituye-jesus-alonso-duron\/#primaryimage","url":"https:\/\/www.sonoraenequipo.com.mx\/storage\/2021\/06\/Gilberto-Landeros_Jesus-Alonso-Duron_opt.jpg","contentUrl":"https:\/\/www.sonoraenequipo.com.mx\/storage\/2021\/06\/Gilberto-Landeros_Jesus-Alonso-Duron_opt.jpg","width":700,"height":400},{"@type":"BreadcrumbList","@id":"https:\/\/www.sonoraenequipo.com.mx\/solicita-licencia-comisario-general-gilberto-landeros-lo-sustituye-jesus-alonso-duron\/#breadcrumb","itemListElement":[{"@type":"ListItem","position":1,"name":"Portada","item":"https:\/\/www.sonoraenequipo.com.mx\/"},{"@type":"ListItem","position":2,"name":"Solicita licencia Comisario General Gilberto Landeros, lo sustituye Jes\u00fas Alonso Dur\u00f3n"}]},{"@type":"WebSite","@id":"https:\/\/www.sonoraenequipo.com.mx\/#website","url":"https:\/\/www.sonoraenequipo.com.mx\/","name":"Sonora en Equipo.","description":"Diario en l\u00ednea con Noticias desde Hermosillo, Sonora","publisher":{"@id":"https:\/\/www.sonoraenequipo.com.mx\/#organization"},"potentialAction":[{"@type":"SearchAction","target":{"@type":"EntryPoint","urlTemplate":"https:\/\/www.sonoraenequipo.com.mx\/?s={search_term_string}"},"query-input":{"@type":"PropertyValueSpecification","valueRequired":true,"valueName":"search_term_string"}}],"inLanguage":"es"},{"@type":"Organization","@id":"https:\/\/www.sonoraenequipo.com.mx\/#organization","name":"Sonoraenequipo.com.mx","url":"https:\/\/www.sonoraenequipo.com.mx\/","logo":{"@type":"ImageObject","inLanguage":"es","@id":"https:\/\/www.sonoraenequipo.com.mx\/#\/schema\/logo\/image\/","url":"https:\/\/www.sonoraenequipo.com.mx\/storage\/2019\/01\/sonoraenequipo_opt.png","contentUrl":"https:\/\/www.sonoraenequipo.com.mx\/storage\/2019\/01\/sonoraenequipo_opt.png","width":375,"height":125,"caption":"Sonoraenequipo.com.mx"},"image":{"@id":"https:\/\/www.sonoraenequipo.com.mx\/#\/schema\/logo\/image\/"},"sameAs":["https:\/\/www.facebook.com\/SonoraEE\/","https:\/\/x.com\/sonoraenequipo","https:\/\/www.youtube.com\/channel\/UC338nW-lPEYmJQs4ZABQ1SQ"]},{"@type":"Person","@id":"https:\/\/www.sonoraenequipo.com.mx\/#\/schema\/person\/50102df0fb23a8fa9e8effad8fa81386","name":"enequipo","image":{"@type":"ImageObject","inLanguage":"es","@id":"https:\/\/www.sonoraenequipo.com.mx\/#\/schema\/person\/image\/","url":"https:\/\/secure.gravatar.com\/avatar\/049821681b589dabc0bc20695993ccebb09f5b5d4d790cd9251b97faac7c652b?s=96&d=blank&r=g","contentUrl":"https:\/\/secure.gravatar.com\/avatar\/049821681b589dabc0bc20695993ccebb09f5b5d4d790cd9251b97faac7c652b?s=96&d=blank&r=g","caption":"enequipo"},"sameAs":["https:\/\/www.facebook.com\/SonoraEE"]}]}},"jetpack_featured_media_url":"https:\/\/www.sonoraenequipo.com.mx\/storage\/2021\/06\/Gilberto-Landeros_Jesus-Alonso-Duron_opt.jpg","_links":{"self":[{"href":"https:\/\/www.sonoraenequipo.com.mx\/api\/wp\/v2\/posts\/117336","targetHints":{"allow":["GET"]}}],"collection":[{"href":"https:\/\/www.sonoraenequipo.com.mx\/api\/wp\/v2\/posts"}],"about":[{"href":"https:\/\/www.sonoraenequipo.com.mx\/api\/wp\/v2\/types\/post"}],"author":[{"embeddable":true,"href":"https:\/\/www.sonoraenequipo.com.mx\/api\/wp\/v2\/users\/1"}],"replies":[{"embeddable":true,"href":"https:\/\/www.sonoraenequipo.com.mx\/api\/wp\/v2\/comments?post=117336"}],"version-history":[{"count":1,"href":"https:\/\/www.sonoraenequipo.com.mx\/api\/wp\/v2\/posts\/117336\/revisions"}],"predecessor-version":[{"id":117339,"href":"https:\/\/www.sonoraenequipo.com.mx\/api\/wp\/v2\/posts\/117336\/revisions\/117339"}],"wp:featuredmedia":[{"embeddable":true,"href":"https:\/\/www.sonoraenequipo.com.mx\/api\/wp\/v2\/media\/117337"}],"wp:attachment":[{"href":"https:\/\/www.sonoraenequipo.com.mx\/api\/wp\/v2\/media?parent=117336"}],"wp:term":[{"taxonomy":"category","embeddable":true,"href":"https:\/\/www.sonoraenequipo.com.mx\/api\/wp\/v2\/categories?post=117336"},{"taxonomy":"post_tag","embeddable":true,"href":"https:\/\/www.sonoraenequipo.com.mx\/api\/wp\/v2\/tags?post=117336"}],"curies":[{"name":"wp","href":"https:\/\/api.w.org\/{rel}","templated":true}]}}