{"id":117347,"date":"2021-06-28T14:28:08","date_gmt":"2021-06-28T21:28:08","guid":{"rendered":"https:\/\/www.sonoraenequipo.com.mx\/?p=117347"},"modified":"2021-06-28T14:28:08","modified_gmt":"2021-06-28T21:28:08","slug":"nombran-nuevo-coordinador-de-unidad-de-investigaciones-en-alamos","status":"publish","type":"post","link":"https:\/\/www.sonoraenequipo.com.mx\/nombran-nuevo-coordinador-de-unidad-de-investigaciones-en-alamos\/","title":{"rendered":"Nombran nuevo coordinador de unidad de investigaciones en \u00c1lamos"},"content":{"rendered":"<p>\u00c1LAMOS,SONORA,MX.\u2500 Inocente Aguilar C\u00e1rdenas asumi\u00f3 el cargo de coordinador de la Unidad de investigaciones del \u00d3rgano de Control y evaluaci\u00f3n gubernamental en el ayuntamiento de Alamos.<\/p>\n<p>&nbsp;<\/p>\n<p>Fue el alcalde V\u00edctor Balderrama quien le tom\u00f3 la protesta ley al nuevo funcionario y lo conmin\u00f3 a desempe\u00f1arse en todo momento con honestidad, transparencia, responsabilidad y en estricto apego a la Ley.<\/p>\n<p>&nbsp;<\/p>\n<p>Cabe mencionar que el hoy funcionario es Licenciado en Derecho con m\u00e1s de 20 a\u00f1os en el ejercicio profesional ocupando puestos como Juez Calificador, defensor de oficio, oficial del Registro Civil Interino, entre otros.<\/p>\n<p>&nbsp;<\/p>\n<p>Finalmente, el funcionario municipal agradeci\u00f3 la confianza conferida la cual asumir\u00e1 con lealtad, responsabilidad y compromiso.<\/p>\n<p>Fecha de Publicaci\u00f3n\u00a0 lunes \/ 28\u00a0 \/ junio \/ 2021<\/p>\n<p>&nbsp;<\/p>\n","protected":false},"excerpt":{"rendered":"<p>\u00c1LAMOS,SONORA,MX.\u2500 Inocente Aguilar C\u00e1rdenas asumi\u00f3 el cargo de coordinador de la Unidad de investigaciones del&#8230;<\/p>\n","protected":false},"author":1,"featured_media":117350,"comment_status":"open","ping_status":"open","sticky":false,"template":"","format":"standard","meta":{"_monsterinsights_skip_tracking":false,"_monsterinsights_sitenote_active":false,"_monsterinsights_sitenote_note":"","_monsterinsights_sitenote_category":0,"footnotes":""},"categories":[4,22],"tags":[860],"class_list":["post"],"yoast_head":" \n<title>Sonora en Equipo. Nombran nuevo coordinador de unidad de investigaciones en \u00c1lamos Sonora<\/title>\n<meta name=\"description\" content=\"\u00c1LAMOS,SONORA,MX.\u2500 Inocente Aguilar C\u00e1rdenas asumi\u00f3 el cargo de coordinador de la Unidad de investigaciones del \u00d3rgano de Control y evaluaci\u00f3n En Sonora en Equipo publicamos toda la informaci\u00f3n de Sonora, M\u00e9xico y el Mundo de manera oportuna y busca que la libertad de expresi\u00f3n sea real. Visita nuestro medio informativo publicado desde Hermosillo, Sonora. %\" \/>\n<meta name=\"robots\" content=\"index, follow, max-snippet:-1, max-image-preview:large, max-video-preview:-1\" \/>\n<link rel=\"canonical\" href=\"https:\/\/www.sonoraenequipo.com.mx\/nombran-nuevo-coordinador-de-unidad-de-investigaciones-en-alamos\/\" \/>\n<meta property=\"og:locale\" content=\"es_ES\" \/>\n<meta property=\"og:type\" content=\"article\" \/>\n<meta property=\"og:title\" content=\"Sonora en Equipo. Nombran nuevo coordinador de unidad de investigaciones en \u00c1lamos Sonora\" \/>\n<meta property=\"og:description\" content=\"\u00c1LAMOS,SONORA,MX.\u2500 Inocente Aguilar C\u00e1rdenas asumi\u00f3 el cargo de coordinador de la Unidad de investigaciones del \u00d3rgano de Control y evaluaci\u00f3n En Sonora en Equipo publicamos toda la informaci\u00f3n de Sonora, M\u00e9xico y el Mundo de manera oportuna y busca que la libertad de expresi\u00f3n sea real. Visita nuestro medio informativo publicado desde Hermosillo, Sonora. %\" \/>\n<meta property=\"og:url\" content=\"https:\/\/www.sonoraenequipo.com.mx\/nombran-nuevo-coordinador-de-unidad-de-investigaciones-en-alamos\/\" \/>\n<meta property=\"og:site_name\" content=\"Sonora en Equipo.\" \/>\n<meta property=\"article:publisher\" content=\"https:\/\/www.facebook.com\/SonoraEE\/\" \/>\n<meta property=\"article:author\" content=\"https:\/\/www.facebook.com\/SonoraEE\" \/>\n<meta property=\"article:published_time\" content=\"2021-06-28T21:28:08+00:00\" \/>\n<meta property=\"og:image\" content=\"https:\/\/www.sonoraenequipo.com.mx\/storage\/2021\/06\/alamos280621.jpg\" \/>\n\t<meta property=\"og:image:width\" content=\"700\" \/>\n\t<meta property=\"og:image:height\" content=\"400\" \/>\n\t<meta property=\"og:image:type\" content=\"image\/jpeg\" \/>\n<meta name=\"author\" content=\"enequipo\" \/>\n<meta name=\"twitter:card\" content=\"summary_large_image\" \/>\n<meta name=\"twitter:creator\" content=\"@sonoraenequipo\" \/>\n<meta name=\"twitter:site\" content=\"@sonoraenequipo\" \/>\n<meta name=\"twitter:label1\" content=\"Escrito por\" \/>\n\t<meta name=\"twitter:data1\" content=\"enequipo\" \/>\n\t<meta name=\"twitter:label2\" content=\"Tiempo de lectura\" \/>\n\t<meta name=\"twitter:data2\" content=\"1 minuto\" \/>\n<script type=\"application\/ld+json\" class=\"yoast-schema-graph\">{\"@context\":\"https:\/\/schema.org\",\"@graph\":[{\"@type\":\"Article\",\"@id\":\"https:\/\/www.sonoraenequipo.com.mx\/nombran-nuevo-coordinador-de-unidad-de-investigaciones-en-alamos\/#article\",\"isPartOf\":{\"@id\":\"https:\/\/www.sonoraenequipo.com.mx\/nombran-nuevo-coordinador-de-unidad-de-investigaciones-en-alamos\/\"},\"author\":{\"name\":\"enequipo\",\"@id\":\"https:\/\/www.sonoraenequipo.com.mx\/#\/schema\/person\/50102df0fb23a8fa9e8effad8fa81386\"},\"headline\":\"Nombran nuevo coordinador de unidad de investigaciones en \u00c1lamos\",\"datePublished\":\"2021-06-28T21:28:08+00:00\",\"mainEntityOfPage\":{\"@id\":\"https:\/\/www.sonoraenequipo.com.mx\/nombran-nuevo-coordinador-de-unidad-de-investigaciones-en-alamos\/\"},\"wordCount\":135,\"commentCount\":0,\"publisher\":{\"@id\":\"https:\/\/www.sonoraenequipo.com.mx\/#organization\"},\"image\":{\"@id\":\"https:\/\/www.sonoraenequipo.com.mx\/nombran-nuevo-coordinador-de-unidad-de-investigaciones-en-alamos\/#primaryimage\"},\"thumbnailUrl\":\"https:\/\/www.sonoraenequipo.com.mx\/storage\/2021\/06\/alamos280621.jpg\",\"keywords\":[\"ALAMOS\"],\"articleSection\":[\"Municipios\",\"Sonora\"],\"inLanguage\":\"es\",\"potentialAction\":[{\"@type\":\"CommentAction\",\"name\":\"Comment\",\"target\":[\"https:\/\/www.sonoraenequipo.com.mx\/nombran-nuevo-coordinador-de-unidad-de-investigaciones-en-alamos\/#respond\"]}]},{\"@type\":\"WebPage\",\"@id\":\"https:\/\/www.sonoraenequipo.com.mx\/nombran-nuevo-coordinador-de-unidad-de-investigaciones-en-alamos\/\",\"url\":\"https:\/\/www.sonoraenequipo.com.mx\/nombran-nuevo-coordinador-de-unidad-de-investigaciones-en-alamos\/\",\"name\":\"Sonora en Equipo. Nombran nuevo coordinador de unidad de investigaciones en \u00c1lamos Sonora\",\"isPartOf\":{\"@id\":\"https:\/\/www.sonoraenequipo.com.mx\/#website\"},\"primaryImageOfPage\":{\"@id\":\"https:\/\/www.sonoraenequipo.com.mx\/nombran-nuevo-coordinador-de-unidad-de-investigaciones-en-alamos\/#primaryimage\"},\"image\":{\"@id\":\"https:\/\/www.sonoraenequipo.com.mx\/nombran-nuevo-coordinador-de-unidad-de-investigaciones-en-alamos\/#primaryimage\"},\"thumbnailUrl\":\"https:\/\/www.sonoraenequipo.com.mx\/storage\/2021\/06\/alamos280621.jpg\",\"datePublished\":\"2021-06-28T21:28:08+00:00\",\"description\":\"\u00c1LAMOS,SONORA,MX.\u2500 Inocente Aguilar C\u00e1rdenas asumi\u00f3 el cargo de coordinador de la Unidad de investigaciones del \u00d3rgano de Control y evaluaci\u00f3n En Sonora en Equipo publicamos toda la informaci\u00f3n de Sonora, M\u00e9xico y el Mundo de manera oportuna y busca que la libertad de expresi\u00f3n sea real. Visita nuestro medio informativo publicado desde Hermosillo, Sonora. %\",\"breadcrumb\":{\"@id\":\"https:\/\/www.sonoraenequipo.com.mx\/nombran-nuevo-coordinador-de-unidad-de-investigaciones-en-alamos\/#breadcrumb\"},\"inLanguage\":\"es\",\"potentialAction\":[{\"@type\":\"ReadAction\",\"target\":[\"https:\/\/www.sonoraenequipo.com.mx\/nombran-nuevo-coordinador-de-unidad-de-investigaciones-en-alamos\/\"]}]},{\"@type\":\"ImageObject\",\"inLanguage\":\"es\",\"@id\":\"https:\/\/www.sonoraenequipo.com.mx\/nombran-nuevo-coordinador-de-unidad-de-investigaciones-en-alamos\/#primaryimage\",\"url\":\"https:\/\/www.sonoraenequipo.com.mx\/storage\/2021\/06\/alamos280621.jpg\",\"contentUrl\":\"https:\/\/www.sonoraenequipo.com.mx\/storage\/2021\/06\/alamos280621.jpg\",\"width\":700,\"height\":400},{\"@type\":\"BreadcrumbList\",\"@id\":\"https:\/\/www.sonoraenequipo.com.mx\/nombran-nuevo-coordinador-de-unidad-de-investigaciones-en-alamos\/#breadcrumb\",\"itemListElement\":[{\"@type\":\"ListItem\",\"position\":1,\"name\":\"Portada\",\"item\":\"https:\/\/www.sonoraenequipo.com.mx\/\"},{\"@type\":\"ListItem\",\"position\":2,\"name\":\"Nombran nuevo coordinador de unidad de investigaciones en \u00c1lamos\"}]},{\"@type\":\"WebSite\",\"@id\":\"https:\/\/www.sonoraenequipo.com.mx\/#website\",\"url\":\"https:\/\/www.sonoraenequipo.com.mx\/\",\"name\":\"Sonora en Equipo.\",\"description\":\"Diario en l\u00ednea con Noticias desde Hermosillo, Sonora\",\"publisher\":{\"@id\":\"https:\/\/www.sonoraenequipo.com.mx\/#organization\"},\"potentialAction\":[{\"@type\":\"SearchAction\",\"target\":{\"@type\":\"EntryPoint\",\"urlTemplate\":\"https:\/\/www.sonoraenequipo.com.mx\/?s={search_term_string}\"},\"query-input\":{\"@type\":\"PropertyValueSpecification\",\"valueRequired\":true,\"valueName\":\"search_term_string\"}}],\"inLanguage\":\"es\"},{\"@type\":\"Organization\",\"@id\":\"https:\/\/www.sonoraenequipo.com.mx\/#organization\",\"name\":\"Sonoraenequipo.com.mx\",\"url\":\"https:\/\/www.sonoraenequipo.com.mx\/\",\"logo\":{\"@type\":\"ImageObject\",\"inLanguage\":\"es\",\"@id\":\"https:\/\/www.sonoraenequipo.com.mx\/#\/schema\/logo\/image\/\",\"url\":\"https:\/\/www.sonoraenequipo.com.mx\/storage\/2019\/01\/sonoraenequipo_opt.png\",\"contentUrl\":\"https:\/\/www.sonoraenequipo.com.mx\/storage\/2019\/01\/sonoraenequipo_opt.png\",\"width\":375,\"height\":125,\"caption\":\"Sonoraenequipo.com.mx\"},\"image\":{\"@id\":\"https:\/\/www.sonoraenequipo.com.mx\/#\/schema\/logo\/image\/\"},\"sameAs\":[\"https:\/\/www.facebook.com\/SonoraEE\/\",\"https:\/\/x.com\/sonoraenequipo\",\"https:\/\/www.youtube.com\/channel\/UC338nW-lPEYmJQs4ZABQ1SQ\"]},{\"@type\":\"Person\",\"@id\":\"https:\/\/www.sonoraenequipo.com.mx\/#\/schema\/person\/50102df0fb23a8fa9e8effad8fa81386\",\"name\":\"enequipo\",\"image\":{\"@type\":\"ImageObject\",\"inLanguage\":\"es\",\"@id\":\"https:\/\/www.sonoraenequipo.com.mx\/#\/schema\/person\/image\/\",\"url\":\"https:\/\/secure.gravatar.com\/avatar\/049821681b589dabc0bc20695993ccebb09f5b5d4d790cd9251b97faac7c652b?s=96&d=blank&r=g\",\"contentUrl\":\"https:\/\/secure.gravatar.com\/avatar\/049821681b589dabc0bc20695993ccebb09f5b5d4d790cd9251b97faac7c652b?s=96&d=blank&r=g\",\"caption\":\"enequipo\"},\"sameAs\":[\"https:\/\/www.facebook.com\/SonoraEE\"]}]}<\/script>\n ","yoast_head_json":{"title":"Sonora en Equipo. Nombran nuevo coordinador de unidad de investigaciones en \u00c1lamos Sonora","description":"\u00c1LAMOS,SONORA,MX.\u2500 Inocente Aguilar C\u00e1rdenas asumi\u00f3 el cargo de coordinador de la Unidad de investigaciones del \u00d3rgano de Control y evaluaci\u00f3n En Sonora en Equipo publicamos toda la informaci\u00f3n de Sonora, M\u00e9xico y el Mundo de manera oportuna y busca que la libertad de expresi\u00f3n sea real. Visita nuestro medio informativo publicado desde Hermosillo, Sonora. %","robots":{"index":"index","follow":"follow","max-snippet":"max-snippet:-1","max-image-preview":"max-image-preview:large","max-video-preview":"max-video-preview:-1"},"canonical":"https:\/\/www.sonoraenequipo.com.mx\/nombran-nuevo-coordinador-de-unidad-de-investigaciones-en-alamos\/","og_locale":"es_ES","og_type":"article","og_title":"Sonora en Equipo. Nombran nuevo coordinador de unidad de investigaciones en \u00c1lamos Sonora","og_description":"\u00c1LAMOS,SONORA,MX.\u2500 Inocente Aguilar C\u00e1rdenas asumi\u00f3 el cargo de coordinador de la Unidad de investigaciones del \u00d3rgano de Control y evaluaci\u00f3n En Sonora en Equipo publicamos toda la informaci\u00f3n de Sonora, M\u00e9xico y el Mundo de manera oportuna y busca que la libertad de expresi\u00f3n sea real. Visita nuestro medio informativo publicado desde Hermosillo, Sonora. %","og_url":"https:\/\/www.sonoraenequipo.com.mx\/nombran-nuevo-coordinador-de-unidad-de-investigaciones-en-alamos\/","og_site_name":"Sonora en Equipo.","article_publisher":"https:\/\/www.facebook.com\/SonoraEE\/","article_author":"https:\/\/www.facebook.com\/SonoraEE","article_published_time":"2021-06-28T21:28:08+00:00","og_image":[{"width":700,"height":400,"url":"https:\/\/www.sonoraenequipo.com.mx\/storage\/2021\/06\/alamos280621.jpg","type":"image\/jpeg"}],"author":"enequipo","twitter_card":"summary_large_image","twitter_creator":"@sonoraenequipo","twitter_site":"@sonoraenequipo","twitter_misc":{"Escrito por":"enequipo","Tiempo de lectura":"1 minuto"},"schema":{"@context":"https:\/\/schema.org","@graph":[{"@type":"Article","@id":"https:\/\/www.sonoraenequipo.com.mx\/nombran-nuevo-coordinador-de-unidad-de-investigaciones-en-alamos\/#article","isPartOf":{"@id":"https:\/\/www.sonoraenequipo.com.mx\/nombran-nuevo-coordinador-de-unidad-de-investigaciones-en-alamos\/"},"author":{"name":"enequipo","@id":"https:\/\/www.sonoraenequipo.com.mx\/#\/schema\/person\/50102df0fb23a8fa9e8effad8fa81386"},"headline":"Nombran nuevo coordinador de unidad de investigaciones en \u00c1lamos","datePublished":"2021-06-28T21:28:08+00:00","mainEntityOfPage":{"@id":"https:\/\/www.sonoraenequipo.com.mx\/nombran-nuevo-coordinador-de-unidad-de-investigaciones-en-alamos\/"},"wordCount":135,"commentCount":0,"publisher":{"@id":"https:\/\/www.sonoraenequipo.com.mx\/#organization"},"image":{"@id":"https:\/\/www.sonoraenequipo.com.mx\/nombran-nuevo-coordinador-de-unidad-de-investigaciones-en-alamos\/#primaryimage"},"thumbnailUrl":"https:\/\/www.sonoraenequipo.com.mx\/storage\/2021\/06\/alamos280621.jpg","keywords":["ALAMOS"],"articleSection":["Municipios","Sonora"],"inLanguage":"es","potentialAction":[{"@type":"CommentAction","name":"Comment","target":["https:\/\/www.sonoraenequipo.com.mx\/nombran-nuevo-coordinador-de-unidad-de-investigaciones-en-alamos\/#respond"]}]},{"@type":"WebPage","@id":"https:\/\/www.sonoraenequipo.com.mx\/nombran-nuevo-coordinador-de-unidad-de-investigaciones-en-alamos\/","url":"https:\/\/www.sonoraenequipo.com.mx\/nombran-nuevo-coordinador-de-unidad-de-investigaciones-en-alamos\/","name":"Sonora en Equipo. Nombran nuevo coordinador de unidad de investigaciones en \u00c1lamos Sonora","isPartOf":{"@id":"https:\/\/www.sonoraenequipo.com.mx\/#website"},"primaryImageOfPage":{"@id":"https:\/\/www.sonoraenequipo.com.mx\/nombran-nuevo-coordinador-de-unidad-de-investigaciones-en-alamos\/#primaryimage"},"image":{"@id":"https:\/\/www.sonoraenequipo.com.mx\/nombran-nuevo-coordinador-de-unidad-de-investigaciones-en-alamos\/#primaryimage"},"thumbnailUrl":"https:\/\/www.sonoraenequipo.com.mx\/storage\/2021\/06\/alamos280621.jpg","datePublished":"2021-06-28T21:28:08+00:00","description":"\u00c1LAMOS,SONORA,MX.\u2500 Inocente Aguilar C\u00e1rdenas asumi\u00f3 el cargo de coordinador de la Unidad de investigaciones del \u00d3rgano de Control y evaluaci\u00f3n En Sonora en Equipo publicamos toda la informaci\u00f3n de Sonora, M\u00e9xico y el Mundo de manera oportuna y busca que la libertad de expresi\u00f3n sea real. Visita nuestro medio informativo publicado desde Hermosillo, Sonora. %","breadcrumb":{"@id":"https:\/\/www.sonoraenequipo.com.mx\/nombran-nuevo-coordinador-de-unidad-de-investigaciones-en-alamos\/#breadcrumb"},"inLanguage":"es","potentialAction":[{"@type":"ReadAction","target":["https:\/\/www.sonoraenequipo.com.mx\/nombran-nuevo-coordinador-de-unidad-de-investigaciones-en-alamos\/"]}]},{"@type":"ImageObject","inLanguage":"es","@id":"https:\/\/www.sonoraenequipo.com.mx\/nombran-nuevo-coordinador-de-unidad-de-investigaciones-en-alamos\/#primaryimage","url":"https:\/\/www.sonoraenequipo.com.mx\/storage\/2021\/06\/alamos280621.jpg","contentUrl":"https:\/\/www.sonoraenequipo.com.mx\/storage\/2021\/06\/alamos280621.jpg","width":700,"height":400},{"@type":"BreadcrumbList","@id":"https:\/\/www.sonoraenequipo.com.mx\/nombran-nuevo-coordinador-de-unidad-de-investigaciones-en-alamos\/#breadcrumb","itemListElement":[{"@type":"ListItem","position":1,"name":"Portada","item":"https:\/\/www.sonoraenequipo.com.mx\/"},{"@type":"ListItem","position":2,"name":"Nombran nuevo coordinador de unidad de investigaciones en \u00c1lamos"}]},{"@type":"WebSite","@id":"https:\/\/www.sonoraenequipo.com.mx\/#website","url":"https:\/\/www.sonoraenequipo.com.mx\/","name":"Sonora en Equipo.","description":"Diario en l\u00ednea con Noticias desde Hermosillo, Sonora","publisher":{"@id":"https:\/\/www.sonoraenequipo.com.mx\/#organization"},"potentialAction":[{"@type":"SearchAction","target":{"@type":"EntryPoint","urlTemplate":"https:\/\/www.sonoraenequipo.com.mx\/?s={search_term_string}"},"query-input":{"@type":"PropertyValueSpecification","valueRequired":true,"valueName":"search_term_string"}}],"inLanguage":"es"},{"@type":"Organization","@id":"https:\/\/www.sonoraenequipo.com.mx\/#organization","name":"Sonoraenequipo.com.mx","url":"https:\/\/www.sonoraenequipo.com.mx\/","logo":{"@type":"ImageObject","inLanguage":"es","@id":"https:\/\/www.sonoraenequipo.com.mx\/#\/schema\/logo\/image\/","url":"https:\/\/www.sonoraenequipo.com.mx\/storage\/2019\/01\/sonoraenequipo_opt.png","contentUrl":"https:\/\/www.sonoraenequipo.com.mx\/storage\/2019\/01\/sonoraenequipo_opt.png","width":375,"height":125,"caption":"Sonoraenequipo.com.mx"},"image":{"@id":"https:\/\/www.sonoraenequipo.com.mx\/#\/schema\/logo\/image\/"},"sameAs":["https:\/\/www.facebook.com\/SonoraEE\/","https:\/\/x.com\/sonoraenequipo","https:\/\/www.youtube.com\/channel\/UC338nW-lPEYmJQs4ZABQ1SQ"]},{"@type":"Person","@id":"https:\/\/www.sonoraenequipo.com.mx\/#\/schema\/person\/50102df0fb23a8fa9e8effad8fa81386","name":"enequipo","image":{"@type":"ImageObject","inLanguage":"es","@id":"https:\/\/www.sonoraenequipo.com.mx\/#\/schema\/person\/image\/","url":"https:\/\/secure.gravatar.com\/avatar\/049821681b589dabc0bc20695993ccebb09f5b5d4d790cd9251b97faac7c652b?s=96&d=blank&r=g","contentUrl":"https:\/\/secure.gravatar.com\/avatar\/049821681b589dabc0bc20695993ccebb09f5b5d4d790cd9251b97faac7c652b?s=96&d=blank&r=g","caption":"enequipo"},"sameAs":["https:\/\/www.facebook.com\/SonoraEE"]}]}},"jetpack_featured_media_url":"https:\/\/www.sonoraenequipo.com.mx\/storage\/2021\/06\/alamos280621.jpg","_links":{"self":[{"href":"https:\/\/www.sonoraenequipo.com.mx\/api\/wp\/v2\/posts\/117347","targetHints":{"allow":["GET"]}}],"collection":[{"href":"https:\/\/www.sonoraenequipo.com.mx\/api\/wp\/v2\/posts"}],"about":[{"href":"https:\/\/www.sonoraenequipo.com.mx\/api\/wp\/v2\/types\/post"}],"author":[{"embeddable":true,"href":"https:\/\/www.sonoraenequipo.com.mx\/api\/wp\/v2\/users\/1"}],"replies":[{"embeddable":true,"href":"https:\/\/www.sonoraenequipo.com.mx\/api\/wp\/v2\/comments?post=117347"}],"version-history":[{"count":1,"href":"https:\/\/www.sonoraenequipo.com.mx\/api\/wp\/v2\/posts\/117347\/revisions"}],"predecessor-version":[{"id":117351,"href":"https:\/\/www.sonoraenequipo.com.mx\/api\/wp\/v2\/posts\/117347\/revisions\/117351"}],"wp:featuredmedia":[{"embeddable":true,"href":"https:\/\/www.sonoraenequipo.com.mx\/api\/wp\/v2\/media\/117350"}],"wp:attachment":[{"href":"https:\/\/www.sonoraenequipo.com.mx\/api\/wp\/v2\/media?parent=117347"}],"wp:term":[{"taxonomy":"category","embeddable":true,"href":"https:\/\/www.sonoraenequipo.com.mx\/api\/wp\/v2\/categories?post=117347"},{"taxonomy":"post_tag","embeddable":true,"href":"https:\/\/www.sonoraenequipo.com.mx\/api\/wp\/v2\/tags?post=117347"}],"curies":[{"name":"wp","href":"https:\/\/api.w.org\/{rel}","templated":true}]}}