{"id":117352,"date":"2021-06-28T14:38:43","date_gmt":"2021-06-28T21:38:43","guid":{"rendered":"https:\/\/www.sonoraenequipo.com.mx\/?p=117352"},"modified":"2021-06-28T14:38:43","modified_gmt":"2021-06-28T21:38:43","slug":"oficializan-integracion-de-consejo-consultivo-municipal-de-participacion-ciudadana-para-el-desarrollo-sustentable","status":"publish","type":"post","link":"https:\/\/www.sonoraenequipo.com.mx\/oficializan-integracion-de-consejo-consultivo-municipal-de-participacion-ciudadana-para-el-desarrollo-sustentable\/","title":{"rendered":"Oficializan integraci\u00f3n de Consejo Consultivo Municipal de Participaci\u00f3n Ciudadana para el Desarrollo Sustentable"},"content":{"rendered":"<p>HERMOSILLO, SONORA,MX.\u2500\u2500 El alcalde Ferm\u00edn Gonz\u00e1lez Gaxiola tom\u00f3 protesta a los integrantes del Consejo Consultivo Municipal de Participaci\u00f3n Ciudadana para el Desarrollo Sustentable, que estar\u00e1 presidido por Diana Meza Figueroa.<\/p>\n<p>&nbsp;<\/p>\n<p>\u201cA nombre del Gobierno Municipal agradezco a todos los integrantes de este consejo por su esfuerzo y convicci\u00f3n\u201d dijo, \u201cal trabajar en conjunto por mejorar el desarrollo de nuestra ciudad de manera amable con el medio ambiente.<\/p>\n<p>&nbsp;<\/p>\n<p>Reconoci\u00f3 a cada uno de los integrantes como personas que est\u00e1n entregando su esfuerzo y dedicaci\u00f3n a este tema. \u201cEspero que en poco tiempo impactemos en la conciencia de los ciudadanos\u201d, manifest\u00f3.<\/p>\n<p>&nbsp;<\/p>\n<p>El Presidente Municipal dijo que la gran labor de este consejo ser\u00e1 promover la participaci\u00f3n corresponsable de la sociedad en la formaci\u00f3n, ejecuci\u00f3n y evaluaci\u00f3n de la pol\u00edtica ambiental municipal y en la aplicaci\u00f3n de sus instrumentos en la elaboraci\u00f3n de normas t\u00e9cnicas complementarias en materia ambiental, que nos beneficiar\u00e1n a todos los habitantes de Hermosillo.<\/p>\n<p>&nbsp;<\/p>\n<p>Despu\u00e9s de la toma de protesta, el Alcalde entreg\u00f3 reconocimientos a los miembros del consejo, que fue integrado en marzo del a\u00f1o 2020, despu\u00e9s de una convocatoria lanzada a instituciones de investigaci\u00f3n, colegios de profesionistas, c\u00e1maras empresariales, asociaciones civiles, instituciones educativas y otros grupos sociales interesados por la conservaci\u00f3n y protecci\u00f3n del medio ambiente.<\/p>\n<p>&nbsp;<\/p>\n<p>Presente Jos\u00e9 Carrillo Atondo,\u00a0 Coordinador General de Infraestructura, Desarrollo Urbano y Ecolog\u00eda; el regidor Iv\u00e1n Miranda P\u00e9rez, Presidente de la Comisi\u00f3n de Desarrollo Urbano, Obra P\u00fablica, Asentamientos Humanos y Preservaci\u00f3n Ecol\u00f3gica; y Santa Aurora N\u00e1poles Trujillo, Directora del Instituto Municipal de Ecolog\u00eda, quienes tambi\u00e9n forman parte del consejo.<\/p>\n<p>&nbsp;<\/p>\n<p>&nbsp;<\/p>\n<p>Integrantes del consejo:<\/p>\n<p>&nbsp;<\/p>\n<p>Prestadores de Servicios Ambientales:<\/p>\n<p>&nbsp;<\/p>\n<p>Representante: Rogelio Molina Freaner<\/p>\n<p>&nbsp;<\/p>\n<p>Suplente: Alva Lorena Gallego Figueroa<\/p>\n<p>&nbsp;<\/p>\n<p>&nbsp;<\/p>\n<p>&nbsp;<\/p>\n<p>Organizaciones civiles de car\u00e1cter ambiental<\/p>\n<p>&nbsp;<\/p>\n<p>Representante: Sergio Andr\u00e9s Paredes M\u00fcller<\/p>\n<p>&nbsp;<\/p>\n<p>Suplente: Gerardo Carre\u00f3n Arroyo<\/p>\n<p>Sector privado<\/p>\n<p>&nbsp;<\/p>\n<p>Representante: Fernanda Jazm\u00edn Vega Grijalva<\/p>\n<p>&nbsp;<\/p>\n<p>Suplente: Guillermo Salvador Plata Mart\u00ednez<\/p>\n<p>&nbsp;<\/p>\n<p>Instituciones de Educaci\u00f3n Superior<\/p>\n<p>&nbsp;<\/p>\n<p>Representante: Maribel Pallanez Murrieta<\/p>\n<p>&nbsp;<\/p>\n<p>Suplente: Martha Ver\u00f3nica Maldonado<\/p>\n<p>Centros de investigaci\u00f3n<\/p>\n<p>&nbsp;<\/p>\n<p>Representante: Diana Meza Figueroa<\/p>\n<p>&nbsp;<\/p>\n<p>Suplente: Carmen Isela Ortega Rosas.<\/p>\n<p>&nbsp;<\/p>\n<p>Fecha de Publicaci\u00f3n\u00a0 lunes \/ 28\u00a0 \/ junio \/ 2021<\/p>\n<p>&nbsp;<\/p>\n","protected":false},"excerpt":{"rendered":"<p>HERMOSILLO, SONORA,MX.\u2500\u2500 El alcalde Ferm\u00edn Gonz\u00e1lez Gaxiola tom\u00f3 protesta a los integrantes del Consejo Consultivo&#8230;<\/p>\n","protected":false},"author":1,"featured_media":117353,"comment_status":"open","ping_status":"open","sticky":false,"template":"","format":"standard","meta":{"_monsterinsights_skip_tracking":false,"_monsterinsights_sitenote_active":false,"_monsterinsights_sitenote_note":"","_monsterinsights_sitenote_category":0,"footnotes":""},"categories":[4],"tags":[5862,35],"class_list":["post"],"yoast_head":" \n<title>Sonora en Equipo. Oficializan integraci\u00f3n de Consejo Consultivo Municipal de Participaci\u00f3n Ciudadana para el Desarrollo Sustentable Municipios<\/title>\n<meta name=\"description\" content=\"HERMOSILLO, SONORA,MX.\u2500\u2500 El alcalde Ferm\u00edn Gonz\u00e1lez Gaxiola tom\u00f3 protesta a los integrantes del Consejo Consultivo Municipal de Participaci\u00f3n Ciudadana En Sonora en Equipo publicamos toda la informaci\u00f3n de Sonora, M\u00e9xico y el Mundo de manera oportuna y busca que la libertad de expresi\u00f3n sea real. Visita nuestro medio informativo publicado desde Hermosillo, Sonora. %\" \/>\n<meta name=\"robots\" content=\"index, follow, max-snippet:-1, max-image-preview:large, max-video-preview:-1\" \/>\n<link rel=\"canonical\" href=\"https:\/\/www.sonoraenequipo.com.mx\/oficializan-integracion-de-consejo-consultivo-municipal-de-participacion-ciudadana-para-el-desarrollo-sustentable\/\" \/>\n<meta property=\"og:locale\" content=\"es_ES\" \/>\n<meta property=\"og:type\" content=\"article\" \/>\n<meta property=\"og:title\" content=\"Sonora en Equipo. Oficializan integraci\u00f3n de Consejo Consultivo Municipal de Participaci\u00f3n Ciudadana para el Desarrollo Sustentable Municipios\" \/>\n<meta property=\"og:description\" content=\"HERMOSILLO, SONORA,MX.\u2500\u2500 El alcalde Ferm\u00edn Gonz\u00e1lez Gaxiola tom\u00f3 protesta a los integrantes del Consejo Consultivo Municipal de Participaci\u00f3n Ciudadana En Sonora en Equipo publicamos toda la informaci\u00f3n de Sonora, M\u00e9xico y el Mundo de manera oportuna y busca que la libertad de expresi\u00f3n sea real. Visita nuestro medio informativo publicado desde Hermosillo, Sonora. %\" \/>\n<meta property=\"og:url\" content=\"https:\/\/www.sonoraenequipo.com.mx\/oficializan-integracion-de-consejo-consultivo-municipal-de-participacion-ciudadana-para-el-desarrollo-sustentable\/\" \/>\n<meta property=\"og:site_name\" content=\"Sonora en Equipo.\" \/>\n<meta property=\"article:publisher\" content=\"https:\/\/www.facebook.com\/SonoraEE\/\" \/>\n<meta property=\"article:author\" content=\"https:\/\/www.facebook.com\/SonoraEE\" \/>\n<meta property=\"article:published_time\" content=\"2021-06-28T21:38:43+00:00\" \/>\n<meta property=\"og:image\" content=\"https:\/\/www.sonoraenequipo.com.mx\/storage\/2021\/06\/consejo-con-hmo.jpg\" \/>\n\t<meta property=\"og:image:width\" content=\"700\" \/>\n\t<meta property=\"og:image:height\" content=\"400\" \/>\n\t<meta property=\"og:image:type\" content=\"image\/jpeg\" \/>\n<meta name=\"author\" content=\"enequipo\" \/>\n<meta name=\"twitter:card\" content=\"summary_large_image\" \/>\n<meta name=\"twitter:creator\" content=\"@sonoraenequipo\" \/>\n<meta name=\"twitter:site\" content=\"@sonoraenequipo\" \/>\n<meta name=\"twitter:label1\" content=\"Escrito por\" \/>\n\t<meta name=\"twitter:data1\" content=\"enequipo\" \/>\n\t<meta name=\"twitter:label2\" content=\"Tiempo de lectura\" \/>\n\t<meta name=\"twitter:data2\" content=\"2 minutos\" \/>\n<script type=\"application\/ld+json\" class=\"yoast-schema-graph\">{\"@context\":\"https:\/\/schema.org\",\"@graph\":[{\"@type\":\"Article\",\"@id\":\"https:\/\/www.sonoraenequipo.com.mx\/oficializan-integracion-de-consejo-consultivo-municipal-de-participacion-ciudadana-para-el-desarrollo-sustentable\/#article\",\"isPartOf\":{\"@id\":\"https:\/\/www.sonoraenequipo.com.mx\/oficializan-integracion-de-consejo-consultivo-municipal-de-participacion-ciudadana-para-el-desarrollo-sustentable\/\"},\"author\":{\"name\":\"enequipo\",\"@id\":\"https:\/\/www.sonoraenequipo.com.mx\/#\/schema\/person\/50102df0fb23a8fa9e8effad8fa81386\"},\"headline\":\"Oficializan integraci\u00f3n de Consejo Consultivo Municipal de Participaci\u00f3n Ciudadana para el Desarrollo Sustentable\",\"datePublished\":\"2021-06-28T21:38:43+00:00\",\"mainEntityOfPage\":{\"@id\":\"https:\/\/www.sonoraenequipo.com.mx\/oficializan-integracion-de-consejo-consultivo-municipal-de-participacion-ciudadana-para-el-desarrollo-sustentable\/\"},\"wordCount\":409,\"commentCount\":0,\"publisher\":{\"@id\":\"https:\/\/www.sonoraenequipo.com.mx\/#organization\"},\"image\":{\"@id\":\"https:\/\/www.sonoraenequipo.com.mx\/oficializan-integracion-de-consejo-consultivo-municipal-de-participacion-ciudadana-para-el-desarrollo-sustentable\/#primaryimage\"},\"thumbnailUrl\":\"https:\/\/www.sonoraenequipo.com.mx\/storage\/2021\/06\/consejo-con-hmo.jpg\",\"keywords\":[\"consejo consultivo\",\"hermosillo\"],\"articleSection\":[\"Municipios\"],\"inLanguage\":\"es\",\"potentialAction\":[{\"@type\":\"CommentAction\",\"name\":\"Comment\",\"target\":[\"https:\/\/www.sonoraenequipo.com.mx\/oficializan-integracion-de-consejo-consultivo-municipal-de-participacion-ciudadana-para-el-desarrollo-sustentable\/#respond\"]}]},{\"@type\":\"WebPage\",\"@id\":\"https:\/\/www.sonoraenequipo.com.mx\/oficializan-integracion-de-consejo-consultivo-municipal-de-participacion-ciudadana-para-el-desarrollo-sustentable\/\",\"url\":\"https:\/\/www.sonoraenequipo.com.mx\/oficializan-integracion-de-consejo-consultivo-municipal-de-participacion-ciudadana-para-el-desarrollo-sustentable\/\",\"name\":\"Sonora en Equipo. Oficializan integraci\u00f3n de Consejo Consultivo Municipal de Participaci\u00f3n Ciudadana para el Desarrollo Sustentable Municipios\",\"isPartOf\":{\"@id\":\"https:\/\/www.sonoraenequipo.com.mx\/#website\"},\"primaryImageOfPage\":{\"@id\":\"https:\/\/www.sonoraenequipo.com.mx\/oficializan-integracion-de-consejo-consultivo-municipal-de-participacion-ciudadana-para-el-desarrollo-sustentable\/#primaryimage\"},\"image\":{\"@id\":\"https:\/\/www.sonoraenequipo.com.mx\/oficializan-integracion-de-consejo-consultivo-municipal-de-participacion-ciudadana-para-el-desarrollo-sustentable\/#primaryimage\"},\"thumbnailUrl\":\"https:\/\/www.sonoraenequipo.com.mx\/storage\/2021\/06\/consejo-con-hmo.jpg\",\"datePublished\":\"2021-06-28T21:38:43+00:00\",\"description\":\"HERMOSILLO, SONORA,MX.\u2500\u2500 El alcalde Ferm\u00edn Gonz\u00e1lez Gaxiola tom\u00f3 protesta a los integrantes del Consejo Consultivo Municipal de Participaci\u00f3n Ciudadana En Sonora en Equipo publicamos toda la informaci\u00f3n de Sonora, M\u00e9xico y el Mundo de manera oportuna y busca que la libertad de expresi\u00f3n sea real. Visita nuestro medio informativo publicado desde Hermosillo, Sonora. %\",\"breadcrumb\":{\"@id\":\"https:\/\/www.sonoraenequipo.com.mx\/oficializan-integracion-de-consejo-consultivo-municipal-de-participacion-ciudadana-para-el-desarrollo-sustentable\/#breadcrumb\"},\"inLanguage\":\"es\",\"potentialAction\":[{\"@type\":\"ReadAction\",\"target\":[\"https:\/\/www.sonoraenequipo.com.mx\/oficializan-integracion-de-consejo-consultivo-municipal-de-participacion-ciudadana-para-el-desarrollo-sustentable\/\"]}]},{\"@type\":\"ImageObject\",\"inLanguage\":\"es\",\"@id\":\"https:\/\/www.sonoraenequipo.com.mx\/oficializan-integracion-de-consejo-consultivo-municipal-de-participacion-ciudadana-para-el-desarrollo-sustentable\/#primaryimage\",\"url\":\"https:\/\/www.sonoraenequipo.com.mx\/storage\/2021\/06\/consejo-con-hmo.jpg\",\"contentUrl\":\"https:\/\/www.sonoraenequipo.com.mx\/storage\/2021\/06\/consejo-con-hmo.jpg\",\"width\":700,\"height\":400},{\"@type\":\"BreadcrumbList\",\"@id\":\"https:\/\/www.sonoraenequipo.com.mx\/oficializan-integracion-de-consejo-consultivo-municipal-de-participacion-ciudadana-para-el-desarrollo-sustentable\/#breadcrumb\",\"itemListElement\":[{\"@type\":\"ListItem\",\"position\":1,\"name\":\"Portada\",\"item\":\"https:\/\/www.sonoraenequipo.com.mx\/\"},{\"@type\":\"ListItem\",\"position\":2,\"name\":\"Oficializan integraci\u00f3n de Consejo Consultivo Municipal de Participaci\u00f3n Ciudadana para el Desarrollo Sustentable\"}]},{\"@type\":\"WebSite\",\"@id\":\"https:\/\/www.sonoraenequipo.com.mx\/#website\",\"url\":\"https:\/\/www.sonoraenequipo.com.mx\/\",\"name\":\"Sonora en Equipo.\",\"description\":\"Diario en l\u00ednea con Noticias desde Hermosillo, Sonora\",\"publisher\":{\"@id\":\"https:\/\/www.sonoraenequipo.com.mx\/#organization\"},\"potentialAction\":[{\"@type\":\"SearchAction\",\"target\":{\"@type\":\"EntryPoint\",\"urlTemplate\":\"https:\/\/www.sonoraenequipo.com.mx\/?s={search_term_string}\"},\"query-input\":{\"@type\":\"PropertyValueSpecification\",\"valueRequired\":true,\"valueName\":\"search_term_string\"}}],\"inLanguage\":\"es\"},{\"@type\":\"Organization\",\"@id\":\"https:\/\/www.sonoraenequipo.com.mx\/#organization\",\"name\":\"Sonoraenequipo.com.mx\",\"url\":\"https:\/\/www.sonoraenequipo.com.mx\/\",\"logo\":{\"@type\":\"ImageObject\",\"inLanguage\":\"es\",\"@id\":\"https:\/\/www.sonoraenequipo.com.mx\/#\/schema\/logo\/image\/\",\"url\":\"https:\/\/www.sonoraenequipo.com.mx\/storage\/2019\/01\/sonoraenequipo_opt.png\",\"contentUrl\":\"https:\/\/www.sonoraenequipo.com.mx\/storage\/2019\/01\/sonoraenequipo_opt.png\",\"width\":375,\"height\":125,\"caption\":\"Sonoraenequipo.com.mx\"},\"image\":{\"@id\":\"https:\/\/www.sonoraenequipo.com.mx\/#\/schema\/logo\/image\/\"},\"sameAs\":[\"https:\/\/www.facebook.com\/SonoraEE\/\",\"https:\/\/x.com\/sonoraenequipo\",\"https:\/\/www.youtube.com\/channel\/UC338nW-lPEYmJQs4ZABQ1SQ\"]},{\"@type\":\"Person\",\"@id\":\"https:\/\/www.sonoraenequipo.com.mx\/#\/schema\/person\/50102df0fb23a8fa9e8effad8fa81386\",\"name\":\"enequipo\",\"image\":{\"@type\":\"ImageObject\",\"inLanguage\":\"es\",\"@id\":\"https:\/\/www.sonoraenequipo.com.mx\/#\/schema\/person\/image\/\",\"url\":\"https:\/\/secure.gravatar.com\/avatar\/049821681b589dabc0bc20695993ccebb09f5b5d4d790cd9251b97faac7c652b?s=96&d=blank&r=g\",\"contentUrl\":\"https:\/\/secure.gravatar.com\/avatar\/049821681b589dabc0bc20695993ccebb09f5b5d4d790cd9251b97faac7c652b?s=96&d=blank&r=g\",\"caption\":\"enequipo\"},\"sameAs\":[\"https:\/\/www.facebook.com\/SonoraEE\"]}]}<\/script>\n ","yoast_head_json":{"title":"Sonora en Equipo. Oficializan integraci\u00f3n de Consejo Consultivo Municipal de Participaci\u00f3n Ciudadana para el Desarrollo Sustentable Municipios","description":"HERMOSILLO, SONORA,MX.\u2500\u2500 El alcalde Ferm\u00edn Gonz\u00e1lez Gaxiola tom\u00f3 protesta a los integrantes del Consejo Consultivo Municipal de Participaci\u00f3n Ciudadana En Sonora en Equipo publicamos toda la informaci\u00f3n de Sonora, M\u00e9xico y el Mundo de manera oportuna y busca que la libertad de expresi\u00f3n sea real. Visita nuestro medio informativo publicado desde Hermosillo, Sonora. %","robots":{"index":"index","follow":"follow","max-snippet":"max-snippet:-1","max-image-preview":"max-image-preview:large","max-video-preview":"max-video-preview:-1"},"canonical":"https:\/\/www.sonoraenequipo.com.mx\/oficializan-integracion-de-consejo-consultivo-municipal-de-participacion-ciudadana-para-el-desarrollo-sustentable\/","og_locale":"es_ES","og_type":"article","og_title":"Sonora en Equipo. Oficializan integraci\u00f3n de Consejo Consultivo Municipal de Participaci\u00f3n Ciudadana para el Desarrollo Sustentable Municipios","og_description":"HERMOSILLO, SONORA,MX.\u2500\u2500 El alcalde Ferm\u00edn Gonz\u00e1lez Gaxiola tom\u00f3 protesta a los integrantes del Consejo Consultivo Municipal de Participaci\u00f3n Ciudadana En Sonora en Equipo publicamos toda la informaci\u00f3n de Sonora, M\u00e9xico y el Mundo de manera oportuna y busca que la libertad de expresi\u00f3n sea real. Visita nuestro medio informativo publicado desde Hermosillo, Sonora. %","og_url":"https:\/\/www.sonoraenequipo.com.mx\/oficializan-integracion-de-consejo-consultivo-municipal-de-participacion-ciudadana-para-el-desarrollo-sustentable\/","og_site_name":"Sonora en Equipo.","article_publisher":"https:\/\/www.facebook.com\/SonoraEE\/","article_author":"https:\/\/www.facebook.com\/SonoraEE","article_published_time":"2021-06-28T21:38:43+00:00","og_image":[{"width":700,"height":400,"url":"https:\/\/www.sonoraenequipo.com.mx\/storage\/2021\/06\/consejo-con-hmo.jpg","type":"image\/jpeg"}],"author":"enequipo","twitter_card":"summary_large_image","twitter_creator":"@sonoraenequipo","twitter_site":"@sonoraenequipo","twitter_misc":{"Escrito por":"enequipo","Tiempo de lectura":"2 minutos"},"schema":{"@context":"https:\/\/schema.org","@graph":[{"@type":"Article","@id":"https:\/\/www.sonoraenequipo.com.mx\/oficializan-integracion-de-consejo-consultivo-municipal-de-participacion-ciudadana-para-el-desarrollo-sustentable\/#article","isPartOf":{"@id":"https:\/\/www.sonoraenequipo.com.mx\/oficializan-integracion-de-consejo-consultivo-municipal-de-participacion-ciudadana-para-el-desarrollo-sustentable\/"},"author":{"name":"enequipo","@id":"https:\/\/www.sonoraenequipo.com.mx\/#\/schema\/person\/50102df0fb23a8fa9e8effad8fa81386"},"headline":"Oficializan integraci\u00f3n de Consejo Consultivo Municipal de Participaci\u00f3n Ciudadana para el Desarrollo Sustentable","datePublished":"2021-06-28T21:38:43+00:00","mainEntityOfPage":{"@id":"https:\/\/www.sonoraenequipo.com.mx\/oficializan-integracion-de-consejo-consultivo-municipal-de-participacion-ciudadana-para-el-desarrollo-sustentable\/"},"wordCount":409,"commentCount":0,"publisher":{"@id":"https:\/\/www.sonoraenequipo.com.mx\/#organization"},"image":{"@id":"https:\/\/www.sonoraenequipo.com.mx\/oficializan-integracion-de-consejo-consultivo-municipal-de-participacion-ciudadana-para-el-desarrollo-sustentable\/#primaryimage"},"thumbnailUrl":"https:\/\/www.sonoraenequipo.com.mx\/storage\/2021\/06\/consejo-con-hmo.jpg","keywords":["consejo consultivo","hermosillo"],"articleSection":["Municipios"],"inLanguage":"es","potentialAction":[{"@type":"CommentAction","name":"Comment","target":["https:\/\/www.sonoraenequipo.com.mx\/oficializan-integracion-de-consejo-consultivo-municipal-de-participacion-ciudadana-para-el-desarrollo-sustentable\/#respond"]}]},{"@type":"WebPage","@id":"https:\/\/www.sonoraenequipo.com.mx\/oficializan-integracion-de-consejo-consultivo-municipal-de-participacion-ciudadana-para-el-desarrollo-sustentable\/","url":"https:\/\/www.sonoraenequipo.com.mx\/oficializan-integracion-de-consejo-consultivo-municipal-de-participacion-ciudadana-para-el-desarrollo-sustentable\/","name":"Sonora en Equipo. Oficializan integraci\u00f3n de Consejo Consultivo Municipal de Participaci\u00f3n Ciudadana para el Desarrollo Sustentable Municipios","isPartOf":{"@id":"https:\/\/www.sonoraenequipo.com.mx\/#website"},"primaryImageOfPage":{"@id":"https:\/\/www.sonoraenequipo.com.mx\/oficializan-integracion-de-consejo-consultivo-municipal-de-participacion-ciudadana-para-el-desarrollo-sustentable\/#primaryimage"},"image":{"@id":"https:\/\/www.sonoraenequipo.com.mx\/oficializan-integracion-de-consejo-consultivo-municipal-de-participacion-ciudadana-para-el-desarrollo-sustentable\/#primaryimage"},"thumbnailUrl":"https:\/\/www.sonoraenequipo.com.mx\/storage\/2021\/06\/consejo-con-hmo.jpg","datePublished":"2021-06-28T21:38:43+00:00","description":"HERMOSILLO, SONORA,MX.\u2500\u2500 El alcalde Ferm\u00edn Gonz\u00e1lez Gaxiola tom\u00f3 protesta a los integrantes del Consejo Consultivo Municipal de Participaci\u00f3n Ciudadana En Sonora en Equipo publicamos toda la informaci\u00f3n de Sonora, M\u00e9xico y el Mundo de manera oportuna y busca que la libertad de expresi\u00f3n sea real. Visita nuestro medio informativo publicado desde Hermosillo, Sonora. %","breadcrumb":{"@id":"https:\/\/www.sonoraenequipo.com.mx\/oficializan-integracion-de-consejo-consultivo-municipal-de-participacion-ciudadana-para-el-desarrollo-sustentable\/#breadcrumb"},"inLanguage":"es","potentialAction":[{"@type":"ReadAction","target":["https:\/\/www.sonoraenequipo.com.mx\/oficializan-integracion-de-consejo-consultivo-municipal-de-participacion-ciudadana-para-el-desarrollo-sustentable\/"]}]},{"@type":"ImageObject","inLanguage":"es","@id":"https:\/\/www.sonoraenequipo.com.mx\/oficializan-integracion-de-consejo-consultivo-municipal-de-participacion-ciudadana-para-el-desarrollo-sustentable\/#primaryimage","url":"https:\/\/www.sonoraenequipo.com.mx\/storage\/2021\/06\/consejo-con-hmo.jpg","contentUrl":"https:\/\/www.sonoraenequipo.com.mx\/storage\/2021\/06\/consejo-con-hmo.jpg","width":700,"height":400},{"@type":"BreadcrumbList","@id":"https:\/\/www.sonoraenequipo.com.mx\/oficializan-integracion-de-consejo-consultivo-municipal-de-participacion-ciudadana-para-el-desarrollo-sustentable\/#breadcrumb","itemListElement":[{"@type":"ListItem","position":1,"name":"Portada","item":"https:\/\/www.sonoraenequipo.com.mx\/"},{"@type":"ListItem","position":2,"name":"Oficializan integraci\u00f3n de Consejo Consultivo Municipal de Participaci\u00f3n Ciudadana para el Desarrollo Sustentable"}]},{"@type":"WebSite","@id":"https:\/\/www.sonoraenequipo.com.mx\/#website","url":"https:\/\/www.sonoraenequipo.com.mx\/","name":"Sonora en Equipo.","description":"Diario en l\u00ednea con Noticias desde Hermosillo, Sonora","publisher":{"@id":"https:\/\/www.sonoraenequipo.com.mx\/#organization"},"potentialAction":[{"@type":"SearchAction","target":{"@type":"EntryPoint","urlTemplate":"https:\/\/www.sonoraenequipo.com.mx\/?s={search_term_string}"},"query-input":{"@type":"PropertyValueSpecification","valueRequired":true,"valueName":"search_term_string"}}],"inLanguage":"es"},{"@type":"Organization","@id":"https:\/\/www.sonoraenequipo.com.mx\/#organization","name":"Sonoraenequipo.com.mx","url":"https:\/\/www.sonoraenequipo.com.mx\/","logo":{"@type":"ImageObject","inLanguage":"es","@id":"https:\/\/www.sonoraenequipo.com.mx\/#\/schema\/logo\/image\/","url":"https:\/\/www.sonoraenequipo.com.mx\/storage\/2019\/01\/sonoraenequipo_opt.png","contentUrl":"https:\/\/www.sonoraenequipo.com.mx\/storage\/2019\/01\/sonoraenequipo_opt.png","width":375,"height":125,"caption":"Sonoraenequipo.com.mx"},"image":{"@id":"https:\/\/www.sonoraenequipo.com.mx\/#\/schema\/logo\/image\/"},"sameAs":["https:\/\/www.facebook.com\/SonoraEE\/","https:\/\/x.com\/sonoraenequipo","https:\/\/www.youtube.com\/channel\/UC338nW-lPEYmJQs4ZABQ1SQ"]},{"@type":"Person","@id":"https:\/\/www.sonoraenequipo.com.mx\/#\/schema\/person\/50102df0fb23a8fa9e8effad8fa81386","name":"enequipo","image":{"@type":"ImageObject","inLanguage":"es","@id":"https:\/\/www.sonoraenequipo.com.mx\/#\/schema\/person\/image\/","url":"https:\/\/secure.gravatar.com\/avatar\/049821681b589dabc0bc20695993ccebb09f5b5d4d790cd9251b97faac7c652b?s=96&d=blank&r=g","contentUrl":"https:\/\/secure.gravatar.com\/avatar\/049821681b589dabc0bc20695993ccebb09f5b5d4d790cd9251b97faac7c652b?s=96&d=blank&r=g","caption":"enequipo"},"sameAs":["https:\/\/www.facebook.com\/SonoraEE"]}]}},"jetpack_featured_media_url":"https:\/\/www.sonoraenequipo.com.mx\/storage\/2021\/06\/consejo-con-hmo.jpg","_links":{"self":[{"href":"https:\/\/www.sonoraenequipo.com.mx\/api\/wp\/v2\/posts\/117352","targetHints":{"allow":["GET"]}}],"collection":[{"href":"https:\/\/www.sonoraenequipo.com.mx\/api\/wp\/v2\/posts"}],"about":[{"href":"https:\/\/www.sonoraenequipo.com.mx\/api\/wp\/v2\/types\/post"}],"author":[{"embeddable":true,"href":"https:\/\/www.sonoraenequipo.com.mx\/api\/wp\/v2\/users\/1"}],"replies":[{"embeddable":true,"href":"https:\/\/www.sonoraenequipo.com.mx\/api\/wp\/v2\/comments?post=117352"}],"version-history":[{"count":1,"href":"https:\/\/www.sonoraenequipo.com.mx\/api\/wp\/v2\/posts\/117352\/revisions"}],"predecessor-version":[{"id":117354,"href":"https:\/\/www.sonoraenequipo.com.mx\/api\/wp\/v2\/posts\/117352\/revisions\/117354"}],"wp:featuredmedia":[{"embeddable":true,"href":"https:\/\/www.sonoraenequipo.com.mx\/api\/wp\/v2\/media\/117353"}],"wp:attachment":[{"href":"https:\/\/www.sonoraenequipo.com.mx\/api\/wp\/v2\/media?parent=117352"}],"wp:term":[{"taxonomy":"category","embeddable":true,"href":"https:\/\/www.sonoraenequipo.com.mx\/api\/wp\/v2\/categories?post=117352"},{"taxonomy":"post_tag","embeddable":true,"href":"https:\/\/www.sonoraenequipo.com.mx\/api\/wp\/v2\/tags?post=117352"}],"curies":[{"name":"wp","href":"https:\/\/api.w.org\/{rel}","templated":true}]}}