{"id":117362,"date":"2021-06-28T17:46:51","date_gmt":"2021-06-29T00:46:51","guid":{"rendered":"https:\/\/www.sonoraenequipo.com.mx\/?p=117362"},"modified":"2021-06-28T17:49:31","modified_gmt":"2021-06-29T00:49:31","slug":"angelica-vale-le-gustaria-que-pusieran-su-estrella-junta-a-la-de-su-madre","status":"publish","type":"post","link":"https:\/\/www.sonoraenequipo.com.mx\/angelica-vale-le-gustaria-que-pusieran-su-estrella-junta-a-la-de-su-madre\/","title":{"rendered":"Ang\u00e9lica Vale le gustar\u00eda que pusieran su estrella junta a la de su madre."},"content":{"rendered":"<p>CIUDAD DE M\u00c9XICO. MX. \u2014 La cantante y actriz, Ang\u00e9lica Vale tendr\u00e1 su estrella en el Paseo de la Fama de Hollywood como homenaje a 43 a\u00f1os de carrera. Un premio que compartir\u00e1 con la ic\u00f3nica Ang\u00e9lica Mar\u00eda, su madre, que ya fue reconocida. Estar juntas ser\u00eda \u00abuna suerte\u00bb, dijo Vale en entrevista con Efe. \u00abClaro me gustar\u00eda estar al lado de mi mam\u00e1, por supuesto. Ser\u00eda un bello homenaje estar juntas, como siempre lo hemos estado\u00bb, relat\u00f3 la actriz, que se mostr\u00f3 muy emocionada por la estrella, que ser\u00e1 una realidad en 2022.<\/p>\n<p>&nbsp;<\/p>\n<p> <\/p>\n<p>&nbsp;<\/p>\n<p>La semana pasada la Hollywood Chamber of Commerce, que gestiona las estrellas del Paseo de la Fama, anunci\u00f3 que el nombre de la actriz figurar\u00eda en el c\u00e9lebre lugar de Los \u00c1ngeles donde est\u00e1n las grandes figuras del cine y la m\u00fasica. Vale, nacida en Ciudad de M\u00e9xico en 1975, se mostr\u00f3 visiblemente emocionada y uno de los motivos de mayor alegr\u00eda para ella es que, habiendo hecho su carrera en espa\u00f1ol, la hubiesen considerado.<\/p>\n<p>&nbsp;<\/p>\n<p><em>\u00abUna no cree que las personas que hablan ingl\u00e9s volteen a ver lo que est\u00e1s haciendo. Entonces, que de pronto me den este reconocimiento por mi trabajo en espa\u00f1ol la verdad es que se siente hermoso\u00bb,<\/em> relat\u00f3 la actriz, quien particip\u00f3 en producciones como \u00ab<em>La fea m\u00e1s bella\u00bb<\/em> (2006) o<em> \u00abLa Parodia\u00bb<\/em> (2018). A partir de 2022 madre e hija tendr\u00e1n sus estrellas y Vale, quien supo la noticia estando con su madre y por sorpresa de su marido, relat\u00f3 que tanto Ang\u00e9lica Mar\u00eda como ella rompieron en llanto al saberlo.<\/p>\n<p>&nbsp;<\/p>\n<p><em>\u00abYo creo que para mi mam\u00e1 esta (estrella) es m\u00e1s especial que la de ella. Ahora que entiendo lo que se siente ser mam\u00e1 creo que esta la inspira m\u00e1s que su propia estrella porque si alguna vez le dieran una estrella a mi hija o alg\u00fan reconocimiento yo me iba a sentir todav\u00eda m\u00e1s emocionada que ella\u00bb,<\/em> a\u00f1adi\u00f3. Adem\u00e1s, es la tercera mujer mexicana de menos de 50 a\u00f1os en ser reconocida con esta menci\u00f3n, junto con Thal\u00eda y Salma Hayek, por lo que agradeci\u00f3 al jurado ser seleccionada a pesar de hacer trabajo en espa\u00f1ol.<\/p>\n<p>&nbsp;<\/p>\n<p><em>\u00abPobrecitos, tuvieron que ver qui\u00e9n era yo y echarse parte de mi carrera para decidir si me la daban o no\u00bb,<\/em> brome\u00f3.<\/p>\n<p>&nbsp;<\/p>\n<p>La actriz opin\u00f3 que el haberse hecho hueco en Los \u00c1ngeles a trav\u00e9s de su participaci\u00f3n en la radio allan\u00f3 ligeramente el camino para que pensaran en ella. En suma, comparti\u00f3 su felicidad ante la estrella, que llega en un <em>\u00abmomento hermoso\u00bb<\/em> de su vida, tanto en lo personal como lo profesional. Al pensar en el reconocimiento, Vale reflexion\u00f3 si llamarlo <em>\u00abla guinda del pastel\u00bb,<\/em> pero pronto rectific\u00f3 y dijo que todav\u00eda no termina \u00ab<em>de decorar el pastel\u00bb<\/em> ya que espera que todav\u00eda le queden varios pisos m\u00e1s. Aunque s\u00ed es <em>\u00abun enorme aliciente\u00bb<\/em> para su carrera.<\/p>\n<p>&nbsp;<\/p>\n<p>Y\u00a0 la motivaci\u00f3n de la actriz se conserva desde que a los 2 a\u00f1os de edad comenzara sus andanzas en los espect\u00e1culos, y ya lleva 43 a\u00f1os frente a los focos. <em>\u00abSiento que s\u00ed la he trabajado mucho esta estrella<\/em>\u00ab, reconoci\u00f3. <em>\u00abLlevo toda la vida. Es una estrella trabajada, es una estrella que tiene mucho sudor, mucha l\u00e1grima, mucho esfuerzo, pero tambi\u00e9n muchos aplausos y muchas cosas maravillosas\u00bb, a<\/em>\u00f1adi\u00f3.<\/p>\n<p>&nbsp;<\/p>\n<p>Por \u00faltimo, Vale dijo que tiene algo entre manos que podr\u00e1 saberse en octubre de lo que no puede hablar m\u00e1s, pero se mantiene como presentadora del programa de telerrealidad<em> \u00abLa m\u00e1scara del amor\u00bb<\/em> adem\u00e1s de su trabajo en radio.<\/p>\n<p>&nbsp;<\/p>\n<p>&nbsp;<\/p>\n<p>(Publicada el 28\/06\/2021 \/ EFE)<\/p>\n","protected":false},"excerpt":{"rendered":"<p>CIUDAD DE M\u00c9XICO. MX. \u2014 La cantante y actriz, Ang\u00e9lica Vale tendr\u00e1 su estrella en&#8230;<\/p>\n","protected":false},"author":1,"featured_media":117363,"comment_status":"open","ping_status":"open","sticky":false,"template":"","format":"standard","meta":{"_monsterinsights_skip_tracking":false,"_monsterinsights_sitenote_active":false,"_monsterinsights_sitenote_note":"","_monsterinsights_sitenote_category":0,"footnotes":""},"categories":[2987],"tags":[],"class_list":["post"],"yoast_head":" \n<title>Sonora en Equipo. Ang\u00e9lica Vale le gustar\u00eda que pusieran su estrella junta a la de su madre. Showbiz<\/title>\n<meta name=\"description\" content=\"CIUDAD DE M\u00c9XICO. MX. \u2014 La cantante y actriz, Ang\u00e9lica Vale tendr\u00e1 su estrella en el Paseo de la Fama de Hollywood como homenaje a 43 a\u00f1os de carrera. Un En Sonora en Equipo publicamos toda la informaci\u00f3n de Sonora, M\u00e9xico y el Mundo de manera oportuna y busca que la libertad de expresi\u00f3n sea real. Visita nuestro medio informativo publicado desde Hermosillo, Sonora. %\" \/>\n<meta name=\"robots\" content=\"index, follow, max-snippet:-1, max-image-preview:large, max-video-preview:-1\" \/>\n<link rel=\"canonical\" href=\"https:\/\/www.sonoraenequipo.com.mx\/angelica-vale-le-gustaria-que-pusieran-su-estrella-junta-a-la-de-su-madre\/\" \/>\n<meta property=\"og:locale\" content=\"es_ES\" \/>\n<meta property=\"og:type\" content=\"article\" \/>\n<meta property=\"og:title\" content=\"Sonora en Equipo. Ang\u00e9lica Vale le gustar\u00eda que pusieran su estrella junta a la de su madre. Showbiz\" \/>\n<meta property=\"og:description\" content=\"CIUDAD DE M\u00c9XICO. MX. \u2014 La cantante y actriz, Ang\u00e9lica Vale tendr\u00e1 su estrella en el Paseo de la Fama de Hollywood como homenaje a 43 a\u00f1os de carrera. Un En Sonora en Equipo publicamos toda la informaci\u00f3n de Sonora, M\u00e9xico y el Mundo de manera oportuna y busca que la libertad de expresi\u00f3n sea real. Visita nuestro medio informativo publicado desde Hermosillo, Sonora. %\" \/>\n<meta property=\"og:url\" content=\"https:\/\/www.sonoraenequipo.com.mx\/angelica-vale-le-gustaria-que-pusieran-su-estrella-junta-a-la-de-su-madre\/\" \/>\n<meta property=\"og:site_name\" content=\"Sonora en Equipo.\" \/>\n<meta property=\"article:publisher\" content=\"https:\/\/www.facebook.com\/SonoraEE\/\" \/>\n<meta property=\"article:author\" content=\"https:\/\/www.facebook.com\/SonoraEE\" \/>\n<meta property=\"article:published_time\" content=\"2021-06-29T00:46:51+00:00\" \/>\n<meta property=\"article:modified_time\" content=\"2021-06-29T00:49:31+00:00\" \/>\n<meta property=\"og:image\" content=\"https:\/\/www.sonoraenequipo.com.mx\/storage\/2021\/06\/Las-dos-Angelicas_opt.jpg\" \/>\n\t<meta property=\"og:image:width\" content=\"700\" \/>\n\t<meta property=\"og:image:height\" content=\"400\" \/>\n\t<meta property=\"og:image:type\" content=\"image\/jpeg\" \/>\n<meta name=\"author\" content=\"enequipo\" \/>\n<meta name=\"twitter:card\" content=\"summary_large_image\" \/>\n<meta name=\"twitter:creator\" content=\"@sonoraenequipo\" \/>\n<meta name=\"twitter:site\" content=\"@sonoraenequipo\" \/>\n<meta name=\"twitter:label1\" content=\"Escrito por\" \/>\n\t<meta name=\"twitter:data1\" content=\"enequipo\" \/>\n\t<meta name=\"twitter:label2\" content=\"Tiempo de lectura\" \/>\n\t<meta name=\"twitter:data2\" content=\"3 minutos\" \/>\n<script type=\"application\/ld+json\" class=\"yoast-schema-graph\">{\"@context\":\"https:\/\/schema.org\",\"@graph\":[{\"@type\":\"Article\",\"@id\":\"https:\/\/www.sonoraenequipo.com.mx\/angelica-vale-le-gustaria-que-pusieran-su-estrella-junta-a-la-de-su-madre\/#article\",\"isPartOf\":{\"@id\":\"https:\/\/www.sonoraenequipo.com.mx\/angelica-vale-le-gustaria-que-pusieran-su-estrella-junta-a-la-de-su-madre\/\"},\"author\":{\"name\":\"enequipo\",\"@id\":\"https:\/\/www.sonoraenequipo.com.mx\/#\/schema\/person\/50102df0fb23a8fa9e8effad8fa81386\"},\"headline\":\"Ang\u00e9lica Vale le gustar\u00eda que pusieran su estrella junta a la de su madre.\",\"datePublished\":\"2021-06-29T00:46:51+00:00\",\"dateModified\":\"2021-06-29T00:49:31+00:00\",\"mainEntityOfPage\":{\"@id\":\"https:\/\/www.sonoraenequipo.com.mx\/angelica-vale-le-gustaria-que-pusieran-su-estrella-junta-a-la-de-su-madre\/\"},\"wordCount\":654,\"commentCount\":0,\"publisher\":{\"@id\":\"https:\/\/www.sonoraenequipo.com.mx\/#organization\"},\"image\":{\"@id\":\"https:\/\/www.sonoraenequipo.com.mx\/angelica-vale-le-gustaria-que-pusieran-su-estrella-junta-a-la-de-su-madre\/#primaryimage\"},\"thumbnailUrl\":\"https:\/\/www.sonoraenequipo.com.mx\/storage\/2021\/06\/Las-dos-Angelicas_opt.jpg\",\"articleSection\":[\"Showbiz\"],\"inLanguage\":\"es\",\"potentialAction\":[{\"@type\":\"CommentAction\",\"name\":\"Comment\",\"target\":[\"https:\/\/www.sonoraenequipo.com.mx\/angelica-vale-le-gustaria-que-pusieran-su-estrella-junta-a-la-de-su-madre\/#respond\"]}]},{\"@type\":\"WebPage\",\"@id\":\"https:\/\/www.sonoraenequipo.com.mx\/angelica-vale-le-gustaria-que-pusieran-su-estrella-junta-a-la-de-su-madre\/\",\"url\":\"https:\/\/www.sonoraenequipo.com.mx\/angelica-vale-le-gustaria-que-pusieran-su-estrella-junta-a-la-de-su-madre\/\",\"name\":\"Sonora en Equipo. Ang\u00e9lica Vale le gustar\u00eda que pusieran su estrella junta a la de su madre. Showbiz\",\"isPartOf\":{\"@id\":\"https:\/\/www.sonoraenequipo.com.mx\/#website\"},\"primaryImageOfPage\":{\"@id\":\"https:\/\/www.sonoraenequipo.com.mx\/angelica-vale-le-gustaria-que-pusieran-su-estrella-junta-a-la-de-su-madre\/#primaryimage\"},\"image\":{\"@id\":\"https:\/\/www.sonoraenequipo.com.mx\/angelica-vale-le-gustaria-que-pusieran-su-estrella-junta-a-la-de-su-madre\/#primaryimage\"},\"thumbnailUrl\":\"https:\/\/www.sonoraenequipo.com.mx\/storage\/2021\/06\/Las-dos-Angelicas_opt.jpg\",\"datePublished\":\"2021-06-29T00:46:51+00:00\",\"dateModified\":\"2021-06-29T00:49:31+00:00\",\"description\":\"CIUDAD DE M\u00c9XICO. MX. \u2014 La cantante y actriz, Ang\u00e9lica Vale tendr\u00e1 su estrella en el Paseo de la Fama de Hollywood como homenaje a 43 a\u00f1os de carrera. Un En Sonora en Equipo publicamos toda la informaci\u00f3n de Sonora, M\u00e9xico y el Mundo de manera oportuna y busca que la libertad de expresi\u00f3n sea real. Visita nuestro medio informativo publicado desde Hermosillo, Sonora. %\",\"breadcrumb\":{\"@id\":\"https:\/\/www.sonoraenequipo.com.mx\/angelica-vale-le-gustaria-que-pusieran-su-estrella-junta-a-la-de-su-madre\/#breadcrumb\"},\"inLanguage\":\"es\",\"potentialAction\":[{\"@type\":\"ReadAction\",\"target\":[\"https:\/\/www.sonoraenequipo.com.mx\/angelica-vale-le-gustaria-que-pusieran-su-estrella-junta-a-la-de-su-madre\/\"]}]},{\"@type\":\"ImageObject\",\"inLanguage\":\"es\",\"@id\":\"https:\/\/www.sonoraenequipo.com.mx\/angelica-vale-le-gustaria-que-pusieran-su-estrella-junta-a-la-de-su-madre\/#primaryimage\",\"url\":\"https:\/\/www.sonoraenequipo.com.mx\/storage\/2021\/06\/Las-dos-Angelicas_opt.jpg\",\"contentUrl\":\"https:\/\/www.sonoraenequipo.com.mx\/storage\/2021\/06\/Las-dos-Angelicas_opt.jpg\",\"width\":700,\"height\":400},{\"@type\":\"BreadcrumbList\",\"@id\":\"https:\/\/www.sonoraenequipo.com.mx\/angelica-vale-le-gustaria-que-pusieran-su-estrella-junta-a-la-de-su-madre\/#breadcrumb\",\"itemListElement\":[{\"@type\":\"ListItem\",\"position\":1,\"name\":\"Portada\",\"item\":\"https:\/\/www.sonoraenequipo.com.mx\/\"},{\"@type\":\"ListItem\",\"position\":2,\"name\":\"Ang\u00e9lica Vale le gustar\u00eda que pusieran su estrella junta a la de su madre.\"}]},{\"@type\":\"WebSite\",\"@id\":\"https:\/\/www.sonoraenequipo.com.mx\/#website\",\"url\":\"https:\/\/www.sonoraenequipo.com.mx\/\",\"name\":\"Sonora en Equipo.\",\"description\":\"Diario en l\u00ednea con Noticias desde Hermosillo, Sonora\",\"publisher\":{\"@id\":\"https:\/\/www.sonoraenequipo.com.mx\/#organization\"},\"potentialAction\":[{\"@type\":\"SearchAction\",\"target\":{\"@type\":\"EntryPoint\",\"urlTemplate\":\"https:\/\/www.sonoraenequipo.com.mx\/?s={search_term_string}\"},\"query-input\":{\"@type\":\"PropertyValueSpecification\",\"valueRequired\":true,\"valueName\":\"search_term_string\"}}],\"inLanguage\":\"es\"},{\"@type\":\"Organization\",\"@id\":\"https:\/\/www.sonoraenequipo.com.mx\/#organization\",\"name\":\"Sonoraenequipo.com.mx\",\"url\":\"https:\/\/www.sonoraenequipo.com.mx\/\",\"logo\":{\"@type\":\"ImageObject\",\"inLanguage\":\"es\",\"@id\":\"https:\/\/www.sonoraenequipo.com.mx\/#\/schema\/logo\/image\/\",\"url\":\"https:\/\/www.sonoraenequipo.com.mx\/storage\/2019\/01\/sonoraenequipo_opt.png\",\"contentUrl\":\"https:\/\/www.sonoraenequipo.com.mx\/storage\/2019\/01\/sonoraenequipo_opt.png\",\"width\":375,\"height\":125,\"caption\":\"Sonoraenequipo.com.mx\"},\"image\":{\"@id\":\"https:\/\/www.sonoraenequipo.com.mx\/#\/schema\/logo\/image\/\"},\"sameAs\":[\"https:\/\/www.facebook.com\/SonoraEE\/\",\"https:\/\/x.com\/sonoraenequipo\",\"https:\/\/www.youtube.com\/channel\/UC338nW-lPEYmJQs4ZABQ1SQ\"]},{\"@type\":\"Person\",\"@id\":\"https:\/\/www.sonoraenequipo.com.mx\/#\/schema\/person\/50102df0fb23a8fa9e8effad8fa81386\",\"name\":\"enequipo\",\"image\":{\"@type\":\"ImageObject\",\"inLanguage\":\"es\",\"@id\":\"https:\/\/www.sonoraenequipo.com.mx\/#\/schema\/person\/image\/\",\"url\":\"https:\/\/secure.gravatar.com\/avatar\/049821681b589dabc0bc20695993ccebb09f5b5d4d790cd9251b97faac7c652b?s=96&d=blank&r=g\",\"contentUrl\":\"https:\/\/secure.gravatar.com\/avatar\/049821681b589dabc0bc20695993ccebb09f5b5d4d790cd9251b97faac7c652b?s=96&d=blank&r=g\",\"caption\":\"enequipo\"},\"sameAs\":[\"https:\/\/www.facebook.com\/SonoraEE\"]}]}<\/script>\n ","yoast_head_json":{"title":"Sonora en Equipo. Ang\u00e9lica Vale le gustar\u00eda que pusieran su estrella junta a la de su madre. Showbiz","description":"CIUDAD DE M\u00c9XICO. MX. \u2014 La cantante y actriz, Ang\u00e9lica Vale tendr\u00e1 su estrella en el Paseo de la Fama de Hollywood como homenaje a 43 a\u00f1os de carrera. Un En Sonora en Equipo publicamos toda la informaci\u00f3n de Sonora, M\u00e9xico y el Mundo de manera oportuna y busca que la libertad de expresi\u00f3n sea real. Visita nuestro medio informativo publicado desde Hermosillo, Sonora. %","robots":{"index":"index","follow":"follow","max-snippet":"max-snippet:-1","max-image-preview":"max-image-preview:large","max-video-preview":"max-video-preview:-1"},"canonical":"https:\/\/www.sonoraenequipo.com.mx\/angelica-vale-le-gustaria-que-pusieran-su-estrella-junta-a-la-de-su-madre\/","og_locale":"es_ES","og_type":"article","og_title":"Sonora en Equipo. Ang\u00e9lica Vale le gustar\u00eda que pusieran su estrella junta a la de su madre. Showbiz","og_description":"CIUDAD DE M\u00c9XICO. MX. \u2014 La cantante y actriz, Ang\u00e9lica Vale tendr\u00e1 su estrella en el Paseo de la Fama de Hollywood como homenaje a 43 a\u00f1os de carrera. Un En Sonora en Equipo publicamos toda la informaci\u00f3n de Sonora, M\u00e9xico y el Mundo de manera oportuna y busca que la libertad de expresi\u00f3n sea real. Visita nuestro medio informativo publicado desde Hermosillo, Sonora. %","og_url":"https:\/\/www.sonoraenequipo.com.mx\/angelica-vale-le-gustaria-que-pusieran-su-estrella-junta-a-la-de-su-madre\/","og_site_name":"Sonora en Equipo.","article_publisher":"https:\/\/www.facebook.com\/SonoraEE\/","article_author":"https:\/\/www.facebook.com\/SonoraEE","article_published_time":"2021-06-29T00:46:51+00:00","article_modified_time":"2021-06-29T00:49:31+00:00","og_image":[{"width":700,"height":400,"url":"https:\/\/www.sonoraenequipo.com.mx\/storage\/2021\/06\/Las-dos-Angelicas_opt.jpg","type":"image\/jpeg"}],"author":"enequipo","twitter_card":"summary_large_image","twitter_creator":"@sonoraenequipo","twitter_site":"@sonoraenequipo","twitter_misc":{"Escrito por":"enequipo","Tiempo de lectura":"3 minutos"},"schema":{"@context":"https:\/\/schema.org","@graph":[{"@type":"Article","@id":"https:\/\/www.sonoraenequipo.com.mx\/angelica-vale-le-gustaria-que-pusieran-su-estrella-junta-a-la-de-su-madre\/#article","isPartOf":{"@id":"https:\/\/www.sonoraenequipo.com.mx\/angelica-vale-le-gustaria-que-pusieran-su-estrella-junta-a-la-de-su-madre\/"},"author":{"name":"enequipo","@id":"https:\/\/www.sonoraenequipo.com.mx\/#\/schema\/person\/50102df0fb23a8fa9e8effad8fa81386"},"headline":"Ang\u00e9lica Vale le gustar\u00eda que pusieran su estrella junta a la de su madre.","datePublished":"2021-06-29T00:46:51+00:00","dateModified":"2021-06-29T00:49:31+00:00","mainEntityOfPage":{"@id":"https:\/\/www.sonoraenequipo.com.mx\/angelica-vale-le-gustaria-que-pusieran-su-estrella-junta-a-la-de-su-madre\/"},"wordCount":654,"commentCount":0,"publisher":{"@id":"https:\/\/www.sonoraenequipo.com.mx\/#organization"},"image":{"@id":"https:\/\/www.sonoraenequipo.com.mx\/angelica-vale-le-gustaria-que-pusieran-su-estrella-junta-a-la-de-su-madre\/#primaryimage"},"thumbnailUrl":"https:\/\/www.sonoraenequipo.com.mx\/storage\/2021\/06\/Las-dos-Angelicas_opt.jpg","articleSection":["Showbiz"],"inLanguage":"es","potentialAction":[{"@type":"CommentAction","name":"Comment","target":["https:\/\/www.sonoraenequipo.com.mx\/angelica-vale-le-gustaria-que-pusieran-su-estrella-junta-a-la-de-su-madre\/#respond"]}]},{"@type":"WebPage","@id":"https:\/\/www.sonoraenequipo.com.mx\/angelica-vale-le-gustaria-que-pusieran-su-estrella-junta-a-la-de-su-madre\/","url":"https:\/\/www.sonoraenequipo.com.mx\/angelica-vale-le-gustaria-que-pusieran-su-estrella-junta-a-la-de-su-madre\/","name":"Sonora en Equipo. Ang\u00e9lica Vale le gustar\u00eda que pusieran su estrella junta a la de su madre. Showbiz","isPartOf":{"@id":"https:\/\/www.sonoraenequipo.com.mx\/#website"},"primaryImageOfPage":{"@id":"https:\/\/www.sonoraenequipo.com.mx\/angelica-vale-le-gustaria-que-pusieran-su-estrella-junta-a-la-de-su-madre\/#primaryimage"},"image":{"@id":"https:\/\/www.sonoraenequipo.com.mx\/angelica-vale-le-gustaria-que-pusieran-su-estrella-junta-a-la-de-su-madre\/#primaryimage"},"thumbnailUrl":"https:\/\/www.sonoraenequipo.com.mx\/storage\/2021\/06\/Las-dos-Angelicas_opt.jpg","datePublished":"2021-06-29T00:46:51+00:00","dateModified":"2021-06-29T00:49:31+00:00","description":"CIUDAD DE M\u00c9XICO. MX. \u2014 La cantante y actriz, Ang\u00e9lica Vale tendr\u00e1 su estrella en el Paseo de la Fama de Hollywood como homenaje a 43 a\u00f1os de carrera. Un En Sonora en Equipo publicamos toda la informaci\u00f3n de Sonora, M\u00e9xico y el Mundo de manera oportuna y busca que la libertad de expresi\u00f3n sea real. Visita nuestro medio informativo publicado desde Hermosillo, Sonora. %","breadcrumb":{"@id":"https:\/\/www.sonoraenequipo.com.mx\/angelica-vale-le-gustaria-que-pusieran-su-estrella-junta-a-la-de-su-madre\/#breadcrumb"},"inLanguage":"es","potentialAction":[{"@type":"ReadAction","target":["https:\/\/www.sonoraenequipo.com.mx\/angelica-vale-le-gustaria-que-pusieran-su-estrella-junta-a-la-de-su-madre\/"]}]},{"@type":"ImageObject","inLanguage":"es","@id":"https:\/\/www.sonoraenequipo.com.mx\/angelica-vale-le-gustaria-que-pusieran-su-estrella-junta-a-la-de-su-madre\/#primaryimage","url":"https:\/\/www.sonoraenequipo.com.mx\/storage\/2021\/06\/Las-dos-Angelicas_opt.jpg","contentUrl":"https:\/\/www.sonoraenequipo.com.mx\/storage\/2021\/06\/Las-dos-Angelicas_opt.jpg","width":700,"height":400},{"@type":"BreadcrumbList","@id":"https:\/\/www.sonoraenequipo.com.mx\/angelica-vale-le-gustaria-que-pusieran-su-estrella-junta-a-la-de-su-madre\/#breadcrumb","itemListElement":[{"@type":"ListItem","position":1,"name":"Portada","item":"https:\/\/www.sonoraenequipo.com.mx\/"},{"@type":"ListItem","position":2,"name":"Ang\u00e9lica Vale le gustar\u00eda que pusieran su estrella junta a la de su madre."}]},{"@type":"WebSite","@id":"https:\/\/www.sonoraenequipo.com.mx\/#website","url":"https:\/\/www.sonoraenequipo.com.mx\/","name":"Sonora en Equipo.","description":"Diario en l\u00ednea con Noticias desde Hermosillo, Sonora","publisher":{"@id":"https:\/\/www.sonoraenequipo.com.mx\/#organization"},"potentialAction":[{"@type":"SearchAction","target":{"@type":"EntryPoint","urlTemplate":"https:\/\/www.sonoraenequipo.com.mx\/?s={search_term_string}"},"query-input":{"@type":"PropertyValueSpecification","valueRequired":true,"valueName":"search_term_string"}}],"inLanguage":"es"},{"@type":"Organization","@id":"https:\/\/www.sonoraenequipo.com.mx\/#organization","name":"Sonoraenequipo.com.mx","url":"https:\/\/www.sonoraenequipo.com.mx\/","logo":{"@type":"ImageObject","inLanguage":"es","@id":"https:\/\/www.sonoraenequipo.com.mx\/#\/schema\/logo\/image\/","url":"https:\/\/www.sonoraenequipo.com.mx\/storage\/2019\/01\/sonoraenequipo_opt.png","contentUrl":"https:\/\/www.sonoraenequipo.com.mx\/storage\/2019\/01\/sonoraenequipo_opt.png","width":375,"height":125,"caption":"Sonoraenequipo.com.mx"},"image":{"@id":"https:\/\/www.sonoraenequipo.com.mx\/#\/schema\/logo\/image\/"},"sameAs":["https:\/\/www.facebook.com\/SonoraEE\/","https:\/\/x.com\/sonoraenequipo","https:\/\/www.youtube.com\/channel\/UC338nW-lPEYmJQs4ZABQ1SQ"]},{"@type":"Person","@id":"https:\/\/www.sonoraenequipo.com.mx\/#\/schema\/person\/50102df0fb23a8fa9e8effad8fa81386","name":"enequipo","image":{"@type":"ImageObject","inLanguage":"es","@id":"https:\/\/www.sonoraenequipo.com.mx\/#\/schema\/person\/image\/","url":"https:\/\/secure.gravatar.com\/avatar\/049821681b589dabc0bc20695993ccebb09f5b5d4d790cd9251b97faac7c652b?s=96&d=blank&r=g","contentUrl":"https:\/\/secure.gravatar.com\/avatar\/049821681b589dabc0bc20695993ccebb09f5b5d4d790cd9251b97faac7c652b?s=96&d=blank&r=g","caption":"enequipo"},"sameAs":["https:\/\/www.facebook.com\/SonoraEE"]}]}},"jetpack_featured_media_url":"https:\/\/www.sonoraenequipo.com.mx\/storage\/2021\/06\/Las-dos-Angelicas_opt.jpg","_links":{"self":[{"href":"https:\/\/www.sonoraenequipo.com.mx\/api\/wp\/v2\/posts\/117362","targetHints":{"allow":["GET"]}}],"collection":[{"href":"https:\/\/www.sonoraenequipo.com.mx\/api\/wp\/v2\/posts"}],"about":[{"href":"https:\/\/www.sonoraenequipo.com.mx\/api\/wp\/v2\/types\/post"}],"author":[{"embeddable":true,"href":"https:\/\/www.sonoraenequipo.com.mx\/api\/wp\/v2\/users\/1"}],"replies":[{"embeddable":true,"href":"https:\/\/www.sonoraenequipo.com.mx\/api\/wp\/v2\/comments?post=117362"}],"version-history":[{"count":1,"href":"https:\/\/www.sonoraenequipo.com.mx\/api\/wp\/v2\/posts\/117362\/revisions"}],"predecessor-version":[{"id":117364,"href":"https:\/\/www.sonoraenequipo.com.mx\/api\/wp\/v2\/posts\/117362\/revisions\/117364"}],"wp:featuredmedia":[{"embeddable":true,"href":"https:\/\/www.sonoraenequipo.com.mx\/api\/wp\/v2\/media\/117363"}],"wp:attachment":[{"href":"https:\/\/www.sonoraenequipo.com.mx\/api\/wp\/v2\/media?parent=117362"}],"wp:term":[{"taxonomy":"category","embeddable":true,"href":"https:\/\/www.sonoraenequipo.com.mx\/api\/wp\/v2\/categories?post=117362"},{"taxonomy":"post_tag","embeddable":true,"href":"https:\/\/www.sonoraenequipo.com.mx\/api\/wp\/v2\/tags?post=117362"}],"curies":[{"name":"wp","href":"https:\/\/api.w.org\/{rel}","templated":true}]}}