{"id":117365,"date":"2021-06-28T15:28:01","date_gmt":"2021-06-28T22:28:01","guid":{"rendered":"https:\/\/www.sonoraenequipo.com.mx\/?p=117365"},"modified":"2021-06-28T18:35:30","modified_gmt":"2021-06-29T01:35:30","slug":"casi-un-tercio-de-la-poblacion-de-la-uam-es-parte-de-la-comunidad-lgbtttiq","status":"publish","type":"post","link":"https:\/\/www.sonoraenequipo.com.mx\/casi-un-tercio-de-la-poblacion-de-la-uam-es-parte-de-la-comunidad-lgbtttiq\/","title":{"rendered":"Casi un tercio de la poblaci\u00f3n de la UAM es parte de la comunidad LGBTTTIQ+"},"content":{"rendered":"<p>CIUDAD DE M\u00c9XICO. MX. \u2014 En el marco del D\u00eda Internacional del Orgullo LGBT+ que se celebra este 28 de junio, la Defensor\u00eda de los Derechos Universitarios (DDU) de la Universidad Aut\u00f3noma Metropolitana (UAM) inform\u00f3 que de acuerdo con los resultados de la Encuesta acerca de la violencia por razones de g\u00e9nero y discriminaci\u00f3n en la UAM, efectuada en l\u00ednea en marzo del 2021 entre dos mil 41 integrantes de todos los sectores, instancias y Unidades Acad\u00e9micas de la Casa abierta al tiempo, revel\u00f3 que 22.7 por ciento de los consultados manifest\u00f3 ser integrante de la comunidad LGBTTTIQ+.<\/p>\n<p>&nbsp;<\/p>\n<p> <\/p>\n<p>&nbsp;<\/p>\n<p>Refiri\u00f3 ser bisexual, gay, lesbiana, pansexual, asexual o demisexual, mientras el 8.2 por ciento de esta poblaci\u00f3n afirm\u00f3 ser parte de alg\u00fan grupo ind\u00edgena y un porcentaje similar tener alguna discapacidad.<\/p>\n<p>&nbsp;<\/p>\n<p>&nbsp;<\/p>\n<p>Tambi\u00e9n se expuso que 3.2% de la comunidad universitaria tiene identidades de g\u00e9nero diversas, entre las que se hicieron presentes: no binaria, queer, g\u00e9nero fluido, as\u00ed como mujeres y hombres trans.<\/p>\n<p>&nbsp;<\/p>\n<p>&nbsp;<\/p>\n<p>Mientras que el 78.7 por ciento manifest\u00f3 haber tenido una o m\u00e1s experiencias de violencia por razones de g\u00e9nero en los espacios universitarios, indic\u00f3 la DDU, instancia encargada de proteger y vigilar el respeto de las garant\u00edas individuales, adem\u00e1s de impulsar el conocimiento, la ense\u00f1anza y la difusi\u00f3n de la cultura en la materia entre los miembros de la comunidad universitaria.<\/p>\n<p>&nbsp;<\/p>\n<p>&nbsp;<\/p>\n<p>La identidad de g\u00e9nero se refiere a la vivencia interna e individual del g\u00e9nero tal como cada persona la siente profundamente, la cual podr\u00eda corresponder o no con el sexo asignado al nacer. Abarca la vivencia personal del cuerpo que incluye la libre modificaci\u00f3n m\u00e9dica, quir\u00fargica o de otra \u00edndole de la apariencia o la funci\u00f3n corporal, as\u00ed como otras expresiones de g\u00e9nero, sea vestimenta, modo de hablar y modales.<\/p>\n<p>&nbsp;<\/p>\n<p>&nbsp;<\/p>\n<p>Asimismo, las Pol\u00edticas Transversales para Erradicar la Violencia por razones de G\u00e9nero definen la orientaci\u00f3n sexual como la capacidad de cada persona de sentir atracci\u00f3n emocional, afectiva y sexual por personas de un g\u00e9nero diferente al suyo o de su mismo g\u00e9nero, o de m\u00e1s de un g\u00e9nero; as\u00ed como la capacidad de mantener relaciones \u00edntimas y sexuales con estas personas.<\/p>\n<p>&nbsp;<\/p>\n<p>&nbsp;<\/p>\n<p>De acuerdo con la Legislaci\u00f3n Universitaria, la violencia por razones de g\u00e9nero se define como \u201c<em>acciones u omisiones ejercidas contra las personas sobre la base de sexo-g\u00e9nero, identidad u orientaci\u00f3n sexual, que cause da\u00f1o o sufrimiento psicol\u00f3gico, f\u00edsico, patrimonial, econ\u00f3mico, sexual o la muerte\u201d.<\/em><\/p>\n<p>&nbsp;<\/p>\n<p>&nbsp;<\/p>\n<p>Alude a aquellas formas de violencia que, a trav\u00e9s de patrones estereotipados, mensajes, valores, \u00edconos o signos, transmita y reproduzca dominaci\u00f3n, desigualdad y discriminaci\u00f3n en las relaciones sociales, naturalizando la subordinaci\u00f3n de las mujeres e integrantes de la diversidad sexual de la comunidad universitaria.<\/p>\n<p>&nbsp;<\/p>\n<p>&nbsp;<\/p>\n<p>Fue el 16 de diciembre de 2020 cuando el Colegio Acad\u00e9mico de la UAM aprob\u00f3 por unanimidad \u2013en su sesi\u00f3n 488\u2013 las pol\u00edticas transversales para erradicar la violencia por razones de g\u00e9nero.<\/p>\n<p>&nbsp;<\/p>\n<p>&nbsp;<\/p>\n<p>(Publicada el 28\/06\/2021 \/Con informaci\u00f3n de Patricia Carrasco)<\/p>\n","protected":false},"excerpt":{"rendered":"<p>CIUDAD DE M\u00c9XICO. MX. \u2014 En el marco del D\u00eda Internacional del Orgullo LGBT+ que&#8230;<\/p>\n","protected":false},"author":1,"featured_media":117366,"comment_status":"open","ping_status":"open","sticky":false,"template":"","format":"standard","meta":{"_monsterinsights_skip_tracking":false,"_monsterinsights_sitenote_active":false,"_monsterinsights_sitenote_note":"","_monsterinsights_sitenote_category":0,"footnotes":""},"categories":[5],"tags":[],"class_list":["post"],"yoast_head":" \n<title>Sonora en Equipo. Casi un tercio de la poblaci\u00f3n de la UAM es parte de la comunidad LGBTTTIQ+ Rep\u00fablica<\/title>\n<meta name=\"description\" content=\"CIUDAD DE M\u00c9XICO. MX. \u2014 En el marco del D\u00eda Internacional del Orgullo LGBT+ que se celebra este 28 de junio, la Defensor\u00eda de los Derechos Universitarios En Sonora en Equipo publicamos toda la informaci\u00f3n de Sonora, M\u00e9xico y el Mundo de manera oportuna y busca que la libertad de expresi\u00f3n sea real. Visita nuestro medio informativo publicado desde Hermosillo, Sonora. %\" \/>\n<meta name=\"robots\" content=\"index, follow, max-snippet:-1, max-image-preview:large, max-video-preview:-1\" \/>\n<link rel=\"canonical\" href=\"https:\/\/www.sonoraenequipo.com.mx\/casi-un-tercio-de-la-poblacion-de-la-uam-es-parte-de-la-comunidad-lgbtttiq\/\" \/>\n<meta property=\"og:locale\" content=\"es_ES\" \/>\n<meta property=\"og:type\" content=\"article\" \/>\n<meta property=\"og:title\" content=\"Sonora en Equipo. Casi un tercio de la poblaci\u00f3n de la UAM es parte de la comunidad LGBTTTIQ+ Rep\u00fablica\" \/>\n<meta property=\"og:description\" content=\"CIUDAD DE M\u00c9XICO. MX. \u2014 En el marco del D\u00eda Internacional del Orgullo LGBT+ que se celebra este 28 de junio, la Defensor\u00eda de los Derechos Universitarios En Sonora en Equipo publicamos toda la informaci\u00f3n de Sonora, M\u00e9xico y el Mundo de manera oportuna y busca que la libertad de expresi\u00f3n sea real. Visita nuestro medio informativo publicado desde Hermosillo, Sonora. %\" \/>\n<meta property=\"og:url\" content=\"https:\/\/www.sonoraenequipo.com.mx\/casi-un-tercio-de-la-poblacion-de-la-uam-es-parte-de-la-comunidad-lgbtttiq\/\" \/>\n<meta property=\"og:site_name\" content=\"Sonora en Equipo.\" \/>\n<meta property=\"article:publisher\" content=\"https:\/\/www.facebook.com\/SonoraEE\/\" \/>\n<meta property=\"article:author\" content=\"https:\/\/www.facebook.com\/SonoraEE\" \/>\n<meta property=\"article:published_time\" content=\"2021-06-28T22:28:01+00:00\" \/>\n<meta property=\"article:modified_time\" content=\"2021-06-29T01:35:30+00:00\" \/>\n<meta property=\"og:image\" content=\"https:\/\/www.sonoraenequipo.com.mx\/storage\/2021\/06\/UAM-comunidad-LGBTTTIQ_opt.jpg\" \/>\n\t<meta property=\"og:image:width\" content=\"700\" \/>\n\t<meta property=\"og:image:height\" content=\"400\" \/>\n\t<meta property=\"og:image:type\" content=\"image\/jpeg\" \/>\n<meta name=\"author\" content=\"enequipo\" \/>\n<meta name=\"twitter:card\" content=\"summary_large_image\" \/>\n<meta name=\"twitter:creator\" content=\"@sonoraenequipo\" \/>\n<meta name=\"twitter:site\" content=\"@sonoraenequipo\" \/>\n<meta name=\"twitter:label1\" content=\"Escrito por\" \/>\n\t<meta name=\"twitter:data1\" content=\"enequipo\" \/>\n\t<meta name=\"twitter:label2\" content=\"Tiempo de lectura\" \/>\n\t<meta name=\"twitter:data2\" content=\"3 minutos\" \/>\n<script type=\"application\/ld+json\" class=\"yoast-schema-graph\">{\"@context\":\"https:\/\/schema.org\",\"@graph\":[{\"@type\":\"Article\",\"@id\":\"https:\/\/www.sonoraenequipo.com.mx\/casi-un-tercio-de-la-poblacion-de-la-uam-es-parte-de-la-comunidad-lgbtttiq\/#article\",\"isPartOf\":{\"@id\":\"https:\/\/www.sonoraenequipo.com.mx\/casi-un-tercio-de-la-poblacion-de-la-uam-es-parte-de-la-comunidad-lgbtttiq\/\"},\"author\":{\"name\":\"enequipo\",\"@id\":\"https:\/\/www.sonoraenequipo.com.mx\/#\/schema\/person\/50102df0fb23a8fa9e8effad8fa81386\"},\"headline\":\"Casi un tercio de la poblaci\u00f3n de la UAM es parte de la comunidad LGBTTTIQ+\",\"datePublished\":\"2021-06-28T22:28:01+00:00\",\"dateModified\":\"2021-06-29T01:35:30+00:00\",\"mainEntityOfPage\":{\"@id\":\"https:\/\/www.sonoraenequipo.com.mx\/casi-un-tercio-de-la-poblacion-de-la-uam-es-parte-de-la-comunidad-lgbtttiq\/\"},\"wordCount\":555,\"commentCount\":0,\"publisher\":{\"@id\":\"https:\/\/www.sonoraenequipo.com.mx\/#organization\"},\"image\":{\"@id\":\"https:\/\/www.sonoraenequipo.com.mx\/casi-un-tercio-de-la-poblacion-de-la-uam-es-parte-de-la-comunidad-lgbtttiq\/#primaryimage\"},\"thumbnailUrl\":\"https:\/\/www.sonoraenequipo.com.mx\/storage\/2021\/06\/UAM-comunidad-LGBTTTIQ_opt.jpg\",\"articleSection\":[\"Rep\u00fablica\"],\"inLanguage\":\"es\",\"potentialAction\":[{\"@type\":\"CommentAction\",\"name\":\"Comment\",\"target\":[\"https:\/\/www.sonoraenequipo.com.mx\/casi-un-tercio-de-la-poblacion-de-la-uam-es-parte-de-la-comunidad-lgbtttiq\/#respond\"]}]},{\"@type\":\"WebPage\",\"@id\":\"https:\/\/www.sonoraenequipo.com.mx\/casi-un-tercio-de-la-poblacion-de-la-uam-es-parte-de-la-comunidad-lgbtttiq\/\",\"url\":\"https:\/\/www.sonoraenequipo.com.mx\/casi-un-tercio-de-la-poblacion-de-la-uam-es-parte-de-la-comunidad-lgbtttiq\/\",\"name\":\"Sonora en Equipo. Casi un tercio de la poblaci\u00f3n de la UAM es parte de la comunidad LGBTTTIQ+ Rep\u00fablica\",\"isPartOf\":{\"@id\":\"https:\/\/www.sonoraenequipo.com.mx\/#website\"},\"primaryImageOfPage\":{\"@id\":\"https:\/\/www.sonoraenequipo.com.mx\/casi-un-tercio-de-la-poblacion-de-la-uam-es-parte-de-la-comunidad-lgbtttiq\/#primaryimage\"},\"image\":{\"@id\":\"https:\/\/www.sonoraenequipo.com.mx\/casi-un-tercio-de-la-poblacion-de-la-uam-es-parte-de-la-comunidad-lgbtttiq\/#primaryimage\"},\"thumbnailUrl\":\"https:\/\/www.sonoraenequipo.com.mx\/storage\/2021\/06\/UAM-comunidad-LGBTTTIQ_opt.jpg\",\"datePublished\":\"2021-06-28T22:28:01+00:00\",\"dateModified\":\"2021-06-29T01:35:30+00:00\",\"description\":\"CIUDAD DE M\u00c9XICO. MX. \u2014 En el marco del D\u00eda Internacional del Orgullo LGBT+ que se celebra este 28 de junio, la Defensor\u00eda de los Derechos Universitarios En Sonora en Equipo publicamos toda la informaci\u00f3n de Sonora, M\u00e9xico y el Mundo de manera oportuna y busca que la libertad de expresi\u00f3n sea real. Visita nuestro medio informativo publicado desde Hermosillo, Sonora. %\",\"breadcrumb\":{\"@id\":\"https:\/\/www.sonoraenequipo.com.mx\/casi-un-tercio-de-la-poblacion-de-la-uam-es-parte-de-la-comunidad-lgbtttiq\/#breadcrumb\"},\"inLanguage\":\"es\",\"potentialAction\":[{\"@type\":\"ReadAction\",\"target\":[\"https:\/\/www.sonoraenequipo.com.mx\/casi-un-tercio-de-la-poblacion-de-la-uam-es-parte-de-la-comunidad-lgbtttiq\/\"]}]},{\"@type\":\"ImageObject\",\"inLanguage\":\"es\",\"@id\":\"https:\/\/www.sonoraenequipo.com.mx\/casi-un-tercio-de-la-poblacion-de-la-uam-es-parte-de-la-comunidad-lgbtttiq\/#primaryimage\",\"url\":\"https:\/\/www.sonoraenequipo.com.mx\/storage\/2021\/06\/UAM-comunidad-LGBTTTIQ_opt.jpg\",\"contentUrl\":\"https:\/\/www.sonoraenequipo.com.mx\/storage\/2021\/06\/UAM-comunidad-LGBTTTIQ_opt.jpg\",\"width\":700,\"height\":400},{\"@type\":\"BreadcrumbList\",\"@id\":\"https:\/\/www.sonoraenequipo.com.mx\/casi-un-tercio-de-la-poblacion-de-la-uam-es-parte-de-la-comunidad-lgbtttiq\/#breadcrumb\",\"itemListElement\":[{\"@type\":\"ListItem\",\"position\":1,\"name\":\"Portada\",\"item\":\"https:\/\/www.sonoraenequipo.com.mx\/\"},{\"@type\":\"ListItem\",\"position\":2,\"name\":\"Casi un tercio de la poblaci\u00f3n de la UAM es parte de la comunidad LGBTTTIQ+\"}]},{\"@type\":\"WebSite\",\"@id\":\"https:\/\/www.sonoraenequipo.com.mx\/#website\",\"url\":\"https:\/\/www.sonoraenequipo.com.mx\/\",\"name\":\"Sonora en Equipo.\",\"description\":\"Diario en l\u00ednea con Noticias desde Hermosillo, Sonora\",\"publisher\":{\"@id\":\"https:\/\/www.sonoraenequipo.com.mx\/#organization\"},\"potentialAction\":[{\"@type\":\"SearchAction\",\"target\":{\"@type\":\"EntryPoint\",\"urlTemplate\":\"https:\/\/www.sonoraenequipo.com.mx\/?s={search_term_string}\"},\"query-input\":{\"@type\":\"PropertyValueSpecification\",\"valueRequired\":true,\"valueName\":\"search_term_string\"}}],\"inLanguage\":\"es\"},{\"@type\":\"Organization\",\"@id\":\"https:\/\/www.sonoraenequipo.com.mx\/#organization\",\"name\":\"Sonoraenequipo.com.mx\",\"url\":\"https:\/\/www.sonoraenequipo.com.mx\/\",\"logo\":{\"@type\":\"ImageObject\",\"inLanguage\":\"es\",\"@id\":\"https:\/\/www.sonoraenequipo.com.mx\/#\/schema\/logo\/image\/\",\"url\":\"https:\/\/www.sonoraenequipo.com.mx\/storage\/2019\/01\/sonoraenequipo_opt.png\",\"contentUrl\":\"https:\/\/www.sonoraenequipo.com.mx\/storage\/2019\/01\/sonoraenequipo_opt.png\",\"width\":375,\"height\":125,\"caption\":\"Sonoraenequipo.com.mx\"},\"image\":{\"@id\":\"https:\/\/www.sonoraenequipo.com.mx\/#\/schema\/logo\/image\/\"},\"sameAs\":[\"https:\/\/www.facebook.com\/SonoraEE\/\",\"https:\/\/x.com\/sonoraenequipo\",\"https:\/\/www.youtube.com\/channel\/UC338nW-lPEYmJQs4ZABQ1SQ\"]},{\"@type\":\"Person\",\"@id\":\"https:\/\/www.sonoraenequipo.com.mx\/#\/schema\/person\/50102df0fb23a8fa9e8effad8fa81386\",\"name\":\"enequipo\",\"image\":{\"@type\":\"ImageObject\",\"inLanguage\":\"es\",\"@id\":\"https:\/\/www.sonoraenequipo.com.mx\/#\/schema\/person\/image\/\",\"url\":\"https:\/\/secure.gravatar.com\/avatar\/049821681b589dabc0bc20695993ccebb09f5b5d4d790cd9251b97faac7c652b?s=96&d=blank&r=g\",\"contentUrl\":\"https:\/\/secure.gravatar.com\/avatar\/049821681b589dabc0bc20695993ccebb09f5b5d4d790cd9251b97faac7c652b?s=96&d=blank&r=g\",\"caption\":\"enequipo\"},\"sameAs\":[\"https:\/\/www.facebook.com\/SonoraEE\"]}]}<\/script>\n ","yoast_head_json":{"title":"Sonora en Equipo. Casi un tercio de la poblaci\u00f3n de la UAM es parte de la comunidad LGBTTTIQ+ Rep\u00fablica","description":"CIUDAD DE M\u00c9XICO. MX. \u2014 En el marco del D\u00eda Internacional del Orgullo LGBT+ que se celebra este 28 de junio, la Defensor\u00eda de los Derechos Universitarios En Sonora en Equipo publicamos toda la informaci\u00f3n de Sonora, M\u00e9xico y el Mundo de manera oportuna y busca que la libertad de expresi\u00f3n sea real. Visita nuestro medio informativo publicado desde Hermosillo, Sonora. %","robots":{"index":"index","follow":"follow","max-snippet":"max-snippet:-1","max-image-preview":"max-image-preview:large","max-video-preview":"max-video-preview:-1"},"canonical":"https:\/\/www.sonoraenequipo.com.mx\/casi-un-tercio-de-la-poblacion-de-la-uam-es-parte-de-la-comunidad-lgbtttiq\/","og_locale":"es_ES","og_type":"article","og_title":"Sonora en Equipo. Casi un tercio de la poblaci\u00f3n de la UAM es parte de la comunidad LGBTTTIQ+ Rep\u00fablica","og_description":"CIUDAD DE M\u00c9XICO. MX. \u2014 En el marco del D\u00eda Internacional del Orgullo LGBT+ que se celebra este 28 de junio, la Defensor\u00eda de los Derechos Universitarios En Sonora en Equipo publicamos toda la informaci\u00f3n de Sonora, M\u00e9xico y el Mundo de manera oportuna y busca que la libertad de expresi\u00f3n sea real. Visita nuestro medio informativo publicado desde Hermosillo, Sonora. %","og_url":"https:\/\/www.sonoraenequipo.com.mx\/casi-un-tercio-de-la-poblacion-de-la-uam-es-parte-de-la-comunidad-lgbtttiq\/","og_site_name":"Sonora en Equipo.","article_publisher":"https:\/\/www.facebook.com\/SonoraEE\/","article_author":"https:\/\/www.facebook.com\/SonoraEE","article_published_time":"2021-06-28T22:28:01+00:00","article_modified_time":"2021-06-29T01:35:30+00:00","og_image":[{"width":700,"height":400,"url":"https:\/\/www.sonoraenequipo.com.mx\/storage\/2021\/06\/UAM-comunidad-LGBTTTIQ_opt.jpg","type":"image\/jpeg"}],"author":"enequipo","twitter_card":"summary_large_image","twitter_creator":"@sonoraenequipo","twitter_site":"@sonoraenequipo","twitter_misc":{"Escrito por":"enequipo","Tiempo de lectura":"3 minutos"},"schema":{"@context":"https:\/\/schema.org","@graph":[{"@type":"Article","@id":"https:\/\/www.sonoraenequipo.com.mx\/casi-un-tercio-de-la-poblacion-de-la-uam-es-parte-de-la-comunidad-lgbtttiq\/#article","isPartOf":{"@id":"https:\/\/www.sonoraenequipo.com.mx\/casi-un-tercio-de-la-poblacion-de-la-uam-es-parte-de-la-comunidad-lgbtttiq\/"},"author":{"name":"enequipo","@id":"https:\/\/www.sonoraenequipo.com.mx\/#\/schema\/person\/50102df0fb23a8fa9e8effad8fa81386"},"headline":"Casi un tercio de la poblaci\u00f3n de la UAM es parte de la comunidad LGBTTTIQ+","datePublished":"2021-06-28T22:28:01+00:00","dateModified":"2021-06-29T01:35:30+00:00","mainEntityOfPage":{"@id":"https:\/\/www.sonoraenequipo.com.mx\/casi-un-tercio-de-la-poblacion-de-la-uam-es-parte-de-la-comunidad-lgbtttiq\/"},"wordCount":555,"commentCount":0,"publisher":{"@id":"https:\/\/www.sonoraenequipo.com.mx\/#organization"},"image":{"@id":"https:\/\/www.sonoraenequipo.com.mx\/casi-un-tercio-de-la-poblacion-de-la-uam-es-parte-de-la-comunidad-lgbtttiq\/#primaryimage"},"thumbnailUrl":"https:\/\/www.sonoraenequipo.com.mx\/storage\/2021\/06\/UAM-comunidad-LGBTTTIQ_opt.jpg","articleSection":["Rep\u00fablica"],"inLanguage":"es","potentialAction":[{"@type":"CommentAction","name":"Comment","target":["https:\/\/www.sonoraenequipo.com.mx\/casi-un-tercio-de-la-poblacion-de-la-uam-es-parte-de-la-comunidad-lgbtttiq\/#respond"]}]},{"@type":"WebPage","@id":"https:\/\/www.sonoraenequipo.com.mx\/casi-un-tercio-de-la-poblacion-de-la-uam-es-parte-de-la-comunidad-lgbtttiq\/","url":"https:\/\/www.sonoraenequipo.com.mx\/casi-un-tercio-de-la-poblacion-de-la-uam-es-parte-de-la-comunidad-lgbtttiq\/","name":"Sonora en Equipo. Casi un tercio de la poblaci\u00f3n de la UAM es parte de la comunidad LGBTTTIQ+ Rep\u00fablica","isPartOf":{"@id":"https:\/\/www.sonoraenequipo.com.mx\/#website"},"primaryImageOfPage":{"@id":"https:\/\/www.sonoraenequipo.com.mx\/casi-un-tercio-de-la-poblacion-de-la-uam-es-parte-de-la-comunidad-lgbtttiq\/#primaryimage"},"image":{"@id":"https:\/\/www.sonoraenequipo.com.mx\/casi-un-tercio-de-la-poblacion-de-la-uam-es-parte-de-la-comunidad-lgbtttiq\/#primaryimage"},"thumbnailUrl":"https:\/\/www.sonoraenequipo.com.mx\/storage\/2021\/06\/UAM-comunidad-LGBTTTIQ_opt.jpg","datePublished":"2021-06-28T22:28:01+00:00","dateModified":"2021-06-29T01:35:30+00:00","description":"CIUDAD DE M\u00c9XICO. MX. \u2014 En el marco del D\u00eda Internacional del Orgullo LGBT+ que se celebra este 28 de junio, la Defensor\u00eda de los Derechos Universitarios En Sonora en Equipo publicamos toda la informaci\u00f3n de Sonora, M\u00e9xico y el Mundo de manera oportuna y busca que la libertad de expresi\u00f3n sea real. Visita nuestro medio informativo publicado desde Hermosillo, Sonora. %","breadcrumb":{"@id":"https:\/\/www.sonoraenequipo.com.mx\/casi-un-tercio-de-la-poblacion-de-la-uam-es-parte-de-la-comunidad-lgbtttiq\/#breadcrumb"},"inLanguage":"es","potentialAction":[{"@type":"ReadAction","target":["https:\/\/www.sonoraenequipo.com.mx\/casi-un-tercio-de-la-poblacion-de-la-uam-es-parte-de-la-comunidad-lgbtttiq\/"]}]},{"@type":"ImageObject","inLanguage":"es","@id":"https:\/\/www.sonoraenequipo.com.mx\/casi-un-tercio-de-la-poblacion-de-la-uam-es-parte-de-la-comunidad-lgbtttiq\/#primaryimage","url":"https:\/\/www.sonoraenequipo.com.mx\/storage\/2021\/06\/UAM-comunidad-LGBTTTIQ_opt.jpg","contentUrl":"https:\/\/www.sonoraenequipo.com.mx\/storage\/2021\/06\/UAM-comunidad-LGBTTTIQ_opt.jpg","width":700,"height":400},{"@type":"BreadcrumbList","@id":"https:\/\/www.sonoraenequipo.com.mx\/casi-un-tercio-de-la-poblacion-de-la-uam-es-parte-de-la-comunidad-lgbtttiq\/#breadcrumb","itemListElement":[{"@type":"ListItem","position":1,"name":"Portada","item":"https:\/\/www.sonoraenequipo.com.mx\/"},{"@type":"ListItem","position":2,"name":"Casi un tercio de la poblaci\u00f3n de la UAM es parte de la comunidad LGBTTTIQ+"}]},{"@type":"WebSite","@id":"https:\/\/www.sonoraenequipo.com.mx\/#website","url":"https:\/\/www.sonoraenequipo.com.mx\/","name":"Sonora en Equipo.","description":"Diario en l\u00ednea con Noticias desde Hermosillo, Sonora","publisher":{"@id":"https:\/\/www.sonoraenequipo.com.mx\/#organization"},"potentialAction":[{"@type":"SearchAction","target":{"@type":"EntryPoint","urlTemplate":"https:\/\/www.sonoraenequipo.com.mx\/?s={search_term_string}"},"query-input":{"@type":"PropertyValueSpecification","valueRequired":true,"valueName":"search_term_string"}}],"inLanguage":"es"},{"@type":"Organization","@id":"https:\/\/www.sonoraenequipo.com.mx\/#organization","name":"Sonoraenequipo.com.mx","url":"https:\/\/www.sonoraenequipo.com.mx\/","logo":{"@type":"ImageObject","inLanguage":"es","@id":"https:\/\/www.sonoraenequipo.com.mx\/#\/schema\/logo\/image\/","url":"https:\/\/www.sonoraenequipo.com.mx\/storage\/2019\/01\/sonoraenequipo_opt.png","contentUrl":"https:\/\/www.sonoraenequipo.com.mx\/storage\/2019\/01\/sonoraenequipo_opt.png","width":375,"height":125,"caption":"Sonoraenequipo.com.mx"},"image":{"@id":"https:\/\/www.sonoraenequipo.com.mx\/#\/schema\/logo\/image\/"},"sameAs":["https:\/\/www.facebook.com\/SonoraEE\/","https:\/\/x.com\/sonoraenequipo","https:\/\/www.youtube.com\/channel\/UC338nW-lPEYmJQs4ZABQ1SQ"]},{"@type":"Person","@id":"https:\/\/www.sonoraenequipo.com.mx\/#\/schema\/person\/50102df0fb23a8fa9e8effad8fa81386","name":"enequipo","image":{"@type":"ImageObject","inLanguage":"es","@id":"https:\/\/www.sonoraenequipo.com.mx\/#\/schema\/person\/image\/","url":"https:\/\/secure.gravatar.com\/avatar\/049821681b589dabc0bc20695993ccebb09f5b5d4d790cd9251b97faac7c652b?s=96&d=blank&r=g","contentUrl":"https:\/\/secure.gravatar.com\/avatar\/049821681b589dabc0bc20695993ccebb09f5b5d4d790cd9251b97faac7c652b?s=96&d=blank&r=g","caption":"enequipo"},"sameAs":["https:\/\/www.facebook.com\/SonoraEE"]}]}},"jetpack_featured_media_url":"https:\/\/www.sonoraenequipo.com.mx\/storage\/2021\/06\/UAM-comunidad-LGBTTTIQ_opt.jpg","_links":{"self":[{"href":"https:\/\/www.sonoraenequipo.com.mx\/api\/wp\/v2\/posts\/117365","targetHints":{"allow":["GET"]}}],"collection":[{"href":"https:\/\/www.sonoraenequipo.com.mx\/api\/wp\/v2\/posts"}],"about":[{"href":"https:\/\/www.sonoraenequipo.com.mx\/api\/wp\/v2\/types\/post"}],"author":[{"embeddable":true,"href":"https:\/\/www.sonoraenequipo.com.mx\/api\/wp\/v2\/users\/1"}],"replies":[{"embeddable":true,"href":"https:\/\/www.sonoraenequipo.com.mx\/api\/wp\/v2\/comments?post=117365"}],"version-history":[{"count":1,"href":"https:\/\/www.sonoraenequipo.com.mx\/api\/wp\/v2\/posts\/117365\/revisions"}],"predecessor-version":[{"id":117368,"href":"https:\/\/www.sonoraenequipo.com.mx\/api\/wp\/v2\/posts\/117365\/revisions\/117368"}],"wp:featuredmedia":[{"embeddable":true,"href":"https:\/\/www.sonoraenequipo.com.mx\/api\/wp\/v2\/media\/117366"}],"wp:attachment":[{"href":"https:\/\/www.sonoraenequipo.com.mx\/api\/wp\/v2\/media?parent=117365"}],"wp:term":[{"taxonomy":"category","embeddable":true,"href":"https:\/\/www.sonoraenequipo.com.mx\/api\/wp\/v2\/categories?post=117365"},{"taxonomy":"post_tag","embeddable":true,"href":"https:\/\/www.sonoraenequipo.com.mx\/api\/wp\/v2\/tags?post=117365"}],"curies":[{"name":"wp","href":"https:\/\/api.w.org\/{rel}","templated":true}]}}