{"id":117373,"date":"2021-06-28T21:56:15","date_gmt":"2021-06-29T04:56:15","guid":{"rendered":"https:\/\/www.sonoraenequipo.com.mx\/?p=117373"},"modified":"2021-06-28T22:13:27","modified_gmt":"2021-06-29T05:13:27","slug":"fmi-advierte-que-africa-subsahariana-esta-ante-una-tercera-ola-de-covid-mas-brutal-que-las-anteriores","status":"publish","type":"post","link":"https:\/\/www.sonoraenequipo.com.mx\/fmi-advierte-que-africa-subsahariana-esta-ante-una-tercera-ola-de-covid-mas-brutal-que-las-anteriores\/","title":{"rendered":"FMI advierte que \u00c1frica subsahariana est\u00e1 ante una tercera ola de covid m\u00e1s brutal que las anteriores"},"content":{"rendered":"<p>WASHINGTON,ESTADOS UNIDOS.\u2500El \u00c1frica subsahariana est\u00e1 sumido en una tercera ola de infecciones de COVID-19 que amenaza con ser a\u00fan m\u00e1s brutal que las dos anteriores.<\/p>\n<p>Esta es una prueba m\u00e1s de una peligrosa divergencia en la econom\u00eda mundial. Una v\u00eda para pa\u00edses con buen acceso a las vacunas, donde se est\u00e1n afianzando fuertes recuperaciones. Y otro para aquellos pa\u00edses que todav\u00eda est\u00e1n esperando y corren el riesgo de quedarse m\u00e1s rezagados expuso en un comunicado el Fondo Monestario Internacional (FMI)<\/p>\n<p>El crecimiento de infecciones en \u00c1frica subsahariana es ahora el m\u00e1s r\u00e1pido del mundo, con una trayectoria explosiva que est\u00e1 superando el r\u00e9cord establecido en la segunda ola. A este ritmo, esta nueva ola probablemente superar\u00e1 los picos anteriores en cuesti\u00f3n de d\u00edas, y en algunos pa\u00edses, las infecciones ya son m\u00e1s del doble, o incluso triplican, sus picos de enero. La \u00faltima variante (delta), seg\u00fan se informa, un 60 por ciento m\u00e1s transmisible que las variantes anteriores, se ha detectado en 14 pa\u00edses.<\/p>\n<p>Cuando la pandemia golpe\u00f3 por primera vez, la acci\u00f3n r\u00e1pida de los responsables de la formulaci\u00f3n de pol\u00edticas ayud\u00f3 a prevenir las tasas de infecci\u00f3n observadas en otras partes del mundo. Pero llev\u00f3 a los ya tensos sistemas de salud locales al l\u00edmite. Solo seis meses despu\u00e9s de la crisis inicial, la regi\u00f3n experiment\u00f3 una segunda ola que super\u00f3 r\u00e1pidamente la escala y la velocidad de la primera. Ahora, seis meses despu\u00e9s, el \u00c1frica subsahariana se enfrenta a su tercera ola devastadora.<img loading=\"lazy\" decoding=\"async\" class=\" size-full x-left\" src=\"https:\/\/www.sonoraenequipo.com.mx\/storage\/2021\/06\/africa-del-sur.jpg\" alt=\"\" width=\"600\" height=\"611\" \/><\/p>\n<p>&nbsp;<\/p>\n<p>La \u00fanica forma de que la regi\u00f3n se libere de este c\u00edrculo vicioso pand\u00e9mico es implementar r\u00e1pidamente un programa de vacunaci\u00f3n generalizado.<\/p>\n<p>Una regi\u00f3n a\u00fan vulnerable<\/p>\n<p>&nbsp;<\/p>\n<p>La gran velocidad de esta tercera ola pone de relieve la dificultad que enfrentan los encargados de formular pol\u00edticas en el \u00c1frica subsahariana para hacer frente a una crisis una vez que se pone en marcha. En Namibia, por ejemplo, los casos nuevos alcanzaron el pico anterior de enero en solo dos semanas y se triplicaron otras dos semanas despu\u00e9s. Para muchos pa\u00edses, cuando se identifica un nuevo aumento, puede que ya sea demasiado tarde.<\/p>\n<p>&nbsp;<\/p>\n<p>Y es posible que las opciones empleadas durante oleadas anteriores ya no sean factibles. La reimposici\u00f3n de las medidas de contenci\u00f3n probablemente tendr\u00eda un costo econ\u00f3mico y social demasiado alto, y es simplemente insostenible, e inaplicable, durante un per\u00edodo prolongado.<\/p>\n<p>&nbsp;<\/p>\n<p>Mirando hacia atr\u00e1s, la mayor\u00eda de los pa\u00edses del \u00c1frica subsahariana ingresaron a la segunda ola en una posici\u00f3n econ\u00f3mica m\u00e1s dif\u00edcil que la primera, con recursos fiscales reducidos para proteger a los vulnerables, millones adicionales arrojados a la pobreza y balances de los hogares agotados. Si bien algunos pa\u00edses han tomado medidas para mejorar la preparaci\u00f3n, desafortunadamente, muy pocos han tenido suficientes recursos, o tiempo, para fortalecer los sistemas de salud p\u00fablica.<\/p>\n<p>&nbsp;<\/p>\n<p>Y, ahora, la escala de la ola actual amenaza una vez m\u00e1s con abrumar los sistemas de salud locales. Los informes de noticias en toda la regi\u00f3n apuntan a hospitales abrumados. Los enfermos mueren mientras esperan una cama. Se cancelaron las cirug\u00edas que no eran de emergencia para preservar el espacio para los pacientes con COVID-19. Y se han abierto hospitales militares para uso civil. El ox\u00edgeno se ha convertido en una limitaci\u00f3n clave, y el suministro ya no est\u00e1 a la altura de la demanda de pacientes cr\u00edticamente enfermos. Los escasos trabajadores sanitarios de la regi\u00f3n siguen estando en peligro.<\/p>\n<p>Los riesgos de dejar \u00c1frica atr\u00e1s<\/p>\n<p>&nbsp;<\/p>\n<p>El lanzamiento de la vacuna en el \u00c1frica subsahariana sigue siendo el m\u00e1s lento del mundo. Menos de 1 adulto de cada cien est\u00e1 completamente vacunado, en comparaci\u00f3n con un promedio de m\u00e1s de 30 en las econom\u00edas m\u00e1s avanzadas. Esto significa que incluso los trabajadores de primera l\u00ednea m\u00e1s esenciales contin\u00faan trabajando sin protecci\u00f3n. En este contexto, algunos de los pa\u00edses m\u00e1s afortunados del mundo han acumulado suficientes vacunas para cubrir muchas veces a sus poblaciones.<\/p>\n<p>&nbsp;<\/p>\n<p>Sin una asistencia internacional significativa y por adelantado, y sin un esfuerzo de vacunaci\u00f3n eficaz en toda la regi\u00f3n, el futuro a corto plazo de \u00c1frica subsahariana ser\u00e1 uno de oleadas repetidas de infecci\u00f3n, que cobrar\u00e1n un precio cada vez mayor en las vidas y los medios de subsistencia. de los m\u00e1s vulnerables de la regi\u00f3n, al tiempo que paraliza la inversi\u00f3n, la productividad y el crecimiento. En resumen, sin ayuda, la regi\u00f3n corre el riesgo de quedarse cada vez m\u00e1s rezagada.<\/p>\n<p>&nbsp;<\/p>\n<p>Y cuanto m\u00e1s tiempo se deje que la pandemia asole \u00c1frica, es m\u00e1s probable que surjan variantes cada vez m\u00e1s peligrosas de la enfermedad. La vacunaci\u00f3n no es simplemente una cuesti\u00f3n de la vida y los medios de subsistencia locales. Tambi\u00e9n es un bien p\u00fablico mundial. Para cada pa\u00eds, en todas partes, el esfuerzo de vacunaci\u00f3n m\u00e1s duradero es el que cubre a todos, en todos los pa\u00edses.<\/p>\n<p>Fecha de Publicaci\u00f3n\u00a0 lunes \/ 28\u00a0 \/ junio \/ 2021\/ Texto en ingl\u00e9s Por Kristalina Georgieva y Abebe Aemro Selassie<\/p>\n<p>&nbsp;<\/p>\n<p>&nbsp;<\/p>\n","protected":false},"excerpt":{"rendered":"<p>WASHINGTON,ESTADOS UNIDOS.\u2500El \u00c1frica subsahariana est\u00e1 sumido en una tercera ola de infecciones de COVID-19 que&#8230;<\/p>\n","protected":false},"author":1,"featured_media":117374,"comment_status":"open","ping_status":"open","sticky":false,"template":"","format":"standard","meta":{"_monsterinsights_skip_tracking":false,"_monsterinsights_sitenote_active":false,"_monsterinsights_sitenote_note":"","_monsterinsights_sitenote_category":0,"footnotes":""},"categories":[3],"tags":[4249,154],"class_list":["post"],"yoast_head":" \n<title>Sonora en Equipo. FMI advierte que \u00c1frica subsahariana est\u00e1 ante una tercera ola de covid m\u00e1s brutal que las anteriores MUNDO<\/title>\n<meta name=\"description\" content=\"WASHINGTON,ESTADOS UNIDOS.\u2500El \u00c1frica subsahariana est\u00e1 sumido en una tercera ola de infecciones de COVID-19 que amenaza con ser a\u00fan m\u00e1s brutal que las dos En Sonora en Equipo publicamos toda la informaci\u00f3n de Sonora, M\u00e9xico y el Mundo de manera oportuna y busca que la libertad de expresi\u00f3n sea real. Visita nuestro medio informativo publicado desde Hermosillo, Sonora. %\" \/>\n<meta name=\"robots\" content=\"index, follow, max-snippet:-1, max-image-preview:large, max-video-preview:-1\" \/>\n<link rel=\"canonical\" href=\"https:\/\/www.sonoraenequipo.com.mx\/fmi-advierte-que-africa-subsahariana-esta-ante-una-tercera-ola-de-covid-mas-brutal-que-las-anteriores\/\" \/>\n<meta property=\"og:locale\" content=\"es_ES\" \/>\n<meta property=\"og:type\" content=\"article\" \/>\n<meta property=\"og:title\" content=\"Sonora en Equipo. FMI advierte que \u00c1frica subsahariana est\u00e1 ante una tercera ola de covid m\u00e1s brutal que las anteriores MUNDO\" \/>\n<meta property=\"og:description\" content=\"WASHINGTON,ESTADOS UNIDOS.\u2500El \u00c1frica subsahariana est\u00e1 sumido en una tercera ola de infecciones de COVID-19 que amenaza con ser a\u00fan m\u00e1s brutal que las dos En Sonora en Equipo publicamos toda la informaci\u00f3n de Sonora, M\u00e9xico y el Mundo de manera oportuna y busca que la libertad de expresi\u00f3n sea real. Visita nuestro medio informativo publicado desde Hermosillo, Sonora. %\" \/>\n<meta property=\"og:url\" content=\"https:\/\/www.sonoraenequipo.com.mx\/fmi-advierte-que-africa-subsahariana-esta-ante-una-tercera-ola-de-covid-mas-brutal-que-las-anteriores\/\" \/>\n<meta property=\"og:site_name\" content=\"Sonora en Equipo.\" \/>\n<meta property=\"article:publisher\" content=\"https:\/\/www.facebook.com\/SonoraEE\/\" \/>\n<meta property=\"article:author\" content=\"https:\/\/www.facebook.com\/SonoraEE\" \/>\n<meta property=\"article:published_time\" content=\"2021-06-29T04:56:15+00:00\" \/>\n<meta property=\"article:modified_time\" content=\"2021-06-29T05:13:27+00:00\" \/>\n<meta property=\"og:image\" content=\"https:\/\/www.sonoraenequipo.com.mx\/storage\/2021\/06\/covax.jpg\" \/>\n\t<meta property=\"og:image:width\" content=\"700\" \/>\n\t<meta property=\"og:image:height\" content=\"400\" \/>\n\t<meta property=\"og:image:type\" content=\"image\/jpeg\" \/>\n<meta name=\"author\" content=\"enequipo\" \/>\n<meta name=\"twitter:card\" content=\"summary_large_image\" \/>\n<meta name=\"twitter:creator\" content=\"@sonoraenequipo\" \/>\n<meta name=\"twitter:site\" content=\"@sonoraenequipo\" \/>\n<meta name=\"twitter:label1\" content=\"Escrito por\" \/>\n\t<meta name=\"twitter:data1\" content=\"enequipo\" \/>\n\t<meta name=\"twitter:label2\" content=\"Tiempo de lectura\" \/>\n\t<meta name=\"twitter:data2\" content=\"4 minutos\" \/>\n<script type=\"application\/ld+json\" class=\"yoast-schema-graph\">{\"@context\":\"https:\/\/schema.org\",\"@graph\":[{\"@type\":\"Article\",\"@id\":\"https:\/\/www.sonoraenequipo.com.mx\/fmi-advierte-que-africa-subsahariana-esta-ante-una-tercera-ola-de-covid-mas-brutal-que-las-anteriores\/#article\",\"isPartOf\":{\"@id\":\"https:\/\/www.sonoraenequipo.com.mx\/fmi-advierte-que-africa-subsahariana-esta-ante-una-tercera-ola-de-covid-mas-brutal-que-las-anteriores\/\"},\"author\":{\"name\":\"enequipo\",\"@id\":\"https:\/\/www.sonoraenequipo.com.mx\/#\/schema\/person\/50102df0fb23a8fa9e8effad8fa81386\"},\"headline\":\"FMI advierte que \u00c1frica subsahariana est\u00e1 ante una tercera ola de covid m\u00e1s brutal que las anteriores\",\"datePublished\":\"2021-06-29T04:56:15+00:00\",\"dateModified\":\"2021-06-29T05:13:27+00:00\",\"mainEntityOfPage\":{\"@id\":\"https:\/\/www.sonoraenequipo.com.mx\/fmi-advierte-que-africa-subsahariana-esta-ante-una-tercera-ola-de-covid-mas-brutal-que-las-anteriores\/\"},\"wordCount\":932,\"commentCount\":0,\"publisher\":{\"@id\":\"https:\/\/www.sonoraenequipo.com.mx\/#organization\"},\"image\":{\"@id\":\"https:\/\/www.sonoraenequipo.com.mx\/fmi-advierte-que-africa-subsahariana-esta-ante-una-tercera-ola-de-covid-mas-brutal-que-las-anteriores\/#primaryimage\"},\"thumbnailUrl\":\"https:\/\/www.sonoraenequipo.com.mx\/storage\/2021\/06\/covax.jpg\",\"keywords\":[\"covid\",\"Mundo\"],\"articleSection\":[\"MUNDO\"],\"inLanguage\":\"es\",\"potentialAction\":[{\"@type\":\"CommentAction\",\"name\":\"Comment\",\"target\":[\"https:\/\/www.sonoraenequipo.com.mx\/fmi-advierte-que-africa-subsahariana-esta-ante-una-tercera-ola-de-covid-mas-brutal-que-las-anteriores\/#respond\"]}]},{\"@type\":\"WebPage\",\"@id\":\"https:\/\/www.sonoraenequipo.com.mx\/fmi-advierte-que-africa-subsahariana-esta-ante-una-tercera-ola-de-covid-mas-brutal-que-las-anteriores\/\",\"url\":\"https:\/\/www.sonoraenequipo.com.mx\/fmi-advierte-que-africa-subsahariana-esta-ante-una-tercera-ola-de-covid-mas-brutal-que-las-anteriores\/\",\"name\":\"Sonora en Equipo. FMI advierte que \u00c1frica subsahariana est\u00e1 ante una tercera ola de covid m\u00e1s brutal que las anteriores MUNDO\",\"isPartOf\":{\"@id\":\"https:\/\/www.sonoraenequipo.com.mx\/#website\"},\"primaryImageOfPage\":{\"@id\":\"https:\/\/www.sonoraenequipo.com.mx\/fmi-advierte-que-africa-subsahariana-esta-ante-una-tercera-ola-de-covid-mas-brutal-que-las-anteriores\/#primaryimage\"},\"image\":{\"@id\":\"https:\/\/www.sonoraenequipo.com.mx\/fmi-advierte-que-africa-subsahariana-esta-ante-una-tercera-ola-de-covid-mas-brutal-que-las-anteriores\/#primaryimage\"},\"thumbnailUrl\":\"https:\/\/www.sonoraenequipo.com.mx\/storage\/2021\/06\/covax.jpg\",\"datePublished\":\"2021-06-29T04:56:15+00:00\",\"dateModified\":\"2021-06-29T05:13:27+00:00\",\"description\":\"WASHINGTON,ESTADOS UNIDOS.\u2500El \u00c1frica subsahariana est\u00e1 sumido en una tercera ola de infecciones de COVID-19 que amenaza con ser a\u00fan m\u00e1s brutal que las dos En Sonora en Equipo publicamos toda la informaci\u00f3n de Sonora, M\u00e9xico y el Mundo de manera oportuna y busca que la libertad de expresi\u00f3n sea real. Visita nuestro medio informativo publicado desde Hermosillo, Sonora. %\",\"breadcrumb\":{\"@id\":\"https:\/\/www.sonoraenequipo.com.mx\/fmi-advierte-que-africa-subsahariana-esta-ante-una-tercera-ola-de-covid-mas-brutal-que-las-anteriores\/#breadcrumb\"},\"inLanguage\":\"es\",\"potentialAction\":[{\"@type\":\"ReadAction\",\"target\":[\"https:\/\/www.sonoraenequipo.com.mx\/fmi-advierte-que-africa-subsahariana-esta-ante-una-tercera-ola-de-covid-mas-brutal-que-las-anteriores\/\"]}]},{\"@type\":\"ImageObject\",\"inLanguage\":\"es\",\"@id\":\"https:\/\/www.sonoraenequipo.com.mx\/fmi-advierte-que-africa-subsahariana-esta-ante-una-tercera-ola-de-covid-mas-brutal-que-las-anteriores\/#primaryimage\",\"url\":\"https:\/\/www.sonoraenequipo.com.mx\/storage\/2021\/06\/covax.jpg\",\"contentUrl\":\"https:\/\/www.sonoraenequipo.com.mx\/storage\/2021\/06\/covax.jpg\",\"width\":700,\"height\":400},{\"@type\":\"BreadcrumbList\",\"@id\":\"https:\/\/www.sonoraenequipo.com.mx\/fmi-advierte-que-africa-subsahariana-esta-ante-una-tercera-ola-de-covid-mas-brutal-que-las-anteriores\/#breadcrumb\",\"itemListElement\":[{\"@type\":\"ListItem\",\"position\":1,\"name\":\"Portada\",\"item\":\"https:\/\/www.sonoraenequipo.com.mx\/\"},{\"@type\":\"ListItem\",\"position\":2,\"name\":\"FMI advierte que \u00c1frica subsahariana est\u00e1 ante una tercera ola de covid m\u00e1s brutal que las anteriores\"}]},{\"@type\":\"WebSite\",\"@id\":\"https:\/\/www.sonoraenequipo.com.mx\/#website\",\"url\":\"https:\/\/www.sonoraenequipo.com.mx\/\",\"name\":\"Sonora en Equipo.\",\"description\":\"Diario en l\u00ednea con Noticias desde Hermosillo, Sonora\",\"publisher\":{\"@id\":\"https:\/\/www.sonoraenequipo.com.mx\/#organization\"},\"potentialAction\":[{\"@type\":\"SearchAction\",\"target\":{\"@type\":\"EntryPoint\",\"urlTemplate\":\"https:\/\/www.sonoraenequipo.com.mx\/?s={search_term_string}\"},\"query-input\":{\"@type\":\"PropertyValueSpecification\",\"valueRequired\":true,\"valueName\":\"search_term_string\"}}],\"inLanguage\":\"es\"},{\"@type\":\"Organization\",\"@id\":\"https:\/\/www.sonoraenequipo.com.mx\/#organization\",\"name\":\"Sonoraenequipo.com.mx\",\"url\":\"https:\/\/www.sonoraenequipo.com.mx\/\",\"logo\":{\"@type\":\"ImageObject\",\"inLanguage\":\"es\",\"@id\":\"https:\/\/www.sonoraenequipo.com.mx\/#\/schema\/logo\/image\/\",\"url\":\"https:\/\/www.sonoraenequipo.com.mx\/storage\/2019\/01\/sonoraenequipo_opt.png\",\"contentUrl\":\"https:\/\/www.sonoraenequipo.com.mx\/storage\/2019\/01\/sonoraenequipo_opt.png\",\"width\":375,\"height\":125,\"caption\":\"Sonoraenequipo.com.mx\"},\"image\":{\"@id\":\"https:\/\/www.sonoraenequipo.com.mx\/#\/schema\/logo\/image\/\"},\"sameAs\":[\"https:\/\/www.facebook.com\/SonoraEE\/\",\"https:\/\/x.com\/sonoraenequipo\",\"https:\/\/www.youtube.com\/channel\/UC338nW-lPEYmJQs4ZABQ1SQ\"]},{\"@type\":\"Person\",\"@id\":\"https:\/\/www.sonoraenequipo.com.mx\/#\/schema\/person\/50102df0fb23a8fa9e8effad8fa81386\",\"name\":\"enequipo\",\"image\":{\"@type\":\"ImageObject\",\"inLanguage\":\"es\",\"@id\":\"https:\/\/www.sonoraenequipo.com.mx\/#\/schema\/person\/image\/\",\"url\":\"https:\/\/secure.gravatar.com\/avatar\/049821681b589dabc0bc20695993ccebb09f5b5d4d790cd9251b97faac7c652b?s=96&d=blank&r=g\",\"contentUrl\":\"https:\/\/secure.gravatar.com\/avatar\/049821681b589dabc0bc20695993ccebb09f5b5d4d790cd9251b97faac7c652b?s=96&d=blank&r=g\",\"caption\":\"enequipo\"},\"sameAs\":[\"https:\/\/www.facebook.com\/SonoraEE\"]}]}<\/script>\n ","yoast_head_json":{"title":"Sonora en Equipo. FMI advierte que \u00c1frica subsahariana est\u00e1 ante una tercera ola de covid m\u00e1s brutal que las anteriores MUNDO","description":"WASHINGTON,ESTADOS UNIDOS.\u2500El \u00c1frica subsahariana est\u00e1 sumido en una tercera ola de infecciones de COVID-19 que amenaza con ser a\u00fan m\u00e1s brutal que las dos En Sonora en Equipo publicamos toda la informaci\u00f3n de Sonora, M\u00e9xico y el Mundo de manera oportuna y busca que la libertad de expresi\u00f3n sea real. Visita nuestro medio informativo publicado desde Hermosillo, Sonora. %","robots":{"index":"index","follow":"follow","max-snippet":"max-snippet:-1","max-image-preview":"max-image-preview:large","max-video-preview":"max-video-preview:-1"},"canonical":"https:\/\/www.sonoraenequipo.com.mx\/fmi-advierte-que-africa-subsahariana-esta-ante-una-tercera-ola-de-covid-mas-brutal-que-las-anteriores\/","og_locale":"es_ES","og_type":"article","og_title":"Sonora en Equipo. FMI advierte que \u00c1frica subsahariana est\u00e1 ante una tercera ola de covid m\u00e1s brutal que las anteriores MUNDO","og_description":"WASHINGTON,ESTADOS UNIDOS.\u2500El \u00c1frica subsahariana est\u00e1 sumido en una tercera ola de infecciones de COVID-19 que amenaza con ser a\u00fan m\u00e1s brutal que las dos En Sonora en Equipo publicamos toda la informaci\u00f3n de Sonora, M\u00e9xico y el Mundo de manera oportuna y busca que la libertad de expresi\u00f3n sea real. Visita nuestro medio informativo publicado desde Hermosillo, Sonora. %","og_url":"https:\/\/www.sonoraenequipo.com.mx\/fmi-advierte-que-africa-subsahariana-esta-ante-una-tercera-ola-de-covid-mas-brutal-que-las-anteriores\/","og_site_name":"Sonora en Equipo.","article_publisher":"https:\/\/www.facebook.com\/SonoraEE\/","article_author":"https:\/\/www.facebook.com\/SonoraEE","article_published_time":"2021-06-29T04:56:15+00:00","article_modified_time":"2021-06-29T05:13:27+00:00","og_image":[{"width":700,"height":400,"url":"https:\/\/www.sonoraenequipo.com.mx\/storage\/2021\/06\/covax.jpg","type":"image\/jpeg"}],"author":"enequipo","twitter_card":"summary_large_image","twitter_creator":"@sonoraenequipo","twitter_site":"@sonoraenequipo","twitter_misc":{"Escrito por":"enequipo","Tiempo de lectura":"4 minutos"},"schema":{"@context":"https:\/\/schema.org","@graph":[{"@type":"Article","@id":"https:\/\/www.sonoraenequipo.com.mx\/fmi-advierte-que-africa-subsahariana-esta-ante-una-tercera-ola-de-covid-mas-brutal-que-las-anteriores\/#article","isPartOf":{"@id":"https:\/\/www.sonoraenequipo.com.mx\/fmi-advierte-que-africa-subsahariana-esta-ante-una-tercera-ola-de-covid-mas-brutal-que-las-anteriores\/"},"author":{"name":"enequipo","@id":"https:\/\/www.sonoraenequipo.com.mx\/#\/schema\/person\/50102df0fb23a8fa9e8effad8fa81386"},"headline":"FMI advierte que \u00c1frica subsahariana est\u00e1 ante una tercera ola de covid m\u00e1s brutal que las anteriores","datePublished":"2021-06-29T04:56:15+00:00","dateModified":"2021-06-29T05:13:27+00:00","mainEntityOfPage":{"@id":"https:\/\/www.sonoraenequipo.com.mx\/fmi-advierte-que-africa-subsahariana-esta-ante-una-tercera-ola-de-covid-mas-brutal-que-las-anteriores\/"},"wordCount":932,"commentCount":0,"publisher":{"@id":"https:\/\/www.sonoraenequipo.com.mx\/#organization"},"image":{"@id":"https:\/\/www.sonoraenequipo.com.mx\/fmi-advierte-que-africa-subsahariana-esta-ante-una-tercera-ola-de-covid-mas-brutal-que-las-anteriores\/#primaryimage"},"thumbnailUrl":"https:\/\/www.sonoraenequipo.com.mx\/storage\/2021\/06\/covax.jpg","keywords":["covid","Mundo"],"articleSection":["MUNDO"],"inLanguage":"es","potentialAction":[{"@type":"CommentAction","name":"Comment","target":["https:\/\/www.sonoraenequipo.com.mx\/fmi-advierte-que-africa-subsahariana-esta-ante-una-tercera-ola-de-covid-mas-brutal-que-las-anteriores\/#respond"]}]},{"@type":"WebPage","@id":"https:\/\/www.sonoraenequipo.com.mx\/fmi-advierte-que-africa-subsahariana-esta-ante-una-tercera-ola-de-covid-mas-brutal-que-las-anteriores\/","url":"https:\/\/www.sonoraenequipo.com.mx\/fmi-advierte-que-africa-subsahariana-esta-ante-una-tercera-ola-de-covid-mas-brutal-que-las-anteriores\/","name":"Sonora en Equipo. FMI advierte que \u00c1frica subsahariana est\u00e1 ante una tercera ola de covid m\u00e1s brutal que las anteriores MUNDO","isPartOf":{"@id":"https:\/\/www.sonoraenequipo.com.mx\/#website"},"primaryImageOfPage":{"@id":"https:\/\/www.sonoraenequipo.com.mx\/fmi-advierte-que-africa-subsahariana-esta-ante-una-tercera-ola-de-covid-mas-brutal-que-las-anteriores\/#primaryimage"},"image":{"@id":"https:\/\/www.sonoraenequipo.com.mx\/fmi-advierte-que-africa-subsahariana-esta-ante-una-tercera-ola-de-covid-mas-brutal-que-las-anteriores\/#primaryimage"},"thumbnailUrl":"https:\/\/www.sonoraenequipo.com.mx\/storage\/2021\/06\/covax.jpg","datePublished":"2021-06-29T04:56:15+00:00","dateModified":"2021-06-29T05:13:27+00:00","description":"WASHINGTON,ESTADOS UNIDOS.\u2500El \u00c1frica subsahariana est\u00e1 sumido en una tercera ola de infecciones de COVID-19 que amenaza con ser a\u00fan m\u00e1s brutal que las dos En Sonora en Equipo publicamos toda la informaci\u00f3n de Sonora, M\u00e9xico y el Mundo de manera oportuna y busca que la libertad de expresi\u00f3n sea real. Visita nuestro medio informativo publicado desde Hermosillo, Sonora. %","breadcrumb":{"@id":"https:\/\/www.sonoraenequipo.com.mx\/fmi-advierte-que-africa-subsahariana-esta-ante-una-tercera-ola-de-covid-mas-brutal-que-las-anteriores\/#breadcrumb"},"inLanguage":"es","potentialAction":[{"@type":"ReadAction","target":["https:\/\/www.sonoraenequipo.com.mx\/fmi-advierte-que-africa-subsahariana-esta-ante-una-tercera-ola-de-covid-mas-brutal-que-las-anteriores\/"]}]},{"@type":"ImageObject","inLanguage":"es","@id":"https:\/\/www.sonoraenequipo.com.mx\/fmi-advierte-que-africa-subsahariana-esta-ante-una-tercera-ola-de-covid-mas-brutal-que-las-anteriores\/#primaryimage","url":"https:\/\/www.sonoraenequipo.com.mx\/storage\/2021\/06\/covax.jpg","contentUrl":"https:\/\/www.sonoraenequipo.com.mx\/storage\/2021\/06\/covax.jpg","width":700,"height":400},{"@type":"BreadcrumbList","@id":"https:\/\/www.sonoraenequipo.com.mx\/fmi-advierte-que-africa-subsahariana-esta-ante-una-tercera-ola-de-covid-mas-brutal-que-las-anteriores\/#breadcrumb","itemListElement":[{"@type":"ListItem","position":1,"name":"Portada","item":"https:\/\/www.sonoraenequipo.com.mx\/"},{"@type":"ListItem","position":2,"name":"FMI advierte que \u00c1frica subsahariana est\u00e1 ante una tercera ola de covid m\u00e1s brutal que las anteriores"}]},{"@type":"WebSite","@id":"https:\/\/www.sonoraenequipo.com.mx\/#website","url":"https:\/\/www.sonoraenequipo.com.mx\/","name":"Sonora en Equipo.","description":"Diario en l\u00ednea con Noticias desde Hermosillo, Sonora","publisher":{"@id":"https:\/\/www.sonoraenequipo.com.mx\/#organization"},"potentialAction":[{"@type":"SearchAction","target":{"@type":"EntryPoint","urlTemplate":"https:\/\/www.sonoraenequipo.com.mx\/?s={search_term_string}"},"query-input":{"@type":"PropertyValueSpecification","valueRequired":true,"valueName":"search_term_string"}}],"inLanguage":"es"},{"@type":"Organization","@id":"https:\/\/www.sonoraenequipo.com.mx\/#organization","name":"Sonoraenequipo.com.mx","url":"https:\/\/www.sonoraenequipo.com.mx\/","logo":{"@type":"ImageObject","inLanguage":"es","@id":"https:\/\/www.sonoraenequipo.com.mx\/#\/schema\/logo\/image\/","url":"https:\/\/www.sonoraenequipo.com.mx\/storage\/2019\/01\/sonoraenequipo_opt.png","contentUrl":"https:\/\/www.sonoraenequipo.com.mx\/storage\/2019\/01\/sonoraenequipo_opt.png","width":375,"height":125,"caption":"Sonoraenequipo.com.mx"},"image":{"@id":"https:\/\/www.sonoraenequipo.com.mx\/#\/schema\/logo\/image\/"},"sameAs":["https:\/\/www.facebook.com\/SonoraEE\/","https:\/\/x.com\/sonoraenequipo","https:\/\/www.youtube.com\/channel\/UC338nW-lPEYmJQs4ZABQ1SQ"]},{"@type":"Person","@id":"https:\/\/www.sonoraenequipo.com.mx\/#\/schema\/person\/50102df0fb23a8fa9e8effad8fa81386","name":"enequipo","image":{"@type":"ImageObject","inLanguage":"es","@id":"https:\/\/www.sonoraenequipo.com.mx\/#\/schema\/person\/image\/","url":"https:\/\/secure.gravatar.com\/avatar\/049821681b589dabc0bc20695993ccebb09f5b5d4d790cd9251b97faac7c652b?s=96&d=blank&r=g","contentUrl":"https:\/\/secure.gravatar.com\/avatar\/049821681b589dabc0bc20695993ccebb09f5b5d4d790cd9251b97faac7c652b?s=96&d=blank&r=g","caption":"enequipo"},"sameAs":["https:\/\/www.facebook.com\/SonoraEE"]}]}},"jetpack_featured_media_url":"https:\/\/www.sonoraenequipo.com.mx\/storage\/2021\/06\/covax.jpg","_links":{"self":[{"href":"https:\/\/www.sonoraenequipo.com.mx\/api\/wp\/v2\/posts\/117373","targetHints":{"allow":["GET"]}}],"collection":[{"href":"https:\/\/www.sonoraenequipo.com.mx\/api\/wp\/v2\/posts"}],"about":[{"href":"https:\/\/www.sonoraenequipo.com.mx\/api\/wp\/v2\/types\/post"}],"author":[{"embeddable":true,"href":"https:\/\/www.sonoraenequipo.com.mx\/api\/wp\/v2\/users\/1"}],"replies":[{"embeddable":true,"href":"https:\/\/www.sonoraenequipo.com.mx\/api\/wp\/v2\/comments?post=117373"}],"version-history":[{"count":4,"href":"https:\/\/www.sonoraenequipo.com.mx\/api\/wp\/v2\/posts\/117373\/revisions"}],"predecessor-version":[{"id":117380,"href":"https:\/\/www.sonoraenequipo.com.mx\/api\/wp\/v2\/posts\/117373\/revisions\/117380"}],"wp:featuredmedia":[{"embeddable":true,"href":"https:\/\/www.sonoraenequipo.com.mx\/api\/wp\/v2\/media\/117374"}],"wp:attachment":[{"href":"https:\/\/www.sonoraenequipo.com.mx\/api\/wp\/v2\/media?parent=117373"}],"wp:term":[{"taxonomy":"category","embeddable":true,"href":"https:\/\/www.sonoraenequipo.com.mx\/api\/wp\/v2\/categories?post=117373"},{"taxonomy":"post_tag","embeddable":true,"href":"https:\/\/www.sonoraenequipo.com.mx\/api\/wp\/v2\/tags?post=117373"}],"curies":[{"name":"wp","href":"https:\/\/api.w.org\/{rel}","templated":true}]}}