{"id":117416,"date":"2021-06-29T06:30:31","date_gmt":"2021-06-29T13:30:31","guid":{"rendered":"https:\/\/www.sonoraenequipo.com.mx\/?p=117416"},"modified":"2021-06-29T13:15:48","modified_gmt":"2021-06-29T20:15:48","slug":"persecucion-desata-balacera-en-reynosa","status":"publish","type":"post","link":"https:\/\/www.sonoraenequipo.com.mx\/persecucion-desata-balacera-en-reynosa\/","title":{"rendered":"Persecuci\u00f3n desata balacera en Reynosa"},"content":{"rendered":"<p>REYNOSA, TAMAULIPAS. MX. \u2014 Una nueva persecuci\u00f3n y balacera entre fuerzas de seguridad y presuntos delincuentes prendi\u00f3 este lunes las alarmas en la ciudad mexicana de Reynosa, en el estado de Tamaulipas, en la que hace nueve d\u00edas 15 civiles fueron asesinados, inform\u00f3 la Secretar\u00eda de Seguridad P\u00fablica (SSP) de la entidad.<\/p>\n<p>&nbsp;<\/p>\n<p> <\/p>\n<p>&nbsp;<\/p>\n<p>&nbsp;<\/p>\n<p>El enfrentamiento ocurri\u00f3 la tarde de este lunes entre presuntos pistoleros y agentes del Grupo de Operaciones Especiales de la SSP.<\/p>\n<p>&nbsp;<\/p>\n<p>La persecuci\u00f3n inici\u00f3 en la zona de Jarachina Sur y contin\u00fao por la carretera Matamoros-Monterrey, cuando hombres armados a bordo de un veh\u00edculo intentaban escapar abriendo fuego contra las autoridades.<\/p>\n<p>&nbsp;<\/p>\n<p>&nbsp;<\/p>\n<p>Pero la persecuci\u00f3n finaliz\u00f3 unas calles m\u00e1s adelante cuando los presuntos delincuentes perdieron el control de la unidad y se impactaron contra un poste del alumbrado p\u00fablico.<\/p>\n<p>&nbsp;<\/p>\n<p>&nbsp;<\/p>\n<p>Tras obligarlos a rendirse, los agentes detuvieron a cuatro personas, que debido al impacto recibieron los primeros auxilios por parte de los param\u00e9dicos y bajo vigilancia fueron llevados a un hospital de la localidad.<\/p>\n<p>&nbsp;<\/p>\n<p>&nbsp;<\/p>\n<p>Posteriormente, los agentes estatales acordonaron el \u00e1rea ya que fue necesaria la intervenci\u00f3n de personal de bombero, protecci\u00f3n civil y de una ambulancia debido a un conato de incendio en el veh\u00edculo afectado por el fuerte choque.<\/p>\n<p>&nbsp;<\/p>\n<p>&nbsp;<\/p>\n<p>Las autoridades no dieron a conocer si en el veh\u00edculo hallaron armamento.<\/p>\n<p>&nbsp;<\/p>\n<p>&nbsp;<\/p>\n<p>Por la ma\u00f1ana de este lunes tambi\u00e9n en Reynosa un agente de la Guardia Nacional result\u00f3 herido al perder el equilibrio y caer de un veh\u00edculo cuando persegu\u00edan a delincuentes armados cerca del puente internacional Reynosa-Pharr, en la frontera M\u00e9xico-Estados Unidos.<\/p>\n<p>&nbsp;<\/p>\n<p>&nbsp;<\/p>\n<p>Este domingo, el Gobierno de Tamaulipas inform\u00f3 de la detenci\u00f3n de ocho presuntos implicados en la masacre del 19 de junio y con ellos suman, hasta ahora, 13 los detenidos con relaci\u00f3n a los homicidios registrados hace una semana.<\/p>\n<p>&nbsp;<\/p>\n<p>&nbsp;<\/p>\n<p>Entre los detenidos est\u00e1n Iv\u00e1n Alejandro \u00abN\u00bb y\/o Jorge Iv\u00e1n \u00abN\u00bb alias \u00abLa Vaca\u00bb, a quien se le identifica como el \u00abjefe de plaza\u00bb de la organizaci\u00f3n criminal denominada Cartel del Golfo en la ciudad de R\u00edo Bravo, y presunto l\u00edder de la matanza.<\/p>\n<p>&nbsp;<\/p>\n<p>&nbsp;<\/p>\n<p>El 19 de junio se registraron ataques en diversos barrios de la ciudad de Reynosa, entre grupos pertenecientes al C\u00e1rtel del Golfo, que dejaron 19 personas muertas, 15 civiles y cuatro eran presuntos delincuentes.<\/p>\n<p>&nbsp;<\/p>\n<p>&nbsp;<\/p>\n<p>(Publicada el 29\/06\/2021)<\/p>\n","protected":false},"excerpt":{"rendered":"<p>REYNOSA, TAMAULIPAS. MX. \u2014 Una nueva persecuci\u00f3n y balacera entre fuerzas de seguridad y presuntos&#8230;<\/p>\n","protected":false},"author":1,"featured_media":117392,"comment_status":"open","ping_status":"open","sticky":false,"template":"","format":"standard","meta":{"_monsterinsights_skip_tracking":false,"_monsterinsights_sitenote_active":false,"_monsterinsights_sitenote_note":"","_monsterinsights_sitenote_category":0,"footnotes":""},"categories":[5],"tags":[],"class_list":["post"],"yoast_head":" \n<title>Sonora en Equipo. Persecuci\u00f3n desata balacera en Reynosa Rep\u00fablica<\/title>\n<meta name=\"description\" content=\"REYNOSA, TAMAULIPAS. MX. \u2014 Una nueva persecuci\u00f3n y balacera entre fuerzas de seguridad y presuntos delincuentes prendi\u00f3 este lunes las alarmas en la En Sonora en Equipo publicamos toda la informaci\u00f3n de Sonora, M\u00e9xico y el Mundo de manera oportuna y busca que la libertad de expresi\u00f3n sea real. Visita nuestro medio informativo publicado desde Hermosillo, Sonora. %\" \/>\n<meta name=\"robots\" content=\"index, follow, max-snippet:-1, max-image-preview:large, max-video-preview:-1\" \/>\n<link rel=\"canonical\" href=\"https:\/\/www.sonoraenequipo.com.mx\/persecucion-desata-balacera-en-reynosa\/\" \/>\n<meta property=\"og:locale\" content=\"es_ES\" \/>\n<meta property=\"og:type\" content=\"article\" \/>\n<meta property=\"og:title\" content=\"Sonora en Equipo. Persecuci\u00f3n desata balacera en Reynosa Rep\u00fablica\" \/>\n<meta property=\"og:description\" content=\"REYNOSA, TAMAULIPAS. MX. \u2014 Una nueva persecuci\u00f3n y balacera entre fuerzas de seguridad y presuntos delincuentes prendi\u00f3 este lunes las alarmas en la En Sonora en Equipo publicamos toda la informaci\u00f3n de Sonora, M\u00e9xico y el Mundo de manera oportuna y busca que la libertad de expresi\u00f3n sea real. Visita nuestro medio informativo publicado desde Hermosillo, Sonora. %\" \/>\n<meta property=\"og:url\" content=\"https:\/\/www.sonoraenequipo.com.mx\/persecucion-desata-balacera-en-reynosa\/\" \/>\n<meta property=\"og:site_name\" content=\"Sonora en Equipo.\" \/>\n<meta property=\"article:publisher\" content=\"https:\/\/www.facebook.com\/SonoraEE\/\" \/>\n<meta property=\"article:author\" content=\"https:\/\/www.facebook.com\/SonoraEE\" \/>\n<meta property=\"article:published_time\" content=\"2021-06-29T13:30:31+00:00\" \/>\n<meta property=\"article:modified_time\" content=\"2021-06-29T20:15:48+00:00\" \/>\n<meta property=\"og:image\" content=\"https:\/\/www.sonoraenequipo.com.mx\/storage\/2021\/06\/reynosa-tamaulipas-persecucion_opt.jpg\" \/>\n\t<meta property=\"og:image:width\" content=\"700\" \/>\n\t<meta property=\"og:image:height\" content=\"400\" \/>\n\t<meta property=\"og:image:type\" content=\"image\/jpeg\" \/>\n<meta name=\"author\" content=\"enequipo\" \/>\n<meta name=\"twitter:card\" content=\"summary_large_image\" \/>\n<meta name=\"twitter:creator\" content=\"@sonoraenequipo\" \/>\n<meta name=\"twitter:site\" content=\"@sonoraenequipo\" \/>\n<meta name=\"twitter:label1\" content=\"Escrito por\" \/>\n\t<meta name=\"twitter:data1\" content=\"enequipo\" \/>\n\t<meta name=\"twitter:label2\" content=\"Tiempo de lectura\" \/>\n\t<meta name=\"twitter:data2\" content=\"2 minutos\" \/>\n<script type=\"application\/ld+json\" class=\"yoast-schema-graph\">{\"@context\":\"https:\/\/schema.org\",\"@graph\":[{\"@type\":\"Article\",\"@id\":\"https:\/\/www.sonoraenequipo.com.mx\/persecucion-desata-balacera-en-reynosa\/#article\",\"isPartOf\":{\"@id\":\"https:\/\/www.sonoraenequipo.com.mx\/persecucion-desata-balacera-en-reynosa\/\"},\"author\":{\"name\":\"enequipo\",\"@id\":\"https:\/\/www.sonoraenequipo.com.mx\/#\/schema\/person\/50102df0fb23a8fa9e8effad8fa81386\"},\"headline\":\"Persecuci\u00f3n desata balacera en Reynosa\",\"datePublished\":\"2021-06-29T13:30:31+00:00\",\"dateModified\":\"2021-06-29T20:15:48+00:00\",\"mainEntityOfPage\":{\"@id\":\"https:\/\/www.sonoraenequipo.com.mx\/persecucion-desata-balacera-en-reynosa\/\"},\"wordCount\":424,\"commentCount\":0,\"publisher\":{\"@id\":\"https:\/\/www.sonoraenequipo.com.mx\/#organization\"},\"image\":{\"@id\":\"https:\/\/www.sonoraenequipo.com.mx\/persecucion-desata-balacera-en-reynosa\/#primaryimage\"},\"thumbnailUrl\":\"https:\/\/www.sonoraenequipo.com.mx\/storage\/2021\/06\/reynosa-tamaulipas-persecucion_opt.jpg\",\"articleSection\":[\"Rep\u00fablica\"],\"inLanguage\":\"es\",\"potentialAction\":[{\"@type\":\"CommentAction\",\"name\":\"Comment\",\"target\":[\"https:\/\/www.sonoraenequipo.com.mx\/persecucion-desata-balacera-en-reynosa\/#respond\"]}]},{\"@type\":\"WebPage\",\"@id\":\"https:\/\/www.sonoraenequipo.com.mx\/persecucion-desata-balacera-en-reynosa\/\",\"url\":\"https:\/\/www.sonoraenequipo.com.mx\/persecucion-desata-balacera-en-reynosa\/\",\"name\":\"Sonora en Equipo. Persecuci\u00f3n desata balacera en Reynosa Rep\u00fablica\",\"isPartOf\":{\"@id\":\"https:\/\/www.sonoraenequipo.com.mx\/#website\"},\"primaryImageOfPage\":{\"@id\":\"https:\/\/www.sonoraenequipo.com.mx\/persecucion-desata-balacera-en-reynosa\/#primaryimage\"},\"image\":{\"@id\":\"https:\/\/www.sonoraenequipo.com.mx\/persecucion-desata-balacera-en-reynosa\/#primaryimage\"},\"thumbnailUrl\":\"https:\/\/www.sonoraenequipo.com.mx\/storage\/2021\/06\/reynosa-tamaulipas-persecucion_opt.jpg\",\"datePublished\":\"2021-06-29T13:30:31+00:00\",\"dateModified\":\"2021-06-29T20:15:48+00:00\",\"description\":\"REYNOSA, TAMAULIPAS. MX. \u2014 Una nueva persecuci\u00f3n y balacera entre fuerzas de seguridad y presuntos delincuentes prendi\u00f3 este lunes las alarmas en la En Sonora en Equipo publicamos toda la informaci\u00f3n de Sonora, M\u00e9xico y el Mundo de manera oportuna y busca que la libertad de expresi\u00f3n sea real. Visita nuestro medio informativo publicado desde Hermosillo, Sonora. %\",\"breadcrumb\":{\"@id\":\"https:\/\/www.sonoraenequipo.com.mx\/persecucion-desata-balacera-en-reynosa\/#breadcrumb\"},\"inLanguage\":\"es\",\"potentialAction\":[{\"@type\":\"ReadAction\",\"target\":[\"https:\/\/www.sonoraenequipo.com.mx\/persecucion-desata-balacera-en-reynosa\/\"]}]},{\"@type\":\"ImageObject\",\"inLanguage\":\"es\",\"@id\":\"https:\/\/www.sonoraenequipo.com.mx\/persecucion-desata-balacera-en-reynosa\/#primaryimage\",\"url\":\"https:\/\/www.sonoraenequipo.com.mx\/storage\/2021\/06\/reynosa-tamaulipas-persecucion_opt.jpg\",\"contentUrl\":\"https:\/\/www.sonoraenequipo.com.mx\/storage\/2021\/06\/reynosa-tamaulipas-persecucion_opt.jpg\",\"width\":700,\"height\":400},{\"@type\":\"BreadcrumbList\",\"@id\":\"https:\/\/www.sonoraenequipo.com.mx\/persecucion-desata-balacera-en-reynosa\/#breadcrumb\",\"itemListElement\":[{\"@type\":\"ListItem\",\"position\":1,\"name\":\"Portada\",\"item\":\"https:\/\/www.sonoraenequipo.com.mx\/\"},{\"@type\":\"ListItem\",\"position\":2,\"name\":\"Persecuci\u00f3n desata balacera en Reynosa\"}]},{\"@type\":\"WebSite\",\"@id\":\"https:\/\/www.sonoraenequipo.com.mx\/#website\",\"url\":\"https:\/\/www.sonoraenequipo.com.mx\/\",\"name\":\"Sonora en Equipo.\",\"description\":\"Diario en l\u00ednea con Noticias desde Hermosillo, Sonora\",\"publisher\":{\"@id\":\"https:\/\/www.sonoraenequipo.com.mx\/#organization\"},\"potentialAction\":[{\"@type\":\"SearchAction\",\"target\":{\"@type\":\"EntryPoint\",\"urlTemplate\":\"https:\/\/www.sonoraenequipo.com.mx\/?s={search_term_string}\"},\"query-input\":{\"@type\":\"PropertyValueSpecification\",\"valueRequired\":true,\"valueName\":\"search_term_string\"}}],\"inLanguage\":\"es\"},{\"@type\":\"Organization\",\"@id\":\"https:\/\/www.sonoraenequipo.com.mx\/#organization\",\"name\":\"Sonoraenequipo.com.mx\",\"url\":\"https:\/\/www.sonoraenequipo.com.mx\/\",\"logo\":{\"@type\":\"ImageObject\",\"inLanguage\":\"es\",\"@id\":\"https:\/\/www.sonoraenequipo.com.mx\/#\/schema\/logo\/image\/\",\"url\":\"https:\/\/www.sonoraenequipo.com.mx\/storage\/2019\/01\/sonoraenequipo_opt.png\",\"contentUrl\":\"https:\/\/www.sonoraenequipo.com.mx\/storage\/2019\/01\/sonoraenequipo_opt.png\",\"width\":375,\"height\":125,\"caption\":\"Sonoraenequipo.com.mx\"},\"image\":{\"@id\":\"https:\/\/www.sonoraenequipo.com.mx\/#\/schema\/logo\/image\/\"},\"sameAs\":[\"https:\/\/www.facebook.com\/SonoraEE\/\",\"https:\/\/x.com\/sonoraenequipo\",\"https:\/\/www.youtube.com\/channel\/UC338nW-lPEYmJQs4ZABQ1SQ\"]},{\"@type\":\"Person\",\"@id\":\"https:\/\/www.sonoraenequipo.com.mx\/#\/schema\/person\/50102df0fb23a8fa9e8effad8fa81386\",\"name\":\"enequipo\",\"image\":{\"@type\":\"ImageObject\",\"inLanguage\":\"es\",\"@id\":\"https:\/\/www.sonoraenequipo.com.mx\/#\/schema\/person\/image\/\",\"url\":\"https:\/\/secure.gravatar.com\/avatar\/049821681b589dabc0bc20695993ccebb09f5b5d4d790cd9251b97faac7c652b?s=96&d=blank&r=g\",\"contentUrl\":\"https:\/\/secure.gravatar.com\/avatar\/049821681b589dabc0bc20695993ccebb09f5b5d4d790cd9251b97faac7c652b?s=96&d=blank&r=g\",\"caption\":\"enequipo\"},\"sameAs\":[\"https:\/\/www.facebook.com\/SonoraEE\"]}]}<\/script>\n ","yoast_head_json":{"title":"Sonora en Equipo. Persecuci\u00f3n desata balacera en Reynosa Rep\u00fablica","description":"REYNOSA, TAMAULIPAS. MX. \u2014 Una nueva persecuci\u00f3n y balacera entre fuerzas de seguridad y presuntos delincuentes prendi\u00f3 este lunes las alarmas en la En Sonora en Equipo publicamos toda la informaci\u00f3n de Sonora, M\u00e9xico y el Mundo de manera oportuna y busca que la libertad de expresi\u00f3n sea real. Visita nuestro medio informativo publicado desde Hermosillo, Sonora. %","robots":{"index":"index","follow":"follow","max-snippet":"max-snippet:-1","max-image-preview":"max-image-preview:large","max-video-preview":"max-video-preview:-1"},"canonical":"https:\/\/www.sonoraenequipo.com.mx\/persecucion-desata-balacera-en-reynosa\/","og_locale":"es_ES","og_type":"article","og_title":"Sonora en Equipo. Persecuci\u00f3n desata balacera en Reynosa Rep\u00fablica","og_description":"REYNOSA, TAMAULIPAS. MX. \u2014 Una nueva persecuci\u00f3n y balacera entre fuerzas de seguridad y presuntos delincuentes prendi\u00f3 este lunes las alarmas en la En Sonora en Equipo publicamos toda la informaci\u00f3n de Sonora, M\u00e9xico y el Mundo de manera oportuna y busca que la libertad de expresi\u00f3n sea real. Visita nuestro medio informativo publicado desde Hermosillo, Sonora. %","og_url":"https:\/\/www.sonoraenequipo.com.mx\/persecucion-desata-balacera-en-reynosa\/","og_site_name":"Sonora en Equipo.","article_publisher":"https:\/\/www.facebook.com\/SonoraEE\/","article_author":"https:\/\/www.facebook.com\/SonoraEE","article_published_time":"2021-06-29T13:30:31+00:00","article_modified_time":"2021-06-29T20:15:48+00:00","og_image":[{"width":700,"height":400,"url":"https:\/\/www.sonoraenequipo.com.mx\/storage\/2021\/06\/reynosa-tamaulipas-persecucion_opt.jpg","type":"image\/jpeg"}],"author":"enequipo","twitter_card":"summary_large_image","twitter_creator":"@sonoraenequipo","twitter_site":"@sonoraenequipo","twitter_misc":{"Escrito por":"enequipo","Tiempo de lectura":"2 minutos"},"schema":{"@context":"https:\/\/schema.org","@graph":[{"@type":"Article","@id":"https:\/\/www.sonoraenequipo.com.mx\/persecucion-desata-balacera-en-reynosa\/#article","isPartOf":{"@id":"https:\/\/www.sonoraenequipo.com.mx\/persecucion-desata-balacera-en-reynosa\/"},"author":{"name":"enequipo","@id":"https:\/\/www.sonoraenequipo.com.mx\/#\/schema\/person\/50102df0fb23a8fa9e8effad8fa81386"},"headline":"Persecuci\u00f3n desata balacera en Reynosa","datePublished":"2021-06-29T13:30:31+00:00","dateModified":"2021-06-29T20:15:48+00:00","mainEntityOfPage":{"@id":"https:\/\/www.sonoraenequipo.com.mx\/persecucion-desata-balacera-en-reynosa\/"},"wordCount":424,"commentCount":0,"publisher":{"@id":"https:\/\/www.sonoraenequipo.com.mx\/#organization"},"image":{"@id":"https:\/\/www.sonoraenequipo.com.mx\/persecucion-desata-balacera-en-reynosa\/#primaryimage"},"thumbnailUrl":"https:\/\/www.sonoraenequipo.com.mx\/storage\/2021\/06\/reynosa-tamaulipas-persecucion_opt.jpg","articleSection":["Rep\u00fablica"],"inLanguage":"es","potentialAction":[{"@type":"CommentAction","name":"Comment","target":["https:\/\/www.sonoraenequipo.com.mx\/persecucion-desata-balacera-en-reynosa\/#respond"]}]},{"@type":"WebPage","@id":"https:\/\/www.sonoraenequipo.com.mx\/persecucion-desata-balacera-en-reynosa\/","url":"https:\/\/www.sonoraenequipo.com.mx\/persecucion-desata-balacera-en-reynosa\/","name":"Sonora en Equipo. Persecuci\u00f3n desata balacera en Reynosa Rep\u00fablica","isPartOf":{"@id":"https:\/\/www.sonoraenequipo.com.mx\/#website"},"primaryImageOfPage":{"@id":"https:\/\/www.sonoraenequipo.com.mx\/persecucion-desata-balacera-en-reynosa\/#primaryimage"},"image":{"@id":"https:\/\/www.sonoraenequipo.com.mx\/persecucion-desata-balacera-en-reynosa\/#primaryimage"},"thumbnailUrl":"https:\/\/www.sonoraenequipo.com.mx\/storage\/2021\/06\/reynosa-tamaulipas-persecucion_opt.jpg","datePublished":"2021-06-29T13:30:31+00:00","dateModified":"2021-06-29T20:15:48+00:00","description":"REYNOSA, TAMAULIPAS. MX. \u2014 Una nueva persecuci\u00f3n y balacera entre fuerzas de seguridad y presuntos delincuentes prendi\u00f3 este lunes las alarmas en la En Sonora en Equipo publicamos toda la informaci\u00f3n de Sonora, M\u00e9xico y el Mundo de manera oportuna y busca que la libertad de expresi\u00f3n sea real. Visita nuestro medio informativo publicado desde Hermosillo, Sonora. %","breadcrumb":{"@id":"https:\/\/www.sonoraenequipo.com.mx\/persecucion-desata-balacera-en-reynosa\/#breadcrumb"},"inLanguage":"es","potentialAction":[{"@type":"ReadAction","target":["https:\/\/www.sonoraenequipo.com.mx\/persecucion-desata-balacera-en-reynosa\/"]}]},{"@type":"ImageObject","inLanguage":"es","@id":"https:\/\/www.sonoraenequipo.com.mx\/persecucion-desata-balacera-en-reynosa\/#primaryimage","url":"https:\/\/www.sonoraenequipo.com.mx\/storage\/2021\/06\/reynosa-tamaulipas-persecucion_opt.jpg","contentUrl":"https:\/\/www.sonoraenequipo.com.mx\/storage\/2021\/06\/reynosa-tamaulipas-persecucion_opt.jpg","width":700,"height":400},{"@type":"BreadcrumbList","@id":"https:\/\/www.sonoraenequipo.com.mx\/persecucion-desata-balacera-en-reynosa\/#breadcrumb","itemListElement":[{"@type":"ListItem","position":1,"name":"Portada","item":"https:\/\/www.sonoraenequipo.com.mx\/"},{"@type":"ListItem","position":2,"name":"Persecuci\u00f3n desata balacera en Reynosa"}]},{"@type":"WebSite","@id":"https:\/\/www.sonoraenequipo.com.mx\/#website","url":"https:\/\/www.sonoraenequipo.com.mx\/","name":"Sonora en Equipo.","description":"Diario en l\u00ednea con Noticias desde Hermosillo, Sonora","publisher":{"@id":"https:\/\/www.sonoraenequipo.com.mx\/#organization"},"potentialAction":[{"@type":"SearchAction","target":{"@type":"EntryPoint","urlTemplate":"https:\/\/www.sonoraenequipo.com.mx\/?s={search_term_string}"},"query-input":{"@type":"PropertyValueSpecification","valueRequired":true,"valueName":"search_term_string"}}],"inLanguage":"es"},{"@type":"Organization","@id":"https:\/\/www.sonoraenequipo.com.mx\/#organization","name":"Sonoraenequipo.com.mx","url":"https:\/\/www.sonoraenequipo.com.mx\/","logo":{"@type":"ImageObject","inLanguage":"es","@id":"https:\/\/www.sonoraenequipo.com.mx\/#\/schema\/logo\/image\/","url":"https:\/\/www.sonoraenequipo.com.mx\/storage\/2019\/01\/sonoraenequipo_opt.png","contentUrl":"https:\/\/www.sonoraenequipo.com.mx\/storage\/2019\/01\/sonoraenequipo_opt.png","width":375,"height":125,"caption":"Sonoraenequipo.com.mx"},"image":{"@id":"https:\/\/www.sonoraenequipo.com.mx\/#\/schema\/logo\/image\/"},"sameAs":["https:\/\/www.facebook.com\/SonoraEE\/","https:\/\/x.com\/sonoraenequipo","https:\/\/www.youtube.com\/channel\/UC338nW-lPEYmJQs4ZABQ1SQ"]},{"@type":"Person","@id":"https:\/\/www.sonoraenequipo.com.mx\/#\/schema\/person\/50102df0fb23a8fa9e8effad8fa81386","name":"enequipo","image":{"@type":"ImageObject","inLanguage":"es","@id":"https:\/\/www.sonoraenequipo.com.mx\/#\/schema\/person\/image\/","url":"https:\/\/secure.gravatar.com\/avatar\/049821681b589dabc0bc20695993ccebb09f5b5d4d790cd9251b97faac7c652b?s=96&d=blank&r=g","contentUrl":"https:\/\/secure.gravatar.com\/avatar\/049821681b589dabc0bc20695993ccebb09f5b5d4d790cd9251b97faac7c652b?s=96&d=blank&r=g","caption":"enequipo"},"sameAs":["https:\/\/www.facebook.com\/SonoraEE"]}]}},"jetpack_featured_media_url":"https:\/\/www.sonoraenequipo.com.mx\/storage\/2021\/06\/reynosa-tamaulipas-persecucion_opt.jpg","_links":{"self":[{"href":"https:\/\/www.sonoraenequipo.com.mx\/api\/wp\/v2\/posts\/117416","targetHints":{"allow":["GET"]}}],"collection":[{"href":"https:\/\/www.sonoraenequipo.com.mx\/api\/wp\/v2\/posts"}],"about":[{"href":"https:\/\/www.sonoraenequipo.com.mx\/api\/wp\/v2\/types\/post"}],"author":[{"embeddable":true,"href":"https:\/\/www.sonoraenequipo.com.mx\/api\/wp\/v2\/users\/1"}],"replies":[{"embeddable":true,"href":"https:\/\/www.sonoraenequipo.com.mx\/api\/wp\/v2\/comments?post=117416"}],"version-history":[{"count":1,"href":"https:\/\/www.sonoraenequipo.com.mx\/api\/wp\/v2\/posts\/117416\/revisions"}],"predecessor-version":[{"id":117417,"href":"https:\/\/www.sonoraenequipo.com.mx\/api\/wp\/v2\/posts\/117416\/revisions\/117417"}],"wp:featuredmedia":[{"embeddable":true,"href":"https:\/\/www.sonoraenequipo.com.mx\/api\/wp\/v2\/media\/117392"}],"wp:attachment":[{"href":"https:\/\/www.sonoraenequipo.com.mx\/api\/wp\/v2\/media?parent=117416"}],"wp:term":[{"taxonomy":"category","embeddable":true,"href":"https:\/\/www.sonoraenequipo.com.mx\/api\/wp\/v2\/categories?post=117416"},{"taxonomy":"post_tag","embeddable":true,"href":"https:\/\/www.sonoraenequipo.com.mx\/api\/wp\/v2\/tags?post=117416"}],"curies":[{"name":"wp","href":"https:\/\/api.w.org\/{rel}","templated":true}]}}